{"id":84483,"date":"2025-07-07T11:09:56","date_gmt":"2025-07-07T09:09:56","guid":{"rendered":"https:\/\/mont-roig.cat\/actualitat\/noticies\/el-mestre-que-va-prometre-el-mar-inaugura-el-festival-de-cinema-a-la-platja-dels-penyals-de-miami-platja\/"},"modified":"2025-07-07T11:31:54","modified_gmt":"2025-07-07T09:31:54","slug":"el-maestro-que-prometio-el-mar-inaugura-el-festival-de-cine-en-la-playa-dels-penyals-de-miami-platja","status":"publish","type":"post","link":"https:\/\/mont-roig.cat\/es\/actualitat\/noticies\/el-maestro-que-prometio-el-mar-inaugura-el-festival-de-cine-en-la-playa-dels-penyals-de-miami-platja\/","title":{"rendered":"El maestro que prometi\u00f3 el mar inaugura el Festival de Cine en la Playa dels Penyals de Miami Platja"},"content":{"rendered":"<ul>\n<li><strong><a href=\"https:\/\/mont-roig.cat\/wp-content\/uploads\/Cinema0-scaled.jpg\" target=\"_blank\" rel=\"noopener\"><img loading=\"lazy\" decoding=\"async\" class=\"alignright wp-image-84471\" src=\"https:\/\/mont-roig.cat\/wp-content\/uploads\/Cinema0-500x375.jpg\" alt=\"\" width=\"303\" height=\"227\" srcset=\"https:\/\/mont-roig.cat\/wp-content\/uploads\/Cinema0-500x375.jpg 500w, https:\/\/mont-roig.cat\/wp-content\/uploads\/Cinema0-1024x768.jpg 1024w, https:\/\/mont-roig.cat\/wp-content\/uploads\/Cinema0-768x576.jpg 768w, https:\/\/mont-roig.cat\/wp-content\/uploads\/Cinema0-1536x1152.jpg 1536w, https:\/\/mont-roig.cat\/wp-content\/uploads\/Cinema0-scaled.jpg 2048w, https:\/\/mont-roig.cat\/wp-content\/uploads\/Cinema0-463x348.jpg 463w\" sizes=\"auto, (max-width: 303px) 100vw, 303px\" \/><\/a>Unas 400 personas asisten al estreno de un ciclo actual que combina cine, conciencia medioambiental y convivencia al aire libre<\/strong><\/li>\n<\/ul>\n<p data-start=\"393\" data-end=\"930\">El Festival de Cine en la Playa dels Penyals de Miami Platja, organizado por el Ayuntamiento de Mont-roig del Camp a trav\u00e9s de Mont-roig Miami Turismo, dio el pistoletazo de salida este viernes con la proyecci\u00f3n de <em data-start=\"608\" data-end=\"640\">El maestro que prometi\u00f3 el mar<\/em>, una emotiva pel\u00edcula que congreg\u00f3 a cerca de 400 personas frente al mar. Entre el p\u00fablico, se encontraban muchos de los participantes de la segunda Misi\u00f3n Benaiges, que estos d\u00edas se alojan en el Camping Miramar y que quisieron sumarse a esta experiencia cultural en plena naturaleza.<\/p>\n<p data-start=\"932\" data-end=\"1324\">Como ya es tradici\u00f3n, antes del inicio del filme se realiz\u00f3 una breve introducci\u00f3n para dar la bienvenida a los asistentes y recordar la importancia de mantener la playa limpia y libre de residuos. En este mismo contexto, tambi\u00e9n se agradeci\u00f3 a los espectadores su compromiso con las playas sin humo, una iniciativa que vela por preservar la salud y el entorno natural de nuestro litoral.<\/p>\n<p data-start=\"1326\" data-end=\"1528\">El festival continuar\u00e1 este viernes con la proyecci\u00f3n de <em data-start=\"1383\" data-end=\"1406\">Guardiana de Dragones<\/em>, una nueva propuesta familiar para disfrutar del cine bajo las estrellas, en el coraz\u00f3n del litoral de Mont-roig y Miami.<\/p>\n<p data-start=\"1530\" data-end=\"1620\">Consulta toda la programaci\u00f3n del festival aqu\u00ed: <a href=\"https:\/\/www.mont-roigmiami.cat\/wp-content\/uploads\/2025\/06\/MMT_cinema_25_web.pdf\" target=\"_blank\" rel=\"noopener\">Calendario completo del festival<\/a><\/p>\n\n\t\t<!-- MasterSlider -->\n\t\t<div id=\"P_MS69f42be884b28\" class=\"master-slider-parent master-slider-gallery   ms-parent-id-0\"  >\n\n\t\t\t\n\t\t\t<!-- MasterSlider Main -->\n\t\t\t<div id=\"MS69f42be884b28\" class=\"master-slider ms-skin-default\" >\n\t\t\t\t \t\t\t\t \n\t\t\t<div  class=\"ms-slide\" data-delay=\"3\"    >\n\t\t\t\t\t<img decoding=\"async\" src=\"https:\/\/mont-roig.cat\/wp-content\/plugins\/masterslider\/public\/assets\/css\/blank.gif\" alt=\"Cinema 2\" title=\"Cinema 2\" data-src=\"https:\/\/mont-roig.cat\/wp-content\/uploadsArray\" \/>\n\t<a href=\"https:\/\/mont-roig.cat\/es\/actualitat\/noticies\/el-maestro-que-prometio-el-mar-inaugura-el-festival-de-cine-en-la-playa-dels-penyals-de-miami-platja\/cinema-2-2\/\" target=\"_self\"    >Cinema 2<\/a>\n\n\t\t\t\t\t<div class=\"ms-info\">Cinema 2<\/div>\n\n\n\t<img decoding=\"async\" class=\"ms-thumb\" src=\"https:\/\/mont-roig.cat\/wp-content\/uploadsArray\" alt=\"Cinema 2\" \/>\n\t\t\t\t<\/div>\n\t\t\t<div  class=\"ms-slide\" data-delay=\"3\"    >\n\t\t\t\t\t<img decoding=\"async\" src=\"https:\/\/mont-roig.cat\/wp-content\/plugins\/masterslider\/public\/assets\/css\/blank.gif\" alt=\"IMG_7472\" title=\"IMG_7472\" data-src=\"https:\/\/mont-roig.cat\/wp-content\/uploadsArray\" \/>\n\t<a href=\"https:\/\/mont-roig.cat\/es\/actualitat\/noticies\/el-maestro-que-prometio-el-mar-inaugura-el-festival-de-cine-en-la-playa-dels-penyals-de-miami-platja\/img_7472-2\/\" target=\"_self\"    >IMG_7472<\/a>\n\n\t\t\t\t\t<div class=\"ms-info\">IMG_7472<\/div>\n\n\n\t<img decoding=\"async\" class=\"ms-thumb\" src=\"https:\/\/mont-roig.cat\/wp-content\/uploadsArray\" alt=\"IMG_7472\" \/>\n\t\t\t\t<\/div>\n\t\t\t<div  class=\"ms-slide\" data-delay=\"3\"    >\n\t\t\t\t\t<img decoding=\"async\" src=\"https:\/\/mont-roig.cat\/wp-content\/plugins\/masterslider\/public\/assets\/css\/blank.gif\" alt=\"IMG_7470\" title=\"IMG_7470\" data-src=\"https:\/\/mont-roig.cat\/wp-content\/uploadsArray\" \/>\n\t<a href=\"https:\/\/mont-roig.cat\/es\/actualitat\/noticies\/el-maestro-que-prometio-el-mar-inaugura-el-festival-de-cine-en-la-playa-dels-penyals-de-miami-platja\/img_7470-2\/\" target=\"_self\"    >IMG_7470<\/a>\n\n\t\t\t\t\t<div class=\"ms-info\">IMG_7470<\/div>\n\n\n\t<img decoding=\"async\" class=\"ms-thumb\" src=\"https:\/\/mont-roig.cat\/wp-content\/uploadsArray\" alt=\"IMG_7470\" \/>\n\t\t\t\t<\/div>\n\t\t\t<div  class=\"ms-slide\" data-delay=\"3\"    >\n\t\t\t\t\t<img decoding=\"async\" src=\"https:\/\/mont-roig.cat\/wp-content\/plugins\/masterslider\/public\/assets\/css\/blank.gif\" alt=\"Cinema 1\" title=\"Cinema 1\" data-src=\"https:\/\/mont-roig.cat\/wp-content\/uploadsArray\" \/>\n\t<a href=\"https:\/\/mont-roig.cat\/es\/actualitat\/noticies\/el-maestro-que-prometio-el-mar-inaugura-el-festival-de-cine-en-la-playa-dels-penyals-de-miami-platja\/cinema-1-2\/\" target=\"_self\"    >Cinema 1<\/a>\n\n\t\t\t\t\t<div class=\"ms-info\">Cinema 1<\/div>\n\n\n\t<img decoding=\"async\" class=\"ms-thumb\" src=\"https:\/\/mont-roig.cat\/wp-content\/uploadsArray\" alt=\"Cinema 1\" \/>\n\t\t\t\t<\/div>\n\n\t\t\t<\/div>\n\t\t\t<!-- END MasterSlider Main -->\n\n\t\t\t \n\t\t<\/div>\n\t\t<!-- END MasterSlider -->\n\n\t\t<script>\n\t\t( window.MSReady = window.MSReady || [] ).push( function( $ ) {\n\n\t\t\t\"use strict\";\n\t\t\tvar masterslider_4b28 = new MasterSlider();\n\n\t\t\t\/\/ slider controls\n\t\t\tmasterslider_4b28.control('arrows'     ,{ autohide:true, overVideo:true  });\n\t\t\tmasterslider_4b28.control('thumblist'  ,{ autohide:false, overVideo:true, dir:'h', speed:17, inset:false, arrows:false, hover:false, customClass:'', align:'bottom',type:'thumbs', margin:2, width:140, height:80, space:2, fillMode:'fill'  });\n\t\t\tmasterslider_4b28.control('slideinfo'  ,{ autohide:true, overVideo:true, dir:'h', align:'bottom',inset:true , margin:80  , size:30 });\n\t\t\t\/\/ slider setup\n\t\t\tmasterslider_4b28.setup(\"MS69f42be884b28\", {\n\t\t\t\twidth           : 960,\n\t\t\t\theight          : 540,\n\t\t\t\tminHeight       : 0,\n\t\t\t\tspace           : 0,\n\t\t\t\tstart           : 1,\n\t\t\t\tgrabCursor      : true,\n\t\t\t\tswipe           : true,\n\t\t\t\tmouse           : true,\n\t\t\t\tkeyboard        : false,\n\t\t\t\tlayout          : \"fillwidth\",\n\t\t\t\twheel           : false,\n\t\t\t\tautoplay        : false,\n                instantStartLayers:false,\n\t\t\t\tmobileBGVideo:false,\n\t\t\t\tloop            : false,\n\t\t\t\tshuffle         : false,\n\t\t\t\tpreload         : 3,\n\t\t\t\theightLimit     : false,\n\t\t\t\tautoHeight      : false,\n\t\t\t\tsmoothHeight    : true,\n\t\t\t\tendPause        : false,\n\t\t\t\toverPause       : false,\n\t\t\t\tfillMode        : \"fill\",\n\t\t\t\tcenterControls  : true,\n\t\t\t\tstartOnAppear   : false,\n\t\t\t\tlayersMode      : \"center\",\n\t\t\t\tautofillTarget  : \"\",\n\t\t\t\thideLayers      : false,\n\t\t\t\tfullscreenMargin: 0,\n\t\t\t\tspeed           : 17,\n\t\t\t\tdir             : \"h\",\n\t\t\t\tparallaxMode    : 'swipe',\n\t\t\t\tview            : \"basic\"\n\t\t\t});\n\n\t\t\t\n\t\t\twindow.masterslider_instances = window.masterslider_instances || [];\n\t\t\twindow.masterslider_instances.push( masterslider_4b28 );\n\t\t});\n\t\t<\/script>\n\n\n<p>&nbsp;<\/p>\n","protected":false},"excerpt":{"rendered":"<p>Unas 400 personas asisten al estreno de un ciclo actual que combina cine, conciencia medioambiental y convivencia al aire libre El Festival de Cine en la Playa dels Penyals de Miami Platja, organizado por el Ayuntamiento de Mont-roig del Camp a trav\u00e9s de Mont-roig Miami Turismo, dio el pistoletazo de salida este viernes con la [&hellip;]<\/p>\n","protected":false},"author":13,"featured_media":84472,"comment_status":"closed","ping_status":"closed","sticky":false,"template":"","format":"standard","meta":{"inline_featured_image":false,"_monsterinsights_skip_tracking":false,"_monsterinsights_sitenote_active":false,"_monsterinsights_sitenote_note":"","_monsterinsights_sitenote_category":0,"footnotes":""},"categories":[98,115],"tags":[],"class_list":["post-84483","post","type-post","status-publish","format-standard","has-post-thumbnail","hentry","category-ayuntamiento","category-turismo"],"yoast_head":"<!-- This site is optimized with the Yoast SEO plugin v27.4 - https:\/\/yoast.com\/product\/yoast-seo-wordpress\/ -->\n<title>El maestro que prometi\u00f3 el mar inaugura el Festival de Cine en la Playa dels Penyals de Miami Platja - Ajuntament de Mont-roig del Camp<\/title>\n<meta name=\"robots\" content=\"index, follow, max-snippet:-1, max-image-preview:large, max-video-preview:-1\" \/>\n<link rel=\"canonical\" href=\"https:\/\/mont-roig.cat\/es\/actualitat\/noticies\/el-maestro-que-prometio-el-mar-inaugura-el-festival-de-cine-en-la-playa-dels-penyals-de-miami-platja\/\" \/>\n<meta property=\"og:locale\" content=\"es_ES\" \/>\n<meta property=\"og:type\" content=\"article\" \/>\n<meta property=\"og:title\" content=\"El maestro que prometi\u00f3 el mar inaugura el Festival de Cine en la Playa dels Penyals de Miami Platja - Ajuntament de Mont-roig del Camp\" \/>\n<meta property=\"og:description\" content=\"Unas 400 personas asisten al estreno de un ciclo actual que combina cine, conciencia medioambiental y convivencia al aire libre El Festival de Cine en la Playa dels Penyals de Miami Platja, organizado por el Ayuntamiento de Mont-roig del Camp a trav\u00e9s de Mont-roig Miami Turismo, dio el pistoletazo de salida este viernes con la [&hellip;]\" \/>\n<meta property=\"og:url\" content=\"https:\/\/mont-roig.cat\/es\/actualitat\/noticies\/el-maestro-que-prometio-el-mar-inaugura-el-festival-de-cine-en-la-playa-dels-penyals-de-miami-platja\/\" \/>\n<meta property=\"og:site_name\" content=\"Ajuntament de Mont-roig del Camp\" \/>\n<meta property=\"article:published_time\" content=\"2025-07-07T09:09:56+00:00\" \/>\n<meta property=\"article:modified_time\" content=\"2025-07-07T09:31:54+00:00\" \/>\n<meta property=\"og:image\" content=\"https:\/\/mont-roig.cat\/wp-content\/uploads\/Cinema0-scaled.jpg\" \/>\n\t<meta property=\"og:image:width\" content=\"2048\" \/>\n\t<meta property=\"og:image:height\" content=\"1536\" \/>\n\t<meta property=\"og:image:type\" content=\"image\/jpeg\" \/>\n<meta name=\"author\" content=\"comunicacio\" \/>\n<meta name=\"twitter:card\" content=\"summary_large_image\" \/>\n<meta name=\"twitter:label1\" content=\"Escrito por\" \/>\n\t<meta name=\"twitter:data1\" content=\"comunicacio\" \/>\n\t<meta name=\"twitter:label2\" content=\"Tiempo de lectura\" \/>\n\t<meta name=\"twitter:data2\" content=\"2 minutos\" \/>\n<script type=\"application\/ld+json\" class=\"yoast-schema-graph\">{\"@context\":\"https:\\\/\\\/schema.org\",\"@graph\":[{\"@type\":\"Article\",\"@id\":\"https:\\\/\\\/mont-roig.cat\\\/es\\\/actualitat\\\/noticies\\\/el-maestro-que-prometio-el-mar-inaugura-el-festival-de-cine-en-la-playa-dels-penyals-de-miami-platja\\\/#article\",\"isPartOf\":{\"@id\":\"https:\\\/\\\/mont-roig.cat\\\/es\\\/actualitat\\\/noticies\\\/el-maestro-que-prometio-el-mar-inaugura-el-festival-de-cine-en-la-playa-dels-penyals-de-miami-platja\\\/\"},\"author\":{\"name\":\"comunicacio\",\"@id\":\"https:\\\/\\\/mont-roig.cat\\\/es\\\/#\\\/schema\\\/person\\\/1f73e7b5e6f9dd122e8a6f14f310ac5e\"},\"headline\":\"El maestro que prometi\u00f3 el mar inaugura el Festival de Cine en la Playa dels Penyals de Miami Platja\",\"datePublished\":\"2025-07-07T09:09:56+00:00\",\"dateModified\":\"2025-07-07T09:31:54+00:00\",\"mainEntityOfPage\":{\"@id\":\"https:\\\/\\\/mont-roig.cat\\\/es\\\/actualitat\\\/noticies\\\/el-maestro-que-prometio-el-mar-inaugura-el-festival-de-cine-en-la-playa-dels-penyals-de-miami-platja\\\/\"},\"wordCount\":258,\"image\":{\"@id\":\"https:\\\/\\\/mont-roig.cat\\\/es\\\/actualitat\\\/noticies\\\/el-maestro-que-prometio-el-mar-inaugura-el-festival-de-cine-en-la-playa-dels-penyals-de-miami-platja\\\/#primaryimage\"},\"thumbnailUrl\":\"https:\\\/\\\/mont-roig.cat\\\/wp-content\\\/uploads\\\/Cinema0-scaled.jpg\",\"articleSection\":[\"Ayuntamiento\",\"Turismo\"],\"inLanguage\":\"es\"},{\"@type\":\"WebPage\",\"@id\":\"https:\\\/\\\/mont-roig.cat\\\/es\\\/actualitat\\\/noticies\\\/el-maestro-que-prometio-el-mar-inaugura-el-festival-de-cine-en-la-playa-dels-penyals-de-miami-platja\\\/\",\"url\":\"https:\\\/\\\/mont-roig.cat\\\/es\\\/actualitat\\\/noticies\\\/el-maestro-que-prometio-el-mar-inaugura-el-festival-de-cine-en-la-playa-dels-penyals-de-miami-platja\\\/\",\"name\":\"El maestro que prometi\u00f3 el mar inaugura el Festival de Cine en la Playa dels Penyals de Miami Platja - Ajuntament de Mont-roig del Camp\",\"isPartOf\":{\"@id\":\"https:\\\/\\\/mont-roig.cat\\\/es\\\/#website\"},\"primaryImageOfPage\":{\"@id\":\"https:\\\/\\\/mont-roig.cat\\\/es\\\/actualitat\\\/noticies\\\/el-maestro-que-prometio-el-mar-inaugura-el-festival-de-cine-en-la-playa-dels-penyals-de-miami-platja\\\/#primaryimage\"},\"image\":{\"@id\":\"https:\\\/\\\/mont-roig.cat\\\/es\\\/actualitat\\\/noticies\\\/el-maestro-que-prometio-el-mar-inaugura-el-festival-de-cine-en-la-playa-dels-penyals-de-miami-platja\\\/#primaryimage\"},\"thumbnailUrl\":\"https:\\\/\\\/mont-roig.cat\\\/wp-content\\\/uploads\\\/Cinema0-scaled.jpg\",\"datePublished\":\"2025-07-07T09:09:56+00:00\",\"dateModified\":\"2025-07-07T09:31:54+00:00\",\"author\":{\"@id\":\"https:\\\/\\\/mont-roig.cat\\\/es\\\/#\\\/schema\\\/person\\\/1f73e7b5e6f9dd122e8a6f14f310ac5e\"},\"breadcrumb\":{\"@id\":\"https:\\\/\\\/mont-roig.cat\\\/es\\\/actualitat\\\/noticies\\\/el-maestro-que-prometio-el-mar-inaugura-el-festival-de-cine-en-la-playa-dels-penyals-de-miami-platja\\\/#breadcrumb\"},\"inLanguage\":\"es\",\"potentialAction\":[{\"@type\":\"ReadAction\",\"target\":[\"https:\\\/\\\/mont-roig.cat\\\/es\\\/actualitat\\\/noticies\\\/el-maestro-que-prometio-el-mar-inaugura-el-festival-de-cine-en-la-playa-dels-penyals-de-miami-platja\\\/\"]}]},{\"@type\":\"ImageObject\",\"inLanguage\":\"es\",\"@id\":\"https:\\\/\\\/mont-roig.cat\\\/es\\\/actualitat\\\/noticies\\\/el-maestro-que-prometio-el-mar-inaugura-el-festival-de-cine-en-la-playa-dels-penyals-de-miami-platja\\\/#primaryimage\",\"url\":\"https:\\\/\\\/mont-roig.cat\\\/wp-content\\\/uploads\\\/Cinema0-scaled.jpg\",\"contentUrl\":\"https:\\\/\\\/mont-roig.cat\\\/wp-content\\\/uploads\\\/Cinema0-scaled.jpg\",\"width\":2048,\"height\":1536},{\"@type\":\"BreadcrumbList\",\"@id\":\"https:\\\/\\\/mont-roig.cat\\\/es\\\/actualitat\\\/noticies\\\/el-maestro-que-prometio-el-mar-inaugura-el-festival-de-cine-en-la-playa-dels-penyals-de-miami-platja\\\/#breadcrumb\",\"itemListElement\":[{\"@type\":\"ListItem\",\"position\":1,\"name\":\"Inici\",\"item\":\"https:\\\/\\\/mont-roig.cat\\\/es\\\/pagina-de-inicio\\\/\"},{\"@type\":\"ListItem\",\"position\":2,\"name\":\"El maestro que prometi\u00f3 el mar inaugura el Festival de Cine en la Playa dels Penyals de Miami Platja\"}]},{\"@type\":\"WebSite\",\"@id\":\"https:\\\/\\\/mont-roig.cat\\\/es\\\/#website\",\"url\":\"https:\\\/\\\/mont-roig.cat\\\/es\\\/\",\"name\":\"Ajuntament de Mont-roig del Camp\",\"description\":\"Tota la informaci\u00f3 sobre la instituci\u00f3, els seus \u00f2rgans de govern, actualitat, serveis i molt m\u00e9s.\",\"potentialAction\":[{\"@type\":\"SearchAction\",\"target\":{\"@type\":\"EntryPoint\",\"urlTemplate\":\"https:\\\/\\\/mont-roig.cat\\\/es\\\/?s={search_term_string}\"},\"query-input\":{\"@type\":\"PropertyValueSpecification\",\"valueRequired\":true,\"valueName\":\"search_term_string\"}}],\"inLanguage\":\"es\"},{\"@type\":\"Person\",\"@id\":\"https:\\\/\\\/mont-roig.cat\\\/es\\\/#\\\/schema\\\/person\\\/1f73e7b5e6f9dd122e8a6f14f310ac5e\",\"name\":\"comunicacio\",\"image\":{\"@type\":\"ImageObject\",\"inLanguage\":\"es\",\"@id\":\"https:\\\/\\\/secure.gravatar.com\\\/avatar\\\/98944333e7a877670a64f8d10f0cb680ab2c9ebc4efc43945ef004b52b5ad28c?s=96&d=mm&r=g\",\"url\":\"https:\\\/\\\/secure.gravatar.com\\\/avatar\\\/98944333e7a877670a64f8d10f0cb680ab2c9ebc4efc43945ef004b52b5ad28c?s=96&d=mm&r=g\",\"contentUrl\":\"https:\\\/\\\/secure.gravatar.com\\\/avatar\\\/98944333e7a877670a64f8d10f0cb680ab2c9ebc4efc43945ef004b52b5ad28c?s=96&d=mm&r=g\",\"caption\":\"comunicacio\"},\"url\":\"https:\\\/\\\/mont-roig.cat\\\/es\\\/actualitat\\\/noticies\\\/author\\\/comunicacio\\\/\"}]}<\/script>\n<!-- \/ Yoast SEO plugin. -->","yoast_head_json":{"title":"El maestro que prometi\u00f3 el mar inaugura el Festival de Cine en la Playa dels Penyals de Miami Platja - Ajuntament de Mont-roig del Camp","robots":{"index":"index","follow":"follow","max-snippet":"max-snippet:-1","max-image-preview":"max-image-preview:large","max-video-preview":"max-video-preview:-1"},"canonical":"https:\/\/mont-roig.cat\/es\/actualitat\/noticies\/el-maestro-que-prometio-el-mar-inaugura-el-festival-de-cine-en-la-playa-dels-penyals-de-miami-platja\/","og_locale":"es_ES","og_type":"article","og_title":"El maestro que prometi\u00f3 el mar inaugura el Festival de Cine en la Playa dels Penyals de Miami Platja - Ajuntament de Mont-roig del Camp","og_description":"Unas 400 personas asisten al estreno de un ciclo actual que combina cine, conciencia medioambiental y convivencia al aire libre El Festival de Cine en la Playa dels Penyals de Miami Platja, organizado por el Ayuntamiento de Mont-roig del Camp a trav\u00e9s de Mont-roig Miami Turismo, dio el pistoletazo de salida este viernes con la [&hellip;]","og_url":"https:\/\/mont-roig.cat\/es\/actualitat\/noticies\/el-maestro-que-prometio-el-mar-inaugura-el-festival-de-cine-en-la-playa-dels-penyals-de-miami-platja\/","og_site_name":"Ajuntament de Mont-roig del Camp","article_published_time":"2025-07-07T09:09:56+00:00","article_modified_time":"2025-07-07T09:31:54+00:00","og_image":[{"width":2048,"height":1536,"url":"https:\/\/mont-roig.cat\/wp-content\/uploads\/Cinema0-scaled.jpg","type":"image\/jpeg"}],"author":"comunicacio","twitter_card":"summary_large_image","twitter_misc":{"Escrito por":"comunicacio","Tiempo de lectura":"2 minutos"},"schema":{"@context":"https:\/\/schema.org","@graph":[{"@type":"Article","@id":"https:\/\/mont-roig.cat\/es\/actualitat\/noticies\/el-maestro-que-prometio-el-mar-inaugura-el-festival-de-cine-en-la-playa-dels-penyals-de-miami-platja\/#article","isPartOf":{"@id":"https:\/\/mont-roig.cat\/es\/actualitat\/noticies\/el-maestro-que-prometio-el-mar-inaugura-el-festival-de-cine-en-la-playa-dels-penyals-de-miami-platja\/"},"author":{"name":"comunicacio","@id":"https:\/\/mont-roig.cat\/es\/#\/schema\/person\/1f73e7b5e6f9dd122e8a6f14f310ac5e"},"headline":"El maestro que prometi\u00f3 el mar inaugura el Festival de Cine en la Playa dels Penyals de Miami Platja","datePublished":"2025-07-07T09:09:56+00:00","dateModified":"2025-07-07T09:31:54+00:00","mainEntityOfPage":{"@id":"https:\/\/mont-roig.cat\/es\/actualitat\/noticies\/el-maestro-que-prometio-el-mar-inaugura-el-festival-de-cine-en-la-playa-dels-penyals-de-miami-platja\/"},"wordCount":258,"image":{"@id":"https:\/\/mont-roig.cat\/es\/actualitat\/noticies\/el-maestro-que-prometio-el-mar-inaugura-el-festival-de-cine-en-la-playa-dels-penyals-de-miami-platja\/#primaryimage"},"thumbnailUrl":"https:\/\/mont-roig.cat\/wp-content\/uploads\/Cinema0-scaled.jpg","articleSection":["Ayuntamiento","Turismo"],"inLanguage":"es"},{"@type":"WebPage","@id":"https:\/\/mont-roig.cat\/es\/actualitat\/noticies\/el-maestro-que-prometio-el-mar-inaugura-el-festival-de-cine-en-la-playa-dels-penyals-de-miami-platja\/","url":"https:\/\/mont-roig.cat\/es\/actualitat\/noticies\/el-maestro-que-prometio-el-mar-inaugura-el-festival-de-cine-en-la-playa-dels-penyals-de-miami-platja\/","name":"El maestro que prometi\u00f3 el mar inaugura el Festival de Cine en la Playa dels Penyals de Miami Platja - Ajuntament de Mont-roig del Camp","isPartOf":{"@id":"https:\/\/mont-roig.cat\/es\/#website"},"primaryImageOfPage":{"@id":"https:\/\/mont-roig.cat\/es\/actualitat\/noticies\/el-maestro-que-prometio-el-mar-inaugura-el-festival-de-cine-en-la-playa-dels-penyals-de-miami-platja\/#primaryimage"},"image":{"@id":"https:\/\/mont-roig.cat\/es\/actualitat\/noticies\/el-maestro-que-prometio-el-mar-inaugura-el-festival-de-cine-en-la-playa-dels-penyals-de-miami-platja\/#primaryimage"},"thumbnailUrl":"https:\/\/mont-roig.cat\/wp-content\/uploads\/Cinema0-scaled.jpg","datePublished":"2025-07-07T09:09:56+00:00","dateModified":"2025-07-07T09:31:54+00:00","author":{"@id":"https:\/\/mont-roig.cat\/es\/#\/schema\/person\/1f73e7b5e6f9dd122e8a6f14f310ac5e"},"breadcrumb":{"@id":"https:\/\/mont-roig.cat\/es\/actualitat\/noticies\/el-maestro-que-prometio-el-mar-inaugura-el-festival-de-cine-en-la-playa-dels-penyals-de-miami-platja\/#breadcrumb"},"inLanguage":"es","potentialAction":[{"@type":"ReadAction","target":["https:\/\/mont-roig.cat\/es\/actualitat\/noticies\/el-maestro-que-prometio-el-mar-inaugura-el-festival-de-cine-en-la-playa-dels-penyals-de-miami-platja\/"]}]},{"@type":"ImageObject","inLanguage":"es","@id":"https:\/\/mont-roig.cat\/es\/actualitat\/noticies\/el-maestro-que-prometio-el-mar-inaugura-el-festival-de-cine-en-la-playa-dels-penyals-de-miami-platja\/#primaryimage","url":"https:\/\/mont-roig.cat\/wp-content\/uploads\/Cinema0-scaled.jpg","contentUrl":"https:\/\/mont-roig.cat\/wp-content\/uploads\/Cinema0-scaled.jpg","width":2048,"height":1536},{"@type":"BreadcrumbList","@id":"https:\/\/mont-roig.cat\/es\/actualitat\/noticies\/el-maestro-que-prometio-el-mar-inaugura-el-festival-de-cine-en-la-playa-dels-penyals-de-miami-platja\/#breadcrumb","itemListElement":[{"@type":"ListItem","position":1,"name":"Inici","item":"https:\/\/mont-roig.cat\/es\/pagina-de-inicio\/"},{"@type":"ListItem","position":2,"name":"El maestro que prometi\u00f3 el mar inaugura el Festival de Cine en la Playa dels Penyals de Miami Platja"}]},{"@type":"WebSite","@id":"https:\/\/mont-roig.cat\/es\/#website","url":"https:\/\/mont-roig.cat\/es\/","name":"Ajuntament de Mont-roig del Camp","description":"Tota la informaci\u00f3 sobre la instituci\u00f3, els seus \u00f2rgans de govern, actualitat, serveis i molt m\u00e9s.","potentialAction":[{"@type":"SearchAction","target":{"@type":"EntryPoint","urlTemplate":"https:\/\/mont-roig.cat\/es\/?s={search_term_string}"},"query-input":{"@type":"PropertyValueSpecification","valueRequired":true,"valueName":"search_term_string"}}],"inLanguage":"es"},{"@type":"Person","@id":"https:\/\/mont-roig.cat\/es\/#\/schema\/person\/1f73e7b5e6f9dd122e8a6f14f310ac5e","name":"comunicacio","image":{"@type":"ImageObject","inLanguage":"es","@id":"https:\/\/secure.gravatar.com\/avatar\/98944333e7a877670a64f8d10f0cb680ab2c9ebc4efc43945ef004b52b5ad28c?s=96&d=mm&r=g","url":"https:\/\/secure.gravatar.com\/avatar\/98944333e7a877670a64f8d10f0cb680ab2c9ebc4efc43945ef004b52b5ad28c?s=96&d=mm&r=g","contentUrl":"https:\/\/secure.gravatar.com\/avatar\/98944333e7a877670a64f8d10f0cb680ab2c9ebc4efc43945ef004b52b5ad28c?s=96&d=mm&r=g","caption":"comunicacio"},"url":"https:\/\/mont-roig.cat\/es\/actualitat\/noticies\/author\/comunicacio\/"}]}},"_links":{"self":[{"href":"https:\/\/mont-roig.cat\/es\/wp-json\/wp\/v2\/posts\/84483","targetHints":{"allow":["GET"]}}],"collection":[{"href":"https:\/\/mont-roig.cat\/es\/wp-json\/wp\/v2\/posts"}],"about":[{"href":"https:\/\/mont-roig.cat\/es\/wp-json\/wp\/v2\/types\/post"}],"author":[{"embeddable":true,"href":"https:\/\/mont-roig.cat\/es\/wp-json\/wp\/v2\/users\/13"}],"replies":[{"embeddable":true,"href":"https:\/\/mont-roig.cat\/es\/wp-json\/wp\/v2\/comments?post=84483"}],"version-history":[{"count":2,"href":"https:\/\/mont-roig.cat\/es\/wp-json\/wp\/v2\/posts\/84483\/revisions"}],"predecessor-version":[{"id":84485,"href":"https:\/\/mont-roig.cat\/es\/wp-json\/wp\/v2\/posts\/84483\/revisions\/84485"}],"wp:featuredmedia":[{"embeddable":true,"href":"https:\/\/mont-roig.cat\/es\/wp-json\/wp\/v2\/media\/84472"}],"wp:attachment":[{"href":"https:\/\/mont-roig.cat\/es\/wp-json\/wp\/v2\/media?parent=84483"}],"wp:term":[{"taxonomy":"category","embeddable":true,"href":"https:\/\/mont-roig.cat\/es\/wp-json\/wp\/v2\/categories?post=84483"},{"taxonomy":"post_tag","embeddable":true,"href":"https:\/\/mont-roig.cat\/es\/wp-json\/wp\/v2\/tags?post=84483"}],"curies":[{"name":"wp","href":"https:\/\/api.w.org\/{rel}","templated":true}]}}