{"id":84597,"date":"2025-07-08T12:06:31","date_gmt":"2025-07-08T10:06:31","guid":{"rendered":"https:\/\/mont-roig.cat\/actualitat\/noticies\/els-infants-participants-a-la-segona-missio-benaiges-viuen-una-experiencia-unica-en-la-seva-visita-a-mont-roig-del-camp\/"},"modified":"2025-07-08T12:54:48","modified_gmt":"2025-07-08T10:54:48","slug":"els-infants-participants-a-la-segona-missio-benaiges-viuen-una-experiencia-unica-en-la-seva-visita-a-mont-roig-del-camp","status":"publish","type":"post","link":"https:\/\/mont-roig.cat\/es\/actualitat\/noticies\/els-infants-participants-a-la-segona-missio-benaiges-viuen-una-experiencia-unica-en-la-seva-visita-a-mont-roig-del-camp\/","title":{"rendered":"Los ni\u00f1os y ni\u00f1as participantes en la segunda Missi\u00f3 Benaiges viven una experiencia \u00fanica en su visita a Mont-roig del Camp y Miami Platja"},"content":{"rendered":"<div id=\"attachment_84587\" style=\"width: 313px\" class=\"wp-caption alignright\"><a href=\"https:\/\/mont-roig.cat\/wp-content\/uploads\/Benaiges-3.jpg\" target=\"_blank\" rel=\"noopener\"><img loading=\"lazy\" decoding=\"async\" aria-describedby=\"caption-attachment-84587\" class=\"wp-image-84587\" src=\"https:\/\/mont-roig.cat\/wp-content\/uploads\/Benaiges-3-500x375.jpg\" alt=\"\" width=\"303\" height=\"227\" srcset=\"https:\/\/mont-roig.cat\/wp-content\/uploads\/Benaiges-3-500x375.jpg 500w, https:\/\/mont-roig.cat\/wp-content\/uploads\/Benaiges-3-1024x768.jpg 1024w, https:\/\/mont-roig.cat\/wp-content\/uploads\/Benaiges-3-768x576.jpg 768w, https:\/\/mont-roig.cat\/wp-content\/uploads\/Benaiges-3-1536x1152.jpg 1536w, https:\/\/mont-roig.cat\/wp-content\/uploads\/Benaiges-3-463x348.jpg 463w, https:\/\/mont-roig.cat\/wp-content\/uploads\/Benaiges-3.jpg 1600w\" sizes=\"auto, (max-width: 303px) 100vw, 303px\" \/><\/a><p id=\"caption-attachment-84587\" class=\"wp-caption-text\">Los ni\u00f1os y ni\u00f1as participantes, en la playa de la Pixerota.<\/p><\/div>\n<ul>\n<li data-start=\"247\" data-end=\"378\"><strong data-start=\"247\" data-end=\"378\">La segunda edici\u00f3n del proyecto rinde homenaje al maestro Antoni Benaiges con actividades culturales y l\u00fadicas en el territorio<\/strong><\/li>\n<\/ul>\n<p data-start=\"380\" data-end=\"730\">Los ni\u00f1os y ni\u00f1as participantes en la segunda edici\u00f3n de la Missi\u00f3 Benaiges han vivido unos d\u00edas llenos de actividades en el municipio, gracias a la colaboraci\u00f3n del Ajuntament de Mont-roig del Camp. Esta iniciativa, que rinde homenaje a la figura del maestro Antoni Benaiges, ha combinado descubrimiento hist\u00f3rico, cultura y momentos de convivencia.<\/p>\n<p data-start=\"732\" data-end=\"1252\">Durante su estancia, los ni\u00f1os y ni\u00f1as procedentes de Granada, y tambi\u00e9n con la presencia de dos refugiados palestinos, visitaron el Nucli Antic de Mont-roig del Camp, donde pudieron conocer la casa natal de Antoni Benaiges, as\u00ed como Mas Mir\u00f3, un espacio estrechamente vinculado a la historia local. Tambi\u00e9n disfrutaron de un ba\u00f1o en la playa de la Peixerota y asistieron a la proyecci\u00f3n de la pel\u00edcula <em data-start=\"1135\" data-end=\"1169\">El mestre que va prometre el mar<\/em>, que tuvo lugar en un escenario emblem\u00e1tico: la cala dels Penyals de Miami Platja.<\/p>\n<p data-start=\"1254\" data-end=\"1469\">El jueves por la noche, despu\u00e9s de la cena en el C\u00e0mping Miramar, los ni\u00f1os y ni\u00f1as ofrecieron una emotiva representaci\u00f3n teatral de <em data-start=\"1387\" data-end=\"1401\">La Romancera<\/em>, poniendo el punto final a una experiencia intensa y enriquecedora.<\/p>\n<p data-start=\"1471\" data-end=\"1766\" data-is-last-node=\"\" data-is-only-node=\"\">El Ajuntament, que ha colaborado activamente en el alojamiento y los gastos de estancia en el c\u00e1mping, se ha mostrado muy satisfecho de haber participado por segundo a\u00f1o en este proyecto educativo y de memoria hist\u00f3rica que pone en valor figuras como la de Antoni Benaiges y el patrimonio local.<\/p>\n\n\t\t<!-- MasterSlider -->\n\t\t<div id=\"P_MS69f21af37d993\" class=\"master-slider-parent master-slider-gallery   ms-parent-id-0\"  >\n\n\t\t\t\n\t\t\t<!-- MasterSlider Main -->\n\t\t\t<div id=\"MS69f21af37d993\" class=\"master-slider ms-skin-default\" >\n\t\t\t\t \t\t\t\t \n\t\t\t<div  class=\"ms-slide\" data-delay=\"3\"    >\n\t\t\t\t\t<img decoding=\"async\" src=\"https:\/\/mont-roig.cat\/wp-content\/plugins\/masterslider\/public\/assets\/css\/blank.gif\" alt=\"Benaiges 4\" title=\"Benaiges 4\" data-src=\"https:\/\/mont-roig.cat\/wp-content\/uploadsArray\" \/>\n\t<a href=\"http:\/\/Array\" target=\"_self\"    >Benaiges 4<\/a>\n\n\t\t\t\t\t<div class=\"ms-info\">Benaiges 4<\/div>\n\n\n\t<img decoding=\"async\" class=\"ms-thumb\" src=\"https:\/\/mont-roig.cat\/wp-content\/uploadsArray\" alt=\"Benaiges 4\" \/>\n\t\t\t\t<\/div>\n\t\t\t<div  class=\"ms-slide\" data-delay=\"3\"    >\n\t\t\t\t\t<img decoding=\"async\" src=\"https:\/\/mont-roig.cat\/wp-content\/plugins\/masterslider\/public\/assets\/css\/blank.gif\" alt=\"WhatsApp Image 2025-07-08 at 11.04.14\" title=\"WhatsApp Image 2025-07-08 at 11.04.14\" data-src=\"https:\/\/mont-roig.cat\/wp-content\/uploadsArray\" \/>\n\t<a href=\"http:\/\/Array\" target=\"_self\"    >WhatsApp Image 2025-07-08 at 11.04.14<\/a>\n\n\t\t\t\t\t<div class=\"ms-info\">WhatsApp Image 2025-07-08 at 11.04.14<\/div>\n\n\n\t<img decoding=\"async\" class=\"ms-thumb\" src=\"https:\/\/mont-roig.cat\/wp-content\/uploadsArray\" alt=\"WhatsApp Image 2025-07-08 at 11.04.14\" \/>\n\t\t\t\t<\/div>\n\t\t\t<div  class=\"ms-slide\" data-delay=\"3\"    >\n\t\t\t\t\t<img decoding=\"async\" src=\"https:\/\/mont-roig.cat\/wp-content\/plugins\/masterslider\/public\/assets\/css\/blank.gif\" alt=\"Benaiges\" title=\"Benaiges\" data-src=\"https:\/\/mont-roig.cat\/wp-content\/uploadsArray\" \/>\n\t<a href=\"http:\/\/Array\" target=\"_self\"    >Benaiges<\/a>\n\n\t\t\t\t\t<div class=\"ms-info\">Benaiges<\/div>\n\n\n\t<img decoding=\"async\" class=\"ms-thumb\" src=\"https:\/\/mont-roig.cat\/wp-content\/uploadsArray\" alt=\"Benaiges\" \/>\n\t\t\t\t<\/div>\n\t\t\t<div  class=\"ms-slide\" data-delay=\"3\"    >\n\t\t\t\t\t<img decoding=\"async\" src=\"https:\/\/mont-roig.cat\/wp-content\/plugins\/masterslider\/public\/assets\/css\/blank.gif\" alt=\"Benaiges 5\" title=\"Benaiges 5\" data-src=\"https:\/\/mont-roig.cat\/wp-content\/uploadsArray\" \/>\n\t<a href=\"http:\/\/Array\" target=\"_self\"    >Benaiges 5<\/a>\n\n\t\t\t\t\t<div class=\"ms-info\">Benaiges 5<\/div>\n\n\n\t<img decoding=\"async\" class=\"ms-thumb\" src=\"https:\/\/mont-roig.cat\/wp-content\/uploadsArray\" alt=\"Benaiges 5\" \/>\n\t\t\t\t<\/div>\n\n\t\t\t<\/div>\n\t\t\t<!-- END MasterSlider Main -->\n\n\t\t\t \n\t\t<\/div>\n\t\t<!-- END MasterSlider -->\n\n\t\t<script>\n\t\t( window.MSReady = window.MSReady || [] ).push( function( $ ) {\n\n\t\t\t\"use strict\";\n\t\t\tvar masterslider_d993 = new MasterSlider();\n\n\t\t\t\/\/ slider controls\n\t\t\tmasterslider_d993.control('arrows'     ,{ autohide:true, overVideo:true  });\n\t\t\tmasterslider_d993.control('thumblist'  ,{ autohide:false, overVideo:true, dir:'h', speed:17, inset:false, arrows:false, hover:false, customClass:'', align:'bottom',type:'thumbs', margin:2, width:140, height:80, space:2, fillMode:'fill'  });\n\t\t\tmasterslider_d993.control('slideinfo'  ,{ autohide:true, overVideo:true, dir:'h', align:'bottom',inset:true , margin:80  , size:30 });\n\t\t\t\/\/ slider setup\n\t\t\tmasterslider_d993.setup(\"MS69f21af37d993\", {\n\t\t\t\twidth           : 960,\n\t\t\t\theight          : 540,\n\t\t\t\tminHeight       : 0,\n\t\t\t\tspace           : 0,\n\t\t\t\tstart           : 1,\n\t\t\t\tgrabCursor      : true,\n\t\t\t\tswipe           : true,\n\t\t\t\tmouse           : true,\n\t\t\t\tkeyboard        : false,\n\t\t\t\tlayout          : \"fillwidth\",\n\t\t\t\twheel           : false,\n\t\t\t\tautoplay        : false,\n                instantStartLayers:false,\n\t\t\t\tmobileBGVideo:false,\n\t\t\t\tloop            : false,\n\t\t\t\tshuffle         : false,\n\t\t\t\tpreload         : 3,\n\t\t\t\theightLimit     : false,\n\t\t\t\tautoHeight      : false,\n\t\t\t\tsmoothHeight    : true,\n\t\t\t\tendPause        : false,\n\t\t\t\toverPause       : false,\n\t\t\t\tfillMode        : \"fill\",\n\t\t\t\tcenterControls  : true,\n\t\t\t\tstartOnAppear   : false,\n\t\t\t\tlayersMode      : \"center\",\n\t\t\t\tautofillTarget  : \"\",\n\t\t\t\thideLayers      : false,\n\t\t\t\tfullscreenMargin: 0,\n\t\t\t\tspeed           : 17,\n\t\t\t\tdir             : \"h\",\n\t\t\t\tparallaxMode    : 'swipe',\n\t\t\t\tview            : \"basic\"\n\t\t\t});\n\n\t\t\t\n\t\t\twindow.masterslider_instances = window.masterslider_instances || [];\n\t\t\twindow.masterslider_instances.push( masterslider_d993 );\n\t\t});\n\t\t<\/script>\n\n\n","protected":false},"excerpt":{"rendered":"<p>La segunda edici\u00f3n del proyecto rinde homenaje al maestro Antoni Benaiges con actividades culturales y l\u00fadicas en el territorio Los ni\u00f1os y ni\u00f1as participantes en la segunda edici\u00f3n de la Missi\u00f3 Benaiges han vivido unos d\u00edas llenos de actividades en el municipio, gracias a la colaboraci\u00f3n del Ajuntament de Mont-roig del Camp. Esta iniciativa, que [&hellip;]<\/p>\n","protected":false},"author":13,"featured_media":84588,"comment_status":"closed","ping_status":"closed","sticky":false,"template":"","format":"standard","meta":{"inline_featured_image":false,"_monsterinsights_skip_tracking":false,"_monsterinsights_sitenote_active":false,"_monsterinsights_sitenote_note":"","_monsterinsights_sitenote_category":0,"footnotes":""},"categories":[98,101],"tags":[],"class_list":["post-84597","post","type-post","status-publish","format-standard","has-post-thumbnail","hentry","category-ayuntamiento","category-cultura-es"],"yoast_head":"<!-- This site is optimized with the Yoast SEO plugin v27.4 - https:\/\/yoast.com\/product\/yoast-seo-wordpress\/ -->\n<title>Los ni\u00f1os y ni\u00f1as participantes en la segunda Missi\u00f3 Benaiges viven una experiencia \u00fanica en su visita a Mont-roig del Camp y Miami Platja - Ajuntament de Mont-roig del Camp<\/title>\n<meta name=\"robots\" content=\"index, follow, max-snippet:-1, max-image-preview:large, max-video-preview:-1\" \/>\n<link rel=\"canonical\" href=\"https:\/\/mont-roig.cat\/es\/actualitat\/noticies\/els-infants-participants-a-la-segona-missio-benaiges-viuen-una-experiencia-unica-en-la-seva-visita-a-mont-roig-del-camp\/\" \/>\n<meta property=\"og:locale\" content=\"es_ES\" \/>\n<meta property=\"og:type\" content=\"article\" \/>\n<meta property=\"og:title\" content=\"Los ni\u00f1os y ni\u00f1as participantes en la segunda Missi\u00f3 Benaiges viven una experiencia \u00fanica en su visita a Mont-roig del Camp y Miami Platja - Ajuntament de Mont-roig del Camp\" \/>\n<meta property=\"og:description\" content=\"La segunda edici\u00f3n del proyecto rinde homenaje al maestro Antoni Benaiges con actividades culturales y l\u00fadicas en el territorio Los ni\u00f1os y ni\u00f1as participantes en la segunda edici\u00f3n de la Missi\u00f3 Benaiges han vivido unos d\u00edas llenos de actividades en el municipio, gracias a la colaboraci\u00f3n del Ajuntament de Mont-roig del Camp. Esta iniciativa, que [&hellip;]\" \/>\n<meta property=\"og:url\" content=\"https:\/\/mont-roig.cat\/es\/actualitat\/noticies\/els-infants-participants-a-la-segona-missio-benaiges-viuen-una-experiencia-unica-en-la-seva-visita-a-mont-roig-del-camp\/\" \/>\n<meta property=\"og:site_name\" content=\"Ajuntament de Mont-roig del Camp\" \/>\n<meta property=\"article:published_time\" content=\"2025-07-08T10:06:31+00:00\" \/>\n<meta property=\"article:modified_time\" content=\"2025-07-08T10:54:48+00:00\" \/>\n<meta property=\"og:image\" content=\"https:\/\/mont-roig.cat\/wp-content\/uploads\/Benaiges-3.jpg\" \/>\n\t<meta property=\"og:image:width\" content=\"1600\" \/>\n\t<meta property=\"og:image:height\" content=\"1200\" \/>\n\t<meta property=\"og:image:type\" content=\"image\/jpeg\" \/>\n<meta name=\"author\" content=\"comunicacio\" \/>\n<meta name=\"twitter:card\" content=\"summary_large_image\" \/>\n<meta name=\"twitter:label1\" content=\"Escrito por\" \/>\n\t<meta name=\"twitter:data1\" content=\"comunicacio\" \/>\n\t<meta name=\"twitter:label2\" content=\"Tiempo de lectura\" \/>\n\t<meta name=\"twitter:data2\" content=\"2 minutos\" \/>\n<script type=\"application\/ld+json\" class=\"yoast-schema-graph\">{\"@context\":\"https:\\\/\\\/schema.org\",\"@graph\":[{\"@type\":\"Article\",\"@id\":\"https:\\\/\\\/mont-roig.cat\\\/es\\\/actualitat\\\/noticies\\\/els-infants-participants-a-la-segona-missio-benaiges-viuen-una-experiencia-unica-en-la-seva-visita-a-mont-roig-del-camp\\\/#article\",\"isPartOf\":{\"@id\":\"https:\\\/\\\/mont-roig.cat\\\/es\\\/actualitat\\\/noticies\\\/els-infants-participants-a-la-segona-missio-benaiges-viuen-una-experiencia-unica-en-la-seva-visita-a-mont-roig-del-camp\\\/\"},\"author\":{\"name\":\"comunicacio\",\"@id\":\"https:\\\/\\\/mont-roig.cat\\\/es\\\/#\\\/schema\\\/person\\\/1f73e7b5e6f9dd122e8a6f14f310ac5e\"},\"headline\":\"Los ni\u00f1os y ni\u00f1as participantes en la segunda Missi\u00f3 Benaiges viven una experiencia \u00fanica en su visita a Mont-roig del Camp y Miami Platja\",\"datePublished\":\"2025-07-08T10:06:31+00:00\",\"dateModified\":\"2025-07-08T10:54:48+00:00\",\"mainEntityOfPage\":{\"@id\":\"https:\\\/\\\/mont-roig.cat\\\/es\\\/actualitat\\\/noticies\\\/els-infants-participants-a-la-segona-missio-benaiges-viuen-una-experiencia-unica-en-la-seva-visita-a-mont-roig-del-camp\\\/\"},\"wordCount\":326,\"image\":{\"@id\":\"https:\\\/\\\/mont-roig.cat\\\/es\\\/actualitat\\\/noticies\\\/els-infants-participants-a-la-segona-missio-benaiges-viuen-una-experiencia-unica-en-la-seva-visita-a-mont-roig-del-camp\\\/#primaryimage\"},\"thumbnailUrl\":\"https:\\\/\\\/mont-roig.cat\\\/wp-content\\\/uploads\\\/Benaiges-3.jpg\",\"articleSection\":[\"Ayuntamiento\",\"Cultura\"],\"inLanguage\":\"es\"},{\"@type\":\"WebPage\",\"@id\":\"https:\\\/\\\/mont-roig.cat\\\/es\\\/actualitat\\\/noticies\\\/els-infants-participants-a-la-segona-missio-benaiges-viuen-una-experiencia-unica-en-la-seva-visita-a-mont-roig-del-camp\\\/\",\"url\":\"https:\\\/\\\/mont-roig.cat\\\/es\\\/actualitat\\\/noticies\\\/els-infants-participants-a-la-segona-missio-benaiges-viuen-una-experiencia-unica-en-la-seva-visita-a-mont-roig-del-camp\\\/\",\"name\":\"Los ni\u00f1os y ni\u00f1as participantes en la segunda Missi\u00f3 Benaiges viven una experiencia \u00fanica en su visita a Mont-roig del Camp y Miami Platja - Ajuntament de Mont-roig del Camp\",\"isPartOf\":{\"@id\":\"https:\\\/\\\/mont-roig.cat\\\/es\\\/#website\"},\"primaryImageOfPage\":{\"@id\":\"https:\\\/\\\/mont-roig.cat\\\/es\\\/actualitat\\\/noticies\\\/els-infants-participants-a-la-segona-missio-benaiges-viuen-una-experiencia-unica-en-la-seva-visita-a-mont-roig-del-camp\\\/#primaryimage\"},\"image\":{\"@id\":\"https:\\\/\\\/mont-roig.cat\\\/es\\\/actualitat\\\/noticies\\\/els-infants-participants-a-la-segona-missio-benaiges-viuen-una-experiencia-unica-en-la-seva-visita-a-mont-roig-del-camp\\\/#primaryimage\"},\"thumbnailUrl\":\"https:\\\/\\\/mont-roig.cat\\\/wp-content\\\/uploads\\\/Benaiges-3.jpg\",\"datePublished\":\"2025-07-08T10:06:31+00:00\",\"dateModified\":\"2025-07-08T10:54:48+00:00\",\"author\":{\"@id\":\"https:\\\/\\\/mont-roig.cat\\\/es\\\/#\\\/schema\\\/person\\\/1f73e7b5e6f9dd122e8a6f14f310ac5e\"},\"breadcrumb\":{\"@id\":\"https:\\\/\\\/mont-roig.cat\\\/es\\\/actualitat\\\/noticies\\\/els-infants-participants-a-la-segona-missio-benaiges-viuen-una-experiencia-unica-en-la-seva-visita-a-mont-roig-del-camp\\\/#breadcrumb\"},\"inLanguage\":\"es\",\"potentialAction\":[{\"@type\":\"ReadAction\",\"target\":[\"https:\\\/\\\/mont-roig.cat\\\/es\\\/actualitat\\\/noticies\\\/els-infants-participants-a-la-segona-missio-benaiges-viuen-una-experiencia-unica-en-la-seva-visita-a-mont-roig-del-camp\\\/\"]}]},{\"@type\":\"ImageObject\",\"inLanguage\":\"es\",\"@id\":\"https:\\\/\\\/mont-roig.cat\\\/es\\\/actualitat\\\/noticies\\\/els-infants-participants-a-la-segona-missio-benaiges-viuen-una-experiencia-unica-en-la-seva-visita-a-mont-roig-del-camp\\\/#primaryimage\",\"url\":\"https:\\\/\\\/mont-roig.cat\\\/wp-content\\\/uploads\\\/Benaiges-3.jpg\",\"contentUrl\":\"https:\\\/\\\/mont-roig.cat\\\/wp-content\\\/uploads\\\/Benaiges-3.jpg\",\"width\":1600,\"height\":1200},{\"@type\":\"BreadcrumbList\",\"@id\":\"https:\\\/\\\/mont-roig.cat\\\/es\\\/actualitat\\\/noticies\\\/els-infants-participants-a-la-segona-missio-benaiges-viuen-una-experiencia-unica-en-la-seva-visita-a-mont-roig-del-camp\\\/#breadcrumb\",\"itemListElement\":[{\"@type\":\"ListItem\",\"position\":1,\"name\":\"Inici\",\"item\":\"https:\\\/\\\/mont-roig.cat\\\/es\\\/pagina-de-inicio\\\/\"},{\"@type\":\"ListItem\",\"position\":2,\"name\":\"Los ni\u00f1os y ni\u00f1as participantes en la segunda Missi\u00f3 Benaiges viven una experiencia \u00fanica en su visita a Mont-roig del Camp y Miami Platja\"}]},{\"@type\":\"WebSite\",\"@id\":\"https:\\\/\\\/mont-roig.cat\\\/es\\\/#website\",\"url\":\"https:\\\/\\\/mont-roig.cat\\\/es\\\/\",\"name\":\"Ajuntament de Mont-roig del Camp\",\"description\":\"Tota la informaci\u00f3 sobre la instituci\u00f3, els seus \u00f2rgans de govern, actualitat, serveis i molt m\u00e9s.\",\"potentialAction\":[{\"@type\":\"SearchAction\",\"target\":{\"@type\":\"EntryPoint\",\"urlTemplate\":\"https:\\\/\\\/mont-roig.cat\\\/es\\\/?s={search_term_string}\"},\"query-input\":{\"@type\":\"PropertyValueSpecification\",\"valueRequired\":true,\"valueName\":\"search_term_string\"}}],\"inLanguage\":\"es\"},{\"@type\":\"Person\",\"@id\":\"https:\\\/\\\/mont-roig.cat\\\/es\\\/#\\\/schema\\\/person\\\/1f73e7b5e6f9dd122e8a6f14f310ac5e\",\"name\":\"comunicacio\",\"image\":{\"@type\":\"ImageObject\",\"inLanguage\":\"es\",\"@id\":\"https:\\\/\\\/secure.gravatar.com\\\/avatar\\\/98944333e7a877670a64f8d10f0cb680ab2c9ebc4efc43945ef004b52b5ad28c?s=96&d=mm&r=g\",\"url\":\"https:\\\/\\\/secure.gravatar.com\\\/avatar\\\/98944333e7a877670a64f8d10f0cb680ab2c9ebc4efc43945ef004b52b5ad28c?s=96&d=mm&r=g\",\"contentUrl\":\"https:\\\/\\\/secure.gravatar.com\\\/avatar\\\/98944333e7a877670a64f8d10f0cb680ab2c9ebc4efc43945ef004b52b5ad28c?s=96&d=mm&r=g\",\"caption\":\"comunicacio\"},\"url\":\"https:\\\/\\\/mont-roig.cat\\\/es\\\/actualitat\\\/noticies\\\/author\\\/comunicacio\\\/\"}]}<\/script>\n<!-- \/ Yoast SEO plugin. -->","yoast_head_json":{"title":"Los ni\u00f1os y ni\u00f1as participantes en la segunda Missi\u00f3 Benaiges viven una experiencia \u00fanica en su visita a Mont-roig del Camp y Miami Platja - Ajuntament de Mont-roig del Camp","robots":{"index":"index","follow":"follow","max-snippet":"max-snippet:-1","max-image-preview":"max-image-preview:large","max-video-preview":"max-video-preview:-1"},"canonical":"https:\/\/mont-roig.cat\/es\/actualitat\/noticies\/els-infants-participants-a-la-segona-missio-benaiges-viuen-una-experiencia-unica-en-la-seva-visita-a-mont-roig-del-camp\/","og_locale":"es_ES","og_type":"article","og_title":"Los ni\u00f1os y ni\u00f1as participantes en la segunda Missi\u00f3 Benaiges viven una experiencia \u00fanica en su visita a Mont-roig del Camp y Miami Platja - Ajuntament de Mont-roig del Camp","og_description":"La segunda edici\u00f3n del proyecto rinde homenaje al maestro Antoni Benaiges con actividades culturales y l\u00fadicas en el territorio Los ni\u00f1os y ni\u00f1as participantes en la segunda edici\u00f3n de la Missi\u00f3 Benaiges han vivido unos d\u00edas llenos de actividades en el municipio, gracias a la colaboraci\u00f3n del Ajuntament de Mont-roig del Camp. Esta iniciativa, que [&hellip;]","og_url":"https:\/\/mont-roig.cat\/es\/actualitat\/noticies\/els-infants-participants-a-la-segona-missio-benaiges-viuen-una-experiencia-unica-en-la-seva-visita-a-mont-roig-del-camp\/","og_site_name":"Ajuntament de Mont-roig del Camp","article_published_time":"2025-07-08T10:06:31+00:00","article_modified_time":"2025-07-08T10:54:48+00:00","og_image":[{"width":1600,"height":1200,"url":"https:\/\/mont-roig.cat\/wp-content\/uploads\/Benaiges-3.jpg","type":"image\/jpeg"}],"author":"comunicacio","twitter_card":"summary_large_image","twitter_misc":{"Escrito por":"comunicacio","Tiempo de lectura":"2 minutos"},"schema":{"@context":"https:\/\/schema.org","@graph":[{"@type":"Article","@id":"https:\/\/mont-roig.cat\/es\/actualitat\/noticies\/els-infants-participants-a-la-segona-missio-benaiges-viuen-una-experiencia-unica-en-la-seva-visita-a-mont-roig-del-camp\/#article","isPartOf":{"@id":"https:\/\/mont-roig.cat\/es\/actualitat\/noticies\/els-infants-participants-a-la-segona-missio-benaiges-viuen-una-experiencia-unica-en-la-seva-visita-a-mont-roig-del-camp\/"},"author":{"name":"comunicacio","@id":"https:\/\/mont-roig.cat\/es\/#\/schema\/person\/1f73e7b5e6f9dd122e8a6f14f310ac5e"},"headline":"Los ni\u00f1os y ni\u00f1as participantes en la segunda Missi\u00f3 Benaiges viven una experiencia \u00fanica en su visita a Mont-roig del Camp y Miami Platja","datePublished":"2025-07-08T10:06:31+00:00","dateModified":"2025-07-08T10:54:48+00:00","mainEntityOfPage":{"@id":"https:\/\/mont-roig.cat\/es\/actualitat\/noticies\/els-infants-participants-a-la-segona-missio-benaiges-viuen-una-experiencia-unica-en-la-seva-visita-a-mont-roig-del-camp\/"},"wordCount":326,"image":{"@id":"https:\/\/mont-roig.cat\/es\/actualitat\/noticies\/els-infants-participants-a-la-segona-missio-benaiges-viuen-una-experiencia-unica-en-la-seva-visita-a-mont-roig-del-camp\/#primaryimage"},"thumbnailUrl":"https:\/\/mont-roig.cat\/wp-content\/uploads\/Benaiges-3.jpg","articleSection":["Ayuntamiento","Cultura"],"inLanguage":"es"},{"@type":"WebPage","@id":"https:\/\/mont-roig.cat\/es\/actualitat\/noticies\/els-infants-participants-a-la-segona-missio-benaiges-viuen-una-experiencia-unica-en-la-seva-visita-a-mont-roig-del-camp\/","url":"https:\/\/mont-roig.cat\/es\/actualitat\/noticies\/els-infants-participants-a-la-segona-missio-benaiges-viuen-una-experiencia-unica-en-la-seva-visita-a-mont-roig-del-camp\/","name":"Los ni\u00f1os y ni\u00f1as participantes en la segunda Missi\u00f3 Benaiges viven una experiencia \u00fanica en su visita a Mont-roig del Camp y Miami Platja - Ajuntament de Mont-roig del Camp","isPartOf":{"@id":"https:\/\/mont-roig.cat\/es\/#website"},"primaryImageOfPage":{"@id":"https:\/\/mont-roig.cat\/es\/actualitat\/noticies\/els-infants-participants-a-la-segona-missio-benaiges-viuen-una-experiencia-unica-en-la-seva-visita-a-mont-roig-del-camp\/#primaryimage"},"image":{"@id":"https:\/\/mont-roig.cat\/es\/actualitat\/noticies\/els-infants-participants-a-la-segona-missio-benaiges-viuen-una-experiencia-unica-en-la-seva-visita-a-mont-roig-del-camp\/#primaryimage"},"thumbnailUrl":"https:\/\/mont-roig.cat\/wp-content\/uploads\/Benaiges-3.jpg","datePublished":"2025-07-08T10:06:31+00:00","dateModified":"2025-07-08T10:54:48+00:00","author":{"@id":"https:\/\/mont-roig.cat\/es\/#\/schema\/person\/1f73e7b5e6f9dd122e8a6f14f310ac5e"},"breadcrumb":{"@id":"https:\/\/mont-roig.cat\/es\/actualitat\/noticies\/els-infants-participants-a-la-segona-missio-benaiges-viuen-una-experiencia-unica-en-la-seva-visita-a-mont-roig-del-camp\/#breadcrumb"},"inLanguage":"es","potentialAction":[{"@type":"ReadAction","target":["https:\/\/mont-roig.cat\/es\/actualitat\/noticies\/els-infants-participants-a-la-segona-missio-benaiges-viuen-una-experiencia-unica-en-la-seva-visita-a-mont-roig-del-camp\/"]}]},{"@type":"ImageObject","inLanguage":"es","@id":"https:\/\/mont-roig.cat\/es\/actualitat\/noticies\/els-infants-participants-a-la-segona-missio-benaiges-viuen-una-experiencia-unica-en-la-seva-visita-a-mont-roig-del-camp\/#primaryimage","url":"https:\/\/mont-roig.cat\/wp-content\/uploads\/Benaiges-3.jpg","contentUrl":"https:\/\/mont-roig.cat\/wp-content\/uploads\/Benaiges-3.jpg","width":1600,"height":1200},{"@type":"BreadcrumbList","@id":"https:\/\/mont-roig.cat\/es\/actualitat\/noticies\/els-infants-participants-a-la-segona-missio-benaiges-viuen-una-experiencia-unica-en-la-seva-visita-a-mont-roig-del-camp\/#breadcrumb","itemListElement":[{"@type":"ListItem","position":1,"name":"Inici","item":"https:\/\/mont-roig.cat\/es\/pagina-de-inicio\/"},{"@type":"ListItem","position":2,"name":"Los ni\u00f1os y ni\u00f1as participantes en la segunda Missi\u00f3 Benaiges viven una experiencia \u00fanica en su visita a Mont-roig del Camp y Miami Platja"}]},{"@type":"WebSite","@id":"https:\/\/mont-roig.cat\/es\/#website","url":"https:\/\/mont-roig.cat\/es\/","name":"Ajuntament de Mont-roig del Camp","description":"Tota la informaci\u00f3 sobre la instituci\u00f3, els seus \u00f2rgans de govern, actualitat, serveis i molt m\u00e9s.","potentialAction":[{"@type":"SearchAction","target":{"@type":"EntryPoint","urlTemplate":"https:\/\/mont-roig.cat\/es\/?s={search_term_string}"},"query-input":{"@type":"PropertyValueSpecification","valueRequired":true,"valueName":"search_term_string"}}],"inLanguage":"es"},{"@type":"Person","@id":"https:\/\/mont-roig.cat\/es\/#\/schema\/person\/1f73e7b5e6f9dd122e8a6f14f310ac5e","name":"comunicacio","image":{"@type":"ImageObject","inLanguage":"es","@id":"https:\/\/secure.gravatar.com\/avatar\/98944333e7a877670a64f8d10f0cb680ab2c9ebc4efc43945ef004b52b5ad28c?s=96&d=mm&r=g","url":"https:\/\/secure.gravatar.com\/avatar\/98944333e7a877670a64f8d10f0cb680ab2c9ebc4efc43945ef004b52b5ad28c?s=96&d=mm&r=g","contentUrl":"https:\/\/secure.gravatar.com\/avatar\/98944333e7a877670a64f8d10f0cb680ab2c9ebc4efc43945ef004b52b5ad28c?s=96&d=mm&r=g","caption":"comunicacio"},"url":"https:\/\/mont-roig.cat\/es\/actualitat\/noticies\/author\/comunicacio\/"}]}},"_links":{"self":[{"href":"https:\/\/mont-roig.cat\/es\/wp-json\/wp\/v2\/posts\/84597","targetHints":{"allow":["GET"]}}],"collection":[{"href":"https:\/\/mont-roig.cat\/es\/wp-json\/wp\/v2\/posts"}],"about":[{"href":"https:\/\/mont-roig.cat\/es\/wp-json\/wp\/v2\/types\/post"}],"author":[{"embeddable":true,"href":"https:\/\/mont-roig.cat\/es\/wp-json\/wp\/v2\/users\/13"}],"replies":[{"embeddable":true,"href":"https:\/\/mont-roig.cat\/es\/wp-json\/wp\/v2\/comments?post=84597"}],"version-history":[{"count":5,"href":"https:\/\/mont-roig.cat\/es\/wp-json\/wp\/v2\/posts\/84597\/revisions"}],"predecessor-version":[{"id":84605,"href":"https:\/\/mont-roig.cat\/es\/wp-json\/wp\/v2\/posts\/84597\/revisions\/84605"}],"wp:featuredmedia":[{"embeddable":true,"href":"https:\/\/mont-roig.cat\/es\/wp-json\/wp\/v2\/media\/84588"}],"wp:attachment":[{"href":"https:\/\/mont-roig.cat\/es\/wp-json\/wp\/v2\/media?parent=84597"}],"wp:term":[{"taxonomy":"category","embeddable":true,"href":"https:\/\/mont-roig.cat\/es\/wp-json\/wp\/v2\/categories?post=84597"},{"taxonomy":"post_tag","embeddable":true,"href":"https:\/\/mont-roig.cat\/es\/wp-json\/wp\/v2\/tags?post=84597"}],"curies":[{"name":"wp","href":"https:\/\/api.w.org\/{rel}","templated":true}]}}