{"id":84691,"date":"2025-07-16T10:10:04","date_gmt":"2025-07-16T08:10:04","guid":{"rendered":"https:\/\/mont-roig.cat\/actualitat\/noticies\/ecoespai\/"},"modified":"2025-10-02T09:23:51","modified_gmt":"2025-10-02T07:23:51","slug":"abierto-el-plazo-para-solicitar-el-uso-de-los-espacios-de-alojamiento-empresarial-del-ecoespai-de-miami-platja","status":"publish","type":"post","link":"https:\/\/mont-roig.cat\/es\/actualitat\/noticies\/abierto-el-plazo-para-solicitar-el-uso-de-los-espacios-de-alojamiento-empresarial-del-ecoespai-de-miami-platja\/","title":{"rendered":"Abierto el plazo para solicitar el uso de los espacios de alojamiento empresarial del Ecoespai de Miami Platja"},"content":{"rendered":"<ul>\n<li><a href=\"https:\/\/mont-roig.cat\/wp-content\/uploads\/MMC_ECOESPAI25_META.png\" target=\"_blank\" rel=\"noopener\"><img loading=\"lazy\" decoding=\"async\" class=\"alignright wp-image-84675\" src=\"https:\/\/mont-roig.cat\/wp-content\/uploads\/MMC_ECOESPAI25_META-500x263.png\" alt=\"\" width=\"298\" height=\"157\" srcset=\"https:\/\/mont-roig.cat\/wp-content\/uploads\/MMC_ECOESPAI25_META-500x263.png 500w, https:\/\/mont-roig.cat\/wp-content\/uploads\/MMC_ECOESPAI25_META-1024x538.png 1024w, https:\/\/mont-roig.cat\/wp-content\/uploads\/MMC_ECOESPAI25_META-768x403.png 768w, https:\/\/mont-roig.cat\/wp-content\/uploads\/MMC_ECOESPAI25_META.png 1200w\" sizes=\"auto, (max-width: 298px) 100vw, 298px\" \/><\/a><strong>El nuevo equipamiento pone a disposici\u00f3n diversos puestos de trabajo compartidos tipo coworking, despachos individuales, salas de reuniones y servicios de apoyo para fomentar el talento local y la actividad econ\u00f3mica.<\/strong><\/li>\n<li data-start=\"124\" data-end=\"558\"><strong>Las inscripciones deben realizarse a trav\u00e9s de la sede electr\u00f3nica hasta el d\u00eda 15 de agosto.<\/strong><\/li>\n<\/ul>\n<p data-start=\"560\" data-end=\"1055\">El Ayuntamiento de Mont-roig del Camp ha activado el procedimiento para solicitar el uso del nuevo espacio de alojamiento empresarial situado en el Ecoespai de Miami Platja, un equipamiento municipal que quiere convertirse en un referente en innovaci\u00f3n, sostenibilidad e impulso econ\u00f3mico. Este espacio de trabajo compartido se dirige a emprendedores\/as, personas aut\u00f3nomas, profesionales y peque\u00f1as empresas que deseen desarrollar su actividad en un entorno colaborativo, moderno y eficiente.<\/p>\n<p data-start=\"1058\" data-end=\"1467\">Los usuarios y usuarias dispondr\u00e1n de despachos individuales y mesas de trabajo con conexi\u00f3n a internet de alta velocidad, acceso a dos salas de reuniones equipadas y la posibilidad de hacer uso del aula de formaci\u00f3n y de la sala de actos del centro. Adem\u00e1s, podr\u00e1n beneficiarse de los servicios de apoyo a la empresa y al empleo que ofrece el \u00c1rea de Impuls Econ\u00f2mic i Ocupaci\u00f3, ubicada en el mismo edificio.<\/p>\n<p data-start=\"1469\" data-end=\"2036\">Las solicitudes para utilizar el Ecoespai deben presentarse a trav\u00e9s de la sede electr\u00f3nica del Ayuntamiento mediante el enlace:<br data-start=\"1597\" data-end=\"1600\" \/><a class=\"\" href=\"https:\/\/mont-roig.eadministracio.cat\/citizen-service\/62e10561-9029-494d-a976-736d439449db\" target=\"_blank\" rel=\"noopener\" data-start=\"1600\" data-end=\"1782\">https:\/\/mont-roig.eadministracio.cat\/citizen-service\/62e10561-9029-494d-a976-736d439449db<\/a>, adjuntando el formulario normalizado y un plan de empresa o una memoria descriptiva de la actividad.<br data-start=\"1884\" data-end=\"1887\" \/>El plazo para enviar las solicitudes va del 16 de julio hasta el viernes 15 de agosto, y las autorizaciones de uso comenzar\u00e1n el d\u00eda 1 de septiembre.<\/p>\n<p data-start=\"2038\" data-end=\"2201\">Podr\u00e1n optar todo tipo de actividades econ\u00f3micas, excepto aquellas que impliquen procesos de fabricaci\u00f3n directa dentro del centro o venta al por menor presencial.<\/p>\n<p data-start=\"2203\" data-end=\"2295\">Puedes consultar las tarifas y las condiciones en <a href=\"https:\/\/mont-roig.cat\/es\/ayuntamiento\/areas\/impulso-economico-y-ocupacion\/ecoespai-alojamiento-empresarial\/\" target=\"_blank\" rel=\"noopener\">la p\u00e1gina web del \u00c1rea de Impuls Econ\u00f2mic<\/a>.<\/p>\n<p data-start=\"2203\" data-end=\"2295\">Descarga el folleto completo con toda la informaci\u00f3 del Ecoespai en <a href=\"https:\/\/mont-roig.cat\/wp-content\/uploads\/MMC_ECOESPAI25_interactiu-1.pdf\" target=\"_blank\" rel=\"noopener\">este PDF.<\/a><\/p>\n<hr data-start=\"2297\" data-end=\"2300\" \/>\n<p data-start=\"2302\" data-end=\"2386\"><strong data-start=\"2302\" data-end=\"2333\">Direcci\u00f3n del equipamiento:<\/strong><br data-start=\"2333\" data-end=\"2336\" \/><strong data-start=\"2336\" data-end=\"2348\">Ecoespai<\/strong><br data-start=\"2348\" data-end=\"2351\" \/>Pla\u00e7a de Girona, s\/n<br data-start=\"2371\" data-end=\"2374\" \/>Miami Platja<\/p>\n<p data-start=\"2388\" data-end=\"2505\"><strong data-start=\"2388\" data-end=\"2425\">Para m\u00e1s informaci\u00f3n y consultas:<\/strong><br data-start=\"2425\" data-end=\"2428\" \/>\ud83d\udce7 <a class=\"cursor-pointer\" rel=\"noopener\" data-start=\"2431\" data-end=\"2453\">promocio@mont-roig.cat<\/a><br data-start=\"2453\" data-end=\"2456\" \/>\ud83d\udcde 977 17 25 27 (de lunes a viernes, de 9 a 14 h)<\/p>\n<p><a href=\"https:\/\/mont-roig.cat\/wp-content\/uploads\/LOGOS-PSTD-ACTUALITZATS-scaled.png\"><img loading=\"lazy\" decoding=\"async\" class=\"wp-image-85908 size-medium alignleft\" src=\"https:\/\/mont-roig.cat\/wp-content\/uploads\/LOGOS-PSTD-ACTUALITZATS-500x67.png\" alt=\"\" width=\"500\" height=\"67\" srcset=\"https:\/\/mont-roig.cat\/wp-content\/uploads\/LOGOS-PSTD-ACTUALITZATS-500x67.png 500w, https:\/\/mont-roig.cat\/wp-content\/uploads\/LOGOS-PSTD-ACTUALITZATS-1024x137.png 1024w, https:\/\/mont-roig.cat\/wp-content\/uploads\/LOGOS-PSTD-ACTUALITZATS-768x103.png 768w, https:\/\/mont-roig.cat\/wp-content\/uploads\/LOGOS-PSTD-ACTUALITZATS-1536x205.png 1536w, https:\/\/mont-roig.cat\/wp-content\/uploads\/LOGOS-PSTD-ACTUALITZATS-scaled.png 2048w\" sizes=\"auto, (max-width: 500px) 100vw, 500px\" \/><\/a><\/p>\n","protected":false},"excerpt":{"rendered":"<p>El nuevo equipamiento pone a disposici\u00f3n diversos puestos de trabajo compartidos tipo coworking, despachos individuales, salas de reuniones y servicios de apoyo para fomentar el talento local y la actividad econ\u00f3mica. Las inscripciones deben realizarse a trav\u00e9s de la sede electr\u00f3nica hasta el d\u00eda 15 de agosto. El Ayuntamiento de Mont-roig del Camp ha activado [&hellip;]<\/p>\n","protected":false},"author":13,"featured_media":84676,"comment_status":"closed","ping_status":"closed","sticky":false,"template":"","format":"standard","meta":{"inline_featured_image":false,"_monsterinsights_skip_tracking":false,"_monsterinsights_sitenote_active":false,"_monsterinsights_sitenote_note":"","_monsterinsights_sitenote_category":0,"footnotes":""},"categories":[98,169,250],"tags":[],"class_list":["post-84691","post","type-post","status-publish","format-standard","has-post-thumbnail","hentry","category-ayuntamiento","category-impuls-economic-i-ocupacio-es","category-pstd-es"],"yoast_head":"<!-- This site is optimized with the Yoast SEO plugin v27.4 - https:\/\/yoast.com\/product\/yoast-seo-wordpress\/ -->\n<title>Abierto el plazo para solicitar el uso de los espacios de alojamiento empresarial del Ecoespai de Miami Platja - Ajuntament de Mont-roig del Camp<\/title>\n<meta name=\"robots\" content=\"index, follow, max-snippet:-1, max-image-preview:large, max-video-preview:-1\" \/>\n<link rel=\"canonical\" href=\"https:\/\/mont-roig.cat\/es\/actualitat\/noticies\/abierto-el-plazo-para-solicitar-el-uso-de-los-espacios-de-alojamiento-empresarial-del-ecoespai-de-miami-platja\/\" \/>\n<meta property=\"og:locale\" content=\"es_ES\" \/>\n<meta property=\"og:type\" content=\"article\" \/>\n<meta property=\"og:title\" content=\"Abierto el plazo para solicitar el uso de los espacios de alojamiento empresarial del Ecoespai de Miami Platja - Ajuntament de Mont-roig del Camp\" \/>\n<meta property=\"og:description\" content=\"El nuevo equipamiento pone a disposici\u00f3n diversos puestos de trabajo compartidos tipo coworking, despachos individuales, salas de reuniones y servicios de apoyo para fomentar el talento local y la actividad econ\u00f3mica. Las inscripciones deben realizarse a trav\u00e9s de la sede electr\u00f3nica hasta el d\u00eda 15 de agosto. El Ayuntamiento de Mont-roig del Camp ha activado [&hellip;]\" \/>\n<meta property=\"og:url\" content=\"https:\/\/mont-roig.cat\/es\/actualitat\/noticies\/abierto-el-plazo-para-solicitar-el-uso-de-los-espacios-de-alojamiento-empresarial-del-ecoespai-de-miami-platja\/\" \/>\n<meta property=\"og:site_name\" content=\"Ajuntament de Mont-roig del Camp\" \/>\n<meta property=\"article:published_time\" content=\"2025-07-16T08:10:04+00:00\" \/>\n<meta property=\"article:modified_time\" content=\"2025-10-02T07:23:51+00:00\" \/>\n<meta property=\"og:image\" content=\"https:\/\/mont-roig.cat\/wp-content\/uploads\/MMC_ECOESPAI25_META.png\" \/>\n\t<meta property=\"og:image:width\" content=\"1200\" \/>\n\t<meta property=\"og:image:height\" content=\"630\" \/>\n\t<meta property=\"og:image:type\" content=\"image\/png\" \/>\n<meta name=\"author\" content=\"comunicacio\" \/>\n<meta name=\"twitter:card\" content=\"summary_large_image\" \/>\n<meta name=\"twitter:label1\" content=\"Escrito por\" \/>\n\t<meta name=\"twitter:data1\" content=\"comunicacio\" \/>\n\t<meta name=\"twitter:label2\" content=\"Tiempo de lectura\" \/>\n\t<meta name=\"twitter:data2\" content=\"3 minutos\" \/>\n<script type=\"application\/ld+json\" class=\"yoast-schema-graph\">{\"@context\":\"https:\\\/\\\/schema.org\",\"@graph\":[{\"@type\":\"Article\",\"@id\":\"https:\\\/\\\/mont-roig.cat\\\/es\\\/actualitat\\\/noticies\\\/abierto-el-plazo-para-solicitar-el-uso-de-los-espacios-de-alojamiento-empresarial-del-ecoespai-de-miami-platja\\\/#article\",\"isPartOf\":{\"@id\":\"https:\\\/\\\/mont-roig.cat\\\/es\\\/actualitat\\\/noticies\\\/abierto-el-plazo-para-solicitar-el-uso-de-los-espacios-de-alojamiento-empresarial-del-ecoespai-de-miami-platja\\\/\"},\"author\":{\"name\":\"comunicacio\",\"@id\":\"https:\\\/\\\/mont-roig.cat\\\/es\\\/#\\\/schema\\\/person\\\/1f73e7b5e6f9dd122e8a6f14f310ac5e\"},\"headline\":\"Abierto el plazo para solicitar el uso de los espacios de alojamiento empresarial del Ecoespai de Miami Platja\",\"datePublished\":\"2025-07-16T08:10:04+00:00\",\"dateModified\":\"2025-10-02T07:23:51+00:00\",\"mainEntityOfPage\":{\"@id\":\"https:\\\/\\\/mont-roig.cat\\\/es\\\/actualitat\\\/noticies\\\/abierto-el-plazo-para-solicitar-el-uso-de-los-espacios-de-alojamiento-empresarial-del-ecoespai-de-miami-platja\\\/\"},\"wordCount\":386,\"image\":{\"@id\":\"https:\\\/\\\/mont-roig.cat\\\/es\\\/actualitat\\\/noticies\\\/abierto-el-plazo-para-solicitar-el-uso-de-los-espacios-de-alojamiento-empresarial-del-ecoespai-de-miami-platja\\\/#primaryimage\"},\"thumbnailUrl\":\"https:\\\/\\\/mont-roig.cat\\\/wp-content\\\/uploads\\\/MMC_ECOESPAI25_META.png\",\"articleSection\":[\"Ayuntamiento\",\"Impuls Econ\u00f2mic i Ocupaci\u00f3\",\"PSTD\"],\"inLanguage\":\"es\"},{\"@type\":\"WebPage\",\"@id\":\"https:\\\/\\\/mont-roig.cat\\\/es\\\/actualitat\\\/noticies\\\/abierto-el-plazo-para-solicitar-el-uso-de-los-espacios-de-alojamiento-empresarial-del-ecoespai-de-miami-platja\\\/\",\"url\":\"https:\\\/\\\/mont-roig.cat\\\/es\\\/actualitat\\\/noticies\\\/abierto-el-plazo-para-solicitar-el-uso-de-los-espacios-de-alojamiento-empresarial-del-ecoespai-de-miami-platja\\\/\",\"name\":\"Abierto el plazo para solicitar el uso de los espacios de alojamiento empresarial del Ecoespai de Miami Platja - Ajuntament de Mont-roig del Camp\",\"isPartOf\":{\"@id\":\"https:\\\/\\\/mont-roig.cat\\\/es\\\/#website\"},\"primaryImageOfPage\":{\"@id\":\"https:\\\/\\\/mont-roig.cat\\\/es\\\/actualitat\\\/noticies\\\/abierto-el-plazo-para-solicitar-el-uso-de-los-espacios-de-alojamiento-empresarial-del-ecoespai-de-miami-platja\\\/#primaryimage\"},\"image\":{\"@id\":\"https:\\\/\\\/mont-roig.cat\\\/es\\\/actualitat\\\/noticies\\\/abierto-el-plazo-para-solicitar-el-uso-de-los-espacios-de-alojamiento-empresarial-del-ecoespai-de-miami-platja\\\/#primaryimage\"},\"thumbnailUrl\":\"https:\\\/\\\/mont-roig.cat\\\/wp-content\\\/uploads\\\/MMC_ECOESPAI25_META.png\",\"datePublished\":\"2025-07-16T08:10:04+00:00\",\"dateModified\":\"2025-10-02T07:23:51+00:00\",\"author\":{\"@id\":\"https:\\\/\\\/mont-roig.cat\\\/es\\\/#\\\/schema\\\/person\\\/1f73e7b5e6f9dd122e8a6f14f310ac5e\"},\"breadcrumb\":{\"@id\":\"https:\\\/\\\/mont-roig.cat\\\/es\\\/actualitat\\\/noticies\\\/abierto-el-plazo-para-solicitar-el-uso-de-los-espacios-de-alojamiento-empresarial-del-ecoespai-de-miami-platja\\\/#breadcrumb\"},\"inLanguage\":\"es\",\"potentialAction\":[{\"@type\":\"ReadAction\",\"target\":[\"https:\\\/\\\/mont-roig.cat\\\/es\\\/actualitat\\\/noticies\\\/abierto-el-plazo-para-solicitar-el-uso-de-los-espacios-de-alojamiento-empresarial-del-ecoespai-de-miami-platja\\\/\"]}]},{\"@type\":\"ImageObject\",\"inLanguage\":\"es\",\"@id\":\"https:\\\/\\\/mont-roig.cat\\\/es\\\/actualitat\\\/noticies\\\/abierto-el-plazo-para-solicitar-el-uso-de-los-espacios-de-alojamiento-empresarial-del-ecoespai-de-miami-platja\\\/#primaryimage\",\"url\":\"https:\\\/\\\/mont-roig.cat\\\/wp-content\\\/uploads\\\/MMC_ECOESPAI25_META.png\",\"contentUrl\":\"https:\\\/\\\/mont-roig.cat\\\/wp-content\\\/uploads\\\/MMC_ECOESPAI25_META.png\",\"width\":1200,\"height\":630},{\"@type\":\"BreadcrumbList\",\"@id\":\"https:\\\/\\\/mont-roig.cat\\\/es\\\/actualitat\\\/noticies\\\/abierto-el-plazo-para-solicitar-el-uso-de-los-espacios-de-alojamiento-empresarial-del-ecoespai-de-miami-platja\\\/#breadcrumb\",\"itemListElement\":[{\"@type\":\"ListItem\",\"position\":1,\"name\":\"Inici\",\"item\":\"https:\\\/\\\/mont-roig.cat\\\/es\\\/pagina-de-inicio\\\/\"},{\"@type\":\"ListItem\",\"position\":2,\"name\":\"Abierto el plazo para solicitar el uso de los espacios de alojamiento empresarial del Ecoespai de Miami Platja\"}]},{\"@type\":\"WebSite\",\"@id\":\"https:\\\/\\\/mont-roig.cat\\\/es\\\/#website\",\"url\":\"https:\\\/\\\/mont-roig.cat\\\/es\\\/\",\"name\":\"Ajuntament de Mont-roig del Camp\",\"description\":\"Tota la informaci\u00f3 sobre la instituci\u00f3, els seus \u00f2rgans de govern, actualitat, serveis i molt m\u00e9s.\",\"potentialAction\":[{\"@type\":\"SearchAction\",\"target\":{\"@type\":\"EntryPoint\",\"urlTemplate\":\"https:\\\/\\\/mont-roig.cat\\\/es\\\/?s={search_term_string}\"},\"query-input\":{\"@type\":\"PropertyValueSpecification\",\"valueRequired\":true,\"valueName\":\"search_term_string\"}}],\"inLanguage\":\"es\"},{\"@type\":\"Person\",\"@id\":\"https:\\\/\\\/mont-roig.cat\\\/es\\\/#\\\/schema\\\/person\\\/1f73e7b5e6f9dd122e8a6f14f310ac5e\",\"name\":\"comunicacio\",\"image\":{\"@type\":\"ImageObject\",\"inLanguage\":\"es\",\"@id\":\"https:\\\/\\\/secure.gravatar.com\\\/avatar\\\/98944333e7a877670a64f8d10f0cb680ab2c9ebc4efc43945ef004b52b5ad28c?s=96&d=mm&r=g\",\"url\":\"https:\\\/\\\/secure.gravatar.com\\\/avatar\\\/98944333e7a877670a64f8d10f0cb680ab2c9ebc4efc43945ef004b52b5ad28c?s=96&d=mm&r=g\",\"contentUrl\":\"https:\\\/\\\/secure.gravatar.com\\\/avatar\\\/98944333e7a877670a64f8d10f0cb680ab2c9ebc4efc43945ef004b52b5ad28c?s=96&d=mm&r=g\",\"caption\":\"comunicacio\"},\"url\":\"https:\\\/\\\/mont-roig.cat\\\/es\\\/actualitat\\\/noticies\\\/author\\\/comunicacio\\\/\"}]}<\/script>\n<!-- \/ Yoast SEO plugin. -->","yoast_head_json":{"title":"Abierto el plazo para solicitar el uso de los espacios de alojamiento empresarial del Ecoespai de Miami Platja - Ajuntament de Mont-roig del Camp","robots":{"index":"index","follow":"follow","max-snippet":"max-snippet:-1","max-image-preview":"max-image-preview:large","max-video-preview":"max-video-preview:-1"},"canonical":"https:\/\/mont-roig.cat\/es\/actualitat\/noticies\/abierto-el-plazo-para-solicitar-el-uso-de-los-espacios-de-alojamiento-empresarial-del-ecoespai-de-miami-platja\/","og_locale":"es_ES","og_type":"article","og_title":"Abierto el plazo para solicitar el uso de los espacios de alojamiento empresarial del Ecoespai de Miami Platja - Ajuntament de Mont-roig del Camp","og_description":"El nuevo equipamiento pone a disposici\u00f3n diversos puestos de trabajo compartidos tipo coworking, despachos individuales, salas de reuniones y servicios de apoyo para fomentar el talento local y la actividad econ\u00f3mica. Las inscripciones deben realizarse a trav\u00e9s de la sede electr\u00f3nica hasta el d\u00eda 15 de agosto. El Ayuntamiento de Mont-roig del Camp ha activado [&hellip;]","og_url":"https:\/\/mont-roig.cat\/es\/actualitat\/noticies\/abierto-el-plazo-para-solicitar-el-uso-de-los-espacios-de-alojamiento-empresarial-del-ecoespai-de-miami-platja\/","og_site_name":"Ajuntament de Mont-roig del Camp","article_published_time":"2025-07-16T08:10:04+00:00","article_modified_time":"2025-10-02T07:23:51+00:00","og_image":[{"width":1200,"height":630,"url":"https:\/\/mont-roig.cat\/wp-content\/uploads\/MMC_ECOESPAI25_META.png","type":"image\/png"}],"author":"comunicacio","twitter_card":"summary_large_image","twitter_misc":{"Escrito por":"comunicacio","Tiempo de lectura":"3 minutos"},"schema":{"@context":"https:\/\/schema.org","@graph":[{"@type":"Article","@id":"https:\/\/mont-roig.cat\/es\/actualitat\/noticies\/abierto-el-plazo-para-solicitar-el-uso-de-los-espacios-de-alojamiento-empresarial-del-ecoespai-de-miami-platja\/#article","isPartOf":{"@id":"https:\/\/mont-roig.cat\/es\/actualitat\/noticies\/abierto-el-plazo-para-solicitar-el-uso-de-los-espacios-de-alojamiento-empresarial-del-ecoespai-de-miami-platja\/"},"author":{"name":"comunicacio","@id":"https:\/\/mont-roig.cat\/es\/#\/schema\/person\/1f73e7b5e6f9dd122e8a6f14f310ac5e"},"headline":"Abierto el plazo para solicitar el uso de los espacios de alojamiento empresarial del Ecoespai de Miami Platja","datePublished":"2025-07-16T08:10:04+00:00","dateModified":"2025-10-02T07:23:51+00:00","mainEntityOfPage":{"@id":"https:\/\/mont-roig.cat\/es\/actualitat\/noticies\/abierto-el-plazo-para-solicitar-el-uso-de-los-espacios-de-alojamiento-empresarial-del-ecoespai-de-miami-platja\/"},"wordCount":386,"image":{"@id":"https:\/\/mont-roig.cat\/es\/actualitat\/noticies\/abierto-el-plazo-para-solicitar-el-uso-de-los-espacios-de-alojamiento-empresarial-del-ecoespai-de-miami-platja\/#primaryimage"},"thumbnailUrl":"https:\/\/mont-roig.cat\/wp-content\/uploads\/MMC_ECOESPAI25_META.png","articleSection":["Ayuntamiento","Impuls Econ\u00f2mic i Ocupaci\u00f3","PSTD"],"inLanguage":"es"},{"@type":"WebPage","@id":"https:\/\/mont-roig.cat\/es\/actualitat\/noticies\/abierto-el-plazo-para-solicitar-el-uso-de-los-espacios-de-alojamiento-empresarial-del-ecoespai-de-miami-platja\/","url":"https:\/\/mont-roig.cat\/es\/actualitat\/noticies\/abierto-el-plazo-para-solicitar-el-uso-de-los-espacios-de-alojamiento-empresarial-del-ecoespai-de-miami-platja\/","name":"Abierto el plazo para solicitar el uso de los espacios de alojamiento empresarial del Ecoespai de Miami Platja - Ajuntament de Mont-roig del Camp","isPartOf":{"@id":"https:\/\/mont-roig.cat\/es\/#website"},"primaryImageOfPage":{"@id":"https:\/\/mont-roig.cat\/es\/actualitat\/noticies\/abierto-el-plazo-para-solicitar-el-uso-de-los-espacios-de-alojamiento-empresarial-del-ecoespai-de-miami-platja\/#primaryimage"},"image":{"@id":"https:\/\/mont-roig.cat\/es\/actualitat\/noticies\/abierto-el-plazo-para-solicitar-el-uso-de-los-espacios-de-alojamiento-empresarial-del-ecoespai-de-miami-platja\/#primaryimage"},"thumbnailUrl":"https:\/\/mont-roig.cat\/wp-content\/uploads\/MMC_ECOESPAI25_META.png","datePublished":"2025-07-16T08:10:04+00:00","dateModified":"2025-10-02T07:23:51+00:00","author":{"@id":"https:\/\/mont-roig.cat\/es\/#\/schema\/person\/1f73e7b5e6f9dd122e8a6f14f310ac5e"},"breadcrumb":{"@id":"https:\/\/mont-roig.cat\/es\/actualitat\/noticies\/abierto-el-plazo-para-solicitar-el-uso-de-los-espacios-de-alojamiento-empresarial-del-ecoespai-de-miami-platja\/#breadcrumb"},"inLanguage":"es","potentialAction":[{"@type":"ReadAction","target":["https:\/\/mont-roig.cat\/es\/actualitat\/noticies\/abierto-el-plazo-para-solicitar-el-uso-de-los-espacios-de-alojamiento-empresarial-del-ecoespai-de-miami-platja\/"]}]},{"@type":"ImageObject","inLanguage":"es","@id":"https:\/\/mont-roig.cat\/es\/actualitat\/noticies\/abierto-el-plazo-para-solicitar-el-uso-de-los-espacios-de-alojamiento-empresarial-del-ecoespai-de-miami-platja\/#primaryimage","url":"https:\/\/mont-roig.cat\/wp-content\/uploads\/MMC_ECOESPAI25_META.png","contentUrl":"https:\/\/mont-roig.cat\/wp-content\/uploads\/MMC_ECOESPAI25_META.png","width":1200,"height":630},{"@type":"BreadcrumbList","@id":"https:\/\/mont-roig.cat\/es\/actualitat\/noticies\/abierto-el-plazo-para-solicitar-el-uso-de-los-espacios-de-alojamiento-empresarial-del-ecoespai-de-miami-platja\/#breadcrumb","itemListElement":[{"@type":"ListItem","position":1,"name":"Inici","item":"https:\/\/mont-roig.cat\/es\/pagina-de-inicio\/"},{"@type":"ListItem","position":2,"name":"Abierto el plazo para solicitar el uso de los espacios de alojamiento empresarial del Ecoespai de Miami Platja"}]},{"@type":"WebSite","@id":"https:\/\/mont-roig.cat\/es\/#website","url":"https:\/\/mont-roig.cat\/es\/","name":"Ajuntament de Mont-roig del Camp","description":"Tota la informaci\u00f3 sobre la instituci\u00f3, els seus \u00f2rgans de govern, actualitat, serveis i molt m\u00e9s.","potentialAction":[{"@type":"SearchAction","target":{"@type":"EntryPoint","urlTemplate":"https:\/\/mont-roig.cat\/es\/?s={search_term_string}"},"query-input":{"@type":"PropertyValueSpecification","valueRequired":true,"valueName":"search_term_string"}}],"inLanguage":"es"},{"@type":"Person","@id":"https:\/\/mont-roig.cat\/es\/#\/schema\/person\/1f73e7b5e6f9dd122e8a6f14f310ac5e","name":"comunicacio","image":{"@type":"ImageObject","inLanguage":"es","@id":"https:\/\/secure.gravatar.com\/avatar\/98944333e7a877670a64f8d10f0cb680ab2c9ebc4efc43945ef004b52b5ad28c?s=96&d=mm&r=g","url":"https:\/\/secure.gravatar.com\/avatar\/98944333e7a877670a64f8d10f0cb680ab2c9ebc4efc43945ef004b52b5ad28c?s=96&d=mm&r=g","contentUrl":"https:\/\/secure.gravatar.com\/avatar\/98944333e7a877670a64f8d10f0cb680ab2c9ebc4efc43945ef004b52b5ad28c?s=96&d=mm&r=g","caption":"comunicacio"},"url":"https:\/\/mont-roig.cat\/es\/actualitat\/noticies\/author\/comunicacio\/"}]}},"_links":{"self":[{"href":"https:\/\/mont-roig.cat\/es\/wp-json\/wp\/v2\/posts\/84691","targetHints":{"allow":["GET"]}}],"collection":[{"href":"https:\/\/mont-roig.cat\/es\/wp-json\/wp\/v2\/posts"}],"about":[{"href":"https:\/\/mont-roig.cat\/es\/wp-json\/wp\/v2\/types\/post"}],"author":[{"embeddable":true,"href":"https:\/\/mont-roig.cat\/es\/wp-json\/wp\/v2\/users\/13"}],"replies":[{"embeddable":true,"href":"https:\/\/mont-roig.cat\/es\/wp-json\/wp\/v2\/comments?post=84691"}],"version-history":[{"count":4,"href":"https:\/\/mont-roig.cat\/es\/wp-json\/wp\/v2\/posts\/84691\/revisions"}],"predecessor-version":[{"id":85914,"href":"https:\/\/mont-roig.cat\/es\/wp-json\/wp\/v2\/posts\/84691\/revisions\/85914"}],"wp:featuredmedia":[{"embeddable":true,"href":"https:\/\/mont-roig.cat\/es\/wp-json\/wp\/v2\/media\/84676"}],"wp:attachment":[{"href":"https:\/\/mont-roig.cat\/es\/wp-json\/wp\/v2\/media?parent=84691"}],"wp:term":[{"taxonomy":"category","embeddable":true,"href":"https:\/\/mont-roig.cat\/es\/wp-json\/wp\/v2\/categories?post=84691"},{"taxonomy":"post_tag","embeddable":true,"href":"https:\/\/mont-roig.cat\/es\/wp-json\/wp\/v2\/tags?post=84691"}],"curies":[{"name":"wp","href":"https:\/\/api.w.org\/{rel}","templated":true}]}}