{"id":84732,"date":"2025-07-16T14:09:30","date_gmt":"2025-07-16T12:09:30","guid":{"rendered":"https:\/\/mont-roig.cat\/actualitat\/noticies\/nostraigua-inicia-dues-obres-de-connexio-a-la-xarxa-dabastament-del-cat-a-traves-del-diposit-general-de-miami-platja\/"},"modified":"2025-07-16T14:23:30","modified_gmt":"2025-07-16T12:23:30","slug":"nostraigua-inicia-dos-obras-de-conexion-a-la-red-de-abastecimiento-del-cat-a-traves-del-deposito-general-de-miami-platja","status":"publish","type":"post","link":"https:\/\/mont-roig.cat\/es\/actualitat\/noticies\/nostraigua-inicia-dos-obras-de-conexion-a-la-red-de-abastecimiento-del-cat-a-traves-del-deposito-general-de-miami-platja\/","title":{"rendered":"Nostraigua inicia dos obras de conexi\u00f3n a la red de abastecimiento del CAT a trav\u00e9s del dep\u00f3sito general de Miami Platja"},"content":{"rendered":"<p><strong><strong><a href=\"https:\/\/mont-roig.cat\/wp-content\/uploads\/OBRES-DIPOSITS.jpg\" target=\"_blank\" rel=\"noopener\"><img loading=\"lazy\" decoding=\"async\" class=\"alignright wp-image-84724\" src=\"https:\/\/mont-roig.cat\/wp-content\/uploads\/OBRES-DIPOSITS-500x225.jpg\" alt=\"\" width=\"302\" height=\"136\" srcset=\"https:\/\/mont-roig.cat\/wp-content\/uploads\/OBRES-DIPOSITS-500x225.jpg 500w, https:\/\/mont-roig.cat\/wp-content\/uploads\/OBRES-DIPOSITS-1024x462.jpg 1024w, https:\/\/mont-roig.cat\/wp-content\/uploads\/OBRES-DIPOSITS-768x346.jpg 768w, https:\/\/mont-roig.cat\/wp-content\/uploads\/OBRES-DIPOSITS-1536x692.jpg 1536w, https:\/\/mont-roig.cat\/wp-content\/uploads\/OBRES-DIPOSITS.jpg 2048w\" sizes=\"auto, (max-width: 302px) 100vw, 302px\" \/><\/a><\/strong><\/strong><\/p>\n<ul>\n<li data-start=\"168\" data-end=\"360\"><strong>Estas actuaciones son clave para garantizar los vol\u00famenes y la calidad del agua potable suministrada a los dep\u00f3sitos, y para proteger cuantitativa y cualitativamente el acu\u00edfero del Baix Camp.<\/strong><\/li>\n<\/ul>\n<p data-start=\"362\" data-end=\"759\">Nostraigua ha iniciado esta semana dos obras de conexi\u00f3n a la red de abastecimiento del Consorci d\u2019Aig\u00fces de Tarragona (CAT), a trav\u00e9s de su conexi\u00f3n con el dep\u00f3sito general de Miami Platja, con varios dep\u00f3sitos del municipio. La primera de las obras consiste en la conexi\u00f3n con el dep\u00f3sito de Via Marina y la segunda actuaci\u00f3n conecta con los dep\u00f3sitos de Sant Jordi, Gu\u00e0rdia Civil y Costa Z\u00e8fir.<\/p>\n<p data-start=\"761\" data-end=\"1214\">El Ayuntamiento de Mont-roig del Camp ha sido beneficiario de una subvenci\u00f3n por parte de la Ag\u00e8ncia Catalana de l\u2019Aigua (ACA), en el marco de la Resoluci\u00f3n TES\/387\/2021, de 9 de febrero, por la que se hace p\u00fablica la convocatoria para la concesi\u00f3n de subvenciones, en r\u00e9gimen de concurrencia competitiva, dirigidas a los entes locales, para la realizaci\u00f3n de inversiones destinadas a la ejecuci\u00f3n de actuaciones de abastecimiento en alta (BDNS 548621).<\/p>\n<p data-start=\"1216\" data-end=\"1620\"><strong data-start=\"1622\" data-end=\"1707\"><a href=\"https:\/\/mont-roig.cat\/wp-content\/uploads\/OBRES-DIPOSIT_5.jpg\" target=\"_blank\" rel=\"noopener\"><img loading=\"lazy\" decoding=\"async\" class=\"alignleft wp-image-84723 size-medium\" src=\"https:\/\/mont-roig.cat\/wp-content\/uploads\/OBRES-DIPOSIT_5-225x500.jpg\" alt=\"\" width=\"225\" height=\"500\" srcset=\"https:\/\/mont-roig.cat\/wp-content\/uploads\/OBRES-DIPOSIT_5-225x500.jpg 225w, https:\/\/mont-roig.cat\/wp-content\/uploads\/OBRES-DIPOSIT_5-462x1024.jpg 462w, https:\/\/mont-roig.cat\/wp-content\/uploads\/OBRES-DIPOSIT_5-768x1704.jpg 768w, https:\/\/mont-roig.cat\/wp-content\/uploads\/OBRES-DIPOSIT_5-692x1536.jpg 692w, https:\/\/mont-roig.cat\/wp-content\/uploads\/OBRES-DIPOSIT_5.jpg 923w\" sizes=\"auto, (max-width: 225px) 100vw, 225px\" \/><\/a><\/strong>Ambas obras tienen objetivos compartidos, que son garantizar los vol\u00famenes de agua potable suministrada a los dep\u00f3sitos con una calidad apta para el consumo humano, tal y como establece el Real Decreto 03\/2023 de 10 de enero, y proteger cuantitativa y cualitativamente el acu\u00edfero del Baix Camp, reduciendo el volumen captado y revirtiendo la tendencia de la concentraci\u00f3n de cloruros (intrusi\u00f3n salina).<\/p>\n<p data-start=\"1622\" data-end=\"1995\"><strong data-start=\"1622\" data-end=\"1707\">Conexi\u00f3n del dep\u00f3sito general de Miami Platja (CAT) con el dep\u00f3sito de Via Marina<\/strong><br data-start=\"1707\" data-end=\"1710\" \/>El \u00e1mbito de Via Marina, desde agosto de 2023, se ha visto afectado por un incremento en la salinizaci\u00f3n de sus pozos, por lo que, para garantizar un suministro estable y seguro, es necesaria su conexi\u00f3n a la red de abastecimiento del CAT a trav\u00e9s del dep\u00f3sito general de Miami Platja.<\/p>\n<p data-start=\"1997\" data-end=\"2169\">La actuaci\u00f3n consiste en la instalaci\u00f3n de una tuber\u00eda de polietileno de alta densidad (PEAD) PE100, PN16 DN110, que ir\u00e1 desde la avenida Casalot hasta la calle de l\u2019Angl\u00ed.<\/p>\n<ul>\n<li data-start=\"2171\" data-end=\"2241\"><strong data-start=\"2171\" data-end=\"2196\">Inversi\u00f3n adjudicada:<\/strong> 789,54 \u20ac<\/li>\n<li data-start=\"2171\" data-end=\"2241\"><strong data-start=\"2208\" data-end=\"2227\">Subvenci\u00f3n ACA:<\/strong> 25.363,40 \u20ac<\/li>\n<\/ul>\n<p><strong data-start=\"2243\" data-end=\"2359\">Conexi\u00f3n del dep\u00f3sito general de Miami Platja (CAT) con los dep\u00f3sitos de Sant Jordi, Gu\u00e0rdia Civil y Costa Z\u00e8fir<\/strong><br data-start=\"2359\" data-end=\"2362\" \/>La segunda actuaci\u00f3n conectar\u00e1 el dep\u00f3sito general de Miami Platja con tres dep\u00f3sitos estrat\u00e9gicos del municipio: Sant Jordi, Gu\u00e0rdia Civil y Costa Z\u00e8fir. Esta obra permitir\u00e1 garantizar un caudal de hasta 165 m\u00b3\/h en total para estas zonas, sustituyendo progresivamente el agua extra\u00edda de los pozos locales, que sufren una degradaci\u00f3n creciente por la intrusi\u00f3n salina.<\/p>\n<p data-start=\"2734\" data-end=\"3031\">La nueva tuber\u00eda partir\u00e1 de la avenida Madrid y seguir\u00e1 por la avenida Maria Cristina hasta llegar a los puntos de conexi\u00f3n de los dep\u00f3sitos. Esta conexi\u00f3n directa con el CAT contribuir\u00e1 de forma decisiva a mejorar la calidad del agua suministrada y a preservar los recursos h\u00eddricos subterr\u00e1neos.<\/p>\n<ul>\n<li data-start=\"3033\" data-end=\"3107\"><strong data-start=\"3033\" data-end=\"3058\">Inversi\u00f3n adjudicada:<\/strong> 128.256,45 \u20ac<\/li>\n<li data-start=\"3033\" data-end=\"3107\"><strong data-start=\"3074\" data-end=\"3093\">Subvenci\u00f3n ACA:<\/strong> 28.750,17 \u20ac<\/li>\n<\/ul>\n<p data-start=\"3109\" data-end=\"3543\" data-is-last-node=\"\" data-is-only-node=\"\"><a href=\"https:\/\/mont-roig.cat\/wp-content\/uploads\/aca.jpg\" target=\"_blank\" rel=\"noopener\"><img loading=\"lazy\" decoding=\"async\" class=\"alignleft wp-image-84728\" src=\"https:\/\/mont-roig.cat\/wp-content\/uploads\/aca-500x138.jpg\" alt=\"\" width=\"312\" height=\"86\" srcset=\"https:\/\/mont-roig.cat\/wp-content\/uploads\/aca-500x138.jpg 500w, https:\/\/mont-roig.cat\/wp-content\/uploads\/aca-1024x283.jpg 1024w, https:\/\/mont-roig.cat\/wp-content\/uploads\/aca-768x212.jpg 768w, https:\/\/mont-roig.cat\/wp-content\/uploads\/aca.jpg 1042w\" sizes=\"auto, (max-width: 312px) 100vw, 312px\" \/><\/a>La empresa adjudicataria ha sido <strong data-start=\"3142\" data-end=\"3157\">AGROVIAL SA<\/strong> y la duraci\u00f3n de las obras est\u00e1 prevista hasta el mes de octubre. Para garantizar su ejecuci\u00f3n y la posterior justificaci\u00f3n de la subvenci\u00f3n, el Ayuntamiento de Mont-roig del Camp ha autorizado la exenci\u00f3n del cumplimiento del horario de verano establecido por la Ordenanza municipal de calidad de las obras en el \u00e1mbito del dominio p\u00fablico del t\u00e9rmino municipal de Mont-roig del Camp.<\/p>\n<p>&nbsp;<\/p>\n","protected":false},"excerpt":{"rendered":"<p>Estas actuaciones son clave para garantizar los vol\u00famenes y la calidad del agua potable suministrada a los dep\u00f3sitos, y para proteger cuantitativa y cualitativamente el acu\u00edfero del Baix Camp. Nostraigua ha iniciado esta semana dos obras de conexi\u00f3n a la red de abastecimiento del Consorci d\u2019Aig\u00fces de Tarragona (CAT), a trav\u00e9s de su conexi\u00f3n con [&hellip;]<\/p>\n","protected":false},"author":13,"featured_media":84725,"comment_status":"closed","ping_status":"closed","sticky":false,"template":"","format":"standard","meta":{"inline_featured_image":false,"_monsterinsights_skip_tracking":false,"_monsterinsights_sitenote_active":false,"_monsterinsights_sitenote_note":"","_monsterinsights_sitenote_category":0,"footnotes":""},"categories":[98,203],"tags":[],"class_list":["post-84732","post","type-post","status-publish","format-standard","has-post-thumbnail","hentry","category-ayuntamiento","category-nostraigua-es"],"yoast_head":"<!-- This site is optimized with the Yoast SEO plugin v27.4 - https:\/\/yoast.com\/product\/yoast-seo-wordpress\/ -->\n<title>Nostraigua inicia dos obras de conexi\u00f3n a la red de abastecimiento del CAT a trav\u00e9s del dep\u00f3sito general de Miami Platja - Ajuntament de Mont-roig del Camp<\/title>\n<meta name=\"robots\" content=\"index, follow, max-snippet:-1, max-image-preview:large, max-video-preview:-1\" \/>\n<link rel=\"canonical\" href=\"https:\/\/mont-roig.cat\/es\/actualitat\/noticies\/nostraigua-inicia-dos-obras-de-conexion-a-la-red-de-abastecimiento-del-cat-a-traves-del-deposito-general-de-miami-platja\/\" \/>\n<meta property=\"og:locale\" content=\"es_ES\" \/>\n<meta property=\"og:type\" content=\"article\" \/>\n<meta property=\"og:title\" content=\"Nostraigua inicia dos obras de conexi\u00f3n a la red de abastecimiento del CAT a trav\u00e9s del dep\u00f3sito general de Miami Platja - Ajuntament de Mont-roig del Camp\" \/>\n<meta property=\"og:description\" content=\"Estas actuaciones son clave para garantizar los vol\u00famenes y la calidad del agua potable suministrada a los dep\u00f3sitos, y para proteger cuantitativa y cualitativamente el acu\u00edfero del Baix Camp. Nostraigua ha iniciado esta semana dos obras de conexi\u00f3n a la red de abastecimiento del Consorci d\u2019Aig\u00fces de Tarragona (CAT), a trav\u00e9s de su conexi\u00f3n con [&hellip;]\" \/>\n<meta property=\"og:url\" content=\"https:\/\/mont-roig.cat\/es\/actualitat\/noticies\/nostraigua-inicia-dos-obras-de-conexion-a-la-red-de-abastecimiento-del-cat-a-traves-del-deposito-general-de-miami-platja\/\" \/>\n<meta property=\"og:site_name\" content=\"Ajuntament de Mont-roig del Camp\" \/>\n<meta property=\"article:published_time\" content=\"2025-07-16T12:09:30+00:00\" \/>\n<meta property=\"article:modified_time\" content=\"2025-07-16T12:23:30+00:00\" \/>\n<meta property=\"og:image\" content=\"https:\/\/mont-roig.cat\/wp-content\/uploads\/OBRES-DIPOSITS.jpg\" \/>\n\t<meta property=\"og:image:width\" content=\"2048\" \/>\n\t<meta property=\"og:image:height\" content=\"923\" \/>\n\t<meta property=\"og:image:type\" content=\"image\/jpeg\" \/>\n<meta name=\"author\" content=\"comunicacio\" \/>\n<meta name=\"twitter:card\" content=\"summary_large_image\" \/>\n<meta name=\"twitter:label1\" content=\"Escrito por\" \/>\n\t<meta name=\"twitter:data1\" content=\"comunicacio\" \/>\n\t<meta name=\"twitter:label2\" content=\"Tiempo de lectura\" \/>\n\t<meta name=\"twitter:data2\" content=\"4 minutos\" \/>\n<script type=\"application\/ld+json\" class=\"yoast-schema-graph\">{\"@context\":\"https:\\\/\\\/schema.org\",\"@graph\":[{\"@type\":\"Article\",\"@id\":\"https:\\\/\\\/mont-roig.cat\\\/es\\\/actualitat\\\/noticies\\\/nostraigua-inicia-dos-obras-de-conexion-a-la-red-de-abastecimiento-del-cat-a-traves-del-deposito-general-de-miami-platja\\\/#article\",\"isPartOf\":{\"@id\":\"https:\\\/\\\/mont-roig.cat\\\/es\\\/actualitat\\\/noticies\\\/nostraigua-inicia-dos-obras-de-conexion-a-la-red-de-abastecimiento-del-cat-a-traves-del-deposito-general-de-miami-platja\\\/\"},\"author\":{\"name\":\"comunicacio\",\"@id\":\"https:\\\/\\\/mont-roig.cat\\\/es\\\/#\\\/schema\\\/person\\\/1f73e7b5e6f9dd122e8a6f14f310ac5e\"},\"headline\":\"Nostraigua inicia dos obras de conexi\u00f3n a la red de abastecimiento del CAT a trav\u00e9s del dep\u00f3sito general de Miami Platja\",\"datePublished\":\"2025-07-16T12:09:30+00:00\",\"dateModified\":\"2025-07-16T12:23:30+00:00\",\"mainEntityOfPage\":{\"@id\":\"https:\\\/\\\/mont-roig.cat\\\/es\\\/actualitat\\\/noticies\\\/nostraigua-inicia-dos-obras-de-conexion-a-la-red-de-abastecimiento-del-cat-a-traves-del-deposito-general-de-miami-platja\\\/\"},\"wordCount\":619,\"image\":{\"@id\":\"https:\\\/\\\/mont-roig.cat\\\/es\\\/actualitat\\\/noticies\\\/nostraigua-inicia-dos-obras-de-conexion-a-la-red-de-abastecimiento-del-cat-a-traves-del-deposito-general-de-miami-platja\\\/#primaryimage\"},\"thumbnailUrl\":\"https:\\\/\\\/mont-roig.cat\\\/wp-content\\\/uploads\\\/OBRES-DIPOSITS.jpg\",\"articleSection\":[\"Ayuntamiento\",\"Nostraigua\"],\"inLanguage\":\"es\"},{\"@type\":\"WebPage\",\"@id\":\"https:\\\/\\\/mont-roig.cat\\\/es\\\/actualitat\\\/noticies\\\/nostraigua-inicia-dos-obras-de-conexion-a-la-red-de-abastecimiento-del-cat-a-traves-del-deposito-general-de-miami-platja\\\/\",\"url\":\"https:\\\/\\\/mont-roig.cat\\\/es\\\/actualitat\\\/noticies\\\/nostraigua-inicia-dos-obras-de-conexion-a-la-red-de-abastecimiento-del-cat-a-traves-del-deposito-general-de-miami-platja\\\/\",\"name\":\"Nostraigua inicia dos obras de conexi\u00f3n a la red de abastecimiento del CAT a trav\u00e9s del dep\u00f3sito general de Miami Platja - Ajuntament de Mont-roig del Camp\",\"isPartOf\":{\"@id\":\"https:\\\/\\\/mont-roig.cat\\\/es\\\/#website\"},\"primaryImageOfPage\":{\"@id\":\"https:\\\/\\\/mont-roig.cat\\\/es\\\/actualitat\\\/noticies\\\/nostraigua-inicia-dos-obras-de-conexion-a-la-red-de-abastecimiento-del-cat-a-traves-del-deposito-general-de-miami-platja\\\/#primaryimage\"},\"image\":{\"@id\":\"https:\\\/\\\/mont-roig.cat\\\/es\\\/actualitat\\\/noticies\\\/nostraigua-inicia-dos-obras-de-conexion-a-la-red-de-abastecimiento-del-cat-a-traves-del-deposito-general-de-miami-platja\\\/#primaryimage\"},\"thumbnailUrl\":\"https:\\\/\\\/mont-roig.cat\\\/wp-content\\\/uploads\\\/OBRES-DIPOSITS.jpg\",\"datePublished\":\"2025-07-16T12:09:30+00:00\",\"dateModified\":\"2025-07-16T12:23:30+00:00\",\"author\":{\"@id\":\"https:\\\/\\\/mont-roig.cat\\\/es\\\/#\\\/schema\\\/person\\\/1f73e7b5e6f9dd122e8a6f14f310ac5e\"},\"breadcrumb\":{\"@id\":\"https:\\\/\\\/mont-roig.cat\\\/es\\\/actualitat\\\/noticies\\\/nostraigua-inicia-dos-obras-de-conexion-a-la-red-de-abastecimiento-del-cat-a-traves-del-deposito-general-de-miami-platja\\\/#breadcrumb\"},\"inLanguage\":\"es\",\"potentialAction\":[{\"@type\":\"ReadAction\",\"target\":[\"https:\\\/\\\/mont-roig.cat\\\/es\\\/actualitat\\\/noticies\\\/nostraigua-inicia-dos-obras-de-conexion-a-la-red-de-abastecimiento-del-cat-a-traves-del-deposito-general-de-miami-platja\\\/\"]}]},{\"@type\":\"ImageObject\",\"inLanguage\":\"es\",\"@id\":\"https:\\\/\\\/mont-roig.cat\\\/es\\\/actualitat\\\/noticies\\\/nostraigua-inicia-dos-obras-de-conexion-a-la-red-de-abastecimiento-del-cat-a-traves-del-deposito-general-de-miami-platja\\\/#primaryimage\",\"url\":\"https:\\\/\\\/mont-roig.cat\\\/wp-content\\\/uploads\\\/OBRES-DIPOSITS.jpg\",\"contentUrl\":\"https:\\\/\\\/mont-roig.cat\\\/wp-content\\\/uploads\\\/OBRES-DIPOSITS.jpg\",\"width\":2048,\"height\":923},{\"@type\":\"BreadcrumbList\",\"@id\":\"https:\\\/\\\/mont-roig.cat\\\/es\\\/actualitat\\\/noticies\\\/nostraigua-inicia-dos-obras-de-conexion-a-la-red-de-abastecimiento-del-cat-a-traves-del-deposito-general-de-miami-platja\\\/#breadcrumb\",\"itemListElement\":[{\"@type\":\"ListItem\",\"position\":1,\"name\":\"Inici\",\"item\":\"https:\\\/\\\/mont-roig.cat\\\/es\\\/pagina-de-inicio\\\/\"},{\"@type\":\"ListItem\",\"position\":2,\"name\":\"Nostraigua inicia dos obras de conexi\u00f3n a la red de abastecimiento del CAT a trav\u00e9s del dep\u00f3sito general de Miami Platja\"}]},{\"@type\":\"WebSite\",\"@id\":\"https:\\\/\\\/mont-roig.cat\\\/es\\\/#website\",\"url\":\"https:\\\/\\\/mont-roig.cat\\\/es\\\/\",\"name\":\"Ajuntament de Mont-roig del Camp\",\"description\":\"Tota la informaci\u00f3 sobre la instituci\u00f3, els seus \u00f2rgans de govern, actualitat, serveis i molt m\u00e9s.\",\"potentialAction\":[{\"@type\":\"SearchAction\",\"target\":{\"@type\":\"EntryPoint\",\"urlTemplate\":\"https:\\\/\\\/mont-roig.cat\\\/es\\\/?s={search_term_string}\"},\"query-input\":{\"@type\":\"PropertyValueSpecification\",\"valueRequired\":true,\"valueName\":\"search_term_string\"}}],\"inLanguage\":\"es\"},{\"@type\":\"Person\",\"@id\":\"https:\\\/\\\/mont-roig.cat\\\/es\\\/#\\\/schema\\\/person\\\/1f73e7b5e6f9dd122e8a6f14f310ac5e\",\"name\":\"comunicacio\",\"image\":{\"@type\":\"ImageObject\",\"inLanguage\":\"es\",\"@id\":\"https:\\\/\\\/secure.gravatar.com\\\/avatar\\\/98944333e7a877670a64f8d10f0cb680ab2c9ebc4efc43945ef004b52b5ad28c?s=96&d=mm&r=g\",\"url\":\"https:\\\/\\\/secure.gravatar.com\\\/avatar\\\/98944333e7a877670a64f8d10f0cb680ab2c9ebc4efc43945ef004b52b5ad28c?s=96&d=mm&r=g\",\"contentUrl\":\"https:\\\/\\\/secure.gravatar.com\\\/avatar\\\/98944333e7a877670a64f8d10f0cb680ab2c9ebc4efc43945ef004b52b5ad28c?s=96&d=mm&r=g\",\"caption\":\"comunicacio\"},\"url\":\"https:\\\/\\\/mont-roig.cat\\\/es\\\/actualitat\\\/noticies\\\/author\\\/comunicacio\\\/\"}]}<\/script>\n<!-- \/ Yoast SEO plugin. -->","yoast_head_json":{"title":"Nostraigua inicia dos obras de conexi\u00f3n a la red de abastecimiento del CAT a trav\u00e9s del dep\u00f3sito general de Miami Platja - Ajuntament de Mont-roig del Camp","robots":{"index":"index","follow":"follow","max-snippet":"max-snippet:-1","max-image-preview":"max-image-preview:large","max-video-preview":"max-video-preview:-1"},"canonical":"https:\/\/mont-roig.cat\/es\/actualitat\/noticies\/nostraigua-inicia-dos-obras-de-conexion-a-la-red-de-abastecimiento-del-cat-a-traves-del-deposito-general-de-miami-platja\/","og_locale":"es_ES","og_type":"article","og_title":"Nostraigua inicia dos obras de conexi\u00f3n a la red de abastecimiento del CAT a trav\u00e9s del dep\u00f3sito general de Miami Platja - Ajuntament de Mont-roig del Camp","og_description":"Estas actuaciones son clave para garantizar los vol\u00famenes y la calidad del agua potable suministrada a los dep\u00f3sitos, y para proteger cuantitativa y cualitativamente el acu\u00edfero del Baix Camp. Nostraigua ha iniciado esta semana dos obras de conexi\u00f3n a la red de abastecimiento del Consorci d\u2019Aig\u00fces de Tarragona (CAT), a trav\u00e9s de su conexi\u00f3n con [&hellip;]","og_url":"https:\/\/mont-roig.cat\/es\/actualitat\/noticies\/nostraigua-inicia-dos-obras-de-conexion-a-la-red-de-abastecimiento-del-cat-a-traves-del-deposito-general-de-miami-platja\/","og_site_name":"Ajuntament de Mont-roig del Camp","article_published_time":"2025-07-16T12:09:30+00:00","article_modified_time":"2025-07-16T12:23:30+00:00","og_image":[{"width":2048,"height":923,"url":"https:\/\/mont-roig.cat\/wp-content\/uploads\/OBRES-DIPOSITS.jpg","type":"image\/jpeg"}],"author":"comunicacio","twitter_card":"summary_large_image","twitter_misc":{"Escrito por":"comunicacio","Tiempo de lectura":"4 minutos"},"schema":{"@context":"https:\/\/schema.org","@graph":[{"@type":"Article","@id":"https:\/\/mont-roig.cat\/es\/actualitat\/noticies\/nostraigua-inicia-dos-obras-de-conexion-a-la-red-de-abastecimiento-del-cat-a-traves-del-deposito-general-de-miami-platja\/#article","isPartOf":{"@id":"https:\/\/mont-roig.cat\/es\/actualitat\/noticies\/nostraigua-inicia-dos-obras-de-conexion-a-la-red-de-abastecimiento-del-cat-a-traves-del-deposito-general-de-miami-platja\/"},"author":{"name":"comunicacio","@id":"https:\/\/mont-roig.cat\/es\/#\/schema\/person\/1f73e7b5e6f9dd122e8a6f14f310ac5e"},"headline":"Nostraigua inicia dos obras de conexi\u00f3n a la red de abastecimiento del CAT a trav\u00e9s del dep\u00f3sito general de Miami Platja","datePublished":"2025-07-16T12:09:30+00:00","dateModified":"2025-07-16T12:23:30+00:00","mainEntityOfPage":{"@id":"https:\/\/mont-roig.cat\/es\/actualitat\/noticies\/nostraigua-inicia-dos-obras-de-conexion-a-la-red-de-abastecimiento-del-cat-a-traves-del-deposito-general-de-miami-platja\/"},"wordCount":619,"image":{"@id":"https:\/\/mont-roig.cat\/es\/actualitat\/noticies\/nostraigua-inicia-dos-obras-de-conexion-a-la-red-de-abastecimiento-del-cat-a-traves-del-deposito-general-de-miami-platja\/#primaryimage"},"thumbnailUrl":"https:\/\/mont-roig.cat\/wp-content\/uploads\/OBRES-DIPOSITS.jpg","articleSection":["Ayuntamiento","Nostraigua"],"inLanguage":"es"},{"@type":"WebPage","@id":"https:\/\/mont-roig.cat\/es\/actualitat\/noticies\/nostraigua-inicia-dos-obras-de-conexion-a-la-red-de-abastecimiento-del-cat-a-traves-del-deposito-general-de-miami-platja\/","url":"https:\/\/mont-roig.cat\/es\/actualitat\/noticies\/nostraigua-inicia-dos-obras-de-conexion-a-la-red-de-abastecimiento-del-cat-a-traves-del-deposito-general-de-miami-platja\/","name":"Nostraigua inicia dos obras de conexi\u00f3n a la red de abastecimiento del CAT a trav\u00e9s del dep\u00f3sito general de Miami Platja - Ajuntament de Mont-roig del Camp","isPartOf":{"@id":"https:\/\/mont-roig.cat\/es\/#website"},"primaryImageOfPage":{"@id":"https:\/\/mont-roig.cat\/es\/actualitat\/noticies\/nostraigua-inicia-dos-obras-de-conexion-a-la-red-de-abastecimiento-del-cat-a-traves-del-deposito-general-de-miami-platja\/#primaryimage"},"image":{"@id":"https:\/\/mont-roig.cat\/es\/actualitat\/noticies\/nostraigua-inicia-dos-obras-de-conexion-a-la-red-de-abastecimiento-del-cat-a-traves-del-deposito-general-de-miami-platja\/#primaryimage"},"thumbnailUrl":"https:\/\/mont-roig.cat\/wp-content\/uploads\/OBRES-DIPOSITS.jpg","datePublished":"2025-07-16T12:09:30+00:00","dateModified":"2025-07-16T12:23:30+00:00","author":{"@id":"https:\/\/mont-roig.cat\/es\/#\/schema\/person\/1f73e7b5e6f9dd122e8a6f14f310ac5e"},"breadcrumb":{"@id":"https:\/\/mont-roig.cat\/es\/actualitat\/noticies\/nostraigua-inicia-dos-obras-de-conexion-a-la-red-de-abastecimiento-del-cat-a-traves-del-deposito-general-de-miami-platja\/#breadcrumb"},"inLanguage":"es","potentialAction":[{"@type":"ReadAction","target":["https:\/\/mont-roig.cat\/es\/actualitat\/noticies\/nostraigua-inicia-dos-obras-de-conexion-a-la-red-de-abastecimiento-del-cat-a-traves-del-deposito-general-de-miami-platja\/"]}]},{"@type":"ImageObject","inLanguage":"es","@id":"https:\/\/mont-roig.cat\/es\/actualitat\/noticies\/nostraigua-inicia-dos-obras-de-conexion-a-la-red-de-abastecimiento-del-cat-a-traves-del-deposito-general-de-miami-platja\/#primaryimage","url":"https:\/\/mont-roig.cat\/wp-content\/uploads\/OBRES-DIPOSITS.jpg","contentUrl":"https:\/\/mont-roig.cat\/wp-content\/uploads\/OBRES-DIPOSITS.jpg","width":2048,"height":923},{"@type":"BreadcrumbList","@id":"https:\/\/mont-roig.cat\/es\/actualitat\/noticies\/nostraigua-inicia-dos-obras-de-conexion-a-la-red-de-abastecimiento-del-cat-a-traves-del-deposito-general-de-miami-platja\/#breadcrumb","itemListElement":[{"@type":"ListItem","position":1,"name":"Inici","item":"https:\/\/mont-roig.cat\/es\/pagina-de-inicio\/"},{"@type":"ListItem","position":2,"name":"Nostraigua inicia dos obras de conexi\u00f3n a la red de abastecimiento del CAT a trav\u00e9s del dep\u00f3sito general de Miami Platja"}]},{"@type":"WebSite","@id":"https:\/\/mont-roig.cat\/es\/#website","url":"https:\/\/mont-roig.cat\/es\/","name":"Ajuntament de Mont-roig del Camp","description":"Tota la informaci\u00f3 sobre la instituci\u00f3, els seus \u00f2rgans de govern, actualitat, serveis i molt m\u00e9s.","potentialAction":[{"@type":"SearchAction","target":{"@type":"EntryPoint","urlTemplate":"https:\/\/mont-roig.cat\/es\/?s={search_term_string}"},"query-input":{"@type":"PropertyValueSpecification","valueRequired":true,"valueName":"search_term_string"}}],"inLanguage":"es"},{"@type":"Person","@id":"https:\/\/mont-roig.cat\/es\/#\/schema\/person\/1f73e7b5e6f9dd122e8a6f14f310ac5e","name":"comunicacio","image":{"@type":"ImageObject","inLanguage":"es","@id":"https:\/\/secure.gravatar.com\/avatar\/98944333e7a877670a64f8d10f0cb680ab2c9ebc4efc43945ef004b52b5ad28c?s=96&d=mm&r=g","url":"https:\/\/secure.gravatar.com\/avatar\/98944333e7a877670a64f8d10f0cb680ab2c9ebc4efc43945ef004b52b5ad28c?s=96&d=mm&r=g","contentUrl":"https:\/\/secure.gravatar.com\/avatar\/98944333e7a877670a64f8d10f0cb680ab2c9ebc4efc43945ef004b52b5ad28c?s=96&d=mm&r=g","caption":"comunicacio"},"url":"https:\/\/mont-roig.cat\/es\/actualitat\/noticies\/author\/comunicacio\/"}]}},"_links":{"self":[{"href":"https:\/\/mont-roig.cat\/es\/wp-json\/wp\/v2\/posts\/84732","targetHints":{"allow":["GET"]}}],"collection":[{"href":"https:\/\/mont-roig.cat\/es\/wp-json\/wp\/v2\/posts"}],"about":[{"href":"https:\/\/mont-roig.cat\/es\/wp-json\/wp\/v2\/types\/post"}],"author":[{"embeddable":true,"href":"https:\/\/mont-roig.cat\/es\/wp-json\/wp\/v2\/users\/13"}],"replies":[{"embeddable":true,"href":"https:\/\/mont-roig.cat\/es\/wp-json\/wp\/v2\/comments?post=84732"}],"version-history":[{"count":2,"href":"https:\/\/mont-roig.cat\/es\/wp-json\/wp\/v2\/posts\/84732\/revisions"}],"predecessor-version":[{"id":84734,"href":"https:\/\/mont-roig.cat\/es\/wp-json\/wp\/v2\/posts\/84732\/revisions\/84734"}],"wp:featuredmedia":[{"embeddable":true,"href":"https:\/\/mont-roig.cat\/es\/wp-json\/wp\/v2\/media\/84725"}],"wp:attachment":[{"href":"https:\/\/mont-roig.cat\/es\/wp-json\/wp\/v2\/media?parent=84732"}],"wp:term":[{"taxonomy":"category","embeddable":true,"href":"https:\/\/mont-roig.cat\/es\/wp-json\/wp\/v2\/categories?post=84732"},{"taxonomy":"post_tag","embeddable":true,"href":"https:\/\/mont-roig.cat\/es\/wp-json\/wp\/v2\/tags?post=84732"}],"curies":[{"name":"wp","href":"https:\/\/api.w.org\/{rel}","templated":true}]}}