{"id":84816,"date":"2025-07-22T17:14:08","date_gmt":"2025-07-22T15:14:08","guid":{"rendered":"https:\/\/mont-roig.cat\/actualitat\/noticies\/la-142a-fira-de-mont-roig-del-camp-consolida-el-seu-caracter-festiu-i-popular-amb-musica-gastronomia-i-espectacles-per-a-tots-els-publics\/"},"modified":"2025-07-28T11:18:56","modified_gmt":"2025-07-28T09:18:56","slug":"la-142a-feria-de-mont-roig-del-camp-consolida-su-caracter-festivo-y-popular-con-musica-gastronomia-y-espectaculos-para-todos-los-publicos","status":"publish","type":"post","link":"https:\/\/mont-roig.cat\/es\/actualitat\/noticies\/la-142a-feria-de-mont-roig-del-camp-consolida-su-caracter-festivo-y-popular-con-musica-gastronomia-y-espectaculos-para-todos-los-publicos\/","title":{"rendered":"La 142\u00aa Feria de Mont-roig del Camp consolida su car\u00e1cter festivo y popular con m\u00fasica, gastronom\u00eda y espect\u00e1culos para todos los p\u00fablicos"},"content":{"rendered":"<ul>\n<li><strong><strong> <a href=\"https:\/\/mont-roig.cat\/wp-content\/uploads\/LAFIRA_25_META.png\" target=\"_blank\" rel=\"noopener\"><img loading=\"lazy\" decoding=\"async\" class=\"alignright wp-image-84803\" src=\"https:\/\/mont-roig.cat\/wp-content\/uploads\/LAFIRA_25_META-500x263.png\" alt=\"\" width=\"316\" height=\"166\" srcset=\"https:\/\/mont-roig.cat\/wp-content\/uploads\/LAFIRA_25_META-500x263.png 500w, https:\/\/mont-roig.cat\/wp-content\/uploads\/LAFIRA_25_META-1024x538.png 1024w, https:\/\/mont-roig.cat\/wp-content\/uploads\/LAFIRA_25_META-768x403.png 768w, https:\/\/mont-roig.cat\/wp-content\/uploads\/LAFIRA_25_META.png 1200w\" sizes=\"auto, (max-width: 316px) 100vw, 316px\" \/><\/a><\/strong>El teatro de Merc\u00e8 Comes y el concierto de Les Que Faltaband marcan una edici\u00f3n que combina tradici\u00f3n, cultura y reivindicaci\u00f3n musical<\/strong><\/li>\n<li><strong>Las &#8220;matines remullades&#8221; y el nuevo circuito popular \u201cRocaxof!\u201d, desde la Ermita hasta el pueblo, se estrenan como propuesta intergeneracional para favorecer la convivencia y el disfrute compartido<\/strong><\/li>\n<\/ul>\n<p data-start=\"606\" data-end=\"1079\">Del 31 de julio al 3 de agosto, Mont-roig del Camp volver\u00e1 a vivir uno de sus eventos m\u00e1s emblem\u00e1ticos: la 142\u00aa edici\u00f3n de la Feria, que reunir\u00e1 cultura popular, m\u00fasica en directo, gastronom\u00eda y actividades para todos los p\u00fablicos, en un ambiente de convivencia, apertura y dinamismo. El objetivo principal de la Feria contin\u00faa siendo fomentar la actividad econ\u00f3mica y comercial local, al mismo tiempo que ofrece una programaci\u00f3n festiva y tradicional para todo el mundo.<\/p>\n<p data-start=\"1081\" data-end=\"1577\">Como es habitual, el recinto ferial de la calle 1 d\u2019Octubre acoger\u00e1 durante todo el fin de semana stands de expositores, zona de restauraci\u00f3n con <em data-start=\"1227\" data-end=\"1240\">food trucks<\/em>, espacio gastron\u00f3mico y escenario para conciertos y actuaciones. La Feria comenzar\u00e1 con una actividad pensada para el p\u00fablico joven: el <em data-start=\"1377\" data-end=\"1393\">Sarau Pisciner<\/em>, que tendr\u00e1 lugar en la Piscina Municipal, con ba\u00f1o nocturno, m\u00fasica y servicio de bar. Posteriormente, la fiesta se trasladar\u00e1 a la <em data-start=\"1527\" data-end=\"1542\">Pista d\u2019Estiu<\/em> con la sesi\u00f3n musical de DJ Ada.<\/p>\n<p data-start=\"1579\" data-end=\"2286\">Las actividades del viernes se iniciar\u00e1n con el pasacalle de la Zebrass Band, que recorrer\u00e1 las calles del n\u00facleo antiguo hasta el recinto ferial. A las 20 h tendr\u00e1 lugar la inauguraci\u00f3n institucional de la Feria con los parlamentos de las autoridades locales, el <em data-start=\"1843\" data-end=\"1855\">pubillatge<\/em> y una <em data-start=\"1862\" data-end=\"1869\">traca<\/em> que marcar\u00e1 el inicio de los actos. A partir de las 18 h, el recinto ya estar\u00e1 abierto al p\u00fablico, con puestos de artesan\u00eda y gastronom\u00eda y las primeras propuestas musicales. De la noche del viernes destaca el concierto de Les Que Faltaband, una banda festiva formada por mujeres que combina m\u00fasica, humor y cr\u00edtica social con mucho ritmo. El viernes tambi\u00e9n habr\u00e1 <em data-start=\"2235\" data-end=\"2246\">havaneres<\/em> y un castillo de fuegos artificiales.<\/p>\n<p data-start=\"2288\" data-end=\"3090\"><strong data-start=\"2288\" data-end=\"2313\">La jornada del s\u00e1bado<\/strong><br data-start=\"2313\" data-end=\"2316\" \/>El s\u00e1bado comenzar\u00e1 con una refrescante propuesta: a las 9:30 h, un tobog\u00e1n acu\u00e1tico en la calle Mare de D\u00e9u de la Roca har\u00e1 las delicias de grandes y peque\u00f1os. A las 12:30 h, la actividad continuar\u00e1 con la <em data-start=\"2523\" data-end=\"2542\">Festa de l\u2019Escuma<\/em> y la <em data-start=\"2548\" data-end=\"2560\">Festa Holi<\/em> en el aparcamiento de la Casa de Cultura, llena de colores y burbujas, seguida de un vermut fresco y gratuito a las 13:30 h, con m\u00fasica electr\u00f3nica a cargo del DJ Francesc Torres. A las 18:30 h, el <em data-start=\"2759\" data-end=\"2775\">Camp de Futbol<\/em> acoger\u00e1 un partido de veteranos entre el C.A. Mont-roig y los veteranos de Montbri\u00f3. Por la noche, destaca el <em data-start=\"2886\" data-end=\"2896\">Correfoc<\/em> con los Diables de Vandell\u00f2s y el <em data-start=\"2931\" data-end=\"2945\">Ball de Fira<\/em> con la Orquestra La Chatta, que dar\u00e1 paso a una sesi\u00f3n con el DJ Pau Brull para cerrar la jornada con un ambiente festivo e intergeneracional.<\/p>\n<p data-start=\"3092\" data-end=\"3922\">El domingo comenzar\u00e1 con dos de las principales novedades de esta edici\u00f3n: las <em data-start=\"3171\" data-end=\"3191\">matines remullades<\/em>, con los Kint@s\u201925, que saldr\u00e1n desde la <em data-start=\"3233\" data-end=\"3248\">Pista d\u2019Estiu<\/em> y acabar\u00e1n en la plaza Miramar con <em data-start=\"3284\" data-end=\"3290\">coca<\/em> y chocolate. Tambi\u00e9n el domingo tendr\u00e1 lugar el <em data-start=\"3339\" data-end=\"3349\">Rocaxof!<\/em>, una actividad original y participativa impulsada por el CE l\u2019Areny. A partir de las 9 h, los participantes saldr\u00e1n desde la Ermita de la Mare de D\u00e9u de la Roca en direcci\u00f3n a la Piscina Municipal, haciendo un recorrido lleno de retos, pruebas y risas. No es una carrera, sino un camino compartido y l\u00fadico, pensado para todas las edades, con grupos formados de manera aleatoria y heterog\u00e9nea para fomentar la convivencia y la diversi\u00f3n. La actividad es gratuita, pero se requiere inscripci\u00f3n previa en la web <a class=\"\" href=\"http:\/\/www.celareny.cat\/rocaxof\" target=\"_blank\" rel=\"noopener\" data-start=\"3860\" data-end=\"3919\">www.celareny.cat\/rocaxof<\/a>.<\/p>\n<p data-start=\"3924\" data-end=\"4221\">El \u00faltimo d\u00eda de la Feria continuar\u00e1 con el <em data-start=\"3968\" data-end=\"3987\">Trobada Gegantera<\/em> de Mont-roig del Camp, organizada por la <em data-start=\"4029\" data-end=\"4057\">colla gegantera i grallera<\/em> del Barri de Dalt \u201cPitota i Pitot\u201d, con la participaci\u00f3n de diversas <em data-start=\"4127\" data-end=\"4135\">colles<\/em> invitadas y un pasacalle hasta la plaza Miramar, donde se celebrar\u00e1 el baile final.<\/p>\n<p data-start=\"4223\" data-end=\"4671\">La Feria se cerrar\u00e1 con la obra teatral <em data-start=\"4263\" data-end=\"4278\">Moltes Merc\u00e8s<\/em>, interpretada por Merc\u00e8 Comes, una comedia con mirada cr\u00edtica, divertida y humana que pondr\u00e1 el punto final a la edici\u00f3n de este a\u00f1o con un tono cultural y reflexivo. La actuaci\u00f3n, con entrada gratuita, tendr\u00e1 lugar a las 22 h en la <em data-start=\"4512\" data-end=\"4527\">Pista d\u2019Estiu<\/em>.<\/p>\n<p>Programa completo de la Fira de Mont-roig del Camp en PDF <a href=\"https:\/\/mont-roig.cat\/wp-content\/uploads\/MMF_FIRA_25_web3.pdf\" target=\"_blank\" rel=\"noopener\">en este enlace<\/a>.<\/p>\n<p>&nbsp;<\/p>\n","protected":false},"excerpt":{"rendered":"<p>El teatro de Merc\u00e8 Comes y el concierto de Les Que Faltaband marcan una edici\u00f3n que combina tradici\u00f3n, cultura y reivindicaci\u00f3n musical Las &#8220;matines remullades&#8221; y el nuevo circuito popular \u201cRocaxof!\u201d, desde la Ermita hasta el pueblo, se estrenan como propuesta intergeneracional para favorecer la convivencia y el disfrute compartido Del 31 de julio al [&hellip;]<\/p>\n","protected":false},"author":13,"featured_media":84804,"comment_status":"closed","ping_status":"closed","sticky":false,"template":"","format":"standard","meta":{"inline_featured_image":false,"_monsterinsights_skip_tracking":false,"_monsterinsights_sitenote_active":false,"_monsterinsights_sitenote_note":"","_monsterinsights_sitenote_category":0,"footnotes":""},"categories":[98,105,115],"tags":[],"class_list":["post-84816","post","type-post","status-publish","format-standard","has-post-thumbnail","hentry","category-ayuntamiento","category-fiestas","category-turismo"],"yoast_head":"<!-- This site is optimized with the Yoast SEO plugin v27.4 - https:\/\/yoast.com\/product\/yoast-seo-wordpress\/ -->\n<title>La 142\u00aa Feria de Mont-roig del Camp consolida su car\u00e1cter festivo y popular con m\u00fasica, gastronom\u00eda y espect\u00e1culos para todos los p\u00fablicos - Ajuntament de Mont-roig del Camp<\/title>\n<meta name=\"robots\" content=\"index, follow, max-snippet:-1, max-image-preview:large, max-video-preview:-1\" \/>\n<link rel=\"canonical\" href=\"https:\/\/mont-roig.cat\/es\/actualitat\/noticies\/la-142a-feria-de-mont-roig-del-camp-consolida-su-caracter-festivo-y-popular-con-musica-gastronomia-y-espectaculos-para-todos-los-publicos\/\" \/>\n<meta property=\"og:locale\" content=\"es_ES\" \/>\n<meta property=\"og:type\" content=\"article\" \/>\n<meta property=\"og:title\" content=\"La 142\u00aa Feria de Mont-roig del Camp consolida su car\u00e1cter festivo y popular con m\u00fasica, gastronom\u00eda y espect\u00e1culos para todos los p\u00fablicos - Ajuntament de Mont-roig del Camp\" \/>\n<meta property=\"og:description\" content=\"El teatro de Merc\u00e8 Comes y el concierto de Les Que Faltaband marcan una edici\u00f3n que combina tradici\u00f3n, cultura y reivindicaci\u00f3n musical Las &#8220;matines remullades&#8221; y el nuevo circuito popular \u201cRocaxof!\u201d, desde la Ermita hasta el pueblo, se estrenan como propuesta intergeneracional para favorecer la convivencia y el disfrute compartido Del 31 de julio al [&hellip;]\" \/>\n<meta property=\"og:url\" content=\"https:\/\/mont-roig.cat\/es\/actualitat\/noticies\/la-142a-feria-de-mont-roig-del-camp-consolida-su-caracter-festivo-y-popular-con-musica-gastronomia-y-espectaculos-para-todos-los-publicos\/\" \/>\n<meta property=\"og:site_name\" content=\"Ajuntament de Mont-roig del Camp\" \/>\n<meta property=\"article:published_time\" content=\"2025-07-22T15:14:08+00:00\" \/>\n<meta property=\"article:modified_time\" content=\"2025-07-28T09:18:56+00:00\" \/>\n<meta property=\"og:image\" content=\"https:\/\/mont-roig.cat\/wp-content\/uploads\/LAFIRA_25_META.png\" \/>\n\t<meta property=\"og:image:width\" content=\"1200\" \/>\n\t<meta property=\"og:image:height\" content=\"630\" \/>\n\t<meta property=\"og:image:type\" content=\"image\/png\" \/>\n<meta name=\"author\" content=\"comunicacio\" \/>\n<meta name=\"twitter:card\" content=\"summary_large_image\" \/>\n<meta name=\"twitter:label1\" content=\"Escrito por\" \/>\n\t<meta name=\"twitter:data1\" content=\"comunicacio\" \/>\n\t<meta name=\"twitter:label2\" content=\"Tiempo de lectura\" \/>\n\t<meta name=\"twitter:data2\" content=\"5 minutos\" \/>\n<script type=\"application\/ld+json\" class=\"yoast-schema-graph\">{\"@context\":\"https:\\\/\\\/schema.org\",\"@graph\":[{\"@type\":\"Article\",\"@id\":\"https:\\\/\\\/mont-roig.cat\\\/es\\\/actualitat\\\/noticies\\\/la-142a-feria-de-mont-roig-del-camp-consolida-su-caracter-festivo-y-popular-con-musica-gastronomia-y-espectaculos-para-todos-los-publicos\\\/#article\",\"isPartOf\":{\"@id\":\"https:\\\/\\\/mont-roig.cat\\\/es\\\/actualitat\\\/noticies\\\/la-142a-feria-de-mont-roig-del-camp-consolida-su-caracter-festivo-y-popular-con-musica-gastronomia-y-espectaculos-para-todos-los-publicos\\\/\"},\"author\":{\"name\":\"comunicacio\",\"@id\":\"https:\\\/\\\/mont-roig.cat\\\/es\\\/#\\\/schema\\\/person\\\/1f73e7b5e6f9dd122e8a6f14f310ac5e\"},\"headline\":\"La 142\u00aa Feria de Mont-roig del Camp consolida su car\u00e1cter festivo y popular con m\u00fasica, gastronom\u00eda y espect\u00e1culos para todos los p\u00fablicos\",\"datePublished\":\"2025-07-22T15:14:08+00:00\",\"dateModified\":\"2025-07-28T09:18:56+00:00\",\"mainEntityOfPage\":{\"@id\":\"https:\\\/\\\/mont-roig.cat\\\/es\\\/actualitat\\\/noticies\\\/la-142a-feria-de-mont-roig-del-camp-consolida-su-caracter-festivo-y-popular-con-musica-gastronomia-y-espectaculos-para-todos-los-publicos\\\/\"},\"wordCount\":799,\"image\":{\"@id\":\"https:\\\/\\\/mont-roig.cat\\\/es\\\/actualitat\\\/noticies\\\/la-142a-feria-de-mont-roig-del-camp-consolida-su-caracter-festivo-y-popular-con-musica-gastronomia-y-espectaculos-para-todos-los-publicos\\\/#primaryimage\"},\"thumbnailUrl\":\"https:\\\/\\\/mont-roig.cat\\\/wp-content\\\/uploads\\\/LAFIRA_25_META.png\",\"articleSection\":[\"Ayuntamiento\",\"Festes\",\"Turismo\"],\"inLanguage\":\"es\"},{\"@type\":\"WebPage\",\"@id\":\"https:\\\/\\\/mont-roig.cat\\\/es\\\/actualitat\\\/noticies\\\/la-142a-feria-de-mont-roig-del-camp-consolida-su-caracter-festivo-y-popular-con-musica-gastronomia-y-espectaculos-para-todos-los-publicos\\\/\",\"url\":\"https:\\\/\\\/mont-roig.cat\\\/es\\\/actualitat\\\/noticies\\\/la-142a-feria-de-mont-roig-del-camp-consolida-su-caracter-festivo-y-popular-con-musica-gastronomia-y-espectaculos-para-todos-los-publicos\\\/\",\"name\":\"La 142\u00aa Feria de Mont-roig del Camp consolida su car\u00e1cter festivo y popular con m\u00fasica, gastronom\u00eda y espect\u00e1culos para todos los p\u00fablicos - Ajuntament de Mont-roig del Camp\",\"isPartOf\":{\"@id\":\"https:\\\/\\\/mont-roig.cat\\\/es\\\/#website\"},\"primaryImageOfPage\":{\"@id\":\"https:\\\/\\\/mont-roig.cat\\\/es\\\/actualitat\\\/noticies\\\/la-142a-feria-de-mont-roig-del-camp-consolida-su-caracter-festivo-y-popular-con-musica-gastronomia-y-espectaculos-para-todos-los-publicos\\\/#primaryimage\"},\"image\":{\"@id\":\"https:\\\/\\\/mont-roig.cat\\\/es\\\/actualitat\\\/noticies\\\/la-142a-feria-de-mont-roig-del-camp-consolida-su-caracter-festivo-y-popular-con-musica-gastronomia-y-espectaculos-para-todos-los-publicos\\\/#primaryimage\"},\"thumbnailUrl\":\"https:\\\/\\\/mont-roig.cat\\\/wp-content\\\/uploads\\\/LAFIRA_25_META.png\",\"datePublished\":\"2025-07-22T15:14:08+00:00\",\"dateModified\":\"2025-07-28T09:18:56+00:00\",\"author\":{\"@id\":\"https:\\\/\\\/mont-roig.cat\\\/es\\\/#\\\/schema\\\/person\\\/1f73e7b5e6f9dd122e8a6f14f310ac5e\"},\"breadcrumb\":{\"@id\":\"https:\\\/\\\/mont-roig.cat\\\/es\\\/actualitat\\\/noticies\\\/la-142a-feria-de-mont-roig-del-camp-consolida-su-caracter-festivo-y-popular-con-musica-gastronomia-y-espectaculos-para-todos-los-publicos\\\/#breadcrumb\"},\"inLanguage\":\"es\",\"potentialAction\":[{\"@type\":\"ReadAction\",\"target\":[\"https:\\\/\\\/mont-roig.cat\\\/es\\\/actualitat\\\/noticies\\\/la-142a-feria-de-mont-roig-del-camp-consolida-su-caracter-festivo-y-popular-con-musica-gastronomia-y-espectaculos-para-todos-los-publicos\\\/\"]}]},{\"@type\":\"ImageObject\",\"inLanguage\":\"es\",\"@id\":\"https:\\\/\\\/mont-roig.cat\\\/es\\\/actualitat\\\/noticies\\\/la-142a-feria-de-mont-roig-del-camp-consolida-su-caracter-festivo-y-popular-con-musica-gastronomia-y-espectaculos-para-todos-los-publicos\\\/#primaryimage\",\"url\":\"https:\\\/\\\/mont-roig.cat\\\/wp-content\\\/uploads\\\/LAFIRA_25_META.png\",\"contentUrl\":\"https:\\\/\\\/mont-roig.cat\\\/wp-content\\\/uploads\\\/LAFIRA_25_META.png\",\"width\":1200,\"height\":630},{\"@type\":\"BreadcrumbList\",\"@id\":\"https:\\\/\\\/mont-roig.cat\\\/es\\\/actualitat\\\/noticies\\\/la-142a-feria-de-mont-roig-del-camp-consolida-su-caracter-festivo-y-popular-con-musica-gastronomia-y-espectaculos-para-todos-los-publicos\\\/#breadcrumb\",\"itemListElement\":[{\"@type\":\"ListItem\",\"position\":1,\"name\":\"Inici\",\"item\":\"https:\\\/\\\/mont-roig.cat\\\/es\\\/pagina-de-inicio\\\/\"},{\"@type\":\"ListItem\",\"position\":2,\"name\":\"La 142\u00aa Feria de Mont-roig del Camp consolida su car\u00e1cter festivo y popular con m\u00fasica, gastronom\u00eda y espect\u00e1culos para todos los p\u00fablicos\"}]},{\"@type\":\"WebSite\",\"@id\":\"https:\\\/\\\/mont-roig.cat\\\/es\\\/#website\",\"url\":\"https:\\\/\\\/mont-roig.cat\\\/es\\\/\",\"name\":\"Ajuntament de Mont-roig del Camp\",\"description\":\"Tota la informaci\u00f3 sobre la instituci\u00f3, els seus \u00f2rgans de govern, actualitat, serveis i molt m\u00e9s.\",\"potentialAction\":[{\"@type\":\"SearchAction\",\"target\":{\"@type\":\"EntryPoint\",\"urlTemplate\":\"https:\\\/\\\/mont-roig.cat\\\/es\\\/?s={search_term_string}\"},\"query-input\":{\"@type\":\"PropertyValueSpecification\",\"valueRequired\":true,\"valueName\":\"search_term_string\"}}],\"inLanguage\":\"es\"},{\"@type\":\"Person\",\"@id\":\"https:\\\/\\\/mont-roig.cat\\\/es\\\/#\\\/schema\\\/person\\\/1f73e7b5e6f9dd122e8a6f14f310ac5e\",\"name\":\"comunicacio\",\"image\":{\"@type\":\"ImageObject\",\"inLanguage\":\"es\",\"@id\":\"https:\\\/\\\/secure.gravatar.com\\\/avatar\\\/98944333e7a877670a64f8d10f0cb680ab2c9ebc4efc43945ef004b52b5ad28c?s=96&d=mm&r=g\",\"url\":\"https:\\\/\\\/secure.gravatar.com\\\/avatar\\\/98944333e7a877670a64f8d10f0cb680ab2c9ebc4efc43945ef004b52b5ad28c?s=96&d=mm&r=g\",\"contentUrl\":\"https:\\\/\\\/secure.gravatar.com\\\/avatar\\\/98944333e7a877670a64f8d10f0cb680ab2c9ebc4efc43945ef004b52b5ad28c?s=96&d=mm&r=g\",\"caption\":\"comunicacio\"},\"url\":\"https:\\\/\\\/mont-roig.cat\\\/es\\\/actualitat\\\/noticies\\\/author\\\/comunicacio\\\/\"}]}<\/script>\n<!-- \/ Yoast SEO plugin. -->","yoast_head_json":{"title":"La 142\u00aa Feria de Mont-roig del Camp consolida su car\u00e1cter festivo y popular con m\u00fasica, gastronom\u00eda y espect\u00e1culos para todos los p\u00fablicos - Ajuntament de Mont-roig del Camp","robots":{"index":"index","follow":"follow","max-snippet":"max-snippet:-1","max-image-preview":"max-image-preview:large","max-video-preview":"max-video-preview:-1"},"canonical":"https:\/\/mont-roig.cat\/es\/actualitat\/noticies\/la-142a-feria-de-mont-roig-del-camp-consolida-su-caracter-festivo-y-popular-con-musica-gastronomia-y-espectaculos-para-todos-los-publicos\/","og_locale":"es_ES","og_type":"article","og_title":"La 142\u00aa Feria de Mont-roig del Camp consolida su car\u00e1cter festivo y popular con m\u00fasica, gastronom\u00eda y espect\u00e1culos para todos los p\u00fablicos - Ajuntament de Mont-roig del Camp","og_description":"El teatro de Merc\u00e8 Comes y el concierto de Les Que Faltaband marcan una edici\u00f3n que combina tradici\u00f3n, cultura y reivindicaci\u00f3n musical Las &#8220;matines remullades&#8221; y el nuevo circuito popular \u201cRocaxof!\u201d, desde la Ermita hasta el pueblo, se estrenan como propuesta intergeneracional para favorecer la convivencia y el disfrute compartido Del 31 de julio al [&hellip;]","og_url":"https:\/\/mont-roig.cat\/es\/actualitat\/noticies\/la-142a-feria-de-mont-roig-del-camp-consolida-su-caracter-festivo-y-popular-con-musica-gastronomia-y-espectaculos-para-todos-los-publicos\/","og_site_name":"Ajuntament de Mont-roig del Camp","article_published_time":"2025-07-22T15:14:08+00:00","article_modified_time":"2025-07-28T09:18:56+00:00","og_image":[{"width":1200,"height":630,"url":"https:\/\/mont-roig.cat\/wp-content\/uploads\/LAFIRA_25_META.png","type":"image\/png"}],"author":"comunicacio","twitter_card":"summary_large_image","twitter_misc":{"Escrito por":"comunicacio","Tiempo de lectura":"5 minutos"},"schema":{"@context":"https:\/\/schema.org","@graph":[{"@type":"Article","@id":"https:\/\/mont-roig.cat\/es\/actualitat\/noticies\/la-142a-feria-de-mont-roig-del-camp-consolida-su-caracter-festivo-y-popular-con-musica-gastronomia-y-espectaculos-para-todos-los-publicos\/#article","isPartOf":{"@id":"https:\/\/mont-roig.cat\/es\/actualitat\/noticies\/la-142a-feria-de-mont-roig-del-camp-consolida-su-caracter-festivo-y-popular-con-musica-gastronomia-y-espectaculos-para-todos-los-publicos\/"},"author":{"name":"comunicacio","@id":"https:\/\/mont-roig.cat\/es\/#\/schema\/person\/1f73e7b5e6f9dd122e8a6f14f310ac5e"},"headline":"La 142\u00aa Feria de Mont-roig del Camp consolida su car\u00e1cter festivo y popular con m\u00fasica, gastronom\u00eda y espect\u00e1culos para todos los p\u00fablicos","datePublished":"2025-07-22T15:14:08+00:00","dateModified":"2025-07-28T09:18:56+00:00","mainEntityOfPage":{"@id":"https:\/\/mont-roig.cat\/es\/actualitat\/noticies\/la-142a-feria-de-mont-roig-del-camp-consolida-su-caracter-festivo-y-popular-con-musica-gastronomia-y-espectaculos-para-todos-los-publicos\/"},"wordCount":799,"image":{"@id":"https:\/\/mont-roig.cat\/es\/actualitat\/noticies\/la-142a-feria-de-mont-roig-del-camp-consolida-su-caracter-festivo-y-popular-con-musica-gastronomia-y-espectaculos-para-todos-los-publicos\/#primaryimage"},"thumbnailUrl":"https:\/\/mont-roig.cat\/wp-content\/uploads\/LAFIRA_25_META.png","articleSection":["Ayuntamiento","Festes","Turismo"],"inLanguage":"es"},{"@type":"WebPage","@id":"https:\/\/mont-roig.cat\/es\/actualitat\/noticies\/la-142a-feria-de-mont-roig-del-camp-consolida-su-caracter-festivo-y-popular-con-musica-gastronomia-y-espectaculos-para-todos-los-publicos\/","url":"https:\/\/mont-roig.cat\/es\/actualitat\/noticies\/la-142a-feria-de-mont-roig-del-camp-consolida-su-caracter-festivo-y-popular-con-musica-gastronomia-y-espectaculos-para-todos-los-publicos\/","name":"La 142\u00aa Feria de Mont-roig del Camp consolida su car\u00e1cter festivo y popular con m\u00fasica, gastronom\u00eda y espect\u00e1culos para todos los p\u00fablicos - Ajuntament de Mont-roig del Camp","isPartOf":{"@id":"https:\/\/mont-roig.cat\/es\/#website"},"primaryImageOfPage":{"@id":"https:\/\/mont-roig.cat\/es\/actualitat\/noticies\/la-142a-feria-de-mont-roig-del-camp-consolida-su-caracter-festivo-y-popular-con-musica-gastronomia-y-espectaculos-para-todos-los-publicos\/#primaryimage"},"image":{"@id":"https:\/\/mont-roig.cat\/es\/actualitat\/noticies\/la-142a-feria-de-mont-roig-del-camp-consolida-su-caracter-festivo-y-popular-con-musica-gastronomia-y-espectaculos-para-todos-los-publicos\/#primaryimage"},"thumbnailUrl":"https:\/\/mont-roig.cat\/wp-content\/uploads\/LAFIRA_25_META.png","datePublished":"2025-07-22T15:14:08+00:00","dateModified":"2025-07-28T09:18:56+00:00","author":{"@id":"https:\/\/mont-roig.cat\/es\/#\/schema\/person\/1f73e7b5e6f9dd122e8a6f14f310ac5e"},"breadcrumb":{"@id":"https:\/\/mont-roig.cat\/es\/actualitat\/noticies\/la-142a-feria-de-mont-roig-del-camp-consolida-su-caracter-festivo-y-popular-con-musica-gastronomia-y-espectaculos-para-todos-los-publicos\/#breadcrumb"},"inLanguage":"es","potentialAction":[{"@type":"ReadAction","target":["https:\/\/mont-roig.cat\/es\/actualitat\/noticies\/la-142a-feria-de-mont-roig-del-camp-consolida-su-caracter-festivo-y-popular-con-musica-gastronomia-y-espectaculos-para-todos-los-publicos\/"]}]},{"@type":"ImageObject","inLanguage":"es","@id":"https:\/\/mont-roig.cat\/es\/actualitat\/noticies\/la-142a-feria-de-mont-roig-del-camp-consolida-su-caracter-festivo-y-popular-con-musica-gastronomia-y-espectaculos-para-todos-los-publicos\/#primaryimage","url":"https:\/\/mont-roig.cat\/wp-content\/uploads\/LAFIRA_25_META.png","contentUrl":"https:\/\/mont-roig.cat\/wp-content\/uploads\/LAFIRA_25_META.png","width":1200,"height":630},{"@type":"BreadcrumbList","@id":"https:\/\/mont-roig.cat\/es\/actualitat\/noticies\/la-142a-feria-de-mont-roig-del-camp-consolida-su-caracter-festivo-y-popular-con-musica-gastronomia-y-espectaculos-para-todos-los-publicos\/#breadcrumb","itemListElement":[{"@type":"ListItem","position":1,"name":"Inici","item":"https:\/\/mont-roig.cat\/es\/pagina-de-inicio\/"},{"@type":"ListItem","position":2,"name":"La 142\u00aa Feria de Mont-roig del Camp consolida su car\u00e1cter festivo y popular con m\u00fasica, gastronom\u00eda y espect\u00e1culos para todos los p\u00fablicos"}]},{"@type":"WebSite","@id":"https:\/\/mont-roig.cat\/es\/#website","url":"https:\/\/mont-roig.cat\/es\/","name":"Ajuntament de Mont-roig del Camp","description":"Tota la informaci\u00f3 sobre la instituci\u00f3, els seus \u00f2rgans de govern, actualitat, serveis i molt m\u00e9s.","potentialAction":[{"@type":"SearchAction","target":{"@type":"EntryPoint","urlTemplate":"https:\/\/mont-roig.cat\/es\/?s={search_term_string}"},"query-input":{"@type":"PropertyValueSpecification","valueRequired":true,"valueName":"search_term_string"}}],"inLanguage":"es"},{"@type":"Person","@id":"https:\/\/mont-roig.cat\/es\/#\/schema\/person\/1f73e7b5e6f9dd122e8a6f14f310ac5e","name":"comunicacio","image":{"@type":"ImageObject","inLanguage":"es","@id":"https:\/\/secure.gravatar.com\/avatar\/98944333e7a877670a64f8d10f0cb680ab2c9ebc4efc43945ef004b52b5ad28c?s=96&d=mm&r=g","url":"https:\/\/secure.gravatar.com\/avatar\/98944333e7a877670a64f8d10f0cb680ab2c9ebc4efc43945ef004b52b5ad28c?s=96&d=mm&r=g","contentUrl":"https:\/\/secure.gravatar.com\/avatar\/98944333e7a877670a64f8d10f0cb680ab2c9ebc4efc43945ef004b52b5ad28c?s=96&d=mm&r=g","caption":"comunicacio"},"url":"https:\/\/mont-roig.cat\/es\/actualitat\/noticies\/author\/comunicacio\/"}]}},"_links":{"self":[{"href":"https:\/\/mont-roig.cat\/es\/wp-json\/wp\/v2\/posts\/84816","targetHints":{"allow":["GET"]}}],"collection":[{"href":"https:\/\/mont-roig.cat\/es\/wp-json\/wp\/v2\/posts"}],"about":[{"href":"https:\/\/mont-roig.cat\/es\/wp-json\/wp\/v2\/types\/post"}],"author":[{"embeddable":true,"href":"https:\/\/mont-roig.cat\/es\/wp-json\/wp\/v2\/users\/13"}],"replies":[{"embeddable":true,"href":"https:\/\/mont-roig.cat\/es\/wp-json\/wp\/v2\/comments?post=84816"}],"version-history":[{"count":3,"href":"https:\/\/mont-roig.cat\/es\/wp-json\/wp\/v2\/posts\/84816\/revisions"}],"predecessor-version":[{"id":84876,"href":"https:\/\/mont-roig.cat\/es\/wp-json\/wp\/v2\/posts\/84816\/revisions\/84876"}],"wp:featuredmedia":[{"embeddable":true,"href":"https:\/\/mont-roig.cat\/es\/wp-json\/wp\/v2\/media\/84804"}],"wp:attachment":[{"href":"https:\/\/mont-roig.cat\/es\/wp-json\/wp\/v2\/media?parent=84816"}],"wp:term":[{"taxonomy":"category","embeddable":true,"href":"https:\/\/mont-roig.cat\/es\/wp-json\/wp\/v2\/categories?post=84816"},{"taxonomy":"post_tag","embeddable":true,"href":"https:\/\/mont-roig.cat\/es\/wp-json\/wp\/v2\/tags?post=84816"}],"curies":[{"name":"wp","href":"https:\/\/api.w.org\/{rel}","templated":true}]}}