{"id":84962,"date":"2025-08-05T15:24:15","date_gmt":"2025-08-05T13:24:15","guid":{"rendered":"https:\/\/mont-roig.cat\/actualitat\/noticies\/aturades-temporalment-les-obres-del-carrer-agusti-sarda-per-no-molestar-els-veins-durant-lestiu\/"},"modified":"2025-10-02T09:16:22","modified_gmt":"2025-10-02T07:16:22","slug":"paralizadas-temporalmente-las-obras-de-la-calle-agusti-sarda-para-no-molestar-a-los-vecinos-durante-el-verano","status":"publish","type":"post","link":"https:\/\/mont-roig.cat\/es\/actualitat\/noticies\/paralizadas-temporalmente-las-obras-de-la-calle-agusti-sarda-para-no-molestar-a-los-vecinos-durante-el-verano\/","title":{"rendered":"Paralizadas temporalmente las obras de la calle Agust\u00ed Sard\u00e0 para no molestar a los vecinos durante el verano"},"content":{"rendered":"<ul>\n<li><strong><a href=\"https:\/\/mont-roig.cat\/wp-content\/uploads\/Agusti-Sarda-1-scaled.jpeg\" target=\"_blank\" rel=\"noopener\"><img loading=\"lazy\" decoding=\"async\" class=\"alignright wp-image-84955\" src=\"https:\/\/mont-roig.cat\/wp-content\/uploads\/Agusti-Sarda-1-500x375.jpeg\" alt=\"\" width=\"303\" height=\"227\" srcset=\"https:\/\/mont-roig.cat\/wp-content\/uploads\/Agusti-Sarda-1-500x375.jpeg 500w, https:\/\/mont-roig.cat\/wp-content\/uploads\/Agusti-Sarda-1-1024x768.jpeg 1024w, https:\/\/mont-roig.cat\/wp-content\/uploads\/Agusti-Sarda-1-768x576.jpeg 768w, https:\/\/mont-roig.cat\/wp-content\/uploads\/Agusti-Sarda-1-1536x1152.jpeg 1536w, https:\/\/mont-roig.cat\/wp-content\/uploads\/Agusti-Sarda-1-scaled.jpeg 2048w, https:\/\/mont-roig.cat\/wp-content\/uploads\/Agusti-Sarda-1-463x348.jpeg 463w\" sizes=\"auto, (max-width: 303px) 100vw, 303px\" \/><\/a>Los trabajos, con una duraci\u00f3n prevista de ocho meses, se reanudar\u00e1n a finales de agosto y forman parte de un proyecto de remodelaci\u00f3n del espacio p\u00fablico cofinanciado por el Plan de Sostenibilidad Tur\u00edstica en Destino (PSTD)<\/strong><\/li>\n<\/ul>\n<p>El Ayuntamiento de Mont-roig del Camp ha puesto en marcha la remodelaci\u00f3n integral de la calle Agust\u00ed Sard\u00e0, una actuaci\u00f3n enmarcada dentro del plan de mejora de varias calles del municipio. Las obras se iniciaron hace unas semanas, pero se han paralizado temporalmente durante el verano con el fin de minimizar las molestias a los vecinos y visitantes en plena temporada alta. Est\u00e1 previsto que los trabajos se reanuden a finales de agosto.<\/p>\n<p>Durante las primeras semanas, se han ejecutado las zanjas de los pluviales que conectan con la zanja del Ximet. A pesar de la parada provisional, se permite la circulaci\u00f3n de veh\u00edculos por el tramo afectado.<\/p>\n<p><a href=\"https:\/\/mont-roig.cat\/wp-content\/uploads\/Agusti-SArda-2-scaled.jpeg\"><img loading=\"lazy\" decoding=\"async\" class=\" wp-image-84958 alignleft\" src=\"https:\/\/mont-roig.cat\/wp-content\/uploads\/Agusti-SArda-2-375x500.jpeg\" alt=\"\" width=\"252\" height=\"336\" srcset=\"https:\/\/mont-roig.cat\/wp-content\/uploads\/Agusti-SArda-2-375x500.jpeg 375w, https:\/\/mont-roig.cat\/wp-content\/uploads\/Agusti-SArda-2-768x1024.jpeg 768w, https:\/\/mont-roig.cat\/wp-content\/uploads\/Agusti-SArda-2-1152x1536.jpeg 1152w, https:\/\/mont-roig.cat\/wp-content\/uploads\/Agusti-SArda-2-scaled.jpeg 1536w\" sizes=\"auto, (max-width: 252px) 100vw, 252px\" \/><\/a>El proyecto contempla la reurbanizaci\u00f3n completa de la calle Agust\u00ed Sard\u00e0 y sus intersecciones, con el objetivo de renovar el pavimento, mejorar las infraestructuras existentes y aumentar la calidad urbana del casco antiguo. Entre las principales actuaciones destaca la creaci\u00f3n de una plataforma \u00fanica que priorizar\u00e1 los desplazamientos a pie, la reorganizaci\u00f3n de la movilidad rodada y de las zonas de aparcamiento, y la incorporaci\u00f3n de elementos verdes all\u00ed donde sea posible.<br data-start=\"1572\" data-end=\"1575\" \/>Adem\u00e1s de la mejora del espacio p\u00fablico, las obras incluyen tambi\u00e9n la actualizaci\u00f3n de las redes de suministro, alcantarillado y pluviales. Para llevarlas a cabo, previamente se han realizado los estudios t\u00e9cnicos necesarios, como el levantamiento topogr\u00e1fico del \u00e1mbito y la localizaci\u00f3n de los servicios afectados. Estos trabajos previos han permitido calcular una duraci\u00f3n estimada de las obras de unos ocho meses.<\/p>\n<p>Este proyecto est\u00e1 cofinanciado por el Plan de Sostenibilidad Tur\u00edstica en Destino (PSTD), dentro de las actuaciones estrat\u00e9gicas para la mejora del espacio p\u00fablico y la promoci\u00f3n de un modelo urbano m\u00e1s sostenible, accesible y de calidad.<strong><br \/>\n<\/strong><\/p>\n<p>&nbsp;<\/p>\n<p><a href=\"https:\/\/mont-roig.cat\/wp-content\/uploads\/LOGOS-PSTD-ACTUALITZATS-scaled.png\"><img loading=\"lazy\" decoding=\"async\" class=\"wp-image-85908 size-medium alignleft\" src=\"https:\/\/mont-roig.cat\/wp-content\/uploads\/LOGOS-PSTD-ACTUALITZATS-500x67.png\" alt=\"\" width=\"500\" height=\"67\" srcset=\"https:\/\/mont-roig.cat\/wp-content\/uploads\/LOGOS-PSTD-ACTUALITZATS-500x67.png 500w, https:\/\/mont-roig.cat\/wp-content\/uploads\/LOGOS-PSTD-ACTUALITZATS-1024x137.png 1024w, https:\/\/mont-roig.cat\/wp-content\/uploads\/LOGOS-PSTD-ACTUALITZATS-768x103.png 768w, https:\/\/mont-roig.cat\/wp-content\/uploads\/LOGOS-PSTD-ACTUALITZATS-1536x205.png 1536w, https:\/\/mont-roig.cat\/wp-content\/uploads\/LOGOS-PSTD-ACTUALITZATS-scaled.png 2048w\" sizes=\"auto, (max-width: 500px) 100vw, 500px\" \/><\/a><\/p>\n","protected":false},"excerpt":{"rendered":"<p>Los trabajos, con una duraci\u00f3n prevista de ocho meses, se reanudar\u00e1n a finales de agosto y forman parte de un proyecto de remodelaci\u00f3n del espacio p\u00fablico cofinanciado por el Plan de Sostenibilidad Tur\u00edstica en Destino (PSTD) El Ayuntamiento de Mont-roig del Camp ha puesto en marcha la remodelaci\u00f3n integral de la calle Agust\u00ed Sard\u00e0, una [&hellip;]<\/p>\n","protected":false},"author":13,"featured_media":84956,"comment_status":"closed","ping_status":"closed","sticky":false,"template":"","format":"standard","meta":{"inline_featured_image":false,"_monsterinsights_skip_tracking":false,"_monsterinsights_sitenote_active":false,"_monsterinsights_sitenote_note":"","_monsterinsights_sitenote_category":0,"footnotes":""},"categories":[98,250,116],"tags":[],"class_list":["post-84962","post","type-post","status-publish","format-standard","has-post-thumbnail","hentry","category-ayuntamiento","category-pstd-es","category-urbanismo-y-obras"],"yoast_head":"<!-- This site is optimized with the Yoast SEO plugin v27.4 - https:\/\/yoast.com\/product\/yoast-seo-wordpress\/ -->\n<title>Paralizadas temporalmente las obras de la calle Agust\u00ed Sard\u00e0 para no molestar a los vecinos durante el verano - Ajuntament de Mont-roig del Camp<\/title>\n<meta name=\"robots\" content=\"index, follow, max-snippet:-1, max-image-preview:large, max-video-preview:-1\" \/>\n<link rel=\"canonical\" href=\"https:\/\/mont-roig.cat\/es\/actualitat\/noticies\/paralizadas-temporalmente-las-obras-de-la-calle-agusti-sarda-para-no-molestar-a-los-vecinos-durante-el-verano\/\" \/>\n<meta property=\"og:locale\" content=\"es_ES\" \/>\n<meta property=\"og:type\" content=\"article\" \/>\n<meta property=\"og:title\" content=\"Paralizadas temporalmente las obras de la calle Agust\u00ed Sard\u00e0 para no molestar a los vecinos durante el verano - Ajuntament de Mont-roig del Camp\" \/>\n<meta property=\"og:description\" content=\"Los trabajos, con una duraci\u00f3n prevista de ocho meses, se reanudar\u00e1n a finales de agosto y forman parte de un proyecto de remodelaci\u00f3n del espacio p\u00fablico cofinanciado por el Plan de Sostenibilidad Tur\u00edstica en Destino (PSTD) El Ayuntamiento de Mont-roig del Camp ha puesto en marcha la remodelaci\u00f3n integral de la calle Agust\u00ed Sard\u00e0, una [&hellip;]\" \/>\n<meta property=\"og:url\" content=\"https:\/\/mont-roig.cat\/es\/actualitat\/noticies\/paralizadas-temporalmente-las-obras-de-la-calle-agusti-sarda-para-no-molestar-a-los-vecinos-durante-el-verano\/\" \/>\n<meta property=\"og:site_name\" content=\"Ajuntament de Mont-roig del Camp\" \/>\n<meta property=\"article:published_time\" content=\"2025-08-05T13:24:15+00:00\" \/>\n<meta property=\"article:modified_time\" content=\"2025-10-02T07:16:22+00:00\" \/>\n<meta property=\"og:image\" content=\"https:\/\/mont-roig.cat\/wp-content\/uploads\/Agusti-Sarda-1-scaled.jpeg\" \/>\n\t<meta property=\"og:image:width\" content=\"2048\" \/>\n\t<meta property=\"og:image:height\" content=\"1536\" \/>\n\t<meta property=\"og:image:type\" content=\"image\/jpeg\" \/>\n<meta name=\"author\" content=\"comunicacio\" \/>\n<meta name=\"twitter:card\" content=\"summary_large_image\" \/>\n<meta name=\"twitter:label1\" content=\"Escrito por\" \/>\n\t<meta name=\"twitter:data1\" content=\"comunicacio\" \/>\n\t<meta name=\"twitter:label2\" content=\"Tiempo de lectura\" \/>\n\t<meta name=\"twitter:data2\" content=\"3 minutos\" \/>\n<script type=\"application\/ld+json\" class=\"yoast-schema-graph\">{\"@context\":\"https:\\\/\\\/schema.org\",\"@graph\":[{\"@type\":\"Article\",\"@id\":\"https:\\\/\\\/mont-roig.cat\\\/es\\\/actualitat\\\/noticies\\\/paralizadas-temporalmente-las-obras-de-la-calle-agusti-sarda-para-no-molestar-a-los-vecinos-durante-el-verano\\\/#article\",\"isPartOf\":{\"@id\":\"https:\\\/\\\/mont-roig.cat\\\/es\\\/actualitat\\\/noticies\\\/paralizadas-temporalmente-las-obras-de-la-calle-agusti-sarda-para-no-molestar-a-los-vecinos-durante-el-verano\\\/\"},\"author\":{\"name\":\"comunicacio\",\"@id\":\"https:\\\/\\\/mont-roig.cat\\\/es\\\/#\\\/schema\\\/person\\\/1f73e7b5e6f9dd122e8a6f14f310ac5e\"},\"headline\":\"Paralizadas temporalmente las obras de la calle Agust\u00ed Sard\u00e0 para no molestar a los vecinos durante el verano\",\"datePublished\":\"2025-08-05T13:24:15+00:00\",\"dateModified\":\"2025-10-02T07:16:22+00:00\",\"mainEntityOfPage\":{\"@id\":\"https:\\\/\\\/mont-roig.cat\\\/es\\\/actualitat\\\/noticies\\\/paralizadas-temporalmente-las-obras-de-la-calle-agusti-sarda-para-no-molestar-a-los-vecinos-durante-el-verano\\\/\"},\"wordCount\":360,\"image\":{\"@id\":\"https:\\\/\\\/mont-roig.cat\\\/es\\\/actualitat\\\/noticies\\\/paralizadas-temporalmente-las-obras-de-la-calle-agusti-sarda-para-no-molestar-a-los-vecinos-durante-el-verano\\\/#primaryimage\"},\"thumbnailUrl\":\"https:\\\/\\\/mont-roig.cat\\\/wp-content\\\/uploads\\\/Agusti-Sarda-1-scaled.jpeg\",\"articleSection\":[\"Ayuntamiento\",\"PSTD\",\"Urbanismo y obras\"],\"inLanguage\":\"es\"},{\"@type\":\"WebPage\",\"@id\":\"https:\\\/\\\/mont-roig.cat\\\/es\\\/actualitat\\\/noticies\\\/paralizadas-temporalmente-las-obras-de-la-calle-agusti-sarda-para-no-molestar-a-los-vecinos-durante-el-verano\\\/\",\"url\":\"https:\\\/\\\/mont-roig.cat\\\/es\\\/actualitat\\\/noticies\\\/paralizadas-temporalmente-las-obras-de-la-calle-agusti-sarda-para-no-molestar-a-los-vecinos-durante-el-verano\\\/\",\"name\":\"Paralizadas temporalmente las obras de la calle Agust\u00ed Sard\u00e0 para no molestar a los vecinos durante el verano - Ajuntament de Mont-roig del Camp\",\"isPartOf\":{\"@id\":\"https:\\\/\\\/mont-roig.cat\\\/es\\\/#website\"},\"primaryImageOfPage\":{\"@id\":\"https:\\\/\\\/mont-roig.cat\\\/es\\\/actualitat\\\/noticies\\\/paralizadas-temporalmente-las-obras-de-la-calle-agusti-sarda-para-no-molestar-a-los-vecinos-durante-el-verano\\\/#primaryimage\"},\"image\":{\"@id\":\"https:\\\/\\\/mont-roig.cat\\\/es\\\/actualitat\\\/noticies\\\/paralizadas-temporalmente-las-obras-de-la-calle-agusti-sarda-para-no-molestar-a-los-vecinos-durante-el-verano\\\/#primaryimage\"},\"thumbnailUrl\":\"https:\\\/\\\/mont-roig.cat\\\/wp-content\\\/uploads\\\/Agusti-Sarda-1-scaled.jpeg\",\"datePublished\":\"2025-08-05T13:24:15+00:00\",\"dateModified\":\"2025-10-02T07:16:22+00:00\",\"author\":{\"@id\":\"https:\\\/\\\/mont-roig.cat\\\/es\\\/#\\\/schema\\\/person\\\/1f73e7b5e6f9dd122e8a6f14f310ac5e\"},\"breadcrumb\":{\"@id\":\"https:\\\/\\\/mont-roig.cat\\\/es\\\/actualitat\\\/noticies\\\/paralizadas-temporalmente-las-obras-de-la-calle-agusti-sarda-para-no-molestar-a-los-vecinos-durante-el-verano\\\/#breadcrumb\"},\"inLanguage\":\"es\",\"potentialAction\":[{\"@type\":\"ReadAction\",\"target\":[\"https:\\\/\\\/mont-roig.cat\\\/es\\\/actualitat\\\/noticies\\\/paralizadas-temporalmente-las-obras-de-la-calle-agusti-sarda-para-no-molestar-a-los-vecinos-durante-el-verano\\\/\"]}]},{\"@type\":\"ImageObject\",\"inLanguage\":\"es\",\"@id\":\"https:\\\/\\\/mont-roig.cat\\\/es\\\/actualitat\\\/noticies\\\/paralizadas-temporalmente-las-obras-de-la-calle-agusti-sarda-para-no-molestar-a-los-vecinos-durante-el-verano\\\/#primaryimage\",\"url\":\"https:\\\/\\\/mont-roig.cat\\\/wp-content\\\/uploads\\\/Agusti-Sarda-1-scaled.jpeg\",\"contentUrl\":\"https:\\\/\\\/mont-roig.cat\\\/wp-content\\\/uploads\\\/Agusti-Sarda-1-scaled.jpeg\",\"width\":2048,\"height\":1536},{\"@type\":\"BreadcrumbList\",\"@id\":\"https:\\\/\\\/mont-roig.cat\\\/es\\\/actualitat\\\/noticies\\\/paralizadas-temporalmente-las-obras-de-la-calle-agusti-sarda-para-no-molestar-a-los-vecinos-durante-el-verano\\\/#breadcrumb\",\"itemListElement\":[{\"@type\":\"ListItem\",\"position\":1,\"name\":\"Inici\",\"item\":\"https:\\\/\\\/mont-roig.cat\\\/es\\\/pagina-de-inicio\\\/\"},{\"@type\":\"ListItem\",\"position\":2,\"name\":\"Paralizadas temporalmente las obras de la calle Agust\u00ed Sard\u00e0 para no molestar a los vecinos durante el verano\"}]},{\"@type\":\"WebSite\",\"@id\":\"https:\\\/\\\/mont-roig.cat\\\/es\\\/#website\",\"url\":\"https:\\\/\\\/mont-roig.cat\\\/es\\\/\",\"name\":\"Ajuntament de Mont-roig del Camp\",\"description\":\"Tota la informaci\u00f3 sobre la instituci\u00f3, els seus \u00f2rgans de govern, actualitat, serveis i molt m\u00e9s.\",\"potentialAction\":[{\"@type\":\"SearchAction\",\"target\":{\"@type\":\"EntryPoint\",\"urlTemplate\":\"https:\\\/\\\/mont-roig.cat\\\/es\\\/?s={search_term_string}\"},\"query-input\":{\"@type\":\"PropertyValueSpecification\",\"valueRequired\":true,\"valueName\":\"search_term_string\"}}],\"inLanguage\":\"es\"},{\"@type\":\"Person\",\"@id\":\"https:\\\/\\\/mont-roig.cat\\\/es\\\/#\\\/schema\\\/person\\\/1f73e7b5e6f9dd122e8a6f14f310ac5e\",\"name\":\"comunicacio\",\"image\":{\"@type\":\"ImageObject\",\"inLanguage\":\"es\",\"@id\":\"https:\\\/\\\/secure.gravatar.com\\\/avatar\\\/98944333e7a877670a64f8d10f0cb680ab2c9ebc4efc43945ef004b52b5ad28c?s=96&d=mm&r=g\",\"url\":\"https:\\\/\\\/secure.gravatar.com\\\/avatar\\\/98944333e7a877670a64f8d10f0cb680ab2c9ebc4efc43945ef004b52b5ad28c?s=96&d=mm&r=g\",\"contentUrl\":\"https:\\\/\\\/secure.gravatar.com\\\/avatar\\\/98944333e7a877670a64f8d10f0cb680ab2c9ebc4efc43945ef004b52b5ad28c?s=96&d=mm&r=g\",\"caption\":\"comunicacio\"},\"url\":\"https:\\\/\\\/mont-roig.cat\\\/es\\\/actualitat\\\/noticies\\\/author\\\/comunicacio\\\/\"}]}<\/script>\n<!-- \/ Yoast SEO plugin. -->","yoast_head_json":{"title":"Paralizadas temporalmente las obras de la calle Agust\u00ed Sard\u00e0 para no molestar a los vecinos durante el verano - Ajuntament de Mont-roig del Camp","robots":{"index":"index","follow":"follow","max-snippet":"max-snippet:-1","max-image-preview":"max-image-preview:large","max-video-preview":"max-video-preview:-1"},"canonical":"https:\/\/mont-roig.cat\/es\/actualitat\/noticies\/paralizadas-temporalmente-las-obras-de-la-calle-agusti-sarda-para-no-molestar-a-los-vecinos-durante-el-verano\/","og_locale":"es_ES","og_type":"article","og_title":"Paralizadas temporalmente las obras de la calle Agust\u00ed Sard\u00e0 para no molestar a los vecinos durante el verano - Ajuntament de Mont-roig del Camp","og_description":"Los trabajos, con una duraci\u00f3n prevista de ocho meses, se reanudar\u00e1n a finales de agosto y forman parte de un proyecto de remodelaci\u00f3n del espacio p\u00fablico cofinanciado por el Plan de Sostenibilidad Tur\u00edstica en Destino (PSTD) El Ayuntamiento de Mont-roig del Camp ha puesto en marcha la remodelaci\u00f3n integral de la calle Agust\u00ed Sard\u00e0, una [&hellip;]","og_url":"https:\/\/mont-roig.cat\/es\/actualitat\/noticies\/paralizadas-temporalmente-las-obras-de-la-calle-agusti-sarda-para-no-molestar-a-los-vecinos-durante-el-verano\/","og_site_name":"Ajuntament de Mont-roig del Camp","article_published_time":"2025-08-05T13:24:15+00:00","article_modified_time":"2025-10-02T07:16:22+00:00","og_image":[{"width":2048,"height":1536,"url":"https:\/\/mont-roig.cat\/wp-content\/uploads\/Agusti-Sarda-1-scaled.jpeg","type":"image\/jpeg"}],"author":"comunicacio","twitter_card":"summary_large_image","twitter_misc":{"Escrito por":"comunicacio","Tiempo de lectura":"3 minutos"},"schema":{"@context":"https:\/\/schema.org","@graph":[{"@type":"Article","@id":"https:\/\/mont-roig.cat\/es\/actualitat\/noticies\/paralizadas-temporalmente-las-obras-de-la-calle-agusti-sarda-para-no-molestar-a-los-vecinos-durante-el-verano\/#article","isPartOf":{"@id":"https:\/\/mont-roig.cat\/es\/actualitat\/noticies\/paralizadas-temporalmente-las-obras-de-la-calle-agusti-sarda-para-no-molestar-a-los-vecinos-durante-el-verano\/"},"author":{"name":"comunicacio","@id":"https:\/\/mont-roig.cat\/es\/#\/schema\/person\/1f73e7b5e6f9dd122e8a6f14f310ac5e"},"headline":"Paralizadas temporalmente las obras de la calle Agust\u00ed Sard\u00e0 para no molestar a los vecinos durante el verano","datePublished":"2025-08-05T13:24:15+00:00","dateModified":"2025-10-02T07:16:22+00:00","mainEntityOfPage":{"@id":"https:\/\/mont-roig.cat\/es\/actualitat\/noticies\/paralizadas-temporalmente-las-obras-de-la-calle-agusti-sarda-para-no-molestar-a-los-vecinos-durante-el-verano\/"},"wordCount":360,"image":{"@id":"https:\/\/mont-roig.cat\/es\/actualitat\/noticies\/paralizadas-temporalmente-las-obras-de-la-calle-agusti-sarda-para-no-molestar-a-los-vecinos-durante-el-verano\/#primaryimage"},"thumbnailUrl":"https:\/\/mont-roig.cat\/wp-content\/uploads\/Agusti-Sarda-1-scaled.jpeg","articleSection":["Ayuntamiento","PSTD","Urbanismo y obras"],"inLanguage":"es"},{"@type":"WebPage","@id":"https:\/\/mont-roig.cat\/es\/actualitat\/noticies\/paralizadas-temporalmente-las-obras-de-la-calle-agusti-sarda-para-no-molestar-a-los-vecinos-durante-el-verano\/","url":"https:\/\/mont-roig.cat\/es\/actualitat\/noticies\/paralizadas-temporalmente-las-obras-de-la-calle-agusti-sarda-para-no-molestar-a-los-vecinos-durante-el-verano\/","name":"Paralizadas temporalmente las obras de la calle Agust\u00ed Sard\u00e0 para no molestar a los vecinos durante el verano - Ajuntament de Mont-roig del Camp","isPartOf":{"@id":"https:\/\/mont-roig.cat\/es\/#website"},"primaryImageOfPage":{"@id":"https:\/\/mont-roig.cat\/es\/actualitat\/noticies\/paralizadas-temporalmente-las-obras-de-la-calle-agusti-sarda-para-no-molestar-a-los-vecinos-durante-el-verano\/#primaryimage"},"image":{"@id":"https:\/\/mont-roig.cat\/es\/actualitat\/noticies\/paralizadas-temporalmente-las-obras-de-la-calle-agusti-sarda-para-no-molestar-a-los-vecinos-durante-el-verano\/#primaryimage"},"thumbnailUrl":"https:\/\/mont-roig.cat\/wp-content\/uploads\/Agusti-Sarda-1-scaled.jpeg","datePublished":"2025-08-05T13:24:15+00:00","dateModified":"2025-10-02T07:16:22+00:00","author":{"@id":"https:\/\/mont-roig.cat\/es\/#\/schema\/person\/1f73e7b5e6f9dd122e8a6f14f310ac5e"},"breadcrumb":{"@id":"https:\/\/mont-roig.cat\/es\/actualitat\/noticies\/paralizadas-temporalmente-las-obras-de-la-calle-agusti-sarda-para-no-molestar-a-los-vecinos-durante-el-verano\/#breadcrumb"},"inLanguage":"es","potentialAction":[{"@type":"ReadAction","target":["https:\/\/mont-roig.cat\/es\/actualitat\/noticies\/paralizadas-temporalmente-las-obras-de-la-calle-agusti-sarda-para-no-molestar-a-los-vecinos-durante-el-verano\/"]}]},{"@type":"ImageObject","inLanguage":"es","@id":"https:\/\/mont-roig.cat\/es\/actualitat\/noticies\/paralizadas-temporalmente-las-obras-de-la-calle-agusti-sarda-para-no-molestar-a-los-vecinos-durante-el-verano\/#primaryimage","url":"https:\/\/mont-roig.cat\/wp-content\/uploads\/Agusti-Sarda-1-scaled.jpeg","contentUrl":"https:\/\/mont-roig.cat\/wp-content\/uploads\/Agusti-Sarda-1-scaled.jpeg","width":2048,"height":1536},{"@type":"BreadcrumbList","@id":"https:\/\/mont-roig.cat\/es\/actualitat\/noticies\/paralizadas-temporalmente-las-obras-de-la-calle-agusti-sarda-para-no-molestar-a-los-vecinos-durante-el-verano\/#breadcrumb","itemListElement":[{"@type":"ListItem","position":1,"name":"Inici","item":"https:\/\/mont-roig.cat\/es\/pagina-de-inicio\/"},{"@type":"ListItem","position":2,"name":"Paralizadas temporalmente las obras de la calle Agust\u00ed Sard\u00e0 para no molestar a los vecinos durante el verano"}]},{"@type":"WebSite","@id":"https:\/\/mont-roig.cat\/es\/#website","url":"https:\/\/mont-roig.cat\/es\/","name":"Ajuntament de Mont-roig del Camp","description":"Tota la informaci\u00f3 sobre la instituci\u00f3, els seus \u00f2rgans de govern, actualitat, serveis i molt m\u00e9s.","potentialAction":[{"@type":"SearchAction","target":{"@type":"EntryPoint","urlTemplate":"https:\/\/mont-roig.cat\/es\/?s={search_term_string}"},"query-input":{"@type":"PropertyValueSpecification","valueRequired":true,"valueName":"search_term_string"}}],"inLanguage":"es"},{"@type":"Person","@id":"https:\/\/mont-roig.cat\/es\/#\/schema\/person\/1f73e7b5e6f9dd122e8a6f14f310ac5e","name":"comunicacio","image":{"@type":"ImageObject","inLanguage":"es","@id":"https:\/\/secure.gravatar.com\/avatar\/98944333e7a877670a64f8d10f0cb680ab2c9ebc4efc43945ef004b52b5ad28c?s=96&d=mm&r=g","url":"https:\/\/secure.gravatar.com\/avatar\/98944333e7a877670a64f8d10f0cb680ab2c9ebc4efc43945ef004b52b5ad28c?s=96&d=mm&r=g","contentUrl":"https:\/\/secure.gravatar.com\/avatar\/98944333e7a877670a64f8d10f0cb680ab2c9ebc4efc43945ef004b52b5ad28c?s=96&d=mm&r=g","caption":"comunicacio"},"url":"https:\/\/mont-roig.cat\/es\/actualitat\/noticies\/author\/comunicacio\/"}]}},"_links":{"self":[{"href":"https:\/\/mont-roig.cat\/es\/wp-json\/wp\/v2\/posts\/84962","targetHints":{"allow":["GET"]}}],"collection":[{"href":"https:\/\/mont-roig.cat\/es\/wp-json\/wp\/v2\/posts"}],"about":[{"href":"https:\/\/mont-roig.cat\/es\/wp-json\/wp\/v2\/types\/post"}],"author":[{"embeddable":true,"href":"https:\/\/mont-roig.cat\/es\/wp-json\/wp\/v2\/users\/13"}],"replies":[{"embeddable":true,"href":"https:\/\/mont-roig.cat\/es\/wp-json\/wp\/v2\/comments?post=84962"}],"version-history":[{"count":4,"href":"https:\/\/mont-roig.cat\/es\/wp-json\/wp\/v2\/posts\/84962\/revisions"}],"predecessor-version":[{"id":85910,"href":"https:\/\/mont-roig.cat\/es\/wp-json\/wp\/v2\/posts\/84962\/revisions\/85910"}],"wp:featuredmedia":[{"embeddable":true,"href":"https:\/\/mont-roig.cat\/es\/wp-json\/wp\/v2\/media\/84956"}],"wp:attachment":[{"href":"https:\/\/mont-roig.cat\/es\/wp-json\/wp\/v2\/media?parent=84962"}],"wp:term":[{"taxonomy":"category","embeddable":true,"href":"https:\/\/mont-roig.cat\/es\/wp-json\/wp\/v2\/categories?post=84962"},{"taxonomy":"post_tag","embeddable":true,"href":"https:\/\/mont-roig.cat\/es\/wp-json\/wp\/v2\/tags?post=84962"}],"curies":[{"name":"wp","href":"https:\/\/api.w.org\/{rel}","templated":true}]}}