{"id":84972,"date":"2025-08-06T14:16:02","date_gmt":"2025-08-06T12:16:02","guid":{"rendered":"https:\/\/mont-roig.cat\/actualitat\/noticies\/surt-a-licitacio-la-tercera-fase-de-les-obres-de-lavinguda-de-barcelona-de-miami-platja\/"},"modified":"2025-08-06T14:25:47","modified_gmt":"2025-08-06T12:25:47","slug":"sale-a-licitacion-la-tercera-fase-de-las-obras-de-la-avinguda-de-barcelona-de-miami-platja","status":"publish","type":"post","link":"https:\/\/mont-roig.cat\/es\/actualitat\/noticies\/sale-a-licitacion-la-tercera-fase-de-las-obras-de-la-avinguda-de-barcelona-de-miami-platja\/","title":{"rendered":"Sale a licitaci\u00f3n la tercera fase de las obras de la Avinguda de Barcelona de Miami Platja"},"content":{"rendered":"<ul>\n<li><strong data-start=\"78\" data-end=\"259\">El Ayuntamiento trabaja tambi\u00e9n en los pliegos del futuro teatro auditorio Mestre Benaiges y la reorganizaci\u00f3n de la isla de servicios de la zona deportiva de Mont-roig del Camp<\/strong>.<\/li>\n<\/ul>\n<div class=\"pointer-events-none h-px w-px\" aria-hidden=\"true\" data-edge=\"true\">\n<p data-start=\"333\" data-end=\"607\">El Ayuntamiento de Mont-roig del Camp ha publicado este mi\u00e9rcoles 6 de agosto la licitaci\u00f3n de la tercera fase de las obras de reurbanizaci\u00f3n de la Avinguda de Barcelona de Miami Platja. Las empresas interesadas pueden presentar sus ofertas hasta el 9 de septiembre de 2025.<\/p>\n<p data-start=\"609\" data-end=\"1013\">Se trata de una obra de gran envergadura, con un presupuesto de 6.853.924 euros (IVA incluido), que se prev\u00e9 ejecutar en un plazo de dos a\u00f1os. Aun as\u00ed, uno de los aspectos que se valoran especialmente en el proceso de licitaci\u00f3n es la reducci\u00f3n de los plazos de ejecuci\u00f3n por parte de la empresa adjudicataria, con el objetivo de minimizar las afectaciones y molestias a los vecinos y vecinas de la zona.<\/p>\n<p data-start=\"1015\" data-end=\"1352\">Esta nueva fase, que engloba las actuaciones inicialmente previstas para la tercera y cuarta fase del proyecto, contempla la transformaci\u00f3n de la Avinguda de Barcelona hasta la Avinguda de Maria Cristina, incluyendo el arreglo de la Pla\u00e7a de Tarragona y la conexi\u00f3n del bulevar con el Passeig Mediterrani a trav\u00e9s de la Avinguda del Mar.<\/p>\n<p data-start=\"1354\" data-end=\"1809\">La obra mantiene la apuesta por un modelo urbano m\u00e1s sostenible, con la implantaci\u00f3n de carriles bici, espacios de paseo, prioridad para los peatones, nueva jardiner\u00eda y mobiliario urbano, siguiendo el estilo de las anteriores fases 1 y 2. Tambi\u00e9n se quiere convertir la Pla\u00e7a de Tarragona en un espacio de encuentro y dinamizaci\u00f3n social, como centro neur\u00e1lgico de Miami Platja, conectando el Parc Lil\u00ed con el passeig de les cales y la futura v\u00eda c\u00edvica.<\/p>\n<p data-start=\"1811\" data-end=\"1934\"><strong data-start=\"1811\" data-end=\"1934\">Nuevos equipamientos en Mont-roig: el teatro auditorio y la reorganizaci\u00f3n de la isla de servicios de la zona deportiva<\/strong><\/p>\n<p data-start=\"1936\" data-end=\"2280\">Paralelamente a la licitaci\u00f3n de las obras en Miami Platja, el Ayuntamiento de Mont-roig del Camp est\u00e1 trabajando en la redacci\u00f3n de los pliegos para impulsar dos actuaciones destacadas en el n\u00facleo de Mont-roig: el futuro teatro auditorio Mestre Benaiges y la reorganizaci\u00f3n de la isla de equipamientos municipales de la actual zona deportiva.<\/p>\n<p data-start=\"2282\" data-end=\"2580\">En cuanto al teatro auditorio, se prev\u00e9 que tenga una capacidad para unas 300 personas y que se ejecute utilizando materiales naturales y sostenibles. Ser\u00e1 un espacio clave para la actividad cultural de la nueva isla de equipamientos que se quiere reurbanizar, debajo de la calle Aureli M. Escarr\u00e9.<\/p>\n<p data-start=\"2582\" data-end=\"2980\">En una primera fase, esta isla incluir\u00e1 una nueva piscina municipal (la actual se convertir\u00e1 en un dep\u00f3sito subterr\u00e1neo para aguas pluviales), un parque verde con zona de juegos infantiles y una nueva plaza p\u00fablica, que ser\u00e1 el \u00e1gora entre el casal d\u2019avis y el futuro teatro auditorio. El objetivo es reorganizar el espacio entre los equipamientos para hacerlo m\u00e1s funcional, inclusivo y atractivo.<\/p>\n<p data-start=\"2982\" data-end=\"3238\">En una segunda fase, se prev\u00e9n actuaciones complementarias como la mejora del campo de f\u00fatbol, la renovaci\u00f3n del vel\u00f3dromo, la creaci\u00f3n de una nueva pista de verano y una zona de skatepark, pensadas para ampliar la oferta deportiva y de ocio del municipio.<\/p>\n<\/div>\n<p>&nbsp;<\/p>\n","protected":false},"excerpt":{"rendered":"<p>El Ayuntamiento trabaja tambi\u00e9n en los pliegos del futuro teatro auditorio Mestre Benaiges y la reorganizaci\u00f3n de la isla de servicios de la zona deportiva de Mont-roig del Camp. El Ayuntamiento de Mont-roig del Camp ha publicado este mi\u00e9rcoles 6 de agosto la licitaci\u00f3n de la tercera fase de las obras de reurbanizaci\u00f3n de la [&hellip;]<\/p>\n","protected":false},"author":13,"featured_media":84968,"comment_status":"closed","ping_status":"closed","sticky":false,"template":"","format":"standard","meta":{"inline_featured_image":false,"_monsterinsights_skip_tracking":false,"_monsterinsights_sitenote_active":false,"_monsterinsights_sitenote_note":"","_monsterinsights_sitenote_category":0,"footnotes":""},"categories":[156,98,116],"tags":[],"class_list":["post-84972","post","type-post","status-publish","format-standard","has-post-thumbnail","hentry","category-alcalde-es","category-ayuntamiento","category-urbanismo-y-obras"],"yoast_head":"<!-- This site is optimized with the Yoast SEO plugin v27.4 - https:\/\/yoast.com\/product\/yoast-seo-wordpress\/ -->\n<title>Sale a licitaci\u00f3n la tercera fase de las obras de la Avinguda de Barcelona de Miami Platja - Ajuntament de Mont-roig del Camp<\/title>\n<meta name=\"robots\" content=\"index, follow, max-snippet:-1, max-image-preview:large, max-video-preview:-1\" \/>\n<link rel=\"canonical\" href=\"https:\/\/mont-roig.cat\/es\/actualitat\/noticies\/sale-a-licitacion-la-tercera-fase-de-las-obras-de-la-avinguda-de-barcelona-de-miami-platja\/\" \/>\n<meta property=\"og:locale\" content=\"es_ES\" \/>\n<meta property=\"og:type\" content=\"article\" \/>\n<meta property=\"og:title\" content=\"Sale a licitaci\u00f3n la tercera fase de las obras de la Avinguda de Barcelona de Miami Platja - Ajuntament de Mont-roig del Camp\" \/>\n<meta property=\"og:description\" content=\"El Ayuntamiento trabaja tambi\u00e9n en los pliegos del futuro teatro auditorio Mestre Benaiges y la reorganizaci\u00f3n de la isla de servicios de la zona deportiva de Mont-roig del Camp. El Ayuntamiento de Mont-roig del Camp ha publicado este mi\u00e9rcoles 6 de agosto la licitaci\u00f3n de la tercera fase de las obras de reurbanizaci\u00f3n de la [&hellip;]\" \/>\n<meta property=\"og:url\" content=\"https:\/\/mont-roig.cat\/es\/actualitat\/noticies\/sale-a-licitacion-la-tercera-fase-de-las-obras-de-la-avinguda-de-barcelona-de-miami-platja\/\" \/>\n<meta property=\"og:site_name\" content=\"Ajuntament de Mont-roig del Camp\" \/>\n<meta property=\"article:published_time\" content=\"2025-08-06T12:16:02+00:00\" \/>\n<meta property=\"article:modified_time\" content=\"2025-08-06T12:25:47+00:00\" \/>\n<meta property=\"og:image\" content=\"https:\/\/mont-roig.cat\/wp-content\/uploads\/Render-3a-av-barcelona.jpeg\" \/>\n\t<meta property=\"og:image:width\" content=\"1600\" \/>\n\t<meta property=\"og:image:height\" content=\"845\" \/>\n\t<meta property=\"og:image:type\" content=\"image\/jpeg\" \/>\n<meta name=\"author\" content=\"comunicacio\" \/>\n<meta name=\"twitter:card\" content=\"summary_large_image\" \/>\n<meta name=\"twitter:label1\" content=\"Escrito por\" \/>\n\t<meta name=\"twitter:data1\" content=\"comunicacio\" \/>\n\t<meta name=\"twitter:label2\" content=\"Tiempo de lectura\" \/>\n\t<meta name=\"twitter:data2\" content=\"3 minutos\" \/>\n<script type=\"application\/ld+json\" class=\"yoast-schema-graph\">{\"@context\":\"https:\\\/\\\/schema.org\",\"@graph\":[{\"@type\":\"Article\",\"@id\":\"https:\\\/\\\/mont-roig.cat\\\/es\\\/actualitat\\\/noticies\\\/sale-a-licitacion-la-tercera-fase-de-las-obras-de-la-avinguda-de-barcelona-de-miami-platja\\\/#article\",\"isPartOf\":{\"@id\":\"https:\\\/\\\/mont-roig.cat\\\/es\\\/actualitat\\\/noticies\\\/sale-a-licitacion-la-tercera-fase-de-las-obras-de-la-avinguda-de-barcelona-de-miami-platja\\\/\"},\"author\":{\"name\":\"comunicacio\",\"@id\":\"https:\\\/\\\/mont-roig.cat\\\/es\\\/#\\\/schema\\\/person\\\/1f73e7b5e6f9dd122e8a6f14f310ac5e\"},\"headline\":\"Sale a licitaci\u00f3n la tercera fase de las obras de la Avinguda de Barcelona de Miami Platja\",\"datePublished\":\"2025-08-06T12:16:02+00:00\",\"dateModified\":\"2025-08-06T12:25:47+00:00\",\"mainEntityOfPage\":{\"@id\":\"https:\\\/\\\/mont-roig.cat\\\/es\\\/actualitat\\\/noticies\\\/sale-a-licitacion-la-tercera-fase-de-las-obras-de-la-avinguda-de-barcelona-de-miami-platja\\\/\"},\"wordCount\":556,\"image\":{\"@id\":\"https:\\\/\\\/mont-roig.cat\\\/es\\\/actualitat\\\/noticies\\\/sale-a-licitacion-la-tercera-fase-de-las-obras-de-la-avinguda-de-barcelona-de-miami-platja\\\/#primaryimage\"},\"thumbnailUrl\":\"https:\\\/\\\/mont-roig.cat\\\/wp-content\\\/uploads\\\/Render-3a-av-barcelona.jpeg\",\"articleSection\":[\"Alcalde\",\"Ayuntamiento\",\"Urbanismo y obras\"],\"inLanguage\":\"es\"},{\"@type\":\"WebPage\",\"@id\":\"https:\\\/\\\/mont-roig.cat\\\/es\\\/actualitat\\\/noticies\\\/sale-a-licitacion-la-tercera-fase-de-las-obras-de-la-avinguda-de-barcelona-de-miami-platja\\\/\",\"url\":\"https:\\\/\\\/mont-roig.cat\\\/es\\\/actualitat\\\/noticies\\\/sale-a-licitacion-la-tercera-fase-de-las-obras-de-la-avinguda-de-barcelona-de-miami-platja\\\/\",\"name\":\"Sale a licitaci\u00f3n la tercera fase de las obras de la Avinguda de Barcelona de Miami Platja - Ajuntament de Mont-roig del Camp\",\"isPartOf\":{\"@id\":\"https:\\\/\\\/mont-roig.cat\\\/es\\\/#website\"},\"primaryImageOfPage\":{\"@id\":\"https:\\\/\\\/mont-roig.cat\\\/es\\\/actualitat\\\/noticies\\\/sale-a-licitacion-la-tercera-fase-de-las-obras-de-la-avinguda-de-barcelona-de-miami-platja\\\/#primaryimage\"},\"image\":{\"@id\":\"https:\\\/\\\/mont-roig.cat\\\/es\\\/actualitat\\\/noticies\\\/sale-a-licitacion-la-tercera-fase-de-las-obras-de-la-avinguda-de-barcelona-de-miami-platja\\\/#primaryimage\"},\"thumbnailUrl\":\"https:\\\/\\\/mont-roig.cat\\\/wp-content\\\/uploads\\\/Render-3a-av-barcelona.jpeg\",\"datePublished\":\"2025-08-06T12:16:02+00:00\",\"dateModified\":\"2025-08-06T12:25:47+00:00\",\"author\":{\"@id\":\"https:\\\/\\\/mont-roig.cat\\\/es\\\/#\\\/schema\\\/person\\\/1f73e7b5e6f9dd122e8a6f14f310ac5e\"},\"breadcrumb\":{\"@id\":\"https:\\\/\\\/mont-roig.cat\\\/es\\\/actualitat\\\/noticies\\\/sale-a-licitacion-la-tercera-fase-de-las-obras-de-la-avinguda-de-barcelona-de-miami-platja\\\/#breadcrumb\"},\"inLanguage\":\"es\",\"potentialAction\":[{\"@type\":\"ReadAction\",\"target\":[\"https:\\\/\\\/mont-roig.cat\\\/es\\\/actualitat\\\/noticies\\\/sale-a-licitacion-la-tercera-fase-de-las-obras-de-la-avinguda-de-barcelona-de-miami-platja\\\/\"]}]},{\"@type\":\"ImageObject\",\"inLanguage\":\"es\",\"@id\":\"https:\\\/\\\/mont-roig.cat\\\/es\\\/actualitat\\\/noticies\\\/sale-a-licitacion-la-tercera-fase-de-las-obras-de-la-avinguda-de-barcelona-de-miami-platja\\\/#primaryimage\",\"url\":\"https:\\\/\\\/mont-roig.cat\\\/wp-content\\\/uploads\\\/Render-3a-av-barcelona.jpeg\",\"contentUrl\":\"https:\\\/\\\/mont-roig.cat\\\/wp-content\\\/uploads\\\/Render-3a-av-barcelona.jpeg\",\"width\":1600,\"height\":845},{\"@type\":\"BreadcrumbList\",\"@id\":\"https:\\\/\\\/mont-roig.cat\\\/es\\\/actualitat\\\/noticies\\\/sale-a-licitacion-la-tercera-fase-de-las-obras-de-la-avinguda-de-barcelona-de-miami-platja\\\/#breadcrumb\",\"itemListElement\":[{\"@type\":\"ListItem\",\"position\":1,\"name\":\"Inici\",\"item\":\"https:\\\/\\\/mont-roig.cat\\\/es\\\/pagina-de-inicio\\\/\"},{\"@type\":\"ListItem\",\"position\":2,\"name\":\"Sale a licitaci\u00f3n la tercera fase de las obras de la Avinguda de Barcelona de Miami Platja\"}]},{\"@type\":\"WebSite\",\"@id\":\"https:\\\/\\\/mont-roig.cat\\\/es\\\/#website\",\"url\":\"https:\\\/\\\/mont-roig.cat\\\/es\\\/\",\"name\":\"Ajuntament de Mont-roig del Camp\",\"description\":\"Tota la informaci\u00f3 sobre la instituci\u00f3, els seus \u00f2rgans de govern, actualitat, serveis i molt m\u00e9s.\",\"potentialAction\":[{\"@type\":\"SearchAction\",\"target\":{\"@type\":\"EntryPoint\",\"urlTemplate\":\"https:\\\/\\\/mont-roig.cat\\\/es\\\/?s={search_term_string}\"},\"query-input\":{\"@type\":\"PropertyValueSpecification\",\"valueRequired\":true,\"valueName\":\"search_term_string\"}}],\"inLanguage\":\"es\"},{\"@type\":\"Person\",\"@id\":\"https:\\\/\\\/mont-roig.cat\\\/es\\\/#\\\/schema\\\/person\\\/1f73e7b5e6f9dd122e8a6f14f310ac5e\",\"name\":\"comunicacio\",\"image\":{\"@type\":\"ImageObject\",\"inLanguage\":\"es\",\"@id\":\"https:\\\/\\\/secure.gravatar.com\\\/avatar\\\/98944333e7a877670a64f8d10f0cb680ab2c9ebc4efc43945ef004b52b5ad28c?s=96&d=mm&r=g\",\"url\":\"https:\\\/\\\/secure.gravatar.com\\\/avatar\\\/98944333e7a877670a64f8d10f0cb680ab2c9ebc4efc43945ef004b52b5ad28c?s=96&d=mm&r=g\",\"contentUrl\":\"https:\\\/\\\/secure.gravatar.com\\\/avatar\\\/98944333e7a877670a64f8d10f0cb680ab2c9ebc4efc43945ef004b52b5ad28c?s=96&d=mm&r=g\",\"caption\":\"comunicacio\"},\"url\":\"https:\\\/\\\/mont-roig.cat\\\/es\\\/actualitat\\\/noticies\\\/author\\\/comunicacio\\\/\"}]}<\/script>\n<!-- \/ Yoast SEO plugin. -->","yoast_head_json":{"title":"Sale a licitaci\u00f3n la tercera fase de las obras de la Avinguda de Barcelona de Miami Platja - Ajuntament de Mont-roig del Camp","robots":{"index":"index","follow":"follow","max-snippet":"max-snippet:-1","max-image-preview":"max-image-preview:large","max-video-preview":"max-video-preview:-1"},"canonical":"https:\/\/mont-roig.cat\/es\/actualitat\/noticies\/sale-a-licitacion-la-tercera-fase-de-las-obras-de-la-avinguda-de-barcelona-de-miami-platja\/","og_locale":"es_ES","og_type":"article","og_title":"Sale a licitaci\u00f3n la tercera fase de las obras de la Avinguda de Barcelona de Miami Platja - Ajuntament de Mont-roig del Camp","og_description":"El Ayuntamiento trabaja tambi\u00e9n en los pliegos del futuro teatro auditorio Mestre Benaiges y la reorganizaci\u00f3n de la isla de servicios de la zona deportiva de Mont-roig del Camp. El Ayuntamiento de Mont-roig del Camp ha publicado este mi\u00e9rcoles 6 de agosto la licitaci\u00f3n de la tercera fase de las obras de reurbanizaci\u00f3n de la [&hellip;]","og_url":"https:\/\/mont-roig.cat\/es\/actualitat\/noticies\/sale-a-licitacion-la-tercera-fase-de-las-obras-de-la-avinguda-de-barcelona-de-miami-platja\/","og_site_name":"Ajuntament de Mont-roig del Camp","article_published_time":"2025-08-06T12:16:02+00:00","article_modified_time":"2025-08-06T12:25:47+00:00","og_image":[{"width":1600,"height":845,"url":"https:\/\/mont-roig.cat\/wp-content\/uploads\/Render-3a-av-barcelona.jpeg","type":"image\/jpeg"}],"author":"comunicacio","twitter_card":"summary_large_image","twitter_misc":{"Escrito por":"comunicacio","Tiempo de lectura":"3 minutos"},"schema":{"@context":"https:\/\/schema.org","@graph":[{"@type":"Article","@id":"https:\/\/mont-roig.cat\/es\/actualitat\/noticies\/sale-a-licitacion-la-tercera-fase-de-las-obras-de-la-avinguda-de-barcelona-de-miami-platja\/#article","isPartOf":{"@id":"https:\/\/mont-roig.cat\/es\/actualitat\/noticies\/sale-a-licitacion-la-tercera-fase-de-las-obras-de-la-avinguda-de-barcelona-de-miami-platja\/"},"author":{"name":"comunicacio","@id":"https:\/\/mont-roig.cat\/es\/#\/schema\/person\/1f73e7b5e6f9dd122e8a6f14f310ac5e"},"headline":"Sale a licitaci\u00f3n la tercera fase de las obras de la Avinguda de Barcelona de Miami Platja","datePublished":"2025-08-06T12:16:02+00:00","dateModified":"2025-08-06T12:25:47+00:00","mainEntityOfPage":{"@id":"https:\/\/mont-roig.cat\/es\/actualitat\/noticies\/sale-a-licitacion-la-tercera-fase-de-las-obras-de-la-avinguda-de-barcelona-de-miami-platja\/"},"wordCount":556,"image":{"@id":"https:\/\/mont-roig.cat\/es\/actualitat\/noticies\/sale-a-licitacion-la-tercera-fase-de-las-obras-de-la-avinguda-de-barcelona-de-miami-platja\/#primaryimage"},"thumbnailUrl":"https:\/\/mont-roig.cat\/wp-content\/uploads\/Render-3a-av-barcelona.jpeg","articleSection":["Alcalde","Ayuntamiento","Urbanismo y obras"],"inLanguage":"es"},{"@type":"WebPage","@id":"https:\/\/mont-roig.cat\/es\/actualitat\/noticies\/sale-a-licitacion-la-tercera-fase-de-las-obras-de-la-avinguda-de-barcelona-de-miami-platja\/","url":"https:\/\/mont-roig.cat\/es\/actualitat\/noticies\/sale-a-licitacion-la-tercera-fase-de-las-obras-de-la-avinguda-de-barcelona-de-miami-platja\/","name":"Sale a licitaci\u00f3n la tercera fase de las obras de la Avinguda de Barcelona de Miami Platja - Ajuntament de Mont-roig del Camp","isPartOf":{"@id":"https:\/\/mont-roig.cat\/es\/#website"},"primaryImageOfPage":{"@id":"https:\/\/mont-roig.cat\/es\/actualitat\/noticies\/sale-a-licitacion-la-tercera-fase-de-las-obras-de-la-avinguda-de-barcelona-de-miami-platja\/#primaryimage"},"image":{"@id":"https:\/\/mont-roig.cat\/es\/actualitat\/noticies\/sale-a-licitacion-la-tercera-fase-de-las-obras-de-la-avinguda-de-barcelona-de-miami-platja\/#primaryimage"},"thumbnailUrl":"https:\/\/mont-roig.cat\/wp-content\/uploads\/Render-3a-av-barcelona.jpeg","datePublished":"2025-08-06T12:16:02+00:00","dateModified":"2025-08-06T12:25:47+00:00","author":{"@id":"https:\/\/mont-roig.cat\/es\/#\/schema\/person\/1f73e7b5e6f9dd122e8a6f14f310ac5e"},"breadcrumb":{"@id":"https:\/\/mont-roig.cat\/es\/actualitat\/noticies\/sale-a-licitacion-la-tercera-fase-de-las-obras-de-la-avinguda-de-barcelona-de-miami-platja\/#breadcrumb"},"inLanguage":"es","potentialAction":[{"@type":"ReadAction","target":["https:\/\/mont-roig.cat\/es\/actualitat\/noticies\/sale-a-licitacion-la-tercera-fase-de-las-obras-de-la-avinguda-de-barcelona-de-miami-platja\/"]}]},{"@type":"ImageObject","inLanguage":"es","@id":"https:\/\/mont-roig.cat\/es\/actualitat\/noticies\/sale-a-licitacion-la-tercera-fase-de-las-obras-de-la-avinguda-de-barcelona-de-miami-platja\/#primaryimage","url":"https:\/\/mont-roig.cat\/wp-content\/uploads\/Render-3a-av-barcelona.jpeg","contentUrl":"https:\/\/mont-roig.cat\/wp-content\/uploads\/Render-3a-av-barcelona.jpeg","width":1600,"height":845},{"@type":"BreadcrumbList","@id":"https:\/\/mont-roig.cat\/es\/actualitat\/noticies\/sale-a-licitacion-la-tercera-fase-de-las-obras-de-la-avinguda-de-barcelona-de-miami-platja\/#breadcrumb","itemListElement":[{"@type":"ListItem","position":1,"name":"Inici","item":"https:\/\/mont-roig.cat\/es\/pagina-de-inicio\/"},{"@type":"ListItem","position":2,"name":"Sale a licitaci\u00f3n la tercera fase de las obras de la Avinguda de Barcelona de Miami Platja"}]},{"@type":"WebSite","@id":"https:\/\/mont-roig.cat\/es\/#website","url":"https:\/\/mont-roig.cat\/es\/","name":"Ajuntament de Mont-roig del Camp","description":"Tota la informaci\u00f3 sobre la instituci\u00f3, els seus \u00f2rgans de govern, actualitat, serveis i molt m\u00e9s.","potentialAction":[{"@type":"SearchAction","target":{"@type":"EntryPoint","urlTemplate":"https:\/\/mont-roig.cat\/es\/?s={search_term_string}"},"query-input":{"@type":"PropertyValueSpecification","valueRequired":true,"valueName":"search_term_string"}}],"inLanguage":"es"},{"@type":"Person","@id":"https:\/\/mont-roig.cat\/es\/#\/schema\/person\/1f73e7b5e6f9dd122e8a6f14f310ac5e","name":"comunicacio","image":{"@type":"ImageObject","inLanguage":"es","@id":"https:\/\/secure.gravatar.com\/avatar\/98944333e7a877670a64f8d10f0cb680ab2c9ebc4efc43945ef004b52b5ad28c?s=96&d=mm&r=g","url":"https:\/\/secure.gravatar.com\/avatar\/98944333e7a877670a64f8d10f0cb680ab2c9ebc4efc43945ef004b52b5ad28c?s=96&d=mm&r=g","contentUrl":"https:\/\/secure.gravatar.com\/avatar\/98944333e7a877670a64f8d10f0cb680ab2c9ebc4efc43945ef004b52b5ad28c?s=96&d=mm&r=g","caption":"comunicacio"},"url":"https:\/\/mont-roig.cat\/es\/actualitat\/noticies\/author\/comunicacio\/"}]}},"_links":{"self":[{"href":"https:\/\/mont-roig.cat\/es\/wp-json\/wp\/v2\/posts\/84972","targetHints":{"allow":["GET"]}}],"collection":[{"href":"https:\/\/mont-roig.cat\/es\/wp-json\/wp\/v2\/posts"}],"about":[{"href":"https:\/\/mont-roig.cat\/es\/wp-json\/wp\/v2\/types\/post"}],"author":[{"embeddable":true,"href":"https:\/\/mont-roig.cat\/es\/wp-json\/wp\/v2\/users\/13"}],"replies":[{"embeddable":true,"href":"https:\/\/mont-roig.cat\/es\/wp-json\/wp\/v2\/comments?post=84972"}],"version-history":[{"count":5,"href":"https:\/\/mont-roig.cat\/es\/wp-json\/wp\/v2\/posts\/84972\/revisions"}],"predecessor-version":[{"id":84977,"href":"https:\/\/mont-roig.cat\/es\/wp-json\/wp\/v2\/posts\/84972\/revisions\/84977"}],"wp:featuredmedia":[{"embeddable":true,"href":"https:\/\/mont-roig.cat\/es\/wp-json\/wp\/v2\/media\/84968"}],"wp:attachment":[{"href":"https:\/\/mont-roig.cat\/es\/wp-json\/wp\/v2\/media?parent=84972"}],"wp:term":[{"taxonomy":"category","embeddable":true,"href":"https:\/\/mont-roig.cat\/es\/wp-json\/wp\/v2\/categories?post=84972"},{"taxonomy":"post_tag","embeddable":true,"href":"https:\/\/mont-roig.cat\/es\/wp-json\/wp\/v2\/tags?post=84972"}],"curies":[{"name":"wp","href":"https:\/\/api.w.org\/{rel}","templated":true}]}}