{"id":85017,"date":"2025-08-11T14:03:33","date_gmt":"2025-08-11T12:03:33","guid":{"rendered":"https:\/\/mont-roig.cat\/actualitat\/noticies\/la-festa-de-les-pobles-torna-amb-musica-focs-artificials-i-activitats-per-a-tothom\/"},"modified":"2025-08-11T14:15:00","modified_gmt":"2025-08-11T12:15:00","slug":"la-festa-de-les-pobles-vuelve-con-musica-fuegos-artificiales-y-actividades-para-todos","status":"publish","type":"post","link":"https:\/\/mont-roig.cat\/es\/actualitat\/noticies\/la-festa-de-les-pobles-vuelve-con-musica-fuegos-artificiales-y-actividades-para-todos\/","title":{"rendered":"La Festa de les Pobles vuelve con m\u00fasica, fuegos artificiales y actividades para todos"},"content":{"rendered":"<p><strong><strong><a href=\"https:\/\/mont-roig.cat\/wp-content\/uploads\/MMF_LESPOBLES2025_web.png\" target=\"_blank\" rel=\"noopener\"><img loading=\"lazy\" decoding=\"async\" class=\"alignright wp-image-85010\" src=\"https:\/\/mont-roig.cat\/wp-content\/uploads\/MMF_LESPOBLES2025_web-354x500.png\" alt=\"\" width=\"253\" height=\"357\" srcset=\"https:\/\/mont-roig.cat\/wp-content\/uploads\/MMF_LESPOBLES2025_web-354x500.png 354w, https:\/\/mont-roig.cat\/wp-content\/uploads\/MMF_LESPOBLES2025_web-725x1024.png 725w, https:\/\/mont-roig.cat\/wp-content\/uploads\/MMF_LESPOBLES2025_web-768x1085.png 768w, https:\/\/mont-roig.cat\/wp-content\/uploads\/MMF_LESPOBLES2025_web.png 843w\" sizes=\"auto, (max-width: 253px) 100vw, 253px\" \/><\/a><\/strong><\/strong><\/p>\n<ul>\n<li data-start=\"193\" data-end=\"341\"><strong>Los d\u00edas 14 y 15 de agosto, Les Pobles volver\u00e1 a llenarse de m\u00fasica, tradici\u00f3n y diversi\u00f3n con la celebraci\u00f3n de su fiesta veraniega m\u00e1s esperada.<\/strong><\/li>\n<\/ul>\n<p data-start=\"343\" data-end=\"815\">El programa arranca el jueves 14 a las 23 h con el tradicional castillo de fuegos artificiales en la playa de la Pixerota, un espect\u00e1culo que cada a\u00f1o re\u00fane a centenares de personas. A continuaci\u00f3n, a las 23.30 h, la fiesta se trasladar\u00e1 a la zona bajo la antigua v\u00eda del tren con el baile popular a cargo de la Orquestra Atrium y, para quienes quieran alargar la noche, sesi\u00f3n de DJ Happy Beats. El Bar Buc\u00e8fal ofrecer\u00e1 servicio de bar durante el baile.<\/p>\n<p data-start=\"817\" data-end=\"1269\">Al d\u00eda siguiente, viernes 15, la programaci\u00f3n continuar\u00e1 a partir de las 18 h con un espect\u00e1culo infantil con el Mag Rubinstein y despu\u00e9s se repartir\u00e1 coca con chocolate para los m\u00e1s peque\u00f1os. A las 19 h tendr\u00e1 lugar la misa en honor a la Mare de D\u00e9u d\u2019agost y a las 19.45 h se cerrar\u00e1 la fiesta con la ballada de gegants de la Colla Gegantera del Barri dels 6 Carrers de Mont-roig y la m\u00fasica en directo de la Kobla d\u2019en Taulell.<\/p>\n","protected":false},"excerpt":{"rendered":"<p>Los d\u00edas 14 y 15 de agosto, Les Pobles volver\u00e1 a llenarse de m\u00fasica, tradici\u00f3n y diversi\u00f3n con la celebraci\u00f3n de su fiesta veraniega m\u00e1s esperada. El programa arranca el jueves 14 a las 23 h con el tradicional castillo de fuegos artificiales en la playa de la Pixerota, un espect\u00e1culo que cada a\u00f1o re\u00fane [&hellip;]<\/p>\n","protected":false},"author":13,"featured_media":85013,"comment_status":"closed","ping_status":"closed","sticky":false,"template":"","format":"standard","meta":{"inline_featured_image":false,"_monsterinsights_skip_tracking":false,"_monsterinsights_sitenote_active":false,"_monsterinsights_sitenote_note":"","_monsterinsights_sitenote_category":0,"footnotes":""},"categories":[98,105],"tags":[],"class_list":["post-85017","post","type-post","status-publish","format-standard","has-post-thumbnail","hentry","category-ayuntamiento","category-fiestas"],"yoast_head":"<!-- This site is optimized with the Yoast SEO plugin v27.4 - https:\/\/yoast.com\/product\/yoast-seo-wordpress\/ -->\n<title>La Festa de les Pobles vuelve con m\u00fasica, fuegos artificiales y actividades para todos - Ajuntament de Mont-roig del Camp<\/title>\n<meta name=\"robots\" content=\"index, follow, max-snippet:-1, max-image-preview:large, max-video-preview:-1\" \/>\n<link rel=\"canonical\" href=\"https:\/\/mont-roig.cat\/es\/actualitat\/noticies\/la-festa-de-les-pobles-vuelve-con-musica-fuegos-artificiales-y-actividades-para-todos\/\" \/>\n<meta property=\"og:locale\" content=\"es_ES\" \/>\n<meta property=\"og:type\" content=\"article\" \/>\n<meta property=\"og:title\" content=\"La Festa de les Pobles vuelve con m\u00fasica, fuegos artificiales y actividades para todos - Ajuntament de Mont-roig del Camp\" \/>\n<meta property=\"og:description\" content=\"Los d\u00edas 14 y 15 de agosto, Les Pobles volver\u00e1 a llenarse de m\u00fasica, tradici\u00f3n y diversi\u00f3n con la celebraci\u00f3n de su fiesta veraniega m\u00e1s esperada. El programa arranca el jueves 14 a las 23 h con el tradicional castillo de fuegos artificiales en la playa de la Pixerota, un espect\u00e1culo que cada a\u00f1o re\u00fane [&hellip;]\" \/>\n<meta property=\"og:url\" content=\"https:\/\/mont-roig.cat\/es\/actualitat\/noticies\/la-festa-de-les-pobles-vuelve-con-musica-fuegos-artificiales-y-actividades-para-todos\/\" \/>\n<meta property=\"og:site_name\" content=\"Ajuntament de Mont-roig del Camp\" \/>\n<meta property=\"article:published_time\" content=\"2025-08-11T12:03:33+00:00\" \/>\n<meta property=\"article:modified_time\" content=\"2025-08-11T12:15:00+00:00\" \/>\n<meta property=\"og:image\" content=\"https:\/\/mont-roig.cat\/wp-content\/uploads\/MMF_LESPOBLES2025_META1.png\" \/>\n\t<meta property=\"og:image:width\" content=\"1200\" \/>\n\t<meta property=\"og:image:height\" content=\"630\" \/>\n\t<meta property=\"og:image:type\" content=\"image\/png\" \/>\n<meta name=\"author\" content=\"comunicacio\" \/>\n<meta name=\"twitter:card\" content=\"summary_large_image\" \/>\n<meta name=\"twitter:label1\" content=\"Escrito por\" \/>\n\t<meta name=\"twitter:data1\" content=\"comunicacio\" \/>\n\t<meta name=\"twitter:label2\" content=\"Tiempo de lectura\" \/>\n\t<meta name=\"twitter:data2\" content=\"2 minutos\" \/>\n<script type=\"application\/ld+json\" class=\"yoast-schema-graph\">{\"@context\":\"https:\\\/\\\/schema.org\",\"@graph\":[{\"@type\":\"Article\",\"@id\":\"https:\\\/\\\/mont-roig.cat\\\/es\\\/actualitat\\\/noticies\\\/la-festa-de-les-pobles-vuelve-con-musica-fuegos-artificiales-y-actividades-para-todos\\\/#article\",\"isPartOf\":{\"@id\":\"https:\\\/\\\/mont-roig.cat\\\/es\\\/actualitat\\\/noticies\\\/la-festa-de-les-pobles-vuelve-con-musica-fuegos-artificiales-y-actividades-para-todos\\\/\"},\"author\":{\"name\":\"comunicacio\",\"@id\":\"https:\\\/\\\/mont-roig.cat\\\/es\\\/#\\\/schema\\\/person\\\/1f73e7b5e6f9dd122e8a6f14f310ac5e\"},\"headline\":\"La Festa de les Pobles vuelve con m\u00fasica, fuegos artificiales y actividades para todos\",\"datePublished\":\"2025-08-11T12:03:33+00:00\",\"dateModified\":\"2025-08-11T12:15:00+00:00\",\"mainEntityOfPage\":{\"@id\":\"https:\\\/\\\/mont-roig.cat\\\/es\\\/actualitat\\\/noticies\\\/la-festa-de-les-pobles-vuelve-con-musica-fuegos-artificiales-y-actividades-para-todos\\\/\"},\"wordCount\":222,\"image\":{\"@id\":\"https:\\\/\\\/mont-roig.cat\\\/es\\\/actualitat\\\/noticies\\\/la-festa-de-les-pobles-vuelve-con-musica-fuegos-artificiales-y-actividades-para-todos\\\/#primaryimage\"},\"thumbnailUrl\":\"https:\\\/\\\/mont-roig.cat\\\/wp-content\\\/uploads\\\/MMF_LESPOBLES2025_META1.png\",\"articleSection\":[\"Ayuntamiento\",\"Festes\"],\"inLanguage\":\"es\"},{\"@type\":\"WebPage\",\"@id\":\"https:\\\/\\\/mont-roig.cat\\\/es\\\/actualitat\\\/noticies\\\/la-festa-de-les-pobles-vuelve-con-musica-fuegos-artificiales-y-actividades-para-todos\\\/\",\"url\":\"https:\\\/\\\/mont-roig.cat\\\/es\\\/actualitat\\\/noticies\\\/la-festa-de-les-pobles-vuelve-con-musica-fuegos-artificiales-y-actividades-para-todos\\\/\",\"name\":\"La Festa de les Pobles vuelve con m\u00fasica, fuegos artificiales y actividades para todos - Ajuntament de Mont-roig del Camp\",\"isPartOf\":{\"@id\":\"https:\\\/\\\/mont-roig.cat\\\/es\\\/#website\"},\"primaryImageOfPage\":{\"@id\":\"https:\\\/\\\/mont-roig.cat\\\/es\\\/actualitat\\\/noticies\\\/la-festa-de-les-pobles-vuelve-con-musica-fuegos-artificiales-y-actividades-para-todos\\\/#primaryimage\"},\"image\":{\"@id\":\"https:\\\/\\\/mont-roig.cat\\\/es\\\/actualitat\\\/noticies\\\/la-festa-de-les-pobles-vuelve-con-musica-fuegos-artificiales-y-actividades-para-todos\\\/#primaryimage\"},\"thumbnailUrl\":\"https:\\\/\\\/mont-roig.cat\\\/wp-content\\\/uploads\\\/MMF_LESPOBLES2025_META1.png\",\"datePublished\":\"2025-08-11T12:03:33+00:00\",\"dateModified\":\"2025-08-11T12:15:00+00:00\",\"author\":{\"@id\":\"https:\\\/\\\/mont-roig.cat\\\/es\\\/#\\\/schema\\\/person\\\/1f73e7b5e6f9dd122e8a6f14f310ac5e\"},\"breadcrumb\":{\"@id\":\"https:\\\/\\\/mont-roig.cat\\\/es\\\/actualitat\\\/noticies\\\/la-festa-de-les-pobles-vuelve-con-musica-fuegos-artificiales-y-actividades-para-todos\\\/#breadcrumb\"},\"inLanguage\":\"es\",\"potentialAction\":[{\"@type\":\"ReadAction\",\"target\":[\"https:\\\/\\\/mont-roig.cat\\\/es\\\/actualitat\\\/noticies\\\/la-festa-de-les-pobles-vuelve-con-musica-fuegos-artificiales-y-actividades-para-todos\\\/\"]}]},{\"@type\":\"ImageObject\",\"inLanguage\":\"es\",\"@id\":\"https:\\\/\\\/mont-roig.cat\\\/es\\\/actualitat\\\/noticies\\\/la-festa-de-les-pobles-vuelve-con-musica-fuegos-artificiales-y-actividades-para-todos\\\/#primaryimage\",\"url\":\"https:\\\/\\\/mont-roig.cat\\\/wp-content\\\/uploads\\\/MMF_LESPOBLES2025_META1.png\",\"contentUrl\":\"https:\\\/\\\/mont-roig.cat\\\/wp-content\\\/uploads\\\/MMF_LESPOBLES2025_META1.png\",\"width\":1200,\"height\":630},{\"@type\":\"BreadcrumbList\",\"@id\":\"https:\\\/\\\/mont-roig.cat\\\/es\\\/actualitat\\\/noticies\\\/la-festa-de-les-pobles-vuelve-con-musica-fuegos-artificiales-y-actividades-para-todos\\\/#breadcrumb\",\"itemListElement\":[{\"@type\":\"ListItem\",\"position\":1,\"name\":\"Inici\",\"item\":\"https:\\\/\\\/mont-roig.cat\\\/es\\\/pagina-de-inicio\\\/\"},{\"@type\":\"ListItem\",\"position\":2,\"name\":\"La Festa de les Pobles vuelve con m\u00fasica, fuegos artificiales y actividades para todos\"}]},{\"@type\":\"WebSite\",\"@id\":\"https:\\\/\\\/mont-roig.cat\\\/es\\\/#website\",\"url\":\"https:\\\/\\\/mont-roig.cat\\\/es\\\/\",\"name\":\"Ajuntament de Mont-roig del Camp\",\"description\":\"Tota la informaci\u00f3 sobre la instituci\u00f3, els seus \u00f2rgans de govern, actualitat, serveis i molt m\u00e9s.\",\"potentialAction\":[{\"@type\":\"SearchAction\",\"target\":{\"@type\":\"EntryPoint\",\"urlTemplate\":\"https:\\\/\\\/mont-roig.cat\\\/es\\\/?s={search_term_string}\"},\"query-input\":{\"@type\":\"PropertyValueSpecification\",\"valueRequired\":true,\"valueName\":\"search_term_string\"}}],\"inLanguage\":\"es\"},{\"@type\":\"Person\",\"@id\":\"https:\\\/\\\/mont-roig.cat\\\/es\\\/#\\\/schema\\\/person\\\/1f73e7b5e6f9dd122e8a6f14f310ac5e\",\"name\":\"comunicacio\",\"image\":{\"@type\":\"ImageObject\",\"inLanguage\":\"es\",\"@id\":\"https:\\\/\\\/secure.gravatar.com\\\/avatar\\\/98944333e7a877670a64f8d10f0cb680ab2c9ebc4efc43945ef004b52b5ad28c?s=96&d=mm&r=g\",\"url\":\"https:\\\/\\\/secure.gravatar.com\\\/avatar\\\/98944333e7a877670a64f8d10f0cb680ab2c9ebc4efc43945ef004b52b5ad28c?s=96&d=mm&r=g\",\"contentUrl\":\"https:\\\/\\\/secure.gravatar.com\\\/avatar\\\/98944333e7a877670a64f8d10f0cb680ab2c9ebc4efc43945ef004b52b5ad28c?s=96&d=mm&r=g\",\"caption\":\"comunicacio\"},\"url\":\"https:\\\/\\\/mont-roig.cat\\\/es\\\/actualitat\\\/noticies\\\/author\\\/comunicacio\\\/\"}]}<\/script>\n<!-- \/ Yoast SEO plugin. -->","yoast_head_json":{"title":"La Festa de les Pobles vuelve con m\u00fasica, fuegos artificiales y actividades para todos - Ajuntament de Mont-roig del Camp","robots":{"index":"index","follow":"follow","max-snippet":"max-snippet:-1","max-image-preview":"max-image-preview:large","max-video-preview":"max-video-preview:-1"},"canonical":"https:\/\/mont-roig.cat\/es\/actualitat\/noticies\/la-festa-de-les-pobles-vuelve-con-musica-fuegos-artificiales-y-actividades-para-todos\/","og_locale":"es_ES","og_type":"article","og_title":"La Festa de les Pobles vuelve con m\u00fasica, fuegos artificiales y actividades para todos - Ajuntament de Mont-roig del Camp","og_description":"Los d\u00edas 14 y 15 de agosto, Les Pobles volver\u00e1 a llenarse de m\u00fasica, tradici\u00f3n y diversi\u00f3n con la celebraci\u00f3n de su fiesta veraniega m\u00e1s esperada. El programa arranca el jueves 14 a las 23 h con el tradicional castillo de fuegos artificiales en la playa de la Pixerota, un espect\u00e1culo que cada a\u00f1o re\u00fane [&hellip;]","og_url":"https:\/\/mont-roig.cat\/es\/actualitat\/noticies\/la-festa-de-les-pobles-vuelve-con-musica-fuegos-artificiales-y-actividades-para-todos\/","og_site_name":"Ajuntament de Mont-roig del Camp","article_published_time":"2025-08-11T12:03:33+00:00","article_modified_time":"2025-08-11T12:15:00+00:00","og_image":[{"width":1200,"height":630,"url":"https:\/\/mont-roig.cat\/wp-content\/uploads\/MMF_LESPOBLES2025_META1.png","type":"image\/png"}],"author":"comunicacio","twitter_card":"summary_large_image","twitter_misc":{"Escrito por":"comunicacio","Tiempo de lectura":"2 minutos"},"schema":{"@context":"https:\/\/schema.org","@graph":[{"@type":"Article","@id":"https:\/\/mont-roig.cat\/es\/actualitat\/noticies\/la-festa-de-les-pobles-vuelve-con-musica-fuegos-artificiales-y-actividades-para-todos\/#article","isPartOf":{"@id":"https:\/\/mont-roig.cat\/es\/actualitat\/noticies\/la-festa-de-les-pobles-vuelve-con-musica-fuegos-artificiales-y-actividades-para-todos\/"},"author":{"name":"comunicacio","@id":"https:\/\/mont-roig.cat\/es\/#\/schema\/person\/1f73e7b5e6f9dd122e8a6f14f310ac5e"},"headline":"La Festa de les Pobles vuelve con m\u00fasica, fuegos artificiales y actividades para todos","datePublished":"2025-08-11T12:03:33+00:00","dateModified":"2025-08-11T12:15:00+00:00","mainEntityOfPage":{"@id":"https:\/\/mont-roig.cat\/es\/actualitat\/noticies\/la-festa-de-les-pobles-vuelve-con-musica-fuegos-artificiales-y-actividades-para-todos\/"},"wordCount":222,"image":{"@id":"https:\/\/mont-roig.cat\/es\/actualitat\/noticies\/la-festa-de-les-pobles-vuelve-con-musica-fuegos-artificiales-y-actividades-para-todos\/#primaryimage"},"thumbnailUrl":"https:\/\/mont-roig.cat\/wp-content\/uploads\/MMF_LESPOBLES2025_META1.png","articleSection":["Ayuntamiento","Festes"],"inLanguage":"es"},{"@type":"WebPage","@id":"https:\/\/mont-roig.cat\/es\/actualitat\/noticies\/la-festa-de-les-pobles-vuelve-con-musica-fuegos-artificiales-y-actividades-para-todos\/","url":"https:\/\/mont-roig.cat\/es\/actualitat\/noticies\/la-festa-de-les-pobles-vuelve-con-musica-fuegos-artificiales-y-actividades-para-todos\/","name":"La Festa de les Pobles vuelve con m\u00fasica, fuegos artificiales y actividades para todos - Ajuntament de Mont-roig del Camp","isPartOf":{"@id":"https:\/\/mont-roig.cat\/es\/#website"},"primaryImageOfPage":{"@id":"https:\/\/mont-roig.cat\/es\/actualitat\/noticies\/la-festa-de-les-pobles-vuelve-con-musica-fuegos-artificiales-y-actividades-para-todos\/#primaryimage"},"image":{"@id":"https:\/\/mont-roig.cat\/es\/actualitat\/noticies\/la-festa-de-les-pobles-vuelve-con-musica-fuegos-artificiales-y-actividades-para-todos\/#primaryimage"},"thumbnailUrl":"https:\/\/mont-roig.cat\/wp-content\/uploads\/MMF_LESPOBLES2025_META1.png","datePublished":"2025-08-11T12:03:33+00:00","dateModified":"2025-08-11T12:15:00+00:00","author":{"@id":"https:\/\/mont-roig.cat\/es\/#\/schema\/person\/1f73e7b5e6f9dd122e8a6f14f310ac5e"},"breadcrumb":{"@id":"https:\/\/mont-roig.cat\/es\/actualitat\/noticies\/la-festa-de-les-pobles-vuelve-con-musica-fuegos-artificiales-y-actividades-para-todos\/#breadcrumb"},"inLanguage":"es","potentialAction":[{"@type":"ReadAction","target":["https:\/\/mont-roig.cat\/es\/actualitat\/noticies\/la-festa-de-les-pobles-vuelve-con-musica-fuegos-artificiales-y-actividades-para-todos\/"]}]},{"@type":"ImageObject","inLanguage":"es","@id":"https:\/\/mont-roig.cat\/es\/actualitat\/noticies\/la-festa-de-les-pobles-vuelve-con-musica-fuegos-artificiales-y-actividades-para-todos\/#primaryimage","url":"https:\/\/mont-roig.cat\/wp-content\/uploads\/MMF_LESPOBLES2025_META1.png","contentUrl":"https:\/\/mont-roig.cat\/wp-content\/uploads\/MMF_LESPOBLES2025_META1.png","width":1200,"height":630},{"@type":"BreadcrumbList","@id":"https:\/\/mont-roig.cat\/es\/actualitat\/noticies\/la-festa-de-les-pobles-vuelve-con-musica-fuegos-artificiales-y-actividades-para-todos\/#breadcrumb","itemListElement":[{"@type":"ListItem","position":1,"name":"Inici","item":"https:\/\/mont-roig.cat\/es\/pagina-de-inicio\/"},{"@type":"ListItem","position":2,"name":"La Festa de les Pobles vuelve con m\u00fasica, fuegos artificiales y actividades para todos"}]},{"@type":"WebSite","@id":"https:\/\/mont-roig.cat\/es\/#website","url":"https:\/\/mont-roig.cat\/es\/","name":"Ajuntament de Mont-roig del Camp","description":"Tota la informaci\u00f3 sobre la instituci\u00f3, els seus \u00f2rgans de govern, actualitat, serveis i molt m\u00e9s.","potentialAction":[{"@type":"SearchAction","target":{"@type":"EntryPoint","urlTemplate":"https:\/\/mont-roig.cat\/es\/?s={search_term_string}"},"query-input":{"@type":"PropertyValueSpecification","valueRequired":true,"valueName":"search_term_string"}}],"inLanguage":"es"},{"@type":"Person","@id":"https:\/\/mont-roig.cat\/es\/#\/schema\/person\/1f73e7b5e6f9dd122e8a6f14f310ac5e","name":"comunicacio","image":{"@type":"ImageObject","inLanguage":"es","@id":"https:\/\/secure.gravatar.com\/avatar\/98944333e7a877670a64f8d10f0cb680ab2c9ebc4efc43945ef004b52b5ad28c?s=96&d=mm&r=g","url":"https:\/\/secure.gravatar.com\/avatar\/98944333e7a877670a64f8d10f0cb680ab2c9ebc4efc43945ef004b52b5ad28c?s=96&d=mm&r=g","contentUrl":"https:\/\/secure.gravatar.com\/avatar\/98944333e7a877670a64f8d10f0cb680ab2c9ebc4efc43945ef004b52b5ad28c?s=96&d=mm&r=g","caption":"comunicacio"},"url":"https:\/\/mont-roig.cat\/es\/actualitat\/noticies\/author\/comunicacio\/"}]}},"_links":{"self":[{"href":"https:\/\/mont-roig.cat\/es\/wp-json\/wp\/v2\/posts\/85017","targetHints":{"allow":["GET"]}}],"collection":[{"href":"https:\/\/mont-roig.cat\/es\/wp-json\/wp\/v2\/posts"}],"about":[{"href":"https:\/\/mont-roig.cat\/es\/wp-json\/wp\/v2\/types\/post"}],"author":[{"embeddable":true,"href":"https:\/\/mont-roig.cat\/es\/wp-json\/wp\/v2\/users\/13"}],"replies":[{"embeddable":true,"href":"https:\/\/mont-roig.cat\/es\/wp-json\/wp\/v2\/comments?post=85017"}],"version-history":[{"count":2,"href":"https:\/\/mont-roig.cat\/es\/wp-json\/wp\/v2\/posts\/85017\/revisions"}],"predecessor-version":[{"id":85019,"href":"https:\/\/mont-roig.cat\/es\/wp-json\/wp\/v2\/posts\/85017\/revisions\/85019"}],"wp:featuredmedia":[{"embeddable":true,"href":"https:\/\/mont-roig.cat\/es\/wp-json\/wp\/v2\/media\/85013"}],"wp:attachment":[{"href":"https:\/\/mont-roig.cat\/es\/wp-json\/wp\/v2\/media?parent=85017"}],"wp:term":[{"taxonomy":"category","embeddable":true,"href":"https:\/\/mont-roig.cat\/es\/wp-json\/wp\/v2\/categories?post=85017"},{"taxonomy":"post_tag","embeddable":true,"href":"https:\/\/mont-roig.cat\/es\/wp-json\/wp\/v2\/tags?post=85017"}],"curies":[{"name":"wp","href":"https:\/\/api.w.org\/{rel}","templated":true}]}}