{"id":85032,"date":"2025-08-13T11:32:20","date_gmt":"2025-08-13T09:32:20","guid":{"rendered":"https:\/\/mont-roig.cat\/actualitat\/noticies\/lajuntament-de-mont-roig-del-camp-actua-per-minimitzar-els-efectes-de-la-mosca-de-la-figa-de-moro-a-lermita-de-la-mare-de-deu-de-la-roca\/"},"modified":"2025-08-13T11:43:24","modified_gmt":"2025-08-13T09:43:24","slug":"el-ayuntamiento-actua-para-minimizar-los-efectos-de-la-mosca-de-la-chumbera-en-la-ermita-de-la-mare-de-deu-de-la-roca","status":"publish","type":"post","link":"https:\/\/mont-roig.cat\/es\/actualitat\/noticies\/el-ayuntamiento-actua-para-minimizar-los-efectos-de-la-mosca-de-la-chumbera-en-la-ermita-de-la-mare-de-deu-de-la-roca\/","title":{"rendered":"El Ayuntamiento de Mont-roig del Camp act\u00faa para minimizar los efectos de la mosca de la chumbera en la Ermita de la Mare de D\u00e9u de la Roca"},"content":{"rendered":"<p><strong><strong><a href=\"https:\/\/mont-roig.cat\/wp-content\/uploads\/WhatsApp-Image-2025-08-12-at-14.50.32-scaled.jpeg\" target=\"_blank\" rel=\"noopener\"><img loading=\"lazy\" decoding=\"async\" class=\"alignright wp-image-85026\" src=\"https:\/\/mont-roig.cat\/wp-content\/uploads\/WhatsApp-Image-2025-08-12-at-14.50.32-500x281.jpeg\" alt=\"\" width=\"292\" height=\"164\" srcset=\"https:\/\/mont-roig.cat\/wp-content\/uploads\/WhatsApp-Image-2025-08-12-at-14.50.32-500x281.jpeg 500w, https:\/\/mont-roig.cat\/wp-content\/uploads\/WhatsApp-Image-2025-08-12-at-14.50.32-1024x576.jpeg 1024w, https:\/\/mont-roig.cat\/wp-content\/uploads\/WhatsApp-Image-2025-08-12-at-14.50.32-768x432.jpeg 768w, https:\/\/mont-roig.cat\/wp-content\/uploads\/WhatsApp-Image-2025-08-12-at-14.50.32-1536x864.jpeg 1536w, https:\/\/mont-roig.cat\/wp-content\/uploads\/WhatsApp-Image-2025-08-12-at-14.50.32-scaled.jpeg 2048w\" sizes=\"auto, (max-width: 292px) 100vw, 292px\" \/><\/a><\/strong><\/strong><\/p>\n<ul>\n<li data-start=\"277\" data-end=\"476\"><strong>Esta plaga, que solo afecta a las chumberas, resulta molesta pero es inofensiva para las personas. Se trabaja con medidas adaptadas para proteger el paisaje y el entorno natural.<\/strong><\/li>\n<\/ul>\n<p data-start=\"501\" data-end=\"861\">El Ayuntamiento de Mont-roig del Camp ha iniciado y mantiene diversas actuaciones para reducir el impacto de la mosca de la chumbera (<em data-start=\"613\" data-end=\"635\">Dactylopius opuntiae<\/em>) en el entorno de la Ermita de la Mare de D\u00e9u de la Roca. El objetivo es preservar las chumberas, elemento emblem\u00e1tico del paisaje, a la vez que se garantiza la seguridad de las personas y la protecci\u00f3n del espacio natural.<\/p>\n<p data-start=\"863\" data-end=\"1049\">Esta especie no pica ni es peligrosa para la salud humana; las molestias que puede ocasionar se limitan al aspecto deteriorado de las plantas y a peque\u00f1as part\u00edculas en suspensi\u00f3n.<\/p>\n<p data-start=\"1051\" data-end=\"1496\"><strong data-start=\"1051\" data-end=\"1095\">Medidas adaptadas a un entorno protegido<\/strong><br data-start=\"1095\" data-end=\"1098\" \/>Dada la dificultad de actuar en un terreno abrupto e incluido dentro del Pla d\u2019Espais d\u2019Inter\u00e8s Natural (PEIN), las tareas de control se realizan de forma selectiva y manual, retirando las partes m\u00e1s afectadas y minimizando el uso de productos qu\u00edmicos. Estas intervenciones requieren un gran esfuerzo f\u00edsico y un alto nivel de precauci\u00f3n, pero permiten actuar con el m\u00e1ximo respeto por el medio.La mosca de la chumbera es muy resistente y tiende a rebrotar, especialmente en zonas de dif\u00edcil acceso. Por ello, el Ayuntamiento mantiene una vigilancia constante y prev\u00e9 nuevas actuaciones peri\u00f3dicas para frenar su propagaci\u00f3n y proteger tanto el valor paisaj\u00edstico como el natural de este lugar. Las chumberas forman parte de la imagen hist\u00f3rica y sentimental de la Ermita. Preservarlas es tambi\u00e9n preservar la identidad del municipio. A pesar de las dificultades, se continuar\u00e1 trabajando con todos los medios disponibles para mantener este espacio emblem\u00e1tico en las mejores condiciones posibles.<\/p>\n","protected":false},"excerpt":{"rendered":"<p>Esta plaga, que solo afecta a las chumberas, resulta molesta pero es inofensiva para las personas. Se trabaja con medidas adaptadas para proteger el paisaje y el entorno natural. El Ayuntamiento de Mont-roig del Camp ha iniciado y mantiene diversas actuaciones para reducir el impacto de la mosca de la chumbera (Dactylopius opuntiae) en el [&hellip;]<\/p>\n","protected":false},"author":13,"featured_media":85027,"comment_status":"closed","ping_status":"closed","sticky":false,"template":"","format":"standard","meta":{"inline_featured_image":false,"_monsterinsights_skip_tracking":false,"_monsterinsights_sitenote_active":false,"_monsterinsights_sitenote_note":"","_monsterinsights_sitenote_category":0,"footnotes":""},"categories":[98,222],"tags":[],"class_list":["post-85032","post","type-post","status-publish","format-standard","has-post-thumbnail","hentry","category-ayuntamiento","category-entorn-natural-es"],"yoast_head":"<!-- This site is optimized with the Yoast SEO plugin v27.4 - https:\/\/yoast.com\/product\/yoast-seo-wordpress\/ -->\n<title>El Ayuntamiento de Mont-roig del Camp act\u00faa para minimizar los efectos de la mosca de la chumbera en la Ermita de la Mare de D\u00e9u de la Roca - Ajuntament de Mont-roig del Camp<\/title>\n<meta name=\"robots\" content=\"index, follow, max-snippet:-1, max-image-preview:large, max-video-preview:-1\" \/>\n<link rel=\"canonical\" href=\"https:\/\/mont-roig.cat\/es\/actualitat\/noticies\/el-ayuntamiento-actua-para-minimizar-los-efectos-de-la-mosca-de-la-chumbera-en-la-ermita-de-la-mare-de-deu-de-la-roca\/\" \/>\n<meta property=\"og:locale\" content=\"es_ES\" \/>\n<meta property=\"og:type\" content=\"article\" \/>\n<meta property=\"og:title\" content=\"El Ayuntamiento de Mont-roig del Camp act\u00faa para minimizar los efectos de la mosca de la chumbera en la Ermita de la Mare de D\u00e9u de la Roca - Ajuntament de Mont-roig del Camp\" \/>\n<meta property=\"og:description\" content=\"Esta plaga, que solo afecta a las chumberas, resulta molesta pero es inofensiva para las personas. Se trabaja con medidas adaptadas para proteger el paisaje y el entorno natural. El Ayuntamiento de Mont-roig del Camp ha iniciado y mantiene diversas actuaciones para reducir el impacto de la mosca de la chumbera (Dactylopius opuntiae) en el [&hellip;]\" \/>\n<meta property=\"og:url\" content=\"https:\/\/mont-roig.cat\/es\/actualitat\/noticies\/el-ayuntamiento-actua-para-minimizar-los-efectos-de-la-mosca-de-la-chumbera-en-la-ermita-de-la-mare-de-deu-de-la-roca\/\" \/>\n<meta property=\"og:site_name\" content=\"Ajuntament de Mont-roig del Camp\" \/>\n<meta property=\"article:published_time\" content=\"2025-08-13T09:32:20+00:00\" \/>\n<meta property=\"article:modified_time\" content=\"2025-08-13T09:43:24+00:00\" \/>\n<meta property=\"og:image\" content=\"https:\/\/mont-roig.cat\/wp-content\/uploads\/WhatsApp-Image-2025-08-12-at-14.50.32-scaled.jpeg\" \/>\n\t<meta property=\"og:image:width\" content=\"2048\" \/>\n\t<meta property=\"og:image:height\" content=\"1152\" \/>\n\t<meta property=\"og:image:type\" content=\"image\/jpeg\" \/>\n<meta name=\"author\" content=\"comunicacio\" \/>\n<meta name=\"twitter:card\" content=\"summary_large_image\" \/>\n<meta name=\"twitter:label1\" content=\"Escrito por\" \/>\n\t<meta name=\"twitter:data1\" content=\"comunicacio\" \/>\n\t<meta name=\"twitter:label2\" content=\"Tiempo de lectura\" \/>\n\t<meta name=\"twitter:data2\" content=\"2 minutos\" \/>\n<script type=\"application\/ld+json\" class=\"yoast-schema-graph\">{\"@context\":\"https:\\\/\\\/schema.org\",\"@graph\":[{\"@type\":\"Article\",\"@id\":\"https:\\\/\\\/mont-roig.cat\\\/es\\\/actualitat\\\/noticies\\\/el-ayuntamiento-actua-para-minimizar-los-efectos-de-la-mosca-de-la-chumbera-en-la-ermita-de-la-mare-de-deu-de-la-roca\\\/#article\",\"isPartOf\":{\"@id\":\"https:\\\/\\\/mont-roig.cat\\\/es\\\/actualitat\\\/noticies\\\/el-ayuntamiento-actua-para-minimizar-los-efectos-de-la-mosca-de-la-chumbera-en-la-ermita-de-la-mare-de-deu-de-la-roca\\\/\"},\"author\":{\"name\":\"comunicacio\",\"@id\":\"https:\\\/\\\/mont-roig.cat\\\/es\\\/#\\\/schema\\\/person\\\/1f73e7b5e6f9dd122e8a6f14f310ac5e\"},\"headline\":\"El Ayuntamiento de Mont-roig del Camp act\u00faa para minimizar los efectos de la mosca de la chumbera en la Ermita de la Mare de D\u00e9u de la Roca\",\"datePublished\":\"2025-08-13T09:32:20+00:00\",\"dateModified\":\"2025-08-13T09:43:24+00:00\",\"mainEntityOfPage\":{\"@id\":\"https:\\\/\\\/mont-roig.cat\\\/es\\\/actualitat\\\/noticies\\\/el-ayuntamiento-actua-para-minimizar-los-efectos-de-la-mosca-de-la-chumbera-en-la-ermita-de-la-mare-de-deu-de-la-roca\\\/\"},\"wordCount\":336,\"image\":{\"@id\":\"https:\\\/\\\/mont-roig.cat\\\/es\\\/actualitat\\\/noticies\\\/el-ayuntamiento-actua-para-minimizar-los-efectos-de-la-mosca-de-la-chumbera-en-la-ermita-de-la-mare-de-deu-de-la-roca\\\/#primaryimage\"},\"thumbnailUrl\":\"https:\\\/\\\/mont-roig.cat\\\/wp-content\\\/uploads\\\/WhatsApp-Image-2025-08-12-at-14.50.32-scaled.jpeg\",\"articleSection\":[\"Ayuntamiento\",\"Entorn natural\"],\"inLanguage\":\"es\"},{\"@type\":\"WebPage\",\"@id\":\"https:\\\/\\\/mont-roig.cat\\\/es\\\/actualitat\\\/noticies\\\/el-ayuntamiento-actua-para-minimizar-los-efectos-de-la-mosca-de-la-chumbera-en-la-ermita-de-la-mare-de-deu-de-la-roca\\\/\",\"url\":\"https:\\\/\\\/mont-roig.cat\\\/es\\\/actualitat\\\/noticies\\\/el-ayuntamiento-actua-para-minimizar-los-efectos-de-la-mosca-de-la-chumbera-en-la-ermita-de-la-mare-de-deu-de-la-roca\\\/\",\"name\":\"El Ayuntamiento de Mont-roig del Camp act\u00faa para minimizar los efectos de la mosca de la chumbera en la Ermita de la Mare de D\u00e9u de la Roca - Ajuntament de Mont-roig del Camp\",\"isPartOf\":{\"@id\":\"https:\\\/\\\/mont-roig.cat\\\/es\\\/#website\"},\"primaryImageOfPage\":{\"@id\":\"https:\\\/\\\/mont-roig.cat\\\/es\\\/actualitat\\\/noticies\\\/el-ayuntamiento-actua-para-minimizar-los-efectos-de-la-mosca-de-la-chumbera-en-la-ermita-de-la-mare-de-deu-de-la-roca\\\/#primaryimage\"},\"image\":{\"@id\":\"https:\\\/\\\/mont-roig.cat\\\/es\\\/actualitat\\\/noticies\\\/el-ayuntamiento-actua-para-minimizar-los-efectos-de-la-mosca-de-la-chumbera-en-la-ermita-de-la-mare-de-deu-de-la-roca\\\/#primaryimage\"},\"thumbnailUrl\":\"https:\\\/\\\/mont-roig.cat\\\/wp-content\\\/uploads\\\/WhatsApp-Image-2025-08-12-at-14.50.32-scaled.jpeg\",\"datePublished\":\"2025-08-13T09:32:20+00:00\",\"dateModified\":\"2025-08-13T09:43:24+00:00\",\"author\":{\"@id\":\"https:\\\/\\\/mont-roig.cat\\\/es\\\/#\\\/schema\\\/person\\\/1f73e7b5e6f9dd122e8a6f14f310ac5e\"},\"breadcrumb\":{\"@id\":\"https:\\\/\\\/mont-roig.cat\\\/es\\\/actualitat\\\/noticies\\\/el-ayuntamiento-actua-para-minimizar-los-efectos-de-la-mosca-de-la-chumbera-en-la-ermita-de-la-mare-de-deu-de-la-roca\\\/#breadcrumb\"},\"inLanguage\":\"es\",\"potentialAction\":[{\"@type\":\"ReadAction\",\"target\":[\"https:\\\/\\\/mont-roig.cat\\\/es\\\/actualitat\\\/noticies\\\/el-ayuntamiento-actua-para-minimizar-los-efectos-de-la-mosca-de-la-chumbera-en-la-ermita-de-la-mare-de-deu-de-la-roca\\\/\"]}]},{\"@type\":\"ImageObject\",\"inLanguage\":\"es\",\"@id\":\"https:\\\/\\\/mont-roig.cat\\\/es\\\/actualitat\\\/noticies\\\/el-ayuntamiento-actua-para-minimizar-los-efectos-de-la-mosca-de-la-chumbera-en-la-ermita-de-la-mare-de-deu-de-la-roca\\\/#primaryimage\",\"url\":\"https:\\\/\\\/mont-roig.cat\\\/wp-content\\\/uploads\\\/WhatsApp-Image-2025-08-12-at-14.50.32-scaled.jpeg\",\"contentUrl\":\"https:\\\/\\\/mont-roig.cat\\\/wp-content\\\/uploads\\\/WhatsApp-Image-2025-08-12-at-14.50.32-scaled.jpeg\",\"width\":2048,\"height\":1152},{\"@type\":\"BreadcrumbList\",\"@id\":\"https:\\\/\\\/mont-roig.cat\\\/es\\\/actualitat\\\/noticies\\\/el-ayuntamiento-actua-para-minimizar-los-efectos-de-la-mosca-de-la-chumbera-en-la-ermita-de-la-mare-de-deu-de-la-roca\\\/#breadcrumb\",\"itemListElement\":[{\"@type\":\"ListItem\",\"position\":1,\"name\":\"Inici\",\"item\":\"https:\\\/\\\/mont-roig.cat\\\/es\\\/pagina-de-inicio\\\/\"},{\"@type\":\"ListItem\",\"position\":2,\"name\":\"El Ayuntamiento de Mont-roig del Camp act\u00faa para minimizar los efectos de la mosca de la chumbera en la Ermita de la Mare de D\u00e9u de la Roca\"}]},{\"@type\":\"WebSite\",\"@id\":\"https:\\\/\\\/mont-roig.cat\\\/es\\\/#website\",\"url\":\"https:\\\/\\\/mont-roig.cat\\\/es\\\/\",\"name\":\"Ajuntament de Mont-roig del Camp\",\"description\":\"Tota la informaci\u00f3 sobre la instituci\u00f3, els seus \u00f2rgans de govern, actualitat, serveis i molt m\u00e9s.\",\"potentialAction\":[{\"@type\":\"SearchAction\",\"target\":{\"@type\":\"EntryPoint\",\"urlTemplate\":\"https:\\\/\\\/mont-roig.cat\\\/es\\\/?s={search_term_string}\"},\"query-input\":{\"@type\":\"PropertyValueSpecification\",\"valueRequired\":true,\"valueName\":\"search_term_string\"}}],\"inLanguage\":\"es\"},{\"@type\":\"Person\",\"@id\":\"https:\\\/\\\/mont-roig.cat\\\/es\\\/#\\\/schema\\\/person\\\/1f73e7b5e6f9dd122e8a6f14f310ac5e\",\"name\":\"comunicacio\",\"image\":{\"@type\":\"ImageObject\",\"inLanguage\":\"es\",\"@id\":\"https:\\\/\\\/secure.gravatar.com\\\/avatar\\\/98944333e7a877670a64f8d10f0cb680ab2c9ebc4efc43945ef004b52b5ad28c?s=96&d=mm&r=g\",\"url\":\"https:\\\/\\\/secure.gravatar.com\\\/avatar\\\/98944333e7a877670a64f8d10f0cb680ab2c9ebc4efc43945ef004b52b5ad28c?s=96&d=mm&r=g\",\"contentUrl\":\"https:\\\/\\\/secure.gravatar.com\\\/avatar\\\/98944333e7a877670a64f8d10f0cb680ab2c9ebc4efc43945ef004b52b5ad28c?s=96&d=mm&r=g\",\"caption\":\"comunicacio\"},\"url\":\"https:\\\/\\\/mont-roig.cat\\\/es\\\/actualitat\\\/noticies\\\/author\\\/comunicacio\\\/\"}]}<\/script>\n<!-- \/ Yoast SEO plugin. -->","yoast_head_json":{"title":"El Ayuntamiento de Mont-roig del Camp act\u00faa para minimizar los efectos de la mosca de la chumbera en la Ermita de la Mare de D\u00e9u de la Roca - Ajuntament de Mont-roig del Camp","robots":{"index":"index","follow":"follow","max-snippet":"max-snippet:-1","max-image-preview":"max-image-preview:large","max-video-preview":"max-video-preview:-1"},"canonical":"https:\/\/mont-roig.cat\/es\/actualitat\/noticies\/el-ayuntamiento-actua-para-minimizar-los-efectos-de-la-mosca-de-la-chumbera-en-la-ermita-de-la-mare-de-deu-de-la-roca\/","og_locale":"es_ES","og_type":"article","og_title":"El Ayuntamiento de Mont-roig del Camp act\u00faa para minimizar los efectos de la mosca de la chumbera en la Ermita de la Mare de D\u00e9u de la Roca - Ajuntament de Mont-roig del Camp","og_description":"Esta plaga, que solo afecta a las chumberas, resulta molesta pero es inofensiva para las personas. Se trabaja con medidas adaptadas para proteger el paisaje y el entorno natural. El Ayuntamiento de Mont-roig del Camp ha iniciado y mantiene diversas actuaciones para reducir el impacto de la mosca de la chumbera (Dactylopius opuntiae) en el [&hellip;]","og_url":"https:\/\/mont-roig.cat\/es\/actualitat\/noticies\/el-ayuntamiento-actua-para-minimizar-los-efectos-de-la-mosca-de-la-chumbera-en-la-ermita-de-la-mare-de-deu-de-la-roca\/","og_site_name":"Ajuntament de Mont-roig del Camp","article_published_time":"2025-08-13T09:32:20+00:00","article_modified_time":"2025-08-13T09:43:24+00:00","og_image":[{"width":2048,"height":1152,"url":"https:\/\/mont-roig.cat\/wp-content\/uploads\/WhatsApp-Image-2025-08-12-at-14.50.32-scaled.jpeg","type":"image\/jpeg"}],"author":"comunicacio","twitter_card":"summary_large_image","twitter_misc":{"Escrito por":"comunicacio","Tiempo de lectura":"2 minutos"},"schema":{"@context":"https:\/\/schema.org","@graph":[{"@type":"Article","@id":"https:\/\/mont-roig.cat\/es\/actualitat\/noticies\/el-ayuntamiento-actua-para-minimizar-los-efectos-de-la-mosca-de-la-chumbera-en-la-ermita-de-la-mare-de-deu-de-la-roca\/#article","isPartOf":{"@id":"https:\/\/mont-roig.cat\/es\/actualitat\/noticies\/el-ayuntamiento-actua-para-minimizar-los-efectos-de-la-mosca-de-la-chumbera-en-la-ermita-de-la-mare-de-deu-de-la-roca\/"},"author":{"name":"comunicacio","@id":"https:\/\/mont-roig.cat\/es\/#\/schema\/person\/1f73e7b5e6f9dd122e8a6f14f310ac5e"},"headline":"El Ayuntamiento de Mont-roig del Camp act\u00faa para minimizar los efectos de la mosca de la chumbera en la Ermita de la Mare de D\u00e9u de la Roca","datePublished":"2025-08-13T09:32:20+00:00","dateModified":"2025-08-13T09:43:24+00:00","mainEntityOfPage":{"@id":"https:\/\/mont-roig.cat\/es\/actualitat\/noticies\/el-ayuntamiento-actua-para-minimizar-los-efectos-de-la-mosca-de-la-chumbera-en-la-ermita-de-la-mare-de-deu-de-la-roca\/"},"wordCount":336,"image":{"@id":"https:\/\/mont-roig.cat\/es\/actualitat\/noticies\/el-ayuntamiento-actua-para-minimizar-los-efectos-de-la-mosca-de-la-chumbera-en-la-ermita-de-la-mare-de-deu-de-la-roca\/#primaryimage"},"thumbnailUrl":"https:\/\/mont-roig.cat\/wp-content\/uploads\/WhatsApp-Image-2025-08-12-at-14.50.32-scaled.jpeg","articleSection":["Ayuntamiento","Entorn natural"],"inLanguage":"es"},{"@type":"WebPage","@id":"https:\/\/mont-roig.cat\/es\/actualitat\/noticies\/el-ayuntamiento-actua-para-minimizar-los-efectos-de-la-mosca-de-la-chumbera-en-la-ermita-de-la-mare-de-deu-de-la-roca\/","url":"https:\/\/mont-roig.cat\/es\/actualitat\/noticies\/el-ayuntamiento-actua-para-minimizar-los-efectos-de-la-mosca-de-la-chumbera-en-la-ermita-de-la-mare-de-deu-de-la-roca\/","name":"El Ayuntamiento de Mont-roig del Camp act\u00faa para minimizar los efectos de la mosca de la chumbera en la Ermita de la Mare de D\u00e9u de la Roca - Ajuntament de Mont-roig del Camp","isPartOf":{"@id":"https:\/\/mont-roig.cat\/es\/#website"},"primaryImageOfPage":{"@id":"https:\/\/mont-roig.cat\/es\/actualitat\/noticies\/el-ayuntamiento-actua-para-minimizar-los-efectos-de-la-mosca-de-la-chumbera-en-la-ermita-de-la-mare-de-deu-de-la-roca\/#primaryimage"},"image":{"@id":"https:\/\/mont-roig.cat\/es\/actualitat\/noticies\/el-ayuntamiento-actua-para-minimizar-los-efectos-de-la-mosca-de-la-chumbera-en-la-ermita-de-la-mare-de-deu-de-la-roca\/#primaryimage"},"thumbnailUrl":"https:\/\/mont-roig.cat\/wp-content\/uploads\/WhatsApp-Image-2025-08-12-at-14.50.32-scaled.jpeg","datePublished":"2025-08-13T09:32:20+00:00","dateModified":"2025-08-13T09:43:24+00:00","author":{"@id":"https:\/\/mont-roig.cat\/es\/#\/schema\/person\/1f73e7b5e6f9dd122e8a6f14f310ac5e"},"breadcrumb":{"@id":"https:\/\/mont-roig.cat\/es\/actualitat\/noticies\/el-ayuntamiento-actua-para-minimizar-los-efectos-de-la-mosca-de-la-chumbera-en-la-ermita-de-la-mare-de-deu-de-la-roca\/#breadcrumb"},"inLanguage":"es","potentialAction":[{"@type":"ReadAction","target":["https:\/\/mont-roig.cat\/es\/actualitat\/noticies\/el-ayuntamiento-actua-para-minimizar-los-efectos-de-la-mosca-de-la-chumbera-en-la-ermita-de-la-mare-de-deu-de-la-roca\/"]}]},{"@type":"ImageObject","inLanguage":"es","@id":"https:\/\/mont-roig.cat\/es\/actualitat\/noticies\/el-ayuntamiento-actua-para-minimizar-los-efectos-de-la-mosca-de-la-chumbera-en-la-ermita-de-la-mare-de-deu-de-la-roca\/#primaryimage","url":"https:\/\/mont-roig.cat\/wp-content\/uploads\/WhatsApp-Image-2025-08-12-at-14.50.32-scaled.jpeg","contentUrl":"https:\/\/mont-roig.cat\/wp-content\/uploads\/WhatsApp-Image-2025-08-12-at-14.50.32-scaled.jpeg","width":2048,"height":1152},{"@type":"BreadcrumbList","@id":"https:\/\/mont-roig.cat\/es\/actualitat\/noticies\/el-ayuntamiento-actua-para-minimizar-los-efectos-de-la-mosca-de-la-chumbera-en-la-ermita-de-la-mare-de-deu-de-la-roca\/#breadcrumb","itemListElement":[{"@type":"ListItem","position":1,"name":"Inici","item":"https:\/\/mont-roig.cat\/es\/pagina-de-inicio\/"},{"@type":"ListItem","position":2,"name":"El Ayuntamiento de Mont-roig del Camp act\u00faa para minimizar los efectos de la mosca de la chumbera en la Ermita de la Mare de D\u00e9u de la Roca"}]},{"@type":"WebSite","@id":"https:\/\/mont-roig.cat\/es\/#website","url":"https:\/\/mont-roig.cat\/es\/","name":"Ajuntament de Mont-roig del Camp","description":"Tota la informaci\u00f3 sobre la instituci\u00f3, els seus \u00f2rgans de govern, actualitat, serveis i molt m\u00e9s.","potentialAction":[{"@type":"SearchAction","target":{"@type":"EntryPoint","urlTemplate":"https:\/\/mont-roig.cat\/es\/?s={search_term_string}"},"query-input":{"@type":"PropertyValueSpecification","valueRequired":true,"valueName":"search_term_string"}}],"inLanguage":"es"},{"@type":"Person","@id":"https:\/\/mont-roig.cat\/es\/#\/schema\/person\/1f73e7b5e6f9dd122e8a6f14f310ac5e","name":"comunicacio","image":{"@type":"ImageObject","inLanguage":"es","@id":"https:\/\/secure.gravatar.com\/avatar\/98944333e7a877670a64f8d10f0cb680ab2c9ebc4efc43945ef004b52b5ad28c?s=96&d=mm&r=g","url":"https:\/\/secure.gravatar.com\/avatar\/98944333e7a877670a64f8d10f0cb680ab2c9ebc4efc43945ef004b52b5ad28c?s=96&d=mm&r=g","contentUrl":"https:\/\/secure.gravatar.com\/avatar\/98944333e7a877670a64f8d10f0cb680ab2c9ebc4efc43945ef004b52b5ad28c?s=96&d=mm&r=g","caption":"comunicacio"},"url":"https:\/\/mont-roig.cat\/es\/actualitat\/noticies\/author\/comunicacio\/"}]}},"_links":{"self":[{"href":"https:\/\/mont-roig.cat\/es\/wp-json\/wp\/v2\/posts\/85032","targetHints":{"allow":["GET"]}}],"collection":[{"href":"https:\/\/mont-roig.cat\/es\/wp-json\/wp\/v2\/posts"}],"about":[{"href":"https:\/\/mont-roig.cat\/es\/wp-json\/wp\/v2\/types\/post"}],"author":[{"embeddable":true,"href":"https:\/\/mont-roig.cat\/es\/wp-json\/wp\/v2\/users\/13"}],"replies":[{"embeddable":true,"href":"https:\/\/mont-roig.cat\/es\/wp-json\/wp\/v2\/comments?post=85032"}],"version-history":[{"count":2,"href":"https:\/\/mont-roig.cat\/es\/wp-json\/wp\/v2\/posts\/85032\/revisions"}],"predecessor-version":[{"id":85034,"href":"https:\/\/mont-roig.cat\/es\/wp-json\/wp\/v2\/posts\/85032\/revisions\/85034"}],"wp:featuredmedia":[{"embeddable":true,"href":"https:\/\/mont-roig.cat\/es\/wp-json\/wp\/v2\/media\/85027"}],"wp:attachment":[{"href":"https:\/\/mont-roig.cat\/es\/wp-json\/wp\/v2\/media?parent=85032"}],"wp:term":[{"taxonomy":"category","embeddable":true,"href":"https:\/\/mont-roig.cat\/es\/wp-json\/wp\/v2\/categories?post=85032"},{"taxonomy":"post_tag","embeddable":true,"href":"https:\/\/mont-roig.cat\/es\/wp-json\/wp\/v2\/tags?post=85032"}],"curies":[{"name":"wp","href":"https:\/\/api.w.org\/{rel}","templated":true}]}}