{"id":85052,"date":"2025-08-18T13:50:09","date_gmt":"2025-08-18T11:50:09","guid":{"rendered":"https:\/\/mont-roig.cat\/?p=85052"},"modified":"2025-08-18T13:50:09","modified_gmt":"2025-08-18T11:50:09","slug":"reunion-informativa-participativa-sobre-el-plan-de-barrios-y-el-proyecto-de-revitalizacion-del-nucleo-antiguo-de-mont-roig-del-camp","status":"publish","type":"post","link":"https:\/\/mont-roig.cat\/es\/actualitat\/noticies\/reunion-informativa-participativa-sobre-el-plan-de-barrios-y-el-proyecto-de-revitalizacion-del-nucleo-antiguo-de-mont-roig-del-camp\/","title":{"rendered":"Reuni\u00f3n informativa &#8211; participativa sobre el Plan de Barrios y el proyecto de revitalizaci\u00f3n del n\u00facleo antiguo de Mont-roig del Camp"},"content":{"rendered":"<ul>\n<li><strong><a href=\"https:\/\/mont-roig.cat\/wp-content\/uploads\/Pla-de-barris-reunio.jpeg\"><img loading=\"lazy\" decoding=\"async\" class=\"alignright wp-image-85049\" src=\"https:\/\/mont-roig.cat\/wp-content\/uploads\/Pla-de-barris-reunio-500x333.jpeg\" alt=\"\" width=\"300\" height=\"200\" srcset=\"https:\/\/mont-roig.cat\/wp-content\/uploads\/Pla-de-barris-reunio-500x333.jpeg 500w, https:\/\/mont-roig.cat\/wp-content\/uploads\/Pla-de-barris-reunio-1024x682.jpeg 1024w, https:\/\/mont-roig.cat\/wp-content\/uploads\/Pla-de-barris-reunio-768x512.jpeg 768w, https:\/\/mont-roig.cat\/wp-content\/uploads\/Pla-de-barris-reunio-1536x1023.jpeg 1536w, https:\/\/mont-roig.cat\/wp-content\/uploads\/Pla-de-barris-reunio.jpeg 1600w\" sizes=\"auto, (max-width: 300px) 100vw, 300px\" \/><\/a>El Ayuntamiento convoca a las entidades el mi\u00e9rcoles 20 de agosto, a las 19 h en la Casa de la Cultura<\/strong><\/li>\n<\/ul>\n<p>El Ayuntamiento de Mont-roig del Camp invita a las entidades a participar en una sesi\u00f3n informativa y participativa sobre la candidatura que el municipio presentar\u00e1 al Plan de Barrios y Pueblos de Catalunya 2025\u20132029, con un proyecto centrado en la revitalizaci\u00f3n del n\u00facleo antiguo.<\/p>\n<p>La reuni\u00f3n tendr\u00e1 lugar el mi\u00e9rcoles 20 de agosto, a las 19 h, en la Sala de Exposiciones de la Casa de la Cultura de Mont-roig del Camp.<\/p>\n<p>Durante el acto se presentar\u00e1:<\/p>\n<ul>\n<li>Qu\u00e9 es el Plan de Barrios y c\u00f3mo puede transformar el municipio.<\/li>\n<li>La propuesta del Ayuntamiento para convertir el n\u00facleo antiguo en un espacio vivo, creativo y con nuevas oportunidades culturales, sociales y econ\u00f3micas.<\/li>\n<li>El papel fundamental de las entidades y la tejido asociativo en este proceso de transformaci\u00f3n.<\/li>\n<\/ul>\n<p>El Ayuntamiento anima a todos a asistir y a participar en el debate, porque la implicaci\u00f3n ciudadana ser\u00e1 clave para hacer realidad esta candidatura.<\/p>\n<p>El Plan de Barrios es un programa impulsado por la Generalitat que tiene como finalidad mejorar la calidad de vida en los barrios y n\u00facleos antiguos mediante actuaciones de rehabilitaci\u00f3n urbana, social y econ\u00f3mica.<\/p>\n","protected":false},"excerpt":{"rendered":"<p>El Ayuntamiento convoca a las entidades el mi\u00e9rcoles 20 de agosto, a las 19 h en la Casa de la Cultura El Ayuntamiento de Mont-roig del Camp invita a las entidades a participar en una sesi\u00f3n informativa y participativa sobre la candidatura que el municipio presentar\u00e1 al Plan de Barrios y Pueblos de Catalunya 2025\u20132029, [&hellip;]<\/p>\n","protected":false},"author":13,"featured_media":85050,"comment_status":"closed","ping_status":"closed","sticky":false,"template":"","format":"standard","meta":{"inline_featured_image":false,"_monsterinsights_skip_tracking":false,"_monsterinsights_sitenote_active":false,"_monsterinsights_sitenote_note":"","_monsterinsights_sitenote_category":0,"footnotes":""},"categories":[71,116],"tags":[],"class_list":["post-85052","post","type-post","status-publish","format-standard","has-post-thumbnail","hentry","category-general-es","category-urbanismo-y-obras"],"yoast_head":"<!-- This site is optimized with the Yoast SEO plugin v27.4 - https:\/\/yoast.com\/product\/yoast-seo-wordpress\/ -->\n<title>Reuni\u00f3n informativa - participativa sobre el Plan de Barrios y el proyecto de revitalizaci\u00f3n del n\u00facleo antiguo de Mont-roig del Camp - Ajuntament de Mont-roig del Camp<\/title>\n<meta name=\"robots\" content=\"index, follow, max-snippet:-1, max-image-preview:large, max-video-preview:-1\" \/>\n<link rel=\"canonical\" href=\"https:\/\/mont-roig.cat\/es\/actualitat\/noticies\/reunion-informativa-participativa-sobre-el-plan-de-barrios-y-el-proyecto-de-revitalizacion-del-nucleo-antiguo-de-mont-roig-del-camp\/\" \/>\n<meta property=\"og:locale\" content=\"es_ES\" \/>\n<meta property=\"og:type\" content=\"article\" \/>\n<meta property=\"og:title\" content=\"Reuni\u00f3n informativa - participativa sobre el Plan de Barrios y el proyecto de revitalizaci\u00f3n del n\u00facleo antiguo de Mont-roig del Camp - Ajuntament de Mont-roig del Camp\" \/>\n<meta property=\"og:description\" content=\"El Ayuntamiento convoca a las entidades el mi\u00e9rcoles 20 de agosto, a las 19 h en la Casa de la Cultura El Ayuntamiento de Mont-roig del Camp invita a las entidades a participar en una sesi\u00f3n informativa y participativa sobre la candidatura que el municipio presentar\u00e1 al Plan de Barrios y Pueblos de Catalunya 2025\u20132029, [&hellip;]\" \/>\n<meta property=\"og:url\" content=\"https:\/\/mont-roig.cat\/es\/actualitat\/noticies\/reunion-informativa-participativa-sobre-el-plan-de-barrios-y-el-proyecto-de-revitalizacion-del-nucleo-antiguo-de-mont-roig-del-camp\/\" \/>\n<meta property=\"og:site_name\" content=\"Ajuntament de Mont-roig del Camp\" \/>\n<meta property=\"article:published_time\" content=\"2025-08-18T11:50:09+00:00\" \/>\n<meta property=\"og:image\" content=\"https:\/\/mont-roig.cat\/wp-content\/uploads\/Pla-de-barris-reunio.jpeg\" \/>\n\t<meta property=\"og:image:width\" content=\"1600\" \/>\n\t<meta property=\"og:image:height\" content=\"1066\" \/>\n\t<meta property=\"og:image:type\" content=\"image\/jpeg\" \/>\n<meta name=\"author\" content=\"comunicacio\" \/>\n<meta name=\"twitter:card\" content=\"summary_large_image\" \/>\n<meta name=\"twitter:label1\" content=\"Escrito por\" \/>\n\t<meta name=\"twitter:data1\" content=\"comunicacio\" \/>\n\t<meta name=\"twitter:label2\" content=\"Tiempo de lectura\" \/>\n\t<meta name=\"twitter:data2\" content=\"2 minutos\" \/>\n<script type=\"application\/ld+json\" class=\"yoast-schema-graph\">{\"@context\":\"https:\\\/\\\/schema.org\",\"@graph\":[{\"@type\":\"Article\",\"@id\":\"https:\\\/\\\/mont-roig.cat\\\/es\\\/actualitat\\\/noticies\\\/reunion-informativa-participativa-sobre-el-plan-de-barrios-y-el-proyecto-de-revitalizacion-del-nucleo-antiguo-de-mont-roig-del-camp\\\/#article\",\"isPartOf\":{\"@id\":\"https:\\\/\\\/mont-roig.cat\\\/es\\\/actualitat\\\/noticies\\\/reunion-informativa-participativa-sobre-el-plan-de-barrios-y-el-proyecto-de-revitalizacion-del-nucleo-antiguo-de-mont-roig-del-camp\\\/\"},\"author\":{\"name\":\"comunicacio\",\"@id\":\"https:\\\/\\\/mont-roig.cat\\\/es\\\/#\\\/schema\\\/person\\\/1f73e7b5e6f9dd122e8a6f14f310ac5e\"},\"headline\":\"Reuni\u00f3n informativa &#8211; participativa sobre el Plan de Barrios y el proyecto de revitalizaci\u00f3n del n\u00facleo antiguo de Mont-roig del Camp\",\"datePublished\":\"2025-08-18T11:50:09+00:00\",\"mainEntityOfPage\":{\"@id\":\"https:\\\/\\\/mont-roig.cat\\\/es\\\/actualitat\\\/noticies\\\/reunion-informativa-participativa-sobre-el-plan-de-barrios-y-el-proyecto-de-revitalizacion-del-nucleo-antiguo-de-mont-roig-del-camp\\\/\"},\"wordCount\":238,\"image\":{\"@id\":\"https:\\\/\\\/mont-roig.cat\\\/es\\\/actualitat\\\/noticies\\\/reunion-informativa-participativa-sobre-el-plan-de-barrios-y-el-proyecto-de-revitalizacion-del-nucleo-antiguo-de-mont-roig-del-camp\\\/#primaryimage\"},\"thumbnailUrl\":\"https:\\\/\\\/mont-roig.cat\\\/wp-content\\\/uploads\\\/Pla-de-barris-reunio.jpeg\",\"articleSection\":[\"General\",\"Urbanismo y obras\"],\"inLanguage\":\"es\"},{\"@type\":\"WebPage\",\"@id\":\"https:\\\/\\\/mont-roig.cat\\\/es\\\/actualitat\\\/noticies\\\/reunion-informativa-participativa-sobre-el-plan-de-barrios-y-el-proyecto-de-revitalizacion-del-nucleo-antiguo-de-mont-roig-del-camp\\\/\",\"url\":\"https:\\\/\\\/mont-roig.cat\\\/es\\\/actualitat\\\/noticies\\\/reunion-informativa-participativa-sobre-el-plan-de-barrios-y-el-proyecto-de-revitalizacion-del-nucleo-antiguo-de-mont-roig-del-camp\\\/\",\"name\":\"Reuni\u00f3n informativa - participativa sobre el Plan de Barrios y el proyecto de revitalizaci\u00f3n del n\u00facleo antiguo de Mont-roig del Camp - Ajuntament de Mont-roig del Camp\",\"isPartOf\":{\"@id\":\"https:\\\/\\\/mont-roig.cat\\\/es\\\/#website\"},\"primaryImageOfPage\":{\"@id\":\"https:\\\/\\\/mont-roig.cat\\\/es\\\/actualitat\\\/noticies\\\/reunion-informativa-participativa-sobre-el-plan-de-barrios-y-el-proyecto-de-revitalizacion-del-nucleo-antiguo-de-mont-roig-del-camp\\\/#primaryimage\"},\"image\":{\"@id\":\"https:\\\/\\\/mont-roig.cat\\\/es\\\/actualitat\\\/noticies\\\/reunion-informativa-participativa-sobre-el-plan-de-barrios-y-el-proyecto-de-revitalizacion-del-nucleo-antiguo-de-mont-roig-del-camp\\\/#primaryimage\"},\"thumbnailUrl\":\"https:\\\/\\\/mont-roig.cat\\\/wp-content\\\/uploads\\\/Pla-de-barris-reunio.jpeg\",\"datePublished\":\"2025-08-18T11:50:09+00:00\",\"author\":{\"@id\":\"https:\\\/\\\/mont-roig.cat\\\/es\\\/#\\\/schema\\\/person\\\/1f73e7b5e6f9dd122e8a6f14f310ac5e\"},\"breadcrumb\":{\"@id\":\"https:\\\/\\\/mont-roig.cat\\\/es\\\/actualitat\\\/noticies\\\/reunion-informativa-participativa-sobre-el-plan-de-barrios-y-el-proyecto-de-revitalizacion-del-nucleo-antiguo-de-mont-roig-del-camp\\\/#breadcrumb\"},\"inLanguage\":\"es\",\"potentialAction\":[{\"@type\":\"ReadAction\",\"target\":[\"https:\\\/\\\/mont-roig.cat\\\/es\\\/actualitat\\\/noticies\\\/reunion-informativa-participativa-sobre-el-plan-de-barrios-y-el-proyecto-de-revitalizacion-del-nucleo-antiguo-de-mont-roig-del-camp\\\/\"]}]},{\"@type\":\"ImageObject\",\"inLanguage\":\"es\",\"@id\":\"https:\\\/\\\/mont-roig.cat\\\/es\\\/actualitat\\\/noticies\\\/reunion-informativa-participativa-sobre-el-plan-de-barrios-y-el-proyecto-de-revitalizacion-del-nucleo-antiguo-de-mont-roig-del-camp\\\/#primaryimage\",\"url\":\"https:\\\/\\\/mont-roig.cat\\\/wp-content\\\/uploads\\\/Pla-de-barris-reunio.jpeg\",\"contentUrl\":\"https:\\\/\\\/mont-roig.cat\\\/wp-content\\\/uploads\\\/Pla-de-barris-reunio.jpeg\",\"width\":1600,\"height\":1066},{\"@type\":\"BreadcrumbList\",\"@id\":\"https:\\\/\\\/mont-roig.cat\\\/es\\\/actualitat\\\/noticies\\\/reunion-informativa-participativa-sobre-el-plan-de-barrios-y-el-proyecto-de-revitalizacion-del-nucleo-antiguo-de-mont-roig-del-camp\\\/#breadcrumb\",\"itemListElement\":[{\"@type\":\"ListItem\",\"position\":1,\"name\":\"Inici\",\"item\":\"https:\\\/\\\/mont-roig.cat\\\/es\\\/pagina-de-inicio\\\/\"},{\"@type\":\"ListItem\",\"position\":2,\"name\":\"Reuni\u00f3n informativa &#8211; participativa sobre el Plan de Barrios y el proyecto de revitalizaci\u00f3n del n\u00facleo antiguo de Mont-roig del Camp\"}]},{\"@type\":\"WebSite\",\"@id\":\"https:\\\/\\\/mont-roig.cat\\\/es\\\/#website\",\"url\":\"https:\\\/\\\/mont-roig.cat\\\/es\\\/\",\"name\":\"Ajuntament de Mont-roig del Camp\",\"description\":\"Tota la informaci\u00f3 sobre la instituci\u00f3, els seus \u00f2rgans de govern, actualitat, serveis i molt m\u00e9s.\",\"potentialAction\":[{\"@type\":\"SearchAction\",\"target\":{\"@type\":\"EntryPoint\",\"urlTemplate\":\"https:\\\/\\\/mont-roig.cat\\\/es\\\/?s={search_term_string}\"},\"query-input\":{\"@type\":\"PropertyValueSpecification\",\"valueRequired\":true,\"valueName\":\"search_term_string\"}}],\"inLanguage\":\"es\"},{\"@type\":\"Person\",\"@id\":\"https:\\\/\\\/mont-roig.cat\\\/es\\\/#\\\/schema\\\/person\\\/1f73e7b5e6f9dd122e8a6f14f310ac5e\",\"name\":\"comunicacio\",\"image\":{\"@type\":\"ImageObject\",\"inLanguage\":\"es\",\"@id\":\"https:\\\/\\\/secure.gravatar.com\\\/avatar\\\/98944333e7a877670a64f8d10f0cb680ab2c9ebc4efc43945ef004b52b5ad28c?s=96&d=mm&r=g\",\"url\":\"https:\\\/\\\/secure.gravatar.com\\\/avatar\\\/98944333e7a877670a64f8d10f0cb680ab2c9ebc4efc43945ef004b52b5ad28c?s=96&d=mm&r=g\",\"contentUrl\":\"https:\\\/\\\/secure.gravatar.com\\\/avatar\\\/98944333e7a877670a64f8d10f0cb680ab2c9ebc4efc43945ef004b52b5ad28c?s=96&d=mm&r=g\",\"caption\":\"comunicacio\"},\"url\":\"https:\\\/\\\/mont-roig.cat\\\/es\\\/actualitat\\\/noticies\\\/author\\\/comunicacio\\\/\"}]}<\/script>\n<!-- \/ Yoast SEO plugin. -->","yoast_head_json":{"title":"Reuni\u00f3n informativa - participativa sobre el Plan de Barrios y el proyecto de revitalizaci\u00f3n del n\u00facleo antiguo de Mont-roig del Camp - Ajuntament de Mont-roig del Camp","robots":{"index":"index","follow":"follow","max-snippet":"max-snippet:-1","max-image-preview":"max-image-preview:large","max-video-preview":"max-video-preview:-1"},"canonical":"https:\/\/mont-roig.cat\/es\/actualitat\/noticies\/reunion-informativa-participativa-sobre-el-plan-de-barrios-y-el-proyecto-de-revitalizacion-del-nucleo-antiguo-de-mont-roig-del-camp\/","og_locale":"es_ES","og_type":"article","og_title":"Reuni\u00f3n informativa - participativa sobre el Plan de Barrios y el proyecto de revitalizaci\u00f3n del n\u00facleo antiguo de Mont-roig del Camp - Ajuntament de Mont-roig del Camp","og_description":"El Ayuntamiento convoca a las entidades el mi\u00e9rcoles 20 de agosto, a las 19 h en la Casa de la Cultura El Ayuntamiento de Mont-roig del Camp invita a las entidades a participar en una sesi\u00f3n informativa y participativa sobre la candidatura que el municipio presentar\u00e1 al Plan de Barrios y Pueblos de Catalunya 2025\u20132029, [&hellip;]","og_url":"https:\/\/mont-roig.cat\/es\/actualitat\/noticies\/reunion-informativa-participativa-sobre-el-plan-de-barrios-y-el-proyecto-de-revitalizacion-del-nucleo-antiguo-de-mont-roig-del-camp\/","og_site_name":"Ajuntament de Mont-roig del Camp","article_published_time":"2025-08-18T11:50:09+00:00","og_image":[{"width":1600,"height":1066,"url":"https:\/\/mont-roig.cat\/wp-content\/uploads\/Pla-de-barris-reunio.jpeg","type":"image\/jpeg"}],"author":"comunicacio","twitter_card":"summary_large_image","twitter_misc":{"Escrito por":"comunicacio","Tiempo de lectura":"2 minutos"},"schema":{"@context":"https:\/\/schema.org","@graph":[{"@type":"Article","@id":"https:\/\/mont-roig.cat\/es\/actualitat\/noticies\/reunion-informativa-participativa-sobre-el-plan-de-barrios-y-el-proyecto-de-revitalizacion-del-nucleo-antiguo-de-mont-roig-del-camp\/#article","isPartOf":{"@id":"https:\/\/mont-roig.cat\/es\/actualitat\/noticies\/reunion-informativa-participativa-sobre-el-plan-de-barrios-y-el-proyecto-de-revitalizacion-del-nucleo-antiguo-de-mont-roig-del-camp\/"},"author":{"name":"comunicacio","@id":"https:\/\/mont-roig.cat\/es\/#\/schema\/person\/1f73e7b5e6f9dd122e8a6f14f310ac5e"},"headline":"Reuni\u00f3n informativa &#8211; participativa sobre el Plan de Barrios y el proyecto de revitalizaci\u00f3n del n\u00facleo antiguo de Mont-roig del Camp","datePublished":"2025-08-18T11:50:09+00:00","mainEntityOfPage":{"@id":"https:\/\/mont-roig.cat\/es\/actualitat\/noticies\/reunion-informativa-participativa-sobre-el-plan-de-barrios-y-el-proyecto-de-revitalizacion-del-nucleo-antiguo-de-mont-roig-del-camp\/"},"wordCount":238,"image":{"@id":"https:\/\/mont-roig.cat\/es\/actualitat\/noticies\/reunion-informativa-participativa-sobre-el-plan-de-barrios-y-el-proyecto-de-revitalizacion-del-nucleo-antiguo-de-mont-roig-del-camp\/#primaryimage"},"thumbnailUrl":"https:\/\/mont-roig.cat\/wp-content\/uploads\/Pla-de-barris-reunio.jpeg","articleSection":["General","Urbanismo y obras"],"inLanguage":"es"},{"@type":"WebPage","@id":"https:\/\/mont-roig.cat\/es\/actualitat\/noticies\/reunion-informativa-participativa-sobre-el-plan-de-barrios-y-el-proyecto-de-revitalizacion-del-nucleo-antiguo-de-mont-roig-del-camp\/","url":"https:\/\/mont-roig.cat\/es\/actualitat\/noticies\/reunion-informativa-participativa-sobre-el-plan-de-barrios-y-el-proyecto-de-revitalizacion-del-nucleo-antiguo-de-mont-roig-del-camp\/","name":"Reuni\u00f3n informativa - participativa sobre el Plan de Barrios y el proyecto de revitalizaci\u00f3n del n\u00facleo antiguo de Mont-roig del Camp - Ajuntament de Mont-roig del Camp","isPartOf":{"@id":"https:\/\/mont-roig.cat\/es\/#website"},"primaryImageOfPage":{"@id":"https:\/\/mont-roig.cat\/es\/actualitat\/noticies\/reunion-informativa-participativa-sobre-el-plan-de-barrios-y-el-proyecto-de-revitalizacion-del-nucleo-antiguo-de-mont-roig-del-camp\/#primaryimage"},"image":{"@id":"https:\/\/mont-roig.cat\/es\/actualitat\/noticies\/reunion-informativa-participativa-sobre-el-plan-de-barrios-y-el-proyecto-de-revitalizacion-del-nucleo-antiguo-de-mont-roig-del-camp\/#primaryimage"},"thumbnailUrl":"https:\/\/mont-roig.cat\/wp-content\/uploads\/Pla-de-barris-reunio.jpeg","datePublished":"2025-08-18T11:50:09+00:00","author":{"@id":"https:\/\/mont-roig.cat\/es\/#\/schema\/person\/1f73e7b5e6f9dd122e8a6f14f310ac5e"},"breadcrumb":{"@id":"https:\/\/mont-roig.cat\/es\/actualitat\/noticies\/reunion-informativa-participativa-sobre-el-plan-de-barrios-y-el-proyecto-de-revitalizacion-del-nucleo-antiguo-de-mont-roig-del-camp\/#breadcrumb"},"inLanguage":"es","potentialAction":[{"@type":"ReadAction","target":["https:\/\/mont-roig.cat\/es\/actualitat\/noticies\/reunion-informativa-participativa-sobre-el-plan-de-barrios-y-el-proyecto-de-revitalizacion-del-nucleo-antiguo-de-mont-roig-del-camp\/"]}]},{"@type":"ImageObject","inLanguage":"es","@id":"https:\/\/mont-roig.cat\/es\/actualitat\/noticies\/reunion-informativa-participativa-sobre-el-plan-de-barrios-y-el-proyecto-de-revitalizacion-del-nucleo-antiguo-de-mont-roig-del-camp\/#primaryimage","url":"https:\/\/mont-roig.cat\/wp-content\/uploads\/Pla-de-barris-reunio.jpeg","contentUrl":"https:\/\/mont-roig.cat\/wp-content\/uploads\/Pla-de-barris-reunio.jpeg","width":1600,"height":1066},{"@type":"BreadcrumbList","@id":"https:\/\/mont-roig.cat\/es\/actualitat\/noticies\/reunion-informativa-participativa-sobre-el-plan-de-barrios-y-el-proyecto-de-revitalizacion-del-nucleo-antiguo-de-mont-roig-del-camp\/#breadcrumb","itemListElement":[{"@type":"ListItem","position":1,"name":"Inici","item":"https:\/\/mont-roig.cat\/es\/pagina-de-inicio\/"},{"@type":"ListItem","position":2,"name":"Reuni\u00f3n informativa &#8211; participativa sobre el Plan de Barrios y el proyecto de revitalizaci\u00f3n del n\u00facleo antiguo de Mont-roig del Camp"}]},{"@type":"WebSite","@id":"https:\/\/mont-roig.cat\/es\/#website","url":"https:\/\/mont-roig.cat\/es\/","name":"Ajuntament de Mont-roig del Camp","description":"Tota la informaci\u00f3 sobre la instituci\u00f3, els seus \u00f2rgans de govern, actualitat, serveis i molt m\u00e9s.","potentialAction":[{"@type":"SearchAction","target":{"@type":"EntryPoint","urlTemplate":"https:\/\/mont-roig.cat\/es\/?s={search_term_string}"},"query-input":{"@type":"PropertyValueSpecification","valueRequired":true,"valueName":"search_term_string"}}],"inLanguage":"es"},{"@type":"Person","@id":"https:\/\/mont-roig.cat\/es\/#\/schema\/person\/1f73e7b5e6f9dd122e8a6f14f310ac5e","name":"comunicacio","image":{"@type":"ImageObject","inLanguage":"es","@id":"https:\/\/secure.gravatar.com\/avatar\/98944333e7a877670a64f8d10f0cb680ab2c9ebc4efc43945ef004b52b5ad28c?s=96&d=mm&r=g","url":"https:\/\/secure.gravatar.com\/avatar\/98944333e7a877670a64f8d10f0cb680ab2c9ebc4efc43945ef004b52b5ad28c?s=96&d=mm&r=g","contentUrl":"https:\/\/secure.gravatar.com\/avatar\/98944333e7a877670a64f8d10f0cb680ab2c9ebc4efc43945ef004b52b5ad28c?s=96&d=mm&r=g","caption":"comunicacio"},"url":"https:\/\/mont-roig.cat\/es\/actualitat\/noticies\/author\/comunicacio\/"}]}},"_links":{"self":[{"href":"https:\/\/mont-roig.cat\/es\/wp-json\/wp\/v2\/posts\/85052","targetHints":{"allow":["GET"]}}],"collection":[{"href":"https:\/\/mont-roig.cat\/es\/wp-json\/wp\/v2\/posts"}],"about":[{"href":"https:\/\/mont-roig.cat\/es\/wp-json\/wp\/v2\/types\/post"}],"author":[{"embeddable":true,"href":"https:\/\/mont-roig.cat\/es\/wp-json\/wp\/v2\/users\/13"}],"replies":[{"embeddable":true,"href":"https:\/\/mont-roig.cat\/es\/wp-json\/wp\/v2\/comments?post=85052"}],"version-history":[{"count":1,"href":"https:\/\/mont-roig.cat\/es\/wp-json\/wp\/v2\/posts\/85052\/revisions"}],"predecessor-version":[{"id":85053,"href":"https:\/\/mont-roig.cat\/es\/wp-json\/wp\/v2\/posts\/85052\/revisions\/85053"}],"wp:featuredmedia":[{"embeddable":true,"href":"https:\/\/mont-roig.cat\/es\/wp-json\/wp\/v2\/media\/85050"}],"wp:attachment":[{"href":"https:\/\/mont-roig.cat\/es\/wp-json\/wp\/v2\/media?parent=85052"}],"wp:term":[{"taxonomy":"category","embeddable":true,"href":"https:\/\/mont-roig.cat\/es\/wp-json\/wp\/v2\/categories?post=85052"},{"taxonomy":"post_tag","embeddable":true,"href":"https:\/\/mont-roig.cat\/es\/wp-json\/wp\/v2\/tags?post=85052"}],"curies":[{"name":"wp","href":"https:\/\/api.w.org\/{rel}","templated":true}]}}