{"id":85115,"date":"2025-08-21T13:35:41","date_gmt":"2025-08-21T11:35:41","guid":{"rendered":"https:\/\/mont-roig.cat\/?p=85115"},"modified":"2025-08-21T13:35:41","modified_gmt":"2025-08-21T11:35:41","slug":"el-ayuntamiento-presenta-a-las-entidades-de-mont-roig-del-camp-la-candidatura-del-municipio-al-pla-de-barris-i-viles-de-catalunya-2025-2029","status":"publish","type":"post","link":"https:\/\/mont-roig.cat\/es\/actualitat\/noticies\/el-ayuntamiento-presenta-a-las-entidades-de-mont-roig-del-camp-la-candidatura-del-municipio-al-pla-de-barris-i-viles-de-catalunya-2025-2029\/","title":{"rendered":"El Ayuntamiento presenta a las entidades de Mont-roig del Camp la candidatura del municipio al Pla de Barris i Viles de Catalunya 2025\u20132029"},"content":{"rendered":"<ul>\n<li><strong><em><a href=\"https:\/\/mont-roig.cat\/wp-content\/uploads\/Destacada-Pla-de-Barris.jpeg\"><img loading=\"lazy\" decoding=\"async\" class=\"alignright wp-image-85097\" src=\"https:\/\/mont-roig.cat\/wp-content\/uploads\/Destacada-Pla-de-Barris-500x375.jpeg\" alt=\"\" width=\"300\" height=\"225\" srcset=\"https:\/\/mont-roig.cat\/wp-content\/uploads\/Destacada-Pla-de-Barris-500x375.jpeg 500w, https:\/\/mont-roig.cat\/wp-content\/uploads\/Destacada-Pla-de-Barris-1024x768.jpeg 1024w, https:\/\/mont-roig.cat\/wp-content\/uploads\/Destacada-Pla-de-Barris-768x576.jpeg 768w, https:\/\/mont-roig.cat\/wp-content\/uploads\/Destacada-Pla-de-Barris-1536x1152.jpeg 1536w, https:\/\/mont-roig.cat\/wp-content\/uploads\/Destacada-Pla-de-Barris-463x348.jpeg 463w, https:\/\/mont-roig.cat\/wp-content\/uploads\/Destacada-Pla-de-Barris.jpeg 1600w\" sizes=\"auto, (max-width: 300px) 100vw, 300px\" \/><\/a>La sesi\u00f3n informativa y participativa tuvo lugar este mi\u00e9rcoles en la Casa de la Cultura y sirvi\u00f3 para dar a conocer la propuesta del consistorio para convertir el n\u00facleo de Mont-roig del Camp en un espacio vivo, creativo y con nuevas oportunidades culturales, sociales y econ\u00f3micas.<\/em><\/strong><\/li>\n<\/ul>\n<p>La sala de exposiciones de la Casa de la Cultura se llen\u00f3 este mi\u00e9rcoles con las entidades de Mont-roig del Camp y otros vecinos y vecinas que quisieron conocer la propuesta que presentar\u00e1 el Ayuntamiento al Pla de Barris y Viles de Catalunya 2025\u20132029.<\/p>\n<p>La candidatura que est\u00e1 preparando el consistorio mont-rogenc para acogerse al financiamiento de la Generalitat tiene como objetivo convertir el n\u00facleo de Mont-roig del Camp en un espacio vivo, creativo y con nuevas oportunidades culturales, sociales y econ\u00f3micas. Esta propuesta incluye una transformaci\u00f3n importante en varios \u00e1mbitos.<\/p>\n<p>La presentaci\u00f3n del proyecto corri\u00f3 a cargo del alcalde Fran Morancho, en un acto en el que tambi\u00e9n se sumaron Irene Aragon\u00e8s del grupo municipal de ERC- AM y Sim\u00f3 Gras de Junts per Mont-roig del Camp, que tambi\u00e9n apoyaron la iniciativa que se quiere presentar.<\/p>\n<p>El alcalde explic\u00f3 la oportunidad que supone acogerse al Pla de Barris (se puede recibir una subvenci\u00f3n de hasta el 70% de los proyectos que se ejecuten) y las ventajas que tiene el municipio frente a otras poblaciones que tambi\u00e9n se presentar\u00e1n. Por un lado, porque ya se dispone de l\u2019EINA, el Estudio Integral del N\u00facleo Antiguo, que ya marca las l\u00edneas a seguir. Tambi\u00e9n porque el proyecto del Teatro auditorio Antoni Benaiges ya est\u00e1 en marcha y, sobre todo, por los activos \u00fanicos que tiene Mont-roig del Camp, como la huella de Joan Mir\u00f3. De ah\u00ed que la propuesta que se presentar\u00e1 est\u00e9 inspirada en Saint-Paul-de-Vence, un pueblo del sur de Francia que ha convertido con \u00e9xito su n\u00facleo de poblaci\u00f3n en un laboratorio de creatividad y cultura.<\/p>\n<p>Despu\u00e9s de la presentaci\u00f3n, los asistentes pudieron opinar y hacer propuestas, siendo esta una parte esencial para que la candidatura sea aceptada. El plazo termina este septiembre y se prev\u00e9 que la Generalitat anuncie los municipios elegidos a finales de a\u00f1o.<\/p>\n\n\t\t<style type=\"text\/css\">\n\t\t\t#gallery-1 {\n\t\t\t\tmargin: auto;\n\t\t\t}\n\t\t\t#gallery-1 .gallery-item {\n\t\t\t\tfloat: left;\n\t\t\t\tmargin-top: 10px;\n\t\t\t\ttext-align: center;\n\t\t\t\twidth: 25%;\n\t\t\t}\n\t\t\t#gallery-1 img {\n\t\t\t\tborder: 2px solid #cfcfcf;\n\t\t\t}\n\t\t\t#gallery-1 .gallery-caption {\n\t\t\t\tmargin-left: 0;\n\t\t\t}\n\t\t\t\/* see gallery_shortcode() in wp-includes\/media.php *\/\n\t\t<\/style>\n\t\t<div id='gallery-1' class='gallery galleryid-85115 gallery-columns-4 gallery-size-thumbnail'><dl class='gallery-item'>\n\t\t\t<dt class='gallery-icon landscape'>\n\t\t\t\t<a href='https:\/\/mont-roig.cat\/es\/actualitat\/noticies\/el-ayuntamiento-presenta-a-las-entidades-de-mont-roig-del-camp-la-candidatura-del-municipio-al-pla-de-barris-i-viles-de-catalunya-2025-2029\/pla-de-barris-7-2\/'><img loading=\"lazy\" decoding=\"async\" width=\"50\" height=\"50\" src=\"https:\/\/mont-roig.cat\/wp-content\/uploads\/Pla-de-Barris-7-50x50.jpeg\" class=\"attachment-thumbnail size-thumbnail\" alt=\"\" srcset=\"https:\/\/mont-roig.cat\/wp-content\/uploads\/Pla-de-Barris-7-50x50.jpeg 50w, https:\/\/mont-roig.cat\/wp-content\/uploads\/Pla-de-Barris-7-560x560.jpeg 560w, https:\/\/mont-roig.cat\/wp-content\/uploads\/Pla-de-Barris-7-367x367.jpeg 367w, https:\/\/mont-roig.cat\/wp-content\/uploads\/Pla-de-Barris-7-450x450.jpeg 450w, https:\/\/mont-roig.cat\/wp-content\/uploads\/Pla-de-Barris-7-85x85.jpeg 85w, https:\/\/mont-roig.cat\/wp-content\/uploads\/Pla-de-Barris-7-45x45.jpeg 45w\" sizes=\"auto, (max-width: 50px) 100vw, 50px\" \/><\/a>\n\t\t\t<\/dt><\/dl><dl class='gallery-item'>\n\t\t\t<dt class='gallery-icon landscape'>\n\t\t\t\t<a href='https:\/\/mont-roig.cat\/es\/actualitat\/noticies\/el-ayuntamiento-presenta-a-las-entidades-de-mont-roig-del-camp-la-candidatura-del-municipio-al-pla-de-barris-i-viles-de-catalunya-2025-2029\/pla-de-barris-5-2\/'><img loading=\"lazy\" decoding=\"async\" width=\"50\" height=\"50\" src=\"https:\/\/mont-roig.cat\/wp-content\/uploads\/Pla-de-Barris-5-50x50.jpeg\" class=\"attachment-thumbnail size-thumbnail\" alt=\"\" srcset=\"https:\/\/mont-roig.cat\/wp-content\/uploads\/Pla-de-Barris-5-50x50.jpeg 50w, https:\/\/mont-roig.cat\/wp-content\/uploads\/Pla-de-Barris-5-560x560.jpeg 560w, https:\/\/mont-roig.cat\/wp-content\/uploads\/Pla-de-Barris-5-367x367.jpeg 367w, https:\/\/mont-roig.cat\/wp-content\/uploads\/Pla-de-Barris-5-450x450.jpeg 450w, https:\/\/mont-roig.cat\/wp-content\/uploads\/Pla-de-Barris-5-85x85.jpeg 85w, https:\/\/mont-roig.cat\/wp-content\/uploads\/Pla-de-Barris-5-45x45.jpeg 45w\" sizes=\"auto, (max-width: 50px) 100vw, 50px\" \/><\/a>\n\t\t\t<\/dt><\/dl><dl class='gallery-item'>\n\t\t\t<dt class='gallery-icon landscape'>\n\t\t\t\t<a href='https:\/\/mont-roig.cat\/es\/actualitat\/noticies\/el-ayuntamiento-presenta-a-las-entidades-de-mont-roig-del-camp-la-candidatura-del-municipio-al-pla-de-barris-i-viles-de-catalunya-2025-2029\/pla-de-barris-1-2\/'><img loading=\"lazy\" decoding=\"async\" width=\"50\" height=\"50\" src=\"https:\/\/mont-roig.cat\/wp-content\/uploads\/Pla-de-Barris-1-50x50.jpeg\" class=\"attachment-thumbnail size-thumbnail\" alt=\"\" srcset=\"https:\/\/mont-roig.cat\/wp-content\/uploads\/Pla-de-Barris-1-50x50.jpeg 50w, https:\/\/mont-roig.cat\/wp-content\/uploads\/Pla-de-Barris-1-560x560.jpeg 560w, https:\/\/mont-roig.cat\/wp-content\/uploads\/Pla-de-Barris-1-367x367.jpeg 367w, https:\/\/mont-roig.cat\/wp-content\/uploads\/Pla-de-Barris-1-450x450.jpeg 450w, https:\/\/mont-roig.cat\/wp-content\/uploads\/Pla-de-Barris-1-85x85.jpeg 85w, https:\/\/mont-roig.cat\/wp-content\/uploads\/Pla-de-Barris-1-45x45.jpeg 45w\" sizes=\"auto, (max-width: 50px) 100vw, 50px\" \/><\/a>\n\t\t\t<\/dt><\/dl><dl class='gallery-item'>\n\t\t\t<dt class='gallery-icon landscape'>\n\t\t\t\t<a href='https:\/\/mont-roig.cat\/es\/actualitat\/noticies\/el-ayuntamiento-presenta-a-las-entidades-de-mont-roig-del-camp-la-candidatura-del-municipio-al-pla-de-barris-i-viles-de-catalunya-2025-2029\/pla-de-barris-4-2\/'><img loading=\"lazy\" decoding=\"async\" width=\"50\" height=\"50\" src=\"https:\/\/mont-roig.cat\/wp-content\/uploads\/Pla-de-Barris-4-50x50.jpeg\" class=\"attachment-thumbnail size-thumbnail\" alt=\"\" srcset=\"https:\/\/mont-roig.cat\/wp-content\/uploads\/Pla-de-Barris-4-50x50.jpeg 50w, https:\/\/mont-roig.cat\/wp-content\/uploads\/Pla-de-Barris-4-560x560.jpeg 560w, https:\/\/mont-roig.cat\/wp-content\/uploads\/Pla-de-Barris-4-367x367.jpeg 367w, https:\/\/mont-roig.cat\/wp-content\/uploads\/Pla-de-Barris-4-450x450.jpeg 450w, https:\/\/mont-roig.cat\/wp-content\/uploads\/Pla-de-Barris-4-85x85.jpeg 85w, https:\/\/mont-roig.cat\/wp-content\/uploads\/Pla-de-Barris-4-45x45.jpeg 45w\" sizes=\"auto, (max-width: 50px) 100vw, 50px\" \/><\/a>\n\t\t\t<\/dt><\/dl><br style=\"clear: both\" \/><dl class='gallery-item'>\n\t\t\t<dt class='gallery-icon landscape'>\n\t\t\t\t<a href='https:\/\/mont-roig.cat\/es\/actualitat\/noticies\/el-ayuntamiento-presenta-a-las-entidades-de-mont-roig-del-camp-la-candidatura-del-municipio-al-pla-de-barris-i-viles-de-catalunya-2025-2029\/pla-de-barris-3-2-2\/'><img loading=\"lazy\" decoding=\"async\" width=\"50\" height=\"50\" src=\"https:\/\/mont-roig.cat\/wp-content\/uploads\/Pla-de-Barris-3-50x50.jpeg\" class=\"attachment-thumbnail size-thumbnail\" alt=\"\" srcset=\"https:\/\/mont-roig.cat\/wp-content\/uploads\/Pla-de-Barris-3-50x50.jpeg 50w, https:\/\/mont-roig.cat\/wp-content\/uploads\/Pla-de-Barris-3-560x560.jpeg 560w, https:\/\/mont-roig.cat\/wp-content\/uploads\/Pla-de-Barris-3-367x367.jpeg 367w, https:\/\/mont-roig.cat\/wp-content\/uploads\/Pla-de-Barris-3-450x450.jpeg 450w, https:\/\/mont-roig.cat\/wp-content\/uploads\/Pla-de-Barris-3-85x85.jpeg 85w, https:\/\/mont-roig.cat\/wp-content\/uploads\/Pla-de-Barris-3-45x45.jpeg 45w\" sizes=\"auto, (max-width: 50px) 100vw, 50px\" \/><\/a>\n\t\t\t<\/dt><\/dl><dl class='gallery-item'>\n\t\t\t<dt class='gallery-icon landscape'>\n\t\t\t\t<a href='https:\/\/mont-roig.cat\/es\/actualitat\/noticies\/el-ayuntamiento-presenta-a-las-entidades-de-mont-roig-del-camp-la-candidatura-del-municipio-al-pla-de-barris-i-viles-de-catalunya-2025-2029\/pla-de-barris-6-2\/'><img loading=\"lazy\" decoding=\"async\" width=\"50\" height=\"50\" src=\"https:\/\/mont-roig.cat\/wp-content\/uploads\/Pla-de-Barris-6-50x50.jpeg\" class=\"attachment-thumbnail size-thumbnail\" alt=\"\" srcset=\"https:\/\/mont-roig.cat\/wp-content\/uploads\/Pla-de-Barris-6-50x50.jpeg 50w, https:\/\/mont-roig.cat\/wp-content\/uploads\/Pla-de-Barris-6-560x560.jpeg 560w, https:\/\/mont-roig.cat\/wp-content\/uploads\/Pla-de-Barris-6-367x367.jpeg 367w, https:\/\/mont-roig.cat\/wp-content\/uploads\/Pla-de-Barris-6-450x450.jpeg 450w, https:\/\/mont-roig.cat\/wp-content\/uploads\/Pla-de-Barris-6-85x85.jpeg 85w, https:\/\/mont-roig.cat\/wp-content\/uploads\/Pla-de-Barris-6-45x45.jpeg 45w\" sizes=\"auto, (max-width: 50px) 100vw, 50px\" \/><\/a>\n\t\t\t<\/dt><\/dl>\n\t\t\t<br style='clear: both' \/>\n\t\t<\/div>\n\n","protected":false},"excerpt":{"rendered":"<p>La sesi\u00f3n informativa y participativa tuvo lugar este mi\u00e9rcoles en la Casa de la Cultura y sirvi\u00f3 para dar a conocer la propuesta del consistorio para convertir el n\u00facleo de Mont-roig del Camp en un espacio vivo, creativo y con nuevas oportunidades culturales, sociales y econ\u00f3micas. La sala de exposiciones de la Casa de la [&hellip;]<\/p>\n","protected":false},"author":13,"featured_media":85098,"comment_status":"closed","ping_status":"closed","sticky":false,"template":"","format":"standard","meta":{"inline_featured_image":false,"_monsterinsights_skip_tracking":false,"_monsterinsights_sitenote_active":false,"_monsterinsights_sitenote_note":"","_monsterinsights_sitenote_category":0,"footnotes":""},"categories":[98,135],"tags":[],"class_list":["post-85115","post","type-post","status-publish","format-standard","has-post-thumbnail","hentry","category-ayuntamiento","category-plan-de-barrios-es"],"yoast_head":"<!-- This site is optimized with the Yoast SEO plugin v27.4 - https:\/\/yoast.com\/product\/yoast-seo-wordpress\/ -->\n<title>El Ayuntamiento presenta a las entidades de Mont-roig del Camp la candidatura del municipio al Pla de Barris i Viles de Catalunya 2025\u20132029 - Ajuntament de Mont-roig del Camp<\/title>\n<meta name=\"robots\" content=\"index, follow, max-snippet:-1, max-image-preview:large, max-video-preview:-1\" \/>\n<link rel=\"canonical\" href=\"https:\/\/mont-roig.cat\/es\/actualitat\/noticies\/el-ayuntamiento-presenta-a-las-entidades-de-mont-roig-del-camp-la-candidatura-del-municipio-al-pla-de-barris-i-viles-de-catalunya-2025-2029\/\" \/>\n<meta property=\"og:locale\" content=\"es_ES\" \/>\n<meta property=\"og:type\" content=\"article\" \/>\n<meta property=\"og:title\" content=\"El Ayuntamiento presenta a las entidades de Mont-roig del Camp la candidatura del municipio al Pla de Barris i Viles de Catalunya 2025\u20132029 - Ajuntament de Mont-roig del Camp\" \/>\n<meta property=\"og:description\" content=\"La sesi\u00f3n informativa y participativa tuvo lugar este mi\u00e9rcoles en la Casa de la Cultura y sirvi\u00f3 para dar a conocer la propuesta del consistorio para convertir el n\u00facleo de Mont-roig del Camp en un espacio vivo, creativo y con nuevas oportunidades culturales, sociales y econ\u00f3micas. La sala de exposiciones de la Casa de la [&hellip;]\" \/>\n<meta property=\"og:url\" content=\"https:\/\/mont-roig.cat\/es\/actualitat\/noticies\/el-ayuntamiento-presenta-a-las-entidades-de-mont-roig-del-camp-la-candidatura-del-municipio-al-pla-de-barris-i-viles-de-catalunya-2025-2029\/\" \/>\n<meta property=\"og:site_name\" content=\"Ajuntament de Mont-roig del Camp\" \/>\n<meta property=\"article:published_time\" content=\"2025-08-21T11:35:41+00:00\" \/>\n<meta property=\"og:image\" content=\"https:\/\/mont-roig.cat\/wp-content\/uploads\/Destacada-Pla-de-Barris.jpeg\" \/>\n\t<meta property=\"og:image:width\" content=\"1600\" \/>\n\t<meta property=\"og:image:height\" content=\"1200\" \/>\n\t<meta property=\"og:image:type\" content=\"image\/jpeg\" \/>\n<meta name=\"author\" content=\"comunicacio\" \/>\n<meta name=\"twitter:card\" content=\"summary_large_image\" \/>\n<meta name=\"twitter:label1\" content=\"Escrito por\" \/>\n\t<meta name=\"twitter:data1\" content=\"comunicacio\" \/>\n\t<meta name=\"twitter:label2\" content=\"Tiempo de lectura\" \/>\n\t<meta name=\"twitter:data2\" content=\"3 minutos\" \/>\n<script type=\"application\/ld+json\" class=\"yoast-schema-graph\">{\"@context\":\"https:\\\/\\\/schema.org\",\"@graph\":[{\"@type\":\"Article\",\"@id\":\"https:\\\/\\\/mont-roig.cat\\\/es\\\/actualitat\\\/noticies\\\/el-ayuntamiento-presenta-a-las-entidades-de-mont-roig-del-camp-la-candidatura-del-municipio-al-pla-de-barris-i-viles-de-catalunya-2025-2029\\\/#article\",\"isPartOf\":{\"@id\":\"https:\\\/\\\/mont-roig.cat\\\/es\\\/actualitat\\\/noticies\\\/el-ayuntamiento-presenta-a-las-entidades-de-mont-roig-del-camp-la-candidatura-del-municipio-al-pla-de-barris-i-viles-de-catalunya-2025-2029\\\/\"},\"author\":{\"name\":\"comunicacio\",\"@id\":\"https:\\\/\\\/mont-roig.cat\\\/es\\\/#\\\/schema\\\/person\\\/1f73e7b5e6f9dd122e8a6f14f310ac5e\"},\"headline\":\"El Ayuntamiento presenta a las entidades de Mont-roig del Camp la candidatura del municipio al Pla de Barris i Viles de Catalunya 2025\u20132029\",\"datePublished\":\"2025-08-21T11:35:41+00:00\",\"mainEntityOfPage\":{\"@id\":\"https:\\\/\\\/mont-roig.cat\\\/es\\\/actualitat\\\/noticies\\\/el-ayuntamiento-presenta-a-las-entidades-de-mont-roig-del-camp-la-candidatura-del-municipio-al-pla-de-barris-i-viles-de-catalunya-2025-2029\\\/\"},\"wordCount\":400,\"image\":{\"@id\":\"https:\\\/\\\/mont-roig.cat\\\/es\\\/actualitat\\\/noticies\\\/el-ayuntamiento-presenta-a-las-entidades-de-mont-roig-del-camp-la-candidatura-del-municipio-al-pla-de-barris-i-viles-de-catalunya-2025-2029\\\/#primaryimage\"},\"thumbnailUrl\":\"https:\\\/\\\/mont-roig.cat\\\/wp-content\\\/uploads\\\/Destacada-Pla-de-Barris.jpeg\",\"articleSection\":[\"Ayuntamiento\",\"Pla de Barris\"],\"inLanguage\":\"es\"},{\"@type\":\"WebPage\",\"@id\":\"https:\\\/\\\/mont-roig.cat\\\/es\\\/actualitat\\\/noticies\\\/el-ayuntamiento-presenta-a-las-entidades-de-mont-roig-del-camp-la-candidatura-del-municipio-al-pla-de-barris-i-viles-de-catalunya-2025-2029\\\/\",\"url\":\"https:\\\/\\\/mont-roig.cat\\\/es\\\/actualitat\\\/noticies\\\/el-ayuntamiento-presenta-a-las-entidades-de-mont-roig-del-camp-la-candidatura-del-municipio-al-pla-de-barris-i-viles-de-catalunya-2025-2029\\\/\",\"name\":\"El Ayuntamiento presenta a las entidades de Mont-roig del Camp la candidatura del municipio al Pla de Barris i Viles de Catalunya 2025\u20132029 - Ajuntament de Mont-roig del Camp\",\"isPartOf\":{\"@id\":\"https:\\\/\\\/mont-roig.cat\\\/es\\\/#website\"},\"primaryImageOfPage\":{\"@id\":\"https:\\\/\\\/mont-roig.cat\\\/es\\\/actualitat\\\/noticies\\\/el-ayuntamiento-presenta-a-las-entidades-de-mont-roig-del-camp-la-candidatura-del-municipio-al-pla-de-barris-i-viles-de-catalunya-2025-2029\\\/#primaryimage\"},\"image\":{\"@id\":\"https:\\\/\\\/mont-roig.cat\\\/es\\\/actualitat\\\/noticies\\\/el-ayuntamiento-presenta-a-las-entidades-de-mont-roig-del-camp-la-candidatura-del-municipio-al-pla-de-barris-i-viles-de-catalunya-2025-2029\\\/#primaryimage\"},\"thumbnailUrl\":\"https:\\\/\\\/mont-roig.cat\\\/wp-content\\\/uploads\\\/Destacada-Pla-de-Barris.jpeg\",\"datePublished\":\"2025-08-21T11:35:41+00:00\",\"author\":{\"@id\":\"https:\\\/\\\/mont-roig.cat\\\/es\\\/#\\\/schema\\\/person\\\/1f73e7b5e6f9dd122e8a6f14f310ac5e\"},\"breadcrumb\":{\"@id\":\"https:\\\/\\\/mont-roig.cat\\\/es\\\/actualitat\\\/noticies\\\/el-ayuntamiento-presenta-a-las-entidades-de-mont-roig-del-camp-la-candidatura-del-municipio-al-pla-de-barris-i-viles-de-catalunya-2025-2029\\\/#breadcrumb\"},\"inLanguage\":\"es\",\"potentialAction\":[{\"@type\":\"ReadAction\",\"target\":[\"https:\\\/\\\/mont-roig.cat\\\/es\\\/actualitat\\\/noticies\\\/el-ayuntamiento-presenta-a-las-entidades-de-mont-roig-del-camp-la-candidatura-del-municipio-al-pla-de-barris-i-viles-de-catalunya-2025-2029\\\/\"]}]},{\"@type\":\"ImageObject\",\"inLanguage\":\"es\",\"@id\":\"https:\\\/\\\/mont-roig.cat\\\/es\\\/actualitat\\\/noticies\\\/el-ayuntamiento-presenta-a-las-entidades-de-mont-roig-del-camp-la-candidatura-del-municipio-al-pla-de-barris-i-viles-de-catalunya-2025-2029\\\/#primaryimage\",\"url\":\"https:\\\/\\\/mont-roig.cat\\\/wp-content\\\/uploads\\\/Destacada-Pla-de-Barris.jpeg\",\"contentUrl\":\"https:\\\/\\\/mont-roig.cat\\\/wp-content\\\/uploads\\\/Destacada-Pla-de-Barris.jpeg\",\"width\":1600,\"height\":1200},{\"@type\":\"BreadcrumbList\",\"@id\":\"https:\\\/\\\/mont-roig.cat\\\/es\\\/actualitat\\\/noticies\\\/el-ayuntamiento-presenta-a-las-entidades-de-mont-roig-del-camp-la-candidatura-del-municipio-al-pla-de-barris-i-viles-de-catalunya-2025-2029\\\/#breadcrumb\",\"itemListElement\":[{\"@type\":\"ListItem\",\"position\":1,\"name\":\"Inici\",\"item\":\"https:\\\/\\\/mont-roig.cat\\\/es\\\/pagina-de-inicio\\\/\"},{\"@type\":\"ListItem\",\"position\":2,\"name\":\"El Ayuntamiento presenta a las entidades de Mont-roig del Camp la candidatura del municipio al Pla de Barris i Viles de Catalunya 2025\u20132029\"}]},{\"@type\":\"WebSite\",\"@id\":\"https:\\\/\\\/mont-roig.cat\\\/es\\\/#website\",\"url\":\"https:\\\/\\\/mont-roig.cat\\\/es\\\/\",\"name\":\"Ajuntament de Mont-roig del Camp\",\"description\":\"Tota la informaci\u00f3 sobre la instituci\u00f3, els seus \u00f2rgans de govern, actualitat, serveis i molt m\u00e9s.\",\"potentialAction\":[{\"@type\":\"SearchAction\",\"target\":{\"@type\":\"EntryPoint\",\"urlTemplate\":\"https:\\\/\\\/mont-roig.cat\\\/es\\\/?s={search_term_string}\"},\"query-input\":{\"@type\":\"PropertyValueSpecification\",\"valueRequired\":true,\"valueName\":\"search_term_string\"}}],\"inLanguage\":\"es\"},{\"@type\":\"Person\",\"@id\":\"https:\\\/\\\/mont-roig.cat\\\/es\\\/#\\\/schema\\\/person\\\/1f73e7b5e6f9dd122e8a6f14f310ac5e\",\"name\":\"comunicacio\",\"image\":{\"@type\":\"ImageObject\",\"inLanguage\":\"es\",\"@id\":\"https:\\\/\\\/secure.gravatar.com\\\/avatar\\\/98944333e7a877670a64f8d10f0cb680ab2c9ebc4efc43945ef004b52b5ad28c?s=96&d=mm&r=g\",\"url\":\"https:\\\/\\\/secure.gravatar.com\\\/avatar\\\/98944333e7a877670a64f8d10f0cb680ab2c9ebc4efc43945ef004b52b5ad28c?s=96&d=mm&r=g\",\"contentUrl\":\"https:\\\/\\\/secure.gravatar.com\\\/avatar\\\/98944333e7a877670a64f8d10f0cb680ab2c9ebc4efc43945ef004b52b5ad28c?s=96&d=mm&r=g\",\"caption\":\"comunicacio\"},\"url\":\"https:\\\/\\\/mont-roig.cat\\\/es\\\/actualitat\\\/noticies\\\/author\\\/comunicacio\\\/\"}]}<\/script>\n<!-- \/ Yoast SEO plugin. -->","yoast_head_json":{"title":"El Ayuntamiento presenta a las entidades de Mont-roig del Camp la candidatura del municipio al Pla de Barris i Viles de Catalunya 2025\u20132029 - Ajuntament de Mont-roig del Camp","robots":{"index":"index","follow":"follow","max-snippet":"max-snippet:-1","max-image-preview":"max-image-preview:large","max-video-preview":"max-video-preview:-1"},"canonical":"https:\/\/mont-roig.cat\/es\/actualitat\/noticies\/el-ayuntamiento-presenta-a-las-entidades-de-mont-roig-del-camp-la-candidatura-del-municipio-al-pla-de-barris-i-viles-de-catalunya-2025-2029\/","og_locale":"es_ES","og_type":"article","og_title":"El Ayuntamiento presenta a las entidades de Mont-roig del Camp la candidatura del municipio al Pla de Barris i Viles de Catalunya 2025\u20132029 - Ajuntament de Mont-roig del Camp","og_description":"La sesi\u00f3n informativa y participativa tuvo lugar este mi\u00e9rcoles en la Casa de la Cultura y sirvi\u00f3 para dar a conocer la propuesta del consistorio para convertir el n\u00facleo de Mont-roig del Camp en un espacio vivo, creativo y con nuevas oportunidades culturales, sociales y econ\u00f3micas. La sala de exposiciones de la Casa de la [&hellip;]","og_url":"https:\/\/mont-roig.cat\/es\/actualitat\/noticies\/el-ayuntamiento-presenta-a-las-entidades-de-mont-roig-del-camp-la-candidatura-del-municipio-al-pla-de-barris-i-viles-de-catalunya-2025-2029\/","og_site_name":"Ajuntament de Mont-roig del Camp","article_published_time":"2025-08-21T11:35:41+00:00","og_image":[{"width":1600,"height":1200,"url":"https:\/\/mont-roig.cat\/wp-content\/uploads\/Destacada-Pla-de-Barris.jpeg","type":"image\/jpeg"}],"author":"comunicacio","twitter_card":"summary_large_image","twitter_misc":{"Escrito por":"comunicacio","Tiempo de lectura":"3 minutos"},"schema":{"@context":"https:\/\/schema.org","@graph":[{"@type":"Article","@id":"https:\/\/mont-roig.cat\/es\/actualitat\/noticies\/el-ayuntamiento-presenta-a-las-entidades-de-mont-roig-del-camp-la-candidatura-del-municipio-al-pla-de-barris-i-viles-de-catalunya-2025-2029\/#article","isPartOf":{"@id":"https:\/\/mont-roig.cat\/es\/actualitat\/noticies\/el-ayuntamiento-presenta-a-las-entidades-de-mont-roig-del-camp-la-candidatura-del-municipio-al-pla-de-barris-i-viles-de-catalunya-2025-2029\/"},"author":{"name":"comunicacio","@id":"https:\/\/mont-roig.cat\/es\/#\/schema\/person\/1f73e7b5e6f9dd122e8a6f14f310ac5e"},"headline":"El Ayuntamiento presenta a las entidades de Mont-roig del Camp la candidatura del municipio al Pla de Barris i Viles de Catalunya 2025\u20132029","datePublished":"2025-08-21T11:35:41+00:00","mainEntityOfPage":{"@id":"https:\/\/mont-roig.cat\/es\/actualitat\/noticies\/el-ayuntamiento-presenta-a-las-entidades-de-mont-roig-del-camp-la-candidatura-del-municipio-al-pla-de-barris-i-viles-de-catalunya-2025-2029\/"},"wordCount":400,"image":{"@id":"https:\/\/mont-roig.cat\/es\/actualitat\/noticies\/el-ayuntamiento-presenta-a-las-entidades-de-mont-roig-del-camp-la-candidatura-del-municipio-al-pla-de-barris-i-viles-de-catalunya-2025-2029\/#primaryimage"},"thumbnailUrl":"https:\/\/mont-roig.cat\/wp-content\/uploads\/Destacada-Pla-de-Barris.jpeg","articleSection":["Ayuntamiento","Pla de Barris"],"inLanguage":"es"},{"@type":"WebPage","@id":"https:\/\/mont-roig.cat\/es\/actualitat\/noticies\/el-ayuntamiento-presenta-a-las-entidades-de-mont-roig-del-camp-la-candidatura-del-municipio-al-pla-de-barris-i-viles-de-catalunya-2025-2029\/","url":"https:\/\/mont-roig.cat\/es\/actualitat\/noticies\/el-ayuntamiento-presenta-a-las-entidades-de-mont-roig-del-camp-la-candidatura-del-municipio-al-pla-de-barris-i-viles-de-catalunya-2025-2029\/","name":"El Ayuntamiento presenta a las entidades de Mont-roig del Camp la candidatura del municipio al Pla de Barris i Viles de Catalunya 2025\u20132029 - Ajuntament de Mont-roig del Camp","isPartOf":{"@id":"https:\/\/mont-roig.cat\/es\/#website"},"primaryImageOfPage":{"@id":"https:\/\/mont-roig.cat\/es\/actualitat\/noticies\/el-ayuntamiento-presenta-a-las-entidades-de-mont-roig-del-camp-la-candidatura-del-municipio-al-pla-de-barris-i-viles-de-catalunya-2025-2029\/#primaryimage"},"image":{"@id":"https:\/\/mont-roig.cat\/es\/actualitat\/noticies\/el-ayuntamiento-presenta-a-las-entidades-de-mont-roig-del-camp-la-candidatura-del-municipio-al-pla-de-barris-i-viles-de-catalunya-2025-2029\/#primaryimage"},"thumbnailUrl":"https:\/\/mont-roig.cat\/wp-content\/uploads\/Destacada-Pla-de-Barris.jpeg","datePublished":"2025-08-21T11:35:41+00:00","author":{"@id":"https:\/\/mont-roig.cat\/es\/#\/schema\/person\/1f73e7b5e6f9dd122e8a6f14f310ac5e"},"breadcrumb":{"@id":"https:\/\/mont-roig.cat\/es\/actualitat\/noticies\/el-ayuntamiento-presenta-a-las-entidades-de-mont-roig-del-camp-la-candidatura-del-municipio-al-pla-de-barris-i-viles-de-catalunya-2025-2029\/#breadcrumb"},"inLanguage":"es","potentialAction":[{"@type":"ReadAction","target":["https:\/\/mont-roig.cat\/es\/actualitat\/noticies\/el-ayuntamiento-presenta-a-las-entidades-de-mont-roig-del-camp-la-candidatura-del-municipio-al-pla-de-barris-i-viles-de-catalunya-2025-2029\/"]}]},{"@type":"ImageObject","inLanguage":"es","@id":"https:\/\/mont-roig.cat\/es\/actualitat\/noticies\/el-ayuntamiento-presenta-a-las-entidades-de-mont-roig-del-camp-la-candidatura-del-municipio-al-pla-de-barris-i-viles-de-catalunya-2025-2029\/#primaryimage","url":"https:\/\/mont-roig.cat\/wp-content\/uploads\/Destacada-Pla-de-Barris.jpeg","contentUrl":"https:\/\/mont-roig.cat\/wp-content\/uploads\/Destacada-Pla-de-Barris.jpeg","width":1600,"height":1200},{"@type":"BreadcrumbList","@id":"https:\/\/mont-roig.cat\/es\/actualitat\/noticies\/el-ayuntamiento-presenta-a-las-entidades-de-mont-roig-del-camp-la-candidatura-del-municipio-al-pla-de-barris-i-viles-de-catalunya-2025-2029\/#breadcrumb","itemListElement":[{"@type":"ListItem","position":1,"name":"Inici","item":"https:\/\/mont-roig.cat\/es\/pagina-de-inicio\/"},{"@type":"ListItem","position":2,"name":"El Ayuntamiento presenta a las entidades de Mont-roig del Camp la candidatura del municipio al Pla de Barris i Viles de Catalunya 2025\u20132029"}]},{"@type":"WebSite","@id":"https:\/\/mont-roig.cat\/es\/#website","url":"https:\/\/mont-roig.cat\/es\/","name":"Ajuntament de Mont-roig del Camp","description":"Tota la informaci\u00f3 sobre la instituci\u00f3, els seus \u00f2rgans de govern, actualitat, serveis i molt m\u00e9s.","potentialAction":[{"@type":"SearchAction","target":{"@type":"EntryPoint","urlTemplate":"https:\/\/mont-roig.cat\/es\/?s={search_term_string}"},"query-input":{"@type":"PropertyValueSpecification","valueRequired":true,"valueName":"search_term_string"}}],"inLanguage":"es"},{"@type":"Person","@id":"https:\/\/mont-roig.cat\/es\/#\/schema\/person\/1f73e7b5e6f9dd122e8a6f14f310ac5e","name":"comunicacio","image":{"@type":"ImageObject","inLanguage":"es","@id":"https:\/\/secure.gravatar.com\/avatar\/98944333e7a877670a64f8d10f0cb680ab2c9ebc4efc43945ef004b52b5ad28c?s=96&d=mm&r=g","url":"https:\/\/secure.gravatar.com\/avatar\/98944333e7a877670a64f8d10f0cb680ab2c9ebc4efc43945ef004b52b5ad28c?s=96&d=mm&r=g","contentUrl":"https:\/\/secure.gravatar.com\/avatar\/98944333e7a877670a64f8d10f0cb680ab2c9ebc4efc43945ef004b52b5ad28c?s=96&d=mm&r=g","caption":"comunicacio"},"url":"https:\/\/mont-roig.cat\/es\/actualitat\/noticies\/author\/comunicacio\/"}]}},"_links":{"self":[{"href":"https:\/\/mont-roig.cat\/es\/wp-json\/wp\/v2\/posts\/85115","targetHints":{"allow":["GET"]}}],"collection":[{"href":"https:\/\/mont-roig.cat\/es\/wp-json\/wp\/v2\/posts"}],"about":[{"href":"https:\/\/mont-roig.cat\/es\/wp-json\/wp\/v2\/types\/post"}],"author":[{"embeddable":true,"href":"https:\/\/mont-roig.cat\/es\/wp-json\/wp\/v2\/users\/13"}],"replies":[{"embeddable":true,"href":"https:\/\/mont-roig.cat\/es\/wp-json\/wp\/v2\/comments?post=85115"}],"version-history":[{"count":1,"href":"https:\/\/mont-roig.cat\/es\/wp-json\/wp\/v2\/posts\/85115\/revisions"}],"predecessor-version":[{"id":85116,"href":"https:\/\/mont-roig.cat\/es\/wp-json\/wp\/v2\/posts\/85115\/revisions\/85116"}],"wp:featuredmedia":[{"embeddable":true,"href":"https:\/\/mont-roig.cat\/es\/wp-json\/wp\/v2\/media\/85098"}],"wp:attachment":[{"href":"https:\/\/mont-roig.cat\/es\/wp-json\/wp\/v2\/media?parent=85115"}],"wp:term":[{"taxonomy":"category","embeddable":true,"href":"https:\/\/mont-roig.cat\/es\/wp-json\/wp\/v2\/categories?post=85115"},{"taxonomy":"post_tag","embeddable":true,"href":"https:\/\/mont-roig.cat\/es\/wp-json\/wp\/v2\/tags?post=85115"}],"curies":[{"name":"wp","href":"https:\/\/api.w.org\/{rel}","templated":true}]}}