{"id":85131,"date":"2025-08-26T12:02:00","date_gmt":"2025-08-26T10:02:00","guid":{"rendered":"https:\/\/mont-roig.cat\/actualitat\/noticies\/el-rodatge-de-la-pellicula-belle-isle-arriba-a-miami-platja\/"},"modified":"2025-08-26T12:13:33","modified_gmt":"2025-08-26T10:13:33","slug":"el-rodatge-de-la-pellicula-belle-isle-arriba-a-miami-platja","status":"publish","type":"post","link":"https:\/\/mont-roig.cat\/es\/actualitat\/noticies\/el-rodatge-de-la-pellicula-belle-isle-arriba-a-miami-platja\/","title":{"rendered":"El rodaje de la pel\u00edcula \u201cBelle Isle\u201d llega a Miami Platja"},"content":{"rendered":"<p><strong><strong><a href=\"https:\/\/mont-roig.cat\/wp-content\/uploads\/Cala-Solitari-1.jpg\" target=\"_blank\" rel=\"noopener\"><img loading=\"lazy\" decoding=\"async\" class=\"alignright wp-image-85126 \" title=\"Cala Solitari de Miami Platja\" src=\"https:\/\/mont-roig.cat\/wp-content\/uploads\/Cala-Solitari-1-500x376.jpg\" alt=\"\" width=\"298\" height=\"224\" srcset=\"https:\/\/mont-roig.cat\/wp-content\/uploads\/Cala-Solitari-1-500x376.jpg 500w, https:\/\/mont-roig.cat\/wp-content\/uploads\/Cala-Solitari-1-1024x771.jpg 1024w, https:\/\/mont-roig.cat\/wp-content\/uploads\/Cala-Solitari-1-768x578.jpg 768w, https:\/\/mont-roig.cat\/wp-content\/uploads\/Cala-Solitari-1-1536x1157.jpg 1536w, https:\/\/mont-roig.cat\/wp-content\/uploads\/Cala-Solitari-1-463x348.jpg 463w, https:\/\/mont-roig.cat\/wp-content\/uploads\/Cala-Solitari-1.jpg 2040w\" sizes=\"auto, (max-width: 298px) 100vw, 298px\" \/><\/a><\/strong><\/strong><\/p>\n<ul>\n<li data-start=\"149\" data-end=\"281\"><strong>La productora Infinito TV busca figurantes para participar en varias escenas del filme que se rodar\u00e1 entre el 2 y el 4 de septiembre<\/strong><\/li>\n<\/ul>\n<p data-start=\"283\" data-end=\"532\">La productora Infinito TV, bajo la direcci\u00f3n de Jo Ann Arpin, ha escogido el litoral de nuestro municipio como escenario principal para el rodaje de su nueva pel\u00edcula, <em data-start=\"451\" data-end=\"463\">Belle Isle<\/em>, una comedia rom\u00e1ntica ambientada entre los a\u00f1os 90 y la actualidad.<\/p>\n<p data-start=\"534\" data-end=\"782\">Las grabaciones tendr\u00e1n lugar los d\u00edas 2, 3 y 4 de septiembre en varios lugares de Miami Platja, como la P\u00e8rgola de la Platja de la Punta del Riu, la Cala Misteri, la Cala del Pescador, la Cala Bot, la Cala Calif\u00f2rnia y los exteriores de viviendas.<\/p>\n<p data-start=\"784\" data-end=\"1222\">Para el rodaje, la productora hace un llamamiento a la ciudadan\u00eda para participar como figurantes en diferentes escenas, con especial inter\u00e9s en una escena festiva que se grabar\u00e1 el mi\u00e9rcoles 3 de septiembre por la tarde en la P\u00e8rgola de la Platja de la Punta del Riu, donde se representar\u00e1 una verbena con m\u00fasica y baile. El ensayo ser\u00e1 a las 16:30 h y el rodaje comenzar\u00e1 a las 19:00 h. La coreograf\u00eda se ense\u00f1ar\u00e1 antes de la filmaci\u00f3n.<\/p>\n<p data-start=\"1224\" data-end=\"1255\"><strong data-start=\"1224\" data-end=\"1255\">Requisitos para participar:<\/strong><\/p>\n<ul>\n<li data-start=\"1259\" data-end=\"1333\">Preferentemente en pareja (si vas solo\/a, te asignar\u00e1n pareja de baile).<\/li>\n<li data-start=\"1336\" data-end=\"1432\">C\u00f3digo de vestimenta: camiseta blanca, pantalones vaqueros, calzado oscuro y pa\u00f1uelo de color.<\/li>\n<li data-start=\"1435\" data-end=\"1499\">Ambiente festivo, con m\u00fasica y picoteo para los participantes.<\/li>\n<li data-start=\"1502\" data-end=\"1594\">Tambi\u00e9n se busca figuraci\u00f3n fija para otras escenas a lo largo de los tres d\u00edas de rodaje.<\/li>\n<li data-start=\"1597\" data-end=\"1722\">Vestimenta para diferentes escenas: ropa casual, de playa (sin logotipos ni marcas visibles) y ropa veraniega m\u00e1s elegante.<\/li>\n<\/ul>\n<p data-start=\"1724\" data-end=\"1755\"><strong data-start=\"1724\" data-end=\"1755\"><a href=\"https:\/\/mont-roig.cat\/wp-content\/uploads\/Platges-miami2.jpg\" target=\"_blank\" rel=\"noopener\"><img loading=\"lazy\" decoding=\"async\" class=\"alignleft wp-image-85125\" src=\"https:\/\/mont-roig.cat\/wp-content\/uploads\/Platges-miami2-500x376.jpg\" alt=\"\" width=\"298\" height=\"224\" srcset=\"https:\/\/mont-roig.cat\/wp-content\/uploads\/Platges-miami2-500x376.jpg 500w, https:\/\/mont-roig.cat\/wp-content\/uploads\/Platges-miami2-1024x771.jpg 1024w, https:\/\/mont-roig.cat\/wp-content\/uploads\/Platges-miami2-768x578.jpg 768w, https:\/\/mont-roig.cat\/wp-content\/uploads\/Platges-miami2-1536x1157.jpg 1536w, https:\/\/mont-roig.cat\/wp-content\/uploads\/Platges-miami2-463x348.jpg 463w, https:\/\/mont-roig.cat\/wp-content\/uploads\/Platges-miami2.jpg 2040w\" sizes=\"auto, (max-width: 298px) 100vw, 298px\" \/><\/a>Informaci\u00f3n para participar<\/strong><\/p>\n<p data-start=\"1757\" data-end=\"1845\">Si quer\u00e9is participar o recibir m\u00e1s informaci\u00f3n, pod\u00e9is escribir a <a class=\"decorated-link cursor-pointer\" href=\"mailto:platges@mont-roig.cat\" target=\"_blank\" rel=\"noopener\" data-start=\"1824\" data-end=\"1845\">platges@mont-roig.cat<\/a><\/p>\n<p data-start=\"1847\" data-end=\"2082\">Desde el Ayuntamiento de Mont-roig del Camp se anima a participar en esta oportunidad para vivir una experiencia cinematogr\u00e1fica \u00fanica, al mismo tiempo que se pone en valor algunos de los espacios m\u00e1s emblem\u00e1ticos de nuestro municipio.<\/p>\n","protected":false},"excerpt":{"rendered":"<p>La productora Infinito TV busca figurantes para participar en varias escenas del filme que se rodar\u00e1 entre el 2 y el 4 de septiembre La productora Infinito TV, bajo la direcci\u00f3n de Jo Ann Arpin, ha escogido el litoral de nuestro municipio como escenario principal para el rodaje de su nueva pel\u00edcula, Belle Isle, una [&hellip;]<\/p>\n","protected":false},"author":13,"featured_media":85127,"comment_status":"closed","ping_status":"closed","sticky":false,"template":"","format":"standard","meta":{"inline_featured_image":false,"_monsterinsights_skip_tracking":false,"_monsterinsights_sitenote_active":false,"_monsterinsights_sitenote_note":"","_monsterinsights_sitenote_category":0,"footnotes":""},"categories":[98,115],"tags":[],"class_list":["post-85131","post","type-post","status-publish","format-standard","has-post-thumbnail","hentry","category-ayuntamiento","category-turismo"],"yoast_head":"<!-- This site is optimized with the Yoast SEO plugin v27.4 - https:\/\/yoast.com\/product\/yoast-seo-wordpress\/ -->\n<title>El rodaje de la pel\u00edcula \u201cBelle Isle\u201d llega a Miami Platja - Ajuntament de Mont-roig del Camp<\/title>\n<meta name=\"robots\" content=\"index, follow, max-snippet:-1, max-image-preview:large, max-video-preview:-1\" \/>\n<link rel=\"canonical\" href=\"https:\/\/mont-roig.cat\/es\/actualitat\/noticies\/el-rodatge-de-la-pellicula-belle-isle-arriba-a-miami-platja\/\" \/>\n<meta property=\"og:locale\" content=\"es_ES\" \/>\n<meta property=\"og:type\" content=\"article\" \/>\n<meta property=\"og:title\" content=\"El rodaje de la pel\u00edcula \u201cBelle Isle\u201d llega a Miami Platja - Ajuntament de Mont-roig del Camp\" \/>\n<meta property=\"og:description\" content=\"La productora Infinito TV busca figurantes para participar en varias escenas del filme que se rodar\u00e1 entre el 2 y el 4 de septiembre La productora Infinito TV, bajo la direcci\u00f3n de Jo Ann Arpin, ha escogido el litoral de nuestro municipio como escenario principal para el rodaje de su nueva pel\u00edcula, Belle Isle, una [&hellip;]\" \/>\n<meta property=\"og:url\" content=\"https:\/\/mont-roig.cat\/es\/actualitat\/noticies\/el-rodatge-de-la-pellicula-belle-isle-arriba-a-miami-platja\/\" \/>\n<meta property=\"og:site_name\" content=\"Ajuntament de Mont-roig del Camp\" \/>\n<meta property=\"article:published_time\" content=\"2025-08-26T10:02:00+00:00\" \/>\n<meta property=\"article:modified_time\" content=\"2025-08-26T10:13:33+00:00\" \/>\n<meta property=\"og:image\" content=\"https:\/\/mont-roig.cat\/wp-content\/uploads\/Cala-Solitari-1.jpg\" \/>\n\t<meta property=\"og:image:width\" content=\"2040\" \/>\n\t<meta property=\"og:image:height\" content=\"1536\" \/>\n\t<meta property=\"og:image:type\" content=\"image\/jpeg\" \/>\n<meta name=\"author\" content=\"comunicacio\" \/>\n<meta name=\"twitter:card\" content=\"summary_large_image\" \/>\n<meta name=\"twitter:label1\" content=\"Escrito por\" \/>\n\t<meta name=\"twitter:data1\" content=\"comunicacio\" \/>\n\t<meta name=\"twitter:label2\" content=\"Tiempo de lectura\" \/>\n\t<meta name=\"twitter:data2\" content=\"3 minutos\" \/>\n<script type=\"application\/ld+json\" class=\"yoast-schema-graph\">{\"@context\":\"https:\\\/\\\/schema.org\",\"@graph\":[{\"@type\":\"Article\",\"@id\":\"https:\\\/\\\/mont-roig.cat\\\/es\\\/actualitat\\\/noticies\\\/el-rodatge-de-la-pellicula-belle-isle-arriba-a-miami-platja\\\/#article\",\"isPartOf\":{\"@id\":\"https:\\\/\\\/mont-roig.cat\\\/es\\\/actualitat\\\/noticies\\\/el-rodatge-de-la-pellicula-belle-isle-arriba-a-miami-platja\\\/\"},\"author\":{\"name\":\"comunicacio\",\"@id\":\"https:\\\/\\\/mont-roig.cat\\\/es\\\/#\\\/schema\\\/person\\\/1f73e7b5e6f9dd122e8a6f14f310ac5e\"},\"headline\":\"El rodaje de la pel\u00edcula \u201cBelle Isle\u201d llega a Miami Platja\",\"datePublished\":\"2025-08-26T10:02:00+00:00\",\"dateModified\":\"2025-08-26T10:13:33+00:00\",\"mainEntityOfPage\":{\"@id\":\"https:\\\/\\\/mont-roig.cat\\\/es\\\/actualitat\\\/noticies\\\/el-rodatge-de-la-pellicula-belle-isle-arriba-a-miami-platja\\\/\"},\"wordCount\":351,\"image\":{\"@id\":\"https:\\\/\\\/mont-roig.cat\\\/es\\\/actualitat\\\/noticies\\\/el-rodatge-de-la-pellicula-belle-isle-arriba-a-miami-platja\\\/#primaryimage\"},\"thumbnailUrl\":\"https:\\\/\\\/mont-roig.cat\\\/wp-content\\\/uploads\\\/Cala-Solitari-1.jpg\",\"articleSection\":[\"Ayuntamiento\",\"Turismo\"],\"inLanguage\":\"es\"},{\"@type\":\"WebPage\",\"@id\":\"https:\\\/\\\/mont-roig.cat\\\/es\\\/actualitat\\\/noticies\\\/el-rodatge-de-la-pellicula-belle-isle-arriba-a-miami-platja\\\/\",\"url\":\"https:\\\/\\\/mont-roig.cat\\\/es\\\/actualitat\\\/noticies\\\/el-rodatge-de-la-pellicula-belle-isle-arriba-a-miami-platja\\\/\",\"name\":\"El rodaje de la pel\u00edcula \u201cBelle Isle\u201d llega a Miami Platja - Ajuntament de Mont-roig del Camp\",\"isPartOf\":{\"@id\":\"https:\\\/\\\/mont-roig.cat\\\/es\\\/#website\"},\"primaryImageOfPage\":{\"@id\":\"https:\\\/\\\/mont-roig.cat\\\/es\\\/actualitat\\\/noticies\\\/el-rodatge-de-la-pellicula-belle-isle-arriba-a-miami-platja\\\/#primaryimage\"},\"image\":{\"@id\":\"https:\\\/\\\/mont-roig.cat\\\/es\\\/actualitat\\\/noticies\\\/el-rodatge-de-la-pellicula-belle-isle-arriba-a-miami-platja\\\/#primaryimage\"},\"thumbnailUrl\":\"https:\\\/\\\/mont-roig.cat\\\/wp-content\\\/uploads\\\/Cala-Solitari-1.jpg\",\"datePublished\":\"2025-08-26T10:02:00+00:00\",\"dateModified\":\"2025-08-26T10:13:33+00:00\",\"author\":{\"@id\":\"https:\\\/\\\/mont-roig.cat\\\/es\\\/#\\\/schema\\\/person\\\/1f73e7b5e6f9dd122e8a6f14f310ac5e\"},\"breadcrumb\":{\"@id\":\"https:\\\/\\\/mont-roig.cat\\\/es\\\/actualitat\\\/noticies\\\/el-rodatge-de-la-pellicula-belle-isle-arriba-a-miami-platja\\\/#breadcrumb\"},\"inLanguage\":\"es\",\"potentialAction\":[{\"@type\":\"ReadAction\",\"target\":[\"https:\\\/\\\/mont-roig.cat\\\/es\\\/actualitat\\\/noticies\\\/el-rodatge-de-la-pellicula-belle-isle-arriba-a-miami-platja\\\/\"]}]},{\"@type\":\"ImageObject\",\"inLanguage\":\"es\",\"@id\":\"https:\\\/\\\/mont-roig.cat\\\/es\\\/actualitat\\\/noticies\\\/el-rodatge-de-la-pellicula-belle-isle-arriba-a-miami-platja\\\/#primaryimage\",\"url\":\"https:\\\/\\\/mont-roig.cat\\\/wp-content\\\/uploads\\\/Cala-Solitari-1.jpg\",\"contentUrl\":\"https:\\\/\\\/mont-roig.cat\\\/wp-content\\\/uploads\\\/Cala-Solitari-1.jpg\",\"width\":2040,\"height\":1536},{\"@type\":\"BreadcrumbList\",\"@id\":\"https:\\\/\\\/mont-roig.cat\\\/es\\\/actualitat\\\/noticies\\\/el-rodatge-de-la-pellicula-belle-isle-arriba-a-miami-platja\\\/#breadcrumb\",\"itemListElement\":[{\"@type\":\"ListItem\",\"position\":1,\"name\":\"Inici\",\"item\":\"https:\\\/\\\/mont-roig.cat\\\/es\\\/pagina-de-inicio\\\/\"},{\"@type\":\"ListItem\",\"position\":2,\"name\":\"El rodaje de la pel\u00edcula \u201cBelle Isle\u201d llega a Miami Platja\"}]},{\"@type\":\"WebSite\",\"@id\":\"https:\\\/\\\/mont-roig.cat\\\/es\\\/#website\",\"url\":\"https:\\\/\\\/mont-roig.cat\\\/es\\\/\",\"name\":\"Ajuntament de Mont-roig del Camp\",\"description\":\"Tota la informaci\u00f3 sobre la instituci\u00f3, els seus \u00f2rgans de govern, actualitat, serveis i molt m\u00e9s.\",\"potentialAction\":[{\"@type\":\"SearchAction\",\"target\":{\"@type\":\"EntryPoint\",\"urlTemplate\":\"https:\\\/\\\/mont-roig.cat\\\/es\\\/?s={search_term_string}\"},\"query-input\":{\"@type\":\"PropertyValueSpecification\",\"valueRequired\":true,\"valueName\":\"search_term_string\"}}],\"inLanguage\":\"es\"},{\"@type\":\"Person\",\"@id\":\"https:\\\/\\\/mont-roig.cat\\\/es\\\/#\\\/schema\\\/person\\\/1f73e7b5e6f9dd122e8a6f14f310ac5e\",\"name\":\"comunicacio\",\"image\":{\"@type\":\"ImageObject\",\"inLanguage\":\"es\",\"@id\":\"https:\\\/\\\/secure.gravatar.com\\\/avatar\\\/98944333e7a877670a64f8d10f0cb680ab2c9ebc4efc43945ef004b52b5ad28c?s=96&d=mm&r=g\",\"url\":\"https:\\\/\\\/secure.gravatar.com\\\/avatar\\\/98944333e7a877670a64f8d10f0cb680ab2c9ebc4efc43945ef004b52b5ad28c?s=96&d=mm&r=g\",\"contentUrl\":\"https:\\\/\\\/secure.gravatar.com\\\/avatar\\\/98944333e7a877670a64f8d10f0cb680ab2c9ebc4efc43945ef004b52b5ad28c?s=96&d=mm&r=g\",\"caption\":\"comunicacio\"},\"url\":\"https:\\\/\\\/mont-roig.cat\\\/es\\\/actualitat\\\/noticies\\\/author\\\/comunicacio\\\/\"}]}<\/script>\n<!-- \/ Yoast SEO plugin. -->","yoast_head_json":{"title":"El rodaje de la pel\u00edcula \u201cBelle Isle\u201d llega a Miami Platja - Ajuntament de Mont-roig del Camp","robots":{"index":"index","follow":"follow","max-snippet":"max-snippet:-1","max-image-preview":"max-image-preview:large","max-video-preview":"max-video-preview:-1"},"canonical":"https:\/\/mont-roig.cat\/es\/actualitat\/noticies\/el-rodatge-de-la-pellicula-belle-isle-arriba-a-miami-platja\/","og_locale":"es_ES","og_type":"article","og_title":"El rodaje de la pel\u00edcula \u201cBelle Isle\u201d llega a Miami Platja - Ajuntament de Mont-roig del Camp","og_description":"La productora Infinito TV busca figurantes para participar en varias escenas del filme que se rodar\u00e1 entre el 2 y el 4 de septiembre La productora Infinito TV, bajo la direcci\u00f3n de Jo Ann Arpin, ha escogido el litoral de nuestro municipio como escenario principal para el rodaje de su nueva pel\u00edcula, Belle Isle, una [&hellip;]","og_url":"https:\/\/mont-roig.cat\/es\/actualitat\/noticies\/el-rodatge-de-la-pellicula-belle-isle-arriba-a-miami-platja\/","og_site_name":"Ajuntament de Mont-roig del Camp","article_published_time":"2025-08-26T10:02:00+00:00","article_modified_time":"2025-08-26T10:13:33+00:00","og_image":[{"width":2040,"height":1536,"url":"https:\/\/mont-roig.cat\/wp-content\/uploads\/Cala-Solitari-1.jpg","type":"image\/jpeg"}],"author":"comunicacio","twitter_card":"summary_large_image","twitter_misc":{"Escrito por":"comunicacio","Tiempo de lectura":"3 minutos"},"schema":{"@context":"https:\/\/schema.org","@graph":[{"@type":"Article","@id":"https:\/\/mont-roig.cat\/es\/actualitat\/noticies\/el-rodatge-de-la-pellicula-belle-isle-arriba-a-miami-platja\/#article","isPartOf":{"@id":"https:\/\/mont-roig.cat\/es\/actualitat\/noticies\/el-rodatge-de-la-pellicula-belle-isle-arriba-a-miami-platja\/"},"author":{"name":"comunicacio","@id":"https:\/\/mont-roig.cat\/es\/#\/schema\/person\/1f73e7b5e6f9dd122e8a6f14f310ac5e"},"headline":"El rodaje de la pel\u00edcula \u201cBelle Isle\u201d llega a Miami Platja","datePublished":"2025-08-26T10:02:00+00:00","dateModified":"2025-08-26T10:13:33+00:00","mainEntityOfPage":{"@id":"https:\/\/mont-roig.cat\/es\/actualitat\/noticies\/el-rodatge-de-la-pellicula-belle-isle-arriba-a-miami-platja\/"},"wordCount":351,"image":{"@id":"https:\/\/mont-roig.cat\/es\/actualitat\/noticies\/el-rodatge-de-la-pellicula-belle-isle-arriba-a-miami-platja\/#primaryimage"},"thumbnailUrl":"https:\/\/mont-roig.cat\/wp-content\/uploads\/Cala-Solitari-1.jpg","articleSection":["Ayuntamiento","Turismo"],"inLanguage":"es"},{"@type":"WebPage","@id":"https:\/\/mont-roig.cat\/es\/actualitat\/noticies\/el-rodatge-de-la-pellicula-belle-isle-arriba-a-miami-platja\/","url":"https:\/\/mont-roig.cat\/es\/actualitat\/noticies\/el-rodatge-de-la-pellicula-belle-isle-arriba-a-miami-platja\/","name":"El rodaje de la pel\u00edcula \u201cBelle Isle\u201d llega a Miami Platja - Ajuntament de Mont-roig del Camp","isPartOf":{"@id":"https:\/\/mont-roig.cat\/es\/#website"},"primaryImageOfPage":{"@id":"https:\/\/mont-roig.cat\/es\/actualitat\/noticies\/el-rodatge-de-la-pellicula-belle-isle-arriba-a-miami-platja\/#primaryimage"},"image":{"@id":"https:\/\/mont-roig.cat\/es\/actualitat\/noticies\/el-rodatge-de-la-pellicula-belle-isle-arriba-a-miami-platja\/#primaryimage"},"thumbnailUrl":"https:\/\/mont-roig.cat\/wp-content\/uploads\/Cala-Solitari-1.jpg","datePublished":"2025-08-26T10:02:00+00:00","dateModified":"2025-08-26T10:13:33+00:00","author":{"@id":"https:\/\/mont-roig.cat\/es\/#\/schema\/person\/1f73e7b5e6f9dd122e8a6f14f310ac5e"},"breadcrumb":{"@id":"https:\/\/mont-roig.cat\/es\/actualitat\/noticies\/el-rodatge-de-la-pellicula-belle-isle-arriba-a-miami-platja\/#breadcrumb"},"inLanguage":"es","potentialAction":[{"@type":"ReadAction","target":["https:\/\/mont-roig.cat\/es\/actualitat\/noticies\/el-rodatge-de-la-pellicula-belle-isle-arriba-a-miami-platja\/"]}]},{"@type":"ImageObject","inLanguage":"es","@id":"https:\/\/mont-roig.cat\/es\/actualitat\/noticies\/el-rodatge-de-la-pellicula-belle-isle-arriba-a-miami-platja\/#primaryimage","url":"https:\/\/mont-roig.cat\/wp-content\/uploads\/Cala-Solitari-1.jpg","contentUrl":"https:\/\/mont-roig.cat\/wp-content\/uploads\/Cala-Solitari-1.jpg","width":2040,"height":1536},{"@type":"BreadcrumbList","@id":"https:\/\/mont-roig.cat\/es\/actualitat\/noticies\/el-rodatge-de-la-pellicula-belle-isle-arriba-a-miami-platja\/#breadcrumb","itemListElement":[{"@type":"ListItem","position":1,"name":"Inici","item":"https:\/\/mont-roig.cat\/es\/pagina-de-inicio\/"},{"@type":"ListItem","position":2,"name":"El rodaje de la pel\u00edcula \u201cBelle Isle\u201d llega a Miami Platja"}]},{"@type":"WebSite","@id":"https:\/\/mont-roig.cat\/es\/#website","url":"https:\/\/mont-roig.cat\/es\/","name":"Ajuntament de Mont-roig del Camp","description":"Tota la informaci\u00f3 sobre la instituci\u00f3, els seus \u00f2rgans de govern, actualitat, serveis i molt m\u00e9s.","potentialAction":[{"@type":"SearchAction","target":{"@type":"EntryPoint","urlTemplate":"https:\/\/mont-roig.cat\/es\/?s={search_term_string}"},"query-input":{"@type":"PropertyValueSpecification","valueRequired":true,"valueName":"search_term_string"}}],"inLanguage":"es"},{"@type":"Person","@id":"https:\/\/mont-roig.cat\/es\/#\/schema\/person\/1f73e7b5e6f9dd122e8a6f14f310ac5e","name":"comunicacio","image":{"@type":"ImageObject","inLanguage":"es","@id":"https:\/\/secure.gravatar.com\/avatar\/98944333e7a877670a64f8d10f0cb680ab2c9ebc4efc43945ef004b52b5ad28c?s=96&d=mm&r=g","url":"https:\/\/secure.gravatar.com\/avatar\/98944333e7a877670a64f8d10f0cb680ab2c9ebc4efc43945ef004b52b5ad28c?s=96&d=mm&r=g","contentUrl":"https:\/\/secure.gravatar.com\/avatar\/98944333e7a877670a64f8d10f0cb680ab2c9ebc4efc43945ef004b52b5ad28c?s=96&d=mm&r=g","caption":"comunicacio"},"url":"https:\/\/mont-roig.cat\/es\/actualitat\/noticies\/author\/comunicacio\/"}]}},"_links":{"self":[{"href":"https:\/\/mont-roig.cat\/es\/wp-json\/wp\/v2\/posts\/85131","targetHints":{"allow":["GET"]}}],"collection":[{"href":"https:\/\/mont-roig.cat\/es\/wp-json\/wp\/v2\/posts"}],"about":[{"href":"https:\/\/mont-roig.cat\/es\/wp-json\/wp\/v2\/types\/post"}],"author":[{"embeddable":true,"href":"https:\/\/mont-roig.cat\/es\/wp-json\/wp\/v2\/users\/13"}],"replies":[{"embeddable":true,"href":"https:\/\/mont-roig.cat\/es\/wp-json\/wp\/v2\/comments?post=85131"}],"version-history":[{"count":3,"href":"https:\/\/mont-roig.cat\/es\/wp-json\/wp\/v2\/posts\/85131\/revisions"}],"predecessor-version":[{"id":85134,"href":"https:\/\/mont-roig.cat\/es\/wp-json\/wp\/v2\/posts\/85131\/revisions\/85134"}],"wp:featuredmedia":[{"embeddable":true,"href":"https:\/\/mont-roig.cat\/es\/wp-json\/wp\/v2\/media\/85127"}],"wp:attachment":[{"href":"https:\/\/mont-roig.cat\/es\/wp-json\/wp\/v2\/media?parent=85131"}],"wp:term":[{"taxonomy":"category","embeddable":true,"href":"https:\/\/mont-roig.cat\/es\/wp-json\/wp\/v2\/categories?post=85131"},{"taxonomy":"post_tag","embeddable":true,"href":"https:\/\/mont-roig.cat\/es\/wp-json\/wp\/v2\/tags?post=85131"}],"curies":[{"name":"wp","href":"https:\/\/api.w.org\/{rel}","templated":true}]}}