{"id":85144,"date":"2025-08-27T08:01:20","date_gmt":"2025-08-27T06:01:20","guid":{"rendered":"https:\/\/mont-roig.cat\/actualitat\/noticies\/mont-roig-del-camp-recull-12-642-kg-de-roba-de-segona-ma-gracies-al-projecte-textil-de-formacio-i-treball\/"},"modified":"2025-08-27T08:11:21","modified_gmt":"2025-08-27T06:11:21","slug":"mont-roig-del-camp-recoge-12-642-kg-de-ropa-de-segunda-mano-gracias-al-proyecto-textil-de-formacio-i-treball","status":"publish","type":"post","link":"https:\/\/mont-roig.cat\/es\/actualitat\/noticies\/mont-roig-del-camp-recoge-12-642-kg-de-ropa-de-segunda-mano-gracias-al-proyecto-textil-de-formacio-i-treball\/","title":{"rendered":"Mont-roig del Camp recoge 12.642 kg de ropa de segunda mano gracias al proyecto textil de Formaci\u00f3 i Treball"},"content":{"rendered":"<div id=\"attachment_85140\" style=\"width: 309px\" class=\"wp-caption alignright\"><a href=\"https:\/\/mont-roig.cat\/wp-content\/uploads\/roba-amiga2-1.jpeg\" target=\"_blank\" rel=\"noopener\"><img loading=\"lazy\" decoding=\"async\" aria-describedby=\"caption-attachment-85140\" class=\"wp-image-85140\" src=\"https:\/\/mont-roig.cat\/wp-content\/uploads\/roba-amiga2-1-500x264.jpeg\" alt=\"\" width=\"299\" height=\"158\" srcset=\"https:\/\/mont-roig.cat\/wp-content\/uploads\/roba-amiga2-1-500x264.jpeg 500w, https:\/\/mont-roig.cat\/wp-content\/uploads\/roba-amiga2-1-768x406.jpeg 768w, https:\/\/mont-roig.cat\/wp-content\/uploads\/roba-amiga2-1.jpeg 1000w\" sizes=\"auto, (max-width: 299px) 100vw, 299px\" \/><\/a><p id=\"caption-attachment-85140\" class=\"wp-caption-text\">Imagen de archivo de uno de los contenedores de Roba amiga donde se recoge la ropa de segunda mano.<\/p><\/div>\n<p data-start=\"222\" data-end=\"354\"><strong>La ciudadan\u00eda ha colaborado con esta entidad depositando la ropa y los complementos en los 9 contenedores que hay en el municipio.<\/strong><\/p>\n<p data-start=\"356\" data-end=\"707\"><strong>El Ayuntamiento de Mont-roig del Camp, en colaboraci\u00f3n con Formaci\u00f3 i Treball, ha recogido 12.642 kg de ropa de segunda mano durante el primer semestre de 2025 a trav\u00e9s de los 9 contenedores distribuidos por el municipio. Estos kilos se suman a los 3.649.000 kg que la entidad social ha recogido en Catalunya durante los primeros seis meses de 2025.<\/strong><\/p>\n<p data-start=\"709\" data-end=\"1469\">La ropa recogida se env\u00eda a la planta de tratamiento de Sabadell, una de las m\u00e1s grandes y avanzadas de Europa, donde se clasifica para ser reutilizada o bien se prepara para su reciclaje. Un 62% del textil se aprovecha para la venta solidaria o Programas de Entrega Social a trav\u00e9s de las tiendas Moda re-, as\u00ed como para exportaci\u00f3n internacional, por su alta capacidad de aceptaci\u00f3n de la ropa de segunda mano. El 32%, que ya no se puede reutilizar, se introduce en procesos de preparaci\u00f3n para el reciclaje avanzados con una tecnolog\u00eda pionera de espectroscop\u00eda del infrarrojo cercano (NIR), la cual permite la identificaci\u00f3n precisa de la composici\u00f3n de las fibras de la ropa y favorece el reciclaje de las fibras post-consumo. El 6% restante es residuo.<\/p>\n<p data-start=\"709\" data-end=\"1469\"><strong>Personas en riesgo de exclusi\u00f3n<\/strong><\/p>\n<p data-start=\"1471\" data-end=\"2289\">El modelo de Formaci\u00f3 i Treball destaca por generar 1 puesto de trabajo por cada 31.300 kg recogidos, impulsando as\u00ed la ocupaci\u00f3n de personas en riesgo de exclusi\u00f3n. Adem\u00e1s, la entidad realiza acciones de educaci\u00f3n ambiental, una pieza clave para hacer protagonista a la ciudadan\u00eda de su propia transformaci\u00f3n sostenible y ecol\u00f3gica, avanzando hacia un consumo responsable. A trav\u00e9s de una correcta y completa sensibilizaci\u00f3n en materia de sostenibilidad medioambiental y social, es posible fomentar la reducci\u00f3n, la reutilizaci\u00f3n y el reciclaje entre la poblaci\u00f3n. Como agentes activos del cambio, Formaci\u00f3 i Treball ha llegado a m\u00e1s de 3.741 personas durante el primer semestre de 2025, mayoritariamente en entornos educativos, con el objetivo de promover el consumo responsable y el respeto por el medio ambiente.<\/p>\n<p data-start=\"2291\" data-end=\"2773\">Esta iniciativa se enmarca dentro de la Ley 7\/2022 sobre gesti\u00f3n de residuos y econom\u00eda circular, y forma parte del proyecto textil de la Entidad, que une sostenibilidad e inserci\u00f3n sociolaboral. Con ella, el Ayuntamiento reafirma su compromiso con la sostenibilidad y la justicia social, colaborando con Formaci\u00f3 i Treball para avanzar hacia los Objetivos de Desarrollo Sostenible, como la reducci\u00f3n de la pobreza, la educaci\u00f3n de calidad, el trabajo digno y la acci\u00f3n clim\u00e1tica.<\/p>\n","protected":false},"excerpt":{"rendered":"<p>La ciudadan\u00eda ha colaborado con esta entidad depositando la ropa y los complementos en los 9 contenedores que hay en el municipio. El Ayuntamiento de Mont-roig del Camp, en colaboraci\u00f3n con Formaci\u00f3 i Treball, ha recogido 12.642 kg de ropa de segunda mano durante el primer semestre de 2025 a trav\u00e9s de los 9 contenedores [&hellip;]<\/p>\n","protected":false},"author":13,"featured_media":85141,"comment_status":"closed","ping_status":"closed","sticky":false,"template":"","format":"standard","meta":{"inline_featured_image":false,"_monsterinsights_skip_tracking":false,"_monsterinsights_sitenote_active":false,"_monsterinsights_sitenote_note":"","_monsterinsights_sitenote_category":0,"footnotes":""},"categories":[98,114],"tags":[],"class_list":["post-85144","post","type-post","status-publish","format-standard","has-post-thumbnail","hentry","category-ayuntamiento","category-servicios-sociales"],"yoast_head":"<!-- This site is optimized with the Yoast SEO plugin v27.4 - https:\/\/yoast.com\/product\/yoast-seo-wordpress\/ -->\n<title>Mont-roig del Camp recoge 12.642 kg de ropa de segunda mano gracias al proyecto textil de Formaci\u00f3 i Treball - Ajuntament de Mont-roig del Camp<\/title>\n<meta name=\"robots\" content=\"index, follow, max-snippet:-1, max-image-preview:large, max-video-preview:-1\" \/>\n<link rel=\"canonical\" href=\"https:\/\/mont-roig.cat\/es\/actualitat\/noticies\/mont-roig-del-camp-recoge-12-642-kg-de-ropa-de-segunda-mano-gracias-al-proyecto-textil-de-formacio-i-treball\/\" \/>\n<meta property=\"og:locale\" content=\"es_ES\" \/>\n<meta property=\"og:type\" content=\"article\" \/>\n<meta property=\"og:title\" content=\"Mont-roig del Camp recoge 12.642 kg de ropa de segunda mano gracias al proyecto textil de Formaci\u00f3 i Treball - Ajuntament de Mont-roig del Camp\" \/>\n<meta property=\"og:description\" content=\"La ciudadan\u00eda ha colaborado con esta entidad depositando la ropa y los complementos en los 9 contenedores que hay en el municipio. El Ayuntamiento de Mont-roig del Camp, en colaboraci\u00f3n con Formaci\u00f3 i Treball, ha recogido 12.642 kg de ropa de segunda mano durante el primer semestre de 2025 a trav\u00e9s de los 9 contenedores [&hellip;]\" \/>\n<meta property=\"og:url\" content=\"https:\/\/mont-roig.cat\/es\/actualitat\/noticies\/mont-roig-del-camp-recoge-12-642-kg-de-ropa-de-segunda-mano-gracias-al-proyecto-textil-de-formacio-i-treball\/\" \/>\n<meta property=\"og:site_name\" content=\"Ajuntament de Mont-roig del Camp\" \/>\n<meta property=\"article:published_time\" content=\"2025-08-27T06:01:20+00:00\" \/>\n<meta property=\"article:modified_time\" content=\"2025-08-27T06:11:21+00:00\" \/>\n<meta property=\"og:image\" content=\"https:\/\/mont-roig.cat\/wp-content\/uploads\/roba-amiga2-1.jpeg\" \/>\n\t<meta property=\"og:image:width\" content=\"1000\" \/>\n\t<meta property=\"og:image:height\" content=\"528\" \/>\n\t<meta property=\"og:image:type\" content=\"image\/jpeg\" \/>\n<meta name=\"author\" content=\"comunicacio\" \/>\n<meta name=\"twitter:card\" content=\"summary_large_image\" \/>\n<meta name=\"twitter:label1\" content=\"Escrito por\" \/>\n\t<meta name=\"twitter:data1\" content=\"comunicacio\" \/>\n\t<meta name=\"twitter:label2\" content=\"Tiempo de lectura\" \/>\n\t<meta name=\"twitter:data2\" content=\"3 minutos\" \/>\n<script type=\"application\/ld+json\" class=\"yoast-schema-graph\">{\"@context\":\"https:\\\/\\\/schema.org\",\"@graph\":[{\"@type\":\"Article\",\"@id\":\"https:\\\/\\\/mont-roig.cat\\\/es\\\/actualitat\\\/noticies\\\/mont-roig-del-camp-recoge-12-642-kg-de-ropa-de-segunda-mano-gracias-al-proyecto-textil-de-formacio-i-treball\\\/#article\",\"isPartOf\":{\"@id\":\"https:\\\/\\\/mont-roig.cat\\\/es\\\/actualitat\\\/noticies\\\/mont-roig-del-camp-recoge-12-642-kg-de-ropa-de-segunda-mano-gracias-al-proyecto-textil-de-formacio-i-treball\\\/\"},\"author\":{\"name\":\"comunicacio\",\"@id\":\"https:\\\/\\\/mont-roig.cat\\\/es\\\/#\\\/schema\\\/person\\\/1f73e7b5e6f9dd122e8a6f14f310ac5e\"},\"headline\":\"Mont-roig del Camp recoge 12.642 kg de ropa de segunda mano gracias al proyecto textil de Formaci\u00f3 i Treball\",\"datePublished\":\"2025-08-27T06:01:20+00:00\",\"dateModified\":\"2025-08-27T06:11:21+00:00\",\"mainEntityOfPage\":{\"@id\":\"https:\\\/\\\/mont-roig.cat\\\/es\\\/actualitat\\\/noticies\\\/mont-roig-del-camp-recoge-12-642-kg-de-ropa-de-segunda-mano-gracias-al-proyecto-textil-de-formacio-i-treball\\\/\"},\"wordCount\":480,\"image\":{\"@id\":\"https:\\\/\\\/mont-roig.cat\\\/es\\\/actualitat\\\/noticies\\\/mont-roig-del-camp-recoge-12-642-kg-de-ropa-de-segunda-mano-gracias-al-proyecto-textil-de-formacio-i-treball\\\/#primaryimage\"},\"thumbnailUrl\":\"https:\\\/\\\/mont-roig.cat\\\/wp-content\\\/uploads\\\/roba-amiga2-1.jpeg\",\"articleSection\":[\"Ayuntamiento\",\"Servicios sociales\"],\"inLanguage\":\"es\"},{\"@type\":\"WebPage\",\"@id\":\"https:\\\/\\\/mont-roig.cat\\\/es\\\/actualitat\\\/noticies\\\/mont-roig-del-camp-recoge-12-642-kg-de-ropa-de-segunda-mano-gracias-al-proyecto-textil-de-formacio-i-treball\\\/\",\"url\":\"https:\\\/\\\/mont-roig.cat\\\/es\\\/actualitat\\\/noticies\\\/mont-roig-del-camp-recoge-12-642-kg-de-ropa-de-segunda-mano-gracias-al-proyecto-textil-de-formacio-i-treball\\\/\",\"name\":\"Mont-roig del Camp recoge 12.642 kg de ropa de segunda mano gracias al proyecto textil de Formaci\u00f3 i Treball - Ajuntament de Mont-roig del Camp\",\"isPartOf\":{\"@id\":\"https:\\\/\\\/mont-roig.cat\\\/es\\\/#website\"},\"primaryImageOfPage\":{\"@id\":\"https:\\\/\\\/mont-roig.cat\\\/es\\\/actualitat\\\/noticies\\\/mont-roig-del-camp-recoge-12-642-kg-de-ropa-de-segunda-mano-gracias-al-proyecto-textil-de-formacio-i-treball\\\/#primaryimage\"},\"image\":{\"@id\":\"https:\\\/\\\/mont-roig.cat\\\/es\\\/actualitat\\\/noticies\\\/mont-roig-del-camp-recoge-12-642-kg-de-ropa-de-segunda-mano-gracias-al-proyecto-textil-de-formacio-i-treball\\\/#primaryimage\"},\"thumbnailUrl\":\"https:\\\/\\\/mont-roig.cat\\\/wp-content\\\/uploads\\\/roba-amiga2-1.jpeg\",\"datePublished\":\"2025-08-27T06:01:20+00:00\",\"dateModified\":\"2025-08-27T06:11:21+00:00\",\"author\":{\"@id\":\"https:\\\/\\\/mont-roig.cat\\\/es\\\/#\\\/schema\\\/person\\\/1f73e7b5e6f9dd122e8a6f14f310ac5e\"},\"breadcrumb\":{\"@id\":\"https:\\\/\\\/mont-roig.cat\\\/es\\\/actualitat\\\/noticies\\\/mont-roig-del-camp-recoge-12-642-kg-de-ropa-de-segunda-mano-gracias-al-proyecto-textil-de-formacio-i-treball\\\/#breadcrumb\"},\"inLanguage\":\"es\",\"potentialAction\":[{\"@type\":\"ReadAction\",\"target\":[\"https:\\\/\\\/mont-roig.cat\\\/es\\\/actualitat\\\/noticies\\\/mont-roig-del-camp-recoge-12-642-kg-de-ropa-de-segunda-mano-gracias-al-proyecto-textil-de-formacio-i-treball\\\/\"]}]},{\"@type\":\"ImageObject\",\"inLanguage\":\"es\",\"@id\":\"https:\\\/\\\/mont-roig.cat\\\/es\\\/actualitat\\\/noticies\\\/mont-roig-del-camp-recoge-12-642-kg-de-ropa-de-segunda-mano-gracias-al-proyecto-textil-de-formacio-i-treball\\\/#primaryimage\",\"url\":\"https:\\\/\\\/mont-roig.cat\\\/wp-content\\\/uploads\\\/roba-amiga2-1.jpeg\",\"contentUrl\":\"https:\\\/\\\/mont-roig.cat\\\/wp-content\\\/uploads\\\/roba-amiga2-1.jpeg\",\"width\":1000,\"height\":528},{\"@type\":\"BreadcrumbList\",\"@id\":\"https:\\\/\\\/mont-roig.cat\\\/es\\\/actualitat\\\/noticies\\\/mont-roig-del-camp-recoge-12-642-kg-de-ropa-de-segunda-mano-gracias-al-proyecto-textil-de-formacio-i-treball\\\/#breadcrumb\",\"itemListElement\":[{\"@type\":\"ListItem\",\"position\":1,\"name\":\"Inici\",\"item\":\"https:\\\/\\\/mont-roig.cat\\\/es\\\/pagina-de-inicio\\\/\"},{\"@type\":\"ListItem\",\"position\":2,\"name\":\"Mont-roig del Camp recoge 12.642 kg de ropa de segunda mano gracias al proyecto textil de Formaci\u00f3 i Treball\"}]},{\"@type\":\"WebSite\",\"@id\":\"https:\\\/\\\/mont-roig.cat\\\/es\\\/#website\",\"url\":\"https:\\\/\\\/mont-roig.cat\\\/es\\\/\",\"name\":\"Ajuntament de Mont-roig del Camp\",\"description\":\"Tota la informaci\u00f3 sobre la instituci\u00f3, els seus \u00f2rgans de govern, actualitat, serveis i molt m\u00e9s.\",\"potentialAction\":[{\"@type\":\"SearchAction\",\"target\":{\"@type\":\"EntryPoint\",\"urlTemplate\":\"https:\\\/\\\/mont-roig.cat\\\/es\\\/?s={search_term_string}\"},\"query-input\":{\"@type\":\"PropertyValueSpecification\",\"valueRequired\":true,\"valueName\":\"search_term_string\"}}],\"inLanguage\":\"es\"},{\"@type\":\"Person\",\"@id\":\"https:\\\/\\\/mont-roig.cat\\\/es\\\/#\\\/schema\\\/person\\\/1f73e7b5e6f9dd122e8a6f14f310ac5e\",\"name\":\"comunicacio\",\"image\":{\"@type\":\"ImageObject\",\"inLanguage\":\"es\",\"@id\":\"https:\\\/\\\/secure.gravatar.com\\\/avatar\\\/98944333e7a877670a64f8d10f0cb680ab2c9ebc4efc43945ef004b52b5ad28c?s=96&d=mm&r=g\",\"url\":\"https:\\\/\\\/secure.gravatar.com\\\/avatar\\\/98944333e7a877670a64f8d10f0cb680ab2c9ebc4efc43945ef004b52b5ad28c?s=96&d=mm&r=g\",\"contentUrl\":\"https:\\\/\\\/secure.gravatar.com\\\/avatar\\\/98944333e7a877670a64f8d10f0cb680ab2c9ebc4efc43945ef004b52b5ad28c?s=96&d=mm&r=g\",\"caption\":\"comunicacio\"},\"url\":\"https:\\\/\\\/mont-roig.cat\\\/es\\\/actualitat\\\/noticies\\\/author\\\/comunicacio\\\/\"}]}<\/script>\n<!-- \/ Yoast SEO plugin. -->","yoast_head_json":{"title":"Mont-roig del Camp recoge 12.642 kg de ropa de segunda mano gracias al proyecto textil de Formaci\u00f3 i Treball - Ajuntament de Mont-roig del Camp","robots":{"index":"index","follow":"follow","max-snippet":"max-snippet:-1","max-image-preview":"max-image-preview:large","max-video-preview":"max-video-preview:-1"},"canonical":"https:\/\/mont-roig.cat\/es\/actualitat\/noticies\/mont-roig-del-camp-recoge-12-642-kg-de-ropa-de-segunda-mano-gracias-al-proyecto-textil-de-formacio-i-treball\/","og_locale":"es_ES","og_type":"article","og_title":"Mont-roig del Camp recoge 12.642 kg de ropa de segunda mano gracias al proyecto textil de Formaci\u00f3 i Treball - Ajuntament de Mont-roig del Camp","og_description":"La ciudadan\u00eda ha colaborado con esta entidad depositando la ropa y los complementos en los 9 contenedores que hay en el municipio. El Ayuntamiento de Mont-roig del Camp, en colaboraci\u00f3n con Formaci\u00f3 i Treball, ha recogido 12.642 kg de ropa de segunda mano durante el primer semestre de 2025 a trav\u00e9s de los 9 contenedores [&hellip;]","og_url":"https:\/\/mont-roig.cat\/es\/actualitat\/noticies\/mont-roig-del-camp-recoge-12-642-kg-de-ropa-de-segunda-mano-gracias-al-proyecto-textil-de-formacio-i-treball\/","og_site_name":"Ajuntament de Mont-roig del Camp","article_published_time":"2025-08-27T06:01:20+00:00","article_modified_time":"2025-08-27T06:11:21+00:00","og_image":[{"width":1000,"height":528,"url":"https:\/\/mont-roig.cat\/wp-content\/uploads\/roba-amiga2-1.jpeg","type":"image\/jpeg"}],"author":"comunicacio","twitter_card":"summary_large_image","twitter_misc":{"Escrito por":"comunicacio","Tiempo de lectura":"3 minutos"},"schema":{"@context":"https:\/\/schema.org","@graph":[{"@type":"Article","@id":"https:\/\/mont-roig.cat\/es\/actualitat\/noticies\/mont-roig-del-camp-recoge-12-642-kg-de-ropa-de-segunda-mano-gracias-al-proyecto-textil-de-formacio-i-treball\/#article","isPartOf":{"@id":"https:\/\/mont-roig.cat\/es\/actualitat\/noticies\/mont-roig-del-camp-recoge-12-642-kg-de-ropa-de-segunda-mano-gracias-al-proyecto-textil-de-formacio-i-treball\/"},"author":{"name":"comunicacio","@id":"https:\/\/mont-roig.cat\/es\/#\/schema\/person\/1f73e7b5e6f9dd122e8a6f14f310ac5e"},"headline":"Mont-roig del Camp recoge 12.642 kg de ropa de segunda mano gracias al proyecto textil de Formaci\u00f3 i Treball","datePublished":"2025-08-27T06:01:20+00:00","dateModified":"2025-08-27T06:11:21+00:00","mainEntityOfPage":{"@id":"https:\/\/mont-roig.cat\/es\/actualitat\/noticies\/mont-roig-del-camp-recoge-12-642-kg-de-ropa-de-segunda-mano-gracias-al-proyecto-textil-de-formacio-i-treball\/"},"wordCount":480,"image":{"@id":"https:\/\/mont-roig.cat\/es\/actualitat\/noticies\/mont-roig-del-camp-recoge-12-642-kg-de-ropa-de-segunda-mano-gracias-al-proyecto-textil-de-formacio-i-treball\/#primaryimage"},"thumbnailUrl":"https:\/\/mont-roig.cat\/wp-content\/uploads\/roba-amiga2-1.jpeg","articleSection":["Ayuntamiento","Servicios sociales"],"inLanguage":"es"},{"@type":"WebPage","@id":"https:\/\/mont-roig.cat\/es\/actualitat\/noticies\/mont-roig-del-camp-recoge-12-642-kg-de-ropa-de-segunda-mano-gracias-al-proyecto-textil-de-formacio-i-treball\/","url":"https:\/\/mont-roig.cat\/es\/actualitat\/noticies\/mont-roig-del-camp-recoge-12-642-kg-de-ropa-de-segunda-mano-gracias-al-proyecto-textil-de-formacio-i-treball\/","name":"Mont-roig del Camp recoge 12.642 kg de ropa de segunda mano gracias al proyecto textil de Formaci\u00f3 i Treball - Ajuntament de Mont-roig del Camp","isPartOf":{"@id":"https:\/\/mont-roig.cat\/es\/#website"},"primaryImageOfPage":{"@id":"https:\/\/mont-roig.cat\/es\/actualitat\/noticies\/mont-roig-del-camp-recoge-12-642-kg-de-ropa-de-segunda-mano-gracias-al-proyecto-textil-de-formacio-i-treball\/#primaryimage"},"image":{"@id":"https:\/\/mont-roig.cat\/es\/actualitat\/noticies\/mont-roig-del-camp-recoge-12-642-kg-de-ropa-de-segunda-mano-gracias-al-proyecto-textil-de-formacio-i-treball\/#primaryimage"},"thumbnailUrl":"https:\/\/mont-roig.cat\/wp-content\/uploads\/roba-amiga2-1.jpeg","datePublished":"2025-08-27T06:01:20+00:00","dateModified":"2025-08-27T06:11:21+00:00","author":{"@id":"https:\/\/mont-roig.cat\/es\/#\/schema\/person\/1f73e7b5e6f9dd122e8a6f14f310ac5e"},"breadcrumb":{"@id":"https:\/\/mont-roig.cat\/es\/actualitat\/noticies\/mont-roig-del-camp-recoge-12-642-kg-de-ropa-de-segunda-mano-gracias-al-proyecto-textil-de-formacio-i-treball\/#breadcrumb"},"inLanguage":"es","potentialAction":[{"@type":"ReadAction","target":["https:\/\/mont-roig.cat\/es\/actualitat\/noticies\/mont-roig-del-camp-recoge-12-642-kg-de-ropa-de-segunda-mano-gracias-al-proyecto-textil-de-formacio-i-treball\/"]}]},{"@type":"ImageObject","inLanguage":"es","@id":"https:\/\/mont-roig.cat\/es\/actualitat\/noticies\/mont-roig-del-camp-recoge-12-642-kg-de-ropa-de-segunda-mano-gracias-al-proyecto-textil-de-formacio-i-treball\/#primaryimage","url":"https:\/\/mont-roig.cat\/wp-content\/uploads\/roba-amiga2-1.jpeg","contentUrl":"https:\/\/mont-roig.cat\/wp-content\/uploads\/roba-amiga2-1.jpeg","width":1000,"height":528},{"@type":"BreadcrumbList","@id":"https:\/\/mont-roig.cat\/es\/actualitat\/noticies\/mont-roig-del-camp-recoge-12-642-kg-de-ropa-de-segunda-mano-gracias-al-proyecto-textil-de-formacio-i-treball\/#breadcrumb","itemListElement":[{"@type":"ListItem","position":1,"name":"Inici","item":"https:\/\/mont-roig.cat\/es\/pagina-de-inicio\/"},{"@type":"ListItem","position":2,"name":"Mont-roig del Camp recoge 12.642 kg de ropa de segunda mano gracias al proyecto textil de Formaci\u00f3 i Treball"}]},{"@type":"WebSite","@id":"https:\/\/mont-roig.cat\/es\/#website","url":"https:\/\/mont-roig.cat\/es\/","name":"Ajuntament de Mont-roig del Camp","description":"Tota la informaci\u00f3 sobre la instituci\u00f3, els seus \u00f2rgans de govern, actualitat, serveis i molt m\u00e9s.","potentialAction":[{"@type":"SearchAction","target":{"@type":"EntryPoint","urlTemplate":"https:\/\/mont-roig.cat\/es\/?s={search_term_string}"},"query-input":{"@type":"PropertyValueSpecification","valueRequired":true,"valueName":"search_term_string"}}],"inLanguage":"es"},{"@type":"Person","@id":"https:\/\/mont-roig.cat\/es\/#\/schema\/person\/1f73e7b5e6f9dd122e8a6f14f310ac5e","name":"comunicacio","image":{"@type":"ImageObject","inLanguage":"es","@id":"https:\/\/secure.gravatar.com\/avatar\/98944333e7a877670a64f8d10f0cb680ab2c9ebc4efc43945ef004b52b5ad28c?s=96&d=mm&r=g","url":"https:\/\/secure.gravatar.com\/avatar\/98944333e7a877670a64f8d10f0cb680ab2c9ebc4efc43945ef004b52b5ad28c?s=96&d=mm&r=g","contentUrl":"https:\/\/secure.gravatar.com\/avatar\/98944333e7a877670a64f8d10f0cb680ab2c9ebc4efc43945ef004b52b5ad28c?s=96&d=mm&r=g","caption":"comunicacio"},"url":"https:\/\/mont-roig.cat\/es\/actualitat\/noticies\/author\/comunicacio\/"}]}},"_links":{"self":[{"href":"https:\/\/mont-roig.cat\/es\/wp-json\/wp\/v2\/posts\/85144","targetHints":{"allow":["GET"]}}],"collection":[{"href":"https:\/\/mont-roig.cat\/es\/wp-json\/wp\/v2\/posts"}],"about":[{"href":"https:\/\/mont-roig.cat\/es\/wp-json\/wp\/v2\/types\/post"}],"author":[{"embeddable":true,"href":"https:\/\/mont-roig.cat\/es\/wp-json\/wp\/v2\/users\/13"}],"replies":[{"embeddable":true,"href":"https:\/\/mont-roig.cat\/es\/wp-json\/wp\/v2\/comments?post=85144"}],"version-history":[{"count":2,"href":"https:\/\/mont-roig.cat\/es\/wp-json\/wp\/v2\/posts\/85144\/revisions"}],"predecessor-version":[{"id":85146,"href":"https:\/\/mont-roig.cat\/es\/wp-json\/wp\/v2\/posts\/85144\/revisions\/85146"}],"wp:featuredmedia":[{"embeddable":true,"href":"https:\/\/mont-roig.cat\/es\/wp-json\/wp\/v2\/media\/85141"}],"wp:attachment":[{"href":"https:\/\/mont-roig.cat\/es\/wp-json\/wp\/v2\/media?parent=85144"}],"wp:term":[{"taxonomy":"category","embeddable":true,"href":"https:\/\/mont-roig.cat\/es\/wp-json\/wp\/v2\/categories?post=85144"},{"taxonomy":"post_tag","embeddable":true,"href":"https:\/\/mont-roig.cat\/es\/wp-json\/wp\/v2\/tags?post=85144"}],"curies":[{"name":"wp","href":"https:\/\/api.w.org\/{rel}","templated":true}]}}