{"id":85191,"date":"2025-08-28T12:31:07","date_gmt":"2025-08-28T10:31:07","guid":{"rendered":"https:\/\/mont-roig.cat\/actualitat\/noticies\/tornen-les-festes-de-la-mare-de-deu-de-la-roca-2025\/"},"modified":"2025-08-28T12:40:15","modified_gmt":"2025-08-28T10:40:15","slug":"vuelven-las-festes-de-la-mare-de-deu-de-la-roca-2025","status":"publish","type":"post","link":"https:\/\/mont-roig.cat\/es\/actualitat\/noticies\/vuelven-las-festes-de-la-mare-de-deu-de-la-roca-2025\/","title":{"rendered":"Vuelven las Festes de la Mare de D\u00e9u de la Roca 2025"},"content":{"rendered":"<ul>\n<li data-start=\"224\" data-end=\"362\"><strong><a href=\"https:\/\/mont-roig.cat\/wp-content\/uploads\/Programacio-8-setembre-2025_page-00011.jpg\" target=\"_blank\" rel=\"noopener\"> <img loading=\"lazy\" decoding=\"async\" class=\"alignright wp-image-85183\" src=\"https:\/\/mont-roig.cat\/wp-content\/uploads\/Programacio-8-setembre-2025_page-00011-353x500.jpg\" alt=\"\" width=\"256\" height=\"363\" srcset=\"https:\/\/mont-roig.cat\/wp-content\/uploads\/Programacio-8-setembre-2025_page-00011-353x500.jpg 353w, https:\/\/mont-roig.cat\/wp-content\/uploads\/Programacio-8-setembre-2025_page-00011-724x1024.jpg 724w, https:\/\/mont-roig.cat\/wp-content\/uploads\/Programacio-8-setembre-2025_page-00011-768x1087.jpg 768w, https:\/\/mont-roig.cat\/wp-content\/uploads\/Programacio-8-setembre-2025_page-00011-1085x1536.jpg 1085w, https:\/\/mont-roig.cat\/wp-content\/uploads\/Programacio-8-setembre-2025_page-00011.jpg 1240w\" sizes=\"auto, (max-width: 256px) 100vw, 256px\" \/><\/a><\/strong><strong>Del 30 de agosto al 8 de septiembre, Mont-roig del Camp vuelve a honrar a su patrona con actos de cultura, devoci\u00f3n y tradici\u00f3n popular<\/strong><\/li>\n<\/ul>\n<p data-start=\"327\" data-end=\"624\">El Patronat de la Mare de D\u00e9u de la Roca y la Parr\u00f2quia Sant Miquel Arc\u00e0ngel vuelven a organizar las Festes de la Mare de D\u00e9u de la Roca, que en este 2025 se celebrar\u00e1n del 30 de agosto al 8 de septiembre, d\u00eda central de la festividad en honor a la patrona de Mont-roig del Camp.<\/p>\n<p data-start=\"626\" data-end=\"864\">Esta jornada contar\u00e1 con una eucarist\u00eda en la Ermita, la comida de hermandad, la ballada de sardanes con la Principal de Tarragona, el ball de coques, as\u00ed como actividades familiares como la chocolatada, entre otras.<\/p>\n<p data-start=\"866\" data-end=\"1137\">Los tiquets para la comida de hermandad se podr\u00e1n adquirir en Mont-roig del Camp hasta el 5 de septiembre en la Merceria Espasa, la Parr\u00f2quia, La Teva Llar y en la misma Ermita. En Miami Platja, la venta se realizar\u00e1 en la pastisseria La Gl\u00f2ria.<\/p>\n<p data-start=\"1139\" data-end=\"1363\">Para facilitar la participaci\u00f3n, el Ayuntamiento pondr\u00e1 a disposici\u00f3n de los vecinos y vecinas un servicio de autob\u00fas gratuito desde Miami Platja y Mont-roig, con viajes de ida y vuelta durante toda la jornada festiva.<\/p>\n<p data-start=\"1365\" data-end=\"1452\">Consulta aqu\u00ed el programa completo de las Festes de la Mare de D\u00e9u de la Roca <a href=\"https:\/\/mont-roig.cat\/wp-content\/uploads\/Programacio-8-setembre-2025.pdf\" target=\"_blank\" rel=\"noopener\">en este pdf.<\/a><\/p>\n","protected":false},"excerpt":{"rendered":"<p>Del 30 de agosto al 8 de septiembre, Mont-roig del Camp vuelve a honrar a su patrona con actos de cultura, devoci\u00f3n y tradici\u00f3n popular El Patronat de la Mare de D\u00e9u de la Roca y la Parr\u00f2quia Sant Miquel Arc\u00e0ngel vuelven a organizar las Festes de la Mare de D\u00e9u de la Roca, que [&hellip;]<\/p>\n","protected":false},"author":13,"featured_media":85184,"comment_status":"closed","ping_status":"closed","sticky":false,"template":"","format":"standard","meta":{"inline_featured_image":false,"_monsterinsights_skip_tracking":false,"_monsterinsights_sitenote_active":false,"_monsterinsights_sitenote_note":"","_monsterinsights_sitenote_category":0,"footnotes":""},"categories":[98,105],"tags":[],"class_list":["post-85191","post","type-post","status-publish","format-standard","has-post-thumbnail","hentry","category-ayuntamiento","category-fiestas"],"yoast_head":"<!-- This site is optimized with the Yoast SEO plugin v27.4 - https:\/\/yoast.com\/product\/yoast-seo-wordpress\/ -->\n<title>Vuelven las Festes de la Mare de D\u00e9u de la Roca 2025 - Ajuntament de Mont-roig del Camp<\/title>\n<meta name=\"robots\" content=\"index, follow, max-snippet:-1, max-image-preview:large, max-video-preview:-1\" \/>\n<link rel=\"canonical\" href=\"https:\/\/mont-roig.cat\/es\/actualitat\/noticies\/vuelven-las-festes-de-la-mare-de-deu-de-la-roca-2025\/\" \/>\n<meta property=\"og:locale\" content=\"es_ES\" \/>\n<meta property=\"og:type\" content=\"article\" \/>\n<meta property=\"og:title\" content=\"Vuelven las Festes de la Mare de D\u00e9u de la Roca 2025 - Ajuntament de Mont-roig del Camp\" \/>\n<meta property=\"og:description\" content=\"Del 30 de agosto al 8 de septiembre, Mont-roig del Camp vuelve a honrar a su patrona con actos de cultura, devoci\u00f3n y tradici\u00f3n popular El Patronat de la Mare de D\u00e9u de la Roca y la Parr\u00f2quia Sant Miquel Arc\u00e0ngel vuelven a organizar las Festes de la Mare de D\u00e9u de la Roca, que [&hellip;]\" \/>\n<meta property=\"og:url\" content=\"https:\/\/mont-roig.cat\/es\/actualitat\/noticies\/vuelven-las-festes-de-la-mare-de-deu-de-la-roca-2025\/\" \/>\n<meta property=\"og:site_name\" content=\"Ajuntament de Mont-roig del Camp\" \/>\n<meta property=\"article:published_time\" content=\"2025-08-28T10:31:07+00:00\" \/>\n<meta property=\"article:modified_time\" content=\"2025-08-28T10:40:15+00:00\" \/>\n<meta property=\"og:image\" content=\"https:\/\/mont-roig.cat\/wp-content\/uploads\/Programacio-8-setembre-2025_page-00011.jpg\" \/>\n\t<meta property=\"og:image:width\" content=\"1240\" \/>\n\t<meta property=\"og:image:height\" content=\"1755\" \/>\n\t<meta property=\"og:image:type\" content=\"image\/jpeg\" \/>\n<meta name=\"author\" content=\"comunicacio\" \/>\n<meta name=\"twitter:card\" content=\"summary_large_image\" \/>\n<meta name=\"twitter:label1\" content=\"Escrito por\" \/>\n\t<meta name=\"twitter:data1\" content=\"comunicacio\" \/>\n\t<meta name=\"twitter:label2\" content=\"Tiempo de lectura\" \/>\n\t<meta name=\"twitter:data2\" content=\"2 minutos\" \/>\n<script type=\"application\/ld+json\" class=\"yoast-schema-graph\">{\"@context\":\"https:\\\/\\\/schema.org\",\"@graph\":[{\"@type\":\"Article\",\"@id\":\"https:\\\/\\\/mont-roig.cat\\\/es\\\/actualitat\\\/noticies\\\/vuelven-las-festes-de-la-mare-de-deu-de-la-roca-2025\\\/#article\",\"isPartOf\":{\"@id\":\"https:\\\/\\\/mont-roig.cat\\\/es\\\/actualitat\\\/noticies\\\/vuelven-las-festes-de-la-mare-de-deu-de-la-roca-2025\\\/\"},\"author\":{\"name\":\"comunicacio\",\"@id\":\"https:\\\/\\\/mont-roig.cat\\\/es\\\/#\\\/schema\\\/person\\\/1f73e7b5e6f9dd122e8a6f14f310ac5e\"},\"headline\":\"Vuelven las Festes de la Mare de D\u00e9u de la Roca 2025\",\"datePublished\":\"2025-08-28T10:31:07+00:00\",\"dateModified\":\"2025-08-28T10:40:15+00:00\",\"mainEntityOfPage\":{\"@id\":\"https:\\\/\\\/mont-roig.cat\\\/es\\\/actualitat\\\/noticies\\\/vuelven-las-festes-de-la-mare-de-deu-de-la-roca-2025\\\/\"},\"wordCount\":238,\"image\":{\"@id\":\"https:\\\/\\\/mont-roig.cat\\\/es\\\/actualitat\\\/noticies\\\/vuelven-las-festes-de-la-mare-de-deu-de-la-roca-2025\\\/#primaryimage\"},\"thumbnailUrl\":\"https:\\\/\\\/mont-roig.cat\\\/wp-content\\\/uploads\\\/Programacio-8-setembre-2025_page-00011.jpg\",\"articleSection\":[\"Ayuntamiento\",\"Festes\"],\"inLanguage\":\"es\"},{\"@type\":\"WebPage\",\"@id\":\"https:\\\/\\\/mont-roig.cat\\\/es\\\/actualitat\\\/noticies\\\/vuelven-las-festes-de-la-mare-de-deu-de-la-roca-2025\\\/\",\"url\":\"https:\\\/\\\/mont-roig.cat\\\/es\\\/actualitat\\\/noticies\\\/vuelven-las-festes-de-la-mare-de-deu-de-la-roca-2025\\\/\",\"name\":\"Vuelven las Festes de la Mare de D\u00e9u de la Roca 2025 - Ajuntament de Mont-roig del Camp\",\"isPartOf\":{\"@id\":\"https:\\\/\\\/mont-roig.cat\\\/es\\\/#website\"},\"primaryImageOfPage\":{\"@id\":\"https:\\\/\\\/mont-roig.cat\\\/es\\\/actualitat\\\/noticies\\\/vuelven-las-festes-de-la-mare-de-deu-de-la-roca-2025\\\/#primaryimage\"},\"image\":{\"@id\":\"https:\\\/\\\/mont-roig.cat\\\/es\\\/actualitat\\\/noticies\\\/vuelven-las-festes-de-la-mare-de-deu-de-la-roca-2025\\\/#primaryimage\"},\"thumbnailUrl\":\"https:\\\/\\\/mont-roig.cat\\\/wp-content\\\/uploads\\\/Programacio-8-setembre-2025_page-00011.jpg\",\"datePublished\":\"2025-08-28T10:31:07+00:00\",\"dateModified\":\"2025-08-28T10:40:15+00:00\",\"author\":{\"@id\":\"https:\\\/\\\/mont-roig.cat\\\/es\\\/#\\\/schema\\\/person\\\/1f73e7b5e6f9dd122e8a6f14f310ac5e\"},\"breadcrumb\":{\"@id\":\"https:\\\/\\\/mont-roig.cat\\\/es\\\/actualitat\\\/noticies\\\/vuelven-las-festes-de-la-mare-de-deu-de-la-roca-2025\\\/#breadcrumb\"},\"inLanguage\":\"es\",\"potentialAction\":[{\"@type\":\"ReadAction\",\"target\":[\"https:\\\/\\\/mont-roig.cat\\\/es\\\/actualitat\\\/noticies\\\/vuelven-las-festes-de-la-mare-de-deu-de-la-roca-2025\\\/\"]}]},{\"@type\":\"ImageObject\",\"inLanguage\":\"es\",\"@id\":\"https:\\\/\\\/mont-roig.cat\\\/es\\\/actualitat\\\/noticies\\\/vuelven-las-festes-de-la-mare-de-deu-de-la-roca-2025\\\/#primaryimage\",\"url\":\"https:\\\/\\\/mont-roig.cat\\\/wp-content\\\/uploads\\\/Programacio-8-setembre-2025_page-00011.jpg\",\"contentUrl\":\"https:\\\/\\\/mont-roig.cat\\\/wp-content\\\/uploads\\\/Programacio-8-setembre-2025_page-00011.jpg\",\"width\":1240,\"height\":1755},{\"@type\":\"BreadcrumbList\",\"@id\":\"https:\\\/\\\/mont-roig.cat\\\/es\\\/actualitat\\\/noticies\\\/vuelven-las-festes-de-la-mare-de-deu-de-la-roca-2025\\\/#breadcrumb\",\"itemListElement\":[{\"@type\":\"ListItem\",\"position\":1,\"name\":\"Inici\",\"item\":\"https:\\\/\\\/mont-roig.cat\\\/es\\\/pagina-de-inicio\\\/\"},{\"@type\":\"ListItem\",\"position\":2,\"name\":\"Vuelven las Festes de la Mare de D\u00e9u de la Roca 2025\"}]},{\"@type\":\"WebSite\",\"@id\":\"https:\\\/\\\/mont-roig.cat\\\/es\\\/#website\",\"url\":\"https:\\\/\\\/mont-roig.cat\\\/es\\\/\",\"name\":\"Ajuntament de Mont-roig del Camp\",\"description\":\"Tota la informaci\u00f3 sobre la instituci\u00f3, els seus \u00f2rgans de govern, actualitat, serveis i molt m\u00e9s.\",\"potentialAction\":[{\"@type\":\"SearchAction\",\"target\":{\"@type\":\"EntryPoint\",\"urlTemplate\":\"https:\\\/\\\/mont-roig.cat\\\/es\\\/?s={search_term_string}\"},\"query-input\":{\"@type\":\"PropertyValueSpecification\",\"valueRequired\":true,\"valueName\":\"search_term_string\"}}],\"inLanguage\":\"es\"},{\"@type\":\"Person\",\"@id\":\"https:\\\/\\\/mont-roig.cat\\\/es\\\/#\\\/schema\\\/person\\\/1f73e7b5e6f9dd122e8a6f14f310ac5e\",\"name\":\"comunicacio\",\"image\":{\"@type\":\"ImageObject\",\"inLanguage\":\"es\",\"@id\":\"https:\\\/\\\/secure.gravatar.com\\\/avatar\\\/98944333e7a877670a64f8d10f0cb680ab2c9ebc4efc43945ef004b52b5ad28c?s=96&d=mm&r=g\",\"url\":\"https:\\\/\\\/secure.gravatar.com\\\/avatar\\\/98944333e7a877670a64f8d10f0cb680ab2c9ebc4efc43945ef004b52b5ad28c?s=96&d=mm&r=g\",\"contentUrl\":\"https:\\\/\\\/secure.gravatar.com\\\/avatar\\\/98944333e7a877670a64f8d10f0cb680ab2c9ebc4efc43945ef004b52b5ad28c?s=96&d=mm&r=g\",\"caption\":\"comunicacio\"},\"url\":\"https:\\\/\\\/mont-roig.cat\\\/es\\\/actualitat\\\/noticies\\\/author\\\/comunicacio\\\/\"}]}<\/script>\n<!-- \/ Yoast SEO plugin. -->","yoast_head_json":{"title":"Vuelven las Festes de la Mare de D\u00e9u de la Roca 2025 - Ajuntament de Mont-roig del Camp","robots":{"index":"index","follow":"follow","max-snippet":"max-snippet:-1","max-image-preview":"max-image-preview:large","max-video-preview":"max-video-preview:-1"},"canonical":"https:\/\/mont-roig.cat\/es\/actualitat\/noticies\/vuelven-las-festes-de-la-mare-de-deu-de-la-roca-2025\/","og_locale":"es_ES","og_type":"article","og_title":"Vuelven las Festes de la Mare de D\u00e9u de la Roca 2025 - Ajuntament de Mont-roig del Camp","og_description":"Del 30 de agosto al 8 de septiembre, Mont-roig del Camp vuelve a honrar a su patrona con actos de cultura, devoci\u00f3n y tradici\u00f3n popular El Patronat de la Mare de D\u00e9u de la Roca y la Parr\u00f2quia Sant Miquel Arc\u00e0ngel vuelven a organizar las Festes de la Mare de D\u00e9u de la Roca, que [&hellip;]","og_url":"https:\/\/mont-roig.cat\/es\/actualitat\/noticies\/vuelven-las-festes-de-la-mare-de-deu-de-la-roca-2025\/","og_site_name":"Ajuntament de Mont-roig del Camp","article_published_time":"2025-08-28T10:31:07+00:00","article_modified_time":"2025-08-28T10:40:15+00:00","og_image":[{"width":1240,"height":1755,"url":"https:\/\/mont-roig.cat\/wp-content\/uploads\/Programacio-8-setembre-2025_page-00011.jpg","type":"image\/jpeg"}],"author":"comunicacio","twitter_card":"summary_large_image","twitter_misc":{"Escrito por":"comunicacio","Tiempo de lectura":"2 minutos"},"schema":{"@context":"https:\/\/schema.org","@graph":[{"@type":"Article","@id":"https:\/\/mont-roig.cat\/es\/actualitat\/noticies\/vuelven-las-festes-de-la-mare-de-deu-de-la-roca-2025\/#article","isPartOf":{"@id":"https:\/\/mont-roig.cat\/es\/actualitat\/noticies\/vuelven-las-festes-de-la-mare-de-deu-de-la-roca-2025\/"},"author":{"name":"comunicacio","@id":"https:\/\/mont-roig.cat\/es\/#\/schema\/person\/1f73e7b5e6f9dd122e8a6f14f310ac5e"},"headline":"Vuelven las Festes de la Mare de D\u00e9u de la Roca 2025","datePublished":"2025-08-28T10:31:07+00:00","dateModified":"2025-08-28T10:40:15+00:00","mainEntityOfPage":{"@id":"https:\/\/mont-roig.cat\/es\/actualitat\/noticies\/vuelven-las-festes-de-la-mare-de-deu-de-la-roca-2025\/"},"wordCount":238,"image":{"@id":"https:\/\/mont-roig.cat\/es\/actualitat\/noticies\/vuelven-las-festes-de-la-mare-de-deu-de-la-roca-2025\/#primaryimage"},"thumbnailUrl":"https:\/\/mont-roig.cat\/wp-content\/uploads\/Programacio-8-setembre-2025_page-00011.jpg","articleSection":["Ayuntamiento","Festes"],"inLanguage":"es"},{"@type":"WebPage","@id":"https:\/\/mont-roig.cat\/es\/actualitat\/noticies\/vuelven-las-festes-de-la-mare-de-deu-de-la-roca-2025\/","url":"https:\/\/mont-roig.cat\/es\/actualitat\/noticies\/vuelven-las-festes-de-la-mare-de-deu-de-la-roca-2025\/","name":"Vuelven las Festes de la Mare de D\u00e9u de la Roca 2025 - Ajuntament de Mont-roig del Camp","isPartOf":{"@id":"https:\/\/mont-roig.cat\/es\/#website"},"primaryImageOfPage":{"@id":"https:\/\/mont-roig.cat\/es\/actualitat\/noticies\/vuelven-las-festes-de-la-mare-de-deu-de-la-roca-2025\/#primaryimage"},"image":{"@id":"https:\/\/mont-roig.cat\/es\/actualitat\/noticies\/vuelven-las-festes-de-la-mare-de-deu-de-la-roca-2025\/#primaryimage"},"thumbnailUrl":"https:\/\/mont-roig.cat\/wp-content\/uploads\/Programacio-8-setembre-2025_page-00011.jpg","datePublished":"2025-08-28T10:31:07+00:00","dateModified":"2025-08-28T10:40:15+00:00","author":{"@id":"https:\/\/mont-roig.cat\/es\/#\/schema\/person\/1f73e7b5e6f9dd122e8a6f14f310ac5e"},"breadcrumb":{"@id":"https:\/\/mont-roig.cat\/es\/actualitat\/noticies\/vuelven-las-festes-de-la-mare-de-deu-de-la-roca-2025\/#breadcrumb"},"inLanguage":"es","potentialAction":[{"@type":"ReadAction","target":["https:\/\/mont-roig.cat\/es\/actualitat\/noticies\/vuelven-las-festes-de-la-mare-de-deu-de-la-roca-2025\/"]}]},{"@type":"ImageObject","inLanguage":"es","@id":"https:\/\/mont-roig.cat\/es\/actualitat\/noticies\/vuelven-las-festes-de-la-mare-de-deu-de-la-roca-2025\/#primaryimage","url":"https:\/\/mont-roig.cat\/wp-content\/uploads\/Programacio-8-setembre-2025_page-00011.jpg","contentUrl":"https:\/\/mont-roig.cat\/wp-content\/uploads\/Programacio-8-setembre-2025_page-00011.jpg","width":1240,"height":1755},{"@type":"BreadcrumbList","@id":"https:\/\/mont-roig.cat\/es\/actualitat\/noticies\/vuelven-las-festes-de-la-mare-de-deu-de-la-roca-2025\/#breadcrumb","itemListElement":[{"@type":"ListItem","position":1,"name":"Inici","item":"https:\/\/mont-roig.cat\/es\/pagina-de-inicio\/"},{"@type":"ListItem","position":2,"name":"Vuelven las Festes de la Mare de D\u00e9u de la Roca 2025"}]},{"@type":"WebSite","@id":"https:\/\/mont-roig.cat\/es\/#website","url":"https:\/\/mont-roig.cat\/es\/","name":"Ajuntament de Mont-roig del Camp","description":"Tota la informaci\u00f3 sobre la instituci\u00f3, els seus \u00f2rgans de govern, actualitat, serveis i molt m\u00e9s.","potentialAction":[{"@type":"SearchAction","target":{"@type":"EntryPoint","urlTemplate":"https:\/\/mont-roig.cat\/es\/?s={search_term_string}"},"query-input":{"@type":"PropertyValueSpecification","valueRequired":true,"valueName":"search_term_string"}}],"inLanguage":"es"},{"@type":"Person","@id":"https:\/\/mont-roig.cat\/es\/#\/schema\/person\/1f73e7b5e6f9dd122e8a6f14f310ac5e","name":"comunicacio","image":{"@type":"ImageObject","inLanguage":"es","@id":"https:\/\/secure.gravatar.com\/avatar\/98944333e7a877670a64f8d10f0cb680ab2c9ebc4efc43945ef004b52b5ad28c?s=96&d=mm&r=g","url":"https:\/\/secure.gravatar.com\/avatar\/98944333e7a877670a64f8d10f0cb680ab2c9ebc4efc43945ef004b52b5ad28c?s=96&d=mm&r=g","contentUrl":"https:\/\/secure.gravatar.com\/avatar\/98944333e7a877670a64f8d10f0cb680ab2c9ebc4efc43945ef004b52b5ad28c?s=96&d=mm&r=g","caption":"comunicacio"},"url":"https:\/\/mont-roig.cat\/es\/actualitat\/noticies\/author\/comunicacio\/"}]}},"_links":{"self":[{"href":"https:\/\/mont-roig.cat\/es\/wp-json\/wp\/v2\/posts\/85191","targetHints":{"allow":["GET"]}}],"collection":[{"href":"https:\/\/mont-roig.cat\/es\/wp-json\/wp\/v2\/posts"}],"about":[{"href":"https:\/\/mont-roig.cat\/es\/wp-json\/wp\/v2\/types\/post"}],"author":[{"embeddable":true,"href":"https:\/\/mont-roig.cat\/es\/wp-json\/wp\/v2\/users\/13"}],"replies":[{"embeddable":true,"href":"https:\/\/mont-roig.cat\/es\/wp-json\/wp\/v2\/comments?post=85191"}],"version-history":[{"count":2,"href":"https:\/\/mont-roig.cat\/es\/wp-json\/wp\/v2\/posts\/85191\/revisions"}],"predecessor-version":[{"id":85193,"href":"https:\/\/mont-roig.cat\/es\/wp-json\/wp\/v2\/posts\/85191\/revisions\/85193"}],"wp:featuredmedia":[{"embeddable":true,"href":"https:\/\/mont-roig.cat\/es\/wp-json\/wp\/v2\/media\/85184"}],"wp:attachment":[{"href":"https:\/\/mont-roig.cat\/es\/wp-json\/wp\/v2\/media?parent=85191"}],"wp:term":[{"taxonomy":"category","embeddable":true,"href":"https:\/\/mont-roig.cat\/es\/wp-json\/wp\/v2\/categories?post=85191"},{"taxonomy":"post_tag","embeddable":true,"href":"https:\/\/mont-roig.cat\/es\/wp-json\/wp\/v2\/tags?post=85191"}],"curies":[{"name":"wp","href":"https:\/\/api.w.org\/{rel}","templated":true}]}}