{"id":85203,"date":"2025-08-29T12:45:07","date_gmt":"2025-08-29T10:45:07","guid":{"rendered":"https:\/\/mont-roig.cat\/actualitat\/noticies\/una-delegacio-de-mont-roig-del-camp-visita-el-poble-frances-de-saint-paul-de-vence-com-a-referent-per-al-pla-de-barris\/"},"modified":"2025-08-29T12:49:58","modified_gmt":"2025-08-29T10:49:58","slug":"una-delegacion-de-mont-roig-del-camp-visita-el-pueblo-frances-de-saint-paul-de-vence-como-referente-para-el-pla-de-barris","status":"publish","type":"post","link":"https:\/\/mont-roig.cat\/es\/actualitat\/noticies\/una-delegacion-de-mont-roig-del-camp-visita-el-pueblo-frances-de-saint-paul-de-vence-como-referente-para-el-pla-de-barris\/","title":{"rendered":"Una delegaci\u00f3n de Mont-roig del Camp visita el pueblo franc\u00e9s de Saint-Paul-de-Vence como referente para el Pla de Barris"},"content":{"rendered":"<div id=\"attachment_85199\" style=\"width: 306px\" class=\"wp-caption alignright\"><a href=\"https:\/\/mont-roig.cat\/wp-content\/uploads\/Foto-Visita.jpeg\" target=\"_blank\" rel=\"noopener\"><img loading=\"lazy\" decoding=\"async\" aria-describedby=\"caption-attachment-85199\" class=\"wp-image-85199\" src=\"https:\/\/mont-roig.cat\/wp-content\/uploads\/Foto-Visita-500x375.jpeg\" alt=\"\" width=\"296\" height=\"222\" srcset=\"https:\/\/mont-roig.cat\/wp-content\/uploads\/Foto-Visita-500x375.jpeg 500w, https:\/\/mont-roig.cat\/wp-content\/uploads\/Foto-Visita-1024x768.jpeg 1024w, https:\/\/mont-roig.cat\/wp-content\/uploads\/Foto-Visita-768x576.jpeg 768w, https:\/\/mont-roig.cat\/wp-content\/uploads\/Foto-Visita-1536x1152.jpeg 1536w, https:\/\/mont-roig.cat\/wp-content\/uploads\/Foto-Visita-463x348.jpeg 463w, https:\/\/mont-roig.cat\/wp-content\/uploads\/Foto-Visita.jpeg 2048w\" sizes=\"auto, (max-width: 296px) 100vw, 296px\" \/><\/a><p id=\"caption-attachment-85199\" class=\"wp-caption-text\">La delegaci\u00f3n de Mont-roig del Camp que se desplaz\u00f3 a Saint-Paul-de-Vence.<\/p><\/div>\n<ul>\n<li data-start=\"237\" data-end=\"513\"><strong>El alcalde Fran Morancho, regidores y regidoras y t\u00e9cnicos municipales se reunieron con representantes de este pueblo de la Costa Azul para conocer de cerca la transformaci\u00f3n cultural y urbana que ha vivido el municipio, modelo que Mont-roig del Camp quiere aplicar a su n\u00facleo antiguo.<\/strong><\/li>\n<\/ul>\n<p data-start=\"515\" data-end=\"925\">Una delegaci\u00f3n del Ayuntamiento de Mont-roig del Camp, encabezada por el alcalde Fran Morancho y formada por regidores y regidoras del gobierno, de la oposici\u00f3n y responsables t\u00e9cnicos municipales, se desplaz\u00f3 este jueves a la Costa Azul francesa para conocer de cerca el modelo de Saint-Paul-de-Vence, municipio que ha sabido transformar su n\u00facleo hist\u00f3rico en un centro cultural y creativo de primer orden.<\/p>\n<p data-start=\"927\" data-end=\"1364\">La jornada comenz\u00f3 con una recepci\u00f3n a cargo de un responsable tur\u00edstico del municipio, Olivier Scagnetti, que mostr\u00f3 a los representantes mont-rogenses c\u00f3mo el municipio franc\u00e9s ha logrado preservar su patrimonio y, al mismo tiempo, dinamizarlo culturalmente. Posteriormente, la delegaci\u00f3n se reuni\u00f3 con la regidora de Cultura y Patrimonio, Laurence Hartmann, con quien pudieron conocer el proyecto cultural de este municipio franc\u00e9s.<\/p>\n<p data-start=\"1366\" data-end=\"1858\">El recorrido incluy\u00f3 la Capilla Folon y la visita a la prestigiosa Fundaci\u00f3n Maeght, una instituci\u00f3n privada fundada por Marguerite y Aim\u00e9 Maeght que alberga una de las colecciones m\u00e1s excepcionales de arte moderno y contempor\u00e1neo del siglo XX. Con m\u00e1s de 200.000 visitantes anuales, la Fundaci\u00f3n se ha convertido en un polo de atracci\u00f3n tur\u00edstica y cultural, y representa un ejemplo de c\u00f3mo un peque\u00f1o municipio puede proyectarse internacionalmente a trav\u00e9s de la creatividad y la cultura.<\/p>\n<p data-start=\"1860\" data-end=\"2027\">La delegaci\u00f3n tambi\u00e9n recorri\u00f3 las calles empedradas de Saint-Paul-de-Vence para conocer de primera mano la organizaci\u00f3n urbana y el uso cultural del n\u00facleo antiguo.<\/p>\n<p data-start=\"2029\" data-end=\"2618\"><strong data-start=\"2029\" data-end=\"2064\">La candidatura al Pla de Barris<\/strong><br data-start=\"2064\" data-end=\"2067\" \/>Inspirado en este modelo, el Ayuntamiento de Mont-roig del Camp ha presentado su candidatura al Pla de Barris i Viles de Catalunya 2025-2029, con el objetivo de revitalizar el n\u00facleo antiguo y convertirlo en un espacio vivo, creativo y generador de nuevas oportunidades sociales y econ\u00f3micas. El proyecto, que puede alcanzar hasta un 70 % de financiaci\u00f3n por parte de la Generalitat (hasta 12,5 M\u20ac), fue presentado hace unas semanas a las entidades y agentes locales en una sesi\u00f3n participativa en la Casa de Cultura, con gran asistencia de p\u00fablico.<\/p>\n<p data-start=\"2620\" data-end=\"3219\">En su d\u00eda, el alcalde ya destac\u00f3 que Mont-roig del Camp cuenta con una ventaja competitiva: el Estudio Integral para la Dinamizaci\u00f3n del N\u00facleo Antiguo (EINA), presentado en 2022, que ya define una estrategia global para revertir el proceso de declive y fijar l\u00edneas de acci\u00f3n concretas. De hecho, los objetivos centrales de la candidatura al Pla de Barris son la transformaci\u00f3n del n\u00facleo antiguo en un centro cultural abierto, la rehabilitaci\u00f3n de viviendas y locales para darles un uso activo, la atracci\u00f3n de artistas y visitantes vinculados a la creatividad y la mejora de la cohesi\u00f3n social.<\/p>\n<p data-start=\"3221\" data-end=\"3301\">Entre las acciones m\u00e1s destacadas del proyecto de Mont-roig del Camp se prev\u00e9:<\/p>\n<ul>\n<li data-start=\"3303\" data-end=\"3641\">La transformaci\u00f3n del Portal de la Canal en una residencia art\u00edstica y espacio de creaci\u00f3n.<\/li>\n<li data-start=\"3303\" data-end=\"3641\">La creaci\u00f3n de una red de equipamientos culturales, que integre el futuro Teatre Auditori Antoni Benaiges, la Esgl\u00e9sia Vella y la Casa de Cultura.<\/li>\n<li data-start=\"3303\" data-end=\"3641\">La puesta en marcha de programas culturales inclusivos, accesibles a toda la poblaci\u00f3n.<\/li>\n<\/ul>\n","protected":false},"excerpt":{"rendered":"<p>El alcalde Fran Morancho, regidores y regidoras y t\u00e9cnicos municipales se reunieron con representantes de este pueblo de la Costa Azul para conocer de cerca la transformaci\u00f3n cultural y urbana que ha vivido el municipio, modelo que Mont-roig del Camp quiere aplicar a su n\u00facleo antiguo. Una delegaci\u00f3n del Ayuntamiento de Mont-roig del Camp, encabezada [&hellip;]<\/p>\n","protected":false},"author":13,"featured_media":85200,"comment_status":"closed","ping_status":"closed","sticky":false,"template":"","format":"standard","meta":{"inline_featured_image":false,"_monsterinsights_skip_tracking":false,"_monsterinsights_sitenote_active":false,"_monsterinsights_sitenote_note":"","_monsterinsights_sitenote_category":0,"footnotes":""},"categories":[156,98,101,135,115],"tags":[],"class_list":["post-85203","post","type-post","status-publish","format-standard","has-post-thumbnail","hentry","category-alcalde-es","category-ayuntamiento","category-cultura-es","category-plan-de-barrios-es","category-turismo"],"yoast_head":"<!-- This site is optimized with the Yoast SEO plugin v27.4 - https:\/\/yoast.com\/product\/yoast-seo-wordpress\/ -->\n<title>Una delegaci\u00f3n de Mont-roig del Camp visita el pueblo franc\u00e9s de Saint-Paul-de-Vence como referente para el Pla de Barris - Ajuntament de Mont-roig del Camp<\/title>\n<meta name=\"robots\" content=\"index, follow, max-snippet:-1, max-image-preview:large, max-video-preview:-1\" \/>\n<link rel=\"canonical\" href=\"https:\/\/mont-roig.cat\/es\/actualitat\/noticies\/una-delegacion-de-mont-roig-del-camp-visita-el-pueblo-frances-de-saint-paul-de-vence-como-referente-para-el-pla-de-barris\/\" \/>\n<meta property=\"og:locale\" content=\"es_ES\" \/>\n<meta property=\"og:type\" content=\"article\" \/>\n<meta property=\"og:title\" content=\"Una delegaci\u00f3n de Mont-roig del Camp visita el pueblo franc\u00e9s de Saint-Paul-de-Vence como referente para el Pla de Barris - Ajuntament de Mont-roig del Camp\" \/>\n<meta property=\"og:description\" content=\"El alcalde Fran Morancho, regidores y regidoras y t\u00e9cnicos municipales se reunieron con representantes de este pueblo de la Costa Azul para conocer de cerca la transformaci\u00f3n cultural y urbana que ha vivido el municipio, modelo que Mont-roig del Camp quiere aplicar a su n\u00facleo antiguo. Una delegaci\u00f3n del Ayuntamiento de Mont-roig del Camp, encabezada [&hellip;]\" \/>\n<meta property=\"og:url\" content=\"https:\/\/mont-roig.cat\/es\/actualitat\/noticies\/una-delegacion-de-mont-roig-del-camp-visita-el-pueblo-frances-de-saint-paul-de-vence-como-referente-para-el-pla-de-barris\/\" \/>\n<meta property=\"og:site_name\" content=\"Ajuntament de Mont-roig del Camp\" \/>\n<meta property=\"article:published_time\" content=\"2025-08-29T10:45:07+00:00\" \/>\n<meta property=\"article:modified_time\" content=\"2025-08-29T10:49:58+00:00\" \/>\n<meta property=\"og:image\" content=\"https:\/\/mont-roig.cat\/wp-content\/uploads\/Foto-Visita.jpeg\" \/>\n\t<meta property=\"og:image:width\" content=\"2048\" \/>\n\t<meta property=\"og:image:height\" content=\"1536\" \/>\n\t<meta property=\"og:image:type\" content=\"image\/jpeg\" \/>\n<meta name=\"author\" content=\"comunicacio\" \/>\n<meta name=\"twitter:card\" content=\"summary_large_image\" \/>\n<meta name=\"twitter:label1\" content=\"Escrito por\" \/>\n\t<meta name=\"twitter:data1\" content=\"comunicacio\" \/>\n\t<meta name=\"twitter:label2\" content=\"Tiempo de lectura\" \/>\n\t<meta name=\"twitter:data2\" content=\"4 minutos\" \/>\n<script type=\"application\/ld+json\" class=\"yoast-schema-graph\">{\"@context\":\"https:\\\/\\\/schema.org\",\"@graph\":[{\"@type\":\"Article\",\"@id\":\"https:\\\/\\\/mont-roig.cat\\\/es\\\/actualitat\\\/noticies\\\/una-delegacion-de-mont-roig-del-camp-visita-el-pueblo-frances-de-saint-paul-de-vence-como-referente-para-el-pla-de-barris\\\/#article\",\"isPartOf\":{\"@id\":\"https:\\\/\\\/mont-roig.cat\\\/es\\\/actualitat\\\/noticies\\\/una-delegacion-de-mont-roig-del-camp-visita-el-pueblo-frances-de-saint-paul-de-vence-como-referente-para-el-pla-de-barris\\\/\"},\"author\":{\"name\":\"comunicacio\",\"@id\":\"https:\\\/\\\/mont-roig.cat\\\/es\\\/#\\\/schema\\\/person\\\/1f73e7b5e6f9dd122e8a6f14f310ac5e\"},\"headline\":\"Una delegaci\u00f3n de Mont-roig del Camp visita el pueblo franc\u00e9s de Saint-Paul-de-Vence como referente para el Pla de Barris\",\"datePublished\":\"2025-08-29T10:45:07+00:00\",\"dateModified\":\"2025-08-29T10:49:58+00:00\",\"mainEntityOfPage\":{\"@id\":\"https:\\\/\\\/mont-roig.cat\\\/es\\\/actualitat\\\/noticies\\\/una-delegacion-de-mont-roig-del-camp-visita-el-pueblo-frances-de-saint-paul-de-vence-como-referente-para-el-pla-de-barris\\\/\"},\"wordCount\":618,\"image\":{\"@id\":\"https:\\\/\\\/mont-roig.cat\\\/es\\\/actualitat\\\/noticies\\\/una-delegacion-de-mont-roig-del-camp-visita-el-pueblo-frances-de-saint-paul-de-vence-como-referente-para-el-pla-de-barris\\\/#primaryimage\"},\"thumbnailUrl\":\"https:\\\/\\\/mont-roig.cat\\\/wp-content\\\/uploads\\\/Foto-Visita.jpeg\",\"articleSection\":[\"Alcalde\",\"Ayuntamiento\",\"Cultura\",\"Pla de Barris\",\"Turismo\"],\"inLanguage\":\"es\"},{\"@type\":\"WebPage\",\"@id\":\"https:\\\/\\\/mont-roig.cat\\\/es\\\/actualitat\\\/noticies\\\/una-delegacion-de-mont-roig-del-camp-visita-el-pueblo-frances-de-saint-paul-de-vence-como-referente-para-el-pla-de-barris\\\/\",\"url\":\"https:\\\/\\\/mont-roig.cat\\\/es\\\/actualitat\\\/noticies\\\/una-delegacion-de-mont-roig-del-camp-visita-el-pueblo-frances-de-saint-paul-de-vence-como-referente-para-el-pla-de-barris\\\/\",\"name\":\"Una delegaci\u00f3n de Mont-roig del Camp visita el pueblo franc\u00e9s de Saint-Paul-de-Vence como referente para el Pla de Barris - Ajuntament de Mont-roig del Camp\",\"isPartOf\":{\"@id\":\"https:\\\/\\\/mont-roig.cat\\\/es\\\/#website\"},\"primaryImageOfPage\":{\"@id\":\"https:\\\/\\\/mont-roig.cat\\\/es\\\/actualitat\\\/noticies\\\/una-delegacion-de-mont-roig-del-camp-visita-el-pueblo-frances-de-saint-paul-de-vence-como-referente-para-el-pla-de-barris\\\/#primaryimage\"},\"image\":{\"@id\":\"https:\\\/\\\/mont-roig.cat\\\/es\\\/actualitat\\\/noticies\\\/una-delegacion-de-mont-roig-del-camp-visita-el-pueblo-frances-de-saint-paul-de-vence-como-referente-para-el-pla-de-barris\\\/#primaryimage\"},\"thumbnailUrl\":\"https:\\\/\\\/mont-roig.cat\\\/wp-content\\\/uploads\\\/Foto-Visita.jpeg\",\"datePublished\":\"2025-08-29T10:45:07+00:00\",\"dateModified\":\"2025-08-29T10:49:58+00:00\",\"author\":{\"@id\":\"https:\\\/\\\/mont-roig.cat\\\/es\\\/#\\\/schema\\\/person\\\/1f73e7b5e6f9dd122e8a6f14f310ac5e\"},\"breadcrumb\":{\"@id\":\"https:\\\/\\\/mont-roig.cat\\\/es\\\/actualitat\\\/noticies\\\/una-delegacion-de-mont-roig-del-camp-visita-el-pueblo-frances-de-saint-paul-de-vence-como-referente-para-el-pla-de-barris\\\/#breadcrumb\"},\"inLanguage\":\"es\",\"potentialAction\":[{\"@type\":\"ReadAction\",\"target\":[\"https:\\\/\\\/mont-roig.cat\\\/es\\\/actualitat\\\/noticies\\\/una-delegacion-de-mont-roig-del-camp-visita-el-pueblo-frances-de-saint-paul-de-vence-como-referente-para-el-pla-de-barris\\\/\"]}]},{\"@type\":\"ImageObject\",\"inLanguage\":\"es\",\"@id\":\"https:\\\/\\\/mont-roig.cat\\\/es\\\/actualitat\\\/noticies\\\/una-delegacion-de-mont-roig-del-camp-visita-el-pueblo-frances-de-saint-paul-de-vence-como-referente-para-el-pla-de-barris\\\/#primaryimage\",\"url\":\"https:\\\/\\\/mont-roig.cat\\\/wp-content\\\/uploads\\\/Foto-Visita.jpeg\",\"contentUrl\":\"https:\\\/\\\/mont-roig.cat\\\/wp-content\\\/uploads\\\/Foto-Visita.jpeg\",\"width\":2048,\"height\":1536},{\"@type\":\"BreadcrumbList\",\"@id\":\"https:\\\/\\\/mont-roig.cat\\\/es\\\/actualitat\\\/noticies\\\/una-delegacion-de-mont-roig-del-camp-visita-el-pueblo-frances-de-saint-paul-de-vence-como-referente-para-el-pla-de-barris\\\/#breadcrumb\",\"itemListElement\":[{\"@type\":\"ListItem\",\"position\":1,\"name\":\"Inici\",\"item\":\"https:\\\/\\\/mont-roig.cat\\\/es\\\/pagina-de-inicio\\\/\"},{\"@type\":\"ListItem\",\"position\":2,\"name\":\"Una delegaci\u00f3n de Mont-roig del Camp visita el pueblo franc\u00e9s de Saint-Paul-de-Vence como referente para el Pla de Barris\"}]},{\"@type\":\"WebSite\",\"@id\":\"https:\\\/\\\/mont-roig.cat\\\/es\\\/#website\",\"url\":\"https:\\\/\\\/mont-roig.cat\\\/es\\\/\",\"name\":\"Ajuntament de Mont-roig del Camp\",\"description\":\"Tota la informaci\u00f3 sobre la instituci\u00f3, els seus \u00f2rgans de govern, actualitat, serveis i molt m\u00e9s.\",\"potentialAction\":[{\"@type\":\"SearchAction\",\"target\":{\"@type\":\"EntryPoint\",\"urlTemplate\":\"https:\\\/\\\/mont-roig.cat\\\/es\\\/?s={search_term_string}\"},\"query-input\":{\"@type\":\"PropertyValueSpecification\",\"valueRequired\":true,\"valueName\":\"search_term_string\"}}],\"inLanguage\":\"es\"},{\"@type\":\"Person\",\"@id\":\"https:\\\/\\\/mont-roig.cat\\\/es\\\/#\\\/schema\\\/person\\\/1f73e7b5e6f9dd122e8a6f14f310ac5e\",\"name\":\"comunicacio\",\"image\":{\"@type\":\"ImageObject\",\"inLanguage\":\"es\",\"@id\":\"https:\\\/\\\/secure.gravatar.com\\\/avatar\\\/98944333e7a877670a64f8d10f0cb680ab2c9ebc4efc43945ef004b52b5ad28c?s=96&d=mm&r=g\",\"url\":\"https:\\\/\\\/secure.gravatar.com\\\/avatar\\\/98944333e7a877670a64f8d10f0cb680ab2c9ebc4efc43945ef004b52b5ad28c?s=96&d=mm&r=g\",\"contentUrl\":\"https:\\\/\\\/secure.gravatar.com\\\/avatar\\\/98944333e7a877670a64f8d10f0cb680ab2c9ebc4efc43945ef004b52b5ad28c?s=96&d=mm&r=g\",\"caption\":\"comunicacio\"},\"url\":\"https:\\\/\\\/mont-roig.cat\\\/es\\\/actualitat\\\/noticies\\\/author\\\/comunicacio\\\/\"}]}<\/script>\n<!-- \/ Yoast SEO plugin. -->","yoast_head_json":{"title":"Una delegaci\u00f3n de Mont-roig del Camp visita el pueblo franc\u00e9s de Saint-Paul-de-Vence como referente para el Pla de Barris - Ajuntament de Mont-roig del Camp","robots":{"index":"index","follow":"follow","max-snippet":"max-snippet:-1","max-image-preview":"max-image-preview:large","max-video-preview":"max-video-preview:-1"},"canonical":"https:\/\/mont-roig.cat\/es\/actualitat\/noticies\/una-delegacion-de-mont-roig-del-camp-visita-el-pueblo-frances-de-saint-paul-de-vence-como-referente-para-el-pla-de-barris\/","og_locale":"es_ES","og_type":"article","og_title":"Una delegaci\u00f3n de Mont-roig del Camp visita el pueblo franc\u00e9s de Saint-Paul-de-Vence como referente para el Pla de Barris - Ajuntament de Mont-roig del Camp","og_description":"El alcalde Fran Morancho, regidores y regidoras y t\u00e9cnicos municipales se reunieron con representantes de este pueblo de la Costa Azul para conocer de cerca la transformaci\u00f3n cultural y urbana que ha vivido el municipio, modelo que Mont-roig del Camp quiere aplicar a su n\u00facleo antiguo. Una delegaci\u00f3n del Ayuntamiento de Mont-roig del Camp, encabezada [&hellip;]","og_url":"https:\/\/mont-roig.cat\/es\/actualitat\/noticies\/una-delegacion-de-mont-roig-del-camp-visita-el-pueblo-frances-de-saint-paul-de-vence-como-referente-para-el-pla-de-barris\/","og_site_name":"Ajuntament de Mont-roig del Camp","article_published_time":"2025-08-29T10:45:07+00:00","article_modified_time":"2025-08-29T10:49:58+00:00","og_image":[{"width":2048,"height":1536,"url":"https:\/\/mont-roig.cat\/wp-content\/uploads\/Foto-Visita.jpeg","type":"image\/jpeg"}],"author":"comunicacio","twitter_card":"summary_large_image","twitter_misc":{"Escrito por":"comunicacio","Tiempo de lectura":"4 minutos"},"schema":{"@context":"https:\/\/schema.org","@graph":[{"@type":"Article","@id":"https:\/\/mont-roig.cat\/es\/actualitat\/noticies\/una-delegacion-de-mont-roig-del-camp-visita-el-pueblo-frances-de-saint-paul-de-vence-como-referente-para-el-pla-de-barris\/#article","isPartOf":{"@id":"https:\/\/mont-roig.cat\/es\/actualitat\/noticies\/una-delegacion-de-mont-roig-del-camp-visita-el-pueblo-frances-de-saint-paul-de-vence-como-referente-para-el-pla-de-barris\/"},"author":{"name":"comunicacio","@id":"https:\/\/mont-roig.cat\/es\/#\/schema\/person\/1f73e7b5e6f9dd122e8a6f14f310ac5e"},"headline":"Una delegaci\u00f3n de Mont-roig del Camp visita el pueblo franc\u00e9s de Saint-Paul-de-Vence como referente para el Pla de Barris","datePublished":"2025-08-29T10:45:07+00:00","dateModified":"2025-08-29T10:49:58+00:00","mainEntityOfPage":{"@id":"https:\/\/mont-roig.cat\/es\/actualitat\/noticies\/una-delegacion-de-mont-roig-del-camp-visita-el-pueblo-frances-de-saint-paul-de-vence-como-referente-para-el-pla-de-barris\/"},"wordCount":618,"image":{"@id":"https:\/\/mont-roig.cat\/es\/actualitat\/noticies\/una-delegacion-de-mont-roig-del-camp-visita-el-pueblo-frances-de-saint-paul-de-vence-como-referente-para-el-pla-de-barris\/#primaryimage"},"thumbnailUrl":"https:\/\/mont-roig.cat\/wp-content\/uploads\/Foto-Visita.jpeg","articleSection":["Alcalde","Ayuntamiento","Cultura","Pla de Barris","Turismo"],"inLanguage":"es"},{"@type":"WebPage","@id":"https:\/\/mont-roig.cat\/es\/actualitat\/noticies\/una-delegacion-de-mont-roig-del-camp-visita-el-pueblo-frances-de-saint-paul-de-vence-como-referente-para-el-pla-de-barris\/","url":"https:\/\/mont-roig.cat\/es\/actualitat\/noticies\/una-delegacion-de-mont-roig-del-camp-visita-el-pueblo-frances-de-saint-paul-de-vence-como-referente-para-el-pla-de-barris\/","name":"Una delegaci\u00f3n de Mont-roig del Camp visita el pueblo franc\u00e9s de Saint-Paul-de-Vence como referente para el Pla de Barris - Ajuntament de Mont-roig del Camp","isPartOf":{"@id":"https:\/\/mont-roig.cat\/es\/#website"},"primaryImageOfPage":{"@id":"https:\/\/mont-roig.cat\/es\/actualitat\/noticies\/una-delegacion-de-mont-roig-del-camp-visita-el-pueblo-frances-de-saint-paul-de-vence-como-referente-para-el-pla-de-barris\/#primaryimage"},"image":{"@id":"https:\/\/mont-roig.cat\/es\/actualitat\/noticies\/una-delegacion-de-mont-roig-del-camp-visita-el-pueblo-frances-de-saint-paul-de-vence-como-referente-para-el-pla-de-barris\/#primaryimage"},"thumbnailUrl":"https:\/\/mont-roig.cat\/wp-content\/uploads\/Foto-Visita.jpeg","datePublished":"2025-08-29T10:45:07+00:00","dateModified":"2025-08-29T10:49:58+00:00","author":{"@id":"https:\/\/mont-roig.cat\/es\/#\/schema\/person\/1f73e7b5e6f9dd122e8a6f14f310ac5e"},"breadcrumb":{"@id":"https:\/\/mont-roig.cat\/es\/actualitat\/noticies\/una-delegacion-de-mont-roig-del-camp-visita-el-pueblo-frances-de-saint-paul-de-vence-como-referente-para-el-pla-de-barris\/#breadcrumb"},"inLanguage":"es","potentialAction":[{"@type":"ReadAction","target":["https:\/\/mont-roig.cat\/es\/actualitat\/noticies\/una-delegacion-de-mont-roig-del-camp-visita-el-pueblo-frances-de-saint-paul-de-vence-como-referente-para-el-pla-de-barris\/"]}]},{"@type":"ImageObject","inLanguage":"es","@id":"https:\/\/mont-roig.cat\/es\/actualitat\/noticies\/una-delegacion-de-mont-roig-del-camp-visita-el-pueblo-frances-de-saint-paul-de-vence-como-referente-para-el-pla-de-barris\/#primaryimage","url":"https:\/\/mont-roig.cat\/wp-content\/uploads\/Foto-Visita.jpeg","contentUrl":"https:\/\/mont-roig.cat\/wp-content\/uploads\/Foto-Visita.jpeg","width":2048,"height":1536},{"@type":"BreadcrumbList","@id":"https:\/\/mont-roig.cat\/es\/actualitat\/noticies\/una-delegacion-de-mont-roig-del-camp-visita-el-pueblo-frances-de-saint-paul-de-vence-como-referente-para-el-pla-de-barris\/#breadcrumb","itemListElement":[{"@type":"ListItem","position":1,"name":"Inici","item":"https:\/\/mont-roig.cat\/es\/pagina-de-inicio\/"},{"@type":"ListItem","position":2,"name":"Una delegaci\u00f3n de Mont-roig del Camp visita el pueblo franc\u00e9s de Saint-Paul-de-Vence como referente para el Pla de Barris"}]},{"@type":"WebSite","@id":"https:\/\/mont-roig.cat\/es\/#website","url":"https:\/\/mont-roig.cat\/es\/","name":"Ajuntament de Mont-roig del Camp","description":"Tota la informaci\u00f3 sobre la instituci\u00f3, els seus \u00f2rgans de govern, actualitat, serveis i molt m\u00e9s.","potentialAction":[{"@type":"SearchAction","target":{"@type":"EntryPoint","urlTemplate":"https:\/\/mont-roig.cat\/es\/?s={search_term_string}"},"query-input":{"@type":"PropertyValueSpecification","valueRequired":true,"valueName":"search_term_string"}}],"inLanguage":"es"},{"@type":"Person","@id":"https:\/\/mont-roig.cat\/es\/#\/schema\/person\/1f73e7b5e6f9dd122e8a6f14f310ac5e","name":"comunicacio","image":{"@type":"ImageObject","inLanguage":"es","@id":"https:\/\/secure.gravatar.com\/avatar\/98944333e7a877670a64f8d10f0cb680ab2c9ebc4efc43945ef004b52b5ad28c?s=96&d=mm&r=g","url":"https:\/\/secure.gravatar.com\/avatar\/98944333e7a877670a64f8d10f0cb680ab2c9ebc4efc43945ef004b52b5ad28c?s=96&d=mm&r=g","contentUrl":"https:\/\/secure.gravatar.com\/avatar\/98944333e7a877670a64f8d10f0cb680ab2c9ebc4efc43945ef004b52b5ad28c?s=96&d=mm&r=g","caption":"comunicacio"},"url":"https:\/\/mont-roig.cat\/es\/actualitat\/noticies\/author\/comunicacio\/"}]}},"_links":{"self":[{"href":"https:\/\/mont-roig.cat\/es\/wp-json\/wp\/v2\/posts\/85203","targetHints":{"allow":["GET"]}}],"collection":[{"href":"https:\/\/mont-roig.cat\/es\/wp-json\/wp\/v2\/posts"}],"about":[{"href":"https:\/\/mont-roig.cat\/es\/wp-json\/wp\/v2\/types\/post"}],"author":[{"embeddable":true,"href":"https:\/\/mont-roig.cat\/es\/wp-json\/wp\/v2\/users\/13"}],"replies":[{"embeddable":true,"href":"https:\/\/mont-roig.cat\/es\/wp-json\/wp\/v2\/comments?post=85203"}],"version-history":[{"count":2,"href":"https:\/\/mont-roig.cat\/es\/wp-json\/wp\/v2\/posts\/85203\/revisions"}],"predecessor-version":[{"id":85205,"href":"https:\/\/mont-roig.cat\/es\/wp-json\/wp\/v2\/posts\/85203\/revisions\/85205"}],"wp:featuredmedia":[{"embeddable":true,"href":"https:\/\/mont-roig.cat\/es\/wp-json\/wp\/v2\/media\/85200"}],"wp:attachment":[{"href":"https:\/\/mont-roig.cat\/es\/wp-json\/wp\/v2\/media?parent=85203"}],"wp:term":[{"taxonomy":"category","embeddable":true,"href":"https:\/\/mont-roig.cat\/es\/wp-json\/wp\/v2\/categories?post=85203"},{"taxonomy":"post_tag","embeddable":true,"href":"https:\/\/mont-roig.cat\/es\/wp-json\/wp\/v2\/tags?post=85203"}],"curies":[{"name":"wp","href":"https:\/\/api.w.org\/{rel}","templated":true}]}}