{"id":85212,"date":"2025-09-01T14:34:56","date_gmt":"2025-09-01T12:34:56","guid":{"rendered":"https:\/\/mont-roig.cat\/actualitat\/noticies\/mont-roig-del-camp-posara-en-marxa-a-partir-de-l1-de-novembre-la-nova-taxa-justa\/"},"modified":"2025-09-02T11:22:24","modified_gmt":"2025-09-02T09:22:24","slug":"mont-roig-del-camp-pondra-en-marcha-a-partir-del-1-de-noviembre-la-nueva-tasa-justa","status":"publish","type":"post","link":"https:\/\/mont-roig.cat\/es\/actualitat\/noticies\/mont-roig-del-camp-pondra-en-marcha-a-partir-del-1-de-noviembre-la-nueva-tasa-justa\/","title":{"rendered":"Mont-roig del Camp pondr\u00e1 en marcha a partir del 1 de noviembre la nueva Tasa Justa"},"content":{"rendered":"<p><strong><a href=\"https:\/\/mont-roig.cat\/wp-content\/uploads\/Taxa-justa.jpeg\" target=\"_blank\" rel=\"noopener\"><img loading=\"lazy\" decoding=\"async\" class=\"alignright wp-image-85208\" src=\"https:\/\/mont-roig.cat\/wp-content\/uploads\/Taxa-justa-277x500.jpeg\" alt=\"\" width=\"244\" height=\"440\" srcset=\"https:\/\/mont-roig.cat\/wp-content\/uploads\/Taxa-justa-277x500.jpeg 277w, https:\/\/mont-roig.cat\/wp-content\/uploads\/Taxa-justa-568x1024.jpeg 568w, https:\/\/mont-roig.cat\/wp-content\/uploads\/Taxa-justa.jpeg 674w\" sizes=\"auto, (max-width: 244px) 100vw, 244px\" \/><\/a><\/strong><\/p>\n<ul>\n<li data-start=\"195\" data-end=\"462\"><strong>El nuevo sistema de pago de la recogida de residuos llegar\u00e1 en dos meses a las urbanizaciones que ya hacen el Porta a Porta y tambi\u00e9n a los contenedores de envases y org\u00e1nica del n\u00facleo urbano de Mont-roig y a varias calles del barrio de la Florida de Miami Platja<\/strong><\/li>\n<\/ul>\n<p data-start=\"464\" data-end=\"1308\">El Ayuntamiento de Mont-roig del Camp pone en marcha este oto\u00f1o la <em data-start=\"531\" data-end=\"543\">Tasa Justa<\/em>, un nuevo sistema de pago del servicio de recogida de residuos que tiene como objetivo premiar a los hogares que reciclan m\u00e1s y mejor. El proyecto se implanta tanto en las zonas con recogida Porta a Porta (urbanizaciones Club Mont-roig, Costa Z\u00e8fir y Bonmont) como en el n\u00facleo urbano de Mont-roig del Camp y en una parte del barrio de la Florida de Miami Platja (envases y org\u00e1nica), en concreto entre las avenidas Diversitat, Barcelona, Almeria, del Mar y Saragossa. En la Avinguda Diversitat, Avinguda del Mar y Saragossa solo estar\u00e1n afectados los n\u00fameros impares y en la Avinguda Barcelona solo los n\u00fameros pares. Con este sistema, cada vecino y vecina podr\u00e1 demostrar su compromiso con el reciclaje y reducir el importe a pagar por el servicio de residuos.<\/p>\n<p data-start=\"1310\" data-end=\"1856\">Durante el 2025 solo se aplicar\u00e1 la cuota fija, pero a partir del 1 de noviembre de 2025 se empezar\u00e1n a contar las aportaciones registradas, que permitir\u00e1n reducir o incluso eliminar la cuota variable del a\u00f1o siguiente. Para este primer per\u00edodo de dos meses (noviembre y diciembre), los hogares deber\u00e1n hacer un m\u00ednimo de cuatro aportaciones correctas al Porta a Porta o bien dos de envases y cuatro de org\u00e1nica en los contenedores identificados del n\u00facleo urbano y la Florida para conseguir que la parte variable de la tasa sea de 0 \u20ac en 2026.<\/p>\n<p data-start=\"1858\" data-end=\"1888\"><strong>\u00bfQu\u00e9 es la <em data-start=\"1873\" data-end=\"1885\">tasa Justa<\/em>?<\/strong><\/p>\n<p data-start=\"1890\" data-end=\"1960\">Se trata de un modelo m\u00e1s justo y equitativo que combina dos partes:<\/p>\n<ul data-start=\"1962\" data-end=\"2172\">\n<li data-start=\"1962\" data-end=\"2043\">\n<p data-start=\"1964\" data-end=\"2043\"><strong data-start=\"1964\" data-end=\"1978\">Cuota fija<\/strong>: se calcula seg\u00fan la tipolog\u00eda y la superficie de la vivienda.<\/p>\n<\/li>\n<li data-start=\"2044\" data-end=\"2172\">\n<p data-start=\"2046\" data-end=\"2172\"><strong data-start=\"2046\" data-end=\"2064\">Cuota variable<\/strong>: depende de la participaci\u00f3n real en la recogida selectiva. Cuanto m\u00e1s y mejor se recicle, menos se paga.<\/p>\n<\/li>\n<\/ul>\n<p data-start=\"2174\" data-end=\"2273\">Este nuevo sistema responde a las directivas europeas y estatales que obligan a los municipios a:<\/p>\n<ul data-start=\"2275\" data-end=\"2453\">\n<li data-start=\"2275\" data-end=\"2358\">\n<p data-start=\"2277\" data-end=\"2358\">Reciclar un 55% de los residuos antes de 2025, un 60% en 2030 y un 65% en 2035.<\/p>\n<\/li>\n<li data-start=\"2359\" data-end=\"2453\">\n<p data-start=\"2361\" data-end=\"2453\">Asumir el coste real del servicio, que en Mont-roig del Camp ya supera los 3,5 M\u20ac anuales.<\/p>\n<\/li>\n<\/ul>\n<p data-start=\"2455\" data-end=\"2570\">Actualmente, el municipio solo recicla un 18%, por eso es urgente avanzar hacia un modelo m\u00e1s sostenible y justo.<\/p>\n<p data-start=\"2572\" data-end=\"2610\"><strong>\u00bfCu\u00e1ndo entra en funcionamiento?<\/strong><\/p>\n<ul data-start=\"2612\" data-end=\"2753\">\n<li data-start=\"2612\" data-end=\"2661\">\n<p data-start=\"2614\" data-end=\"2661\">Durante el 2025 solo se pagar\u00e1 la cuota fija.<\/p>\n<\/li>\n<li data-start=\"2662\" data-end=\"2753\">\n<p data-start=\"2664\" data-end=\"2753\">A partir del 1 de noviembre de 2025 se empezar\u00e1n a contar las aportaciones registradas.<\/p>\n<\/li>\n<\/ul>\n<p data-start=\"2755\" data-end=\"2807\"><strong>Objetivos para conseguir 0 \u20ac de cuota variable<\/strong><\/p>\n<ul data-start=\"2809\" data-end=\"3101\">\n<li data-start=\"2809\" data-end=\"2933\">\n<p data-start=\"2811\" data-end=\"2933\"><strong data-start=\"2811\" data-end=\"2869\">Porta a Porta (Club Mont-roig, Costa Z\u00e8fir y Bonmont):<\/strong> habr\u00e1 que registrar m\u00e1s de 26 aportaciones correctas anuales.<\/p>\n<\/li>\n<li data-start=\"2934\" data-end=\"3101\">\n<p data-start=\"2936\" data-end=\"3101\"><strong data-start=\"2936\" data-end=\"3027\">N\u00facleo urbano de Mont-roig y barrio de la Florida (contenedores de envases y org\u00e1nica):<\/strong> habr\u00e1 que registrar 12 aportaciones de envases y 24 de org\u00e1nica al a\u00f1o.<\/p>\n<\/li>\n<\/ul>\n<p data-start=\"3103\" data-end=\"3189\">Para el primer per\u00edodo (noviembre y diciembre de 2025), los objetivos m\u00ednimos ser\u00e1n:<\/p>\n<ul data-start=\"3191\" data-end=\"3315\">\n<li data-start=\"3191\" data-end=\"3239\">\n<p data-start=\"3193\" data-end=\"3239\"><strong data-start=\"3193\" data-end=\"3211\">Porta a Porta:<\/strong> 4 aportaciones correctas.<\/p>\n<\/li>\n<li data-start=\"3240\" data-end=\"3315\">\n<p data-start=\"3242\" data-end=\"3315\"><strong data-start=\"3242\" data-end=\"3270\">N\u00facleo urbano y Florida:<\/strong> 2 aportaciones de envases y 4 de org\u00e1nica.<\/p>\n<\/li>\n<\/ul>\n<p data-start=\"3317\" data-end=\"3349\"><strong>\u00bfC\u00f3mo funciona el sistema?<\/strong><\/p>\n<p data-start=\"3351\" data-end=\"3380\"><strong data-start=\"3351\" data-end=\"3378\">Activaci\u00f3n del usuario:<\/strong><\/p>\n<ul data-start=\"3381\" data-end=\"3580\">\n<li data-start=\"3381\" data-end=\"3437\">\n<p data-start=\"3383\" data-end=\"3437\">Descarga la APP Civiwaste (Google Play o App Store).<\/p>\n<\/li>\n<li data-start=\"3438\" data-end=\"3531\">\n<p data-start=\"3440\" data-end=\"3531\">Selecciona Mont-roig del Camp e introduce el c\u00f3digo de identificaci\u00f3n recibido por carta.<\/p>\n<\/li>\n<li data-start=\"3532\" data-end=\"3580\">\n<p data-start=\"3534\" data-end=\"3580\">Activa el usuario con el correo electr\u00f3nico.<\/p>\n<\/li>\n<\/ul>\n<p data-start=\"3582\" data-end=\"3611\"><strong data-start=\"3582\" data-end=\"3609\">Registrar aportaciones:<\/strong><\/p>\n<ul data-start=\"3612\" data-end=\"3827\">\n<li data-start=\"3612\" data-end=\"3676\">\n<p data-start=\"3614\" data-end=\"3676\"><strong data-start=\"3614\" data-end=\"3632\">Porta a Porta:<\/strong> cada entrega se registra autom\u00e1ticamente.<\/p>\n<\/li>\n<li data-start=\"3677\" data-end=\"3771\">\n<p data-start=\"3679\" data-end=\"3771\"><strong data-start=\"3679\" data-end=\"3707\">N\u00facleo urbano y Florida:<\/strong> hay que identificarse en el lector del contenedor con la APP.<\/p>\n<\/li>\n<li data-start=\"3772\" data-end=\"3827\">\n<p data-start=\"3774\" data-end=\"3827\">Solo se contabiliza una aportaci\u00f3n por d\u00eda y hogar.<\/p>\n<\/li>\n<\/ul>\n<p data-start=\"3829\" data-end=\"3859\"><strong>\u00bfQu\u00e9 gana la ciudadan\u00eda?<\/strong><\/p>\n<ul data-start=\"3861\" data-end=\"4124\">\n<li data-start=\"3861\" data-end=\"3960\">\n<p data-start=\"3863\" data-end=\"3960\"><strong data-start=\"3863\" data-end=\"3882\">Ahorro directo:<\/strong> si se cumplen los objetivos m\u00ednimos, la cuota variable ser\u00e1 de 0 \u20ac en 2026.<\/p>\n<\/li>\n<li data-start=\"3961\" data-end=\"4042\">\n<p data-start=\"3963\" data-end=\"4042\"><strong data-start=\"3963\" data-end=\"3982\">Sostenibilidad:<\/strong> menos residuos en el vertedero y un municipio m\u00e1s limpio.<\/p>\n<\/li>\n<li data-start=\"4043\" data-end=\"4124\">\n<p data-start=\"4045\" data-end=\"4124\"><strong data-start=\"4045\" data-end=\"4058\">Justicia:<\/strong> cada cual paga seg\u00fan su esfuerzo y compromiso con el reciclaje.<\/p>\n<\/li>\n<\/ul>\n<p data-start=\"4126\" data-end=\"4153\"><strong>Informaci\u00f3n a la ciudadan\u00eda<\/strong><\/p>\n<article class=\"text-token-text-primary w-full focus:outline-none scroll-mt-[calc(var(--header-height)+min(200px,max(70px,20svh)))]\" dir=\"auto\" tabindex=\"-1\" data-turn-id=\"request-WEB:65f8189e-ebc7-4b11-b207-0f73df51b70c-0\" data-testid=\"conversation-turn-2\" data-scroll-anchor=\"true\" data-turn=\"assistant\">\n<div class=\"text-base my-auto mx-auto pb-10 [--thread-content-margin:--spacing(4)] @[37rem]:[--thread-content-margin:--spacing(6)] @[72rem]:[--thread-content-margin:--spacing(16)] px-(--thread-content-margin)\">\n<div class=\"[--thread-content-max-width:32rem] @[34rem]:[--thread-content-max-width:40rem] @[64rem]:[--thread-content-max-width:48rem] mx-auto max-w-(--thread-content-max-width) flex-1 group\/turn-messages focus-visible:outline-hidden relative flex w-full min-w-0 flex-col agent-turn\" tabindex=\"-1\">\n<div class=\"flex max-w-full flex-col grow\">\n<div class=\"min-h-8 text-message relative flex w-full flex-col items-end gap-2 text-start break-words whitespace-normal [.text-message+&amp;]:mt-5\" dir=\"auto\" data-message-author-role=\"assistant\" data-message-id=\"41b36fb6-3c0e-47f2-9eba-c9e79eaedb65\" data-message-model-slug=\"gpt-5\">\n<div class=\"flex w-full flex-col gap-1 empty:hidden first:pt-[3px]\">\n<div class=\"markdown prose dark:prose-invert w-full break-words light markdown-new-styling\">\n<ul>\n<li data-start=\"23\" data-end=\"367\">Los vecinos y vecinas afectados de Mont-roig del Camp y del Barri de la Florida recibir\u00e1n una carta personalizada en los pr\u00f3ximos d\u00edas con el c\u00f3digo de identificaci\u00f3n de su hogar y toda la informaci\u00f3n pr\u00e1ctica.<\/li>\n<li data-start=\"23\" data-end=\"367\">A mediados de septiembre se iniciar\u00e1 una campa\u00f1a informativa para explicar paso a paso c\u00f3mo funciona el sistema y resolver dudas.<\/li>\n<li data-start=\"369\" data-end=\"708\">En las urbanizaciones Club Mont-roig, Costa Z\u00e8fir y Bonmont, ya se ha realizado una campa\u00f1a informativa y se ha entregado la carta con el c\u00f3digo de identificaci\u00f3n de cada hogar y toda la informaci\u00f3n pr\u00e1ctica sobre la Taxa Justa.<\/li>\n<li data-start=\"369\" data-end=\"708\">Si alg\u00fan vecino o vecina no ha recibido la carta, puede ponerse en contacto con el Departament de Residus.<\/li>\n<\/ul>\n<\/div>\n<\/div>\n<\/div>\n<\/div>\n<div class=\"flex min-h-[46px] justify-start\"><\/div>\n<div class=\"mt-3 w-full empty:hidden\">\n<div class=\"text-center\"><strong data-start=\"4278\" data-end=\"4301\">Canales:<\/strong><\/div>\n<\/div>\n<\/div>\n<\/div>\n<\/article>\n<ul>\n<li data-start=\"4306\" data-end=\"4329\">WhatsApp: 603 592 138<\/li>\n<li data-start=\"4332\" data-end=\"4371\">Correo: \u00a0<a href=\"mailto:reduirireciclar@mont-roig.cat\" target=\"_blank\" rel=\"noopener\">reduirireciclar@mont-roig.cat<\/a><\/li>\n<\/ul>\n<p>&nbsp;<\/p>\n","protected":false},"excerpt":{"rendered":"<p>El nuevo sistema de pago de la recogida de residuos llegar\u00e1 en dos meses a las urbanizaciones que ya hacen el Porta a Porta y tambi\u00e9n a los contenedores de envases y org\u00e1nica del n\u00facleo urbano de Mont-roig y a varias calles del barrio de la Florida de Miami Platja El Ayuntamiento de Mont-roig del [&hellip;]<\/p>\n","protected":false},"author":13,"featured_media":85209,"comment_status":"closed","ping_status":"closed","sticky":false,"template":"","format":"standard","meta":{"inline_featured_image":false,"_monsterinsights_skip_tracking":false,"_monsterinsights_sitenote_active":false,"_monsterinsights_sitenote_note":"","_monsterinsights_sitenote_category":0,"footnotes":""},"categories":[98,143],"tags":[],"class_list":["post-85212","post","type-post","status-publish","format-standard","has-post-thumbnail","hentry","category-ayuntamiento","category-residuos-es"],"yoast_head":"<!-- This site is optimized with the Yoast SEO plugin v27.4 - https:\/\/yoast.com\/product\/yoast-seo-wordpress\/ -->\n<title>Mont-roig del Camp pondr\u00e1 en marcha a partir del 1 de noviembre la nueva Tasa Justa - Ajuntament de Mont-roig del Camp<\/title>\n<meta name=\"robots\" content=\"index, follow, max-snippet:-1, max-image-preview:large, max-video-preview:-1\" \/>\n<link rel=\"canonical\" href=\"https:\/\/mont-roig.cat\/es\/actualitat\/noticies\/mont-roig-del-camp-pondra-en-marcha-a-partir-del-1-de-noviembre-la-nueva-tasa-justa\/\" \/>\n<meta property=\"og:locale\" content=\"es_ES\" \/>\n<meta property=\"og:type\" content=\"article\" \/>\n<meta property=\"og:title\" content=\"Mont-roig del Camp pondr\u00e1 en marcha a partir del 1 de noviembre la nueva Tasa Justa - Ajuntament de Mont-roig del Camp\" \/>\n<meta property=\"og:description\" content=\"El nuevo sistema de pago de la recogida de residuos llegar\u00e1 en dos meses a las urbanizaciones que ya hacen el Porta a Porta y tambi\u00e9n a los contenedores de envases y org\u00e1nica del n\u00facleo urbano de Mont-roig y a varias calles del barrio de la Florida de Miami Platja El Ayuntamiento de Mont-roig del [&hellip;]\" \/>\n<meta property=\"og:url\" content=\"https:\/\/mont-roig.cat\/es\/actualitat\/noticies\/mont-roig-del-camp-pondra-en-marcha-a-partir-del-1-de-noviembre-la-nueva-tasa-justa\/\" \/>\n<meta property=\"og:site_name\" content=\"Ajuntament de Mont-roig del Camp\" \/>\n<meta property=\"article:published_time\" content=\"2025-09-01T12:34:56+00:00\" \/>\n<meta property=\"article:modified_time\" content=\"2025-09-02T09:22:24+00:00\" \/>\n<meta property=\"og:image\" content=\"https:\/\/mont-roig.cat\/wp-content\/uploads\/Taxa-justa.jpeg\" \/>\n\t<meta property=\"og:image:width\" content=\"674\" \/>\n\t<meta property=\"og:image:height\" content=\"1216\" \/>\n\t<meta property=\"og:image:type\" content=\"image\/jpeg\" \/>\n<meta name=\"author\" content=\"comunicacio\" \/>\n<meta name=\"twitter:card\" content=\"summary_large_image\" \/>\n<meta name=\"twitter:label1\" content=\"Escrito por\" \/>\n\t<meta name=\"twitter:data1\" content=\"comunicacio\" \/>\n\t<meta name=\"twitter:label2\" content=\"Tiempo de lectura\" \/>\n\t<meta name=\"twitter:data2\" content=\"5 minutos\" \/>\n<script type=\"application\/ld+json\" class=\"yoast-schema-graph\">{\"@context\":\"https:\\\/\\\/schema.org\",\"@graph\":[{\"@type\":\"Article\",\"@id\":\"https:\\\/\\\/mont-roig.cat\\\/es\\\/actualitat\\\/noticies\\\/mont-roig-del-camp-pondra-en-marcha-a-partir-del-1-de-noviembre-la-nueva-tasa-justa\\\/#article\",\"isPartOf\":{\"@id\":\"https:\\\/\\\/mont-roig.cat\\\/es\\\/actualitat\\\/noticies\\\/mont-roig-del-camp-pondra-en-marcha-a-partir-del-1-de-noviembre-la-nueva-tasa-justa\\\/\"},\"author\":{\"name\":\"comunicacio\",\"@id\":\"https:\\\/\\\/mont-roig.cat\\\/es\\\/#\\\/schema\\\/person\\\/1f73e7b5e6f9dd122e8a6f14f310ac5e\"},\"headline\":\"Mont-roig del Camp pondr\u00e1 en marcha a partir del 1 de noviembre la nueva Tasa Justa\",\"datePublished\":\"2025-09-01T12:34:56+00:00\",\"dateModified\":\"2025-09-02T09:22:24+00:00\",\"mainEntityOfPage\":{\"@id\":\"https:\\\/\\\/mont-roig.cat\\\/es\\\/actualitat\\\/noticies\\\/mont-roig-del-camp-pondra-en-marcha-a-partir-del-1-de-noviembre-la-nueva-tasa-justa\\\/\"},\"wordCount\":816,\"image\":{\"@id\":\"https:\\\/\\\/mont-roig.cat\\\/es\\\/actualitat\\\/noticies\\\/mont-roig-del-camp-pondra-en-marcha-a-partir-del-1-de-noviembre-la-nueva-tasa-justa\\\/#primaryimage\"},\"thumbnailUrl\":\"https:\\\/\\\/mont-roig.cat\\\/wp-content\\\/uploads\\\/Taxa-justa.jpeg\",\"articleSection\":[\"Ayuntamiento\",\"Residuos\"],\"inLanguage\":\"es\"},{\"@type\":\"WebPage\",\"@id\":\"https:\\\/\\\/mont-roig.cat\\\/es\\\/actualitat\\\/noticies\\\/mont-roig-del-camp-pondra-en-marcha-a-partir-del-1-de-noviembre-la-nueva-tasa-justa\\\/\",\"url\":\"https:\\\/\\\/mont-roig.cat\\\/es\\\/actualitat\\\/noticies\\\/mont-roig-del-camp-pondra-en-marcha-a-partir-del-1-de-noviembre-la-nueva-tasa-justa\\\/\",\"name\":\"Mont-roig del Camp pondr\u00e1 en marcha a partir del 1 de noviembre la nueva Tasa Justa - Ajuntament de Mont-roig del Camp\",\"isPartOf\":{\"@id\":\"https:\\\/\\\/mont-roig.cat\\\/es\\\/#website\"},\"primaryImageOfPage\":{\"@id\":\"https:\\\/\\\/mont-roig.cat\\\/es\\\/actualitat\\\/noticies\\\/mont-roig-del-camp-pondra-en-marcha-a-partir-del-1-de-noviembre-la-nueva-tasa-justa\\\/#primaryimage\"},\"image\":{\"@id\":\"https:\\\/\\\/mont-roig.cat\\\/es\\\/actualitat\\\/noticies\\\/mont-roig-del-camp-pondra-en-marcha-a-partir-del-1-de-noviembre-la-nueva-tasa-justa\\\/#primaryimage\"},\"thumbnailUrl\":\"https:\\\/\\\/mont-roig.cat\\\/wp-content\\\/uploads\\\/Taxa-justa.jpeg\",\"datePublished\":\"2025-09-01T12:34:56+00:00\",\"dateModified\":\"2025-09-02T09:22:24+00:00\",\"author\":{\"@id\":\"https:\\\/\\\/mont-roig.cat\\\/es\\\/#\\\/schema\\\/person\\\/1f73e7b5e6f9dd122e8a6f14f310ac5e\"},\"breadcrumb\":{\"@id\":\"https:\\\/\\\/mont-roig.cat\\\/es\\\/actualitat\\\/noticies\\\/mont-roig-del-camp-pondra-en-marcha-a-partir-del-1-de-noviembre-la-nueva-tasa-justa\\\/#breadcrumb\"},\"inLanguage\":\"es\",\"potentialAction\":[{\"@type\":\"ReadAction\",\"target\":[\"https:\\\/\\\/mont-roig.cat\\\/es\\\/actualitat\\\/noticies\\\/mont-roig-del-camp-pondra-en-marcha-a-partir-del-1-de-noviembre-la-nueva-tasa-justa\\\/\"]}]},{\"@type\":\"ImageObject\",\"inLanguage\":\"es\",\"@id\":\"https:\\\/\\\/mont-roig.cat\\\/es\\\/actualitat\\\/noticies\\\/mont-roig-del-camp-pondra-en-marcha-a-partir-del-1-de-noviembre-la-nueva-tasa-justa\\\/#primaryimage\",\"url\":\"https:\\\/\\\/mont-roig.cat\\\/wp-content\\\/uploads\\\/Taxa-justa.jpeg\",\"contentUrl\":\"https:\\\/\\\/mont-roig.cat\\\/wp-content\\\/uploads\\\/Taxa-justa.jpeg\",\"width\":674,\"height\":1216},{\"@type\":\"BreadcrumbList\",\"@id\":\"https:\\\/\\\/mont-roig.cat\\\/es\\\/actualitat\\\/noticies\\\/mont-roig-del-camp-pondra-en-marcha-a-partir-del-1-de-noviembre-la-nueva-tasa-justa\\\/#breadcrumb\",\"itemListElement\":[{\"@type\":\"ListItem\",\"position\":1,\"name\":\"Inici\",\"item\":\"https:\\\/\\\/mont-roig.cat\\\/es\\\/pagina-de-inicio\\\/\"},{\"@type\":\"ListItem\",\"position\":2,\"name\":\"Mont-roig del Camp pondr\u00e1 en marcha a partir del 1 de noviembre la nueva Tasa Justa\"}]},{\"@type\":\"WebSite\",\"@id\":\"https:\\\/\\\/mont-roig.cat\\\/es\\\/#website\",\"url\":\"https:\\\/\\\/mont-roig.cat\\\/es\\\/\",\"name\":\"Ajuntament de Mont-roig del Camp\",\"description\":\"Tota la informaci\u00f3 sobre la instituci\u00f3, els seus \u00f2rgans de govern, actualitat, serveis i molt m\u00e9s.\",\"potentialAction\":[{\"@type\":\"SearchAction\",\"target\":{\"@type\":\"EntryPoint\",\"urlTemplate\":\"https:\\\/\\\/mont-roig.cat\\\/es\\\/?s={search_term_string}\"},\"query-input\":{\"@type\":\"PropertyValueSpecification\",\"valueRequired\":true,\"valueName\":\"search_term_string\"}}],\"inLanguage\":\"es\"},{\"@type\":\"Person\",\"@id\":\"https:\\\/\\\/mont-roig.cat\\\/es\\\/#\\\/schema\\\/person\\\/1f73e7b5e6f9dd122e8a6f14f310ac5e\",\"name\":\"comunicacio\",\"image\":{\"@type\":\"ImageObject\",\"inLanguage\":\"es\",\"@id\":\"https:\\\/\\\/secure.gravatar.com\\\/avatar\\\/98944333e7a877670a64f8d10f0cb680ab2c9ebc4efc43945ef004b52b5ad28c?s=96&d=mm&r=g\",\"url\":\"https:\\\/\\\/secure.gravatar.com\\\/avatar\\\/98944333e7a877670a64f8d10f0cb680ab2c9ebc4efc43945ef004b52b5ad28c?s=96&d=mm&r=g\",\"contentUrl\":\"https:\\\/\\\/secure.gravatar.com\\\/avatar\\\/98944333e7a877670a64f8d10f0cb680ab2c9ebc4efc43945ef004b52b5ad28c?s=96&d=mm&r=g\",\"caption\":\"comunicacio\"},\"url\":\"https:\\\/\\\/mont-roig.cat\\\/es\\\/actualitat\\\/noticies\\\/author\\\/comunicacio\\\/\"}]}<\/script>\n<!-- \/ Yoast SEO plugin. -->","yoast_head_json":{"title":"Mont-roig del Camp pondr\u00e1 en marcha a partir del 1 de noviembre la nueva Tasa Justa - Ajuntament de Mont-roig del Camp","robots":{"index":"index","follow":"follow","max-snippet":"max-snippet:-1","max-image-preview":"max-image-preview:large","max-video-preview":"max-video-preview:-1"},"canonical":"https:\/\/mont-roig.cat\/es\/actualitat\/noticies\/mont-roig-del-camp-pondra-en-marcha-a-partir-del-1-de-noviembre-la-nueva-tasa-justa\/","og_locale":"es_ES","og_type":"article","og_title":"Mont-roig del Camp pondr\u00e1 en marcha a partir del 1 de noviembre la nueva Tasa Justa - Ajuntament de Mont-roig del Camp","og_description":"El nuevo sistema de pago de la recogida de residuos llegar\u00e1 en dos meses a las urbanizaciones que ya hacen el Porta a Porta y tambi\u00e9n a los contenedores de envases y org\u00e1nica del n\u00facleo urbano de Mont-roig y a varias calles del barrio de la Florida de Miami Platja El Ayuntamiento de Mont-roig del [&hellip;]","og_url":"https:\/\/mont-roig.cat\/es\/actualitat\/noticies\/mont-roig-del-camp-pondra-en-marcha-a-partir-del-1-de-noviembre-la-nueva-tasa-justa\/","og_site_name":"Ajuntament de Mont-roig del Camp","article_published_time":"2025-09-01T12:34:56+00:00","article_modified_time":"2025-09-02T09:22:24+00:00","og_image":[{"width":674,"height":1216,"url":"https:\/\/mont-roig.cat\/wp-content\/uploads\/Taxa-justa.jpeg","type":"image\/jpeg"}],"author":"comunicacio","twitter_card":"summary_large_image","twitter_misc":{"Escrito por":"comunicacio","Tiempo de lectura":"5 minutos"},"schema":{"@context":"https:\/\/schema.org","@graph":[{"@type":"Article","@id":"https:\/\/mont-roig.cat\/es\/actualitat\/noticies\/mont-roig-del-camp-pondra-en-marcha-a-partir-del-1-de-noviembre-la-nueva-tasa-justa\/#article","isPartOf":{"@id":"https:\/\/mont-roig.cat\/es\/actualitat\/noticies\/mont-roig-del-camp-pondra-en-marcha-a-partir-del-1-de-noviembre-la-nueva-tasa-justa\/"},"author":{"name":"comunicacio","@id":"https:\/\/mont-roig.cat\/es\/#\/schema\/person\/1f73e7b5e6f9dd122e8a6f14f310ac5e"},"headline":"Mont-roig del Camp pondr\u00e1 en marcha a partir del 1 de noviembre la nueva Tasa Justa","datePublished":"2025-09-01T12:34:56+00:00","dateModified":"2025-09-02T09:22:24+00:00","mainEntityOfPage":{"@id":"https:\/\/mont-roig.cat\/es\/actualitat\/noticies\/mont-roig-del-camp-pondra-en-marcha-a-partir-del-1-de-noviembre-la-nueva-tasa-justa\/"},"wordCount":816,"image":{"@id":"https:\/\/mont-roig.cat\/es\/actualitat\/noticies\/mont-roig-del-camp-pondra-en-marcha-a-partir-del-1-de-noviembre-la-nueva-tasa-justa\/#primaryimage"},"thumbnailUrl":"https:\/\/mont-roig.cat\/wp-content\/uploads\/Taxa-justa.jpeg","articleSection":["Ayuntamiento","Residuos"],"inLanguage":"es"},{"@type":"WebPage","@id":"https:\/\/mont-roig.cat\/es\/actualitat\/noticies\/mont-roig-del-camp-pondra-en-marcha-a-partir-del-1-de-noviembre-la-nueva-tasa-justa\/","url":"https:\/\/mont-roig.cat\/es\/actualitat\/noticies\/mont-roig-del-camp-pondra-en-marcha-a-partir-del-1-de-noviembre-la-nueva-tasa-justa\/","name":"Mont-roig del Camp pondr\u00e1 en marcha a partir del 1 de noviembre la nueva Tasa Justa - Ajuntament de Mont-roig del Camp","isPartOf":{"@id":"https:\/\/mont-roig.cat\/es\/#website"},"primaryImageOfPage":{"@id":"https:\/\/mont-roig.cat\/es\/actualitat\/noticies\/mont-roig-del-camp-pondra-en-marcha-a-partir-del-1-de-noviembre-la-nueva-tasa-justa\/#primaryimage"},"image":{"@id":"https:\/\/mont-roig.cat\/es\/actualitat\/noticies\/mont-roig-del-camp-pondra-en-marcha-a-partir-del-1-de-noviembre-la-nueva-tasa-justa\/#primaryimage"},"thumbnailUrl":"https:\/\/mont-roig.cat\/wp-content\/uploads\/Taxa-justa.jpeg","datePublished":"2025-09-01T12:34:56+00:00","dateModified":"2025-09-02T09:22:24+00:00","author":{"@id":"https:\/\/mont-roig.cat\/es\/#\/schema\/person\/1f73e7b5e6f9dd122e8a6f14f310ac5e"},"breadcrumb":{"@id":"https:\/\/mont-roig.cat\/es\/actualitat\/noticies\/mont-roig-del-camp-pondra-en-marcha-a-partir-del-1-de-noviembre-la-nueva-tasa-justa\/#breadcrumb"},"inLanguage":"es","potentialAction":[{"@type":"ReadAction","target":["https:\/\/mont-roig.cat\/es\/actualitat\/noticies\/mont-roig-del-camp-pondra-en-marcha-a-partir-del-1-de-noviembre-la-nueva-tasa-justa\/"]}]},{"@type":"ImageObject","inLanguage":"es","@id":"https:\/\/mont-roig.cat\/es\/actualitat\/noticies\/mont-roig-del-camp-pondra-en-marcha-a-partir-del-1-de-noviembre-la-nueva-tasa-justa\/#primaryimage","url":"https:\/\/mont-roig.cat\/wp-content\/uploads\/Taxa-justa.jpeg","contentUrl":"https:\/\/mont-roig.cat\/wp-content\/uploads\/Taxa-justa.jpeg","width":674,"height":1216},{"@type":"BreadcrumbList","@id":"https:\/\/mont-roig.cat\/es\/actualitat\/noticies\/mont-roig-del-camp-pondra-en-marcha-a-partir-del-1-de-noviembre-la-nueva-tasa-justa\/#breadcrumb","itemListElement":[{"@type":"ListItem","position":1,"name":"Inici","item":"https:\/\/mont-roig.cat\/es\/pagina-de-inicio\/"},{"@type":"ListItem","position":2,"name":"Mont-roig del Camp pondr\u00e1 en marcha a partir del 1 de noviembre la nueva Tasa Justa"}]},{"@type":"WebSite","@id":"https:\/\/mont-roig.cat\/es\/#website","url":"https:\/\/mont-roig.cat\/es\/","name":"Ajuntament de Mont-roig del Camp","description":"Tota la informaci\u00f3 sobre la instituci\u00f3, els seus \u00f2rgans de govern, actualitat, serveis i molt m\u00e9s.","potentialAction":[{"@type":"SearchAction","target":{"@type":"EntryPoint","urlTemplate":"https:\/\/mont-roig.cat\/es\/?s={search_term_string}"},"query-input":{"@type":"PropertyValueSpecification","valueRequired":true,"valueName":"search_term_string"}}],"inLanguage":"es"},{"@type":"Person","@id":"https:\/\/mont-roig.cat\/es\/#\/schema\/person\/1f73e7b5e6f9dd122e8a6f14f310ac5e","name":"comunicacio","image":{"@type":"ImageObject","inLanguage":"es","@id":"https:\/\/secure.gravatar.com\/avatar\/98944333e7a877670a64f8d10f0cb680ab2c9ebc4efc43945ef004b52b5ad28c?s=96&d=mm&r=g","url":"https:\/\/secure.gravatar.com\/avatar\/98944333e7a877670a64f8d10f0cb680ab2c9ebc4efc43945ef004b52b5ad28c?s=96&d=mm&r=g","contentUrl":"https:\/\/secure.gravatar.com\/avatar\/98944333e7a877670a64f8d10f0cb680ab2c9ebc4efc43945ef004b52b5ad28c?s=96&d=mm&r=g","caption":"comunicacio"},"url":"https:\/\/mont-roig.cat\/es\/actualitat\/noticies\/author\/comunicacio\/"}]}},"_links":{"self":[{"href":"https:\/\/mont-roig.cat\/es\/wp-json\/wp\/v2\/posts\/85212","targetHints":{"allow":["GET"]}}],"collection":[{"href":"https:\/\/mont-roig.cat\/es\/wp-json\/wp\/v2\/posts"}],"about":[{"href":"https:\/\/mont-roig.cat\/es\/wp-json\/wp\/v2\/types\/post"}],"author":[{"embeddable":true,"href":"https:\/\/mont-roig.cat\/es\/wp-json\/wp\/v2\/users\/13"}],"replies":[{"embeddable":true,"href":"https:\/\/mont-roig.cat\/es\/wp-json\/wp\/v2\/comments?post=85212"}],"version-history":[{"count":5,"href":"https:\/\/mont-roig.cat\/es\/wp-json\/wp\/v2\/posts\/85212\/revisions"}],"predecessor-version":[{"id":85219,"href":"https:\/\/mont-roig.cat\/es\/wp-json\/wp\/v2\/posts\/85212\/revisions\/85219"}],"wp:featuredmedia":[{"embeddable":true,"href":"https:\/\/mont-roig.cat\/es\/wp-json\/wp\/v2\/media\/85209"}],"wp:attachment":[{"href":"https:\/\/mont-roig.cat\/es\/wp-json\/wp\/v2\/media?parent=85212"}],"wp:term":[{"taxonomy":"category","embeddable":true,"href":"https:\/\/mont-roig.cat\/es\/wp-json\/wp\/v2\/categories?post=85212"},{"taxonomy":"post_tag","embeddable":true,"href":"https:\/\/mont-roig.cat\/es\/wp-json\/wp\/v2\/tags?post=85212"}],"curies":[{"name":"wp","href":"https:\/\/api.w.org\/{rel}","templated":true}]}}