{"id":85234,"date":"2025-09-02T13:27:06","date_gmt":"2025-09-02T11:27:06","guid":{"rendered":"https:\/\/mont-roig.cat\/actualitat\/noticies\/nova-temporada-dactivitats-esportives-2025-2026-a-partir-del-15-de-setembre\/"},"modified":"2025-09-02T13:36:44","modified_gmt":"2025-09-02T11:36:44","slug":"nueva-temporada-de-actividades-deportivas-2025-2026-a-partir-del-15-de-septiembre","status":"publish","type":"post","link":"https:\/\/mont-roig.cat\/es\/actualitat\/noticies\/nueva-temporada-de-actividades-deportivas-2025-2026-a-partir-del-15-de-septiembre\/","title":{"rendered":"Nueva temporada de actividades deportivas 2025-2026 a partir del 15 de septiembre"},"content":{"rendered":"<ul>\n<li><strong><strong><a href=\"https:\/\/mont-roig.cat\/wp-content\/uploads\/MM_esports_tardor25_1x1.png\" target=\"_blank\" rel=\"noopener\"><img loading=\"lazy\" decoding=\"async\" class=\"alignright wp-image-85224\" src=\"https:\/\/mont-roig.cat\/wp-content\/uploads\/MM_esports_tardor25_1x1-500x500.png\" alt=\"\" width=\"303\" height=\"303\" srcset=\"https:\/\/mont-roig.cat\/wp-content\/uploads\/MM_esports_tardor25_1x1-500x500.png 500w, https:\/\/mont-roig.cat\/wp-content\/uploads\/MM_esports_tardor25_1x1-50x50.png 50w, https:\/\/mont-roig.cat\/wp-content\/uploads\/MM_esports_tardor25_1x1-768x768.png 768w, https:\/\/mont-roig.cat\/wp-content\/uploads\/MM_esports_tardor25_1x1-560x560.png 560w, https:\/\/mont-roig.cat\/wp-content\/uploads\/MM_esports_tardor25_1x1-367x367.png 367w, https:\/\/mont-roig.cat\/wp-content\/uploads\/MM_esports_tardor25_1x1-450x450.png 450w, https:\/\/mont-roig.cat\/wp-content\/uploads\/MM_esports_tardor25_1x1-85x85.png 85w, https:\/\/mont-roig.cat\/wp-content\/uploads\/MM_esports_tardor25_1x1-45x45.png 45w, https:\/\/mont-roig.cat\/wp-content\/uploads\/MM_esports_tardor25_1x1.png 886w\" sizes=\"auto, (max-width: 303px) 100vw, 303px\" \/><\/a><\/strong><\/strong>\n<p data-start=\"209\" data-end=\"576\"><strong>El Ajuntament de Mont-roig del Camp impulsa un nuevo curso deportivo con actividades para todas las edades, del 15 de septiembre al 19 de junio.<\/strong><\/p>\n<\/li>\n<\/ul>\n<p data-start=\"209\" data-end=\"576\">El \u00c1rea de Esports del Ajuntament de Mont-roig del Camp anuncia el inicio de la nueva temporada de actividades deportivas, que comenzar\u00e1 el pr\u00f3ximo 15 de septiembre de 2025 y se prolongar\u00e1 hasta el 19 de junio de 2026.<\/p>\n<p data-start=\"578\" data-end=\"820\">Esta edici\u00f3n mantiene una amplia oferta deportiva, pensada para todas las edades y adaptada a diferentes necesidades, desde los ni\u00f1os hasta las personas mayores, con el objetivo de promover la actividad f\u00edsica y un estilo de vida saludable.<\/p>\n<p data-start=\"822\" data-end=\"1100\">Como novedad, este a\u00f1o se desdobla el grupo de gente mayor en Mont-roig del Camp con una nueva franja horaria, lo que permitir\u00e1 que m\u00e1s personas puedan participar. Por otro lado, en Mont-roig del Camp se incorpora la actividad <em>Caminem Mont-roig<\/em>, tras la demanda existente.<\/p>\n<h3 data-start=\"1102\" data-end=\"1141\">Actividades para todas las edades<\/h3>\n<ul>\n<li data-start=\"1143\" data-end=\"1746\"><strong data-start=\"1143\" data-end=\"1155\">Infantil<\/strong>: Diveresports y nataci\u00f3n, adem\u00e1s de otras actividades que ofrecen los clubs y entidades locales.<\/li>\n<li data-start=\"1143\" data-end=\"1746\"><strong data-start=\"1255\" data-end=\"1276\">J\u00f3venes y adultos<\/strong>: Ciclismo de sala, clases de pilates, tonificaci\u00f3n muscular, HIIT Full Body, Urban\/Zumba y actividades virtuales de ciclismo para adaptarse a diferentes niveles y horarios.<\/li>\n<li data-start=\"1143\" data-end=\"1746\"><strong data-start=\"1452\" data-end=\"1467\">Gente mayor<\/strong>: Sesiones de gimnasia suave y caminatas, fomentando el bienestar f\u00edsico y social en un entorno seguro y de apoyo.<\/li>\n<li data-start=\"1143\" data-end=\"1746\"><strong data-start=\"1584\" data-end=\"1604\">Salas de fitness<\/strong>: disponibles en los polideportivos municipales de Mont-roig del Camp y Miami Platja, con asesoramiento t\u00e9cnico personalizado para abonados.<\/li>\n<\/ul>\n<h3 data-start=\"1748\" data-end=\"1779\">Horarios y funcionamiento<\/h3>\n<ul data-start=\"1781\" data-end=\"2284\">\n<li data-start=\"1781\" data-end=\"1993\">\n<p data-start=\"1783\" data-end=\"1993\"><strong data-start=\"1783\" data-end=\"1797\">Calendario<\/strong>: del 15 de septiembre de 2025 al 19 de junio de 2026, sin actividades durante las vacaciones escolares (Navidad: del 22 de diciembre al 7 de enero; Semana Santa: del 30 de marzo al 6 de abril).<\/p>\n<\/li>\n<li data-start=\"1994\" data-end=\"2107\">\n<p data-start=\"1996\" data-end=\"2107\"><strong data-start=\"1996\" data-end=\"2016\">Salas de fitness<\/strong>: de lunes a viernes, de 7.00 a 21.30 h; s\u00e1bados, de 9.00 a 13.00 h y de 16.00 a 20.00 h.<\/p>\n<\/li>\n<li data-start=\"2108\" data-end=\"2213\">\n<p data-start=\"2110\" data-end=\"2213\"><strong data-start=\"2110\" data-end=\"2148\">Inscripciones de nataci\u00f3n infantil<\/strong>: a trav\u00e9s de la app ReservaPlay. A partir del 1 de septiembre.<\/p>\n<\/li>\n<li data-start=\"2214\" data-end=\"2284\">\n<p data-start=\"2216\" data-end=\"2284\"><strong data-start=\"2216\" data-end=\"2237\">Otras actividades<\/strong>: inscripciones abiertas durante todo el a\u00f1o.<\/p>\n<\/li>\n<\/ul>\n<h3 data-start=\"2286\" data-end=\"2299\">Precios<\/h3>\n<p>Se mantienen los mismos precios y abonos que la temporada pasada. <a href=\"https:\/\/mont-roig.cat\/wp-content\/uploads\/MM_esports_tardor25_preus_REV02_OK-.pdf\" target=\"_blank\" rel=\"noopener\">(Desc\u00e1rgate el PDF)<\/a><\/p>\n<p>Para m\u00e1s informaci\u00f3n: <a href=\"mailto:esports@nostreserveis.cat\" target=\"_blank\" rel=\"noopener\">esports@nostreserveis.cat<\/a><\/p>\n<p>Desc\u00e1rgate el libreto con toda la informaci\u00f3n <a href=\"https:\/\/mont-roig.cat\/wp-content\/uploads\/MM_esports_tardor25_activitats_web-ok-.pdf\" target=\"_blank\" rel=\"noopener\">en este PDF.<\/a><\/p>\n","protected":false},"excerpt":{"rendered":"<p>El Ajuntament de Mont-roig del Camp impulsa un nuevo curso deportivo con actividades para todas las edades, del 15 de septiembre al 19 de junio. El \u00c1rea de Esports del Ajuntament de Mont-roig del Camp anuncia el inicio de la nueva temporada de actividades deportivas, que comenzar\u00e1 el pr\u00f3ximo 15 de septiembre de 2025 y [&hellip;]<\/p>\n","protected":false},"author":13,"featured_media":85231,"comment_status":"closed","ping_status":"closed","sticky":false,"template":"","format":"standard","meta":{"inline_featured_image":false,"_monsterinsights_skip_tracking":false,"_monsterinsights_sitenote_active":false,"_monsterinsights_sitenote_note":"","_monsterinsights_sitenote_category":0,"footnotes":""},"categories":[98,104,204],"tags":[],"class_list":["post-85234","post","type-post","status-publish","format-standard","has-post-thumbnail","hentry","category-ayuntamiento","category-deportes","category-nostreserveis-es"],"yoast_head":"<!-- This site is optimized with the Yoast SEO plugin v27.4 - https:\/\/yoast.com\/product\/yoast-seo-wordpress\/ -->\n<title>Nueva temporada de actividades deportivas 2025-2026 a partir del 15 de septiembre - Ajuntament de Mont-roig del Camp<\/title>\n<meta name=\"robots\" content=\"index, follow, max-snippet:-1, max-image-preview:large, max-video-preview:-1\" \/>\n<link rel=\"canonical\" href=\"https:\/\/mont-roig.cat\/es\/actualitat\/noticies\/nueva-temporada-de-actividades-deportivas-2025-2026-a-partir-del-15-de-septiembre\/\" \/>\n<meta property=\"og:locale\" content=\"es_ES\" \/>\n<meta property=\"og:type\" content=\"article\" \/>\n<meta property=\"og:title\" content=\"Nueva temporada de actividades deportivas 2025-2026 a partir del 15 de septiembre - Ajuntament de Mont-roig del Camp\" \/>\n<meta property=\"og:description\" content=\"El Ajuntament de Mont-roig del Camp impulsa un nuevo curso deportivo con actividades para todas las edades, del 15 de septiembre al 19 de junio. El \u00c1rea de Esports del Ajuntament de Mont-roig del Camp anuncia el inicio de la nueva temporada de actividades deportivas, que comenzar\u00e1 el pr\u00f3ximo 15 de septiembre de 2025 y [&hellip;]\" \/>\n<meta property=\"og:url\" content=\"https:\/\/mont-roig.cat\/es\/actualitat\/noticies\/nueva-temporada-de-actividades-deportivas-2025-2026-a-partir-del-15-de-septiembre\/\" \/>\n<meta property=\"og:site_name\" content=\"Ajuntament de Mont-roig del Camp\" \/>\n<meta property=\"article:published_time\" content=\"2025-09-02T11:27:06+00:00\" \/>\n<meta property=\"article:modified_time\" content=\"2025-09-02T11:36:44+00:00\" \/>\n<meta property=\"og:image\" content=\"https:\/\/mont-roig.cat\/wp-content\/uploads\/MM_ESPORTS_TARDOR25_META-scaled.png\" \/>\n\t<meta property=\"og:image:width\" content=\"2048\" \/>\n\t<meta property=\"og:image:height\" content=\"1072\" \/>\n\t<meta property=\"og:image:type\" content=\"image\/png\" \/>\n<meta name=\"author\" content=\"comunicacio\" \/>\n<meta name=\"twitter:card\" content=\"summary_large_image\" \/>\n<meta name=\"twitter:label1\" content=\"Escrito por\" \/>\n\t<meta name=\"twitter:data1\" content=\"comunicacio\" \/>\n\t<meta name=\"twitter:label2\" content=\"Tiempo de lectura\" \/>\n\t<meta name=\"twitter:data2\" content=\"3 minutos\" \/>\n<script type=\"application\/ld+json\" class=\"yoast-schema-graph\">{\"@context\":\"https:\\\/\\\/schema.org\",\"@graph\":[{\"@type\":\"Article\",\"@id\":\"https:\\\/\\\/mont-roig.cat\\\/es\\\/actualitat\\\/noticies\\\/nueva-temporada-de-actividades-deportivas-2025-2026-a-partir-del-15-de-septiembre\\\/#article\",\"isPartOf\":{\"@id\":\"https:\\\/\\\/mont-roig.cat\\\/es\\\/actualitat\\\/noticies\\\/nueva-temporada-de-actividades-deportivas-2025-2026-a-partir-del-15-de-septiembre\\\/\"},\"author\":{\"name\":\"comunicacio\",\"@id\":\"https:\\\/\\\/mont-roig.cat\\\/es\\\/#\\\/schema\\\/person\\\/1f73e7b5e6f9dd122e8a6f14f310ac5e\"},\"headline\":\"Nueva temporada de actividades deportivas 2025-2026 a partir del 15 de septiembre\",\"datePublished\":\"2025-09-02T11:27:06+00:00\",\"dateModified\":\"2025-09-02T11:36:44+00:00\",\"mainEntityOfPage\":{\"@id\":\"https:\\\/\\\/mont-roig.cat\\\/es\\\/actualitat\\\/noticies\\\/nueva-temporada-de-actividades-deportivas-2025-2026-a-partir-del-15-de-septiembre\\\/\"},\"wordCount\":368,\"image\":{\"@id\":\"https:\\\/\\\/mont-roig.cat\\\/es\\\/actualitat\\\/noticies\\\/nueva-temporada-de-actividades-deportivas-2025-2026-a-partir-del-15-de-septiembre\\\/#primaryimage\"},\"thumbnailUrl\":\"https:\\\/\\\/mont-roig.cat\\\/wp-content\\\/uploads\\\/MM_ESPORTS_TARDOR25_META-scaled.png\",\"articleSection\":[\"Ayuntamiento\",\"Deportes\",\"Nostreserveis\"],\"inLanguage\":\"es\"},{\"@type\":\"WebPage\",\"@id\":\"https:\\\/\\\/mont-roig.cat\\\/es\\\/actualitat\\\/noticies\\\/nueva-temporada-de-actividades-deportivas-2025-2026-a-partir-del-15-de-septiembre\\\/\",\"url\":\"https:\\\/\\\/mont-roig.cat\\\/es\\\/actualitat\\\/noticies\\\/nueva-temporada-de-actividades-deportivas-2025-2026-a-partir-del-15-de-septiembre\\\/\",\"name\":\"Nueva temporada de actividades deportivas 2025-2026 a partir del 15 de septiembre - Ajuntament de Mont-roig del Camp\",\"isPartOf\":{\"@id\":\"https:\\\/\\\/mont-roig.cat\\\/es\\\/#website\"},\"primaryImageOfPage\":{\"@id\":\"https:\\\/\\\/mont-roig.cat\\\/es\\\/actualitat\\\/noticies\\\/nueva-temporada-de-actividades-deportivas-2025-2026-a-partir-del-15-de-septiembre\\\/#primaryimage\"},\"image\":{\"@id\":\"https:\\\/\\\/mont-roig.cat\\\/es\\\/actualitat\\\/noticies\\\/nueva-temporada-de-actividades-deportivas-2025-2026-a-partir-del-15-de-septiembre\\\/#primaryimage\"},\"thumbnailUrl\":\"https:\\\/\\\/mont-roig.cat\\\/wp-content\\\/uploads\\\/MM_ESPORTS_TARDOR25_META-scaled.png\",\"datePublished\":\"2025-09-02T11:27:06+00:00\",\"dateModified\":\"2025-09-02T11:36:44+00:00\",\"author\":{\"@id\":\"https:\\\/\\\/mont-roig.cat\\\/es\\\/#\\\/schema\\\/person\\\/1f73e7b5e6f9dd122e8a6f14f310ac5e\"},\"breadcrumb\":{\"@id\":\"https:\\\/\\\/mont-roig.cat\\\/es\\\/actualitat\\\/noticies\\\/nueva-temporada-de-actividades-deportivas-2025-2026-a-partir-del-15-de-septiembre\\\/#breadcrumb\"},\"inLanguage\":\"es\",\"potentialAction\":[{\"@type\":\"ReadAction\",\"target\":[\"https:\\\/\\\/mont-roig.cat\\\/es\\\/actualitat\\\/noticies\\\/nueva-temporada-de-actividades-deportivas-2025-2026-a-partir-del-15-de-septiembre\\\/\"]}]},{\"@type\":\"ImageObject\",\"inLanguage\":\"es\",\"@id\":\"https:\\\/\\\/mont-roig.cat\\\/es\\\/actualitat\\\/noticies\\\/nueva-temporada-de-actividades-deportivas-2025-2026-a-partir-del-15-de-septiembre\\\/#primaryimage\",\"url\":\"https:\\\/\\\/mont-roig.cat\\\/wp-content\\\/uploads\\\/MM_ESPORTS_TARDOR25_META-scaled.png\",\"contentUrl\":\"https:\\\/\\\/mont-roig.cat\\\/wp-content\\\/uploads\\\/MM_ESPORTS_TARDOR25_META-scaled.png\",\"width\":2048,\"height\":1072},{\"@type\":\"BreadcrumbList\",\"@id\":\"https:\\\/\\\/mont-roig.cat\\\/es\\\/actualitat\\\/noticies\\\/nueva-temporada-de-actividades-deportivas-2025-2026-a-partir-del-15-de-septiembre\\\/#breadcrumb\",\"itemListElement\":[{\"@type\":\"ListItem\",\"position\":1,\"name\":\"Inici\",\"item\":\"https:\\\/\\\/mont-roig.cat\\\/es\\\/pagina-de-inicio\\\/\"},{\"@type\":\"ListItem\",\"position\":2,\"name\":\"Nueva temporada de actividades deportivas 2025-2026 a partir del 15 de septiembre\"}]},{\"@type\":\"WebSite\",\"@id\":\"https:\\\/\\\/mont-roig.cat\\\/es\\\/#website\",\"url\":\"https:\\\/\\\/mont-roig.cat\\\/es\\\/\",\"name\":\"Ajuntament de Mont-roig del Camp\",\"description\":\"Tota la informaci\u00f3 sobre la instituci\u00f3, els seus \u00f2rgans de govern, actualitat, serveis i molt m\u00e9s.\",\"potentialAction\":[{\"@type\":\"SearchAction\",\"target\":{\"@type\":\"EntryPoint\",\"urlTemplate\":\"https:\\\/\\\/mont-roig.cat\\\/es\\\/?s={search_term_string}\"},\"query-input\":{\"@type\":\"PropertyValueSpecification\",\"valueRequired\":true,\"valueName\":\"search_term_string\"}}],\"inLanguage\":\"es\"},{\"@type\":\"Person\",\"@id\":\"https:\\\/\\\/mont-roig.cat\\\/es\\\/#\\\/schema\\\/person\\\/1f73e7b5e6f9dd122e8a6f14f310ac5e\",\"name\":\"comunicacio\",\"image\":{\"@type\":\"ImageObject\",\"inLanguage\":\"es\",\"@id\":\"https:\\\/\\\/secure.gravatar.com\\\/avatar\\\/98944333e7a877670a64f8d10f0cb680ab2c9ebc4efc43945ef004b52b5ad28c?s=96&d=mm&r=g\",\"url\":\"https:\\\/\\\/secure.gravatar.com\\\/avatar\\\/98944333e7a877670a64f8d10f0cb680ab2c9ebc4efc43945ef004b52b5ad28c?s=96&d=mm&r=g\",\"contentUrl\":\"https:\\\/\\\/secure.gravatar.com\\\/avatar\\\/98944333e7a877670a64f8d10f0cb680ab2c9ebc4efc43945ef004b52b5ad28c?s=96&d=mm&r=g\",\"caption\":\"comunicacio\"},\"url\":\"https:\\\/\\\/mont-roig.cat\\\/es\\\/actualitat\\\/noticies\\\/author\\\/comunicacio\\\/\"}]}<\/script>\n<!-- \/ Yoast SEO plugin. -->","yoast_head_json":{"title":"Nueva temporada de actividades deportivas 2025-2026 a partir del 15 de septiembre - Ajuntament de Mont-roig del Camp","robots":{"index":"index","follow":"follow","max-snippet":"max-snippet:-1","max-image-preview":"max-image-preview:large","max-video-preview":"max-video-preview:-1"},"canonical":"https:\/\/mont-roig.cat\/es\/actualitat\/noticies\/nueva-temporada-de-actividades-deportivas-2025-2026-a-partir-del-15-de-septiembre\/","og_locale":"es_ES","og_type":"article","og_title":"Nueva temporada de actividades deportivas 2025-2026 a partir del 15 de septiembre - Ajuntament de Mont-roig del Camp","og_description":"El Ajuntament de Mont-roig del Camp impulsa un nuevo curso deportivo con actividades para todas las edades, del 15 de septiembre al 19 de junio. El \u00c1rea de Esports del Ajuntament de Mont-roig del Camp anuncia el inicio de la nueva temporada de actividades deportivas, que comenzar\u00e1 el pr\u00f3ximo 15 de septiembre de 2025 y [&hellip;]","og_url":"https:\/\/mont-roig.cat\/es\/actualitat\/noticies\/nueva-temporada-de-actividades-deportivas-2025-2026-a-partir-del-15-de-septiembre\/","og_site_name":"Ajuntament de Mont-roig del Camp","article_published_time":"2025-09-02T11:27:06+00:00","article_modified_time":"2025-09-02T11:36:44+00:00","og_image":[{"width":2048,"height":1072,"url":"https:\/\/mont-roig.cat\/wp-content\/uploads\/MM_ESPORTS_TARDOR25_META-scaled.png","type":"image\/png"}],"author":"comunicacio","twitter_card":"summary_large_image","twitter_misc":{"Escrito por":"comunicacio","Tiempo de lectura":"3 minutos"},"schema":{"@context":"https:\/\/schema.org","@graph":[{"@type":"Article","@id":"https:\/\/mont-roig.cat\/es\/actualitat\/noticies\/nueva-temporada-de-actividades-deportivas-2025-2026-a-partir-del-15-de-septiembre\/#article","isPartOf":{"@id":"https:\/\/mont-roig.cat\/es\/actualitat\/noticies\/nueva-temporada-de-actividades-deportivas-2025-2026-a-partir-del-15-de-septiembre\/"},"author":{"name":"comunicacio","@id":"https:\/\/mont-roig.cat\/es\/#\/schema\/person\/1f73e7b5e6f9dd122e8a6f14f310ac5e"},"headline":"Nueva temporada de actividades deportivas 2025-2026 a partir del 15 de septiembre","datePublished":"2025-09-02T11:27:06+00:00","dateModified":"2025-09-02T11:36:44+00:00","mainEntityOfPage":{"@id":"https:\/\/mont-roig.cat\/es\/actualitat\/noticies\/nueva-temporada-de-actividades-deportivas-2025-2026-a-partir-del-15-de-septiembre\/"},"wordCount":368,"image":{"@id":"https:\/\/mont-roig.cat\/es\/actualitat\/noticies\/nueva-temporada-de-actividades-deportivas-2025-2026-a-partir-del-15-de-septiembre\/#primaryimage"},"thumbnailUrl":"https:\/\/mont-roig.cat\/wp-content\/uploads\/MM_ESPORTS_TARDOR25_META-scaled.png","articleSection":["Ayuntamiento","Deportes","Nostreserveis"],"inLanguage":"es"},{"@type":"WebPage","@id":"https:\/\/mont-roig.cat\/es\/actualitat\/noticies\/nueva-temporada-de-actividades-deportivas-2025-2026-a-partir-del-15-de-septiembre\/","url":"https:\/\/mont-roig.cat\/es\/actualitat\/noticies\/nueva-temporada-de-actividades-deportivas-2025-2026-a-partir-del-15-de-septiembre\/","name":"Nueva temporada de actividades deportivas 2025-2026 a partir del 15 de septiembre - Ajuntament de Mont-roig del Camp","isPartOf":{"@id":"https:\/\/mont-roig.cat\/es\/#website"},"primaryImageOfPage":{"@id":"https:\/\/mont-roig.cat\/es\/actualitat\/noticies\/nueva-temporada-de-actividades-deportivas-2025-2026-a-partir-del-15-de-septiembre\/#primaryimage"},"image":{"@id":"https:\/\/mont-roig.cat\/es\/actualitat\/noticies\/nueva-temporada-de-actividades-deportivas-2025-2026-a-partir-del-15-de-septiembre\/#primaryimage"},"thumbnailUrl":"https:\/\/mont-roig.cat\/wp-content\/uploads\/MM_ESPORTS_TARDOR25_META-scaled.png","datePublished":"2025-09-02T11:27:06+00:00","dateModified":"2025-09-02T11:36:44+00:00","author":{"@id":"https:\/\/mont-roig.cat\/es\/#\/schema\/person\/1f73e7b5e6f9dd122e8a6f14f310ac5e"},"breadcrumb":{"@id":"https:\/\/mont-roig.cat\/es\/actualitat\/noticies\/nueva-temporada-de-actividades-deportivas-2025-2026-a-partir-del-15-de-septiembre\/#breadcrumb"},"inLanguage":"es","potentialAction":[{"@type":"ReadAction","target":["https:\/\/mont-roig.cat\/es\/actualitat\/noticies\/nueva-temporada-de-actividades-deportivas-2025-2026-a-partir-del-15-de-septiembre\/"]}]},{"@type":"ImageObject","inLanguage":"es","@id":"https:\/\/mont-roig.cat\/es\/actualitat\/noticies\/nueva-temporada-de-actividades-deportivas-2025-2026-a-partir-del-15-de-septiembre\/#primaryimage","url":"https:\/\/mont-roig.cat\/wp-content\/uploads\/MM_ESPORTS_TARDOR25_META-scaled.png","contentUrl":"https:\/\/mont-roig.cat\/wp-content\/uploads\/MM_ESPORTS_TARDOR25_META-scaled.png","width":2048,"height":1072},{"@type":"BreadcrumbList","@id":"https:\/\/mont-roig.cat\/es\/actualitat\/noticies\/nueva-temporada-de-actividades-deportivas-2025-2026-a-partir-del-15-de-septiembre\/#breadcrumb","itemListElement":[{"@type":"ListItem","position":1,"name":"Inici","item":"https:\/\/mont-roig.cat\/es\/pagina-de-inicio\/"},{"@type":"ListItem","position":2,"name":"Nueva temporada de actividades deportivas 2025-2026 a partir del 15 de septiembre"}]},{"@type":"WebSite","@id":"https:\/\/mont-roig.cat\/es\/#website","url":"https:\/\/mont-roig.cat\/es\/","name":"Ajuntament de Mont-roig del Camp","description":"Tota la informaci\u00f3 sobre la instituci\u00f3, els seus \u00f2rgans de govern, actualitat, serveis i molt m\u00e9s.","potentialAction":[{"@type":"SearchAction","target":{"@type":"EntryPoint","urlTemplate":"https:\/\/mont-roig.cat\/es\/?s={search_term_string}"},"query-input":{"@type":"PropertyValueSpecification","valueRequired":true,"valueName":"search_term_string"}}],"inLanguage":"es"},{"@type":"Person","@id":"https:\/\/mont-roig.cat\/es\/#\/schema\/person\/1f73e7b5e6f9dd122e8a6f14f310ac5e","name":"comunicacio","image":{"@type":"ImageObject","inLanguage":"es","@id":"https:\/\/secure.gravatar.com\/avatar\/98944333e7a877670a64f8d10f0cb680ab2c9ebc4efc43945ef004b52b5ad28c?s=96&d=mm&r=g","url":"https:\/\/secure.gravatar.com\/avatar\/98944333e7a877670a64f8d10f0cb680ab2c9ebc4efc43945ef004b52b5ad28c?s=96&d=mm&r=g","contentUrl":"https:\/\/secure.gravatar.com\/avatar\/98944333e7a877670a64f8d10f0cb680ab2c9ebc4efc43945ef004b52b5ad28c?s=96&d=mm&r=g","caption":"comunicacio"},"url":"https:\/\/mont-roig.cat\/es\/actualitat\/noticies\/author\/comunicacio\/"}]}},"_links":{"self":[{"href":"https:\/\/mont-roig.cat\/es\/wp-json\/wp\/v2\/posts\/85234","targetHints":{"allow":["GET"]}}],"collection":[{"href":"https:\/\/mont-roig.cat\/es\/wp-json\/wp\/v2\/posts"}],"about":[{"href":"https:\/\/mont-roig.cat\/es\/wp-json\/wp\/v2\/types\/post"}],"author":[{"embeddable":true,"href":"https:\/\/mont-roig.cat\/es\/wp-json\/wp\/v2\/users\/13"}],"replies":[{"embeddable":true,"href":"https:\/\/mont-roig.cat\/es\/wp-json\/wp\/v2\/comments?post=85234"}],"version-history":[{"count":2,"href":"https:\/\/mont-roig.cat\/es\/wp-json\/wp\/v2\/posts\/85234\/revisions"}],"predecessor-version":[{"id":85236,"href":"https:\/\/mont-roig.cat\/es\/wp-json\/wp\/v2\/posts\/85234\/revisions\/85236"}],"wp:featuredmedia":[{"embeddable":true,"href":"https:\/\/mont-roig.cat\/es\/wp-json\/wp\/v2\/media\/85231"}],"wp:attachment":[{"href":"https:\/\/mont-roig.cat\/es\/wp-json\/wp\/v2\/media?parent=85234"}],"wp:term":[{"taxonomy":"category","embeddable":true,"href":"https:\/\/mont-roig.cat\/es\/wp-json\/wp\/v2\/categories?post=85234"},{"taxonomy":"post_tag","embeddable":true,"href":"https:\/\/mont-roig.cat\/es\/wp-json\/wp\/v2\/tags?post=85234"}],"curies":[{"name":"wp","href":"https:\/\/api.w.org\/{rel}","templated":true}]}}