{"id":85326,"date":"2025-09-04T11:57:56","date_gmt":"2025-09-04T09:57:56","guid":{"rendered":"https:\/\/mont-roig.cat\/actualitat\/noticies\/mont-roig-del-camp-i-miami-platja-celebraran-la-diada-nacional-de-catalunya-amb-actes-institucionals\/"},"modified":"2025-09-04T12:03:13","modified_gmt":"2025-09-04T10:03:13","slug":"mont-roig-del-camp-y-miami-platja-celebraran-la-diada-nacional-de-catalunya-con-actos-institucionales","status":"publish","type":"post","link":"https:\/\/mont-roig.cat\/es\/actualitat\/noticies\/mont-roig-del-camp-y-miami-platja-celebraran-la-diada-nacional-de-catalunya-con-actos-institucionales\/","title":{"rendered":"Mont-roig del Camp y Miami Platja celebrar\u00e1n la Diada Nacional de Catalunya con actos institucionales"},"content":{"rendered":"<p><strong><strong><a href=\"https:\/\/mont-roig.cat\/wp-content\/uploads\/MM_cartell_11setembre25.jpg\" target=\"_blank\" rel=\"noopener\"><img loading=\"lazy\" decoding=\"async\" class=\"alignright wp-image-85318\" src=\"https:\/\/mont-roig.cat\/wp-content\/uploads\/MM_cartell_11setembre25-353x500.jpg\" alt=\"\" width=\"259\" height=\"367\" srcset=\"https:\/\/mont-roig.cat\/wp-content\/uploads\/MM_cartell_11setembre25-353x500.jpg 353w, https:\/\/mont-roig.cat\/wp-content\/uploads\/MM_cartell_11setembre25-724x1024.jpg 724w, https:\/\/mont-roig.cat\/wp-content\/uploads\/MM_cartell_11setembre25-768x1086.jpg 768w, https:\/\/mont-roig.cat\/wp-content\/uploads\/MM_cartell_11setembre25.jpg 1052w\" sizes=\"auto, (max-width: 259px) 100vw, 259px\" \/><\/a><\/strong><\/strong><\/p>\n<p data-start=\"250\" data-end=\"331\">Ofrendas florales, m\u00fasica y danza protagonizar\u00e1n los actos del 11 de septiembre<\/p>\n<p data-start=\"333\" data-end=\"640\">El Ayuntamiento de Mont-roig del Camp invita a la ciudadan\u00eda a participar en los actos institucionales de la Diada Nacional de Catalunya, que este a\u00f1o se celebrar\u00e1n bajo el lema Conviv\u00e8ncia, llibertat i esperan\u00e7a compartida, el jueves 11 de septiembre de 2025, tanto en Mont-roig como en Miami Platja.<\/p>\n<p data-start=\"642\" data-end=\"999\">La conmemoraci\u00f3n comenzar\u00e1 a las 10 h en el Parc de les Oliveres de Miami Platja, con el acto institucional que consistir\u00e1 en la ofrenda floral y el Cant dels Segadors. A continuaci\u00f3n, tendr\u00e1 lugar una ballada de sardanes con la Cobla La Principal de Tarragona y la participaci\u00f3n de la Associaci\u00f3 de Country\/Line Dance Mont-roig\/Miami.<\/p>\n<p data-start=\"1001\" data-end=\"1333\">M\u00e1s tarde, a las 12.30 h en la Pla\u00e7a Joan Mir\u00f3 de Mont-roig del Camp, se llevar\u00e1 a cabo el acto institucional con la ofrenda floral y el Cant dels Segadors, a cargo de la Coral Sant Miquel. La jornada se cerrar\u00e1 con una ballada de sardanes con la Cobla La Principal de Tarragona y la Rotllana Mont-rogenca.<\/p>\n<p data-start=\"1335\" data-end=\"1487\">El Ayuntamiento anima a todas las entidades y vecinos a sumarse a esta conmemoraci\u00f3n para recordar y celebrar, juntos, la Diada Nacional de Catalunya.<\/p>\n<p>&nbsp;<\/p>\n","protected":false},"excerpt":{"rendered":"<p>Ofrendas florales, m\u00fasica y danza protagonizar\u00e1n los actos del 11 de septiembre El Ayuntamiento de Mont-roig del Camp invita a la ciudadan\u00eda a participar en los actos institucionales de la Diada Nacional de Catalunya, que este a\u00f1o se celebrar\u00e1n bajo el lema Conviv\u00e8ncia, llibertat i esperan\u00e7a compartida, el jueves 11 de septiembre de 2025, tanto [&hellip;]<\/p>\n","protected":false},"author":13,"featured_media":85317,"comment_status":"closed","ping_status":"closed","sticky":false,"template":"","format":"standard","meta":{"inline_featured_image":false,"_monsterinsights_skip_tracking":false,"_monsterinsights_sitenote_active":false,"_monsterinsights_sitenote_note":"","_monsterinsights_sitenote_category":0,"footnotes":""},"categories":[156,98],"tags":[],"class_list":["post-85326","post","type-post","status-publish","format-standard","has-post-thumbnail","hentry","category-alcalde-es","category-ayuntamiento"],"yoast_head":"<!-- This site is optimized with the Yoast SEO plugin v27.4 - https:\/\/yoast.com\/product\/yoast-seo-wordpress\/ -->\n<title>Mont-roig del Camp y Miami Platja celebrar\u00e1n la Diada Nacional de Catalunya con actos institucionales - Ajuntament de Mont-roig del Camp<\/title>\n<meta name=\"robots\" content=\"index, follow, max-snippet:-1, max-image-preview:large, max-video-preview:-1\" \/>\n<link rel=\"canonical\" href=\"https:\/\/mont-roig.cat\/es\/actualitat\/noticies\/mont-roig-del-camp-y-miami-platja-celebraran-la-diada-nacional-de-catalunya-con-actos-institucionales\/\" \/>\n<meta property=\"og:locale\" content=\"es_ES\" \/>\n<meta property=\"og:type\" content=\"article\" \/>\n<meta property=\"og:title\" content=\"Mont-roig del Camp y Miami Platja celebrar\u00e1n la Diada Nacional de Catalunya con actos institucionales - Ajuntament de Mont-roig del Camp\" \/>\n<meta property=\"og:description\" content=\"Ofrendas florales, m\u00fasica y danza protagonizar\u00e1n los actos del 11 de septiembre El Ayuntamiento de Mont-roig del Camp invita a la ciudadan\u00eda a participar en los actos institucionales de la Diada Nacional de Catalunya, que este a\u00f1o se celebrar\u00e1n bajo el lema Conviv\u00e8ncia, llibertat i esperan\u00e7a compartida, el jueves 11 de septiembre de 2025, tanto [&hellip;]\" \/>\n<meta property=\"og:url\" content=\"https:\/\/mont-roig.cat\/es\/actualitat\/noticies\/mont-roig-del-camp-y-miami-platja-celebraran-la-diada-nacional-de-catalunya-con-actos-institucionales\/\" \/>\n<meta property=\"og:site_name\" content=\"Ajuntament de Mont-roig del Camp\" \/>\n<meta property=\"article:published_time\" content=\"2025-09-04T09:57:56+00:00\" \/>\n<meta property=\"article:modified_time\" content=\"2025-09-04T10:03:13+00:00\" \/>\n<meta property=\"og:image\" content=\"https:\/\/mont-roig.cat\/wp-content\/uploads\/MM_11SET25_meta.jpg\" \/>\n\t<meta property=\"og:image:width\" content=\"1200\" \/>\n\t<meta property=\"og:image:height\" content=\"630\" \/>\n\t<meta property=\"og:image:type\" content=\"image\/jpeg\" \/>\n<meta name=\"author\" content=\"comunicacio\" \/>\n<meta name=\"twitter:card\" content=\"summary_large_image\" \/>\n<meta name=\"twitter:label1\" content=\"Escrito por\" \/>\n\t<meta name=\"twitter:data1\" content=\"comunicacio\" \/>\n\t<meta name=\"twitter:label2\" content=\"Tiempo de lectura\" \/>\n\t<meta name=\"twitter:data2\" content=\"2 minutos\" \/>\n<script type=\"application\/ld+json\" class=\"yoast-schema-graph\">{\"@context\":\"https:\\\/\\\/schema.org\",\"@graph\":[{\"@type\":\"Article\",\"@id\":\"https:\\\/\\\/mont-roig.cat\\\/es\\\/actualitat\\\/noticies\\\/mont-roig-del-camp-y-miami-platja-celebraran-la-diada-nacional-de-catalunya-con-actos-institucionales\\\/#article\",\"isPartOf\":{\"@id\":\"https:\\\/\\\/mont-roig.cat\\\/es\\\/actualitat\\\/noticies\\\/mont-roig-del-camp-y-miami-platja-celebraran-la-diada-nacional-de-catalunya-con-actos-institucionales\\\/\"},\"author\":{\"name\":\"comunicacio\",\"@id\":\"https:\\\/\\\/mont-roig.cat\\\/es\\\/#\\\/schema\\\/person\\\/1f73e7b5e6f9dd122e8a6f14f310ac5e\"},\"headline\":\"Mont-roig del Camp y Miami Platja celebrar\u00e1n la Diada Nacional de Catalunya con actos institucionales\",\"datePublished\":\"2025-09-04T09:57:56+00:00\",\"dateModified\":\"2025-09-04T10:03:13+00:00\",\"mainEntityOfPage\":{\"@id\":\"https:\\\/\\\/mont-roig.cat\\\/es\\\/actualitat\\\/noticies\\\/mont-roig-del-camp-y-miami-platja-celebraran-la-diada-nacional-de-catalunya-con-actos-institucionales\\\/\"},\"wordCount\":226,\"image\":{\"@id\":\"https:\\\/\\\/mont-roig.cat\\\/es\\\/actualitat\\\/noticies\\\/mont-roig-del-camp-y-miami-platja-celebraran-la-diada-nacional-de-catalunya-con-actos-institucionales\\\/#primaryimage\"},\"thumbnailUrl\":\"https:\\\/\\\/mont-roig.cat\\\/wp-content\\\/uploads\\\/MM_11SET25_meta.jpg\",\"articleSection\":[\"Alcalde\",\"Ayuntamiento\"],\"inLanguage\":\"es\"},{\"@type\":\"WebPage\",\"@id\":\"https:\\\/\\\/mont-roig.cat\\\/es\\\/actualitat\\\/noticies\\\/mont-roig-del-camp-y-miami-platja-celebraran-la-diada-nacional-de-catalunya-con-actos-institucionales\\\/\",\"url\":\"https:\\\/\\\/mont-roig.cat\\\/es\\\/actualitat\\\/noticies\\\/mont-roig-del-camp-y-miami-platja-celebraran-la-diada-nacional-de-catalunya-con-actos-institucionales\\\/\",\"name\":\"Mont-roig del Camp y Miami Platja celebrar\u00e1n la Diada Nacional de Catalunya con actos institucionales - Ajuntament de Mont-roig del Camp\",\"isPartOf\":{\"@id\":\"https:\\\/\\\/mont-roig.cat\\\/es\\\/#website\"},\"primaryImageOfPage\":{\"@id\":\"https:\\\/\\\/mont-roig.cat\\\/es\\\/actualitat\\\/noticies\\\/mont-roig-del-camp-y-miami-platja-celebraran-la-diada-nacional-de-catalunya-con-actos-institucionales\\\/#primaryimage\"},\"image\":{\"@id\":\"https:\\\/\\\/mont-roig.cat\\\/es\\\/actualitat\\\/noticies\\\/mont-roig-del-camp-y-miami-platja-celebraran-la-diada-nacional-de-catalunya-con-actos-institucionales\\\/#primaryimage\"},\"thumbnailUrl\":\"https:\\\/\\\/mont-roig.cat\\\/wp-content\\\/uploads\\\/MM_11SET25_meta.jpg\",\"datePublished\":\"2025-09-04T09:57:56+00:00\",\"dateModified\":\"2025-09-04T10:03:13+00:00\",\"author\":{\"@id\":\"https:\\\/\\\/mont-roig.cat\\\/es\\\/#\\\/schema\\\/person\\\/1f73e7b5e6f9dd122e8a6f14f310ac5e\"},\"breadcrumb\":{\"@id\":\"https:\\\/\\\/mont-roig.cat\\\/es\\\/actualitat\\\/noticies\\\/mont-roig-del-camp-y-miami-platja-celebraran-la-diada-nacional-de-catalunya-con-actos-institucionales\\\/#breadcrumb\"},\"inLanguage\":\"es\",\"potentialAction\":[{\"@type\":\"ReadAction\",\"target\":[\"https:\\\/\\\/mont-roig.cat\\\/es\\\/actualitat\\\/noticies\\\/mont-roig-del-camp-y-miami-platja-celebraran-la-diada-nacional-de-catalunya-con-actos-institucionales\\\/\"]}]},{\"@type\":\"ImageObject\",\"inLanguage\":\"es\",\"@id\":\"https:\\\/\\\/mont-roig.cat\\\/es\\\/actualitat\\\/noticies\\\/mont-roig-del-camp-y-miami-platja-celebraran-la-diada-nacional-de-catalunya-con-actos-institucionales\\\/#primaryimage\",\"url\":\"https:\\\/\\\/mont-roig.cat\\\/wp-content\\\/uploads\\\/MM_11SET25_meta.jpg\",\"contentUrl\":\"https:\\\/\\\/mont-roig.cat\\\/wp-content\\\/uploads\\\/MM_11SET25_meta.jpg\",\"width\":1200,\"height\":630},{\"@type\":\"BreadcrumbList\",\"@id\":\"https:\\\/\\\/mont-roig.cat\\\/es\\\/actualitat\\\/noticies\\\/mont-roig-del-camp-y-miami-platja-celebraran-la-diada-nacional-de-catalunya-con-actos-institucionales\\\/#breadcrumb\",\"itemListElement\":[{\"@type\":\"ListItem\",\"position\":1,\"name\":\"Inici\",\"item\":\"https:\\\/\\\/mont-roig.cat\\\/es\\\/pagina-de-inicio\\\/\"},{\"@type\":\"ListItem\",\"position\":2,\"name\":\"Mont-roig del Camp y Miami Platja celebrar\u00e1n la Diada Nacional de Catalunya con actos institucionales\"}]},{\"@type\":\"WebSite\",\"@id\":\"https:\\\/\\\/mont-roig.cat\\\/es\\\/#website\",\"url\":\"https:\\\/\\\/mont-roig.cat\\\/es\\\/\",\"name\":\"Ajuntament de Mont-roig del Camp\",\"description\":\"Tota la informaci\u00f3 sobre la instituci\u00f3, els seus \u00f2rgans de govern, actualitat, serveis i molt m\u00e9s.\",\"potentialAction\":[{\"@type\":\"SearchAction\",\"target\":{\"@type\":\"EntryPoint\",\"urlTemplate\":\"https:\\\/\\\/mont-roig.cat\\\/es\\\/?s={search_term_string}\"},\"query-input\":{\"@type\":\"PropertyValueSpecification\",\"valueRequired\":true,\"valueName\":\"search_term_string\"}}],\"inLanguage\":\"es\"},{\"@type\":\"Person\",\"@id\":\"https:\\\/\\\/mont-roig.cat\\\/es\\\/#\\\/schema\\\/person\\\/1f73e7b5e6f9dd122e8a6f14f310ac5e\",\"name\":\"comunicacio\",\"image\":{\"@type\":\"ImageObject\",\"inLanguage\":\"es\",\"@id\":\"https:\\\/\\\/secure.gravatar.com\\\/avatar\\\/98944333e7a877670a64f8d10f0cb680ab2c9ebc4efc43945ef004b52b5ad28c?s=96&d=mm&r=g\",\"url\":\"https:\\\/\\\/secure.gravatar.com\\\/avatar\\\/98944333e7a877670a64f8d10f0cb680ab2c9ebc4efc43945ef004b52b5ad28c?s=96&d=mm&r=g\",\"contentUrl\":\"https:\\\/\\\/secure.gravatar.com\\\/avatar\\\/98944333e7a877670a64f8d10f0cb680ab2c9ebc4efc43945ef004b52b5ad28c?s=96&d=mm&r=g\",\"caption\":\"comunicacio\"},\"url\":\"https:\\\/\\\/mont-roig.cat\\\/es\\\/actualitat\\\/noticies\\\/author\\\/comunicacio\\\/\"}]}<\/script>\n<!-- \/ Yoast SEO plugin. -->","yoast_head_json":{"title":"Mont-roig del Camp y Miami Platja celebrar\u00e1n la Diada Nacional de Catalunya con actos institucionales - Ajuntament de Mont-roig del Camp","robots":{"index":"index","follow":"follow","max-snippet":"max-snippet:-1","max-image-preview":"max-image-preview:large","max-video-preview":"max-video-preview:-1"},"canonical":"https:\/\/mont-roig.cat\/es\/actualitat\/noticies\/mont-roig-del-camp-y-miami-platja-celebraran-la-diada-nacional-de-catalunya-con-actos-institucionales\/","og_locale":"es_ES","og_type":"article","og_title":"Mont-roig del Camp y Miami Platja celebrar\u00e1n la Diada Nacional de Catalunya con actos institucionales - Ajuntament de Mont-roig del Camp","og_description":"Ofrendas florales, m\u00fasica y danza protagonizar\u00e1n los actos del 11 de septiembre El Ayuntamiento de Mont-roig del Camp invita a la ciudadan\u00eda a participar en los actos institucionales de la Diada Nacional de Catalunya, que este a\u00f1o se celebrar\u00e1n bajo el lema Conviv\u00e8ncia, llibertat i esperan\u00e7a compartida, el jueves 11 de septiembre de 2025, tanto [&hellip;]","og_url":"https:\/\/mont-roig.cat\/es\/actualitat\/noticies\/mont-roig-del-camp-y-miami-platja-celebraran-la-diada-nacional-de-catalunya-con-actos-institucionales\/","og_site_name":"Ajuntament de Mont-roig del Camp","article_published_time":"2025-09-04T09:57:56+00:00","article_modified_time":"2025-09-04T10:03:13+00:00","og_image":[{"width":1200,"height":630,"url":"https:\/\/mont-roig.cat\/wp-content\/uploads\/MM_11SET25_meta.jpg","type":"image\/jpeg"}],"author":"comunicacio","twitter_card":"summary_large_image","twitter_misc":{"Escrito por":"comunicacio","Tiempo de lectura":"2 minutos"},"schema":{"@context":"https:\/\/schema.org","@graph":[{"@type":"Article","@id":"https:\/\/mont-roig.cat\/es\/actualitat\/noticies\/mont-roig-del-camp-y-miami-platja-celebraran-la-diada-nacional-de-catalunya-con-actos-institucionales\/#article","isPartOf":{"@id":"https:\/\/mont-roig.cat\/es\/actualitat\/noticies\/mont-roig-del-camp-y-miami-platja-celebraran-la-diada-nacional-de-catalunya-con-actos-institucionales\/"},"author":{"name":"comunicacio","@id":"https:\/\/mont-roig.cat\/es\/#\/schema\/person\/1f73e7b5e6f9dd122e8a6f14f310ac5e"},"headline":"Mont-roig del Camp y Miami Platja celebrar\u00e1n la Diada Nacional de Catalunya con actos institucionales","datePublished":"2025-09-04T09:57:56+00:00","dateModified":"2025-09-04T10:03:13+00:00","mainEntityOfPage":{"@id":"https:\/\/mont-roig.cat\/es\/actualitat\/noticies\/mont-roig-del-camp-y-miami-platja-celebraran-la-diada-nacional-de-catalunya-con-actos-institucionales\/"},"wordCount":226,"image":{"@id":"https:\/\/mont-roig.cat\/es\/actualitat\/noticies\/mont-roig-del-camp-y-miami-platja-celebraran-la-diada-nacional-de-catalunya-con-actos-institucionales\/#primaryimage"},"thumbnailUrl":"https:\/\/mont-roig.cat\/wp-content\/uploads\/MM_11SET25_meta.jpg","articleSection":["Alcalde","Ayuntamiento"],"inLanguage":"es"},{"@type":"WebPage","@id":"https:\/\/mont-roig.cat\/es\/actualitat\/noticies\/mont-roig-del-camp-y-miami-platja-celebraran-la-diada-nacional-de-catalunya-con-actos-institucionales\/","url":"https:\/\/mont-roig.cat\/es\/actualitat\/noticies\/mont-roig-del-camp-y-miami-platja-celebraran-la-diada-nacional-de-catalunya-con-actos-institucionales\/","name":"Mont-roig del Camp y Miami Platja celebrar\u00e1n la Diada Nacional de Catalunya con actos institucionales - Ajuntament de Mont-roig del Camp","isPartOf":{"@id":"https:\/\/mont-roig.cat\/es\/#website"},"primaryImageOfPage":{"@id":"https:\/\/mont-roig.cat\/es\/actualitat\/noticies\/mont-roig-del-camp-y-miami-platja-celebraran-la-diada-nacional-de-catalunya-con-actos-institucionales\/#primaryimage"},"image":{"@id":"https:\/\/mont-roig.cat\/es\/actualitat\/noticies\/mont-roig-del-camp-y-miami-platja-celebraran-la-diada-nacional-de-catalunya-con-actos-institucionales\/#primaryimage"},"thumbnailUrl":"https:\/\/mont-roig.cat\/wp-content\/uploads\/MM_11SET25_meta.jpg","datePublished":"2025-09-04T09:57:56+00:00","dateModified":"2025-09-04T10:03:13+00:00","author":{"@id":"https:\/\/mont-roig.cat\/es\/#\/schema\/person\/1f73e7b5e6f9dd122e8a6f14f310ac5e"},"breadcrumb":{"@id":"https:\/\/mont-roig.cat\/es\/actualitat\/noticies\/mont-roig-del-camp-y-miami-platja-celebraran-la-diada-nacional-de-catalunya-con-actos-institucionales\/#breadcrumb"},"inLanguage":"es","potentialAction":[{"@type":"ReadAction","target":["https:\/\/mont-roig.cat\/es\/actualitat\/noticies\/mont-roig-del-camp-y-miami-platja-celebraran-la-diada-nacional-de-catalunya-con-actos-institucionales\/"]}]},{"@type":"ImageObject","inLanguage":"es","@id":"https:\/\/mont-roig.cat\/es\/actualitat\/noticies\/mont-roig-del-camp-y-miami-platja-celebraran-la-diada-nacional-de-catalunya-con-actos-institucionales\/#primaryimage","url":"https:\/\/mont-roig.cat\/wp-content\/uploads\/MM_11SET25_meta.jpg","contentUrl":"https:\/\/mont-roig.cat\/wp-content\/uploads\/MM_11SET25_meta.jpg","width":1200,"height":630},{"@type":"BreadcrumbList","@id":"https:\/\/mont-roig.cat\/es\/actualitat\/noticies\/mont-roig-del-camp-y-miami-platja-celebraran-la-diada-nacional-de-catalunya-con-actos-institucionales\/#breadcrumb","itemListElement":[{"@type":"ListItem","position":1,"name":"Inici","item":"https:\/\/mont-roig.cat\/es\/pagina-de-inicio\/"},{"@type":"ListItem","position":2,"name":"Mont-roig del Camp y Miami Platja celebrar\u00e1n la Diada Nacional de Catalunya con actos institucionales"}]},{"@type":"WebSite","@id":"https:\/\/mont-roig.cat\/es\/#website","url":"https:\/\/mont-roig.cat\/es\/","name":"Ajuntament de Mont-roig del Camp","description":"Tota la informaci\u00f3 sobre la instituci\u00f3, els seus \u00f2rgans de govern, actualitat, serveis i molt m\u00e9s.","potentialAction":[{"@type":"SearchAction","target":{"@type":"EntryPoint","urlTemplate":"https:\/\/mont-roig.cat\/es\/?s={search_term_string}"},"query-input":{"@type":"PropertyValueSpecification","valueRequired":true,"valueName":"search_term_string"}}],"inLanguage":"es"},{"@type":"Person","@id":"https:\/\/mont-roig.cat\/es\/#\/schema\/person\/1f73e7b5e6f9dd122e8a6f14f310ac5e","name":"comunicacio","image":{"@type":"ImageObject","inLanguage":"es","@id":"https:\/\/secure.gravatar.com\/avatar\/98944333e7a877670a64f8d10f0cb680ab2c9ebc4efc43945ef004b52b5ad28c?s=96&d=mm&r=g","url":"https:\/\/secure.gravatar.com\/avatar\/98944333e7a877670a64f8d10f0cb680ab2c9ebc4efc43945ef004b52b5ad28c?s=96&d=mm&r=g","contentUrl":"https:\/\/secure.gravatar.com\/avatar\/98944333e7a877670a64f8d10f0cb680ab2c9ebc4efc43945ef004b52b5ad28c?s=96&d=mm&r=g","caption":"comunicacio"},"url":"https:\/\/mont-roig.cat\/es\/actualitat\/noticies\/author\/comunicacio\/"}]}},"_links":{"self":[{"href":"https:\/\/mont-roig.cat\/es\/wp-json\/wp\/v2\/posts\/85326","targetHints":{"allow":["GET"]}}],"collection":[{"href":"https:\/\/mont-roig.cat\/es\/wp-json\/wp\/v2\/posts"}],"about":[{"href":"https:\/\/mont-roig.cat\/es\/wp-json\/wp\/v2\/types\/post"}],"author":[{"embeddable":true,"href":"https:\/\/mont-roig.cat\/es\/wp-json\/wp\/v2\/users\/13"}],"replies":[{"embeddable":true,"href":"https:\/\/mont-roig.cat\/es\/wp-json\/wp\/v2\/comments?post=85326"}],"version-history":[{"count":1,"href":"https:\/\/mont-roig.cat\/es\/wp-json\/wp\/v2\/posts\/85326\/revisions"}],"predecessor-version":[{"id":85327,"href":"https:\/\/mont-roig.cat\/es\/wp-json\/wp\/v2\/posts\/85326\/revisions\/85327"}],"wp:featuredmedia":[{"embeddable":true,"href":"https:\/\/mont-roig.cat\/es\/wp-json\/wp\/v2\/media\/85317"}],"wp:attachment":[{"href":"https:\/\/mont-roig.cat\/es\/wp-json\/wp\/v2\/media?parent=85326"}],"wp:term":[{"taxonomy":"category","embeddable":true,"href":"https:\/\/mont-roig.cat\/es\/wp-json\/wp\/v2\/categories?post=85326"},{"taxonomy":"post_tag","embeddable":true,"href":"https:\/\/mont-roig.cat\/es\/wp-json\/wp\/v2\/tags?post=85326"}],"curies":[{"name":"wp","href":"https:\/\/api.w.org\/{rel}","templated":true}]}}