{"id":85345,"date":"2025-09-04T14:12:33","date_gmt":"2025-09-04T12:12:33","guid":{"rendered":"https:\/\/mont-roig.cat\/actualitat\/noticies\/dilluns-es-posen-a-la-venda-les-entrades-pel-festiquel-de-mont-roig-del-camp-amb-la-fumiga-com-a-cap-de-cartell\/"},"modified":"2025-09-17T08:34:30","modified_gmt":"2025-09-17T06:34:30","slug":"lunes-se-ponen-a-la-venta-las-entradas-para-el-festiquel-de-mont-roig-del-camp-con-la-fumiga-como-cabeza-de-cartel","status":"publish","type":"post","link":"https:\/\/mont-roig.cat\/es\/actualitat\/noticies\/lunes-se-ponen-a-la-venta-las-entradas-para-el-festiquel-de-mont-roig-del-camp-con-la-fumiga-como-cabeza-de-cartel\/","title":{"rendered":"\u00a1Lunes se ponen a la venta las entradas para el Festiquel! de Mont-roig del Camp con La F\u00famiga como cabeza de cartel"},"content":{"rendered":"<p><strong><strong><a href=\"https:\/\/mont-roig.cat\/wp-content\/uploads\/MMF_FESTIQUEL_25-scaled.jpg\" target=\"_blank\" rel=\"noopener\"><img loading=\"lazy\" decoding=\"async\" class=\"alignright wp-image-85328\" src=\"https:\/\/mont-roig.cat\/wp-content\/uploads\/MMF_FESTIQUEL_25-353x500.jpg\" alt=\"\" width=\"251\" height=\"356\" srcset=\"https:\/\/mont-roig.cat\/wp-content\/uploads\/MMF_FESTIQUEL_25-353x500.jpg 353w, https:\/\/mont-roig.cat\/wp-content\/uploads\/MMF_FESTIQUEL_25-723x1024.jpg 723w, https:\/\/mont-roig.cat\/wp-content\/uploads\/MMF_FESTIQUEL_25-768x1088.jpg 768w, https:\/\/mont-roig.cat\/wp-content\/uploads\/MMF_FESTIQUEL_25-1084x1536.jpg 1084w, https:\/\/mont-roig.cat\/wp-content\/uploads\/MMF_FESTIQUEL_25-scaled.jpg 1445w\" sizes=\"auto, (max-width: 251px) 100vw, 251px\" \/><\/a><\/strong><\/strong><\/p>\n<ul>\n<li data-start=\"235\" data-end=\"365\"><strong>El concierto tendr\u00e1 lugar el viernes 26 de septiembre y tambi\u00e9n contar\u00e1 con las actuaciones de La Prole Band y M\u00fasics de Carrer.<\/strong><\/li>\n<\/ul>\n<p data-start=\"367\" data-end=\"807\">El pr\u00f3ximo viernes 26 de septiembre, una de las bandas m\u00e1s populares del panorama musical actual har\u00e1 parada en el Festiquel!, una noche llena de buena m\u00fasica que se celebra en Mont-roig del Camp con motivo de la Festa Major de Sant Miquel. El cabeza de cartel de este a\u00f1o es el grupo valenciano La F\u00famiga, conocido por su fusi\u00f3n de g\u00e9neros y su energ\u00eda en el escenario, que les ha llevado a actuar en los principales festivales del pa\u00eds.<\/p>\n<p data-start=\"809\" data-end=\"1070\">A partir del lunes se podr\u00e1n comprar de forma presencial las entradas de un concierto que tendr\u00e1 lugar en el solar detr\u00e1s del instituto Antoni Ballester, con acceso por la calle 1 d\u2019Octubre. Posteriormente, se podr\u00e1n adquirir a trav\u00e9s de la aplicaci\u00f3n eAgora.<\/p>\n<p data-start=\"1072\" data-end=\"1537\">El festival abrir\u00e1 sus puertas a las 20:00 h, aunque los conciertos no comenzar\u00e1n hasta las 21:00 h. Antes de la actuaci\u00f3n de La F\u00famiga, habr\u00e1 otras propuestas que calentar\u00e1n el ambiente: M\u00fasics de Carrer. Tributo a Txarango: una oportunidad para revivir los grandes \u00e9xitos de la banda catalana, y La Prole Band: con su estilo inconfundible, prometen hacer bailar a todos. Para cerrar la noche, el Dj Ceba se encargar\u00e1 de poner la m\u00fasica hasta las 6 de la ma\u00f1ana.<\/p>\n<p data-start=\"1539\" data-end=\"1571\"><strong data-start=\"1539\" data-end=\"1569\">Entradas y servicio de bar<\/strong><\/p>\n<p data-start=\"1573\" data-end=\"2238\">El recinto del Festiquel contar\u00e1 con food trucks y servicio de bar, en este caso a cargo del Pub Buc\u00e8fal. Las entradas se pueden adquirir de manera presencial en las oficinas de turismo de Mont-roig del Camp y Miami Platja entre los d\u00edas 8 y 14 de septiembre al precio de 12 euros. Las entradas tambi\u00e9n se podr\u00e1n comprar de forma anticipada por internet al precio de 14 euros del 15 al 25 de septiembre (<a class=\"decorated-link\" href=\"https:\/\/web.eagora.app\/a\/mont-roig-del-camp-i-miami-platja\/details\/01K4PTJSF4T1H2T8YMVM3NT68R\/arriben-les-entrades-pel-festiquel-2025-amb-la-fumiga-com-a-cap-de-cartell\" target=\"_blank\" rel=\"noopener\" data-start=\"1977\" data-end=\"1991\">www.eagora.app<\/a>). Adem\u00e1s, el d\u00eda del concierto se podr\u00e1n comprar entradas en taquilla a partir de las 19 h al precio de 16 euros. Es importante recordar que, las entradas anticipadas presenciales y en taquilla, solo aceptar\u00e1n pagos con tarjeta, no en met\u00e1lico.<\/p>\n<p data-start=\"2240\" data-end=\"2277\">Los puntos de venta anticipada son:<\/p>\n<ul data-start=\"2279\" data-end=\"2387\">\n<li data-start=\"2279\" data-end=\"2337\">\n<p data-start=\"2281\" data-end=\"2337\">Centre Cultural Esgl\u00e9sia Vella, en Mont-roig del Camp.<\/p>\n<\/li>\n<li data-start=\"2338\" data-end=\"2387\">\n<p data-start=\"2340\" data-end=\"2387\">Oficina de Turisme L&#8217;Esfera, en Miami Platja.<\/p>\n<\/li>\n<\/ul>\n<p data-start=\"2389\" data-end=\"2434\">El horario de venta f\u00edsica es el siguiente:<\/p>\n<ul data-start=\"2436\" data-end=\"2538\">\n<li data-start=\"2436\" data-end=\"2503\">\n<p data-start=\"2438\" data-end=\"2503\">De lunes a s\u00e1bado: de 10:00 h a 14:00 h y de 17:00 h a 20:00 h.<\/p>\n<\/li>\n<li data-start=\"2504\" data-end=\"2538\">\n<p data-start=\"2506\" data-end=\"2538\">Domingo: de 10:00 h a 14:00 h.<\/p>\n<\/li>\n<\/ul>\n<p data-start=\"2540\" data-end=\"2572\"><strong data-start=\"2540\" data-end=\"2570\">Entrada menores de 16 a\u00f1os<\/strong><\/p>\n<p data-start=\"2574\" data-end=\"2750\">Por otra parte, todos los menores de 16 a\u00f1os deber\u00e1n acceder al recinto acompa\u00f1ados de su padre, madre o tutor legal y la hoja acreditativa impresa que se puede descargar en:<\/p>\n<p data-start=\"2752\" data-end=\"2813\"><a class=\"decorated-link\" href=\"https:\/\/mont-roig.cat\/lajuntament\/arees\/festes\/sant-miquel\/?utm_source=chatgpt.com\" target=\"_blank\" rel=\"noopener\" data-start=\"2752\" data-end=\"2811\">https:\/\/mont-roig.cat\/lajuntament\/arees\/festes\/sant-miquel\/<\/a><\/p>\n<p data-start=\"2815\" data-end=\"2932\">El programa completo de la Festa Major de Sant Miquel de Mont-roig del Camp se dar\u00e1 a conocer en los pr\u00f3ximos d\u00edas.<\/p>\n","protected":false},"excerpt":{"rendered":"<p>El concierto tendr\u00e1 lugar el viernes 26 de septiembre y tambi\u00e9n contar\u00e1 con las actuaciones de La Prole Band y M\u00fasics de Carrer. El pr\u00f3ximo viernes 26 de septiembre, una de las bandas m\u00e1s populares del panorama musical actual har\u00e1 parada en el Festiquel!, una noche llena de buena m\u00fasica que se celebra en Mont-roig [&hellip;]<\/p>\n","protected":false},"author":13,"featured_media":85331,"comment_status":"closed","ping_status":"closed","sticky":false,"template":"","format":"standard","meta":{"inline_featured_image":false,"_monsterinsights_skip_tracking":false,"_monsterinsights_sitenote_active":false,"_monsterinsights_sitenote_note":"","_monsterinsights_sitenote_category":0,"footnotes":""},"categories":[98,105],"tags":[],"class_list":["post-85345","post","type-post","status-publish","format-standard","has-post-thumbnail","hentry","category-ayuntamiento","category-fiestas"],"yoast_head":"<!-- This site is optimized with the Yoast SEO plugin v27.4 - https:\/\/yoast.com\/product\/yoast-seo-wordpress\/ -->\n<title>\u00a1Lunes se ponen a la venta las entradas para el Festiquel! de Mont-roig del Camp con La F\u00famiga como cabeza de cartel - Ajuntament de Mont-roig del Camp<\/title>\n<meta name=\"robots\" content=\"index, follow, max-snippet:-1, max-image-preview:large, max-video-preview:-1\" \/>\n<link rel=\"canonical\" href=\"https:\/\/mont-roig.cat\/es\/actualitat\/noticies\/lunes-se-ponen-a-la-venta-las-entradas-para-el-festiquel-de-mont-roig-del-camp-con-la-fumiga-como-cabeza-de-cartel\/\" \/>\n<meta property=\"og:locale\" content=\"es_ES\" \/>\n<meta property=\"og:type\" content=\"article\" \/>\n<meta property=\"og:title\" content=\"\u00a1Lunes se ponen a la venta las entradas para el Festiquel! de Mont-roig del Camp con La F\u00famiga como cabeza de cartel - Ajuntament de Mont-roig del Camp\" \/>\n<meta property=\"og:description\" content=\"El concierto tendr\u00e1 lugar el viernes 26 de septiembre y tambi\u00e9n contar\u00e1 con las actuaciones de La Prole Band y M\u00fasics de Carrer. El pr\u00f3ximo viernes 26 de septiembre, una de las bandas m\u00e1s populares del panorama musical actual har\u00e1 parada en el Festiquel!, una noche llena de buena m\u00fasica que se celebra en Mont-roig [&hellip;]\" \/>\n<meta property=\"og:url\" content=\"https:\/\/mont-roig.cat\/es\/actualitat\/noticies\/lunes-se-ponen-a-la-venta-las-entradas-para-el-festiquel-de-mont-roig-del-camp-con-la-fumiga-como-cabeza-de-cartel\/\" \/>\n<meta property=\"og:site_name\" content=\"Ajuntament de Mont-roig del Camp\" \/>\n<meta property=\"article:published_time\" content=\"2025-09-04T12:12:33+00:00\" \/>\n<meta property=\"article:modified_time\" content=\"2025-09-17T06:34:30+00:00\" \/>\n<meta property=\"og:image\" content=\"https:\/\/mont-roig.cat\/wp-content\/uploads\/MMF_FESTIQUEL_25_meta.jpg\" \/>\n\t<meta property=\"og:image:width\" content=\"1200\" \/>\n\t<meta property=\"og:image:height\" content=\"630\" \/>\n\t<meta property=\"og:image:type\" content=\"image\/jpeg\" \/>\n<meta name=\"author\" content=\"comunicacio\" \/>\n<meta name=\"twitter:card\" content=\"summary_large_image\" \/>\n<meta name=\"twitter:label1\" content=\"Escrito por\" \/>\n\t<meta name=\"twitter:data1\" content=\"comunicacio\" \/>\n\t<meta name=\"twitter:label2\" content=\"Tiempo de lectura\" \/>\n\t<meta name=\"twitter:data2\" content=\"3 minutos\" \/>\n<script type=\"application\/ld+json\" class=\"yoast-schema-graph\">{\"@context\":\"https:\\\/\\\/schema.org\",\"@graph\":[{\"@type\":\"Article\",\"@id\":\"https:\\\/\\\/mont-roig.cat\\\/es\\\/actualitat\\\/noticies\\\/lunes-se-ponen-a-la-venta-las-entradas-para-el-festiquel-de-mont-roig-del-camp-con-la-fumiga-como-cabeza-de-cartel\\\/#article\",\"isPartOf\":{\"@id\":\"https:\\\/\\\/mont-roig.cat\\\/es\\\/actualitat\\\/noticies\\\/lunes-se-ponen-a-la-venta-las-entradas-para-el-festiquel-de-mont-roig-del-camp-con-la-fumiga-como-cabeza-de-cartel\\\/\"},\"author\":{\"name\":\"comunicacio\",\"@id\":\"https:\\\/\\\/mont-roig.cat\\\/es\\\/#\\\/schema\\\/person\\\/1f73e7b5e6f9dd122e8a6f14f310ac5e\"},\"headline\":\"\u00a1Lunes se ponen a la venta las entradas para el Festiquel! de Mont-roig del Camp con La F\u00famiga como cabeza de cartel\",\"datePublished\":\"2025-09-04T12:12:33+00:00\",\"dateModified\":\"2025-09-17T06:34:30+00:00\",\"mainEntityOfPage\":{\"@id\":\"https:\\\/\\\/mont-roig.cat\\\/es\\\/actualitat\\\/noticies\\\/lunes-se-ponen-a-la-venta-las-entradas-para-el-festiquel-de-mont-roig-del-camp-con-la-fumiga-como-cabeza-de-cartel\\\/\"},\"wordCount\":512,\"image\":{\"@id\":\"https:\\\/\\\/mont-roig.cat\\\/es\\\/actualitat\\\/noticies\\\/lunes-se-ponen-a-la-venta-las-entradas-para-el-festiquel-de-mont-roig-del-camp-con-la-fumiga-como-cabeza-de-cartel\\\/#primaryimage\"},\"thumbnailUrl\":\"https:\\\/\\\/mont-roig.cat\\\/wp-content\\\/uploads\\\/MMF_FESTIQUEL_25_meta.jpg\",\"articleSection\":[\"Ayuntamiento\",\"Festes\"],\"inLanguage\":\"es\"},{\"@type\":\"WebPage\",\"@id\":\"https:\\\/\\\/mont-roig.cat\\\/es\\\/actualitat\\\/noticies\\\/lunes-se-ponen-a-la-venta-las-entradas-para-el-festiquel-de-mont-roig-del-camp-con-la-fumiga-como-cabeza-de-cartel\\\/\",\"url\":\"https:\\\/\\\/mont-roig.cat\\\/es\\\/actualitat\\\/noticies\\\/lunes-se-ponen-a-la-venta-las-entradas-para-el-festiquel-de-mont-roig-del-camp-con-la-fumiga-como-cabeza-de-cartel\\\/\",\"name\":\"\u00a1Lunes se ponen a la venta las entradas para el Festiquel! de Mont-roig del Camp con La F\u00famiga como cabeza de cartel - Ajuntament de Mont-roig del Camp\",\"isPartOf\":{\"@id\":\"https:\\\/\\\/mont-roig.cat\\\/es\\\/#website\"},\"primaryImageOfPage\":{\"@id\":\"https:\\\/\\\/mont-roig.cat\\\/es\\\/actualitat\\\/noticies\\\/lunes-se-ponen-a-la-venta-las-entradas-para-el-festiquel-de-mont-roig-del-camp-con-la-fumiga-como-cabeza-de-cartel\\\/#primaryimage\"},\"image\":{\"@id\":\"https:\\\/\\\/mont-roig.cat\\\/es\\\/actualitat\\\/noticies\\\/lunes-se-ponen-a-la-venta-las-entradas-para-el-festiquel-de-mont-roig-del-camp-con-la-fumiga-como-cabeza-de-cartel\\\/#primaryimage\"},\"thumbnailUrl\":\"https:\\\/\\\/mont-roig.cat\\\/wp-content\\\/uploads\\\/MMF_FESTIQUEL_25_meta.jpg\",\"datePublished\":\"2025-09-04T12:12:33+00:00\",\"dateModified\":\"2025-09-17T06:34:30+00:00\",\"author\":{\"@id\":\"https:\\\/\\\/mont-roig.cat\\\/es\\\/#\\\/schema\\\/person\\\/1f73e7b5e6f9dd122e8a6f14f310ac5e\"},\"breadcrumb\":{\"@id\":\"https:\\\/\\\/mont-roig.cat\\\/es\\\/actualitat\\\/noticies\\\/lunes-se-ponen-a-la-venta-las-entradas-para-el-festiquel-de-mont-roig-del-camp-con-la-fumiga-como-cabeza-de-cartel\\\/#breadcrumb\"},\"inLanguage\":\"es\",\"potentialAction\":[{\"@type\":\"ReadAction\",\"target\":[\"https:\\\/\\\/mont-roig.cat\\\/es\\\/actualitat\\\/noticies\\\/lunes-se-ponen-a-la-venta-las-entradas-para-el-festiquel-de-mont-roig-del-camp-con-la-fumiga-como-cabeza-de-cartel\\\/\"]}]},{\"@type\":\"ImageObject\",\"inLanguage\":\"es\",\"@id\":\"https:\\\/\\\/mont-roig.cat\\\/es\\\/actualitat\\\/noticies\\\/lunes-se-ponen-a-la-venta-las-entradas-para-el-festiquel-de-mont-roig-del-camp-con-la-fumiga-como-cabeza-de-cartel\\\/#primaryimage\",\"url\":\"https:\\\/\\\/mont-roig.cat\\\/wp-content\\\/uploads\\\/MMF_FESTIQUEL_25_meta.jpg\",\"contentUrl\":\"https:\\\/\\\/mont-roig.cat\\\/wp-content\\\/uploads\\\/MMF_FESTIQUEL_25_meta.jpg\",\"width\":1200,\"height\":630},{\"@type\":\"BreadcrumbList\",\"@id\":\"https:\\\/\\\/mont-roig.cat\\\/es\\\/actualitat\\\/noticies\\\/lunes-se-ponen-a-la-venta-las-entradas-para-el-festiquel-de-mont-roig-del-camp-con-la-fumiga-como-cabeza-de-cartel\\\/#breadcrumb\",\"itemListElement\":[{\"@type\":\"ListItem\",\"position\":1,\"name\":\"Inici\",\"item\":\"https:\\\/\\\/mont-roig.cat\\\/es\\\/pagina-de-inicio\\\/\"},{\"@type\":\"ListItem\",\"position\":2,\"name\":\"\u00a1Lunes se ponen a la venta las entradas para el Festiquel! de Mont-roig del Camp con La F\u00famiga como cabeza de cartel\"}]},{\"@type\":\"WebSite\",\"@id\":\"https:\\\/\\\/mont-roig.cat\\\/es\\\/#website\",\"url\":\"https:\\\/\\\/mont-roig.cat\\\/es\\\/\",\"name\":\"Ajuntament de Mont-roig del Camp\",\"description\":\"Tota la informaci\u00f3 sobre la instituci\u00f3, els seus \u00f2rgans de govern, actualitat, serveis i molt m\u00e9s.\",\"potentialAction\":[{\"@type\":\"SearchAction\",\"target\":{\"@type\":\"EntryPoint\",\"urlTemplate\":\"https:\\\/\\\/mont-roig.cat\\\/es\\\/?s={search_term_string}\"},\"query-input\":{\"@type\":\"PropertyValueSpecification\",\"valueRequired\":true,\"valueName\":\"search_term_string\"}}],\"inLanguage\":\"es\"},{\"@type\":\"Person\",\"@id\":\"https:\\\/\\\/mont-roig.cat\\\/es\\\/#\\\/schema\\\/person\\\/1f73e7b5e6f9dd122e8a6f14f310ac5e\",\"name\":\"comunicacio\",\"image\":{\"@type\":\"ImageObject\",\"inLanguage\":\"es\",\"@id\":\"https:\\\/\\\/secure.gravatar.com\\\/avatar\\\/98944333e7a877670a64f8d10f0cb680ab2c9ebc4efc43945ef004b52b5ad28c?s=96&d=mm&r=g\",\"url\":\"https:\\\/\\\/secure.gravatar.com\\\/avatar\\\/98944333e7a877670a64f8d10f0cb680ab2c9ebc4efc43945ef004b52b5ad28c?s=96&d=mm&r=g\",\"contentUrl\":\"https:\\\/\\\/secure.gravatar.com\\\/avatar\\\/98944333e7a877670a64f8d10f0cb680ab2c9ebc4efc43945ef004b52b5ad28c?s=96&d=mm&r=g\",\"caption\":\"comunicacio\"},\"url\":\"https:\\\/\\\/mont-roig.cat\\\/es\\\/actualitat\\\/noticies\\\/author\\\/comunicacio\\\/\"}]}<\/script>\n<!-- \/ Yoast SEO plugin. -->","yoast_head_json":{"title":"\u00a1Lunes se ponen a la venta las entradas para el Festiquel! de Mont-roig del Camp con La F\u00famiga como cabeza de cartel - Ajuntament de Mont-roig del Camp","robots":{"index":"index","follow":"follow","max-snippet":"max-snippet:-1","max-image-preview":"max-image-preview:large","max-video-preview":"max-video-preview:-1"},"canonical":"https:\/\/mont-roig.cat\/es\/actualitat\/noticies\/lunes-se-ponen-a-la-venta-las-entradas-para-el-festiquel-de-mont-roig-del-camp-con-la-fumiga-como-cabeza-de-cartel\/","og_locale":"es_ES","og_type":"article","og_title":"\u00a1Lunes se ponen a la venta las entradas para el Festiquel! de Mont-roig del Camp con La F\u00famiga como cabeza de cartel - Ajuntament de Mont-roig del Camp","og_description":"El concierto tendr\u00e1 lugar el viernes 26 de septiembre y tambi\u00e9n contar\u00e1 con las actuaciones de La Prole Band y M\u00fasics de Carrer. El pr\u00f3ximo viernes 26 de septiembre, una de las bandas m\u00e1s populares del panorama musical actual har\u00e1 parada en el Festiquel!, una noche llena de buena m\u00fasica que se celebra en Mont-roig [&hellip;]","og_url":"https:\/\/mont-roig.cat\/es\/actualitat\/noticies\/lunes-se-ponen-a-la-venta-las-entradas-para-el-festiquel-de-mont-roig-del-camp-con-la-fumiga-como-cabeza-de-cartel\/","og_site_name":"Ajuntament de Mont-roig del Camp","article_published_time":"2025-09-04T12:12:33+00:00","article_modified_time":"2025-09-17T06:34:30+00:00","og_image":[{"width":1200,"height":630,"url":"https:\/\/mont-roig.cat\/wp-content\/uploads\/MMF_FESTIQUEL_25_meta.jpg","type":"image\/jpeg"}],"author":"comunicacio","twitter_card":"summary_large_image","twitter_misc":{"Escrito por":"comunicacio","Tiempo de lectura":"3 minutos"},"schema":{"@context":"https:\/\/schema.org","@graph":[{"@type":"Article","@id":"https:\/\/mont-roig.cat\/es\/actualitat\/noticies\/lunes-se-ponen-a-la-venta-las-entradas-para-el-festiquel-de-mont-roig-del-camp-con-la-fumiga-como-cabeza-de-cartel\/#article","isPartOf":{"@id":"https:\/\/mont-roig.cat\/es\/actualitat\/noticies\/lunes-se-ponen-a-la-venta-las-entradas-para-el-festiquel-de-mont-roig-del-camp-con-la-fumiga-como-cabeza-de-cartel\/"},"author":{"name":"comunicacio","@id":"https:\/\/mont-roig.cat\/es\/#\/schema\/person\/1f73e7b5e6f9dd122e8a6f14f310ac5e"},"headline":"\u00a1Lunes se ponen a la venta las entradas para el Festiquel! de Mont-roig del Camp con La F\u00famiga como cabeza de cartel","datePublished":"2025-09-04T12:12:33+00:00","dateModified":"2025-09-17T06:34:30+00:00","mainEntityOfPage":{"@id":"https:\/\/mont-roig.cat\/es\/actualitat\/noticies\/lunes-se-ponen-a-la-venta-las-entradas-para-el-festiquel-de-mont-roig-del-camp-con-la-fumiga-como-cabeza-de-cartel\/"},"wordCount":512,"image":{"@id":"https:\/\/mont-roig.cat\/es\/actualitat\/noticies\/lunes-se-ponen-a-la-venta-las-entradas-para-el-festiquel-de-mont-roig-del-camp-con-la-fumiga-como-cabeza-de-cartel\/#primaryimage"},"thumbnailUrl":"https:\/\/mont-roig.cat\/wp-content\/uploads\/MMF_FESTIQUEL_25_meta.jpg","articleSection":["Ayuntamiento","Festes"],"inLanguage":"es"},{"@type":"WebPage","@id":"https:\/\/mont-roig.cat\/es\/actualitat\/noticies\/lunes-se-ponen-a-la-venta-las-entradas-para-el-festiquel-de-mont-roig-del-camp-con-la-fumiga-como-cabeza-de-cartel\/","url":"https:\/\/mont-roig.cat\/es\/actualitat\/noticies\/lunes-se-ponen-a-la-venta-las-entradas-para-el-festiquel-de-mont-roig-del-camp-con-la-fumiga-como-cabeza-de-cartel\/","name":"\u00a1Lunes se ponen a la venta las entradas para el Festiquel! de Mont-roig del Camp con La F\u00famiga como cabeza de cartel - Ajuntament de Mont-roig del Camp","isPartOf":{"@id":"https:\/\/mont-roig.cat\/es\/#website"},"primaryImageOfPage":{"@id":"https:\/\/mont-roig.cat\/es\/actualitat\/noticies\/lunes-se-ponen-a-la-venta-las-entradas-para-el-festiquel-de-mont-roig-del-camp-con-la-fumiga-como-cabeza-de-cartel\/#primaryimage"},"image":{"@id":"https:\/\/mont-roig.cat\/es\/actualitat\/noticies\/lunes-se-ponen-a-la-venta-las-entradas-para-el-festiquel-de-mont-roig-del-camp-con-la-fumiga-como-cabeza-de-cartel\/#primaryimage"},"thumbnailUrl":"https:\/\/mont-roig.cat\/wp-content\/uploads\/MMF_FESTIQUEL_25_meta.jpg","datePublished":"2025-09-04T12:12:33+00:00","dateModified":"2025-09-17T06:34:30+00:00","author":{"@id":"https:\/\/mont-roig.cat\/es\/#\/schema\/person\/1f73e7b5e6f9dd122e8a6f14f310ac5e"},"breadcrumb":{"@id":"https:\/\/mont-roig.cat\/es\/actualitat\/noticies\/lunes-se-ponen-a-la-venta-las-entradas-para-el-festiquel-de-mont-roig-del-camp-con-la-fumiga-como-cabeza-de-cartel\/#breadcrumb"},"inLanguage":"es","potentialAction":[{"@type":"ReadAction","target":["https:\/\/mont-roig.cat\/es\/actualitat\/noticies\/lunes-se-ponen-a-la-venta-las-entradas-para-el-festiquel-de-mont-roig-del-camp-con-la-fumiga-como-cabeza-de-cartel\/"]}]},{"@type":"ImageObject","inLanguage":"es","@id":"https:\/\/mont-roig.cat\/es\/actualitat\/noticies\/lunes-se-ponen-a-la-venta-las-entradas-para-el-festiquel-de-mont-roig-del-camp-con-la-fumiga-como-cabeza-de-cartel\/#primaryimage","url":"https:\/\/mont-roig.cat\/wp-content\/uploads\/MMF_FESTIQUEL_25_meta.jpg","contentUrl":"https:\/\/mont-roig.cat\/wp-content\/uploads\/MMF_FESTIQUEL_25_meta.jpg","width":1200,"height":630},{"@type":"BreadcrumbList","@id":"https:\/\/mont-roig.cat\/es\/actualitat\/noticies\/lunes-se-ponen-a-la-venta-las-entradas-para-el-festiquel-de-mont-roig-del-camp-con-la-fumiga-como-cabeza-de-cartel\/#breadcrumb","itemListElement":[{"@type":"ListItem","position":1,"name":"Inici","item":"https:\/\/mont-roig.cat\/es\/pagina-de-inicio\/"},{"@type":"ListItem","position":2,"name":"\u00a1Lunes se ponen a la venta las entradas para el Festiquel! de Mont-roig del Camp con La F\u00famiga como cabeza de cartel"}]},{"@type":"WebSite","@id":"https:\/\/mont-roig.cat\/es\/#website","url":"https:\/\/mont-roig.cat\/es\/","name":"Ajuntament de Mont-roig del Camp","description":"Tota la informaci\u00f3 sobre la instituci\u00f3, els seus \u00f2rgans de govern, actualitat, serveis i molt m\u00e9s.","potentialAction":[{"@type":"SearchAction","target":{"@type":"EntryPoint","urlTemplate":"https:\/\/mont-roig.cat\/es\/?s={search_term_string}"},"query-input":{"@type":"PropertyValueSpecification","valueRequired":true,"valueName":"search_term_string"}}],"inLanguage":"es"},{"@type":"Person","@id":"https:\/\/mont-roig.cat\/es\/#\/schema\/person\/1f73e7b5e6f9dd122e8a6f14f310ac5e","name":"comunicacio","image":{"@type":"ImageObject","inLanguage":"es","@id":"https:\/\/secure.gravatar.com\/avatar\/98944333e7a877670a64f8d10f0cb680ab2c9ebc4efc43945ef004b52b5ad28c?s=96&d=mm&r=g","url":"https:\/\/secure.gravatar.com\/avatar\/98944333e7a877670a64f8d10f0cb680ab2c9ebc4efc43945ef004b52b5ad28c?s=96&d=mm&r=g","contentUrl":"https:\/\/secure.gravatar.com\/avatar\/98944333e7a877670a64f8d10f0cb680ab2c9ebc4efc43945ef004b52b5ad28c?s=96&d=mm&r=g","caption":"comunicacio"},"url":"https:\/\/mont-roig.cat\/es\/actualitat\/noticies\/author\/comunicacio\/"}]}},"_links":{"self":[{"href":"https:\/\/mont-roig.cat\/es\/wp-json\/wp\/v2\/posts\/85345","targetHints":{"allow":["GET"]}}],"collection":[{"href":"https:\/\/mont-roig.cat\/es\/wp-json\/wp\/v2\/posts"}],"about":[{"href":"https:\/\/mont-roig.cat\/es\/wp-json\/wp\/v2\/types\/post"}],"author":[{"embeddable":true,"href":"https:\/\/mont-roig.cat\/es\/wp-json\/wp\/v2\/users\/13"}],"replies":[{"embeddable":true,"href":"https:\/\/mont-roig.cat\/es\/wp-json\/wp\/v2\/comments?post=85345"}],"version-history":[{"count":4,"href":"https:\/\/mont-roig.cat\/es\/wp-json\/wp\/v2\/posts\/85345\/revisions"}],"predecessor-version":[{"id":85528,"href":"https:\/\/mont-roig.cat\/es\/wp-json\/wp\/v2\/posts\/85345\/revisions\/85528"}],"wp:featuredmedia":[{"embeddable":true,"href":"https:\/\/mont-roig.cat\/es\/wp-json\/wp\/v2\/media\/85331"}],"wp:attachment":[{"href":"https:\/\/mont-roig.cat\/es\/wp-json\/wp\/v2\/media?parent=85345"}],"wp:term":[{"taxonomy":"category","embeddable":true,"href":"https:\/\/mont-roig.cat\/es\/wp-json\/wp\/v2\/categories?post=85345"},{"taxonomy":"post_tag","embeddable":true,"href":"https:\/\/mont-roig.cat\/es\/wp-json\/wp\/v2\/tags?post=85345"}],"curies":[{"name":"wp","href":"https:\/\/api.w.org\/{rel}","templated":true}]}}