{"id":85387,"date":"2025-09-08T13:13:34","date_gmt":"2025-09-08T11:13:34","guid":{"rendered":"https:\/\/mont-roig.cat\/actualitat\/noticies\/un-total-de-1-870-alumnes-inicien-el-curs-escolar-2025-2026-als-centres-educatius-del-municipi\/"},"modified":"2026-03-25T11:00:27","modified_gmt":"2026-03-25T10:00:27","slug":"un-total-de-1-870-alumnos-inician-el-curso-escolar-2025-2026-en-los-centros-educativos-del-municipio","status":"publish","type":"post","link":"https:\/\/mont-roig.cat\/es\/actualitat\/noticies\/un-total-de-1-870-alumnos-inician-el-curso-escolar-2025-2026-en-los-centros-educativos-del-municipio\/","title":{"rendered":"Un total de 1.870 alumnos inician el curso escolar 2025-2026 en los centros educativos del municipio"},"content":{"rendered":"<div id=\"attachment_85383\" style=\"width: 313px\" class=\"wp-caption alignright\"><a href=\"https:\/\/mont-roig.cat\/wp-content\/uploads\/inici-curs-1-scaled.jpeg\" target=\"_blank\" rel=\"noopener\"><img loading=\"lazy\" decoding=\"async\" aria-describedby=\"caption-attachment-85383\" class=\"wp-image-85383\" src=\"https:\/\/mont-roig.cat\/wp-content\/uploads\/inici-curs-1-500x375.jpeg\" alt=\"\" width=\"303\" height=\"227\" srcset=\"https:\/\/mont-roig.cat\/wp-content\/uploads\/inici-curs-1-500x375.jpeg 500w, https:\/\/mont-roig.cat\/wp-content\/uploads\/inici-curs-1-1024x768.jpeg 1024w, https:\/\/mont-roig.cat\/wp-content\/uploads\/inici-curs-1-768x576.jpeg 768w, https:\/\/mont-roig.cat\/wp-content\/uploads\/inici-curs-1-1536x1152.jpeg 1536w, https:\/\/mont-roig.cat\/wp-content\/uploads\/inici-curs-1-scaled.jpeg 2048w, https:\/\/mont-roig.cat\/wp-content\/uploads\/inici-curs-1-463x348.jpeg 463w\" sizes=\"auto, (max-width: 303px) 100vw, 303px\" \/><\/a><p id=\"caption-attachment-85383\" class=\"wp-caption-text\">Escola Marcel\u00b7l\u00ed Esquius de Miami Platja, esta ma\u00f1ana.<\/p><\/div>\n<ul>\n<li data-start=\"93\" data-end=\"417\"><strong>El nuevo curso incorpora en el Institut Antoni Ballester un Programa de Formaci\u00f3n e Inserci\u00f3n de operaciones sostenibles en la industria y el medio agrario y un Ciclo Formativo de Grado Medio en Gesti\u00f3n Administrativa<\/strong><\/li>\n<\/ul>\n<p data-start=\"419\" data-end=\"840\">El curso escolar 2025-2026 ha comenzado este lunes 8 de septiembre en los centros de Miami Platja y lo har\u00e1 ma\u00f1ana, martes 9, en los de Mont-roig del Camp, coincidiendo con la festividad local. Para los estudios postobligatorios las clases tendr\u00e1n su inicio el d\u00eda 12 de septiembre. En total, 1.870 alumnos se han matriculado en los centros del municipio, una cifra que se mantiene en crecimiento en los \u00faltimos cursos.<\/p>\n<p data-start=\"842\" data-end=\"1227\">En cuanto a la distribuci\u00f3n, las dos guarder\u00edas acogen este a\u00f1o 103 ni\u00f1os: 44 en la Mare de D\u00e9u de la Roca y 59 en la Petete. En primaria, la Escola Mare de D\u00e9u de la Roca cuenta con 367 alumnos, la Escola Marcel\u00b7l\u00ed Esquius con 308 y la Escola Joan Mir\u00f3 con 354. En cuanto a los institutos, el Antoni Ballester de Mont-roig escolariza a 485 estudiantes y el Institut Miami tiene 253.<\/p>\n<p data-start=\"1229\" data-end=\"1266\"><a href=\"https:\/\/mont-roig.cat\/wp-content\/uploads\/inici-curs-2-scaled.jpeg\" target=\"_blank\" rel=\"noopener\"><img loading=\"lazy\" decoding=\"async\" class=\"alignleft wp-image-85382\" src=\"https:\/\/mont-roig.cat\/wp-content\/uploads\/inici-curs-2-500x375.jpeg\" alt=\"\" width=\"305\" height=\"229\" srcset=\"https:\/\/mont-roig.cat\/wp-content\/uploads\/inici-curs-2-500x375.jpeg 500w, https:\/\/mont-roig.cat\/wp-content\/uploads\/inici-curs-2-1024x768.jpeg 1024w, https:\/\/mont-roig.cat\/wp-content\/uploads\/inici-curs-2-768x576.jpeg 768w, https:\/\/mont-roig.cat\/wp-content\/uploads\/inici-curs-2-1536x1152.jpeg 1536w, https:\/\/mont-roig.cat\/wp-content\/uploads\/inici-curs-2-scaled.jpeg 2048w, https:\/\/mont-roig.cat\/wp-content\/uploads\/inici-curs-2-463x348.jpeg 463w\" sizes=\"auto, (max-width: 305px) 100vw, 305px\" \/><\/a><strong>Nuevas oportunidades formativas<\/strong><\/p>\n<p data-start=\"1267\" data-end=\"1786\">Entre las novedades de este curso destaca la puesta en marcha de nuevos estudios postobligatorios en el Institut Antoni Ballester de Mont-roig del Camp: un Programa de Formaci\u00f3n e Inserci\u00f3n (PFI) de operaciones sostenibles en la industria y el medio agrario, dirigido a j\u00f3venes de entre 16 y 21 a\u00f1os que no han obtenido el t\u00edtulo de la ESO, y un Ciclo Formativo de Grado Medio en Gesti\u00f3n Administrativa, que ofrece formaci\u00f3n pr\u00e1ctica en tareas de contabilidad, atenci\u00f3n al cliente y gesti\u00f3n de procesos empresariales.<\/p>\n<p data-start=\"1788\" data-end=\"2330\">A nivel de infraestructuras, la Escola Mare de D\u00e9u de la Roca dispondr\u00e1 a partir de este curso del nuevo pabell\u00f3n de la Roca en horario lectivo, mientras que durante el verano tambi\u00e9n se han realizado tareas de mantenimiento y reparaci\u00f3n en los diferentes centros educativos para garantizar su buen funcionamiento. Asimismo, el Ayuntamiento contin\u00faa insistiendo a la Generalitat para que acelere la puesta en marcha del nuevo m\u00f3dulo en la Escola Marcel\u00b7l\u00ed Esquius y para que la creaci\u00f3n del Institut Miami sea una realidad lo antes posible.<\/p>\n<p data-start=\"2332\" data-end=\"2387\"><strong>Primer trimestre con acogidas matinales gratuitas<\/strong><\/p>\n<p data-start=\"2388\" data-end=\"2591\">Gracias a la Subvenci\u00f3n tiempos para cuidados de la Generalitat junto con el Plan Corresponsables del Ministerio de Igualdad, que ha gestionado el Ayuntamiento, hasta diciembre las acogidas matinales en los 3 centros de primaria ser\u00e1n gratuitas para las familias.<\/p>\n<p data-start=\"2593\" data-end=\"2801\">Finalmente, cabe recordar que la Oficina Municipal de Escolarizaci\u00f3n (OME) sigue acompa\u00f1ando a las familias en todo el proceso de matriculaci\u00f3n, transporte escolar y otras necesidades durante todo el curso.<\/p>\n<p data-start=\"2803\" data-end=\"3062\">Avinguda de M\u00e0laga, 32 Miami Platja<br data-start=\"2838\" data-end=\"2841\" \/>De lunes a viernes de 9 a 14 h<br data-start=\"2871\" data-end=\"2874\" \/>Para solicitar atenci\u00f3n presencial en el n\u00facleo de Mont-roig (que tendr\u00e1 lugar en las oficinas del OMAC) ser\u00e1 necesario pedir cita previa.<br data-start=\"3012\" data-end=\"3015\" \/>977 172 865<br data-start=\"3026\" data-end=\"3029\" \/>677 724 637<br data-start=\"3040\" data-end=\"3043\" \/><a href=\"mailto:ome@mont-roig.cat\" target=\"_blank\" rel=\"noopener\">ome@mont-roig.cat<\/a><\/p>\n<p data-start=\"2803\" data-end=\"3062\">\n<p data-start=\"2803\" data-end=\"3062\"><a href=\"https:\/\/mont-roig.cat\/wp-content\/uploads\/LOGO-TEMPS-X-CURES.jpg\"><img loading=\"lazy\" decoding=\"async\" class=\"size-medium wp-image-90392 alignleft\" src=\"https:\/\/mont-roig.cat\/wp-content\/uploads\/LOGO-TEMPS-X-CURES-500x63.jpg\" alt=\"\" width=\"500\" height=\"63\" \/><\/a><\/p>\n","protected":false},"excerpt":{"rendered":"<p>El nuevo curso incorpora en el Institut Antoni Ballester un Programa de Formaci\u00f3n e Inserci\u00f3n de operaciones sostenibles en la industria y el medio agrario y un Ciclo Formativo de Grado Medio en Gesti\u00f3n Administrativa El curso escolar 2025-2026 ha comenzado este lunes 8 de septiembre en los centros de Miami Platja y lo har\u00e1 [&hellip;]<\/p>\n","protected":false},"author":13,"featured_media":85384,"comment_status":"closed","ping_status":"closed","sticky":false,"template":"","format":"standard","meta":{"inline_featured_image":false,"_monsterinsights_skip_tracking":false,"_monsterinsights_sitenote_active":false,"_monsterinsights_sitenote_note":"","_monsterinsights_sitenote_category":0,"footnotes":""},"categories":[98,103],"tags":[],"class_list":["post-85387","post","type-post","status-publish","format-standard","has-post-thumbnail","hentry","category-ayuntamiento","category-educacion"],"yoast_head":"<!-- This site is optimized with the Yoast SEO plugin v27.4 - https:\/\/yoast.com\/product\/yoast-seo-wordpress\/ -->\n<title>Un total de 1.870 alumnos inician el curso escolar 2025-2026 en los centros educativos del municipio - Ajuntament de Mont-roig del Camp<\/title>\n<meta name=\"robots\" content=\"index, follow, max-snippet:-1, max-image-preview:large, max-video-preview:-1\" \/>\n<link rel=\"canonical\" href=\"https:\/\/mont-roig.cat\/es\/actualitat\/noticies\/un-total-de-1-870-alumnos-inician-el-curso-escolar-2025-2026-en-los-centros-educativos-del-municipio\/\" \/>\n<meta property=\"og:locale\" content=\"es_ES\" \/>\n<meta property=\"og:type\" content=\"article\" \/>\n<meta property=\"og:title\" content=\"Un total de 1.870 alumnos inician el curso escolar 2025-2026 en los centros educativos del municipio - Ajuntament de Mont-roig del Camp\" \/>\n<meta property=\"og:description\" content=\"El nuevo curso incorpora en el Institut Antoni Ballester un Programa de Formaci\u00f3n e Inserci\u00f3n de operaciones sostenibles en la industria y el medio agrario y un Ciclo Formativo de Grado Medio en Gesti\u00f3n Administrativa El curso escolar 2025-2026 ha comenzado este lunes 8 de septiembre en los centros de Miami Platja y lo har\u00e1 [&hellip;]\" \/>\n<meta property=\"og:url\" content=\"https:\/\/mont-roig.cat\/es\/actualitat\/noticies\/un-total-de-1-870-alumnos-inician-el-curso-escolar-2025-2026-en-los-centros-educativos-del-municipio\/\" \/>\n<meta property=\"og:site_name\" content=\"Ajuntament de Mont-roig del Camp\" \/>\n<meta property=\"article:published_time\" content=\"2025-09-08T11:13:34+00:00\" \/>\n<meta property=\"article:modified_time\" content=\"2026-03-25T10:00:27+00:00\" \/>\n<meta property=\"og:image\" content=\"https:\/\/mont-roig.cat\/wp-content\/uploads\/inici-curs-1-scaled.jpeg\" \/>\n\t<meta property=\"og:image:width\" content=\"2048\" \/>\n\t<meta property=\"og:image:height\" content=\"1536\" \/>\n\t<meta property=\"og:image:type\" content=\"image\/jpeg\" \/>\n<meta name=\"author\" content=\"comunicacio\" \/>\n<meta name=\"twitter:card\" content=\"summary_large_image\" \/>\n<meta name=\"twitter:label1\" content=\"Escrito por\" \/>\n\t<meta name=\"twitter:data1\" content=\"comunicacio\" \/>\n\t<meta name=\"twitter:label2\" content=\"Tiempo de lectura\" \/>\n\t<meta name=\"twitter:data2\" content=\"4 minutos\" \/>\n<script type=\"application\/ld+json\" class=\"yoast-schema-graph\">{\"@context\":\"https:\\\/\\\/schema.org\",\"@graph\":[{\"@type\":\"Article\",\"@id\":\"https:\\\/\\\/mont-roig.cat\\\/es\\\/actualitat\\\/noticies\\\/un-total-de-1-870-alumnos-inician-el-curso-escolar-2025-2026-en-los-centros-educativos-del-municipio\\\/#article\",\"isPartOf\":{\"@id\":\"https:\\\/\\\/mont-roig.cat\\\/es\\\/actualitat\\\/noticies\\\/un-total-de-1-870-alumnos-inician-el-curso-escolar-2025-2026-en-los-centros-educativos-del-municipio\\\/\"},\"author\":{\"name\":\"comunicacio\",\"@id\":\"https:\\\/\\\/mont-roig.cat\\\/es\\\/#\\\/schema\\\/person\\\/1f73e7b5e6f9dd122e8a6f14f310ac5e\"},\"headline\":\"Un total de 1.870 alumnos inician el curso escolar 2025-2026 en los centros educativos del municipio\",\"datePublished\":\"2025-09-08T11:13:34+00:00\",\"dateModified\":\"2026-03-25T10:00:27+00:00\",\"mainEntityOfPage\":{\"@id\":\"https:\\\/\\\/mont-roig.cat\\\/es\\\/actualitat\\\/noticies\\\/un-total-de-1-870-alumnos-inician-el-curso-escolar-2025-2026-en-los-centros-educativos-del-municipio\\\/\"},\"wordCount\":523,\"image\":{\"@id\":\"https:\\\/\\\/mont-roig.cat\\\/es\\\/actualitat\\\/noticies\\\/un-total-de-1-870-alumnos-inician-el-curso-escolar-2025-2026-en-los-centros-educativos-del-municipio\\\/#primaryimage\"},\"thumbnailUrl\":\"https:\\\/\\\/mont-roig.cat\\\/wp-content\\\/uploads\\\/inici-curs-1-scaled.jpeg\",\"articleSection\":[\"Ayuntamiento\",\"Educaci\u00f3n\"],\"inLanguage\":\"es\"},{\"@type\":\"WebPage\",\"@id\":\"https:\\\/\\\/mont-roig.cat\\\/es\\\/actualitat\\\/noticies\\\/un-total-de-1-870-alumnos-inician-el-curso-escolar-2025-2026-en-los-centros-educativos-del-municipio\\\/\",\"url\":\"https:\\\/\\\/mont-roig.cat\\\/es\\\/actualitat\\\/noticies\\\/un-total-de-1-870-alumnos-inician-el-curso-escolar-2025-2026-en-los-centros-educativos-del-municipio\\\/\",\"name\":\"Un total de 1.870 alumnos inician el curso escolar 2025-2026 en los centros educativos del municipio - Ajuntament de Mont-roig del Camp\",\"isPartOf\":{\"@id\":\"https:\\\/\\\/mont-roig.cat\\\/es\\\/#website\"},\"primaryImageOfPage\":{\"@id\":\"https:\\\/\\\/mont-roig.cat\\\/es\\\/actualitat\\\/noticies\\\/un-total-de-1-870-alumnos-inician-el-curso-escolar-2025-2026-en-los-centros-educativos-del-municipio\\\/#primaryimage\"},\"image\":{\"@id\":\"https:\\\/\\\/mont-roig.cat\\\/es\\\/actualitat\\\/noticies\\\/un-total-de-1-870-alumnos-inician-el-curso-escolar-2025-2026-en-los-centros-educativos-del-municipio\\\/#primaryimage\"},\"thumbnailUrl\":\"https:\\\/\\\/mont-roig.cat\\\/wp-content\\\/uploads\\\/inici-curs-1-scaled.jpeg\",\"datePublished\":\"2025-09-08T11:13:34+00:00\",\"dateModified\":\"2026-03-25T10:00:27+00:00\",\"author\":{\"@id\":\"https:\\\/\\\/mont-roig.cat\\\/es\\\/#\\\/schema\\\/person\\\/1f73e7b5e6f9dd122e8a6f14f310ac5e\"},\"breadcrumb\":{\"@id\":\"https:\\\/\\\/mont-roig.cat\\\/es\\\/actualitat\\\/noticies\\\/un-total-de-1-870-alumnos-inician-el-curso-escolar-2025-2026-en-los-centros-educativos-del-municipio\\\/#breadcrumb\"},\"inLanguage\":\"es\",\"potentialAction\":[{\"@type\":\"ReadAction\",\"target\":[\"https:\\\/\\\/mont-roig.cat\\\/es\\\/actualitat\\\/noticies\\\/un-total-de-1-870-alumnos-inician-el-curso-escolar-2025-2026-en-los-centros-educativos-del-municipio\\\/\"]}]},{\"@type\":\"ImageObject\",\"inLanguage\":\"es\",\"@id\":\"https:\\\/\\\/mont-roig.cat\\\/es\\\/actualitat\\\/noticies\\\/un-total-de-1-870-alumnos-inician-el-curso-escolar-2025-2026-en-los-centros-educativos-del-municipio\\\/#primaryimage\",\"url\":\"https:\\\/\\\/mont-roig.cat\\\/wp-content\\\/uploads\\\/inici-curs-1-scaled.jpeg\",\"contentUrl\":\"https:\\\/\\\/mont-roig.cat\\\/wp-content\\\/uploads\\\/inici-curs-1-scaled.jpeg\",\"width\":2048,\"height\":1536},{\"@type\":\"BreadcrumbList\",\"@id\":\"https:\\\/\\\/mont-roig.cat\\\/es\\\/actualitat\\\/noticies\\\/un-total-de-1-870-alumnos-inician-el-curso-escolar-2025-2026-en-los-centros-educativos-del-municipio\\\/#breadcrumb\",\"itemListElement\":[{\"@type\":\"ListItem\",\"position\":1,\"name\":\"Inici\",\"item\":\"https:\\\/\\\/mont-roig.cat\\\/es\\\/pagina-de-inicio\\\/\"},{\"@type\":\"ListItem\",\"position\":2,\"name\":\"Un total de 1.870 alumnos inician el curso escolar 2025-2026 en los centros educativos del municipio\"}]},{\"@type\":\"WebSite\",\"@id\":\"https:\\\/\\\/mont-roig.cat\\\/es\\\/#website\",\"url\":\"https:\\\/\\\/mont-roig.cat\\\/es\\\/\",\"name\":\"Ajuntament de Mont-roig del Camp\",\"description\":\"Tota la informaci\u00f3 sobre la instituci\u00f3, els seus \u00f2rgans de govern, actualitat, serveis i molt m\u00e9s.\",\"potentialAction\":[{\"@type\":\"SearchAction\",\"target\":{\"@type\":\"EntryPoint\",\"urlTemplate\":\"https:\\\/\\\/mont-roig.cat\\\/es\\\/?s={search_term_string}\"},\"query-input\":{\"@type\":\"PropertyValueSpecification\",\"valueRequired\":true,\"valueName\":\"search_term_string\"}}],\"inLanguage\":\"es\"},{\"@type\":\"Person\",\"@id\":\"https:\\\/\\\/mont-roig.cat\\\/es\\\/#\\\/schema\\\/person\\\/1f73e7b5e6f9dd122e8a6f14f310ac5e\",\"name\":\"comunicacio\",\"image\":{\"@type\":\"ImageObject\",\"inLanguage\":\"es\",\"@id\":\"https:\\\/\\\/secure.gravatar.com\\\/avatar\\\/98944333e7a877670a64f8d10f0cb680ab2c9ebc4efc43945ef004b52b5ad28c?s=96&d=mm&r=g\",\"url\":\"https:\\\/\\\/secure.gravatar.com\\\/avatar\\\/98944333e7a877670a64f8d10f0cb680ab2c9ebc4efc43945ef004b52b5ad28c?s=96&d=mm&r=g\",\"contentUrl\":\"https:\\\/\\\/secure.gravatar.com\\\/avatar\\\/98944333e7a877670a64f8d10f0cb680ab2c9ebc4efc43945ef004b52b5ad28c?s=96&d=mm&r=g\",\"caption\":\"comunicacio\"},\"url\":\"https:\\\/\\\/mont-roig.cat\\\/es\\\/actualitat\\\/noticies\\\/author\\\/comunicacio\\\/\"}]}<\/script>\n<!-- \/ Yoast SEO plugin. -->","yoast_head_json":{"title":"Un total de 1.870 alumnos inician el curso escolar 2025-2026 en los centros educativos del municipio - Ajuntament de Mont-roig del Camp","robots":{"index":"index","follow":"follow","max-snippet":"max-snippet:-1","max-image-preview":"max-image-preview:large","max-video-preview":"max-video-preview:-1"},"canonical":"https:\/\/mont-roig.cat\/es\/actualitat\/noticies\/un-total-de-1-870-alumnos-inician-el-curso-escolar-2025-2026-en-los-centros-educativos-del-municipio\/","og_locale":"es_ES","og_type":"article","og_title":"Un total de 1.870 alumnos inician el curso escolar 2025-2026 en los centros educativos del municipio - Ajuntament de Mont-roig del Camp","og_description":"El nuevo curso incorpora en el Institut Antoni Ballester un Programa de Formaci\u00f3n e Inserci\u00f3n de operaciones sostenibles en la industria y el medio agrario y un Ciclo Formativo de Grado Medio en Gesti\u00f3n Administrativa El curso escolar 2025-2026 ha comenzado este lunes 8 de septiembre en los centros de Miami Platja y lo har\u00e1 [&hellip;]","og_url":"https:\/\/mont-roig.cat\/es\/actualitat\/noticies\/un-total-de-1-870-alumnos-inician-el-curso-escolar-2025-2026-en-los-centros-educativos-del-municipio\/","og_site_name":"Ajuntament de Mont-roig del Camp","article_published_time":"2025-09-08T11:13:34+00:00","article_modified_time":"2026-03-25T10:00:27+00:00","og_image":[{"width":2048,"height":1536,"url":"https:\/\/mont-roig.cat\/wp-content\/uploads\/inici-curs-1-scaled.jpeg","type":"image\/jpeg"}],"author":"comunicacio","twitter_card":"summary_large_image","twitter_misc":{"Escrito por":"comunicacio","Tiempo de lectura":"4 minutos"},"schema":{"@context":"https:\/\/schema.org","@graph":[{"@type":"Article","@id":"https:\/\/mont-roig.cat\/es\/actualitat\/noticies\/un-total-de-1-870-alumnos-inician-el-curso-escolar-2025-2026-en-los-centros-educativos-del-municipio\/#article","isPartOf":{"@id":"https:\/\/mont-roig.cat\/es\/actualitat\/noticies\/un-total-de-1-870-alumnos-inician-el-curso-escolar-2025-2026-en-los-centros-educativos-del-municipio\/"},"author":{"name":"comunicacio","@id":"https:\/\/mont-roig.cat\/es\/#\/schema\/person\/1f73e7b5e6f9dd122e8a6f14f310ac5e"},"headline":"Un total de 1.870 alumnos inician el curso escolar 2025-2026 en los centros educativos del municipio","datePublished":"2025-09-08T11:13:34+00:00","dateModified":"2026-03-25T10:00:27+00:00","mainEntityOfPage":{"@id":"https:\/\/mont-roig.cat\/es\/actualitat\/noticies\/un-total-de-1-870-alumnos-inician-el-curso-escolar-2025-2026-en-los-centros-educativos-del-municipio\/"},"wordCount":523,"image":{"@id":"https:\/\/mont-roig.cat\/es\/actualitat\/noticies\/un-total-de-1-870-alumnos-inician-el-curso-escolar-2025-2026-en-los-centros-educativos-del-municipio\/#primaryimage"},"thumbnailUrl":"https:\/\/mont-roig.cat\/wp-content\/uploads\/inici-curs-1-scaled.jpeg","articleSection":["Ayuntamiento","Educaci\u00f3n"],"inLanguage":"es"},{"@type":"WebPage","@id":"https:\/\/mont-roig.cat\/es\/actualitat\/noticies\/un-total-de-1-870-alumnos-inician-el-curso-escolar-2025-2026-en-los-centros-educativos-del-municipio\/","url":"https:\/\/mont-roig.cat\/es\/actualitat\/noticies\/un-total-de-1-870-alumnos-inician-el-curso-escolar-2025-2026-en-los-centros-educativos-del-municipio\/","name":"Un total de 1.870 alumnos inician el curso escolar 2025-2026 en los centros educativos del municipio - Ajuntament de Mont-roig del Camp","isPartOf":{"@id":"https:\/\/mont-roig.cat\/es\/#website"},"primaryImageOfPage":{"@id":"https:\/\/mont-roig.cat\/es\/actualitat\/noticies\/un-total-de-1-870-alumnos-inician-el-curso-escolar-2025-2026-en-los-centros-educativos-del-municipio\/#primaryimage"},"image":{"@id":"https:\/\/mont-roig.cat\/es\/actualitat\/noticies\/un-total-de-1-870-alumnos-inician-el-curso-escolar-2025-2026-en-los-centros-educativos-del-municipio\/#primaryimage"},"thumbnailUrl":"https:\/\/mont-roig.cat\/wp-content\/uploads\/inici-curs-1-scaled.jpeg","datePublished":"2025-09-08T11:13:34+00:00","dateModified":"2026-03-25T10:00:27+00:00","author":{"@id":"https:\/\/mont-roig.cat\/es\/#\/schema\/person\/1f73e7b5e6f9dd122e8a6f14f310ac5e"},"breadcrumb":{"@id":"https:\/\/mont-roig.cat\/es\/actualitat\/noticies\/un-total-de-1-870-alumnos-inician-el-curso-escolar-2025-2026-en-los-centros-educativos-del-municipio\/#breadcrumb"},"inLanguage":"es","potentialAction":[{"@type":"ReadAction","target":["https:\/\/mont-roig.cat\/es\/actualitat\/noticies\/un-total-de-1-870-alumnos-inician-el-curso-escolar-2025-2026-en-los-centros-educativos-del-municipio\/"]}]},{"@type":"ImageObject","inLanguage":"es","@id":"https:\/\/mont-roig.cat\/es\/actualitat\/noticies\/un-total-de-1-870-alumnos-inician-el-curso-escolar-2025-2026-en-los-centros-educativos-del-municipio\/#primaryimage","url":"https:\/\/mont-roig.cat\/wp-content\/uploads\/inici-curs-1-scaled.jpeg","contentUrl":"https:\/\/mont-roig.cat\/wp-content\/uploads\/inici-curs-1-scaled.jpeg","width":2048,"height":1536},{"@type":"BreadcrumbList","@id":"https:\/\/mont-roig.cat\/es\/actualitat\/noticies\/un-total-de-1-870-alumnos-inician-el-curso-escolar-2025-2026-en-los-centros-educativos-del-municipio\/#breadcrumb","itemListElement":[{"@type":"ListItem","position":1,"name":"Inici","item":"https:\/\/mont-roig.cat\/es\/pagina-de-inicio\/"},{"@type":"ListItem","position":2,"name":"Un total de 1.870 alumnos inician el curso escolar 2025-2026 en los centros educativos del municipio"}]},{"@type":"WebSite","@id":"https:\/\/mont-roig.cat\/es\/#website","url":"https:\/\/mont-roig.cat\/es\/","name":"Ajuntament de Mont-roig del Camp","description":"Tota la informaci\u00f3 sobre la instituci\u00f3, els seus \u00f2rgans de govern, actualitat, serveis i molt m\u00e9s.","potentialAction":[{"@type":"SearchAction","target":{"@type":"EntryPoint","urlTemplate":"https:\/\/mont-roig.cat\/es\/?s={search_term_string}"},"query-input":{"@type":"PropertyValueSpecification","valueRequired":true,"valueName":"search_term_string"}}],"inLanguage":"es"},{"@type":"Person","@id":"https:\/\/mont-roig.cat\/es\/#\/schema\/person\/1f73e7b5e6f9dd122e8a6f14f310ac5e","name":"comunicacio","image":{"@type":"ImageObject","inLanguage":"es","@id":"https:\/\/secure.gravatar.com\/avatar\/98944333e7a877670a64f8d10f0cb680ab2c9ebc4efc43945ef004b52b5ad28c?s=96&d=mm&r=g","url":"https:\/\/secure.gravatar.com\/avatar\/98944333e7a877670a64f8d10f0cb680ab2c9ebc4efc43945ef004b52b5ad28c?s=96&d=mm&r=g","contentUrl":"https:\/\/secure.gravatar.com\/avatar\/98944333e7a877670a64f8d10f0cb680ab2c9ebc4efc43945ef004b52b5ad28c?s=96&d=mm&r=g","caption":"comunicacio"},"url":"https:\/\/mont-roig.cat\/es\/actualitat\/noticies\/author\/comunicacio\/"}]}},"_links":{"self":[{"href":"https:\/\/mont-roig.cat\/es\/wp-json\/wp\/v2\/posts\/85387","targetHints":{"allow":["GET"]}}],"collection":[{"href":"https:\/\/mont-roig.cat\/es\/wp-json\/wp\/v2\/posts"}],"about":[{"href":"https:\/\/mont-roig.cat\/es\/wp-json\/wp\/v2\/types\/post"}],"author":[{"embeddable":true,"href":"https:\/\/mont-roig.cat\/es\/wp-json\/wp\/v2\/users\/13"}],"replies":[{"embeddable":true,"href":"https:\/\/mont-roig.cat\/es\/wp-json\/wp\/v2\/comments?post=85387"}],"version-history":[{"count":7,"href":"https:\/\/mont-roig.cat\/es\/wp-json\/wp\/v2\/posts\/85387\/revisions"}],"predecessor-version":[{"id":90401,"href":"https:\/\/mont-roig.cat\/es\/wp-json\/wp\/v2\/posts\/85387\/revisions\/90401"}],"wp:featuredmedia":[{"embeddable":true,"href":"https:\/\/mont-roig.cat\/es\/wp-json\/wp\/v2\/media\/85384"}],"wp:attachment":[{"href":"https:\/\/mont-roig.cat\/es\/wp-json\/wp\/v2\/media?parent=85387"}],"wp:term":[{"taxonomy":"category","embeddable":true,"href":"https:\/\/mont-roig.cat\/es\/wp-json\/wp\/v2\/categories?post=85387"},{"taxonomy":"post_tag","embeddable":true,"href":"https:\/\/mont-roig.cat\/es\/wp-json\/wp\/v2\/tags?post=85387"}],"curies":[{"name":"wp","href":"https:\/\/api.w.org\/{rel}","templated":true}]}}