{"id":85406,"date":"2025-09-08T14:26:02","date_gmt":"2025-09-08T12:26:02","guid":{"rendered":"https:\/\/mont-roig.cat\/actualitat\/noticies\/lajuntament-de-mont-roig-del-camp-assumeix-el-manteniment-del-parc-de-les-oliveres-de-miami-platja\/"},"modified":"2025-09-08T17:35:47","modified_gmt":"2025-09-08T15:35:47","slug":"el-ayuntamiento-de-mont-roig-del-camp-asume-el-mantenimiento-del-parc-de-les-oliveres-de-miami-platja","status":"publish","type":"post","link":"https:\/\/mont-roig.cat\/es\/actualitat\/noticies\/el-ayuntamiento-de-mont-roig-del-camp-asume-el-mantenimiento-del-parc-de-les-oliveres-de-miami-platja\/","title":{"rendered":"El Ayuntamiento de Mont-roig del Camp asume el mantenimiento del Parc de les Oliveres de Miami Platja"},"content":{"rendered":"<div id=\"attachment_85398\" style=\"width: 309px\" class=\"wp-caption alignright\"><a href=\"https:\/\/mont-roig.cat\/wp-content\/uploads\/PARC-OLIVERES-scaled.jpeg\" target=\"_blank\" rel=\"noopener\"><img loading=\"lazy\" decoding=\"async\" aria-describedby=\"caption-attachment-85398\" class=\"wp-image-85398\" src=\"https:\/\/mont-roig.cat\/wp-content\/uploads\/PARC-OLIVERES-500x375.jpeg\" alt=\"\" width=\"299\" height=\"224\" srcset=\"https:\/\/mont-roig.cat\/wp-content\/uploads\/PARC-OLIVERES-500x375.jpeg 500w, https:\/\/mont-roig.cat\/wp-content\/uploads\/PARC-OLIVERES-1024x768.jpeg 1024w, https:\/\/mont-roig.cat\/wp-content\/uploads\/PARC-OLIVERES-768x576.jpeg 768w, https:\/\/mont-roig.cat\/wp-content\/uploads\/PARC-OLIVERES-1536x1152.jpeg 1536w, https:\/\/mont-roig.cat\/wp-content\/uploads\/PARC-OLIVERES-scaled.jpeg 2048w, https:\/\/mont-roig.cat\/wp-content\/uploads\/PARC-OLIVERES-463x348.jpeg 463w\" sizes=\"auto, (max-width: 299px) 100vw, 299px\" \/><\/a><p id=\"caption-attachment-85398\" class=\"wp-caption-text\">El Parc de les Oliveres de Miami Platja, hoy.<\/p><\/div>\n<ul>\n<li data-start=\"238\" data-end=\"470\"><strong>El consistorio toma el relevo una vez finalizado el contrato con la empresa que construy\u00f3 el parque hace seis a\u00f1os y que deb\u00eda encargarse de su mantenimiento. Reclamar\u00e1 una compensaci\u00f3n econ\u00f3mica por las deficiencias del servicio<\/strong><\/li>\n<\/ul>\n<p data-start=\"472\" data-end=\"833\">El Ayuntamiento de Mont-roig del Camp ha pasado a encargarse directamente de las tareas de jardiner\u00eda y mantenimiento del Parc de les Oliveres de Miami Platja a trav\u00e9s de la empresa Nostreserveis, una vez finalizado el contrato con la empresa concesionaria que ejecut\u00f3 la obra hace seis a\u00f1os y que, hasta ahora, ten\u00eda asignada la conservaci\u00f3n y mantenimiento.<\/p>\n<p data-start=\"835\" data-end=\"1212\">Durante los \u00faltimos meses, el consistorio hab\u00eda reclamado insistentemente una mejora del servicio, sin obtener respuesta satisfactoria. Por este motivo, y con la voluntad de garantizar un correcto estado del espacio, ha decidido asumir la gesti\u00f3n de manera directa y desde hace unos d\u00edas los operarios de Nostreserveis est\u00e1n ejecutando unas mejoras evidentes en este espacio.<\/p>\n<p data-start=\"1214\" data-end=\"1423\">Paralelamente, el Ayuntamiento de Mont-roig del Camp ha decidido que emprender\u00e1 acciones para reclamar una compensaci\u00f3n econ\u00f3mica a la empresa ante la falta de cumplimiento de las obligaciones contractuales.<\/p>\n","protected":false},"excerpt":{"rendered":"<p>El consistorio toma el relevo una vez finalizado el contrato con la empresa que construy\u00f3 el parque hace seis a\u00f1os y que deb\u00eda encargarse de su mantenimiento. Reclamar\u00e1 una compensaci\u00f3n econ\u00f3mica por las deficiencias del servicio El Ayuntamiento de Mont-roig del Camp ha pasado a encargarse directamente de las tareas de jardiner\u00eda y mantenimiento del [&hellip;]<\/p>\n","protected":false},"author":13,"featured_media":85399,"comment_status":"closed","ping_status":"closed","sticky":false,"template":"","format":"standard","meta":{"inline_featured_image":false,"_monsterinsights_skip_tracking":false,"_monsterinsights_sitenote_active":false,"_monsterinsights_sitenote_note":"","_monsterinsights_sitenote_category":0,"footnotes":""},"categories":[98,204],"tags":[],"class_list":["post-85406","post","type-post","status-publish","format-standard","has-post-thumbnail","hentry","category-ayuntamiento","category-nostreserveis-es"],"yoast_head":"<!-- This site is optimized with the Yoast SEO plugin v27.4 - https:\/\/yoast.com\/product\/yoast-seo-wordpress\/ -->\n<title>El Ayuntamiento de Mont-roig del Camp asume el mantenimiento del Parc de les Oliveres de Miami Platja - Ajuntament de Mont-roig del Camp<\/title>\n<meta name=\"robots\" content=\"index, follow, max-snippet:-1, max-image-preview:large, max-video-preview:-1\" \/>\n<link rel=\"canonical\" href=\"https:\/\/mont-roig.cat\/es\/actualitat\/noticies\/el-ayuntamiento-de-mont-roig-del-camp-asume-el-mantenimiento-del-parc-de-les-oliveres-de-miami-platja\/\" \/>\n<meta property=\"og:locale\" content=\"es_ES\" \/>\n<meta property=\"og:type\" content=\"article\" \/>\n<meta property=\"og:title\" content=\"El Ayuntamiento de Mont-roig del Camp asume el mantenimiento del Parc de les Oliveres de Miami Platja - Ajuntament de Mont-roig del Camp\" \/>\n<meta property=\"og:description\" content=\"El consistorio toma el relevo una vez finalizado el contrato con la empresa que construy\u00f3 el parque hace seis a\u00f1os y que deb\u00eda encargarse de su mantenimiento. Reclamar\u00e1 una compensaci\u00f3n econ\u00f3mica por las deficiencias del servicio El Ayuntamiento de Mont-roig del Camp ha pasado a encargarse directamente de las tareas de jardiner\u00eda y mantenimiento del [&hellip;]\" \/>\n<meta property=\"og:url\" content=\"https:\/\/mont-roig.cat\/es\/actualitat\/noticies\/el-ayuntamiento-de-mont-roig-del-camp-asume-el-mantenimiento-del-parc-de-les-oliveres-de-miami-platja\/\" \/>\n<meta property=\"og:site_name\" content=\"Ajuntament de Mont-roig del Camp\" \/>\n<meta property=\"article:published_time\" content=\"2025-09-08T12:26:02+00:00\" \/>\n<meta property=\"article:modified_time\" content=\"2025-09-08T15:35:47+00:00\" \/>\n<meta property=\"og:image\" content=\"https:\/\/mont-roig.cat\/wp-content\/uploads\/PARC-OLIVERES-scaled.jpeg\" \/>\n\t<meta property=\"og:image:width\" content=\"2048\" \/>\n\t<meta property=\"og:image:height\" content=\"1536\" \/>\n\t<meta property=\"og:image:type\" content=\"image\/jpeg\" \/>\n<meta name=\"author\" content=\"comunicacio\" \/>\n<meta name=\"twitter:card\" content=\"summary_large_image\" \/>\n<meta name=\"twitter:label1\" content=\"Escrito por\" \/>\n\t<meta name=\"twitter:data1\" content=\"comunicacio\" \/>\n\t<meta name=\"twitter:label2\" content=\"Tiempo de lectura\" \/>\n\t<meta name=\"twitter:data2\" content=\"2 minutos\" \/>\n<script type=\"application\/ld+json\" class=\"yoast-schema-graph\">{\"@context\":\"https:\\\/\\\/schema.org\",\"@graph\":[{\"@type\":\"Article\",\"@id\":\"https:\\\/\\\/mont-roig.cat\\\/es\\\/actualitat\\\/noticies\\\/el-ayuntamiento-de-mont-roig-del-camp-asume-el-mantenimiento-del-parc-de-les-oliveres-de-miami-platja\\\/#article\",\"isPartOf\":{\"@id\":\"https:\\\/\\\/mont-roig.cat\\\/es\\\/actualitat\\\/noticies\\\/el-ayuntamiento-de-mont-roig-del-camp-asume-el-mantenimiento-del-parc-de-les-oliveres-de-miami-platja\\\/\"},\"author\":{\"name\":\"comunicacio\",\"@id\":\"https:\\\/\\\/mont-roig.cat\\\/es\\\/#\\\/schema\\\/person\\\/1f73e7b5e6f9dd122e8a6f14f310ac5e\"},\"headline\":\"El Ayuntamiento de Mont-roig del Camp asume el mantenimiento del Parc de les Oliveres de Miami Platja\",\"datePublished\":\"2025-09-08T12:26:02+00:00\",\"dateModified\":\"2025-09-08T15:35:47+00:00\",\"mainEntityOfPage\":{\"@id\":\"https:\\\/\\\/mont-roig.cat\\\/es\\\/actualitat\\\/noticies\\\/el-ayuntamiento-de-mont-roig-del-camp-asume-el-mantenimiento-del-parc-de-les-oliveres-de-miami-platja\\\/\"},\"wordCount\":227,\"image\":{\"@id\":\"https:\\\/\\\/mont-roig.cat\\\/es\\\/actualitat\\\/noticies\\\/el-ayuntamiento-de-mont-roig-del-camp-asume-el-mantenimiento-del-parc-de-les-oliveres-de-miami-platja\\\/#primaryimage\"},\"thumbnailUrl\":\"https:\\\/\\\/mont-roig.cat\\\/wp-content\\\/uploads\\\/PARC-OLIVERES-scaled.jpeg\",\"articleSection\":[\"Ayuntamiento\",\"Nostreserveis\"],\"inLanguage\":\"es\"},{\"@type\":\"WebPage\",\"@id\":\"https:\\\/\\\/mont-roig.cat\\\/es\\\/actualitat\\\/noticies\\\/el-ayuntamiento-de-mont-roig-del-camp-asume-el-mantenimiento-del-parc-de-les-oliveres-de-miami-platja\\\/\",\"url\":\"https:\\\/\\\/mont-roig.cat\\\/es\\\/actualitat\\\/noticies\\\/el-ayuntamiento-de-mont-roig-del-camp-asume-el-mantenimiento-del-parc-de-les-oliveres-de-miami-platja\\\/\",\"name\":\"El Ayuntamiento de Mont-roig del Camp asume el mantenimiento del Parc de les Oliveres de Miami Platja - Ajuntament de Mont-roig del Camp\",\"isPartOf\":{\"@id\":\"https:\\\/\\\/mont-roig.cat\\\/es\\\/#website\"},\"primaryImageOfPage\":{\"@id\":\"https:\\\/\\\/mont-roig.cat\\\/es\\\/actualitat\\\/noticies\\\/el-ayuntamiento-de-mont-roig-del-camp-asume-el-mantenimiento-del-parc-de-les-oliveres-de-miami-platja\\\/#primaryimage\"},\"image\":{\"@id\":\"https:\\\/\\\/mont-roig.cat\\\/es\\\/actualitat\\\/noticies\\\/el-ayuntamiento-de-mont-roig-del-camp-asume-el-mantenimiento-del-parc-de-les-oliveres-de-miami-platja\\\/#primaryimage\"},\"thumbnailUrl\":\"https:\\\/\\\/mont-roig.cat\\\/wp-content\\\/uploads\\\/PARC-OLIVERES-scaled.jpeg\",\"datePublished\":\"2025-09-08T12:26:02+00:00\",\"dateModified\":\"2025-09-08T15:35:47+00:00\",\"author\":{\"@id\":\"https:\\\/\\\/mont-roig.cat\\\/es\\\/#\\\/schema\\\/person\\\/1f73e7b5e6f9dd122e8a6f14f310ac5e\"},\"breadcrumb\":{\"@id\":\"https:\\\/\\\/mont-roig.cat\\\/es\\\/actualitat\\\/noticies\\\/el-ayuntamiento-de-mont-roig-del-camp-asume-el-mantenimiento-del-parc-de-les-oliveres-de-miami-platja\\\/#breadcrumb\"},\"inLanguage\":\"es\",\"potentialAction\":[{\"@type\":\"ReadAction\",\"target\":[\"https:\\\/\\\/mont-roig.cat\\\/es\\\/actualitat\\\/noticies\\\/el-ayuntamiento-de-mont-roig-del-camp-asume-el-mantenimiento-del-parc-de-les-oliveres-de-miami-platja\\\/\"]}]},{\"@type\":\"ImageObject\",\"inLanguage\":\"es\",\"@id\":\"https:\\\/\\\/mont-roig.cat\\\/es\\\/actualitat\\\/noticies\\\/el-ayuntamiento-de-mont-roig-del-camp-asume-el-mantenimiento-del-parc-de-les-oliveres-de-miami-platja\\\/#primaryimage\",\"url\":\"https:\\\/\\\/mont-roig.cat\\\/wp-content\\\/uploads\\\/PARC-OLIVERES-scaled.jpeg\",\"contentUrl\":\"https:\\\/\\\/mont-roig.cat\\\/wp-content\\\/uploads\\\/PARC-OLIVERES-scaled.jpeg\",\"width\":2048,\"height\":1536},{\"@type\":\"BreadcrumbList\",\"@id\":\"https:\\\/\\\/mont-roig.cat\\\/es\\\/actualitat\\\/noticies\\\/el-ayuntamiento-de-mont-roig-del-camp-asume-el-mantenimiento-del-parc-de-les-oliveres-de-miami-platja\\\/#breadcrumb\",\"itemListElement\":[{\"@type\":\"ListItem\",\"position\":1,\"name\":\"Inici\",\"item\":\"https:\\\/\\\/mont-roig.cat\\\/es\\\/pagina-de-inicio\\\/\"},{\"@type\":\"ListItem\",\"position\":2,\"name\":\"El Ayuntamiento de Mont-roig del Camp asume el mantenimiento del Parc de les Oliveres de Miami Platja\"}]},{\"@type\":\"WebSite\",\"@id\":\"https:\\\/\\\/mont-roig.cat\\\/es\\\/#website\",\"url\":\"https:\\\/\\\/mont-roig.cat\\\/es\\\/\",\"name\":\"Ajuntament de Mont-roig del Camp\",\"description\":\"Tota la informaci\u00f3 sobre la instituci\u00f3, els seus \u00f2rgans de govern, actualitat, serveis i molt m\u00e9s.\",\"potentialAction\":[{\"@type\":\"SearchAction\",\"target\":{\"@type\":\"EntryPoint\",\"urlTemplate\":\"https:\\\/\\\/mont-roig.cat\\\/es\\\/?s={search_term_string}\"},\"query-input\":{\"@type\":\"PropertyValueSpecification\",\"valueRequired\":true,\"valueName\":\"search_term_string\"}}],\"inLanguage\":\"es\"},{\"@type\":\"Person\",\"@id\":\"https:\\\/\\\/mont-roig.cat\\\/es\\\/#\\\/schema\\\/person\\\/1f73e7b5e6f9dd122e8a6f14f310ac5e\",\"name\":\"comunicacio\",\"image\":{\"@type\":\"ImageObject\",\"inLanguage\":\"es\",\"@id\":\"https:\\\/\\\/secure.gravatar.com\\\/avatar\\\/98944333e7a877670a64f8d10f0cb680ab2c9ebc4efc43945ef004b52b5ad28c?s=96&d=mm&r=g\",\"url\":\"https:\\\/\\\/secure.gravatar.com\\\/avatar\\\/98944333e7a877670a64f8d10f0cb680ab2c9ebc4efc43945ef004b52b5ad28c?s=96&d=mm&r=g\",\"contentUrl\":\"https:\\\/\\\/secure.gravatar.com\\\/avatar\\\/98944333e7a877670a64f8d10f0cb680ab2c9ebc4efc43945ef004b52b5ad28c?s=96&d=mm&r=g\",\"caption\":\"comunicacio\"},\"url\":\"https:\\\/\\\/mont-roig.cat\\\/es\\\/actualitat\\\/noticies\\\/author\\\/comunicacio\\\/\"}]}<\/script>\n<!-- \/ Yoast SEO plugin. -->","yoast_head_json":{"title":"El Ayuntamiento de Mont-roig del Camp asume el mantenimiento del Parc de les Oliveres de Miami Platja - Ajuntament de Mont-roig del Camp","robots":{"index":"index","follow":"follow","max-snippet":"max-snippet:-1","max-image-preview":"max-image-preview:large","max-video-preview":"max-video-preview:-1"},"canonical":"https:\/\/mont-roig.cat\/es\/actualitat\/noticies\/el-ayuntamiento-de-mont-roig-del-camp-asume-el-mantenimiento-del-parc-de-les-oliveres-de-miami-platja\/","og_locale":"es_ES","og_type":"article","og_title":"El Ayuntamiento de Mont-roig del Camp asume el mantenimiento del Parc de les Oliveres de Miami Platja - Ajuntament de Mont-roig del Camp","og_description":"El consistorio toma el relevo una vez finalizado el contrato con la empresa que construy\u00f3 el parque hace seis a\u00f1os y que deb\u00eda encargarse de su mantenimiento. Reclamar\u00e1 una compensaci\u00f3n econ\u00f3mica por las deficiencias del servicio El Ayuntamiento de Mont-roig del Camp ha pasado a encargarse directamente de las tareas de jardiner\u00eda y mantenimiento del [&hellip;]","og_url":"https:\/\/mont-roig.cat\/es\/actualitat\/noticies\/el-ayuntamiento-de-mont-roig-del-camp-asume-el-mantenimiento-del-parc-de-les-oliveres-de-miami-platja\/","og_site_name":"Ajuntament de Mont-roig del Camp","article_published_time":"2025-09-08T12:26:02+00:00","article_modified_time":"2025-09-08T15:35:47+00:00","og_image":[{"width":2048,"height":1536,"url":"https:\/\/mont-roig.cat\/wp-content\/uploads\/PARC-OLIVERES-scaled.jpeg","type":"image\/jpeg"}],"author":"comunicacio","twitter_card":"summary_large_image","twitter_misc":{"Escrito por":"comunicacio","Tiempo de lectura":"2 minutos"},"schema":{"@context":"https:\/\/schema.org","@graph":[{"@type":"Article","@id":"https:\/\/mont-roig.cat\/es\/actualitat\/noticies\/el-ayuntamiento-de-mont-roig-del-camp-asume-el-mantenimiento-del-parc-de-les-oliveres-de-miami-platja\/#article","isPartOf":{"@id":"https:\/\/mont-roig.cat\/es\/actualitat\/noticies\/el-ayuntamiento-de-mont-roig-del-camp-asume-el-mantenimiento-del-parc-de-les-oliveres-de-miami-platja\/"},"author":{"name":"comunicacio","@id":"https:\/\/mont-roig.cat\/es\/#\/schema\/person\/1f73e7b5e6f9dd122e8a6f14f310ac5e"},"headline":"El Ayuntamiento de Mont-roig del Camp asume el mantenimiento del Parc de les Oliveres de Miami Platja","datePublished":"2025-09-08T12:26:02+00:00","dateModified":"2025-09-08T15:35:47+00:00","mainEntityOfPage":{"@id":"https:\/\/mont-roig.cat\/es\/actualitat\/noticies\/el-ayuntamiento-de-mont-roig-del-camp-asume-el-mantenimiento-del-parc-de-les-oliveres-de-miami-platja\/"},"wordCount":227,"image":{"@id":"https:\/\/mont-roig.cat\/es\/actualitat\/noticies\/el-ayuntamiento-de-mont-roig-del-camp-asume-el-mantenimiento-del-parc-de-les-oliveres-de-miami-platja\/#primaryimage"},"thumbnailUrl":"https:\/\/mont-roig.cat\/wp-content\/uploads\/PARC-OLIVERES-scaled.jpeg","articleSection":["Ayuntamiento","Nostreserveis"],"inLanguage":"es"},{"@type":"WebPage","@id":"https:\/\/mont-roig.cat\/es\/actualitat\/noticies\/el-ayuntamiento-de-mont-roig-del-camp-asume-el-mantenimiento-del-parc-de-les-oliveres-de-miami-platja\/","url":"https:\/\/mont-roig.cat\/es\/actualitat\/noticies\/el-ayuntamiento-de-mont-roig-del-camp-asume-el-mantenimiento-del-parc-de-les-oliveres-de-miami-platja\/","name":"El Ayuntamiento de Mont-roig del Camp asume el mantenimiento del Parc de les Oliveres de Miami Platja - Ajuntament de Mont-roig del Camp","isPartOf":{"@id":"https:\/\/mont-roig.cat\/es\/#website"},"primaryImageOfPage":{"@id":"https:\/\/mont-roig.cat\/es\/actualitat\/noticies\/el-ayuntamiento-de-mont-roig-del-camp-asume-el-mantenimiento-del-parc-de-les-oliveres-de-miami-platja\/#primaryimage"},"image":{"@id":"https:\/\/mont-roig.cat\/es\/actualitat\/noticies\/el-ayuntamiento-de-mont-roig-del-camp-asume-el-mantenimiento-del-parc-de-les-oliveres-de-miami-platja\/#primaryimage"},"thumbnailUrl":"https:\/\/mont-roig.cat\/wp-content\/uploads\/PARC-OLIVERES-scaled.jpeg","datePublished":"2025-09-08T12:26:02+00:00","dateModified":"2025-09-08T15:35:47+00:00","author":{"@id":"https:\/\/mont-roig.cat\/es\/#\/schema\/person\/1f73e7b5e6f9dd122e8a6f14f310ac5e"},"breadcrumb":{"@id":"https:\/\/mont-roig.cat\/es\/actualitat\/noticies\/el-ayuntamiento-de-mont-roig-del-camp-asume-el-mantenimiento-del-parc-de-les-oliveres-de-miami-platja\/#breadcrumb"},"inLanguage":"es","potentialAction":[{"@type":"ReadAction","target":["https:\/\/mont-roig.cat\/es\/actualitat\/noticies\/el-ayuntamiento-de-mont-roig-del-camp-asume-el-mantenimiento-del-parc-de-les-oliveres-de-miami-platja\/"]}]},{"@type":"ImageObject","inLanguage":"es","@id":"https:\/\/mont-roig.cat\/es\/actualitat\/noticies\/el-ayuntamiento-de-mont-roig-del-camp-asume-el-mantenimiento-del-parc-de-les-oliveres-de-miami-platja\/#primaryimage","url":"https:\/\/mont-roig.cat\/wp-content\/uploads\/PARC-OLIVERES-scaled.jpeg","contentUrl":"https:\/\/mont-roig.cat\/wp-content\/uploads\/PARC-OLIVERES-scaled.jpeg","width":2048,"height":1536},{"@type":"BreadcrumbList","@id":"https:\/\/mont-roig.cat\/es\/actualitat\/noticies\/el-ayuntamiento-de-mont-roig-del-camp-asume-el-mantenimiento-del-parc-de-les-oliveres-de-miami-platja\/#breadcrumb","itemListElement":[{"@type":"ListItem","position":1,"name":"Inici","item":"https:\/\/mont-roig.cat\/es\/pagina-de-inicio\/"},{"@type":"ListItem","position":2,"name":"El Ayuntamiento de Mont-roig del Camp asume el mantenimiento del Parc de les Oliveres de Miami Platja"}]},{"@type":"WebSite","@id":"https:\/\/mont-roig.cat\/es\/#website","url":"https:\/\/mont-roig.cat\/es\/","name":"Ajuntament de Mont-roig del Camp","description":"Tota la informaci\u00f3 sobre la instituci\u00f3, els seus \u00f2rgans de govern, actualitat, serveis i molt m\u00e9s.","potentialAction":[{"@type":"SearchAction","target":{"@type":"EntryPoint","urlTemplate":"https:\/\/mont-roig.cat\/es\/?s={search_term_string}"},"query-input":{"@type":"PropertyValueSpecification","valueRequired":true,"valueName":"search_term_string"}}],"inLanguage":"es"},{"@type":"Person","@id":"https:\/\/mont-roig.cat\/es\/#\/schema\/person\/1f73e7b5e6f9dd122e8a6f14f310ac5e","name":"comunicacio","image":{"@type":"ImageObject","inLanguage":"es","@id":"https:\/\/secure.gravatar.com\/avatar\/98944333e7a877670a64f8d10f0cb680ab2c9ebc4efc43945ef004b52b5ad28c?s=96&d=mm&r=g","url":"https:\/\/secure.gravatar.com\/avatar\/98944333e7a877670a64f8d10f0cb680ab2c9ebc4efc43945ef004b52b5ad28c?s=96&d=mm&r=g","contentUrl":"https:\/\/secure.gravatar.com\/avatar\/98944333e7a877670a64f8d10f0cb680ab2c9ebc4efc43945ef004b52b5ad28c?s=96&d=mm&r=g","caption":"comunicacio"},"url":"https:\/\/mont-roig.cat\/es\/actualitat\/noticies\/author\/comunicacio\/"}]}},"_links":{"self":[{"href":"https:\/\/mont-roig.cat\/es\/wp-json\/wp\/v2\/posts\/85406","targetHints":{"allow":["GET"]}}],"collection":[{"href":"https:\/\/mont-roig.cat\/es\/wp-json\/wp\/v2\/posts"}],"about":[{"href":"https:\/\/mont-roig.cat\/es\/wp-json\/wp\/v2\/types\/post"}],"author":[{"embeddable":true,"href":"https:\/\/mont-roig.cat\/es\/wp-json\/wp\/v2\/users\/13"}],"replies":[{"embeddable":true,"href":"https:\/\/mont-roig.cat\/es\/wp-json\/wp\/v2\/comments?post=85406"}],"version-history":[{"count":3,"href":"https:\/\/mont-roig.cat\/es\/wp-json\/wp\/v2\/posts\/85406\/revisions"}],"predecessor-version":[{"id":85409,"href":"https:\/\/mont-roig.cat\/es\/wp-json\/wp\/v2\/posts\/85406\/revisions\/85409"}],"wp:featuredmedia":[{"embeddable":true,"href":"https:\/\/mont-roig.cat\/es\/wp-json\/wp\/v2\/media\/85399"}],"wp:attachment":[{"href":"https:\/\/mont-roig.cat\/es\/wp-json\/wp\/v2\/media?parent=85406"}],"wp:term":[{"taxonomy":"category","embeddable":true,"href":"https:\/\/mont-roig.cat\/es\/wp-json\/wp\/v2\/categories?post=85406"},{"taxonomy":"post_tag","embeddable":true,"href":"https:\/\/mont-roig.cat\/es\/wp-json\/wp\/v2\/tags?post=85406"}],"curies":[{"name":"wp","href":"https:\/\/api.w.org\/{rel}","templated":true}]}}