{"id":85475,"date":"2025-09-15T12:53:18","date_gmt":"2025-09-15T10:53:18","guid":{"rendered":"https:\/\/mont-roig.cat\/actualitat\/noticies\/a-licitacio-lencarrec-per-implantar-laplicacio-mobil-de-seguretat-ciutadana\/"},"modified":"2025-09-15T12:59:34","modified_gmt":"2025-09-15T10:59:34","slug":"a-licitacion-el-encargo-para-implantar-la-aplicacion-movil-de-seguridad-ciudadana","status":"publish","type":"post","link":"https:\/\/mont-roig.cat\/es\/actualitat\/noticies\/a-licitacion-el-encargo-para-implantar-la-aplicacion-movil-de-seguridad-ciudadana\/","title":{"rendered":"A licitaci\u00f3n el encargo para implantar la aplicaci\u00f3n m\u00f3vil de seguridad ciudadana"},"content":{"rendered":"<div id=\"attachment_85471\" style=\"width: 353px\" class=\"wp-caption alignright\"><a href=\"https:\/\/mont-roig.cat\/wp-content\/uploads\/signatura-1.jpg\" target=\"_blank\" rel=\"noopener\"><img loading=\"lazy\" decoding=\"async\" aria-describedby=\"caption-attachment-85471\" class=\"wp-image-85471\" src=\"https:\/\/mont-roig.cat\/wp-content\/uploads\/signatura-1-500x375.jpg\" alt=\"\" width=\"343\" height=\"257\" srcset=\"https:\/\/mont-roig.cat\/wp-content\/uploads\/signatura-1-500x375.jpg 500w, https:\/\/mont-roig.cat\/wp-content\/uploads\/signatura-1-1024x769.jpg 1024w, https:\/\/mont-roig.cat\/wp-content\/uploads\/signatura-1-768x576.jpg 768w, https:\/\/mont-roig.cat\/wp-content\/uploads\/signatura-1-1536x1153.jpg 1536w, https:\/\/mont-roig.cat\/wp-content\/uploads\/signatura-1-463x348.jpg 463w, https:\/\/mont-roig.cat\/wp-content\/uploads\/signatura-1.jpg 2048w\" sizes=\"auto, (max-width: 343px) 100vw, 343px\" \/><\/a><p id=\"caption-attachment-85471\" class=\"wp-caption-text\">El alcalde de Mont-roig del Camp, Fran Morancho, el d\u00eda que se firm\u00f3 el convenio en el Ajuntament de Reus con el resto de municipios.<\/p><\/div>\n<ul>\n<li data-start=\"321\" data-end=\"541\"><strong>Mont-roig del Camp participa en un proyecto junto a Reus, Cambrils, El Catllar, La Canonja, Constant\u00ed y Tarragona para impulsar conjuntamente una herramienta para mejorar la seguridad y la cooperaci\u00f3n interterritorial<\/strong><\/li>\n<\/ul>\n<p data-start=\"543\" data-end=\"1027\">El Ajuntament de Reus ha publicado este lunes, 15 de septiembre, por encargo propio y de los ayuntamientos de Cambrils, El Catllar, La Canonja, Constant\u00ed, Mont-roig del Camp y Tarragona, la licitaci\u00f3n del contrato para dotarse de un sistema de gesti\u00f3n y de una aplicaci\u00f3n m\u00f3vil compartida de seguridad ciudadana que permita a la ciudadan\u00eda comunicarse de manera f\u00e1cil e inmediata con los cuerpos de seguridad por motivos de seguridad o para pedir ayuda en situaciones de emergencia.<\/p>\n<p data-start=\"1029\" data-end=\"1383\">El Ajuntament de Reus se encarga de la tramitaci\u00f3n del expediente de contrataci\u00f3n de acuerdo con el convenio de cooperaci\u00f3n firmado el pasado 28 de enero y que supuso el pistoletazo de salida de la licitaci\u00f3n del contrato para el suministro, integraci\u00f3n, implantaci\u00f3n, soporte y mantenimiento de la aplicaci\u00f3n m\u00f3vil y el sistema de seguridad ciudadana.<\/p>\n<p data-start=\"1385\" data-end=\"1732\">El sistema digital de seguridad se materializar\u00e1 con una aplicaci\u00f3n para dispositivos m\u00f3viles, gratuita y de f\u00e1cil utilizaci\u00f3n, que agilice las comunicaciones entre la ciudadan\u00eda y los cuerpos municipales de seguridad y, en definitiva, permita ofrecer una respuesta m\u00e1s r\u00e1pida, eficiente y efectiva en casos de urgencia o de seguridad ciudadana.<\/p>\n<p data-start=\"1734\" data-end=\"1971\">Asimismo, el sistema digital de seguridad debe permitir una comunicaci\u00f3n \u00e1gil entre los diferentes cuerpos de seguridad y crear as\u00ed una red de cooperaci\u00f3n interterritorial de los diferentes municipios con un sistema de gesti\u00f3n interna.<\/p>\n<p data-start=\"1973\" data-end=\"2445\">Entre otras funcionalidades, la aplicaci\u00f3n permitir\u00e1 enviar mensajes de alerta y realizar llamadas ante una emergencia ciudadana, las cuales ser\u00e1n dirigidas autom\u00e1ticamente a la polic\u00eda local m\u00e1s cercana, as\u00ed como recibir informaci\u00f3n constante de los cuerpos municipales de seguridad. Solo con finalidad de seguridad ciudadana, la aplicaci\u00f3n debe permitir la transferencia de datos personales de la ciudadan\u00eda que puedan ser clave, as\u00ed como la geolocalizaci\u00f3n del aviso.<\/p>\n<p data-start=\"2447\" data-end=\"2739\">El sistema tambi\u00e9n permitir\u00e1 en sus comunicaciones la segmentaci\u00f3n de las personas usuarias por perfiles y categor\u00edas con necesidades de seguridad diferentes, como ciudadan\u00eda, comercio local, empresas, profesionales sociosanitarios, educadores, personas en situaci\u00f3n de vulnerabilidad, etc.<\/p>\n<p data-start=\"2741\" data-end=\"2781\"><strong data-start=\"2741\" data-end=\"2779\">Gran oportunidad para el municipio<\/strong><\/p>\n<p data-start=\"2783\" data-end=\"3349\">En palabras del alcalde de Mont-roig del Camp, Fran Morancho: \u201cLa puesta en marcha de esta aplicaci\u00f3n de seguridad ciudadana es una gran oportunidad para nuestro municipio. Nos permitir\u00e1 reforzar la proximidad entre la polic\u00eda y la ciudadan\u00eda y dar una respuesta m\u00e1s r\u00e1pida y efectiva ante cualquier situaci\u00f3n de emergencia. Con este sistema compartido damos un paso adelante en la cooperaci\u00f3n con el resto de municipios del territorio, uniendo esfuerzos para garantizar una seguridad m\u00e1s moderna, innovadora y adaptada a las necesidades reales de las personas.\u201d<\/p>\n<p data-start=\"3351\" data-end=\"3713\">El presupuesto base de licitaci\u00f3n para los cuatro a\u00f1os de duraci\u00f3n prevista del contrato es de 904.032,41 euros, a repercutir entre todos los municipios implicados proporcionalmente a su poblaci\u00f3n. El presupuesto incluye los costes de suministro e implantaci\u00f3n, de soporte y mantenimiento en la nube; as\u00ed como mejoras adicionales en consultor\u00eda y programaci\u00f3n.<\/p>\n<p data-start=\"3715\" data-end=\"4043\">La implantaci\u00f3n y suministro tiene una duraci\u00f3n de 12 meses a partir del d\u00eda siguiente a la formalizaci\u00f3n del contrato. Finalizada la implantaci\u00f3n, se empezar\u00e1 a proporcionar el servicio de soporte, mantenimiento y actualizaci\u00f3n prestado en la nube, incluyendo las posibles mejoras por consultor\u00edas o programaciones de 3 a\u00f1os.<\/p>\n","protected":false},"excerpt":{"rendered":"<p>Mont-roig del Camp participa en un proyecto junto a Reus, Cambrils, El Catllar, La Canonja, Constant\u00ed y Tarragona para impulsar conjuntamente una herramienta para mejorar la seguridad y la cooperaci\u00f3n interterritorial El Ajuntament de Reus ha publicado este lunes, 15 de septiembre, por encargo propio y de los ayuntamientos de Cambrils, El Catllar, La Canonja, [&hellip;]<\/p>\n","protected":false},"author":13,"featured_media":85472,"comment_status":"closed","ping_status":"closed","sticky":false,"template":"","format":"standard","meta":{"inline_featured_image":false,"_monsterinsights_skip_tracking":false,"_monsterinsights_sitenote_active":false,"_monsterinsights_sitenote_note":"","_monsterinsights_sitenote_category":0,"footnotes":""},"categories":[156,98,113],"tags":[],"class_list":["post-85475","post","type-post","status-publish","format-standard","has-post-thumbnail","hentry","category-alcalde-es","category-ayuntamiento","category-seguridad"],"yoast_head":"<!-- This site is optimized with the Yoast SEO plugin v27.4 - https:\/\/yoast.com\/product\/yoast-seo-wordpress\/ -->\n<title>A licitaci\u00f3n el encargo para implantar la aplicaci\u00f3n m\u00f3vil de seguridad ciudadana - Ajuntament de Mont-roig del Camp<\/title>\n<meta name=\"robots\" content=\"index, follow, max-snippet:-1, max-image-preview:large, max-video-preview:-1\" \/>\n<link rel=\"canonical\" href=\"https:\/\/mont-roig.cat\/es\/actualitat\/noticies\/a-licitacion-el-encargo-para-implantar-la-aplicacion-movil-de-seguridad-ciudadana\/\" \/>\n<meta property=\"og:locale\" content=\"es_ES\" \/>\n<meta property=\"og:type\" content=\"article\" \/>\n<meta property=\"og:title\" content=\"A licitaci\u00f3n el encargo para implantar la aplicaci\u00f3n m\u00f3vil de seguridad ciudadana - Ajuntament de Mont-roig del Camp\" \/>\n<meta property=\"og:description\" content=\"Mont-roig del Camp participa en un proyecto junto a Reus, Cambrils, El Catllar, La Canonja, Constant\u00ed y Tarragona para impulsar conjuntamente una herramienta para mejorar la seguridad y la cooperaci\u00f3n interterritorial El Ajuntament de Reus ha publicado este lunes, 15 de septiembre, por encargo propio y de los ayuntamientos de Cambrils, El Catllar, La Canonja, [&hellip;]\" \/>\n<meta property=\"og:url\" content=\"https:\/\/mont-roig.cat\/es\/actualitat\/noticies\/a-licitacion-el-encargo-para-implantar-la-aplicacion-movil-de-seguridad-ciudadana\/\" \/>\n<meta property=\"og:site_name\" content=\"Ajuntament de Mont-roig del Camp\" \/>\n<meta property=\"article:published_time\" content=\"2025-09-15T10:53:18+00:00\" \/>\n<meta property=\"article:modified_time\" content=\"2025-09-15T10:59:34+00:00\" \/>\n<meta property=\"og:image\" content=\"https:\/\/mont-roig.cat\/wp-content\/uploads\/signatura-1.jpg\" \/>\n\t<meta property=\"og:image:width\" content=\"2048\" \/>\n\t<meta property=\"og:image:height\" content=\"1537\" \/>\n\t<meta property=\"og:image:type\" content=\"image\/jpeg\" \/>\n<meta name=\"author\" content=\"comunicacio\" \/>\n<meta name=\"twitter:card\" content=\"summary_large_image\" \/>\n<meta name=\"twitter:label1\" content=\"Escrito por\" \/>\n\t<meta name=\"twitter:data1\" content=\"comunicacio\" \/>\n\t<meta name=\"twitter:label2\" content=\"Tiempo de lectura\" \/>\n\t<meta name=\"twitter:data2\" content=\"4 minutos\" \/>\n<script type=\"application\/ld+json\" class=\"yoast-schema-graph\">{\"@context\":\"https:\\\/\\\/schema.org\",\"@graph\":[{\"@type\":\"Article\",\"@id\":\"https:\\\/\\\/mont-roig.cat\\\/es\\\/actualitat\\\/noticies\\\/a-licitacion-el-encargo-para-implantar-la-aplicacion-movil-de-seguridad-ciudadana\\\/#article\",\"isPartOf\":{\"@id\":\"https:\\\/\\\/mont-roig.cat\\\/es\\\/actualitat\\\/noticies\\\/a-licitacion-el-encargo-para-implantar-la-aplicacion-movil-de-seguridad-ciudadana\\\/\"},\"author\":{\"name\":\"comunicacio\",\"@id\":\"https:\\\/\\\/mont-roig.cat\\\/es\\\/#\\\/schema\\\/person\\\/1f73e7b5e6f9dd122e8a6f14f310ac5e\"},\"headline\":\"A licitaci\u00f3n el encargo para implantar la aplicaci\u00f3n m\u00f3vil de seguridad ciudadana\",\"datePublished\":\"2025-09-15T10:53:18+00:00\",\"dateModified\":\"2025-09-15T10:59:34+00:00\",\"mainEntityOfPage\":{\"@id\":\"https:\\\/\\\/mont-roig.cat\\\/es\\\/actualitat\\\/noticies\\\/a-licitacion-el-encargo-para-implantar-la-aplicacion-movil-de-seguridad-ciudadana\\\/\"},\"wordCount\":653,\"image\":{\"@id\":\"https:\\\/\\\/mont-roig.cat\\\/es\\\/actualitat\\\/noticies\\\/a-licitacion-el-encargo-para-implantar-la-aplicacion-movil-de-seguridad-ciudadana\\\/#primaryimage\"},\"thumbnailUrl\":\"https:\\\/\\\/mont-roig.cat\\\/wp-content\\\/uploads\\\/signatura-1.jpg\",\"articleSection\":[\"Alcalde\",\"Ayuntamiento\",\"Seguridad\"],\"inLanguage\":\"es\"},{\"@type\":\"WebPage\",\"@id\":\"https:\\\/\\\/mont-roig.cat\\\/es\\\/actualitat\\\/noticies\\\/a-licitacion-el-encargo-para-implantar-la-aplicacion-movil-de-seguridad-ciudadana\\\/\",\"url\":\"https:\\\/\\\/mont-roig.cat\\\/es\\\/actualitat\\\/noticies\\\/a-licitacion-el-encargo-para-implantar-la-aplicacion-movil-de-seguridad-ciudadana\\\/\",\"name\":\"A licitaci\u00f3n el encargo para implantar la aplicaci\u00f3n m\u00f3vil de seguridad ciudadana - Ajuntament de Mont-roig del Camp\",\"isPartOf\":{\"@id\":\"https:\\\/\\\/mont-roig.cat\\\/es\\\/#website\"},\"primaryImageOfPage\":{\"@id\":\"https:\\\/\\\/mont-roig.cat\\\/es\\\/actualitat\\\/noticies\\\/a-licitacion-el-encargo-para-implantar-la-aplicacion-movil-de-seguridad-ciudadana\\\/#primaryimage\"},\"image\":{\"@id\":\"https:\\\/\\\/mont-roig.cat\\\/es\\\/actualitat\\\/noticies\\\/a-licitacion-el-encargo-para-implantar-la-aplicacion-movil-de-seguridad-ciudadana\\\/#primaryimage\"},\"thumbnailUrl\":\"https:\\\/\\\/mont-roig.cat\\\/wp-content\\\/uploads\\\/signatura-1.jpg\",\"datePublished\":\"2025-09-15T10:53:18+00:00\",\"dateModified\":\"2025-09-15T10:59:34+00:00\",\"author\":{\"@id\":\"https:\\\/\\\/mont-roig.cat\\\/es\\\/#\\\/schema\\\/person\\\/1f73e7b5e6f9dd122e8a6f14f310ac5e\"},\"breadcrumb\":{\"@id\":\"https:\\\/\\\/mont-roig.cat\\\/es\\\/actualitat\\\/noticies\\\/a-licitacion-el-encargo-para-implantar-la-aplicacion-movil-de-seguridad-ciudadana\\\/#breadcrumb\"},\"inLanguage\":\"es\",\"potentialAction\":[{\"@type\":\"ReadAction\",\"target\":[\"https:\\\/\\\/mont-roig.cat\\\/es\\\/actualitat\\\/noticies\\\/a-licitacion-el-encargo-para-implantar-la-aplicacion-movil-de-seguridad-ciudadana\\\/\"]}]},{\"@type\":\"ImageObject\",\"inLanguage\":\"es\",\"@id\":\"https:\\\/\\\/mont-roig.cat\\\/es\\\/actualitat\\\/noticies\\\/a-licitacion-el-encargo-para-implantar-la-aplicacion-movil-de-seguridad-ciudadana\\\/#primaryimage\",\"url\":\"https:\\\/\\\/mont-roig.cat\\\/wp-content\\\/uploads\\\/signatura-1.jpg\",\"contentUrl\":\"https:\\\/\\\/mont-roig.cat\\\/wp-content\\\/uploads\\\/signatura-1.jpg\",\"width\":2048,\"height\":1537},{\"@type\":\"BreadcrumbList\",\"@id\":\"https:\\\/\\\/mont-roig.cat\\\/es\\\/actualitat\\\/noticies\\\/a-licitacion-el-encargo-para-implantar-la-aplicacion-movil-de-seguridad-ciudadana\\\/#breadcrumb\",\"itemListElement\":[{\"@type\":\"ListItem\",\"position\":1,\"name\":\"Inici\",\"item\":\"https:\\\/\\\/mont-roig.cat\\\/es\\\/pagina-de-inicio\\\/\"},{\"@type\":\"ListItem\",\"position\":2,\"name\":\"A licitaci\u00f3n el encargo para implantar la aplicaci\u00f3n m\u00f3vil de seguridad ciudadana\"}]},{\"@type\":\"WebSite\",\"@id\":\"https:\\\/\\\/mont-roig.cat\\\/es\\\/#website\",\"url\":\"https:\\\/\\\/mont-roig.cat\\\/es\\\/\",\"name\":\"Ajuntament de Mont-roig del Camp\",\"description\":\"Tota la informaci\u00f3 sobre la instituci\u00f3, els seus \u00f2rgans de govern, actualitat, serveis i molt m\u00e9s.\",\"potentialAction\":[{\"@type\":\"SearchAction\",\"target\":{\"@type\":\"EntryPoint\",\"urlTemplate\":\"https:\\\/\\\/mont-roig.cat\\\/es\\\/?s={search_term_string}\"},\"query-input\":{\"@type\":\"PropertyValueSpecification\",\"valueRequired\":true,\"valueName\":\"search_term_string\"}}],\"inLanguage\":\"es\"},{\"@type\":\"Person\",\"@id\":\"https:\\\/\\\/mont-roig.cat\\\/es\\\/#\\\/schema\\\/person\\\/1f73e7b5e6f9dd122e8a6f14f310ac5e\",\"name\":\"comunicacio\",\"image\":{\"@type\":\"ImageObject\",\"inLanguage\":\"es\",\"@id\":\"https:\\\/\\\/secure.gravatar.com\\\/avatar\\\/98944333e7a877670a64f8d10f0cb680ab2c9ebc4efc43945ef004b52b5ad28c?s=96&d=mm&r=g\",\"url\":\"https:\\\/\\\/secure.gravatar.com\\\/avatar\\\/98944333e7a877670a64f8d10f0cb680ab2c9ebc4efc43945ef004b52b5ad28c?s=96&d=mm&r=g\",\"contentUrl\":\"https:\\\/\\\/secure.gravatar.com\\\/avatar\\\/98944333e7a877670a64f8d10f0cb680ab2c9ebc4efc43945ef004b52b5ad28c?s=96&d=mm&r=g\",\"caption\":\"comunicacio\"},\"url\":\"https:\\\/\\\/mont-roig.cat\\\/es\\\/actualitat\\\/noticies\\\/author\\\/comunicacio\\\/\"}]}<\/script>\n<!-- \/ Yoast SEO plugin. -->","yoast_head_json":{"title":"A licitaci\u00f3n el encargo para implantar la aplicaci\u00f3n m\u00f3vil de seguridad ciudadana - Ajuntament de Mont-roig del Camp","robots":{"index":"index","follow":"follow","max-snippet":"max-snippet:-1","max-image-preview":"max-image-preview:large","max-video-preview":"max-video-preview:-1"},"canonical":"https:\/\/mont-roig.cat\/es\/actualitat\/noticies\/a-licitacion-el-encargo-para-implantar-la-aplicacion-movil-de-seguridad-ciudadana\/","og_locale":"es_ES","og_type":"article","og_title":"A licitaci\u00f3n el encargo para implantar la aplicaci\u00f3n m\u00f3vil de seguridad ciudadana - Ajuntament de Mont-roig del Camp","og_description":"Mont-roig del Camp participa en un proyecto junto a Reus, Cambrils, El Catllar, La Canonja, Constant\u00ed y Tarragona para impulsar conjuntamente una herramienta para mejorar la seguridad y la cooperaci\u00f3n interterritorial El Ajuntament de Reus ha publicado este lunes, 15 de septiembre, por encargo propio y de los ayuntamientos de Cambrils, El Catllar, La Canonja, [&hellip;]","og_url":"https:\/\/mont-roig.cat\/es\/actualitat\/noticies\/a-licitacion-el-encargo-para-implantar-la-aplicacion-movil-de-seguridad-ciudadana\/","og_site_name":"Ajuntament de Mont-roig del Camp","article_published_time":"2025-09-15T10:53:18+00:00","article_modified_time":"2025-09-15T10:59:34+00:00","og_image":[{"width":2048,"height":1537,"url":"https:\/\/mont-roig.cat\/wp-content\/uploads\/signatura-1.jpg","type":"image\/jpeg"}],"author":"comunicacio","twitter_card":"summary_large_image","twitter_misc":{"Escrito por":"comunicacio","Tiempo de lectura":"4 minutos"},"schema":{"@context":"https:\/\/schema.org","@graph":[{"@type":"Article","@id":"https:\/\/mont-roig.cat\/es\/actualitat\/noticies\/a-licitacion-el-encargo-para-implantar-la-aplicacion-movil-de-seguridad-ciudadana\/#article","isPartOf":{"@id":"https:\/\/mont-roig.cat\/es\/actualitat\/noticies\/a-licitacion-el-encargo-para-implantar-la-aplicacion-movil-de-seguridad-ciudadana\/"},"author":{"name":"comunicacio","@id":"https:\/\/mont-roig.cat\/es\/#\/schema\/person\/1f73e7b5e6f9dd122e8a6f14f310ac5e"},"headline":"A licitaci\u00f3n el encargo para implantar la aplicaci\u00f3n m\u00f3vil de seguridad ciudadana","datePublished":"2025-09-15T10:53:18+00:00","dateModified":"2025-09-15T10:59:34+00:00","mainEntityOfPage":{"@id":"https:\/\/mont-roig.cat\/es\/actualitat\/noticies\/a-licitacion-el-encargo-para-implantar-la-aplicacion-movil-de-seguridad-ciudadana\/"},"wordCount":653,"image":{"@id":"https:\/\/mont-roig.cat\/es\/actualitat\/noticies\/a-licitacion-el-encargo-para-implantar-la-aplicacion-movil-de-seguridad-ciudadana\/#primaryimage"},"thumbnailUrl":"https:\/\/mont-roig.cat\/wp-content\/uploads\/signatura-1.jpg","articleSection":["Alcalde","Ayuntamiento","Seguridad"],"inLanguage":"es"},{"@type":"WebPage","@id":"https:\/\/mont-roig.cat\/es\/actualitat\/noticies\/a-licitacion-el-encargo-para-implantar-la-aplicacion-movil-de-seguridad-ciudadana\/","url":"https:\/\/mont-roig.cat\/es\/actualitat\/noticies\/a-licitacion-el-encargo-para-implantar-la-aplicacion-movil-de-seguridad-ciudadana\/","name":"A licitaci\u00f3n el encargo para implantar la aplicaci\u00f3n m\u00f3vil de seguridad ciudadana - Ajuntament de Mont-roig del Camp","isPartOf":{"@id":"https:\/\/mont-roig.cat\/es\/#website"},"primaryImageOfPage":{"@id":"https:\/\/mont-roig.cat\/es\/actualitat\/noticies\/a-licitacion-el-encargo-para-implantar-la-aplicacion-movil-de-seguridad-ciudadana\/#primaryimage"},"image":{"@id":"https:\/\/mont-roig.cat\/es\/actualitat\/noticies\/a-licitacion-el-encargo-para-implantar-la-aplicacion-movil-de-seguridad-ciudadana\/#primaryimage"},"thumbnailUrl":"https:\/\/mont-roig.cat\/wp-content\/uploads\/signatura-1.jpg","datePublished":"2025-09-15T10:53:18+00:00","dateModified":"2025-09-15T10:59:34+00:00","author":{"@id":"https:\/\/mont-roig.cat\/es\/#\/schema\/person\/1f73e7b5e6f9dd122e8a6f14f310ac5e"},"breadcrumb":{"@id":"https:\/\/mont-roig.cat\/es\/actualitat\/noticies\/a-licitacion-el-encargo-para-implantar-la-aplicacion-movil-de-seguridad-ciudadana\/#breadcrumb"},"inLanguage":"es","potentialAction":[{"@type":"ReadAction","target":["https:\/\/mont-roig.cat\/es\/actualitat\/noticies\/a-licitacion-el-encargo-para-implantar-la-aplicacion-movil-de-seguridad-ciudadana\/"]}]},{"@type":"ImageObject","inLanguage":"es","@id":"https:\/\/mont-roig.cat\/es\/actualitat\/noticies\/a-licitacion-el-encargo-para-implantar-la-aplicacion-movil-de-seguridad-ciudadana\/#primaryimage","url":"https:\/\/mont-roig.cat\/wp-content\/uploads\/signatura-1.jpg","contentUrl":"https:\/\/mont-roig.cat\/wp-content\/uploads\/signatura-1.jpg","width":2048,"height":1537},{"@type":"BreadcrumbList","@id":"https:\/\/mont-roig.cat\/es\/actualitat\/noticies\/a-licitacion-el-encargo-para-implantar-la-aplicacion-movil-de-seguridad-ciudadana\/#breadcrumb","itemListElement":[{"@type":"ListItem","position":1,"name":"Inici","item":"https:\/\/mont-roig.cat\/es\/pagina-de-inicio\/"},{"@type":"ListItem","position":2,"name":"A licitaci\u00f3n el encargo para implantar la aplicaci\u00f3n m\u00f3vil de seguridad ciudadana"}]},{"@type":"WebSite","@id":"https:\/\/mont-roig.cat\/es\/#website","url":"https:\/\/mont-roig.cat\/es\/","name":"Ajuntament de Mont-roig del Camp","description":"Tota la informaci\u00f3 sobre la instituci\u00f3, els seus \u00f2rgans de govern, actualitat, serveis i molt m\u00e9s.","potentialAction":[{"@type":"SearchAction","target":{"@type":"EntryPoint","urlTemplate":"https:\/\/mont-roig.cat\/es\/?s={search_term_string}"},"query-input":{"@type":"PropertyValueSpecification","valueRequired":true,"valueName":"search_term_string"}}],"inLanguage":"es"},{"@type":"Person","@id":"https:\/\/mont-roig.cat\/es\/#\/schema\/person\/1f73e7b5e6f9dd122e8a6f14f310ac5e","name":"comunicacio","image":{"@type":"ImageObject","inLanguage":"es","@id":"https:\/\/secure.gravatar.com\/avatar\/98944333e7a877670a64f8d10f0cb680ab2c9ebc4efc43945ef004b52b5ad28c?s=96&d=mm&r=g","url":"https:\/\/secure.gravatar.com\/avatar\/98944333e7a877670a64f8d10f0cb680ab2c9ebc4efc43945ef004b52b5ad28c?s=96&d=mm&r=g","contentUrl":"https:\/\/secure.gravatar.com\/avatar\/98944333e7a877670a64f8d10f0cb680ab2c9ebc4efc43945ef004b52b5ad28c?s=96&d=mm&r=g","caption":"comunicacio"},"url":"https:\/\/mont-roig.cat\/es\/actualitat\/noticies\/author\/comunicacio\/"}]}},"_links":{"self":[{"href":"https:\/\/mont-roig.cat\/es\/wp-json\/wp\/v2\/posts\/85475","targetHints":{"allow":["GET"]}}],"collection":[{"href":"https:\/\/mont-roig.cat\/es\/wp-json\/wp\/v2\/posts"}],"about":[{"href":"https:\/\/mont-roig.cat\/es\/wp-json\/wp\/v2\/types\/post"}],"author":[{"embeddable":true,"href":"https:\/\/mont-roig.cat\/es\/wp-json\/wp\/v2\/users\/13"}],"replies":[{"embeddable":true,"href":"https:\/\/mont-roig.cat\/es\/wp-json\/wp\/v2\/comments?post=85475"}],"version-history":[{"count":3,"href":"https:\/\/mont-roig.cat\/es\/wp-json\/wp\/v2\/posts\/85475\/revisions"}],"predecessor-version":[{"id":85478,"href":"https:\/\/mont-roig.cat\/es\/wp-json\/wp\/v2\/posts\/85475\/revisions\/85478"}],"wp:featuredmedia":[{"embeddable":true,"href":"https:\/\/mont-roig.cat\/es\/wp-json\/wp\/v2\/media\/85472"}],"wp:attachment":[{"href":"https:\/\/mont-roig.cat\/es\/wp-json\/wp\/v2\/media?parent=85475"}],"wp:term":[{"taxonomy":"category","embeddable":true,"href":"https:\/\/mont-roig.cat\/es\/wp-json\/wp\/v2\/categories?post=85475"},{"taxonomy":"post_tag","embeddable":true,"href":"https:\/\/mont-roig.cat\/es\/wp-json\/wp\/v2\/tags?post=85475"}],"curies":[{"name":"wp","href":"https:\/\/api.w.org\/{rel}","templated":true}]}}