{"id":85524,"date":"2025-09-16T13:59:33","date_gmt":"2025-09-16T11:59:33","guid":{"rendered":"https:\/\/mont-roig.cat\/actualitat\/noticies\/nova-ordenanca-de-tarifes-de-laigua-per-garantir-un-servei-mes-sostenible-i-equilibrat\/"},"modified":"2025-09-16T14:25:05","modified_gmt":"2025-09-16T12:25:05","slug":"nueva-ordenanza-de-tarifas-del-agua-para-garantizar-un-servicio-mas-sostenible-y-equilibrado","status":"publish","type":"post","link":"https:\/\/mont-roig.cat\/es\/actualitat\/noticies\/nueva-ordenanza-de-tarifas-del-agua-para-garantizar-un-servicio-mas-sostenible-y-equilibrado\/","title":{"rendered":"Nueva ordenanza de tarifas del agua para garantizar un servicio m\u00e1s sostenible y equilibrado"},"content":{"rendered":"<ul>\n<li><strong><a href=\"https:\/\/mont-roig.cat\/wp-content\/uploads\/CARTEL-NUEVA-TARIFA_cast.png\" target=\"_blank\" rel=\"noopener\"><img loading=\"lazy\" decoding=\"async\" class=\"alignright wp-image-85515\" src=\"https:\/\/mont-roig.cat\/wp-content\/uploads\/CARTEL-NUEVA-TARIFA_cast-281x500.png\" alt=\"\" width=\"247\" height=\"440\" srcset=\"https:\/\/mont-roig.cat\/wp-content\/uploads\/CARTEL-NUEVA-TARIFA_cast-281x500.png 281w, https:\/\/mont-roig.cat\/wp-content\/uploads\/CARTEL-NUEVA-TARIFA_cast-576x1024.png 576w, https:\/\/mont-roig.cat\/wp-content\/uploads\/CARTEL-NUEVA-TARIFA_cast-768x1365.png 768w, https:\/\/mont-roig.cat\/wp-content\/uploads\/CARTEL-NUEVA-TARIFA_cast-864x1536.png 864w, https:\/\/mont-roig.cat\/wp-content\/uploads\/CARTEL-NUEVA-TARIFA_cast.png 1080w\" sizes=\"auto, (max-width: 247px) 100vw, 247px\" \/><\/a><\/strong><strong>El municipio actualiza las cuotas del servicio despu\u00e9s de m\u00e1s de una d\u00e9cada sin cambios e introduce nuevos tramos de consumo para favorecer el uso responsable.<\/strong><\/li>\n<\/ul>\n<p>Tras trece a\u00f1os sin modificaciones, el municipio ha aprobado una nueva ordenanza de tarifas del servicio de agua que entrar\u00e1 en vigor para los consumos del cuarto trimestre de 2025 y se reflejar\u00e1 en las facturas emitidas en abril de 2026. El objetivo es garantizar un servicio justo, sostenible y equilibrado frente a los retos econ\u00f3micos, ambientales.<\/p>\n<p>La Comisi\u00f3n de Precios de Catalu\u00f1a dio luz verde a la nueva ordenanza el 5 de junio de 2025, despu\u00e9s de que fue aprobada por el Consejo de Administraci\u00f3n de la EPEL Nostraigua y por el Pleno municipal a finales de 2024. El texto se public\u00f3 oficialmente en el Bolet\u00edn Oficial de la Provincia de Tarragona el 16 de junio.<\/p>\n<p><strong>Principales novedades<\/strong><\/p>\n<p>La nueva estructura tarifaria modifica la escala de consumo e incorpora dos nuevos conceptos, la aportaci\u00f3n a inversiones y el mantenimiento de contadores.<\/p>\n<ol>\n<li><strong> Para contadores individuales para usos dom\u00e9sticos, asimilables y provisionales: <\/strong><\/li>\n<\/ol>\n<ul>\n<li><strong>T\u00e9rmino fijo:<\/strong> se incrementa la cuota fija en 4,29 euros y se a\u00f1ade una aportaci\u00f3n a inversiones de 7,41 euros por factura trimestral. Este importe se destinar\u00e1 en su totalidad a renovar la red municipal, que necesita una inversi\u00f3n anual de 600.000 euros para reducir las p\u00e9rdidas y evitar el envejecimiento.<\/li>\n<li><strong>Mantenimiento de contadores:<\/strong> se introduce una cuota espec\u00edfica para el mantenimiento y suministro de los contadores.<\/li>\n<li><strong>T\u00e9rmino de consumo:<\/strong> se ampl\u00eda de cuatro a cinco tramos. El primer bloque pasa de 18 a 27 m\u00b3, manteniendo su precio actual, para garantizar un consumo b\u00e1sico asequible. Los tramos superiores tendr\u00e1n un mayor coste para favorecer los consumos sostenibles.<\/li>\n<\/ul>\n<ol start=\"2\">\n<li><strong> Para contadores m\u00faltiples para usos dom\u00e9sticos, asimilables y provisionales: <\/strong>tendr\u00e1n una tarifa lineal de 1,20 \u20ac\/m\u00b3. A partir de 54 m\u00b3 hasta 108 m\u00b3 el precio tendr\u00e1 un recargo del 50% y por encima de los 108 m\u00b3 se duplicar\u00e1 el importe.<\/li>\n<li><strong> Para contadores comerciales e industriales: <\/strong>aplicar\u00e1n tambi\u00e9n una tarifa lineal de 1,20 \u20ac\/m\u00b3 de consumo.<\/li>\n<li><strong> Revisiones por fuga: <\/strong>pasan de incrementarse de uno a hasta tres, seg\u00fan los usos, y se calcular\u00e1n en funci\u00f3n de los per\u00edodos reclamados.<\/li>\n<\/ol>\n<p>Con la nueva tarifa para un consumo dom\u00e9stico de 27 m3 trimestrales, el coste trimestral para los usuarios hasta ahora era de 55,82\u20ac trimestrales y ahora pasar\u00e1 a ser de 70,61\u20ac\/trimestre.<\/p>\n<p><strong>Razones del cambio<\/strong><\/p>\n<p>Desde 2012, la tarifa se hab\u00eda mantenido congelada a pesar del aumento de costes y dificultades en la gesti\u00f3n del servicio.<\/p>\n<p>Durante todo este per\u00edodo en la gesti\u00f3n del servicio se han producido importantes variaciones y condicionamientos econ\u00f3micos que concurren en la prestaci\u00f3n de servicios y que han provocado la necesidad de realizar un estudio detallado y justificado para actualizar las tarifas a las necesidades de la gesti\u00f3n actual del servicio. Entre los factores que han motivado esta revisi\u00f3n destacan:<\/p>\n<ul>\n<li>Antig\u00fcedad de la red de agua e incremento de fugas.<\/li>\n<li>Necesidad de inversiones para mejorar el rendimiento y minimizar p\u00e9rdidas.<\/li>\n<li>Incorporaci\u00f3n de nuevos \u00e1mbitos en el servicio municipal.<\/li>\n<li>Aumento de los costes de energ\u00eda y compra de agua.<\/li>\n<li>Empeoramiento cuantitativo y cualitativo del acu\u00edfero.<\/li>\n<li>Incremento del IPC en un 26,23% desde 2012.<\/li>\n<\/ul>\n<p><strong>Tres objetivos de sostenibilidad<\/strong><\/p>\n<p>Con esta actualizaci\u00f3n, el Ayuntamiento y Nostraigua quieren avanzar hacia un modelo m\u00e1s sostenible, bas\u00e1ndose as\u00ed en tres principales objetivos de sostenibilidad:<\/p>\n<ul>\n<li><strong>Social:<\/strong> garantizar el acceso universal al agua de calidad a un precio asequible.<\/li>\n<li><strong>Ambiental:<\/strong> fomentar el ahorro, reducir el porcentaje de agua no registrada y proteger el acu\u00edfero.<\/li>\n<li><strong>Econ\u00f3mico:<\/strong> equilibrar los ingresos y gastos del servicio.<\/li>\n<\/ul>\n<p>Informaci\u00f3n de la campa\u00f1a <a href=\"https:\/\/mont-roig.cat\/wp-content\/uploads\/PDF-Nova-Tarifa-CAST.pdf\" target=\"_blank\" rel=\"noopener\">en este pdf.<\/a><\/p>\n<p>&nbsp;<\/p>\n","protected":false},"excerpt":{"rendered":"<p>El municipio actualiza las cuotas del servicio despu\u00e9s de m\u00e1s de una d\u00e9cada sin cambios e introduce nuevos tramos de consumo para favorecer el uso responsable. Tras trece a\u00f1os sin modificaciones, el municipio ha aprobado una nueva ordenanza de tarifas del servicio de agua que entrar\u00e1 en vigor para los consumos del cuarto trimestre de [&hellip;]<\/p>\n","protected":false},"author":13,"featured_media":85515,"comment_status":"closed","ping_status":"closed","sticky":false,"template":"","format":"standard","meta":{"inline_featured_image":false,"_monsterinsights_skip_tracking":false,"_monsterinsights_sitenote_active":false,"_monsterinsights_sitenote_note":"","_monsterinsights_sitenote_category":0,"footnotes":""},"categories":[98,203],"tags":[],"class_list":["post-85524","post","type-post","status-publish","format-standard","has-post-thumbnail","hentry","category-ayuntamiento","category-nostraigua-es"],"yoast_head":"<!-- This site is optimized with the Yoast SEO plugin v27.4 - https:\/\/yoast.com\/product\/yoast-seo-wordpress\/ -->\n<title>Nueva ordenanza de tarifas del agua para garantizar un servicio m\u00e1s sostenible y equilibrado - Ajuntament de Mont-roig del Camp<\/title>\n<meta name=\"robots\" content=\"index, follow, max-snippet:-1, max-image-preview:large, max-video-preview:-1\" \/>\n<link rel=\"canonical\" href=\"https:\/\/mont-roig.cat\/es\/actualitat\/noticies\/nueva-ordenanza-de-tarifas-del-agua-para-garantizar-un-servicio-mas-sostenible-y-equilibrado\/\" \/>\n<meta property=\"og:locale\" content=\"es_ES\" \/>\n<meta property=\"og:type\" content=\"article\" \/>\n<meta property=\"og:title\" content=\"Nueva ordenanza de tarifas del agua para garantizar un servicio m\u00e1s sostenible y equilibrado - Ajuntament de Mont-roig del Camp\" \/>\n<meta property=\"og:description\" content=\"El municipio actualiza las cuotas del servicio despu\u00e9s de m\u00e1s de una d\u00e9cada sin cambios e introduce nuevos tramos de consumo para favorecer el uso responsable. Tras trece a\u00f1os sin modificaciones, el municipio ha aprobado una nueva ordenanza de tarifas del servicio de agua que entrar\u00e1 en vigor para los consumos del cuarto trimestre de [&hellip;]\" \/>\n<meta property=\"og:url\" content=\"https:\/\/mont-roig.cat\/es\/actualitat\/noticies\/nueva-ordenanza-de-tarifas-del-agua-para-garantizar-un-servicio-mas-sostenible-y-equilibrado\/\" \/>\n<meta property=\"og:site_name\" content=\"Ajuntament de Mont-roig del Camp\" \/>\n<meta property=\"article:published_time\" content=\"2025-09-16T11:59:33+00:00\" \/>\n<meta property=\"article:modified_time\" content=\"2025-09-16T12:25:05+00:00\" \/>\n<meta property=\"og:image\" content=\"https:\/\/mont-roig.cat\/wp-content\/uploads\/CARTEL-NUEVA-TARIFA_cast.png\" \/>\n\t<meta property=\"og:image:width\" content=\"1080\" \/>\n\t<meta property=\"og:image:height\" content=\"1920\" \/>\n\t<meta property=\"og:image:type\" content=\"image\/png\" \/>\n<meta name=\"author\" content=\"comunicacio\" \/>\n<meta name=\"twitter:card\" content=\"summary_large_image\" \/>\n<meta name=\"twitter:label1\" content=\"Escrito por\" \/>\n\t<meta name=\"twitter:data1\" content=\"comunicacio\" \/>\n\t<meta name=\"twitter:label2\" content=\"Tiempo de lectura\" \/>\n\t<meta name=\"twitter:data2\" content=\"4 minutos\" \/>\n<script type=\"application\/ld+json\" class=\"yoast-schema-graph\">{\"@context\":\"https:\\\/\\\/schema.org\",\"@graph\":[{\"@type\":\"Article\",\"@id\":\"https:\\\/\\\/mont-roig.cat\\\/es\\\/actualitat\\\/noticies\\\/nueva-ordenanza-de-tarifas-del-agua-para-garantizar-un-servicio-mas-sostenible-y-equilibrado\\\/#article\",\"isPartOf\":{\"@id\":\"https:\\\/\\\/mont-roig.cat\\\/es\\\/actualitat\\\/noticies\\\/nueva-ordenanza-de-tarifas-del-agua-para-garantizar-un-servicio-mas-sostenible-y-equilibrado\\\/\"},\"author\":{\"name\":\"comunicacio\",\"@id\":\"https:\\\/\\\/mont-roig.cat\\\/es\\\/#\\\/schema\\\/person\\\/1f73e7b5e6f9dd122e8a6f14f310ac5e\"},\"headline\":\"Nueva ordenanza de tarifas del agua para garantizar un servicio m\u00e1s sostenible y equilibrado\",\"datePublished\":\"2025-09-16T11:59:33+00:00\",\"dateModified\":\"2025-09-16T12:25:05+00:00\",\"mainEntityOfPage\":{\"@id\":\"https:\\\/\\\/mont-roig.cat\\\/es\\\/actualitat\\\/noticies\\\/nueva-ordenanza-de-tarifas-del-agua-para-garantizar-un-servicio-mas-sostenible-y-equilibrado\\\/\"},\"wordCount\":646,\"image\":{\"@id\":\"https:\\\/\\\/mont-roig.cat\\\/es\\\/actualitat\\\/noticies\\\/nueva-ordenanza-de-tarifas-del-agua-para-garantizar-un-servicio-mas-sostenible-y-equilibrado\\\/#primaryimage\"},\"thumbnailUrl\":\"https:\\\/\\\/mont-roig.cat\\\/wp-content\\\/uploads\\\/CARTEL-NUEVA-TARIFA_cast.png\",\"articleSection\":[\"Ayuntamiento\",\"Nostraigua\"],\"inLanguage\":\"es\"},{\"@type\":\"WebPage\",\"@id\":\"https:\\\/\\\/mont-roig.cat\\\/es\\\/actualitat\\\/noticies\\\/nueva-ordenanza-de-tarifas-del-agua-para-garantizar-un-servicio-mas-sostenible-y-equilibrado\\\/\",\"url\":\"https:\\\/\\\/mont-roig.cat\\\/es\\\/actualitat\\\/noticies\\\/nueva-ordenanza-de-tarifas-del-agua-para-garantizar-un-servicio-mas-sostenible-y-equilibrado\\\/\",\"name\":\"Nueva ordenanza de tarifas del agua para garantizar un servicio m\u00e1s sostenible y equilibrado - Ajuntament de Mont-roig del Camp\",\"isPartOf\":{\"@id\":\"https:\\\/\\\/mont-roig.cat\\\/es\\\/#website\"},\"primaryImageOfPage\":{\"@id\":\"https:\\\/\\\/mont-roig.cat\\\/es\\\/actualitat\\\/noticies\\\/nueva-ordenanza-de-tarifas-del-agua-para-garantizar-un-servicio-mas-sostenible-y-equilibrado\\\/#primaryimage\"},\"image\":{\"@id\":\"https:\\\/\\\/mont-roig.cat\\\/es\\\/actualitat\\\/noticies\\\/nueva-ordenanza-de-tarifas-del-agua-para-garantizar-un-servicio-mas-sostenible-y-equilibrado\\\/#primaryimage\"},\"thumbnailUrl\":\"https:\\\/\\\/mont-roig.cat\\\/wp-content\\\/uploads\\\/CARTEL-NUEVA-TARIFA_cast.png\",\"datePublished\":\"2025-09-16T11:59:33+00:00\",\"dateModified\":\"2025-09-16T12:25:05+00:00\",\"author\":{\"@id\":\"https:\\\/\\\/mont-roig.cat\\\/es\\\/#\\\/schema\\\/person\\\/1f73e7b5e6f9dd122e8a6f14f310ac5e\"},\"breadcrumb\":{\"@id\":\"https:\\\/\\\/mont-roig.cat\\\/es\\\/actualitat\\\/noticies\\\/nueva-ordenanza-de-tarifas-del-agua-para-garantizar-un-servicio-mas-sostenible-y-equilibrado\\\/#breadcrumb\"},\"inLanguage\":\"es\",\"potentialAction\":[{\"@type\":\"ReadAction\",\"target\":[\"https:\\\/\\\/mont-roig.cat\\\/es\\\/actualitat\\\/noticies\\\/nueva-ordenanza-de-tarifas-del-agua-para-garantizar-un-servicio-mas-sostenible-y-equilibrado\\\/\"]}]},{\"@type\":\"ImageObject\",\"inLanguage\":\"es\",\"@id\":\"https:\\\/\\\/mont-roig.cat\\\/es\\\/actualitat\\\/noticies\\\/nueva-ordenanza-de-tarifas-del-agua-para-garantizar-un-servicio-mas-sostenible-y-equilibrado\\\/#primaryimage\",\"url\":\"https:\\\/\\\/mont-roig.cat\\\/wp-content\\\/uploads\\\/CARTEL-NUEVA-TARIFA_cast.png\",\"contentUrl\":\"https:\\\/\\\/mont-roig.cat\\\/wp-content\\\/uploads\\\/CARTEL-NUEVA-TARIFA_cast.png\",\"width\":1080,\"height\":1920},{\"@type\":\"BreadcrumbList\",\"@id\":\"https:\\\/\\\/mont-roig.cat\\\/es\\\/actualitat\\\/noticies\\\/nueva-ordenanza-de-tarifas-del-agua-para-garantizar-un-servicio-mas-sostenible-y-equilibrado\\\/#breadcrumb\",\"itemListElement\":[{\"@type\":\"ListItem\",\"position\":1,\"name\":\"Inici\",\"item\":\"https:\\\/\\\/mont-roig.cat\\\/es\\\/pagina-de-inicio\\\/\"},{\"@type\":\"ListItem\",\"position\":2,\"name\":\"Nueva ordenanza de tarifas del agua para garantizar un servicio m\u00e1s sostenible y equilibrado\"}]},{\"@type\":\"WebSite\",\"@id\":\"https:\\\/\\\/mont-roig.cat\\\/es\\\/#website\",\"url\":\"https:\\\/\\\/mont-roig.cat\\\/es\\\/\",\"name\":\"Ajuntament de Mont-roig del Camp\",\"description\":\"Tota la informaci\u00f3 sobre la instituci\u00f3, els seus \u00f2rgans de govern, actualitat, serveis i molt m\u00e9s.\",\"potentialAction\":[{\"@type\":\"SearchAction\",\"target\":{\"@type\":\"EntryPoint\",\"urlTemplate\":\"https:\\\/\\\/mont-roig.cat\\\/es\\\/?s={search_term_string}\"},\"query-input\":{\"@type\":\"PropertyValueSpecification\",\"valueRequired\":true,\"valueName\":\"search_term_string\"}}],\"inLanguage\":\"es\"},{\"@type\":\"Person\",\"@id\":\"https:\\\/\\\/mont-roig.cat\\\/es\\\/#\\\/schema\\\/person\\\/1f73e7b5e6f9dd122e8a6f14f310ac5e\",\"name\":\"comunicacio\",\"image\":{\"@type\":\"ImageObject\",\"inLanguage\":\"es\",\"@id\":\"https:\\\/\\\/secure.gravatar.com\\\/avatar\\\/98944333e7a877670a64f8d10f0cb680ab2c9ebc4efc43945ef004b52b5ad28c?s=96&d=mm&r=g\",\"url\":\"https:\\\/\\\/secure.gravatar.com\\\/avatar\\\/98944333e7a877670a64f8d10f0cb680ab2c9ebc4efc43945ef004b52b5ad28c?s=96&d=mm&r=g\",\"contentUrl\":\"https:\\\/\\\/secure.gravatar.com\\\/avatar\\\/98944333e7a877670a64f8d10f0cb680ab2c9ebc4efc43945ef004b52b5ad28c?s=96&d=mm&r=g\",\"caption\":\"comunicacio\"},\"url\":\"https:\\\/\\\/mont-roig.cat\\\/es\\\/actualitat\\\/noticies\\\/author\\\/comunicacio\\\/\"}]}<\/script>\n<!-- \/ Yoast SEO plugin. -->","yoast_head_json":{"title":"Nueva ordenanza de tarifas del agua para garantizar un servicio m\u00e1s sostenible y equilibrado - Ajuntament de Mont-roig del Camp","robots":{"index":"index","follow":"follow","max-snippet":"max-snippet:-1","max-image-preview":"max-image-preview:large","max-video-preview":"max-video-preview:-1"},"canonical":"https:\/\/mont-roig.cat\/es\/actualitat\/noticies\/nueva-ordenanza-de-tarifas-del-agua-para-garantizar-un-servicio-mas-sostenible-y-equilibrado\/","og_locale":"es_ES","og_type":"article","og_title":"Nueva ordenanza de tarifas del agua para garantizar un servicio m\u00e1s sostenible y equilibrado - Ajuntament de Mont-roig del Camp","og_description":"El municipio actualiza las cuotas del servicio despu\u00e9s de m\u00e1s de una d\u00e9cada sin cambios e introduce nuevos tramos de consumo para favorecer el uso responsable. Tras trece a\u00f1os sin modificaciones, el municipio ha aprobado una nueva ordenanza de tarifas del servicio de agua que entrar\u00e1 en vigor para los consumos del cuarto trimestre de [&hellip;]","og_url":"https:\/\/mont-roig.cat\/es\/actualitat\/noticies\/nueva-ordenanza-de-tarifas-del-agua-para-garantizar-un-servicio-mas-sostenible-y-equilibrado\/","og_site_name":"Ajuntament de Mont-roig del Camp","article_published_time":"2025-09-16T11:59:33+00:00","article_modified_time":"2025-09-16T12:25:05+00:00","og_image":[{"width":1080,"height":1920,"url":"https:\/\/mont-roig.cat\/wp-content\/uploads\/CARTEL-NUEVA-TARIFA_cast.png","type":"image\/png"}],"author":"comunicacio","twitter_card":"summary_large_image","twitter_misc":{"Escrito por":"comunicacio","Tiempo de lectura":"4 minutos"},"schema":{"@context":"https:\/\/schema.org","@graph":[{"@type":"Article","@id":"https:\/\/mont-roig.cat\/es\/actualitat\/noticies\/nueva-ordenanza-de-tarifas-del-agua-para-garantizar-un-servicio-mas-sostenible-y-equilibrado\/#article","isPartOf":{"@id":"https:\/\/mont-roig.cat\/es\/actualitat\/noticies\/nueva-ordenanza-de-tarifas-del-agua-para-garantizar-un-servicio-mas-sostenible-y-equilibrado\/"},"author":{"name":"comunicacio","@id":"https:\/\/mont-roig.cat\/es\/#\/schema\/person\/1f73e7b5e6f9dd122e8a6f14f310ac5e"},"headline":"Nueva ordenanza de tarifas del agua para garantizar un servicio m\u00e1s sostenible y equilibrado","datePublished":"2025-09-16T11:59:33+00:00","dateModified":"2025-09-16T12:25:05+00:00","mainEntityOfPage":{"@id":"https:\/\/mont-roig.cat\/es\/actualitat\/noticies\/nueva-ordenanza-de-tarifas-del-agua-para-garantizar-un-servicio-mas-sostenible-y-equilibrado\/"},"wordCount":646,"image":{"@id":"https:\/\/mont-roig.cat\/es\/actualitat\/noticies\/nueva-ordenanza-de-tarifas-del-agua-para-garantizar-un-servicio-mas-sostenible-y-equilibrado\/#primaryimage"},"thumbnailUrl":"https:\/\/mont-roig.cat\/wp-content\/uploads\/CARTEL-NUEVA-TARIFA_cast.png","articleSection":["Ayuntamiento","Nostraigua"],"inLanguage":"es"},{"@type":"WebPage","@id":"https:\/\/mont-roig.cat\/es\/actualitat\/noticies\/nueva-ordenanza-de-tarifas-del-agua-para-garantizar-un-servicio-mas-sostenible-y-equilibrado\/","url":"https:\/\/mont-roig.cat\/es\/actualitat\/noticies\/nueva-ordenanza-de-tarifas-del-agua-para-garantizar-un-servicio-mas-sostenible-y-equilibrado\/","name":"Nueva ordenanza de tarifas del agua para garantizar un servicio m\u00e1s sostenible y equilibrado - Ajuntament de Mont-roig del Camp","isPartOf":{"@id":"https:\/\/mont-roig.cat\/es\/#website"},"primaryImageOfPage":{"@id":"https:\/\/mont-roig.cat\/es\/actualitat\/noticies\/nueva-ordenanza-de-tarifas-del-agua-para-garantizar-un-servicio-mas-sostenible-y-equilibrado\/#primaryimage"},"image":{"@id":"https:\/\/mont-roig.cat\/es\/actualitat\/noticies\/nueva-ordenanza-de-tarifas-del-agua-para-garantizar-un-servicio-mas-sostenible-y-equilibrado\/#primaryimage"},"thumbnailUrl":"https:\/\/mont-roig.cat\/wp-content\/uploads\/CARTEL-NUEVA-TARIFA_cast.png","datePublished":"2025-09-16T11:59:33+00:00","dateModified":"2025-09-16T12:25:05+00:00","author":{"@id":"https:\/\/mont-roig.cat\/es\/#\/schema\/person\/1f73e7b5e6f9dd122e8a6f14f310ac5e"},"breadcrumb":{"@id":"https:\/\/mont-roig.cat\/es\/actualitat\/noticies\/nueva-ordenanza-de-tarifas-del-agua-para-garantizar-un-servicio-mas-sostenible-y-equilibrado\/#breadcrumb"},"inLanguage":"es","potentialAction":[{"@type":"ReadAction","target":["https:\/\/mont-roig.cat\/es\/actualitat\/noticies\/nueva-ordenanza-de-tarifas-del-agua-para-garantizar-un-servicio-mas-sostenible-y-equilibrado\/"]}]},{"@type":"ImageObject","inLanguage":"es","@id":"https:\/\/mont-roig.cat\/es\/actualitat\/noticies\/nueva-ordenanza-de-tarifas-del-agua-para-garantizar-un-servicio-mas-sostenible-y-equilibrado\/#primaryimage","url":"https:\/\/mont-roig.cat\/wp-content\/uploads\/CARTEL-NUEVA-TARIFA_cast.png","contentUrl":"https:\/\/mont-roig.cat\/wp-content\/uploads\/CARTEL-NUEVA-TARIFA_cast.png","width":1080,"height":1920},{"@type":"BreadcrumbList","@id":"https:\/\/mont-roig.cat\/es\/actualitat\/noticies\/nueva-ordenanza-de-tarifas-del-agua-para-garantizar-un-servicio-mas-sostenible-y-equilibrado\/#breadcrumb","itemListElement":[{"@type":"ListItem","position":1,"name":"Inici","item":"https:\/\/mont-roig.cat\/es\/pagina-de-inicio\/"},{"@type":"ListItem","position":2,"name":"Nueva ordenanza de tarifas del agua para garantizar un servicio m\u00e1s sostenible y equilibrado"}]},{"@type":"WebSite","@id":"https:\/\/mont-roig.cat\/es\/#website","url":"https:\/\/mont-roig.cat\/es\/","name":"Ajuntament de Mont-roig del Camp","description":"Tota la informaci\u00f3 sobre la instituci\u00f3, els seus \u00f2rgans de govern, actualitat, serveis i molt m\u00e9s.","potentialAction":[{"@type":"SearchAction","target":{"@type":"EntryPoint","urlTemplate":"https:\/\/mont-roig.cat\/es\/?s={search_term_string}"},"query-input":{"@type":"PropertyValueSpecification","valueRequired":true,"valueName":"search_term_string"}}],"inLanguage":"es"},{"@type":"Person","@id":"https:\/\/mont-roig.cat\/es\/#\/schema\/person\/1f73e7b5e6f9dd122e8a6f14f310ac5e","name":"comunicacio","image":{"@type":"ImageObject","inLanguage":"es","@id":"https:\/\/secure.gravatar.com\/avatar\/98944333e7a877670a64f8d10f0cb680ab2c9ebc4efc43945ef004b52b5ad28c?s=96&d=mm&r=g","url":"https:\/\/secure.gravatar.com\/avatar\/98944333e7a877670a64f8d10f0cb680ab2c9ebc4efc43945ef004b52b5ad28c?s=96&d=mm&r=g","contentUrl":"https:\/\/secure.gravatar.com\/avatar\/98944333e7a877670a64f8d10f0cb680ab2c9ebc4efc43945ef004b52b5ad28c?s=96&d=mm&r=g","caption":"comunicacio"},"url":"https:\/\/mont-roig.cat\/es\/actualitat\/noticies\/author\/comunicacio\/"}]}},"_links":{"self":[{"href":"https:\/\/mont-roig.cat\/es\/wp-json\/wp\/v2\/posts\/85524","targetHints":{"allow":["GET"]}}],"collection":[{"href":"https:\/\/mont-roig.cat\/es\/wp-json\/wp\/v2\/posts"}],"about":[{"href":"https:\/\/mont-roig.cat\/es\/wp-json\/wp\/v2\/types\/post"}],"author":[{"embeddable":true,"href":"https:\/\/mont-roig.cat\/es\/wp-json\/wp\/v2\/users\/13"}],"replies":[{"embeddable":true,"href":"https:\/\/mont-roig.cat\/es\/wp-json\/wp\/v2\/comments?post=85524"}],"version-history":[{"count":2,"href":"https:\/\/mont-roig.cat\/es\/wp-json\/wp\/v2\/posts\/85524\/revisions"}],"predecessor-version":[{"id":85526,"href":"https:\/\/mont-roig.cat\/es\/wp-json\/wp\/v2\/posts\/85524\/revisions\/85526"}],"wp:featuredmedia":[{"embeddable":true,"href":"https:\/\/mont-roig.cat\/es\/wp-json\/wp\/v2\/media\/85515"}],"wp:attachment":[{"href":"https:\/\/mont-roig.cat\/es\/wp-json\/wp\/v2\/media?parent=85524"}],"wp:term":[{"taxonomy":"category","embeddable":true,"href":"https:\/\/mont-roig.cat\/es\/wp-json\/wp\/v2\/categories?post=85524"},{"taxonomy":"post_tag","embeddable":true,"href":"https:\/\/mont-roig.cat\/es\/wp-json\/wp\/v2\/tags?post=85524"}],"curies":[{"name":"wp","href":"https:\/\/api.w.org\/{rel}","templated":true}]}}