{"id":85541,"date":"2025-09-17T11:19:15","date_gmt":"2025-09-17T09:19:15","guid":{"rendered":"https:\/\/mont-roig.cat\/?p=85541"},"modified":"2025-09-17T12:10:26","modified_gmt":"2025-09-17T10:10:26","slug":"el-ayuntamiento-pide-a-la-generalitat-un-refuerzo-del-servicio-de-autobus-que-conecta-miami-platja-con-el-complex-educatiu-de-tarragona","status":"publish","type":"post","link":"https:\/\/mont-roig.cat\/es\/actualitat\/noticies\/el-ayuntamiento-pide-a-la-generalitat-un-refuerzo-del-servicio-de-autobus-que-conecta-miami-platja-con-el-complex-educatiu-de-tarragona\/","title":{"rendered":"El Ayuntamiento pide a la Generalitat un refuerzo del servicio de autob\u00fas que conecta Miami Platja con el Complex Educatiu de Tarragona"},"content":{"rendered":"<ul>\n<li><em><a href=\"https:\/\/mont-roig.cat\/wp-content\/uploads\/Foto-bus-municipal.jpeg\"><img loading=\"lazy\" decoding=\"async\" class=\"alignright wp-image-85538\" src=\"https:\/\/mont-roig.cat\/wp-content\/uploads\/Foto-bus-municipal-282x500.jpeg\" alt=\"\" width=\"169\" height=\"300\" srcset=\"https:\/\/mont-roig.cat\/wp-content\/uploads\/Foto-bus-municipal-282x500.jpeg 282w, https:\/\/mont-roig.cat\/wp-content\/uploads\/Foto-bus-municipal.jpeg 405w\" sizes=\"auto, (max-width: 169px) 100vw, 169px\" \/><\/a>La l\u00ednea, que utiliza mayoritariamente el alumnado del municipio est\u00e1 saturada y los usuarios deben viajar de pie y en muchos casos, no poder ni subir al autob\u00fas<\/em><\/li>\n<\/ul>\n<p>El Ayuntamiento de Mont-roig del Camp ha pedido a la Generalitat que refuerce el servicio de autob\u00fas que conecta L&#8217;Hospitalet de l&#8217;Infant y Miami Platja con el Complex Educatiu de Tarragona (CET) y la Estaci\u00f3n de autobuses de Tarragona en la primera franja horaria de las 7 de la ma\u00f1ana. El motivo es que, con el inicio del nuevo curso escolar, el servicio ha vuelto a quedarse desbordado y el alumnado del municipio que utiliza esta l\u00ednea para estudiar en Tarragona no puede utilizar el transporte p\u00fablico. La mayor\u00eda de los usuarios deben viajar de pie y en varias ocasiones muchos de ellos se quedan sin sitio porque se supera el aforo del autob\u00fas.<\/p>\n<p>Adem\u00e1s, las diversas paradas que el autob\u00fas hac\u00eda a lo largo de su recorrido dentro del t\u00e9rmino municipal, a fin de que los estudiantes de las urbanizaciones y de Mont-roig puedan acceder al servicio con mayor comodidad, se han dejado de hacer debido a la saturaci\u00f3n del servicio.<\/p>\n<p>Cabe recordar que esta petici\u00f3n, que el Ayuntamiento espera que sea efectiva, lo antes posible, ya se hizo el a\u00f1o pasado teniendo en cuenta la demanda creciente de los j\u00f3venes de la zona, que requieren un transporte fiable y puntual para acceder a las clases de formaci\u00f3n profesional, universitaria y otros estudios superiores en Tarragona. En este sentido, en 2024 se logr\u00f3 el adelanto de la hora de inicio de la primera expedici\u00f3n, a las 07:00 h en lugar de las 07:15 h, garantizando as\u00ed la llegada puntual a las clases lectivas.<\/p>\n<p>Los departamentos de Educaci\u00f3n y de Movilidad del Ayuntamiento de Mont-roig del Camp contin\u00faan trabajando de forma conjunta para reforzar el compromiso del consistorio para facilitar el acceso a la educaci\u00f3n post obligatoria y superior, mejorando las opciones de transporte para todos los estudiantes del municipio. Este servicio est\u00e1 operativo de lunes a viernes en d\u00edas laborables.<\/p>\n<p>Puede consultar los horarios en el siguiente <a href=\"https:\/\/www.hife.es\/media\/resources\/64\/horari-web-hospitalet-laboral-2024-cast-1729782519-74800.pdf\" target=\"_blank\" rel=\"noopener\">enlace<\/a>.<\/p>\n","protected":false},"excerpt":{"rendered":"<p>La l\u00ednea, que utiliza mayoritariamente el alumnado del municipio est\u00e1 saturada y los usuarios deben viajar de pie y en muchos casos, no poder ni subir al autob\u00fas El Ayuntamiento de Mont-roig del Camp ha pedido a la Generalitat que refuerce el servicio de autob\u00fas que conecta L&#8217;Hospitalet de l&#8217;Infant y Miami Platja con el [&hellip;]<\/p>\n","protected":false},"author":13,"featured_media":85538,"comment_status":"closed","ping_status":"closed","sticky":false,"template":"","format":"standard","meta":{"inline_featured_image":false,"_monsterinsights_skip_tracking":false,"_monsterinsights_sitenote_active":false,"_monsterinsights_sitenote_note":"","_monsterinsights_sitenote_category":0,"footnotes":""},"categories":[98,103,108],"tags":[],"class_list":["post-85541","post","type-post","status-publish","format-standard","has-post-thumbnail","hentry","category-ayuntamiento","category-educacion","category-movilidad-y-transporte"],"yoast_head":"<!-- This site is optimized with the Yoast SEO plugin v27.4 - https:\/\/yoast.com\/product\/yoast-seo-wordpress\/ -->\n<title>El Ayuntamiento pide a la Generalitat un refuerzo del servicio de autob\u00fas que conecta Miami Platja con el Complex Educatiu de Tarragona - Ajuntament de Mont-roig del Camp<\/title>\n<meta name=\"robots\" content=\"index, follow, max-snippet:-1, max-image-preview:large, max-video-preview:-1\" \/>\n<link rel=\"canonical\" href=\"https:\/\/mont-roig.cat\/es\/actualitat\/noticies\/el-ayuntamiento-pide-a-la-generalitat-un-refuerzo-del-servicio-de-autobus-que-conecta-miami-platja-con-el-complex-educatiu-de-tarragona\/\" \/>\n<meta property=\"og:locale\" content=\"es_ES\" \/>\n<meta property=\"og:type\" content=\"article\" \/>\n<meta property=\"og:title\" content=\"El Ayuntamiento pide a la Generalitat un refuerzo del servicio de autob\u00fas que conecta Miami Platja con el Complex Educatiu de Tarragona - Ajuntament de Mont-roig del Camp\" \/>\n<meta property=\"og:description\" content=\"La l\u00ednea, que utiliza mayoritariamente el alumnado del municipio est\u00e1 saturada y los usuarios deben viajar de pie y en muchos casos, no poder ni subir al autob\u00fas El Ayuntamiento de Mont-roig del Camp ha pedido a la Generalitat que refuerce el servicio de autob\u00fas que conecta L&#8217;Hospitalet de l&#8217;Infant y Miami Platja con el [&hellip;]\" \/>\n<meta property=\"og:url\" content=\"https:\/\/mont-roig.cat\/es\/actualitat\/noticies\/el-ayuntamiento-pide-a-la-generalitat-un-refuerzo-del-servicio-de-autobus-que-conecta-miami-platja-con-el-complex-educatiu-de-tarragona\/\" \/>\n<meta property=\"og:site_name\" content=\"Ajuntament de Mont-roig del Camp\" \/>\n<meta property=\"article:published_time\" content=\"2025-09-17T09:19:15+00:00\" \/>\n<meta property=\"article:modified_time\" content=\"2025-09-17T10:10:26+00:00\" \/>\n<meta property=\"og:image\" content=\"https:\/\/mont-roig.cat\/wp-content\/uploads\/Foto-bus-municipal.jpeg\" \/>\n\t<meta property=\"og:image:width\" content=\"405\" \/>\n\t<meta property=\"og:image:height\" content=\"719\" \/>\n\t<meta property=\"og:image:type\" content=\"image\/jpeg\" \/>\n<meta name=\"author\" content=\"comunicacio\" \/>\n<meta name=\"twitter:card\" content=\"summary_large_image\" \/>\n<meta name=\"twitter:label1\" content=\"Escrito por\" \/>\n\t<meta name=\"twitter:data1\" content=\"comunicacio\" \/>\n\t<meta name=\"twitter:label2\" content=\"Tiempo de lectura\" \/>\n\t<meta name=\"twitter:data2\" content=\"3 minutos\" \/>\n<script type=\"application\/ld+json\" class=\"yoast-schema-graph\">{\"@context\":\"https:\\\/\\\/schema.org\",\"@graph\":[{\"@type\":\"Article\",\"@id\":\"https:\\\/\\\/mont-roig.cat\\\/es\\\/actualitat\\\/noticies\\\/el-ayuntamiento-pide-a-la-generalitat-un-refuerzo-del-servicio-de-autobus-que-conecta-miami-platja-con-el-complex-educatiu-de-tarragona\\\/#article\",\"isPartOf\":{\"@id\":\"https:\\\/\\\/mont-roig.cat\\\/es\\\/actualitat\\\/noticies\\\/el-ayuntamiento-pide-a-la-generalitat-un-refuerzo-del-servicio-de-autobus-que-conecta-miami-platja-con-el-complex-educatiu-de-tarragona\\\/\"},\"author\":{\"name\":\"comunicacio\",\"@id\":\"https:\\\/\\\/mont-roig.cat\\\/es\\\/#\\\/schema\\\/person\\\/1f73e7b5e6f9dd122e8a6f14f310ac5e\"},\"headline\":\"El Ayuntamiento pide a la Generalitat un refuerzo del servicio de autob\u00fas que conecta Miami Platja con el Complex Educatiu de Tarragona\",\"datePublished\":\"2025-09-17T09:19:15+00:00\",\"dateModified\":\"2025-09-17T10:10:26+00:00\",\"mainEntityOfPage\":{\"@id\":\"https:\\\/\\\/mont-roig.cat\\\/es\\\/actualitat\\\/noticies\\\/el-ayuntamiento-pide-a-la-generalitat-un-refuerzo-del-servicio-de-autobus-que-conecta-miami-platja-con-el-complex-educatiu-de-tarragona\\\/\"},\"wordCount\":389,\"image\":{\"@id\":\"https:\\\/\\\/mont-roig.cat\\\/es\\\/actualitat\\\/noticies\\\/el-ayuntamiento-pide-a-la-generalitat-un-refuerzo-del-servicio-de-autobus-que-conecta-miami-platja-con-el-complex-educatiu-de-tarragona\\\/#primaryimage\"},\"thumbnailUrl\":\"https:\\\/\\\/mont-roig.cat\\\/wp-content\\\/uploads\\\/Foto-bus-municipal.jpeg\",\"articleSection\":[\"Ayuntamiento\",\"Educaci\u00f3n\",\"Movilidad y transporte\"],\"inLanguage\":\"es\"},{\"@type\":\"WebPage\",\"@id\":\"https:\\\/\\\/mont-roig.cat\\\/es\\\/actualitat\\\/noticies\\\/el-ayuntamiento-pide-a-la-generalitat-un-refuerzo-del-servicio-de-autobus-que-conecta-miami-platja-con-el-complex-educatiu-de-tarragona\\\/\",\"url\":\"https:\\\/\\\/mont-roig.cat\\\/es\\\/actualitat\\\/noticies\\\/el-ayuntamiento-pide-a-la-generalitat-un-refuerzo-del-servicio-de-autobus-que-conecta-miami-platja-con-el-complex-educatiu-de-tarragona\\\/\",\"name\":\"El Ayuntamiento pide a la Generalitat un refuerzo del servicio de autob\u00fas que conecta Miami Platja con el Complex Educatiu de Tarragona - Ajuntament de Mont-roig del Camp\",\"isPartOf\":{\"@id\":\"https:\\\/\\\/mont-roig.cat\\\/es\\\/#website\"},\"primaryImageOfPage\":{\"@id\":\"https:\\\/\\\/mont-roig.cat\\\/es\\\/actualitat\\\/noticies\\\/el-ayuntamiento-pide-a-la-generalitat-un-refuerzo-del-servicio-de-autobus-que-conecta-miami-platja-con-el-complex-educatiu-de-tarragona\\\/#primaryimage\"},\"image\":{\"@id\":\"https:\\\/\\\/mont-roig.cat\\\/es\\\/actualitat\\\/noticies\\\/el-ayuntamiento-pide-a-la-generalitat-un-refuerzo-del-servicio-de-autobus-que-conecta-miami-platja-con-el-complex-educatiu-de-tarragona\\\/#primaryimage\"},\"thumbnailUrl\":\"https:\\\/\\\/mont-roig.cat\\\/wp-content\\\/uploads\\\/Foto-bus-municipal.jpeg\",\"datePublished\":\"2025-09-17T09:19:15+00:00\",\"dateModified\":\"2025-09-17T10:10:26+00:00\",\"author\":{\"@id\":\"https:\\\/\\\/mont-roig.cat\\\/es\\\/#\\\/schema\\\/person\\\/1f73e7b5e6f9dd122e8a6f14f310ac5e\"},\"breadcrumb\":{\"@id\":\"https:\\\/\\\/mont-roig.cat\\\/es\\\/actualitat\\\/noticies\\\/el-ayuntamiento-pide-a-la-generalitat-un-refuerzo-del-servicio-de-autobus-que-conecta-miami-platja-con-el-complex-educatiu-de-tarragona\\\/#breadcrumb\"},\"inLanguage\":\"es\",\"potentialAction\":[{\"@type\":\"ReadAction\",\"target\":[\"https:\\\/\\\/mont-roig.cat\\\/es\\\/actualitat\\\/noticies\\\/el-ayuntamiento-pide-a-la-generalitat-un-refuerzo-del-servicio-de-autobus-que-conecta-miami-platja-con-el-complex-educatiu-de-tarragona\\\/\"]}]},{\"@type\":\"ImageObject\",\"inLanguage\":\"es\",\"@id\":\"https:\\\/\\\/mont-roig.cat\\\/es\\\/actualitat\\\/noticies\\\/el-ayuntamiento-pide-a-la-generalitat-un-refuerzo-del-servicio-de-autobus-que-conecta-miami-platja-con-el-complex-educatiu-de-tarragona\\\/#primaryimage\",\"url\":\"https:\\\/\\\/mont-roig.cat\\\/wp-content\\\/uploads\\\/Foto-bus-municipal.jpeg\",\"contentUrl\":\"https:\\\/\\\/mont-roig.cat\\\/wp-content\\\/uploads\\\/Foto-bus-municipal.jpeg\",\"width\":405,\"height\":719},{\"@type\":\"BreadcrumbList\",\"@id\":\"https:\\\/\\\/mont-roig.cat\\\/es\\\/actualitat\\\/noticies\\\/el-ayuntamiento-pide-a-la-generalitat-un-refuerzo-del-servicio-de-autobus-que-conecta-miami-platja-con-el-complex-educatiu-de-tarragona\\\/#breadcrumb\",\"itemListElement\":[{\"@type\":\"ListItem\",\"position\":1,\"name\":\"Inici\",\"item\":\"https:\\\/\\\/mont-roig.cat\\\/es\\\/pagina-de-inicio\\\/\"},{\"@type\":\"ListItem\",\"position\":2,\"name\":\"El Ayuntamiento pide a la Generalitat un refuerzo del servicio de autob\u00fas que conecta Miami Platja con el Complex Educatiu de Tarragona\"}]},{\"@type\":\"WebSite\",\"@id\":\"https:\\\/\\\/mont-roig.cat\\\/es\\\/#website\",\"url\":\"https:\\\/\\\/mont-roig.cat\\\/es\\\/\",\"name\":\"Ajuntament de Mont-roig del Camp\",\"description\":\"Tota la informaci\u00f3 sobre la instituci\u00f3, els seus \u00f2rgans de govern, actualitat, serveis i molt m\u00e9s.\",\"potentialAction\":[{\"@type\":\"SearchAction\",\"target\":{\"@type\":\"EntryPoint\",\"urlTemplate\":\"https:\\\/\\\/mont-roig.cat\\\/es\\\/?s={search_term_string}\"},\"query-input\":{\"@type\":\"PropertyValueSpecification\",\"valueRequired\":true,\"valueName\":\"search_term_string\"}}],\"inLanguage\":\"es\"},{\"@type\":\"Person\",\"@id\":\"https:\\\/\\\/mont-roig.cat\\\/es\\\/#\\\/schema\\\/person\\\/1f73e7b5e6f9dd122e8a6f14f310ac5e\",\"name\":\"comunicacio\",\"image\":{\"@type\":\"ImageObject\",\"inLanguage\":\"es\",\"@id\":\"https:\\\/\\\/secure.gravatar.com\\\/avatar\\\/98944333e7a877670a64f8d10f0cb680ab2c9ebc4efc43945ef004b52b5ad28c?s=96&d=mm&r=g\",\"url\":\"https:\\\/\\\/secure.gravatar.com\\\/avatar\\\/98944333e7a877670a64f8d10f0cb680ab2c9ebc4efc43945ef004b52b5ad28c?s=96&d=mm&r=g\",\"contentUrl\":\"https:\\\/\\\/secure.gravatar.com\\\/avatar\\\/98944333e7a877670a64f8d10f0cb680ab2c9ebc4efc43945ef004b52b5ad28c?s=96&d=mm&r=g\",\"caption\":\"comunicacio\"},\"url\":\"https:\\\/\\\/mont-roig.cat\\\/es\\\/actualitat\\\/noticies\\\/author\\\/comunicacio\\\/\"}]}<\/script>\n<!-- \/ Yoast SEO plugin. -->","yoast_head_json":{"title":"El Ayuntamiento pide a la Generalitat un refuerzo del servicio de autob\u00fas que conecta Miami Platja con el Complex Educatiu de Tarragona - Ajuntament de Mont-roig del Camp","robots":{"index":"index","follow":"follow","max-snippet":"max-snippet:-1","max-image-preview":"max-image-preview:large","max-video-preview":"max-video-preview:-1"},"canonical":"https:\/\/mont-roig.cat\/es\/actualitat\/noticies\/el-ayuntamiento-pide-a-la-generalitat-un-refuerzo-del-servicio-de-autobus-que-conecta-miami-platja-con-el-complex-educatiu-de-tarragona\/","og_locale":"es_ES","og_type":"article","og_title":"El Ayuntamiento pide a la Generalitat un refuerzo del servicio de autob\u00fas que conecta Miami Platja con el Complex Educatiu de Tarragona - Ajuntament de Mont-roig del Camp","og_description":"La l\u00ednea, que utiliza mayoritariamente el alumnado del municipio est\u00e1 saturada y los usuarios deben viajar de pie y en muchos casos, no poder ni subir al autob\u00fas El Ayuntamiento de Mont-roig del Camp ha pedido a la Generalitat que refuerce el servicio de autob\u00fas que conecta L&#8217;Hospitalet de l&#8217;Infant y Miami Platja con el [&hellip;]","og_url":"https:\/\/mont-roig.cat\/es\/actualitat\/noticies\/el-ayuntamiento-pide-a-la-generalitat-un-refuerzo-del-servicio-de-autobus-que-conecta-miami-platja-con-el-complex-educatiu-de-tarragona\/","og_site_name":"Ajuntament de Mont-roig del Camp","article_published_time":"2025-09-17T09:19:15+00:00","article_modified_time":"2025-09-17T10:10:26+00:00","og_image":[{"width":405,"height":719,"url":"https:\/\/mont-roig.cat\/wp-content\/uploads\/Foto-bus-municipal.jpeg","type":"image\/jpeg"}],"author":"comunicacio","twitter_card":"summary_large_image","twitter_misc":{"Escrito por":"comunicacio","Tiempo de lectura":"3 minutos"},"schema":{"@context":"https:\/\/schema.org","@graph":[{"@type":"Article","@id":"https:\/\/mont-roig.cat\/es\/actualitat\/noticies\/el-ayuntamiento-pide-a-la-generalitat-un-refuerzo-del-servicio-de-autobus-que-conecta-miami-platja-con-el-complex-educatiu-de-tarragona\/#article","isPartOf":{"@id":"https:\/\/mont-roig.cat\/es\/actualitat\/noticies\/el-ayuntamiento-pide-a-la-generalitat-un-refuerzo-del-servicio-de-autobus-que-conecta-miami-platja-con-el-complex-educatiu-de-tarragona\/"},"author":{"name":"comunicacio","@id":"https:\/\/mont-roig.cat\/es\/#\/schema\/person\/1f73e7b5e6f9dd122e8a6f14f310ac5e"},"headline":"El Ayuntamiento pide a la Generalitat un refuerzo del servicio de autob\u00fas que conecta Miami Platja con el Complex Educatiu de Tarragona","datePublished":"2025-09-17T09:19:15+00:00","dateModified":"2025-09-17T10:10:26+00:00","mainEntityOfPage":{"@id":"https:\/\/mont-roig.cat\/es\/actualitat\/noticies\/el-ayuntamiento-pide-a-la-generalitat-un-refuerzo-del-servicio-de-autobus-que-conecta-miami-platja-con-el-complex-educatiu-de-tarragona\/"},"wordCount":389,"image":{"@id":"https:\/\/mont-roig.cat\/es\/actualitat\/noticies\/el-ayuntamiento-pide-a-la-generalitat-un-refuerzo-del-servicio-de-autobus-que-conecta-miami-platja-con-el-complex-educatiu-de-tarragona\/#primaryimage"},"thumbnailUrl":"https:\/\/mont-roig.cat\/wp-content\/uploads\/Foto-bus-municipal.jpeg","articleSection":["Ayuntamiento","Educaci\u00f3n","Movilidad y transporte"],"inLanguage":"es"},{"@type":"WebPage","@id":"https:\/\/mont-roig.cat\/es\/actualitat\/noticies\/el-ayuntamiento-pide-a-la-generalitat-un-refuerzo-del-servicio-de-autobus-que-conecta-miami-platja-con-el-complex-educatiu-de-tarragona\/","url":"https:\/\/mont-roig.cat\/es\/actualitat\/noticies\/el-ayuntamiento-pide-a-la-generalitat-un-refuerzo-del-servicio-de-autobus-que-conecta-miami-platja-con-el-complex-educatiu-de-tarragona\/","name":"El Ayuntamiento pide a la Generalitat un refuerzo del servicio de autob\u00fas que conecta Miami Platja con el Complex Educatiu de Tarragona - Ajuntament de Mont-roig del Camp","isPartOf":{"@id":"https:\/\/mont-roig.cat\/es\/#website"},"primaryImageOfPage":{"@id":"https:\/\/mont-roig.cat\/es\/actualitat\/noticies\/el-ayuntamiento-pide-a-la-generalitat-un-refuerzo-del-servicio-de-autobus-que-conecta-miami-platja-con-el-complex-educatiu-de-tarragona\/#primaryimage"},"image":{"@id":"https:\/\/mont-roig.cat\/es\/actualitat\/noticies\/el-ayuntamiento-pide-a-la-generalitat-un-refuerzo-del-servicio-de-autobus-que-conecta-miami-platja-con-el-complex-educatiu-de-tarragona\/#primaryimage"},"thumbnailUrl":"https:\/\/mont-roig.cat\/wp-content\/uploads\/Foto-bus-municipal.jpeg","datePublished":"2025-09-17T09:19:15+00:00","dateModified":"2025-09-17T10:10:26+00:00","author":{"@id":"https:\/\/mont-roig.cat\/es\/#\/schema\/person\/1f73e7b5e6f9dd122e8a6f14f310ac5e"},"breadcrumb":{"@id":"https:\/\/mont-roig.cat\/es\/actualitat\/noticies\/el-ayuntamiento-pide-a-la-generalitat-un-refuerzo-del-servicio-de-autobus-que-conecta-miami-platja-con-el-complex-educatiu-de-tarragona\/#breadcrumb"},"inLanguage":"es","potentialAction":[{"@type":"ReadAction","target":["https:\/\/mont-roig.cat\/es\/actualitat\/noticies\/el-ayuntamiento-pide-a-la-generalitat-un-refuerzo-del-servicio-de-autobus-que-conecta-miami-platja-con-el-complex-educatiu-de-tarragona\/"]}]},{"@type":"ImageObject","inLanguage":"es","@id":"https:\/\/mont-roig.cat\/es\/actualitat\/noticies\/el-ayuntamiento-pide-a-la-generalitat-un-refuerzo-del-servicio-de-autobus-que-conecta-miami-platja-con-el-complex-educatiu-de-tarragona\/#primaryimage","url":"https:\/\/mont-roig.cat\/wp-content\/uploads\/Foto-bus-municipal.jpeg","contentUrl":"https:\/\/mont-roig.cat\/wp-content\/uploads\/Foto-bus-municipal.jpeg","width":405,"height":719},{"@type":"BreadcrumbList","@id":"https:\/\/mont-roig.cat\/es\/actualitat\/noticies\/el-ayuntamiento-pide-a-la-generalitat-un-refuerzo-del-servicio-de-autobus-que-conecta-miami-platja-con-el-complex-educatiu-de-tarragona\/#breadcrumb","itemListElement":[{"@type":"ListItem","position":1,"name":"Inici","item":"https:\/\/mont-roig.cat\/es\/pagina-de-inicio\/"},{"@type":"ListItem","position":2,"name":"El Ayuntamiento pide a la Generalitat un refuerzo del servicio de autob\u00fas que conecta Miami Platja con el Complex Educatiu de Tarragona"}]},{"@type":"WebSite","@id":"https:\/\/mont-roig.cat\/es\/#website","url":"https:\/\/mont-roig.cat\/es\/","name":"Ajuntament de Mont-roig del Camp","description":"Tota la informaci\u00f3 sobre la instituci\u00f3, els seus \u00f2rgans de govern, actualitat, serveis i molt m\u00e9s.","potentialAction":[{"@type":"SearchAction","target":{"@type":"EntryPoint","urlTemplate":"https:\/\/mont-roig.cat\/es\/?s={search_term_string}"},"query-input":{"@type":"PropertyValueSpecification","valueRequired":true,"valueName":"search_term_string"}}],"inLanguage":"es"},{"@type":"Person","@id":"https:\/\/mont-roig.cat\/es\/#\/schema\/person\/1f73e7b5e6f9dd122e8a6f14f310ac5e","name":"comunicacio","image":{"@type":"ImageObject","inLanguage":"es","@id":"https:\/\/secure.gravatar.com\/avatar\/98944333e7a877670a64f8d10f0cb680ab2c9ebc4efc43945ef004b52b5ad28c?s=96&d=mm&r=g","url":"https:\/\/secure.gravatar.com\/avatar\/98944333e7a877670a64f8d10f0cb680ab2c9ebc4efc43945ef004b52b5ad28c?s=96&d=mm&r=g","contentUrl":"https:\/\/secure.gravatar.com\/avatar\/98944333e7a877670a64f8d10f0cb680ab2c9ebc4efc43945ef004b52b5ad28c?s=96&d=mm&r=g","caption":"comunicacio"},"url":"https:\/\/mont-roig.cat\/es\/actualitat\/noticies\/author\/comunicacio\/"}]}},"_links":{"self":[{"href":"https:\/\/mont-roig.cat\/es\/wp-json\/wp\/v2\/posts\/85541","targetHints":{"allow":["GET"]}}],"collection":[{"href":"https:\/\/mont-roig.cat\/es\/wp-json\/wp\/v2\/posts"}],"about":[{"href":"https:\/\/mont-roig.cat\/es\/wp-json\/wp\/v2\/types\/post"}],"author":[{"embeddable":true,"href":"https:\/\/mont-roig.cat\/es\/wp-json\/wp\/v2\/users\/13"}],"replies":[{"embeddable":true,"href":"https:\/\/mont-roig.cat\/es\/wp-json\/wp\/v2\/comments?post=85541"}],"version-history":[{"count":5,"href":"https:\/\/mont-roig.cat\/es\/wp-json\/wp\/v2\/posts\/85541\/revisions"}],"predecessor-version":[{"id":85579,"href":"https:\/\/mont-roig.cat\/es\/wp-json\/wp\/v2\/posts\/85541\/revisions\/85579"}],"wp:featuredmedia":[{"embeddable":true,"href":"https:\/\/mont-roig.cat\/es\/wp-json\/wp\/v2\/media\/85538"}],"wp:attachment":[{"href":"https:\/\/mont-roig.cat\/es\/wp-json\/wp\/v2\/media?parent=85541"}],"wp:term":[{"taxonomy":"category","embeddable":true,"href":"https:\/\/mont-roig.cat\/es\/wp-json\/wp\/v2\/categories?post=85541"},{"taxonomy":"post_tag","embeddable":true,"href":"https:\/\/mont-roig.cat\/es\/wp-json\/wp\/v2\/tags?post=85541"}],"curies":[{"name":"wp","href":"https:\/\/api.w.org\/{rel}","templated":true}]}}