{"id":85576,"date":"2025-09-17T12:07:57","date_gmt":"2025-09-17T10:07:57","guid":{"rendered":"https:\/\/mont-roig.cat\/actualitat\/noticies\/la-cultura-del-vi-i-larquitectura-protagonitzen-la-13a-edicio-de-biblioteques-amb-do-al-municipi\/"},"modified":"2025-09-17T12:10:09","modified_gmt":"2025-09-17T10:10:09","slug":"la-cultura-del-vino-y-la-arquitectura-protagonizan-la-13a-edicion-de-biblioteques-amb-do-en-el-municipio","status":"publish","type":"post","link":"https:\/\/mont-roig.cat\/es\/actualitat\/noticies\/la-cultura-del-vino-y-la-arquitectura-protagonizan-la-13a-edicion-de-biblioteques-amb-do-en-el-municipio\/","title":{"rendered":"La cultura del vino y la arquitectura protagonizan la 13\u00aa edici\u00f3n de Biblioteques amb DO en el municipio"},"content":{"rendered":"<p><strong><strong><a href=\"https:\/\/mont-roig.cat\/wp-content\/uploads\/BibDO24_Cartell_A3-1_page-0001-scaled.jpg\" target=\"_blank\" rel=\"noopener\"><img loading=\"lazy\" decoding=\"async\" class=\"alignright wp-image-85561\" src=\"https:\/\/mont-roig.cat\/wp-content\/uploads\/BibDO24_Cartell_A3-1_page-0001-353x500.jpg\" alt=\"\" width=\"260\" height=\"368\" srcset=\"https:\/\/mont-roig.cat\/wp-content\/uploads\/BibDO24_Cartell_A3-1_page-0001-353x500.jpg 353w, https:\/\/mont-roig.cat\/wp-content\/uploads\/BibDO24_Cartell_A3-1_page-0001-724x1024.jpg 724w, https:\/\/mont-roig.cat\/wp-content\/uploads\/BibDO24_Cartell_A3-1_page-0001-768x1086.jpg 768w, https:\/\/mont-roig.cat\/wp-content\/uploads\/BibDO24_Cartell_A3-1_page-0001-1086x1536.jpg 1086w, https:\/\/mont-roig.cat\/wp-content\/uploads\/BibDO24_Cartell_A3-1_page-0001-scaled.jpg 1448w\" sizes=\"auto, (max-width: 260px) 100vw, 260px\" \/><\/a><\/strong><\/strong><\/p>\n<ul>\n<li data-start=\"101\" data-end=\"378\"><strong>Las bibliotecas Joan Mir\u00f3 y Miramar acogen en septiembre espect\u00e1culos, talleres y catas de vinos dentro del proyecto que une literatura, patrimonio y la DO Tarragona.<\/strong><\/li>\n<\/ul>\n<p data-start=\"380\" data-end=\"652\">El proyecto Biblioteques amb DO, que lleva la cultura del vino a las bibliotecas p\u00fablicas de Catalunya, llega en 2025 a su decimotercera edici\u00f3n. Este septiembre, el mes se dedica a la DO Tarragona, con actividades en las bibliotecas Joan Mir\u00f3 y Miramar.<\/p>\n<p data-start=\"654\" data-end=\"893\">Cada a\u00f1o, la iniciativa escoge un hilo conductor para explorar las m\u00faltiples facetas de la cultura vin\u00edcola. Este a\u00f1o, el tema central es la arquitectura del vino, con un programa que combina espect\u00e1culos teatrales, talleres y catas.<\/p>\n<p data-start=\"895\" data-end=\"1295\">El jueves 19 de septiembre, a las 19 h, la Biblioteca Joan Mir\u00f3 de Mont-roig del Camp acoger\u00e1 el espect\u00e1culo <em data-start=\"1008\" data-end=\"1069\">La geometria natural de Gaud\u00ed: contes fant\u00e0stics per adults<\/em>, a cargo de Olga Armengol Pastall\u00e9, profesora, divulgadora cient\u00edfica y actriz. La propuesta invita a descubrir la geometr\u00eda oculta en la naturaleza a trav\u00e9s de una narraci\u00f3n que combina ciencia, arquitectura y emoci\u00f3n.<\/p>\n<p data-start=\"1297\" data-end=\"1661\">El jueves 26 de septiembre, tambi\u00e9n a las 19 h, la Biblioteca Miramar de Miami Platja ser\u00e1 el escenario de <em data-start=\"1408\" data-end=\"1456\">Les catedrals de Martinell: relat teatralitzat<\/em>, una aproximaci\u00f3n libre a la figura del arquitecto C\u00e8sar Martinell. La actividad, a cargo de Roger Pall\u00e0s, actor y director de teatro, se complementar\u00e1 con una proyecci\u00f3n de im\u00e1genes de archivo.<\/p>\n<p data-start=\"1663\" data-end=\"1740\">Ambas propuestas se cerrar\u00e1n con una cata de tres vinos de la DO Tarragona.<\/p>\n<p data-start=\"1742\" data-end=\"2055\">La programaci\u00f3n tambi\u00e9n piensa en el p\u00fablico infantil: el jueves 18 de septiembre en la Biblioteca Miramar y el martes 30 de septiembre en la Biblioteca Joan Mir\u00f3, se ofrecer\u00e1 un taller de manualidades con collage para crear formas y texturas inspiradas en los paisajes que marcaron la obra de Antoni Gaud\u00ed.<\/p>\n<p data-start=\"2057\" data-end=\"2161\">Las actividades tienen plazas limitadas y es necesario hacer inscripci\u00f3n previa para poder participar.<\/p>\n<p>&nbsp;<\/p>\n<p>&nbsp;<\/p>\n<p>&nbsp;<\/p>\n","protected":false},"excerpt":{"rendered":"<p>Las bibliotecas Joan Mir\u00f3 y Miramar acogen en septiembre espect\u00e1culos, talleres y catas de vinos dentro del proyecto que une literatura, patrimonio y la DO Tarragona. El proyecto Biblioteques amb DO, que lleva la cultura del vino a las bibliotecas p\u00fablicas de Catalunya, llega en 2025 a su decimotercera edici\u00f3n. Este septiembre, el mes se [&hellip;]<\/p>\n","protected":false},"author":13,"featured_media":85573,"comment_status":"closed","ping_status":"closed","sticky":false,"template":"","format":"standard","meta":{"inline_featured_image":false,"_monsterinsights_skip_tracking":false,"_monsterinsights_sitenote_active":false,"_monsterinsights_sitenote_note":"","_monsterinsights_sitenote_category":0,"footnotes":""},"categories":[98,224],"tags":[],"class_list":["post-85576","post","type-post","status-publish","format-standard","has-post-thumbnail","hentry","category-ayuntamiento","category-biblioteques-es"],"yoast_head":"<!-- This site is optimized with the Yoast SEO plugin v27.4 - https:\/\/yoast.com\/product\/yoast-seo-wordpress\/ -->\n<title>La cultura del vino y la arquitectura protagonizan la 13\u00aa edici\u00f3n de Biblioteques amb DO en el municipio - Ajuntament de Mont-roig del Camp<\/title>\n<meta name=\"robots\" content=\"index, follow, max-snippet:-1, max-image-preview:large, max-video-preview:-1\" \/>\n<link rel=\"canonical\" href=\"https:\/\/mont-roig.cat\/es\/actualitat\/noticies\/la-cultura-del-vino-y-la-arquitectura-protagonizan-la-13a-edicion-de-biblioteques-amb-do-en-el-municipio\/\" \/>\n<meta property=\"og:locale\" content=\"es_ES\" \/>\n<meta property=\"og:type\" content=\"article\" \/>\n<meta property=\"og:title\" content=\"La cultura del vino y la arquitectura protagonizan la 13\u00aa edici\u00f3n de Biblioteques amb DO en el municipio - Ajuntament de Mont-roig del Camp\" \/>\n<meta property=\"og:description\" content=\"Las bibliotecas Joan Mir\u00f3 y Miramar acogen en septiembre espect\u00e1culos, talleres y catas de vinos dentro del proyecto que une literatura, patrimonio y la DO Tarragona. El proyecto Biblioteques amb DO, que lleva la cultura del vino a las bibliotecas p\u00fablicas de Catalunya, llega en 2025 a su decimotercera edici\u00f3n. Este septiembre, el mes se [&hellip;]\" \/>\n<meta property=\"og:url\" content=\"https:\/\/mont-roig.cat\/es\/actualitat\/noticies\/la-cultura-del-vino-y-la-arquitectura-protagonizan-la-13a-edicion-de-biblioteques-amb-do-en-el-municipio\/\" \/>\n<meta property=\"og:site_name\" content=\"Ajuntament de Mont-roig del Camp\" \/>\n<meta property=\"article:published_time\" content=\"2025-09-17T10:07:57+00:00\" \/>\n<meta property=\"article:modified_time\" content=\"2025-09-17T10:10:09+00:00\" \/>\n<meta property=\"og:image\" content=\"https:\/\/mont-roig.cat\/wp-content\/uploads\/BibDO25_X-scaled.jpg\" \/>\n\t<meta property=\"og:image:width\" content=\"2048\" \/>\n\t<meta property=\"og:image:height\" content=\"1025\" \/>\n\t<meta property=\"og:image:type\" content=\"image\/jpeg\" \/>\n<meta name=\"author\" content=\"comunicacio\" \/>\n<meta name=\"twitter:card\" content=\"summary_large_image\" \/>\n<meta name=\"twitter:label1\" content=\"Escrito por\" \/>\n\t<meta name=\"twitter:data1\" content=\"comunicacio\" \/>\n\t<meta name=\"twitter:label2\" content=\"Tiempo de lectura\" \/>\n\t<meta name=\"twitter:data2\" content=\"3 minutos\" \/>\n<script type=\"application\/ld+json\" class=\"yoast-schema-graph\">{\"@context\":\"https:\\\/\\\/schema.org\",\"@graph\":[{\"@type\":\"Article\",\"@id\":\"https:\\\/\\\/mont-roig.cat\\\/es\\\/actualitat\\\/noticies\\\/la-cultura-del-vino-y-la-arquitectura-protagonizan-la-13a-edicion-de-biblioteques-amb-do-en-el-municipio\\\/#article\",\"isPartOf\":{\"@id\":\"https:\\\/\\\/mont-roig.cat\\\/es\\\/actualitat\\\/noticies\\\/la-cultura-del-vino-y-la-arquitectura-protagonizan-la-13a-edicion-de-biblioteques-amb-do-en-el-municipio\\\/\"},\"author\":{\"name\":\"comunicacio\",\"@id\":\"https:\\\/\\\/mont-roig.cat\\\/es\\\/#\\\/schema\\\/person\\\/1f73e7b5e6f9dd122e8a6f14f310ac5e\"},\"headline\":\"La cultura del vino y la arquitectura protagonizan la 13\u00aa edici\u00f3n de Biblioteques amb DO en el municipio\",\"datePublished\":\"2025-09-17T10:07:57+00:00\",\"dateModified\":\"2025-09-17T10:10:09+00:00\",\"mainEntityOfPage\":{\"@id\":\"https:\\\/\\\/mont-roig.cat\\\/es\\\/actualitat\\\/noticies\\\/la-cultura-del-vino-y-la-arquitectura-protagonizan-la-13a-edicion-de-biblioteques-amb-do-en-el-municipio\\\/\"},\"wordCount\":345,\"image\":{\"@id\":\"https:\\\/\\\/mont-roig.cat\\\/es\\\/actualitat\\\/noticies\\\/la-cultura-del-vino-y-la-arquitectura-protagonizan-la-13a-edicion-de-biblioteques-amb-do-en-el-municipio\\\/#primaryimage\"},\"thumbnailUrl\":\"https:\\\/\\\/mont-roig.cat\\\/wp-content\\\/uploads\\\/BibDO25_X-scaled.jpg\",\"articleSection\":[\"Ayuntamiento\",\"Biblioteques\"],\"inLanguage\":\"es\"},{\"@type\":\"WebPage\",\"@id\":\"https:\\\/\\\/mont-roig.cat\\\/es\\\/actualitat\\\/noticies\\\/la-cultura-del-vino-y-la-arquitectura-protagonizan-la-13a-edicion-de-biblioteques-amb-do-en-el-municipio\\\/\",\"url\":\"https:\\\/\\\/mont-roig.cat\\\/es\\\/actualitat\\\/noticies\\\/la-cultura-del-vino-y-la-arquitectura-protagonizan-la-13a-edicion-de-biblioteques-amb-do-en-el-municipio\\\/\",\"name\":\"La cultura del vino y la arquitectura protagonizan la 13\u00aa edici\u00f3n de Biblioteques amb DO en el municipio - Ajuntament de Mont-roig del Camp\",\"isPartOf\":{\"@id\":\"https:\\\/\\\/mont-roig.cat\\\/es\\\/#website\"},\"primaryImageOfPage\":{\"@id\":\"https:\\\/\\\/mont-roig.cat\\\/es\\\/actualitat\\\/noticies\\\/la-cultura-del-vino-y-la-arquitectura-protagonizan-la-13a-edicion-de-biblioteques-amb-do-en-el-municipio\\\/#primaryimage\"},\"image\":{\"@id\":\"https:\\\/\\\/mont-roig.cat\\\/es\\\/actualitat\\\/noticies\\\/la-cultura-del-vino-y-la-arquitectura-protagonizan-la-13a-edicion-de-biblioteques-amb-do-en-el-municipio\\\/#primaryimage\"},\"thumbnailUrl\":\"https:\\\/\\\/mont-roig.cat\\\/wp-content\\\/uploads\\\/BibDO25_X-scaled.jpg\",\"datePublished\":\"2025-09-17T10:07:57+00:00\",\"dateModified\":\"2025-09-17T10:10:09+00:00\",\"author\":{\"@id\":\"https:\\\/\\\/mont-roig.cat\\\/es\\\/#\\\/schema\\\/person\\\/1f73e7b5e6f9dd122e8a6f14f310ac5e\"},\"breadcrumb\":{\"@id\":\"https:\\\/\\\/mont-roig.cat\\\/es\\\/actualitat\\\/noticies\\\/la-cultura-del-vino-y-la-arquitectura-protagonizan-la-13a-edicion-de-biblioteques-amb-do-en-el-municipio\\\/#breadcrumb\"},\"inLanguage\":\"es\",\"potentialAction\":[{\"@type\":\"ReadAction\",\"target\":[\"https:\\\/\\\/mont-roig.cat\\\/es\\\/actualitat\\\/noticies\\\/la-cultura-del-vino-y-la-arquitectura-protagonizan-la-13a-edicion-de-biblioteques-amb-do-en-el-municipio\\\/\"]}]},{\"@type\":\"ImageObject\",\"inLanguage\":\"es\",\"@id\":\"https:\\\/\\\/mont-roig.cat\\\/es\\\/actualitat\\\/noticies\\\/la-cultura-del-vino-y-la-arquitectura-protagonizan-la-13a-edicion-de-biblioteques-amb-do-en-el-municipio\\\/#primaryimage\",\"url\":\"https:\\\/\\\/mont-roig.cat\\\/wp-content\\\/uploads\\\/BibDO25_X-scaled.jpg\",\"contentUrl\":\"https:\\\/\\\/mont-roig.cat\\\/wp-content\\\/uploads\\\/BibDO25_X-scaled.jpg\",\"width\":2048,\"height\":1025},{\"@type\":\"BreadcrumbList\",\"@id\":\"https:\\\/\\\/mont-roig.cat\\\/es\\\/actualitat\\\/noticies\\\/la-cultura-del-vino-y-la-arquitectura-protagonizan-la-13a-edicion-de-biblioteques-amb-do-en-el-municipio\\\/#breadcrumb\",\"itemListElement\":[{\"@type\":\"ListItem\",\"position\":1,\"name\":\"Inici\",\"item\":\"https:\\\/\\\/mont-roig.cat\\\/es\\\/pagina-de-inicio\\\/\"},{\"@type\":\"ListItem\",\"position\":2,\"name\":\"La cultura del vino y la arquitectura protagonizan la 13\u00aa edici\u00f3n de Biblioteques amb DO en el municipio\"}]},{\"@type\":\"WebSite\",\"@id\":\"https:\\\/\\\/mont-roig.cat\\\/es\\\/#website\",\"url\":\"https:\\\/\\\/mont-roig.cat\\\/es\\\/\",\"name\":\"Ajuntament de Mont-roig del Camp\",\"description\":\"Tota la informaci\u00f3 sobre la instituci\u00f3, els seus \u00f2rgans de govern, actualitat, serveis i molt m\u00e9s.\",\"potentialAction\":[{\"@type\":\"SearchAction\",\"target\":{\"@type\":\"EntryPoint\",\"urlTemplate\":\"https:\\\/\\\/mont-roig.cat\\\/es\\\/?s={search_term_string}\"},\"query-input\":{\"@type\":\"PropertyValueSpecification\",\"valueRequired\":true,\"valueName\":\"search_term_string\"}}],\"inLanguage\":\"es\"},{\"@type\":\"Person\",\"@id\":\"https:\\\/\\\/mont-roig.cat\\\/es\\\/#\\\/schema\\\/person\\\/1f73e7b5e6f9dd122e8a6f14f310ac5e\",\"name\":\"comunicacio\",\"image\":{\"@type\":\"ImageObject\",\"inLanguage\":\"es\",\"@id\":\"https:\\\/\\\/secure.gravatar.com\\\/avatar\\\/98944333e7a877670a64f8d10f0cb680ab2c9ebc4efc43945ef004b52b5ad28c?s=96&d=mm&r=g\",\"url\":\"https:\\\/\\\/secure.gravatar.com\\\/avatar\\\/98944333e7a877670a64f8d10f0cb680ab2c9ebc4efc43945ef004b52b5ad28c?s=96&d=mm&r=g\",\"contentUrl\":\"https:\\\/\\\/secure.gravatar.com\\\/avatar\\\/98944333e7a877670a64f8d10f0cb680ab2c9ebc4efc43945ef004b52b5ad28c?s=96&d=mm&r=g\",\"caption\":\"comunicacio\"},\"url\":\"https:\\\/\\\/mont-roig.cat\\\/es\\\/actualitat\\\/noticies\\\/author\\\/comunicacio\\\/\"}]}<\/script>\n<!-- \/ Yoast SEO plugin. -->","yoast_head_json":{"title":"La cultura del vino y la arquitectura protagonizan la 13\u00aa edici\u00f3n de Biblioteques amb DO en el municipio - Ajuntament de Mont-roig del Camp","robots":{"index":"index","follow":"follow","max-snippet":"max-snippet:-1","max-image-preview":"max-image-preview:large","max-video-preview":"max-video-preview:-1"},"canonical":"https:\/\/mont-roig.cat\/es\/actualitat\/noticies\/la-cultura-del-vino-y-la-arquitectura-protagonizan-la-13a-edicion-de-biblioteques-amb-do-en-el-municipio\/","og_locale":"es_ES","og_type":"article","og_title":"La cultura del vino y la arquitectura protagonizan la 13\u00aa edici\u00f3n de Biblioteques amb DO en el municipio - Ajuntament de Mont-roig del Camp","og_description":"Las bibliotecas Joan Mir\u00f3 y Miramar acogen en septiembre espect\u00e1culos, talleres y catas de vinos dentro del proyecto que une literatura, patrimonio y la DO Tarragona. El proyecto Biblioteques amb DO, que lleva la cultura del vino a las bibliotecas p\u00fablicas de Catalunya, llega en 2025 a su decimotercera edici\u00f3n. Este septiembre, el mes se [&hellip;]","og_url":"https:\/\/mont-roig.cat\/es\/actualitat\/noticies\/la-cultura-del-vino-y-la-arquitectura-protagonizan-la-13a-edicion-de-biblioteques-amb-do-en-el-municipio\/","og_site_name":"Ajuntament de Mont-roig del Camp","article_published_time":"2025-09-17T10:07:57+00:00","article_modified_time":"2025-09-17T10:10:09+00:00","og_image":[{"width":2048,"height":1025,"url":"https:\/\/mont-roig.cat\/wp-content\/uploads\/BibDO25_X-scaled.jpg","type":"image\/jpeg"}],"author":"comunicacio","twitter_card":"summary_large_image","twitter_misc":{"Escrito por":"comunicacio","Tiempo de lectura":"3 minutos"},"schema":{"@context":"https:\/\/schema.org","@graph":[{"@type":"Article","@id":"https:\/\/mont-roig.cat\/es\/actualitat\/noticies\/la-cultura-del-vino-y-la-arquitectura-protagonizan-la-13a-edicion-de-biblioteques-amb-do-en-el-municipio\/#article","isPartOf":{"@id":"https:\/\/mont-roig.cat\/es\/actualitat\/noticies\/la-cultura-del-vino-y-la-arquitectura-protagonizan-la-13a-edicion-de-biblioteques-amb-do-en-el-municipio\/"},"author":{"name":"comunicacio","@id":"https:\/\/mont-roig.cat\/es\/#\/schema\/person\/1f73e7b5e6f9dd122e8a6f14f310ac5e"},"headline":"La cultura del vino y la arquitectura protagonizan la 13\u00aa edici\u00f3n de Biblioteques amb DO en el municipio","datePublished":"2025-09-17T10:07:57+00:00","dateModified":"2025-09-17T10:10:09+00:00","mainEntityOfPage":{"@id":"https:\/\/mont-roig.cat\/es\/actualitat\/noticies\/la-cultura-del-vino-y-la-arquitectura-protagonizan-la-13a-edicion-de-biblioteques-amb-do-en-el-municipio\/"},"wordCount":345,"image":{"@id":"https:\/\/mont-roig.cat\/es\/actualitat\/noticies\/la-cultura-del-vino-y-la-arquitectura-protagonizan-la-13a-edicion-de-biblioteques-amb-do-en-el-municipio\/#primaryimage"},"thumbnailUrl":"https:\/\/mont-roig.cat\/wp-content\/uploads\/BibDO25_X-scaled.jpg","articleSection":["Ayuntamiento","Biblioteques"],"inLanguage":"es"},{"@type":"WebPage","@id":"https:\/\/mont-roig.cat\/es\/actualitat\/noticies\/la-cultura-del-vino-y-la-arquitectura-protagonizan-la-13a-edicion-de-biblioteques-amb-do-en-el-municipio\/","url":"https:\/\/mont-roig.cat\/es\/actualitat\/noticies\/la-cultura-del-vino-y-la-arquitectura-protagonizan-la-13a-edicion-de-biblioteques-amb-do-en-el-municipio\/","name":"La cultura del vino y la arquitectura protagonizan la 13\u00aa edici\u00f3n de Biblioteques amb DO en el municipio - Ajuntament de Mont-roig del Camp","isPartOf":{"@id":"https:\/\/mont-roig.cat\/es\/#website"},"primaryImageOfPage":{"@id":"https:\/\/mont-roig.cat\/es\/actualitat\/noticies\/la-cultura-del-vino-y-la-arquitectura-protagonizan-la-13a-edicion-de-biblioteques-amb-do-en-el-municipio\/#primaryimage"},"image":{"@id":"https:\/\/mont-roig.cat\/es\/actualitat\/noticies\/la-cultura-del-vino-y-la-arquitectura-protagonizan-la-13a-edicion-de-biblioteques-amb-do-en-el-municipio\/#primaryimage"},"thumbnailUrl":"https:\/\/mont-roig.cat\/wp-content\/uploads\/BibDO25_X-scaled.jpg","datePublished":"2025-09-17T10:07:57+00:00","dateModified":"2025-09-17T10:10:09+00:00","author":{"@id":"https:\/\/mont-roig.cat\/es\/#\/schema\/person\/1f73e7b5e6f9dd122e8a6f14f310ac5e"},"breadcrumb":{"@id":"https:\/\/mont-roig.cat\/es\/actualitat\/noticies\/la-cultura-del-vino-y-la-arquitectura-protagonizan-la-13a-edicion-de-biblioteques-amb-do-en-el-municipio\/#breadcrumb"},"inLanguage":"es","potentialAction":[{"@type":"ReadAction","target":["https:\/\/mont-roig.cat\/es\/actualitat\/noticies\/la-cultura-del-vino-y-la-arquitectura-protagonizan-la-13a-edicion-de-biblioteques-amb-do-en-el-municipio\/"]}]},{"@type":"ImageObject","inLanguage":"es","@id":"https:\/\/mont-roig.cat\/es\/actualitat\/noticies\/la-cultura-del-vino-y-la-arquitectura-protagonizan-la-13a-edicion-de-biblioteques-amb-do-en-el-municipio\/#primaryimage","url":"https:\/\/mont-roig.cat\/wp-content\/uploads\/BibDO25_X-scaled.jpg","contentUrl":"https:\/\/mont-roig.cat\/wp-content\/uploads\/BibDO25_X-scaled.jpg","width":2048,"height":1025},{"@type":"BreadcrumbList","@id":"https:\/\/mont-roig.cat\/es\/actualitat\/noticies\/la-cultura-del-vino-y-la-arquitectura-protagonizan-la-13a-edicion-de-biblioteques-amb-do-en-el-municipio\/#breadcrumb","itemListElement":[{"@type":"ListItem","position":1,"name":"Inici","item":"https:\/\/mont-roig.cat\/es\/pagina-de-inicio\/"},{"@type":"ListItem","position":2,"name":"La cultura del vino y la arquitectura protagonizan la 13\u00aa edici\u00f3n de Biblioteques amb DO en el municipio"}]},{"@type":"WebSite","@id":"https:\/\/mont-roig.cat\/es\/#website","url":"https:\/\/mont-roig.cat\/es\/","name":"Ajuntament de Mont-roig del Camp","description":"Tota la informaci\u00f3 sobre la instituci\u00f3, els seus \u00f2rgans de govern, actualitat, serveis i molt m\u00e9s.","potentialAction":[{"@type":"SearchAction","target":{"@type":"EntryPoint","urlTemplate":"https:\/\/mont-roig.cat\/es\/?s={search_term_string}"},"query-input":{"@type":"PropertyValueSpecification","valueRequired":true,"valueName":"search_term_string"}}],"inLanguage":"es"},{"@type":"Person","@id":"https:\/\/mont-roig.cat\/es\/#\/schema\/person\/1f73e7b5e6f9dd122e8a6f14f310ac5e","name":"comunicacio","image":{"@type":"ImageObject","inLanguage":"es","@id":"https:\/\/secure.gravatar.com\/avatar\/98944333e7a877670a64f8d10f0cb680ab2c9ebc4efc43945ef004b52b5ad28c?s=96&d=mm&r=g","url":"https:\/\/secure.gravatar.com\/avatar\/98944333e7a877670a64f8d10f0cb680ab2c9ebc4efc43945ef004b52b5ad28c?s=96&d=mm&r=g","contentUrl":"https:\/\/secure.gravatar.com\/avatar\/98944333e7a877670a64f8d10f0cb680ab2c9ebc4efc43945ef004b52b5ad28c?s=96&d=mm&r=g","caption":"comunicacio"},"url":"https:\/\/mont-roig.cat\/es\/actualitat\/noticies\/author\/comunicacio\/"}]}},"_links":{"self":[{"href":"https:\/\/mont-roig.cat\/es\/wp-json\/wp\/v2\/posts\/85576","targetHints":{"allow":["GET"]}}],"collection":[{"href":"https:\/\/mont-roig.cat\/es\/wp-json\/wp\/v2\/posts"}],"about":[{"href":"https:\/\/mont-roig.cat\/es\/wp-json\/wp\/v2\/types\/post"}],"author":[{"embeddable":true,"href":"https:\/\/mont-roig.cat\/es\/wp-json\/wp\/v2\/users\/13"}],"replies":[{"embeddable":true,"href":"https:\/\/mont-roig.cat\/es\/wp-json\/wp\/v2\/comments?post=85576"}],"version-history":[{"count":1,"href":"https:\/\/mont-roig.cat\/es\/wp-json\/wp\/v2\/posts\/85576\/revisions"}],"predecessor-version":[{"id":85578,"href":"https:\/\/mont-roig.cat\/es\/wp-json\/wp\/v2\/posts\/85576\/revisions\/85578"}],"wp:featuredmedia":[{"embeddable":true,"href":"https:\/\/mont-roig.cat\/es\/wp-json\/wp\/v2\/media\/85573"}],"wp:attachment":[{"href":"https:\/\/mont-roig.cat\/es\/wp-json\/wp\/v2\/media?parent=85576"}],"wp:term":[{"taxonomy":"category","embeddable":true,"href":"https:\/\/mont-roig.cat\/es\/wp-json\/wp\/v2\/categories?post=85576"},{"taxonomy":"post_tag","embeddable":true,"href":"https:\/\/mont-roig.cat\/es\/wp-json\/wp\/v2\/tags?post=85576"}],"curies":[{"name":"wp","href":"https:\/\/api.w.org\/{rel}","templated":true}]}}