{"id":85691,"date":"2025-09-23T13:43:18","date_gmt":"2025-09-23T11:43:18","guid":{"rendered":"https:\/\/mont-roig.cat\/actualitat\/noticies\/bona-acollida-de-la-programacio-dactivitats-per-a-la-gent-gran-de-la-temporada-tardor-hivern-2025-26\/"},"modified":"2025-09-25T13:15:21","modified_gmt":"2025-09-25T11:15:21","slug":"buena-acogida-de-la-programacion-de-actividades-para-personas-mayores-de-la-temporada-otono-invierno-2025-26","status":"publish","type":"post","link":"https:\/\/mont-roig.cat\/es\/actualitat\/noticies\/buena-acogida-de-la-programacion-de-actividades-para-personas-mayores-de-la-temporada-otono-invierno-2025-26\/","title":{"rendered":"Buena acogida de la programaci\u00f3n de actividades para personas mayores de la temporada oto\u00f1o-invierno 2025-26"},"content":{"rendered":"<p><strong><strong><a href=\"https:\/\/mont-roig.cat\/wp-content\/uploads\/Gent-Gran-mont-roig2.jpg\" target=\"_blank\" rel=\"noopener\"><img loading=\"lazy\" decoding=\"async\" class=\"alignright wp-image-85680\" src=\"https:\/\/mont-roig.cat\/wp-content\/uploads\/Gent-Gran-mont-roig2-500x500.jpg\" alt=\"\" width=\"299\" height=\"299\" srcset=\"https:\/\/mont-roig.cat\/wp-content\/uploads\/Gent-Gran-mont-roig2-500x500.jpg 500w, https:\/\/mont-roig.cat\/wp-content\/uploads\/Gent-Gran-mont-roig2-1024x1024.jpg 1024w, https:\/\/mont-roig.cat\/wp-content\/uploads\/Gent-Gran-mont-roig2-50x50.jpg 50w, https:\/\/mont-roig.cat\/wp-content\/uploads\/Gent-Gran-mont-roig2-768x768.jpg 768w, https:\/\/mont-roig.cat\/wp-content\/uploads\/Gent-Gran-mont-roig2-560x560.jpg 560w, https:\/\/mont-roig.cat\/wp-content\/uploads\/Gent-Gran-mont-roig2-367x367.jpg 367w, https:\/\/mont-roig.cat\/wp-content\/uploads\/Gent-Gran-mont-roig2-450x450.jpg 450w, https:\/\/mont-roig.cat\/wp-content\/uploads\/Gent-Gran-mont-roig2-85x85.jpg 85w, https:\/\/mont-roig.cat\/wp-content\/uploads\/Gent-Gran-mont-roig2-45x45.jpg 45w, https:\/\/mont-roig.cat\/wp-content\/uploads\/Gent-Gran-mont-roig2.jpg 1536w\" sizes=\"auto, (max-width: 299px) 100vw, 299px\" \/><\/a><\/strong><\/strong><\/p>\n<ul>\n<li data-start=\"101\" data-end=\"425\"><strong>M\u00e1s de 250 participantes conocieron las nuevas propuestas culturales, formativas y de bienestar, con inscripciones presenciales y digitales en dos sesiones abiertas en Mont-roig del Camp y en Miami Platja.<\/strong><\/li>\n<\/ul>\n<p data-start=\"427\" data-end=\"1186\">Los d\u00edas 15 y 22 de septiembre se realiz\u00f3 la presentaci\u00f3n de la programaci\u00f3n de actividades para personas mayores, organizada por el Ayuntamiento de Mont-roig del Camp. El acto cont\u00f3 con una gran participaci\u00f3n: m\u00e1s de 100 personas en Mont-roig del Camp y m\u00e1s de 150 en Miami Platja.<\/p>\n<p data-start=\"427\" data-end=\"1186\"><a href=\"https:\/\/mont-roig.cat\/wp-content\/uploads\/MM_activitats_gent-gran_TARDOR_25_web.pdf\" target=\"_blank\" rel=\"noopener\">PROGRAMA ACTIVIDADES &#8211; OTO\u00d1O &#8211; INVIERNO 2025<\/a><\/p>\n<p data-start=\"427\" data-end=\"1186\">La concejala de Acci\u00f3n Social y Gent Gran, Francis Ortiz, inaugur\u00f3 el evento destacando la colaboraci\u00f3n con las juntas de las asociaciones de los Casals d\u2019Avis municipales y explicando la vertiente comunitaria de las actividades. La programaci\u00f3n se distribuye en varios bloques: manualidades, cursos formativos, bienestar de cuerpo y mente, cinef\u00f3rum, huerto urbano, formaci\u00f3n digital, aulas de extensi\u00f3n universitaria de la URV y el ciclo de charlas de salud comunitaria.<\/p>\n<p data-start=\"1188\" data-end=\"1454\">Despu\u00e9s, el Departamento de Gent Gran inform\u00f3 sobre el funcionamiento de las inscripciones, las actividades que se llevar\u00e1n a cabo y los servicios y entidades implicadas, como la Universitat Rovira i Virgili, el CAP de Mont-roig y Miami, y la Fundaci\u00f3n \u201cla Caixa\u201d.<\/p>\n<p data-start=\"1456\" data-end=\"1719\">Finalmente, el alcalde Fran Morancho invit\u00f3 a los asistentes a participar activamente en las actividades programadas. Una vez finalizada la presentaci\u00f3n, se ofreci\u00f3 un picoteo y los participantes pudieron inscribirse presencialmente en las actividades deseadas.<\/p>\n<p data-start=\"1721\" data-end=\"2106\">Este a\u00f1o, las inscripciones tambi\u00e9n se realizan a trav\u00e9s de una plataforma digital, permitiendo la inscripci\u00f3n directa durante las 24 horas del d\u00eda. Aquellos que prefieran hacerlo presencialmente pueden dirigirse a los Casals d\u2019Avis municipales de Mont-roig del Camp (de 14 a 20h) y Miami Platja (de 16 a 20h). Todas las actividades son gratuitas, con inscripci\u00f3n previa obligatoria.<\/p>\n<p><a href=\"https:\/\/web.eagora.app\/a\/mont-roig-del-camp-i-miami-platja\/details\/01K2YF7MWY0RHRGPXG1WXZE995\/inscripcio-activitats-gent-gran-tardorhivern-20252026\" target=\"_blank\" rel=\"noopener\">Enlace para inscripci\u00f3n a las actividades para las personas mayores.<\/a><\/p>\n\n\t\t<!-- MasterSlider -->\n\t\t<div id=\"P_MS69f284f9bb222\" class=\"master-slider-parent master-slider-gallery   ms-parent-id-0\"  >\n\n\t\t\t\n\t\t\t<!-- MasterSlider Main -->\n\t\t\t<div id=\"MS69f284f9bb222\" class=\"master-slider ms-skin-default\" >\n\t\t\t\t \t\t\t\t \n\t\t\t<div  class=\"ms-slide\" data-delay=\"3\"    >\n\t\t\t\t\t<img decoding=\"async\" src=\"https:\/\/mont-roig.cat\/wp-content\/plugins\/masterslider\/public\/assets\/css\/blank.gif\" alt=\"GENT GRAN\" title=\"GENT GRAN\" data-src=\"https:\/\/mont-roig.cat\/wp-content\/uploadsArray\" \/>\n\t<a href=\"http:\/\/Array\" target=\"_self\"    >GENT GRAN<\/a>\n\n\t\t\t\t\t<div class=\"ms-info\">GENT GRAN<\/div>\n\n\n\t<img decoding=\"async\" class=\"ms-thumb\" src=\"https:\/\/mont-roig.cat\/wp-content\/uploadsArray\" alt=\"GENT GRAN\" \/>\n\t\t\t\t<\/div>\n\t\t\t<div  class=\"ms-slide\" data-delay=\"3\"    >\n\t\t\t\t\t<img decoding=\"async\" src=\"https:\/\/mont-roig.cat\/wp-content\/plugins\/masterslider\/public\/assets\/css\/blank.gif\" alt=\"Gent Gran principal\" title=\"Gent Gran principal\" data-src=\"https:\/\/mont-roig.cat\/wp-content\/uploadsArray\" \/>\n\t<a href=\"http:\/\/Array\" target=\"_self\"    >Gent Gran principal<\/a>\n\n\t\t\t\t\t<div class=\"ms-info\">Gent Gran principal<\/div>\n\n\n\t<img decoding=\"async\" class=\"ms-thumb\" src=\"https:\/\/mont-roig.cat\/wp-content\/uploadsArray\" alt=\"Gent Gran principal\" \/>\n\t\t\t\t<\/div>\n\t\t\t<div  class=\"ms-slide\" data-delay=\"3\"    >\n\t\t\t\t\t<img decoding=\"async\" src=\"https:\/\/mont-roig.cat\/wp-content\/plugins\/masterslider\/public\/assets\/css\/blank.gif\" alt=\"Gent gran mont-roig\" title=\"Gent gran mont-roig\" data-src=\"https:\/\/mont-roig.cat\/wp-content\/uploadsArray\" \/>\n\t<a href=\"http:\/\/Array\" target=\"_self\"    >Gent gran mont-roig<\/a>\n\n\t\t\t\t\t<div class=\"ms-info\">Gent gran mont-roig<\/div>\n\n\n\t<img decoding=\"async\" class=\"ms-thumb\" src=\"https:\/\/mont-roig.cat\/wp-content\/uploadsArray\" alt=\"Gent gran mont-roig\" \/>\n\t\t\t\t<\/div>\n\t\t\t<div  class=\"ms-slide\" data-delay=\"3\"    >\n\t\t\t\t\t<img decoding=\"async\" src=\"https:\/\/mont-roig.cat\/wp-content\/plugins\/masterslider\/public\/assets\/css\/blank.gif\" alt=\"Gent Gran miami pubnlic\" title=\"Gent Gran miami pubnlic\" data-src=\"https:\/\/mont-roig.cat\/wp-content\/uploadsArray\" \/>\n\t<a href=\"http:\/\/Array\" target=\"_self\"    >Gent Gran miami pubnlic<\/a>\n\n\t\t\t\t\t<div class=\"ms-info\">Gent Gran miami pubnlic<\/div>\n\n\n\t<img decoding=\"async\" class=\"ms-thumb\" src=\"https:\/\/mont-roig.cat\/wp-content\/uploadsArray\" alt=\"Gent Gran miami pubnlic\" \/>\n\t\t\t\t<\/div>\n\t\t\t<div  class=\"ms-slide\" data-delay=\"3\"    >\n\t\t\t\t\t<img decoding=\"async\" src=\"https:\/\/mont-roig.cat\/wp-content\/plugins\/masterslider\/public\/assets\/css\/blank.gif\" alt=\"Gent gran 4\" title=\"Gent gran 4\" data-src=\"https:\/\/mont-roig.cat\/wp-content\/uploadsArray\" \/>\n\t<a href=\"http:\/\/Array\" target=\"_self\"    >Gent gran 4<\/a>\n\n\t\t\t\t\t<div class=\"ms-info\">Gent gran 4<\/div>\n\n\n\t<img decoding=\"async\" class=\"ms-thumb\" src=\"https:\/\/mont-roig.cat\/wp-content\/uploadsArray\" alt=\"Gent gran 4\" \/>\n\t\t\t\t<\/div>\n\t\t\t<div  class=\"ms-slide\" data-delay=\"3\"    >\n\t\t\t\t\t<img decoding=\"async\" src=\"https:\/\/mont-roig.cat\/wp-content\/plugins\/masterslider\/public\/assets\/css\/blank.gif\" alt=\"Gennt gran mont-roig3\" title=\"Gennt gran mont-roig3\" data-src=\"https:\/\/mont-roig.cat\/wp-content\/uploadsArray\" \/>\n\t<a href=\"http:\/\/Array\" target=\"_self\"    >Gennt gran mont-roig3<\/a>\n\n\t\t\t\t\t<div class=\"ms-info\">Gennt gran mont-roig3<\/div>\n\n\n\t<img decoding=\"async\" class=\"ms-thumb\" src=\"https:\/\/mont-roig.cat\/wp-content\/uploadsArray\" alt=\"Gennt gran mont-roig3\" \/>\n\t\t\t\t<\/div>\n\t\t\t<div  class=\"ms-slide\" data-delay=\"3\"    >\n\t\t\t\t\t<img decoding=\"async\" src=\"https:\/\/mont-roig.cat\/wp-content\/plugins\/masterslider\/public\/assets\/css\/blank.gif\" alt=\"Gent Gran mont-roig2\" title=\"Gent Gran mont-roig2\" data-src=\"https:\/\/mont-roig.cat\/wp-content\/uploadsArray\" \/>\n\t<a href=\"http:\/\/Array\" target=\"_self\"    >Gent Gran mont-roig2<\/a>\n\n\t\t\t\t\t<div class=\"ms-info\">Gent Gran mont-roig2<\/div>\n\n\n\t<img decoding=\"async\" class=\"ms-thumb\" src=\"https:\/\/mont-roig.cat\/wp-content\/uploadsArray\" alt=\"Gent Gran mont-roig2\" \/>\n\t\t\t\t<\/div>\n\n\t\t\t<\/div>\n\t\t\t<!-- END MasterSlider Main -->\n\n\t\t\t \n\t\t<\/div>\n\t\t<!-- END MasterSlider -->\n\n\t\t<script>\n\t\t( window.MSReady = window.MSReady || [] ).push( function( $ ) {\n\n\t\t\t\"use strict\";\n\t\t\tvar masterslider_b222 = new MasterSlider();\n\n\t\t\t\/\/ slider controls\n\t\t\tmasterslider_b222.control('arrows'     ,{ autohide:true, overVideo:true  });\n\t\t\tmasterslider_b222.control('thumblist'  ,{ autohide:false, overVideo:true, dir:'h', speed:17, inset:false, arrows:false, hover:false, customClass:'', align:'bottom',type:'thumbs', margin:2, width:140, height:80, space:2, fillMode:'fill'  });\n\t\t\tmasterslider_b222.control('slideinfo'  ,{ autohide:true, overVideo:true, dir:'h', align:'bottom',inset:true , margin:80  , size:30 });\n\t\t\t\/\/ slider setup\n\t\t\tmasterslider_b222.setup(\"MS69f284f9bb222\", {\n\t\t\t\twidth           : 960,\n\t\t\t\theight          : 540,\n\t\t\t\tminHeight       : 0,\n\t\t\t\tspace           : 0,\n\t\t\t\tstart           : 1,\n\t\t\t\tgrabCursor      : true,\n\t\t\t\tswipe           : true,\n\t\t\t\tmouse           : true,\n\t\t\t\tkeyboard        : false,\n\t\t\t\tlayout          : \"fillwidth\",\n\t\t\t\twheel           : false,\n\t\t\t\tautoplay        : false,\n                instantStartLayers:false,\n\t\t\t\tmobileBGVideo:false,\n\t\t\t\tloop            : false,\n\t\t\t\tshuffle         : false,\n\t\t\t\tpreload         : 3,\n\t\t\t\theightLimit     : false,\n\t\t\t\tautoHeight      : false,\n\t\t\t\tsmoothHeight    : true,\n\t\t\t\tendPause        : false,\n\t\t\t\toverPause       : false,\n\t\t\t\tfillMode        : \"fill\",\n\t\t\t\tcenterControls  : true,\n\t\t\t\tstartOnAppear   : false,\n\t\t\t\tlayersMode      : \"center\",\n\t\t\t\tautofillTarget  : \"\",\n\t\t\t\thideLayers      : false,\n\t\t\t\tfullscreenMargin: 0,\n\t\t\t\tspeed           : 17,\n\t\t\t\tdir             : \"h\",\n\t\t\t\tparallaxMode    : 'swipe',\n\t\t\t\tview            : \"basic\"\n\t\t\t});\n\n\t\t\t\n\t\t\twindow.masterslider_instances = window.masterslider_instances || [];\n\t\t\twindow.masterslider_instances.push( masterslider_b222 );\n\t\t});\n\t\t<\/script>\n\n\n","protected":false},"excerpt":{"rendered":"<p>M\u00e1s de 250 participantes conocieron las nuevas propuestas culturales, formativas y de bienestar, con inscripciones presenciales y digitales en dos sesiones abiertas en Mont-roig del Camp y en Miami Platja. Los d\u00edas 15 y 22 de septiembre se realiz\u00f3 la presentaci\u00f3n de la programaci\u00f3n de actividades para personas mayores, organizada por el Ayuntamiento de Mont-roig [&hellip;]<\/p>\n","protected":false},"author":13,"featured_media":85681,"comment_status":"closed","ping_status":"closed","sticky":false,"template":"","format":"standard","meta":{"inline_featured_image":false,"_monsterinsights_skip_tracking":false,"_monsterinsights_sitenote_active":false,"_monsterinsights_sitenote_note":"","_monsterinsights_sitenote_category":0,"footnotes":""},"categories":[98,71,114],"tags":[],"class_list":["post-85691","post","type-post","status-publish","format-standard","has-post-thumbnail","hentry","category-ayuntamiento","category-general-es","category-servicios-sociales"],"yoast_head":"<!-- This site is optimized with the Yoast SEO plugin v27.4 - https:\/\/yoast.com\/product\/yoast-seo-wordpress\/ -->\n<title>Buena acogida de la programaci\u00f3n de actividades para personas mayores de la temporada oto\u00f1o-invierno 2025-26 - Ajuntament de Mont-roig del Camp<\/title>\n<meta name=\"robots\" content=\"index, follow, max-snippet:-1, max-image-preview:large, max-video-preview:-1\" \/>\n<link rel=\"canonical\" href=\"https:\/\/mont-roig.cat\/es\/actualitat\/noticies\/buena-acogida-de-la-programacion-de-actividades-para-personas-mayores-de-la-temporada-otono-invierno-2025-26\/\" \/>\n<meta property=\"og:locale\" content=\"es_ES\" \/>\n<meta property=\"og:type\" content=\"article\" \/>\n<meta property=\"og:title\" content=\"Buena acogida de la programaci\u00f3n de actividades para personas mayores de la temporada oto\u00f1o-invierno 2025-26 - Ajuntament de Mont-roig del Camp\" \/>\n<meta property=\"og:description\" content=\"M\u00e1s de 250 participantes conocieron las nuevas propuestas culturales, formativas y de bienestar, con inscripciones presenciales y digitales en dos sesiones abiertas en Mont-roig del Camp y en Miami Platja. Los d\u00edas 15 y 22 de septiembre se realiz\u00f3 la presentaci\u00f3n de la programaci\u00f3n de actividades para personas mayores, organizada por el Ayuntamiento de Mont-roig [&hellip;]\" \/>\n<meta property=\"og:url\" content=\"https:\/\/mont-roig.cat\/es\/actualitat\/noticies\/buena-acogida-de-la-programacion-de-actividades-para-personas-mayores-de-la-temporada-otono-invierno-2025-26\/\" \/>\n<meta property=\"og:site_name\" content=\"Ajuntament de Mont-roig del Camp\" \/>\n<meta property=\"article:published_time\" content=\"2025-09-23T11:43:18+00:00\" \/>\n<meta property=\"article:modified_time\" content=\"2025-09-25T11:15:21+00:00\" \/>\n<meta property=\"og:image\" content=\"https:\/\/mont-roig.cat\/wp-content\/uploads\/Gent-Gran-mont-roig2.jpg\" \/>\n\t<meta property=\"og:image:width\" content=\"1536\" \/>\n\t<meta property=\"og:image:height\" content=\"1536\" \/>\n\t<meta property=\"og:image:type\" content=\"image\/jpeg\" \/>\n<meta name=\"author\" content=\"comunicacio\" \/>\n<meta name=\"twitter:card\" content=\"summary_large_image\" \/>\n<meta name=\"twitter:label1\" content=\"Escrito por\" \/>\n\t<meta name=\"twitter:data1\" content=\"comunicacio\" \/>\n\t<meta name=\"twitter:label2\" content=\"Tiempo de lectura\" \/>\n\t<meta name=\"twitter:data2\" content=\"3 minutos\" \/>\n<script type=\"application\/ld+json\" class=\"yoast-schema-graph\">{\"@context\":\"https:\\\/\\\/schema.org\",\"@graph\":[{\"@type\":\"Article\",\"@id\":\"https:\\\/\\\/mont-roig.cat\\\/es\\\/actualitat\\\/noticies\\\/buena-acogida-de-la-programacion-de-actividades-para-personas-mayores-de-la-temporada-otono-invierno-2025-26\\\/#article\",\"isPartOf\":{\"@id\":\"https:\\\/\\\/mont-roig.cat\\\/es\\\/actualitat\\\/noticies\\\/buena-acogida-de-la-programacion-de-actividades-para-personas-mayores-de-la-temporada-otono-invierno-2025-26\\\/\"},\"author\":{\"name\":\"comunicacio\",\"@id\":\"https:\\\/\\\/mont-roig.cat\\\/es\\\/#\\\/schema\\\/person\\\/1f73e7b5e6f9dd122e8a6f14f310ac5e\"},\"headline\":\"Buena acogida de la programaci\u00f3n de actividades para personas mayores de la temporada oto\u00f1o-invierno 2025-26\",\"datePublished\":\"2025-09-23T11:43:18+00:00\",\"dateModified\":\"2025-09-25T11:15:21+00:00\",\"mainEntityOfPage\":{\"@id\":\"https:\\\/\\\/mont-roig.cat\\\/es\\\/actualitat\\\/noticies\\\/buena-acogida-de-la-programacion-de-actividades-para-personas-mayores-de-la-temporada-otono-invierno-2025-26\\\/\"},\"wordCount\":346,\"image\":{\"@id\":\"https:\\\/\\\/mont-roig.cat\\\/es\\\/actualitat\\\/noticies\\\/buena-acogida-de-la-programacion-de-actividades-para-personas-mayores-de-la-temporada-otono-invierno-2025-26\\\/#primaryimage\"},\"thumbnailUrl\":\"https:\\\/\\\/mont-roig.cat\\\/wp-content\\\/uploads\\\/Gent-Gran-mont-roig2.jpg\",\"articleSection\":[\"Ayuntamiento\",\"General\",\"Servicios sociales\"],\"inLanguage\":\"es\"},{\"@type\":\"WebPage\",\"@id\":\"https:\\\/\\\/mont-roig.cat\\\/es\\\/actualitat\\\/noticies\\\/buena-acogida-de-la-programacion-de-actividades-para-personas-mayores-de-la-temporada-otono-invierno-2025-26\\\/\",\"url\":\"https:\\\/\\\/mont-roig.cat\\\/es\\\/actualitat\\\/noticies\\\/buena-acogida-de-la-programacion-de-actividades-para-personas-mayores-de-la-temporada-otono-invierno-2025-26\\\/\",\"name\":\"Buena acogida de la programaci\u00f3n de actividades para personas mayores de la temporada oto\u00f1o-invierno 2025-26 - Ajuntament de Mont-roig del Camp\",\"isPartOf\":{\"@id\":\"https:\\\/\\\/mont-roig.cat\\\/es\\\/#website\"},\"primaryImageOfPage\":{\"@id\":\"https:\\\/\\\/mont-roig.cat\\\/es\\\/actualitat\\\/noticies\\\/buena-acogida-de-la-programacion-de-actividades-para-personas-mayores-de-la-temporada-otono-invierno-2025-26\\\/#primaryimage\"},\"image\":{\"@id\":\"https:\\\/\\\/mont-roig.cat\\\/es\\\/actualitat\\\/noticies\\\/buena-acogida-de-la-programacion-de-actividades-para-personas-mayores-de-la-temporada-otono-invierno-2025-26\\\/#primaryimage\"},\"thumbnailUrl\":\"https:\\\/\\\/mont-roig.cat\\\/wp-content\\\/uploads\\\/Gent-Gran-mont-roig2.jpg\",\"datePublished\":\"2025-09-23T11:43:18+00:00\",\"dateModified\":\"2025-09-25T11:15:21+00:00\",\"author\":{\"@id\":\"https:\\\/\\\/mont-roig.cat\\\/es\\\/#\\\/schema\\\/person\\\/1f73e7b5e6f9dd122e8a6f14f310ac5e\"},\"breadcrumb\":{\"@id\":\"https:\\\/\\\/mont-roig.cat\\\/es\\\/actualitat\\\/noticies\\\/buena-acogida-de-la-programacion-de-actividades-para-personas-mayores-de-la-temporada-otono-invierno-2025-26\\\/#breadcrumb\"},\"inLanguage\":\"es\",\"potentialAction\":[{\"@type\":\"ReadAction\",\"target\":[\"https:\\\/\\\/mont-roig.cat\\\/es\\\/actualitat\\\/noticies\\\/buena-acogida-de-la-programacion-de-actividades-para-personas-mayores-de-la-temporada-otono-invierno-2025-26\\\/\"]}]},{\"@type\":\"ImageObject\",\"inLanguage\":\"es\",\"@id\":\"https:\\\/\\\/mont-roig.cat\\\/es\\\/actualitat\\\/noticies\\\/buena-acogida-de-la-programacion-de-actividades-para-personas-mayores-de-la-temporada-otono-invierno-2025-26\\\/#primaryimage\",\"url\":\"https:\\\/\\\/mont-roig.cat\\\/wp-content\\\/uploads\\\/Gent-Gran-mont-roig2.jpg\",\"contentUrl\":\"https:\\\/\\\/mont-roig.cat\\\/wp-content\\\/uploads\\\/Gent-Gran-mont-roig2.jpg\",\"width\":1536,\"height\":1536},{\"@type\":\"BreadcrumbList\",\"@id\":\"https:\\\/\\\/mont-roig.cat\\\/es\\\/actualitat\\\/noticies\\\/buena-acogida-de-la-programacion-de-actividades-para-personas-mayores-de-la-temporada-otono-invierno-2025-26\\\/#breadcrumb\",\"itemListElement\":[{\"@type\":\"ListItem\",\"position\":1,\"name\":\"Inici\",\"item\":\"https:\\\/\\\/mont-roig.cat\\\/es\\\/pagina-de-inicio\\\/\"},{\"@type\":\"ListItem\",\"position\":2,\"name\":\"Buena acogida de la programaci\u00f3n de actividades para personas mayores de la temporada oto\u00f1o-invierno 2025-26\"}]},{\"@type\":\"WebSite\",\"@id\":\"https:\\\/\\\/mont-roig.cat\\\/es\\\/#website\",\"url\":\"https:\\\/\\\/mont-roig.cat\\\/es\\\/\",\"name\":\"Ajuntament de Mont-roig del Camp\",\"description\":\"Tota la informaci\u00f3 sobre la instituci\u00f3, els seus \u00f2rgans de govern, actualitat, serveis i molt m\u00e9s.\",\"potentialAction\":[{\"@type\":\"SearchAction\",\"target\":{\"@type\":\"EntryPoint\",\"urlTemplate\":\"https:\\\/\\\/mont-roig.cat\\\/es\\\/?s={search_term_string}\"},\"query-input\":{\"@type\":\"PropertyValueSpecification\",\"valueRequired\":true,\"valueName\":\"search_term_string\"}}],\"inLanguage\":\"es\"},{\"@type\":\"Person\",\"@id\":\"https:\\\/\\\/mont-roig.cat\\\/es\\\/#\\\/schema\\\/person\\\/1f73e7b5e6f9dd122e8a6f14f310ac5e\",\"name\":\"comunicacio\",\"image\":{\"@type\":\"ImageObject\",\"inLanguage\":\"es\",\"@id\":\"https:\\\/\\\/secure.gravatar.com\\\/avatar\\\/98944333e7a877670a64f8d10f0cb680ab2c9ebc4efc43945ef004b52b5ad28c?s=96&d=mm&r=g\",\"url\":\"https:\\\/\\\/secure.gravatar.com\\\/avatar\\\/98944333e7a877670a64f8d10f0cb680ab2c9ebc4efc43945ef004b52b5ad28c?s=96&d=mm&r=g\",\"contentUrl\":\"https:\\\/\\\/secure.gravatar.com\\\/avatar\\\/98944333e7a877670a64f8d10f0cb680ab2c9ebc4efc43945ef004b52b5ad28c?s=96&d=mm&r=g\",\"caption\":\"comunicacio\"},\"url\":\"https:\\\/\\\/mont-roig.cat\\\/es\\\/actualitat\\\/noticies\\\/author\\\/comunicacio\\\/\"}]}<\/script>\n<!-- \/ Yoast SEO plugin. -->","yoast_head_json":{"title":"Buena acogida de la programaci\u00f3n de actividades para personas mayores de la temporada oto\u00f1o-invierno 2025-26 - Ajuntament de Mont-roig del Camp","robots":{"index":"index","follow":"follow","max-snippet":"max-snippet:-1","max-image-preview":"max-image-preview:large","max-video-preview":"max-video-preview:-1"},"canonical":"https:\/\/mont-roig.cat\/es\/actualitat\/noticies\/buena-acogida-de-la-programacion-de-actividades-para-personas-mayores-de-la-temporada-otono-invierno-2025-26\/","og_locale":"es_ES","og_type":"article","og_title":"Buena acogida de la programaci\u00f3n de actividades para personas mayores de la temporada oto\u00f1o-invierno 2025-26 - Ajuntament de Mont-roig del Camp","og_description":"M\u00e1s de 250 participantes conocieron las nuevas propuestas culturales, formativas y de bienestar, con inscripciones presenciales y digitales en dos sesiones abiertas en Mont-roig del Camp y en Miami Platja. Los d\u00edas 15 y 22 de septiembre se realiz\u00f3 la presentaci\u00f3n de la programaci\u00f3n de actividades para personas mayores, organizada por el Ayuntamiento de Mont-roig [&hellip;]","og_url":"https:\/\/mont-roig.cat\/es\/actualitat\/noticies\/buena-acogida-de-la-programacion-de-actividades-para-personas-mayores-de-la-temporada-otono-invierno-2025-26\/","og_site_name":"Ajuntament de Mont-roig del Camp","article_published_time":"2025-09-23T11:43:18+00:00","article_modified_time":"2025-09-25T11:15:21+00:00","og_image":[{"width":1536,"height":1536,"url":"https:\/\/mont-roig.cat\/wp-content\/uploads\/Gent-Gran-mont-roig2.jpg","type":"image\/jpeg"}],"author":"comunicacio","twitter_card":"summary_large_image","twitter_misc":{"Escrito por":"comunicacio","Tiempo de lectura":"3 minutos"},"schema":{"@context":"https:\/\/schema.org","@graph":[{"@type":"Article","@id":"https:\/\/mont-roig.cat\/es\/actualitat\/noticies\/buena-acogida-de-la-programacion-de-actividades-para-personas-mayores-de-la-temporada-otono-invierno-2025-26\/#article","isPartOf":{"@id":"https:\/\/mont-roig.cat\/es\/actualitat\/noticies\/buena-acogida-de-la-programacion-de-actividades-para-personas-mayores-de-la-temporada-otono-invierno-2025-26\/"},"author":{"name":"comunicacio","@id":"https:\/\/mont-roig.cat\/es\/#\/schema\/person\/1f73e7b5e6f9dd122e8a6f14f310ac5e"},"headline":"Buena acogida de la programaci\u00f3n de actividades para personas mayores de la temporada oto\u00f1o-invierno 2025-26","datePublished":"2025-09-23T11:43:18+00:00","dateModified":"2025-09-25T11:15:21+00:00","mainEntityOfPage":{"@id":"https:\/\/mont-roig.cat\/es\/actualitat\/noticies\/buena-acogida-de-la-programacion-de-actividades-para-personas-mayores-de-la-temporada-otono-invierno-2025-26\/"},"wordCount":346,"image":{"@id":"https:\/\/mont-roig.cat\/es\/actualitat\/noticies\/buena-acogida-de-la-programacion-de-actividades-para-personas-mayores-de-la-temporada-otono-invierno-2025-26\/#primaryimage"},"thumbnailUrl":"https:\/\/mont-roig.cat\/wp-content\/uploads\/Gent-Gran-mont-roig2.jpg","articleSection":["Ayuntamiento","General","Servicios sociales"],"inLanguage":"es"},{"@type":"WebPage","@id":"https:\/\/mont-roig.cat\/es\/actualitat\/noticies\/buena-acogida-de-la-programacion-de-actividades-para-personas-mayores-de-la-temporada-otono-invierno-2025-26\/","url":"https:\/\/mont-roig.cat\/es\/actualitat\/noticies\/buena-acogida-de-la-programacion-de-actividades-para-personas-mayores-de-la-temporada-otono-invierno-2025-26\/","name":"Buena acogida de la programaci\u00f3n de actividades para personas mayores de la temporada oto\u00f1o-invierno 2025-26 - Ajuntament de Mont-roig del Camp","isPartOf":{"@id":"https:\/\/mont-roig.cat\/es\/#website"},"primaryImageOfPage":{"@id":"https:\/\/mont-roig.cat\/es\/actualitat\/noticies\/buena-acogida-de-la-programacion-de-actividades-para-personas-mayores-de-la-temporada-otono-invierno-2025-26\/#primaryimage"},"image":{"@id":"https:\/\/mont-roig.cat\/es\/actualitat\/noticies\/buena-acogida-de-la-programacion-de-actividades-para-personas-mayores-de-la-temporada-otono-invierno-2025-26\/#primaryimage"},"thumbnailUrl":"https:\/\/mont-roig.cat\/wp-content\/uploads\/Gent-Gran-mont-roig2.jpg","datePublished":"2025-09-23T11:43:18+00:00","dateModified":"2025-09-25T11:15:21+00:00","author":{"@id":"https:\/\/mont-roig.cat\/es\/#\/schema\/person\/1f73e7b5e6f9dd122e8a6f14f310ac5e"},"breadcrumb":{"@id":"https:\/\/mont-roig.cat\/es\/actualitat\/noticies\/buena-acogida-de-la-programacion-de-actividades-para-personas-mayores-de-la-temporada-otono-invierno-2025-26\/#breadcrumb"},"inLanguage":"es","potentialAction":[{"@type":"ReadAction","target":["https:\/\/mont-roig.cat\/es\/actualitat\/noticies\/buena-acogida-de-la-programacion-de-actividades-para-personas-mayores-de-la-temporada-otono-invierno-2025-26\/"]}]},{"@type":"ImageObject","inLanguage":"es","@id":"https:\/\/mont-roig.cat\/es\/actualitat\/noticies\/buena-acogida-de-la-programacion-de-actividades-para-personas-mayores-de-la-temporada-otono-invierno-2025-26\/#primaryimage","url":"https:\/\/mont-roig.cat\/wp-content\/uploads\/Gent-Gran-mont-roig2.jpg","contentUrl":"https:\/\/mont-roig.cat\/wp-content\/uploads\/Gent-Gran-mont-roig2.jpg","width":1536,"height":1536},{"@type":"BreadcrumbList","@id":"https:\/\/mont-roig.cat\/es\/actualitat\/noticies\/buena-acogida-de-la-programacion-de-actividades-para-personas-mayores-de-la-temporada-otono-invierno-2025-26\/#breadcrumb","itemListElement":[{"@type":"ListItem","position":1,"name":"Inici","item":"https:\/\/mont-roig.cat\/es\/pagina-de-inicio\/"},{"@type":"ListItem","position":2,"name":"Buena acogida de la programaci\u00f3n de actividades para personas mayores de la temporada oto\u00f1o-invierno 2025-26"}]},{"@type":"WebSite","@id":"https:\/\/mont-roig.cat\/es\/#website","url":"https:\/\/mont-roig.cat\/es\/","name":"Ajuntament de Mont-roig del Camp","description":"Tota la informaci\u00f3 sobre la instituci\u00f3, els seus \u00f2rgans de govern, actualitat, serveis i molt m\u00e9s.","potentialAction":[{"@type":"SearchAction","target":{"@type":"EntryPoint","urlTemplate":"https:\/\/mont-roig.cat\/es\/?s={search_term_string}"},"query-input":{"@type":"PropertyValueSpecification","valueRequired":true,"valueName":"search_term_string"}}],"inLanguage":"es"},{"@type":"Person","@id":"https:\/\/mont-roig.cat\/es\/#\/schema\/person\/1f73e7b5e6f9dd122e8a6f14f310ac5e","name":"comunicacio","image":{"@type":"ImageObject","inLanguage":"es","@id":"https:\/\/secure.gravatar.com\/avatar\/98944333e7a877670a64f8d10f0cb680ab2c9ebc4efc43945ef004b52b5ad28c?s=96&d=mm&r=g","url":"https:\/\/secure.gravatar.com\/avatar\/98944333e7a877670a64f8d10f0cb680ab2c9ebc4efc43945ef004b52b5ad28c?s=96&d=mm&r=g","contentUrl":"https:\/\/secure.gravatar.com\/avatar\/98944333e7a877670a64f8d10f0cb680ab2c9ebc4efc43945ef004b52b5ad28c?s=96&d=mm&r=g","caption":"comunicacio"},"url":"https:\/\/mont-roig.cat\/es\/actualitat\/noticies\/author\/comunicacio\/"}]}},"_links":{"self":[{"href":"https:\/\/mont-roig.cat\/es\/wp-json\/wp\/v2\/posts\/85691","targetHints":{"allow":["GET"]}}],"collection":[{"href":"https:\/\/mont-roig.cat\/es\/wp-json\/wp\/v2\/posts"}],"about":[{"href":"https:\/\/mont-roig.cat\/es\/wp-json\/wp\/v2\/types\/post"}],"author":[{"embeddable":true,"href":"https:\/\/mont-roig.cat\/es\/wp-json\/wp\/v2\/users\/13"}],"replies":[{"embeddable":true,"href":"https:\/\/mont-roig.cat\/es\/wp-json\/wp\/v2\/comments?post=85691"}],"version-history":[{"count":4,"href":"https:\/\/mont-roig.cat\/es\/wp-json\/wp\/v2\/posts\/85691\/revisions"}],"predecessor-version":[{"id":85715,"href":"https:\/\/mont-roig.cat\/es\/wp-json\/wp\/v2\/posts\/85691\/revisions\/85715"}],"wp:featuredmedia":[{"embeddable":true,"href":"https:\/\/mont-roig.cat\/es\/wp-json\/wp\/v2\/media\/85681"}],"wp:attachment":[{"href":"https:\/\/mont-roig.cat\/es\/wp-json\/wp\/v2\/media?parent=85691"}],"wp:term":[{"taxonomy":"category","embeddable":true,"href":"https:\/\/mont-roig.cat\/es\/wp-json\/wp\/v2\/categories?post=85691"},{"taxonomy":"post_tag","embeddable":true,"href":"https:\/\/mont-roig.cat\/es\/wp-json\/wp\/v2\/tags?post=85691"}],"curies":[{"name":"wp","href":"https:\/\/api.w.org\/{rel}","templated":true}]}}