{"id":85722,"date":"2025-09-26T13:23:20","date_gmt":"2025-09-26T11:23:20","guid":{"rendered":"https:\/\/mont-roig.cat\/actualitat\/noticies\/lajuntament-inicia-les-obres-de-preservacio-de-lermita-de-la-mare-de-deu-de-la-roca-amb-una-inversio-de-170-000-euros\/"},"modified":"2025-09-26T13:34:56","modified_gmt":"2025-09-26T11:34:56","slug":"el-ayuntamiento-inicia-las-obras-de-preservacion-de-la-ermita-de-la-mare-de-deu-de-la-roca-con-una-inversion-de-170-000-euros","status":"publish","type":"post","link":"https:\/\/mont-roig.cat\/es\/actualitat\/noticies\/el-ayuntamiento-inicia-las-obras-de-preservacion-de-la-ermita-de-la-mare-de-deu-de-la-roca-con-una-inversion-de-170-000-euros\/","title":{"rendered":"El Ayuntamiento inicia las obras de preservaci\u00f3n de la ermita de la Mare de D\u00e9u de la Roca con una inversi\u00f3n de 170.000 euros"},"content":{"rendered":"<ul>\n<li><strong><strong><a href=\"https:\/\/mont-roig.cat\/wp-content\/uploads\/ermita-1.jpg\" target=\"_blank\" rel=\"noopener\"><img loading=\"lazy\" decoding=\"async\" class=\"alignright wp-image-85718\" src=\"https:\/\/mont-roig.cat\/wp-content\/uploads\/ermita-1-500x382.jpg\" alt=\"\" width=\"314\" height=\"240\" srcset=\"https:\/\/mont-roig.cat\/wp-content\/uploads\/ermita-1-500x382.jpg 500w, https:\/\/mont-roig.cat\/wp-content\/uploads\/ermita-1-1024x782.jpg 1024w, https:\/\/mont-roig.cat\/wp-content\/uploads\/ermita-1-768x586.jpg 768w, https:\/\/mont-roig.cat\/wp-content\/uploads\/ermita-1.jpg 1403w\" sizes=\"auto, (max-width: 314px) 100vw, 314px\" \/><\/a><\/strong><span style=\"color: #333333;\">El consistorio consigui\u00f3 una subvenci\u00f3n de la Generalitat de Catalunya que permitir\u00e1 ejecutar las obras para mejorar la conservaci\u00f3n de este emblem\u00e1tico edificio<\/span><\/strong><\/li>\n<\/ul>\n<p data-start=\"466\" data-end=\"961\">El Ayuntamiento de Mont-roig del Camp ha iniciado esta semana las obras de mejora y conservaci\u00f3n de la Ermita de la Mare de D\u00e9u de la Roca, con un presupuesto de 170.000 euros. Esta reforma se lleva a cabo gracias a la subvenci\u00f3n de 95.000 euros otorgada por el Departament de Cultura de la Generalitat, dentro de la l\u00ednea de ayudas para la ejecuci\u00f3n de obras de conservaci\u00f3n y mantenimiento de inmuebles de notable valor cultural. El resto del coste ser\u00e1 asumido por el presupuesto municipal.<\/p>\n<p data-start=\"963\" data-end=\"1217\">La ermita de la Mare de D\u00e9u de la Roca fue declarada Bien Cultural de Inter\u00e9s Nacional (BCIN), en la categor\u00eda de monumento hist\u00f3rico, en mayo de 2022. Esta declaraci\u00f3n ha contribuido a conseguir la financiaci\u00f3n p\u00fablica que hace posible esta actuaci\u00f3n.<\/p>\n<p data-start=\"1219\" data-end=\"1522\">Los trabajos tienen como objetivo reparar desperfectos como humedades y filtraciones de agua en las cubiertas de la ermita y de la Capella de Sant Ramon, recuperar los canales de recogida de agua del recinto y, en definitiva, garantizar la conservaci\u00f3n del edificio y proteger las pinturas interiores.<\/p>\n<p data-start=\"1524\" data-end=\"1548\"><strong data-start=\"1524\" data-end=\"1546\">Plazo de ejecuci\u00f3n<\/strong><\/p>\n<p data-start=\"1550\" data-end=\"1821\">El proyecto t\u00e9cnico ha sido redactado por el Ayuntamiento de Mont-roig del Camp en base a las caracter\u00edsticas hist\u00f3ricas y patrimoniales del conjunto, y el plan de trabajo prev\u00e9 un plazo de ejecuci\u00f3n de entre 3 y 4 meses, aunque el contrato estima un m\u00e1ximo de 8 meses.<\/p>\n<p>&nbsp;<\/p>\n","protected":false},"excerpt":{"rendered":"<p>El consistorio consigui\u00f3 una subvenci\u00f3n de la Generalitat de Catalunya que permitir\u00e1 ejecutar las obras para mejorar la conservaci\u00f3n de este emblem\u00e1tico edificio El Ayuntamiento de Mont-roig del Camp ha iniciado esta semana las obras de mejora y conservaci\u00f3n de la Ermita de la Mare de D\u00e9u de la Roca, con un presupuesto de 170.000 [&hellip;]<\/p>\n","protected":false},"author":13,"featured_media":85719,"comment_status":"closed","ping_status":"closed","sticky":false,"template":"","format":"standard","meta":{"inline_featured_image":false,"_monsterinsights_skip_tracking":false,"_monsterinsights_sitenote_active":false,"_monsterinsights_sitenote_note":"","_monsterinsights_sitenote_category":0,"footnotes":""},"categories":[156,98,116],"tags":[],"class_list":["post-85722","post","type-post","status-publish","format-standard","has-post-thumbnail","hentry","category-alcalde-es","category-ayuntamiento","category-urbanismo-y-obras"],"yoast_head":"<!-- This site is optimized with the Yoast SEO plugin v27.4 - https:\/\/yoast.com\/product\/yoast-seo-wordpress\/ -->\n<title>El Ayuntamiento inicia las obras de preservaci\u00f3n de la ermita de la Mare de D\u00e9u de la Roca con una inversi\u00f3n de 170.000 euros - Ajuntament de Mont-roig del Camp<\/title>\n<meta name=\"robots\" content=\"index, follow, max-snippet:-1, max-image-preview:large, max-video-preview:-1\" \/>\n<link rel=\"canonical\" href=\"https:\/\/mont-roig.cat\/es\/actualitat\/noticies\/el-ayuntamiento-inicia-las-obras-de-preservacion-de-la-ermita-de-la-mare-de-deu-de-la-roca-con-una-inversion-de-170-000-euros\/\" \/>\n<meta property=\"og:locale\" content=\"es_ES\" \/>\n<meta property=\"og:type\" content=\"article\" \/>\n<meta property=\"og:title\" content=\"El Ayuntamiento inicia las obras de preservaci\u00f3n de la ermita de la Mare de D\u00e9u de la Roca con una inversi\u00f3n de 170.000 euros - Ajuntament de Mont-roig del Camp\" \/>\n<meta property=\"og:description\" content=\"El consistorio consigui\u00f3 una subvenci\u00f3n de la Generalitat de Catalunya que permitir\u00e1 ejecutar las obras para mejorar la conservaci\u00f3n de este emblem\u00e1tico edificio El Ayuntamiento de Mont-roig del Camp ha iniciado esta semana las obras de mejora y conservaci\u00f3n de la Ermita de la Mare de D\u00e9u de la Roca, con un presupuesto de 170.000 [&hellip;]\" \/>\n<meta property=\"og:url\" content=\"https:\/\/mont-roig.cat\/es\/actualitat\/noticies\/el-ayuntamiento-inicia-las-obras-de-preservacion-de-la-ermita-de-la-mare-de-deu-de-la-roca-con-una-inversion-de-170-000-euros\/\" \/>\n<meta property=\"og:site_name\" content=\"Ajuntament de Mont-roig del Camp\" \/>\n<meta property=\"article:published_time\" content=\"2025-09-26T11:23:20+00:00\" \/>\n<meta property=\"article:modified_time\" content=\"2025-09-26T11:34:56+00:00\" \/>\n<meta property=\"og:image\" content=\"https:\/\/mont-roig.cat\/wp-content\/uploads\/ermita-1.jpg\" \/>\n\t<meta property=\"og:image:width\" content=\"1403\" \/>\n\t<meta property=\"og:image:height\" content=\"1071\" \/>\n\t<meta property=\"og:image:type\" content=\"image\/jpeg\" \/>\n<meta name=\"author\" content=\"comunicacio\" \/>\n<meta name=\"twitter:card\" content=\"summary_large_image\" \/>\n<meta name=\"twitter:label1\" content=\"Escrito por\" \/>\n\t<meta name=\"twitter:data1\" content=\"comunicacio\" \/>\n\t<meta name=\"twitter:label2\" content=\"Tiempo de lectura\" \/>\n\t<meta name=\"twitter:data2\" content=\"2 minutos\" \/>\n<script type=\"application\/ld+json\" class=\"yoast-schema-graph\">{\"@context\":\"https:\\\/\\\/schema.org\",\"@graph\":[{\"@type\":\"Article\",\"@id\":\"https:\\\/\\\/mont-roig.cat\\\/es\\\/actualitat\\\/noticies\\\/el-ayuntamiento-inicia-las-obras-de-preservacion-de-la-ermita-de-la-mare-de-deu-de-la-roca-con-una-inversion-de-170-000-euros\\\/#article\",\"isPartOf\":{\"@id\":\"https:\\\/\\\/mont-roig.cat\\\/es\\\/actualitat\\\/noticies\\\/el-ayuntamiento-inicia-las-obras-de-preservacion-de-la-ermita-de-la-mare-de-deu-de-la-roca-con-una-inversion-de-170-000-euros\\\/\"},\"author\":{\"name\":\"comunicacio\",\"@id\":\"https:\\\/\\\/mont-roig.cat\\\/es\\\/#\\\/schema\\\/person\\\/1f73e7b5e6f9dd122e8a6f14f310ac5e\"},\"headline\":\"El Ayuntamiento inicia las obras de preservaci\u00f3n de la ermita de la Mare de D\u00e9u de la Roca con una inversi\u00f3n de 170.000 euros\",\"datePublished\":\"2025-09-26T11:23:20+00:00\",\"dateModified\":\"2025-09-26T11:34:56+00:00\",\"mainEntityOfPage\":{\"@id\":\"https:\\\/\\\/mont-roig.cat\\\/es\\\/actualitat\\\/noticies\\\/el-ayuntamiento-inicia-las-obras-de-preservacion-de-la-ermita-de-la-mare-de-deu-de-la-roca-con-una-inversion-de-170-000-euros\\\/\"},\"wordCount\":295,\"image\":{\"@id\":\"https:\\\/\\\/mont-roig.cat\\\/es\\\/actualitat\\\/noticies\\\/el-ayuntamiento-inicia-las-obras-de-preservacion-de-la-ermita-de-la-mare-de-deu-de-la-roca-con-una-inversion-de-170-000-euros\\\/#primaryimage\"},\"thumbnailUrl\":\"https:\\\/\\\/mont-roig.cat\\\/wp-content\\\/uploads\\\/ermita-1.jpg\",\"articleSection\":[\"Alcalde\",\"Ayuntamiento\",\"Urbanismo y obras\"],\"inLanguage\":\"es\"},{\"@type\":\"WebPage\",\"@id\":\"https:\\\/\\\/mont-roig.cat\\\/es\\\/actualitat\\\/noticies\\\/el-ayuntamiento-inicia-las-obras-de-preservacion-de-la-ermita-de-la-mare-de-deu-de-la-roca-con-una-inversion-de-170-000-euros\\\/\",\"url\":\"https:\\\/\\\/mont-roig.cat\\\/es\\\/actualitat\\\/noticies\\\/el-ayuntamiento-inicia-las-obras-de-preservacion-de-la-ermita-de-la-mare-de-deu-de-la-roca-con-una-inversion-de-170-000-euros\\\/\",\"name\":\"El Ayuntamiento inicia las obras de preservaci\u00f3n de la ermita de la Mare de D\u00e9u de la Roca con una inversi\u00f3n de 170.000 euros - Ajuntament de Mont-roig del Camp\",\"isPartOf\":{\"@id\":\"https:\\\/\\\/mont-roig.cat\\\/es\\\/#website\"},\"primaryImageOfPage\":{\"@id\":\"https:\\\/\\\/mont-roig.cat\\\/es\\\/actualitat\\\/noticies\\\/el-ayuntamiento-inicia-las-obras-de-preservacion-de-la-ermita-de-la-mare-de-deu-de-la-roca-con-una-inversion-de-170-000-euros\\\/#primaryimage\"},\"image\":{\"@id\":\"https:\\\/\\\/mont-roig.cat\\\/es\\\/actualitat\\\/noticies\\\/el-ayuntamiento-inicia-las-obras-de-preservacion-de-la-ermita-de-la-mare-de-deu-de-la-roca-con-una-inversion-de-170-000-euros\\\/#primaryimage\"},\"thumbnailUrl\":\"https:\\\/\\\/mont-roig.cat\\\/wp-content\\\/uploads\\\/ermita-1.jpg\",\"datePublished\":\"2025-09-26T11:23:20+00:00\",\"dateModified\":\"2025-09-26T11:34:56+00:00\",\"author\":{\"@id\":\"https:\\\/\\\/mont-roig.cat\\\/es\\\/#\\\/schema\\\/person\\\/1f73e7b5e6f9dd122e8a6f14f310ac5e\"},\"breadcrumb\":{\"@id\":\"https:\\\/\\\/mont-roig.cat\\\/es\\\/actualitat\\\/noticies\\\/el-ayuntamiento-inicia-las-obras-de-preservacion-de-la-ermita-de-la-mare-de-deu-de-la-roca-con-una-inversion-de-170-000-euros\\\/#breadcrumb\"},\"inLanguage\":\"es\",\"potentialAction\":[{\"@type\":\"ReadAction\",\"target\":[\"https:\\\/\\\/mont-roig.cat\\\/es\\\/actualitat\\\/noticies\\\/el-ayuntamiento-inicia-las-obras-de-preservacion-de-la-ermita-de-la-mare-de-deu-de-la-roca-con-una-inversion-de-170-000-euros\\\/\"]}]},{\"@type\":\"ImageObject\",\"inLanguage\":\"es\",\"@id\":\"https:\\\/\\\/mont-roig.cat\\\/es\\\/actualitat\\\/noticies\\\/el-ayuntamiento-inicia-las-obras-de-preservacion-de-la-ermita-de-la-mare-de-deu-de-la-roca-con-una-inversion-de-170-000-euros\\\/#primaryimage\",\"url\":\"https:\\\/\\\/mont-roig.cat\\\/wp-content\\\/uploads\\\/ermita-1.jpg\",\"contentUrl\":\"https:\\\/\\\/mont-roig.cat\\\/wp-content\\\/uploads\\\/ermita-1.jpg\",\"width\":1403,\"height\":1071},{\"@type\":\"BreadcrumbList\",\"@id\":\"https:\\\/\\\/mont-roig.cat\\\/es\\\/actualitat\\\/noticies\\\/el-ayuntamiento-inicia-las-obras-de-preservacion-de-la-ermita-de-la-mare-de-deu-de-la-roca-con-una-inversion-de-170-000-euros\\\/#breadcrumb\",\"itemListElement\":[{\"@type\":\"ListItem\",\"position\":1,\"name\":\"Inici\",\"item\":\"https:\\\/\\\/mont-roig.cat\\\/es\\\/pagina-de-inicio\\\/\"},{\"@type\":\"ListItem\",\"position\":2,\"name\":\"El Ayuntamiento inicia las obras de preservaci\u00f3n de la ermita de la Mare de D\u00e9u de la Roca con una inversi\u00f3n de 170.000 euros\"}]},{\"@type\":\"WebSite\",\"@id\":\"https:\\\/\\\/mont-roig.cat\\\/es\\\/#website\",\"url\":\"https:\\\/\\\/mont-roig.cat\\\/es\\\/\",\"name\":\"Ajuntament de Mont-roig del Camp\",\"description\":\"Tota la informaci\u00f3 sobre la instituci\u00f3, els seus \u00f2rgans de govern, actualitat, serveis i molt m\u00e9s.\",\"potentialAction\":[{\"@type\":\"SearchAction\",\"target\":{\"@type\":\"EntryPoint\",\"urlTemplate\":\"https:\\\/\\\/mont-roig.cat\\\/es\\\/?s={search_term_string}\"},\"query-input\":{\"@type\":\"PropertyValueSpecification\",\"valueRequired\":true,\"valueName\":\"search_term_string\"}}],\"inLanguage\":\"es\"},{\"@type\":\"Person\",\"@id\":\"https:\\\/\\\/mont-roig.cat\\\/es\\\/#\\\/schema\\\/person\\\/1f73e7b5e6f9dd122e8a6f14f310ac5e\",\"name\":\"comunicacio\",\"image\":{\"@type\":\"ImageObject\",\"inLanguage\":\"es\",\"@id\":\"https:\\\/\\\/secure.gravatar.com\\\/avatar\\\/98944333e7a877670a64f8d10f0cb680ab2c9ebc4efc43945ef004b52b5ad28c?s=96&d=mm&r=g\",\"url\":\"https:\\\/\\\/secure.gravatar.com\\\/avatar\\\/98944333e7a877670a64f8d10f0cb680ab2c9ebc4efc43945ef004b52b5ad28c?s=96&d=mm&r=g\",\"contentUrl\":\"https:\\\/\\\/secure.gravatar.com\\\/avatar\\\/98944333e7a877670a64f8d10f0cb680ab2c9ebc4efc43945ef004b52b5ad28c?s=96&d=mm&r=g\",\"caption\":\"comunicacio\"},\"url\":\"https:\\\/\\\/mont-roig.cat\\\/es\\\/actualitat\\\/noticies\\\/author\\\/comunicacio\\\/\"}]}<\/script>\n<!-- \/ Yoast SEO plugin. -->","yoast_head_json":{"title":"El Ayuntamiento inicia las obras de preservaci\u00f3n de la ermita de la Mare de D\u00e9u de la Roca con una inversi\u00f3n de 170.000 euros - Ajuntament de Mont-roig del Camp","robots":{"index":"index","follow":"follow","max-snippet":"max-snippet:-1","max-image-preview":"max-image-preview:large","max-video-preview":"max-video-preview:-1"},"canonical":"https:\/\/mont-roig.cat\/es\/actualitat\/noticies\/el-ayuntamiento-inicia-las-obras-de-preservacion-de-la-ermita-de-la-mare-de-deu-de-la-roca-con-una-inversion-de-170-000-euros\/","og_locale":"es_ES","og_type":"article","og_title":"El Ayuntamiento inicia las obras de preservaci\u00f3n de la ermita de la Mare de D\u00e9u de la Roca con una inversi\u00f3n de 170.000 euros - Ajuntament de Mont-roig del Camp","og_description":"El consistorio consigui\u00f3 una subvenci\u00f3n de la Generalitat de Catalunya que permitir\u00e1 ejecutar las obras para mejorar la conservaci\u00f3n de este emblem\u00e1tico edificio El Ayuntamiento de Mont-roig del Camp ha iniciado esta semana las obras de mejora y conservaci\u00f3n de la Ermita de la Mare de D\u00e9u de la Roca, con un presupuesto de 170.000 [&hellip;]","og_url":"https:\/\/mont-roig.cat\/es\/actualitat\/noticies\/el-ayuntamiento-inicia-las-obras-de-preservacion-de-la-ermita-de-la-mare-de-deu-de-la-roca-con-una-inversion-de-170-000-euros\/","og_site_name":"Ajuntament de Mont-roig del Camp","article_published_time":"2025-09-26T11:23:20+00:00","article_modified_time":"2025-09-26T11:34:56+00:00","og_image":[{"width":1403,"height":1071,"url":"https:\/\/mont-roig.cat\/wp-content\/uploads\/ermita-1.jpg","type":"image\/jpeg"}],"author":"comunicacio","twitter_card":"summary_large_image","twitter_misc":{"Escrito por":"comunicacio","Tiempo de lectura":"2 minutos"},"schema":{"@context":"https:\/\/schema.org","@graph":[{"@type":"Article","@id":"https:\/\/mont-roig.cat\/es\/actualitat\/noticies\/el-ayuntamiento-inicia-las-obras-de-preservacion-de-la-ermita-de-la-mare-de-deu-de-la-roca-con-una-inversion-de-170-000-euros\/#article","isPartOf":{"@id":"https:\/\/mont-roig.cat\/es\/actualitat\/noticies\/el-ayuntamiento-inicia-las-obras-de-preservacion-de-la-ermita-de-la-mare-de-deu-de-la-roca-con-una-inversion-de-170-000-euros\/"},"author":{"name":"comunicacio","@id":"https:\/\/mont-roig.cat\/es\/#\/schema\/person\/1f73e7b5e6f9dd122e8a6f14f310ac5e"},"headline":"El Ayuntamiento inicia las obras de preservaci\u00f3n de la ermita de la Mare de D\u00e9u de la Roca con una inversi\u00f3n de 170.000 euros","datePublished":"2025-09-26T11:23:20+00:00","dateModified":"2025-09-26T11:34:56+00:00","mainEntityOfPage":{"@id":"https:\/\/mont-roig.cat\/es\/actualitat\/noticies\/el-ayuntamiento-inicia-las-obras-de-preservacion-de-la-ermita-de-la-mare-de-deu-de-la-roca-con-una-inversion-de-170-000-euros\/"},"wordCount":295,"image":{"@id":"https:\/\/mont-roig.cat\/es\/actualitat\/noticies\/el-ayuntamiento-inicia-las-obras-de-preservacion-de-la-ermita-de-la-mare-de-deu-de-la-roca-con-una-inversion-de-170-000-euros\/#primaryimage"},"thumbnailUrl":"https:\/\/mont-roig.cat\/wp-content\/uploads\/ermita-1.jpg","articleSection":["Alcalde","Ayuntamiento","Urbanismo y obras"],"inLanguage":"es"},{"@type":"WebPage","@id":"https:\/\/mont-roig.cat\/es\/actualitat\/noticies\/el-ayuntamiento-inicia-las-obras-de-preservacion-de-la-ermita-de-la-mare-de-deu-de-la-roca-con-una-inversion-de-170-000-euros\/","url":"https:\/\/mont-roig.cat\/es\/actualitat\/noticies\/el-ayuntamiento-inicia-las-obras-de-preservacion-de-la-ermita-de-la-mare-de-deu-de-la-roca-con-una-inversion-de-170-000-euros\/","name":"El Ayuntamiento inicia las obras de preservaci\u00f3n de la ermita de la Mare de D\u00e9u de la Roca con una inversi\u00f3n de 170.000 euros - Ajuntament de Mont-roig del Camp","isPartOf":{"@id":"https:\/\/mont-roig.cat\/es\/#website"},"primaryImageOfPage":{"@id":"https:\/\/mont-roig.cat\/es\/actualitat\/noticies\/el-ayuntamiento-inicia-las-obras-de-preservacion-de-la-ermita-de-la-mare-de-deu-de-la-roca-con-una-inversion-de-170-000-euros\/#primaryimage"},"image":{"@id":"https:\/\/mont-roig.cat\/es\/actualitat\/noticies\/el-ayuntamiento-inicia-las-obras-de-preservacion-de-la-ermita-de-la-mare-de-deu-de-la-roca-con-una-inversion-de-170-000-euros\/#primaryimage"},"thumbnailUrl":"https:\/\/mont-roig.cat\/wp-content\/uploads\/ermita-1.jpg","datePublished":"2025-09-26T11:23:20+00:00","dateModified":"2025-09-26T11:34:56+00:00","author":{"@id":"https:\/\/mont-roig.cat\/es\/#\/schema\/person\/1f73e7b5e6f9dd122e8a6f14f310ac5e"},"breadcrumb":{"@id":"https:\/\/mont-roig.cat\/es\/actualitat\/noticies\/el-ayuntamiento-inicia-las-obras-de-preservacion-de-la-ermita-de-la-mare-de-deu-de-la-roca-con-una-inversion-de-170-000-euros\/#breadcrumb"},"inLanguage":"es","potentialAction":[{"@type":"ReadAction","target":["https:\/\/mont-roig.cat\/es\/actualitat\/noticies\/el-ayuntamiento-inicia-las-obras-de-preservacion-de-la-ermita-de-la-mare-de-deu-de-la-roca-con-una-inversion-de-170-000-euros\/"]}]},{"@type":"ImageObject","inLanguage":"es","@id":"https:\/\/mont-roig.cat\/es\/actualitat\/noticies\/el-ayuntamiento-inicia-las-obras-de-preservacion-de-la-ermita-de-la-mare-de-deu-de-la-roca-con-una-inversion-de-170-000-euros\/#primaryimage","url":"https:\/\/mont-roig.cat\/wp-content\/uploads\/ermita-1.jpg","contentUrl":"https:\/\/mont-roig.cat\/wp-content\/uploads\/ermita-1.jpg","width":1403,"height":1071},{"@type":"BreadcrumbList","@id":"https:\/\/mont-roig.cat\/es\/actualitat\/noticies\/el-ayuntamiento-inicia-las-obras-de-preservacion-de-la-ermita-de-la-mare-de-deu-de-la-roca-con-una-inversion-de-170-000-euros\/#breadcrumb","itemListElement":[{"@type":"ListItem","position":1,"name":"Inici","item":"https:\/\/mont-roig.cat\/es\/pagina-de-inicio\/"},{"@type":"ListItem","position":2,"name":"El Ayuntamiento inicia las obras de preservaci\u00f3n de la ermita de la Mare de D\u00e9u de la Roca con una inversi\u00f3n de 170.000 euros"}]},{"@type":"WebSite","@id":"https:\/\/mont-roig.cat\/es\/#website","url":"https:\/\/mont-roig.cat\/es\/","name":"Ajuntament de Mont-roig del Camp","description":"Tota la informaci\u00f3 sobre la instituci\u00f3, els seus \u00f2rgans de govern, actualitat, serveis i molt m\u00e9s.","potentialAction":[{"@type":"SearchAction","target":{"@type":"EntryPoint","urlTemplate":"https:\/\/mont-roig.cat\/es\/?s={search_term_string}"},"query-input":{"@type":"PropertyValueSpecification","valueRequired":true,"valueName":"search_term_string"}}],"inLanguage":"es"},{"@type":"Person","@id":"https:\/\/mont-roig.cat\/es\/#\/schema\/person\/1f73e7b5e6f9dd122e8a6f14f310ac5e","name":"comunicacio","image":{"@type":"ImageObject","inLanguage":"es","@id":"https:\/\/secure.gravatar.com\/avatar\/98944333e7a877670a64f8d10f0cb680ab2c9ebc4efc43945ef004b52b5ad28c?s=96&d=mm&r=g","url":"https:\/\/secure.gravatar.com\/avatar\/98944333e7a877670a64f8d10f0cb680ab2c9ebc4efc43945ef004b52b5ad28c?s=96&d=mm&r=g","contentUrl":"https:\/\/secure.gravatar.com\/avatar\/98944333e7a877670a64f8d10f0cb680ab2c9ebc4efc43945ef004b52b5ad28c?s=96&d=mm&r=g","caption":"comunicacio"},"url":"https:\/\/mont-roig.cat\/es\/actualitat\/noticies\/author\/comunicacio\/"}]}},"_links":{"self":[{"href":"https:\/\/mont-roig.cat\/es\/wp-json\/wp\/v2\/posts\/85722","targetHints":{"allow":["GET"]}}],"collection":[{"href":"https:\/\/mont-roig.cat\/es\/wp-json\/wp\/v2\/posts"}],"about":[{"href":"https:\/\/mont-roig.cat\/es\/wp-json\/wp\/v2\/types\/post"}],"author":[{"embeddable":true,"href":"https:\/\/mont-roig.cat\/es\/wp-json\/wp\/v2\/users\/13"}],"replies":[{"embeddable":true,"href":"https:\/\/mont-roig.cat\/es\/wp-json\/wp\/v2\/comments?post=85722"}],"version-history":[{"count":2,"href":"https:\/\/mont-roig.cat\/es\/wp-json\/wp\/v2\/posts\/85722\/revisions"}],"predecessor-version":[{"id":85724,"href":"https:\/\/mont-roig.cat\/es\/wp-json\/wp\/v2\/posts\/85722\/revisions\/85724"}],"wp:featuredmedia":[{"embeddable":true,"href":"https:\/\/mont-roig.cat\/es\/wp-json\/wp\/v2\/media\/85719"}],"wp:attachment":[{"href":"https:\/\/mont-roig.cat\/es\/wp-json\/wp\/v2\/media?parent=85722"}],"wp:term":[{"taxonomy":"category","embeddable":true,"href":"https:\/\/mont-roig.cat\/es\/wp-json\/wp\/v2\/categories?post=85722"},{"taxonomy":"post_tag","embeddable":true,"href":"https:\/\/mont-roig.cat\/es\/wp-json\/wp\/v2\/tags?post=85722"}],"curies":[{"name":"wp","href":"https:\/\/api.w.org\/{rel}","templated":true}]}}