{"id":85767,"date":"2025-09-30T12:46:32","date_gmt":"2025-09-30T10:46:32","guid":{"rendered":"https:\/\/mont-roig.cat\/?p=85767"},"modified":"2025-09-30T13:52:15","modified_gmt":"2025-09-30T11:52:15","slug":"por-que-ha-aumentado-el-recibo-de-residuos","status":"publish","type":"post","link":"https:\/\/mont-roig.cat\/es\/actualitat\/noticies\/por-que-ha-aumentado-el-recibo-de-residuos\/","title":{"rendered":"\u00bfPor qu\u00e9 ha aumentado el recibo de residuos?"},"content":{"rendered":"<div class=\"wpb-content-wrapper\">[vc_row][vc_column][vc_column_text css=&#8221;&#8221;]\n<ul>\n<li><strong><em>A trav\u00e9s de una relaci\u00f3n de preguntas y respuestas (FAQS), el Ayuntamiento explica a la ciudadan\u00eda los motivos de la subida del recibo de residuos, los costes y mejoras del servicio, los actuales porcentajes de reciclaje, as\u00ed como la implantaci\u00f3n de la tasa justa.<br \/>\n<\/em><\/strong><\/li>\n<\/ul>\n<p><strong>Preguntas frecuentes (FAQS)<\/strong>[\/vc_column_text][\/vc_column][\/vc_row][vc_row][vc_column][vc_toggle title=&#8221;1. \u00bfPor qu\u00e9 ha subido el recibo de los residuos en 2025?&#8221; css=&#8221;&#8221;]La Ley 7\/2022, de 8 de abril, de residuos y suelos contaminados para una econom\u00eda circular establece que la tasa de residuos debe cubrir \u00edntegramente el coste del servicio de recogida y tratamiento.<\/p>\n<ul>\n<li>Seg\u00fan el art\u00edculo 24.2 de la Ley Reguladora de las Haciendas Locales (Real Decreto Legislativo 2\/2004), el importe de la tasa no puede exceder del coste real o previsible del servicio ni ser inferior al mismo.<\/li>\n<li>Adem\u00e1s, el art\u00edculo 11.3 y la disposici\u00f3n adicional d\u00e9cima de la Ley 7\/2022, establecen que todos los municipios de Espa\u00f1a deben cubrir con la tasa la totalidad del coste del servicio antes del 10 de abril de 2025.<\/li>\n<li>Por este motivo no se puede destinar dinero de otras \u00e1reas municipales (cultura, deportes, servicios sociales, etc.) para subvencionar la basura.<\/li>\n<li>De la misma forma, tampoco se puede recaudar m\u00e1s de lo que cuesta, no hay margen de beneficio para otras acciones que lleve a cabo el Ayuntamiento.<\/li>\n<li>Actualmente el servicio cuesta cerca de los 4 millones de euros anuales y con la tasa anterior no se llegaba a cubrir todos los gastos.<\/li>\n<\/ul>\n<p>Por tanto, el incremento responde a una necesidad legal y financiera, no a una voluntad recaudatoria.[\/vc_toggle][vc_toggle title=&#8221;2. \u00bfQu\u00e9 factores han aumentado los costes?&#8221; css=&#8221;&#8221;]Los principales motivos son:<\/p>\n<ul>\n<li>Combustible y energ\u00eda: los camiones de la basura y la maquinaria consumen gasoil y electricidad, con precios que se han encarecido mucho en los \u00faltimos a\u00f1os.<\/li>\n<li>Mantenimiento y renovaci\u00f3n: los contenedores, camiones y equipos se hacen viejos y es necesario reponerlos o repararlos. Esto genera una necesidad constante de nuevas inversiones.<\/li>\n<li>Canon de vertedero e impuestos ambientales: la Agencia de Residuos cobra cada a\u00f1o m\u00e1s dinero por cada tonelada de residuos que no se recicla y termina en el vertedero o en la planta de incineraci\u00f3n. Esto hace referencia a la basura que se lanza toda mezclada en el contenedor gris y que termina en el vertedero, donde se paga un \u201cpeaje\u201d muy caro. Este canon ha pasado de 63 \u20ac\/tonelada en 2017 a 136 \u20ac\/tonelada en 2024.<\/li>\n<li>Tratamiento de la fracci\u00f3n resta: cuantos m\u00e1s residuos mezclados existen, m\u00e1s caro es gestionarlos. En el municipio todav\u00eda hay mucho volumen de fracci\u00f3n resto y muchos \u201cimpropios\u201d dentro de los contenedores de reciclaje (es decir, materiales mal separados). Esto encarece mucho el coste final del servicio.<\/li>\n<li>Personal y gesti\u00f3n: los costes han subido porque los sueldos se han regularizado de acuerdo con el IPC y en la aplicaci\u00f3n de las nuevas condiciones laborales.<\/li>\n<\/ul>\n<p>Los costes suben por factores externos y obligatorios (sueldos, energ\u00eda, impuestos, canon de la Generalitat), y por h\u00e1bitos de separaci\u00f3n que todav\u00eda debemos mejorar como municipio.[\/vc_toggle][vc_toggle title=&#8221;3. \u00bfLa subida se produce s\u00f3lo en Mont-roig del Camp?&#8221; css=&#8221;&#8221;]No. La subida de costes es general en toda Catalu\u00f1a y tambi\u00e9n en toda Espa\u00f1a.<\/p>\n<ul>\n<li>Muchos municipios han tenido que incrementar la tasa por las mismas razones: Vila-seca, Vandell\u00f2s y Hospitalet, Cambrils o El Vendrell han aprobado incrementos de entre el 15% y el 25%. En Mont-roig del Camp ha estado entre el 17 y el 23%. Y los HUTS un 15%.<\/li>\n<li>En Catalu\u00f1a, la tasa de basura ha subido de media cerca de un 20% en 2025 para adaptarse a la Ley 7\/2022, que obliga a cubrir el coste real del servicio.<\/li>\n<li>En Espa\u00f1a, la tasa media dom\u00e9stica ha tenido un aumento del 26,5%, seg\u00fan el Observatorio de la Fiscalidad de Residuos.<\/li>\n<\/ul>\n<p>Mont-roig del Camp no es una excepci\u00f3n, sino que forma parte de una tendencia general que afecta a todos los municipios por la misma causa: cumplir la ley y cubrir el coste real de un servicio cada vez m\u00e1s caro.[\/vc_toggle][vc_toggle title=&#8221;4. \u00bfPor qu\u00e9 Mont-roig del Camp tiene unos costes m\u00e1s altos que otros municipios?&#8221; css=&#8221;&#8221;]Por las caracter\u00edsticas urban\u00edsticas y territoriales del municipio:<\/p>\n<ul>\n<li>Es un municipio muy extenso y disperso: 64 km\u00b2 con 2 n\u00facleos y 22 urbanizaciones.<\/li>\n<li>Los camiones deben recorrer muchos kil\u00f3metros y detenerse en puntos muy separados, lo que incrementa horas de trabajo, consumo de combustible y mantenimiento.<\/li>\n<li>Hay m\u00e1s de 900 contenedores repartidos por el territorio que deben vaciarse y limpiarse regularmente.<\/li>\n<li>En cambio, en municipios compactos como Reus o Cambrils, un solo punto de contenedores puede dar servicio a 50 o 80 viviendas. En Mont-roig del Camp, este mismo punto a menudo solo da servicio a 5, 10 o 15 viviendas, porque generalmente se trata de casas unifamiliares muy dispersas.<\/li>\n<\/ul>\n<p>Por lo tanto, la log\u00edstica es m\u00e1s cara. Hay menos densidad de viviendas por punto de recogida y mayor dispersi\u00f3n territorial. Esto hace que el coste por vivienda sea m\u00e1s alto que en municipios compactos.[\/vc_toggle][vc_toggle title=&#8221;5. \u00bfQu\u00e9 papel tiene el reciclaje en la tasa?&#8221; css=&#8221;&#8221;]El reciclaje es clave para contener los costes:<\/p>\n<ul>\n<li>Cuanto m\u00e1s reciclemos, menos residuos van al contenedor de rechazo. Y cada bolsa que va al contenedor incorrecto, termina en una planta donde el Ayuntamiento debe pagar un \u201cpeaje\u201d m\u00e1s caro por tonelada.<\/li>\n<li>Los materiales bien separados (vidrio, papel y cart\u00f3n, envases y org\u00e1nica) tienen un coste m\u00e1s bajo de tratamiento y, adem\u00e1s, generan ingresos que ayudan a reducir la factura global.<\/li>\n<li>Actualmente, en Mont-roig del Camp el reciclaje global es solo del 18 %, muy por debajo del objetivo europeo del 55 % para 2025. Debemos tener presente que, a partir del a\u00f1o pr\u00f3ximo, los municipios que no mejoren los porcentajes de reciclaje estar\u00e1n sujetos a sanciones por parte de las administraciones superiores, lo que podr\u00eda encarecer a\u00fan m\u00e1s el servicio.<\/li>\n<li>La buena noticia es que en las zonas del municipio donde ya se ha implantado el Porta a Porta, el reciclaje llega al 48 %, mientras que con contenedores solo se queda en el 17 %.<\/li>\n<\/ul>\n<p>Esto demuestra que el Porta a Porta funciona y es positivo: separando mejor, estamos m\u00e1s cerca de los objetivos europeos y reducimos lo que todos acabamos pagando por la fracci\u00f3n resto. Reciclar correctamente significa menos coste para el servicio y, a la larga, menos tasa para todos.[\/vc_toggle][vc_toggle title=&#8221;6. \u00bfPor qu\u00e9 el recibo se calcula por metros cuadrados y tipolog\u00eda de vivienda?&#8221; css=&#8221;&#8221;]Porque son los criterios m\u00e1s objetivos y viables legalmente:<br \/>\n\u2022 Objetivos y estables: los metros cuadrados y la tipolog\u00eda de la vivienda constan en el catastro y no var\u00edan cada a\u00f1o.<br \/>\n\u2022 Equitativos: viviendas similares pagan lo mismo, evitando diferencias arbitrarias.<br \/>\n\u2022 Viables legalmente: no se puede basar en el n\u00famero de habitantes reales porque el padr\u00f3n no refleja la realidad: hay segundas residencias, viviendas de uso tur\u00edstico o gente que vive sin estar empadronada. Todo esto har\u00eda el sistema injusto y dif\u00edcil de controlar.<\/p>\n<p>Por ejemplo: una casa puede estar registrada con 2 personas en el padr\u00f3n, pero en verano pueden vivir 8. O al rev\u00e9s: un piso puede tener 4 personas empadronadas, pero solo vive 1 todo el a\u00f1o. Si la tasa se calculase por habitantes, estos casos distorsionar\u00edan mucho el sistema.[\/vc_toggle][vc_toggle title=&#8221;7. \u00bfQu\u00e9 es la \u201cTaxa Justa\u201d?&#8221; css=&#8221;&#8221;]Es un nuevo sistema que premiar\u00e1 el reciclaje y la reducci\u00f3n de residuos. La idea es sencilla: quien separa bien y colabora, paga menos; quien no recicla, paga m\u00e1s. La factura tendr\u00e1 una parte fija (disponibilidad del servicio) y una parte variable (en funci\u00f3n de la correcta participaci\u00f3n en el servicio por parte de la ciudadan\u00eda).<br \/>\n\u2022 Los hogares que reciclen bien y cumplan unos m\u00ednimos de separaci\u00f3n pagar\u00e1n solo la parte fija.<br \/>\n\u2022 Los que no separen correctamente asumir\u00e1n la parte variable.<br \/>\n\u2022 La parte variable comenzar\u00e1 a cobrarse a partir de 2026, por el comportamiento de los usuarios de noviembre y diciembre de 2025. Solo afecta a las zonas con Porta a Porta y contenedores con identificaci\u00f3n, y se controlar\u00e1 con APP o llavero inteligente. La ciudadan\u00eda de las zonas afectadas ha recibido una carta explicando el sistema y proporcionando el c\u00f3digo de identificaci\u00f3n para las \u00e1reas de emergencia (al Porta a Porta) y a los contenedores (zonas con identificaci\u00f3n). Tambi\u00e9n se han hecho campa\u00f1as informativas en la calle. La ciudadan\u00eda que a\u00fan no tenga su c\u00f3digo puede contactar al 603592138.<\/p>\n<p>Cabe remarcar que la Taxa Justa no es una opci\u00f3n, sino una obligaci\u00f3n legal establecida por la Ley 7\/2022, que todos los municipios deber\u00e1n aplicar. En Mont-roig del Camp y Miami Platja se ir\u00e1 implantando paulatinamente en todo el municipio.[\/vc_toggle][vc_toggle title=&#8221;8. \u00bfC\u00f3mo puedo ayudar a reducir mi factura?&#8221; css=&#8221;&#8221;]La clave est\u00e1 en el d\u00eda a d\u00eda: cuanto mejor separemos y menos residuos generemos, menos pagamos todos.<br \/>\n\u2022 Separando correctamente todas las fracciones: org\u00e1nica, envases, papel y cart\u00f3n, vidrio y resto.<br \/>\n\u2022 Evitando impropios, es decir, no depositar residuos en el contenedor equivocado. Cada error encarece el tratamiento.<br \/>\n\u2022 No verter escombros, poda o voluminosos fuera de los contenedores o del t\u00e9rmino municipal y haciendo uso correcto de los puntos limpios.<br \/>\n\u2022 Participando activamente en el Porta a Porta y, cuando llegue, en la Taxa Justa, que premiar\u00e1 los hogares que reciclen bien.<br \/>\n\u2022 Reduciendo la generaci\u00f3n de residuos: realizando compras responsables, reutilizando y evitando pl\u00e1sticos de un solo uso.<br \/>\n\u2022 Cada gesto cuenta: una tonelada bien reciclada es una tonelada menos que va a la fracci\u00f3n resto y encarece el servicio.<\/p>\n<p>Reciclar mejor no solo significa cuidar el medio ambiente, sino tambi\u00e9n contener nuestra propia factura y la de todos los vecinos\/as.[\/vc_toggle][vc_toggle title=&#8221;9. \u00bfEl Ayuntamiento gana dinero con la tasa?&#8221; css=&#8221;&#8221;]No. La tasa de residuos es un tributo finalista y por ley funciona como una cuenta cerrada:<br \/>\n\u2022 Todo lo recaudado se destina exclusivamente a cubrir el coste del servicio de recogida, transporte, tratamiento de residuos y cualquier gasto relacionado con el servicio.<br \/>\n\u2022 No se genera ning\u00fan beneficio para el Ayuntamiento ni se pueden destinar estos fondos a otras \u00e1reas municipales.<br \/>\n\u2022 Si se recauda menos de lo que cuesta, se debe subir la tasa; y si se recauda m\u00e1s, se debe regular a la baja.<\/p>\n<p>Es decir, la tasa no es un impuesto general, sino la forma legal de asegurar que el servicio de residuos se paga euro por euro, ni m\u00e1s ni menos.[\/vc_toggle][vc_toggle title=&#8221;10. \u00bfQu\u00e9 har\u00e1 el Ayuntamiento para mejorar el servicio?&#8221; css=&#8221;&#8221;]El Ayuntamiento tiene el compromiso de mejorar y modernizar la gesti\u00f3n de residuos con medidas concretas:<br \/>\n\u2022 Ampliar el Porta a Porta a m\u00e1s zonas, porque all\u00ed donde ya funciona el reciclaje casi triplica los resultados de los contenedores tradicionales.<br \/>\n\u2022 Implantar la Taxa Justa, que premiar\u00e1 los hogares con buenos h\u00e1bitos de separaci\u00f3n y reciclaje.<br \/>\n\u2022 Incorporar contenedores inteligentes y optimizar rutas con GPS, para un servicio m\u00e1s eficiente y reducci\u00f3n de costes.<br \/>\n\u2022 Mantener y renovar contenedores y veh\u00edculos, mejorando la seguridad, limpieza y rapidez de la recogida.<br \/>\n\u2022 Continuar con campa\u00f1as de sensibilizaci\u00f3n e informaci\u00f3n, para que la ciudadan\u00eda tenga toda la informaci\u00f3n y pueda participar activamente en la mejora del sistema.<br \/>\n\u2022 Seguir fiscalizando y exigiendo a la empresa SECOMSA que garantice un servicio de calidad al municipio.<br \/>\n\u2022 Incorporar otras medidas encaminadas a ofrecer un servicio m\u00e1s justo, sostenible, eficiente y transparente, donde el esfuerzo de cada uno tenga un retorno directo en la calidad del servicio y en la factura final.[\/vc_toggle][vc_toggle title=&#8221;11. \u00bfQu\u00e9 balance se hace del servicio de limpieza viaria y recogida de voluminosos?&#8221; css=&#8221;&#8221;]Desde que la gesti\u00f3n de limpieza viaria y recogida de voluminosos pas\u00f3 a la empresa municipal Nostreserveis, se han conseguido mejoras concretas y visibles:<br \/>\n\u2022 Reducci\u00f3n del tiempo de respuesta: los residuos voluminosos que antes pod\u00edan tardar 3 o 4 d\u00edas en retirarse, ahora se recogen en menos de 24 horas. De enero a septiembre de 2025 se han realizado casi m\u00e1s de 1.000 recogidas de voluminosos puerta a puerta.<br \/>\n\u2022 M\u00e1s personal y medios: se han incorporado 18 trabajadores\/as fijos y 6 de refuerzo en verano, y una flota de 17 veh\u00edculos nuevos adaptados a las necesidades del municipio.<br \/>\n\u2022 Mayor frecuencia de limpieza: zonas que antes solo se barr\u00edan una vez al mes o cada dos meses, ahora se limpian quincenal o semanalmente seg\u00fan afluencia de gente.<br \/>\n\u2022 Coordinaci\u00f3n y proximidad: tener una gesti\u00f3n propia ha permitido m\u00e1s agilidad, mejor planificaci\u00f3n y atenci\u00f3n m\u00e1s cercana a la ciudadan\u00eda.<br \/>\n\u2022 Sostenibilidad: se han incorporado veh\u00edculos el\u00e9ctricos y de gas GLP para reducir el impacto ambiental.<\/p>\n<p>Todo esto demuestra que el dinero de la tasa se destina directamente a mejorar el servicio y que los resultados ya se pueden ver en el d\u00eda a d\u00eda del municipio.[\/vc_toggle][vc_toggle title=&#8221;12. \u00bfQu\u00e9 pasa con la poda y los restos vegetales?&#8221; css=&#8221;&#8221;]Hay que tener en cuenta que el Ayuntamiento no est\u00e1 obligado por ley a recoger restos vegetales particulares. Sin embargo, actualmente disponemos de m\u00e1s de 50 cajas de poda (\u201cpateras\u201d) en la calle, para que la ciudadan\u00eda pueda depositarlas con comodidad.<\/p>\n<p>Uno de los problemas es que este servicio no se est\u00e1 utilizando correctamente:<br \/>\n\u2022 No solo se deposita poda, sino tambi\u00e9n muebles, electrodom\u00e9sticos y otros residuos que no corresponden. Esto hace que un material de calidad se mezcle y deba tratarse como rechazo, encareciendo mucho el coste por tonelada.<br \/>\n\u2022 Los contenedores se llenan muy a menudo y SECOMSA no tiene capacidad para recogerlos al ritmo que exige este mal uso.<br \/>\n\u2022 Se ha detectado que muchas cajas las llenan principalmente profesionales de jardiner\u00eda, cuando en realidad est\u00e1n pensadas solo para uso dom\u00e9stico.<br \/>\n\u2022 Adem\u00e1s, cabe remarcar que SECOMSA, empresa encargada de la recogida, tiene actualmente limitaciones importantes de recursos materiales y personal. Estas carencias, ajenas al Ayuntamiento, hacen que el servicio no se pueda prestar con la eficiencia y frecuencia que la situaci\u00f3n requiere.<\/p>\n<p>Por ello, el Ayuntamiento prev\u00e9 cambiar el sistema e internalizarlo a trav\u00e9s de Nostreserveis, con dos objetivos claros:<\/p>\n<ol>\n<li>Mejorar la calidad del material vegetal recuperado, para reducir costes y aprovecharlo mejor.<\/li>\n<li>Asegurar un uso adecuado del servicio: los jardineros profesionales deber\u00e1n llevar los restos a la deixalleria comarcal o municipal, con un uso limitado o con condiciones concretas.<\/li>\n<\/ol>\n[\/vc_toggle][vc_toggle title=&#8221;13. \u00bfPor qu\u00e9 se ha incrementado la tasa de los Habitatges d\u2019\u00das Tur\u00edstic (HUTS)?&#8221; css=&#8221;&#8221;]Los HUTS han visto incrementada la tasa de residuos en un 15 % por varios motivos:<br \/>\n\u2022 Gesti\u00f3n de residuos menos eficiente en periodos vacacionales: hay estudios que demuestran que en los hogares tur\u00edsticos la separaci\u00f3n de residuos no siempre se realiza correctamente. Esto genera m\u00e1s volumen de fracci\u00f3n resto y, en consecuencia, m\u00e1s costes de tratamiento para el conjunto del municipio.<br \/>\n\u2022 Viviendas no utilizadas: se constata que muchos HUTS no est\u00e1n en funcionamiento real y, por tanto, no contribuyen proporcionalmente a la generaci\u00f3n de residuos, pero s\u00ed est\u00e1n registrados como viviendas tur\u00edsticas. Con el incremento se busca equilibrar este modelo de negocio.<br \/>\n\u2022 Actividad econ\u00f3mica con beneficios: los HUTS son una actividad que genera ingresos privados, y es justo que asuman una parte proporcionalmente m\u00e1s alta del coste del servicio.<\/p>\n<p>Este incremento tambi\u00e9n abre la puerta a futuras revisiones: si se comprueba que el n\u00famero de HUTS reales es inferior al registrado y se regulariza, se podr\u00eda estudiar un ajuste de la tasa para adaptarla mejor a la realidad.[\/vc_toggle][vc_toggle title=&#8221;14. \u00bfQui\u00e9n es responsable de la recogida y limpieza?&#8221; css=&#8221;&#8221;]Hay que diferenciar bien las competencias:<br \/>\nLa recogida de residuos municipales (contenedores, puntos limpios, transporte y tratamiento) es competencia del Consell Comarcal del Baix Camp, que la presta a trav\u00e9s de su ente instrumental, SECOMSA. Es decir, este organismo supramunicipal tiene delegada la gesti\u00f3n. El Ayuntamiento ejerce una tarea de coordinaci\u00f3n permanente: detecta y traslada incidencias, define necesidades del municipio y plantea mejoras al servicio. La capacidad de respuesta depende de los recursos humanos y materiales de que dispone SECOMSA en cada momento.<\/p>\n<p>En cambio, la limpieza viaria y recogida de voluminosos en la v\u00eda p\u00fablica y a domicilio son competencia del Ayuntamiento y, desde mediados de 2024, las gestiona directamente la empresa municipal Nostreserveis. Esta internalizaci\u00f3n ha permitido mejorar el servicio: reducir los tiempos de respuesta, aumentar personal y veh\u00edculos, y hacer una gesti\u00f3n m\u00e1s cercana y eficiente.<\/p>\n<p>As\u00ed, SECOMSA se encarga de la recogida de residuos, mientras que Nostreserveis gestiona la limpieza viaria y los voluminosos. El Ayuntamiento tiene un papel activo de coordinaci\u00f3n y mejora continua en ambos \u00e1mbitos.[\/vc_toggle][\/vc_column][\/vc_row][vc_row][vc_column][vc_column_text css=&#8221;&#8221;]<strong>En resumen, hay que tener en cuenta que:<\/strong><\/p>\n<ul>\n<li>El aumento del recibo es por necesidad legal y econ\u00f3mica, no para recaudar m\u00e1s.<\/li>\n<li>Todo lo recaudado se destina al servicio de residuos.<\/li>\n<li>El futuro pasa por reciclar m\u00e1s y mejor: esto reduce costes, protege el medio ambiente y prepara al municipio para los retos europeos.<\/li>\n<li>La colaboraci\u00f3n ciudadana y la implicaci\u00f3n personal son imprescindibles: entre todos podemos conseguir un municipio m\u00e1s limpio, sostenible y con una tasa de residuos m\u00e1s justa.<\/li>\n<\/ul>\n<p>FAQS <a href=\"https:\/\/mont-roig.cat\/wp-content\/uploads\/FAQS-BASURA-ESP-1.pdf\" target=\"_blank\" rel=\"noopener\" data-wpel-link=\"internal\">(descarga el pdf)<\/a><\/p>\n[\/vc_column_text][\/vc_column][\/vc_row]\n<\/div>","protected":false},"excerpt":{"rendered":"<p>[vc_row][vc_column][vc_column_text css=&#8221;&#8221;] A trav\u00e9s de una relaci\u00f3n de preguntas y respuestas (FAQS), el Ayuntamiento explica a la ciudadan\u00eda los motivos de la subida del recibo de residuos, los costes y mejoras del servicio, los actuales porcentajes de reciclaje, as\u00ed como la implantaci\u00f3n de la tasa justa. Preguntas frecuentes (FAQS)[\/vc_column_text][\/vc_column][\/vc_row][vc_row][vc_column][vc_toggle title=&#8221;1. \u00bfPor qu\u00e9 ha subido el [&hellip;]<\/p>\n","protected":false},"author":13,"featured_media":85770,"comment_status":"closed","ping_status":"closed","sticky":false,"template":"","format":"standard","meta":{"inline_featured_image":false,"_monsterinsights_skip_tracking":false,"_monsterinsights_sitenote_active":false,"_monsterinsights_sitenote_note":"","_monsterinsights_sitenote_category":0,"footnotes":""},"categories":[98,109,143],"tags":[],"class_list":["post-85767","post","type-post","status-publish","format-standard","has-post-thumbnail","hentry","category-ayuntamiento","category-limpieza-viaria","category-residuos-es"],"yoast_head":"<!-- This site is optimized with the Yoast SEO plugin v27.4 - https:\/\/yoast.com\/product\/yoast-seo-wordpress\/ -->\n<title>\u00bfPor qu\u00e9 ha aumentado el recibo de residuos? - Ajuntament de Mont-roig del Camp<\/title>\n<meta name=\"description\" content=\"A trav\u00e9s de una relaci\u00f3n de preguntas y respuestas (FAQS), el Ayuntamiento explica a la ciudadan\u00eda los motivos de la subida del recibo de residuos, los costes y mejoras del servicio, los actuales porcentajes de reciclaje, as\u00ed como la implantaci\u00f3n de la tasa justa.\" \/>\n<meta name=\"robots\" content=\"index, follow, max-snippet:-1, max-image-preview:large, max-video-preview:-1\" \/>\n<link rel=\"canonical\" href=\"https:\/\/mont-roig.cat\/es\/actualitat\/noticies\/por-que-ha-aumentado-el-recibo-de-residuos\/\" \/>\n<meta property=\"og:locale\" content=\"es_ES\" \/>\n<meta property=\"og:type\" content=\"article\" \/>\n<meta property=\"og:title\" content=\"\u00bfPor qu\u00e9 ha aumentado el recibo de residuos? - Ajuntament de Mont-roig del Camp\" \/>\n<meta property=\"og:description\" content=\"A trav\u00e9s de una relaci\u00f3n de preguntas y respuestas (FAQS), el Ayuntamiento explica a la ciudadan\u00eda los motivos de la subida del recibo de residuos, los costes y mejoras del servicio, los actuales porcentajes de reciclaje, as\u00ed como la implantaci\u00f3n de la tasa justa.\" \/>\n<meta property=\"og:url\" content=\"https:\/\/mont-roig.cat\/es\/actualitat\/noticies\/por-que-ha-aumentado-el-recibo-de-residuos\/\" \/>\n<meta property=\"og:site_name\" content=\"Ajuntament de Mont-roig del Camp\" \/>\n<meta property=\"article:published_time\" content=\"2025-09-30T10:46:32+00:00\" \/>\n<meta property=\"article:modified_time\" content=\"2025-09-30T11:52:15+00:00\" \/>\n<meta property=\"og:image\" content=\"https:\/\/mont-roig.cat\/wp-content\/uploads\/Contenidors-reciclatge.jpeg\" \/>\n\t<meta property=\"og:image:width\" content=\"1600\" \/>\n\t<meta property=\"og:image:height\" content=\"1204\" \/>\n\t<meta property=\"og:image:type\" content=\"image\/jpeg\" \/>\n<meta name=\"author\" content=\"comunicacio\" \/>\n<meta name=\"twitter:card\" content=\"summary_large_image\" \/>\n<meta name=\"twitter:label1\" content=\"Escrito por\" \/>\n\t<meta name=\"twitter:data1\" content=\"comunicacio\" \/>\n\t<meta name=\"twitter:label2\" content=\"Tiempo de lectura\" \/>\n\t<meta name=\"twitter:data2\" content=\"16 minutos\" \/>\n<script type=\"application\/ld+json\" class=\"yoast-schema-graph\">{\"@context\":\"https:\\\/\\\/schema.org\",\"@graph\":[{\"@type\":\"Article\",\"@id\":\"https:\\\/\\\/mont-roig.cat\\\/es\\\/actualitat\\\/noticies\\\/por-que-ha-aumentado-el-recibo-de-residuos\\\/#article\",\"isPartOf\":{\"@id\":\"https:\\\/\\\/mont-roig.cat\\\/es\\\/actualitat\\\/noticies\\\/por-que-ha-aumentado-el-recibo-de-residuos\\\/\"},\"author\":{\"name\":\"comunicacio\",\"@id\":\"https:\\\/\\\/mont-roig.cat\\\/es\\\/#\\\/schema\\\/person\\\/1f73e7b5e6f9dd122e8a6f14f310ac5e\"},\"headline\":\"\u00bfPor qu\u00e9 ha aumentado el recibo de residuos?\",\"datePublished\":\"2025-09-30T10:46:32+00:00\",\"dateModified\":\"2025-09-30T11:52:15+00:00\",\"mainEntityOfPage\":{\"@id\":\"https:\\\/\\\/mont-roig.cat\\\/es\\\/actualitat\\\/noticies\\\/por-que-ha-aumentado-el-recibo-de-residuos\\\/\"},\"wordCount\":2997,\"image\":{\"@id\":\"https:\\\/\\\/mont-roig.cat\\\/es\\\/actualitat\\\/noticies\\\/por-que-ha-aumentado-el-recibo-de-residuos\\\/#primaryimage\"},\"thumbnailUrl\":\"https:\\\/\\\/mont-roig.cat\\\/wp-content\\\/uploads\\\/Contenidors-reciclatge.jpeg\",\"articleSection\":[\"Ayuntamiento\",\"Limpieza viaria\",\"Residuos\"],\"inLanguage\":\"es\"},{\"@type\":\"WebPage\",\"@id\":\"https:\\\/\\\/mont-roig.cat\\\/es\\\/actualitat\\\/noticies\\\/por-que-ha-aumentado-el-recibo-de-residuos\\\/\",\"url\":\"https:\\\/\\\/mont-roig.cat\\\/es\\\/actualitat\\\/noticies\\\/por-que-ha-aumentado-el-recibo-de-residuos\\\/\",\"name\":\"\u00bfPor qu\u00e9 ha aumentado el recibo de residuos? - Ajuntament de Mont-roig del Camp\",\"isPartOf\":{\"@id\":\"https:\\\/\\\/mont-roig.cat\\\/es\\\/#website\"},\"primaryImageOfPage\":{\"@id\":\"https:\\\/\\\/mont-roig.cat\\\/es\\\/actualitat\\\/noticies\\\/por-que-ha-aumentado-el-recibo-de-residuos\\\/#primaryimage\"},\"image\":{\"@id\":\"https:\\\/\\\/mont-roig.cat\\\/es\\\/actualitat\\\/noticies\\\/por-que-ha-aumentado-el-recibo-de-residuos\\\/#primaryimage\"},\"thumbnailUrl\":\"https:\\\/\\\/mont-roig.cat\\\/wp-content\\\/uploads\\\/Contenidors-reciclatge.jpeg\",\"datePublished\":\"2025-09-30T10:46:32+00:00\",\"dateModified\":\"2025-09-30T11:52:15+00:00\",\"author\":{\"@id\":\"https:\\\/\\\/mont-roig.cat\\\/es\\\/#\\\/schema\\\/person\\\/1f73e7b5e6f9dd122e8a6f14f310ac5e\"},\"description\":\"A trav\u00e9s de una relaci\u00f3n de preguntas y respuestas (FAQS), el Ayuntamiento explica a la ciudadan\u00eda los motivos de la subida del recibo de residuos, los costes y mejoras del servicio, los actuales porcentajes de reciclaje, as\u00ed como la implantaci\u00f3n de la tasa justa.\",\"breadcrumb\":{\"@id\":\"https:\\\/\\\/mont-roig.cat\\\/es\\\/actualitat\\\/noticies\\\/por-que-ha-aumentado-el-recibo-de-residuos\\\/#breadcrumb\"},\"inLanguage\":\"es\",\"potentialAction\":[{\"@type\":\"ReadAction\",\"target\":[\"https:\\\/\\\/mont-roig.cat\\\/es\\\/actualitat\\\/noticies\\\/por-que-ha-aumentado-el-recibo-de-residuos\\\/\"]}]},{\"@type\":\"ImageObject\",\"inLanguage\":\"es\",\"@id\":\"https:\\\/\\\/mont-roig.cat\\\/es\\\/actualitat\\\/noticies\\\/por-que-ha-aumentado-el-recibo-de-residuos\\\/#primaryimage\",\"url\":\"https:\\\/\\\/mont-roig.cat\\\/wp-content\\\/uploads\\\/Contenidors-reciclatge.jpeg\",\"contentUrl\":\"https:\\\/\\\/mont-roig.cat\\\/wp-content\\\/uploads\\\/Contenidors-reciclatge.jpeg\",\"width\":1600,\"height\":1204},{\"@type\":\"BreadcrumbList\",\"@id\":\"https:\\\/\\\/mont-roig.cat\\\/es\\\/actualitat\\\/noticies\\\/por-que-ha-aumentado-el-recibo-de-residuos\\\/#breadcrumb\",\"itemListElement\":[{\"@type\":\"ListItem\",\"position\":1,\"name\":\"Inici\",\"item\":\"https:\\\/\\\/mont-roig.cat\\\/es\\\/pagina-de-inicio\\\/\"},{\"@type\":\"ListItem\",\"position\":2,\"name\":\"\u00bfPor qu\u00e9 ha aumentado el recibo de residuos?\"}]},{\"@type\":\"WebSite\",\"@id\":\"https:\\\/\\\/mont-roig.cat\\\/es\\\/#website\",\"url\":\"https:\\\/\\\/mont-roig.cat\\\/es\\\/\",\"name\":\"Ajuntament de Mont-roig del Camp\",\"description\":\"Tota la informaci\u00f3 sobre la instituci\u00f3, els seus \u00f2rgans de govern, actualitat, serveis i molt m\u00e9s.\",\"potentialAction\":[{\"@type\":\"SearchAction\",\"target\":{\"@type\":\"EntryPoint\",\"urlTemplate\":\"https:\\\/\\\/mont-roig.cat\\\/es\\\/?s={search_term_string}\"},\"query-input\":{\"@type\":\"PropertyValueSpecification\",\"valueRequired\":true,\"valueName\":\"search_term_string\"}}],\"inLanguage\":\"es\"},{\"@type\":\"Person\",\"@id\":\"https:\\\/\\\/mont-roig.cat\\\/es\\\/#\\\/schema\\\/person\\\/1f73e7b5e6f9dd122e8a6f14f310ac5e\",\"name\":\"comunicacio\",\"image\":{\"@type\":\"ImageObject\",\"inLanguage\":\"es\",\"@id\":\"https:\\\/\\\/secure.gravatar.com\\\/avatar\\\/98944333e7a877670a64f8d10f0cb680ab2c9ebc4efc43945ef004b52b5ad28c?s=96&d=mm&r=g\",\"url\":\"https:\\\/\\\/secure.gravatar.com\\\/avatar\\\/98944333e7a877670a64f8d10f0cb680ab2c9ebc4efc43945ef004b52b5ad28c?s=96&d=mm&r=g\",\"contentUrl\":\"https:\\\/\\\/secure.gravatar.com\\\/avatar\\\/98944333e7a877670a64f8d10f0cb680ab2c9ebc4efc43945ef004b52b5ad28c?s=96&d=mm&r=g\",\"caption\":\"comunicacio\"},\"url\":\"https:\\\/\\\/mont-roig.cat\\\/es\\\/actualitat\\\/noticies\\\/author\\\/comunicacio\\\/\"}]}<\/script>\n<!-- \/ Yoast SEO plugin. -->","yoast_head_json":{"title":"\u00bfPor qu\u00e9 ha aumentado el recibo de residuos? - Ajuntament de Mont-roig del Camp","description":"A trav\u00e9s de una relaci\u00f3n de preguntas y respuestas (FAQS), el Ayuntamiento explica a la ciudadan\u00eda los motivos de la subida del recibo de residuos, los costes y mejoras del servicio, los actuales porcentajes de reciclaje, as\u00ed como la implantaci\u00f3n de la tasa justa.","robots":{"index":"index","follow":"follow","max-snippet":"max-snippet:-1","max-image-preview":"max-image-preview:large","max-video-preview":"max-video-preview:-1"},"canonical":"https:\/\/mont-roig.cat\/es\/actualitat\/noticies\/por-que-ha-aumentado-el-recibo-de-residuos\/","og_locale":"es_ES","og_type":"article","og_title":"\u00bfPor qu\u00e9 ha aumentado el recibo de residuos? - Ajuntament de Mont-roig del Camp","og_description":"A trav\u00e9s de una relaci\u00f3n de preguntas y respuestas (FAQS), el Ayuntamiento explica a la ciudadan\u00eda los motivos de la subida del recibo de residuos, los costes y mejoras del servicio, los actuales porcentajes de reciclaje, as\u00ed como la implantaci\u00f3n de la tasa justa.","og_url":"https:\/\/mont-roig.cat\/es\/actualitat\/noticies\/por-que-ha-aumentado-el-recibo-de-residuos\/","og_site_name":"Ajuntament de Mont-roig del Camp","article_published_time":"2025-09-30T10:46:32+00:00","article_modified_time":"2025-09-30T11:52:15+00:00","og_image":[{"width":1600,"height":1204,"url":"https:\/\/mont-roig.cat\/wp-content\/uploads\/Contenidors-reciclatge.jpeg","type":"image\/jpeg"}],"author":"comunicacio","twitter_card":"summary_large_image","twitter_misc":{"Escrito por":"comunicacio","Tiempo de lectura":"16 minutos"},"schema":{"@context":"https:\/\/schema.org","@graph":[{"@type":"Article","@id":"https:\/\/mont-roig.cat\/es\/actualitat\/noticies\/por-que-ha-aumentado-el-recibo-de-residuos\/#article","isPartOf":{"@id":"https:\/\/mont-roig.cat\/es\/actualitat\/noticies\/por-que-ha-aumentado-el-recibo-de-residuos\/"},"author":{"name":"comunicacio","@id":"https:\/\/mont-roig.cat\/es\/#\/schema\/person\/1f73e7b5e6f9dd122e8a6f14f310ac5e"},"headline":"\u00bfPor qu\u00e9 ha aumentado el recibo de residuos?","datePublished":"2025-09-30T10:46:32+00:00","dateModified":"2025-09-30T11:52:15+00:00","mainEntityOfPage":{"@id":"https:\/\/mont-roig.cat\/es\/actualitat\/noticies\/por-que-ha-aumentado-el-recibo-de-residuos\/"},"wordCount":2997,"image":{"@id":"https:\/\/mont-roig.cat\/es\/actualitat\/noticies\/por-que-ha-aumentado-el-recibo-de-residuos\/#primaryimage"},"thumbnailUrl":"https:\/\/mont-roig.cat\/wp-content\/uploads\/Contenidors-reciclatge.jpeg","articleSection":["Ayuntamiento","Limpieza viaria","Residuos"],"inLanguage":"es"},{"@type":"WebPage","@id":"https:\/\/mont-roig.cat\/es\/actualitat\/noticies\/por-que-ha-aumentado-el-recibo-de-residuos\/","url":"https:\/\/mont-roig.cat\/es\/actualitat\/noticies\/por-que-ha-aumentado-el-recibo-de-residuos\/","name":"\u00bfPor qu\u00e9 ha aumentado el recibo de residuos? - Ajuntament de Mont-roig del Camp","isPartOf":{"@id":"https:\/\/mont-roig.cat\/es\/#website"},"primaryImageOfPage":{"@id":"https:\/\/mont-roig.cat\/es\/actualitat\/noticies\/por-que-ha-aumentado-el-recibo-de-residuos\/#primaryimage"},"image":{"@id":"https:\/\/mont-roig.cat\/es\/actualitat\/noticies\/por-que-ha-aumentado-el-recibo-de-residuos\/#primaryimage"},"thumbnailUrl":"https:\/\/mont-roig.cat\/wp-content\/uploads\/Contenidors-reciclatge.jpeg","datePublished":"2025-09-30T10:46:32+00:00","dateModified":"2025-09-30T11:52:15+00:00","author":{"@id":"https:\/\/mont-roig.cat\/es\/#\/schema\/person\/1f73e7b5e6f9dd122e8a6f14f310ac5e"},"description":"A trav\u00e9s de una relaci\u00f3n de preguntas y respuestas (FAQS), el Ayuntamiento explica a la ciudadan\u00eda los motivos de la subida del recibo de residuos, los costes y mejoras del servicio, los actuales porcentajes de reciclaje, as\u00ed como la implantaci\u00f3n de la tasa justa.","breadcrumb":{"@id":"https:\/\/mont-roig.cat\/es\/actualitat\/noticies\/por-que-ha-aumentado-el-recibo-de-residuos\/#breadcrumb"},"inLanguage":"es","potentialAction":[{"@type":"ReadAction","target":["https:\/\/mont-roig.cat\/es\/actualitat\/noticies\/por-que-ha-aumentado-el-recibo-de-residuos\/"]}]},{"@type":"ImageObject","inLanguage":"es","@id":"https:\/\/mont-roig.cat\/es\/actualitat\/noticies\/por-que-ha-aumentado-el-recibo-de-residuos\/#primaryimage","url":"https:\/\/mont-roig.cat\/wp-content\/uploads\/Contenidors-reciclatge.jpeg","contentUrl":"https:\/\/mont-roig.cat\/wp-content\/uploads\/Contenidors-reciclatge.jpeg","width":1600,"height":1204},{"@type":"BreadcrumbList","@id":"https:\/\/mont-roig.cat\/es\/actualitat\/noticies\/por-que-ha-aumentado-el-recibo-de-residuos\/#breadcrumb","itemListElement":[{"@type":"ListItem","position":1,"name":"Inici","item":"https:\/\/mont-roig.cat\/es\/pagina-de-inicio\/"},{"@type":"ListItem","position":2,"name":"\u00bfPor qu\u00e9 ha aumentado el recibo de residuos?"}]},{"@type":"WebSite","@id":"https:\/\/mont-roig.cat\/es\/#website","url":"https:\/\/mont-roig.cat\/es\/","name":"Ajuntament de Mont-roig del Camp","description":"Tota la informaci\u00f3 sobre la instituci\u00f3, els seus \u00f2rgans de govern, actualitat, serveis i molt m\u00e9s.","potentialAction":[{"@type":"SearchAction","target":{"@type":"EntryPoint","urlTemplate":"https:\/\/mont-roig.cat\/es\/?s={search_term_string}"},"query-input":{"@type":"PropertyValueSpecification","valueRequired":true,"valueName":"search_term_string"}}],"inLanguage":"es"},{"@type":"Person","@id":"https:\/\/mont-roig.cat\/es\/#\/schema\/person\/1f73e7b5e6f9dd122e8a6f14f310ac5e","name":"comunicacio","image":{"@type":"ImageObject","inLanguage":"es","@id":"https:\/\/secure.gravatar.com\/avatar\/98944333e7a877670a64f8d10f0cb680ab2c9ebc4efc43945ef004b52b5ad28c?s=96&d=mm&r=g","url":"https:\/\/secure.gravatar.com\/avatar\/98944333e7a877670a64f8d10f0cb680ab2c9ebc4efc43945ef004b52b5ad28c?s=96&d=mm&r=g","contentUrl":"https:\/\/secure.gravatar.com\/avatar\/98944333e7a877670a64f8d10f0cb680ab2c9ebc4efc43945ef004b52b5ad28c?s=96&d=mm&r=g","caption":"comunicacio"},"url":"https:\/\/mont-roig.cat\/es\/actualitat\/noticies\/author\/comunicacio\/"}]}},"_links":{"self":[{"href":"https:\/\/mont-roig.cat\/es\/wp-json\/wp\/v2\/posts\/85767","targetHints":{"allow":["GET"]}}],"collection":[{"href":"https:\/\/mont-roig.cat\/es\/wp-json\/wp\/v2\/posts"}],"about":[{"href":"https:\/\/mont-roig.cat\/es\/wp-json\/wp\/v2\/types\/post"}],"author":[{"embeddable":true,"href":"https:\/\/mont-roig.cat\/es\/wp-json\/wp\/v2\/users\/13"}],"replies":[{"embeddable":true,"href":"https:\/\/mont-roig.cat\/es\/wp-json\/wp\/v2\/comments?post=85767"}],"version-history":[{"count":10,"href":"https:\/\/mont-roig.cat\/es\/wp-json\/wp\/v2\/posts\/85767\/revisions"}],"predecessor-version":[{"id":85776,"href":"https:\/\/mont-roig.cat\/es\/wp-json\/wp\/v2\/posts\/85767\/revisions\/85776"}],"wp:featuredmedia":[{"embeddable":true,"href":"https:\/\/mont-roig.cat\/es\/wp-json\/wp\/v2\/media\/85770"}],"wp:attachment":[{"href":"https:\/\/mont-roig.cat\/es\/wp-json\/wp\/v2\/media?parent=85767"}],"wp:term":[{"taxonomy":"category","embeddable":true,"href":"https:\/\/mont-roig.cat\/es\/wp-json\/wp\/v2\/categories?post=85767"},{"taxonomy":"post_tag","embeddable":true,"href":"https:\/\/mont-roig.cat\/es\/wp-json\/wp\/v2\/tags?post=85767"}],"curies":[{"name":"wp","href":"https:\/\/api.w.org\/{rel}","templated":true}]}}