{"id":86070,"date":"2025-10-09T16:39:20","date_gmt":"2025-10-09T14:39:20","guid":{"rendered":"https:\/\/mont-roig.cat\/actualitat\/noticies\/lajuntament-treu-a-licitacio-el-bar-de-la-zona-esportiva-i-del-casal-davis-de-mont-roig-del-camp\/"},"modified":"2025-10-09T17:52:32","modified_gmt":"2025-10-09T15:52:32","slug":"el-ayuntamiento-saca-a-licitacion-el-bar-de-la-zona-deportiva-y-del-casal-davis-de-mont-roig-del-camp","status":"publish","type":"post","link":"https:\/\/mont-roig.cat\/es\/actualitat\/noticies\/el-ayuntamiento-saca-a-licitacion-el-bar-de-la-zona-deportiva-y-del-casal-davis-de-mont-roig-del-camp\/","title":{"rendered":"El Ayuntamiento saca a licitaci\u00f3n el bar de la zona deportiva y del casal d\u2019avis de Mont-roig del Camp"},"content":{"rendered":"<p><strong><strong><a href=\"https:\/\/mont-roig.cat\/wp-content\/uploads\/bar2.jpg\" target=\"_blank\" rel=\"noopener\"><img loading=\"lazy\" decoding=\"async\" class=\"alignright wp-image-86066\" src=\"https:\/\/mont-roig.cat\/wp-content\/uploads\/bar2-500x500.jpg\" alt=\"\" width=\"299\" height=\"299\" srcset=\"https:\/\/mont-roig.cat\/wp-content\/uploads\/bar2-500x500.jpg 500w, https:\/\/mont-roig.cat\/wp-content\/uploads\/bar2-1024x1024.jpg 1024w, https:\/\/mont-roig.cat\/wp-content\/uploads\/bar2-50x50.jpg 50w, https:\/\/mont-roig.cat\/wp-content\/uploads\/bar2-768x768.jpg 768w, https:\/\/mont-roig.cat\/wp-content\/uploads\/bar2-560x560.jpg 560w, https:\/\/mont-roig.cat\/wp-content\/uploads\/bar2-367x367.jpg 367w, https:\/\/mont-roig.cat\/wp-content\/uploads\/bar2-450x450.jpg 450w, https:\/\/mont-roig.cat\/wp-content\/uploads\/bar2-85x85.jpg 85w, https:\/\/mont-roig.cat\/wp-content\/uploads\/bar2-45x45.jpg 45w, https:\/\/mont-roig.cat\/wp-content\/uploads\/bar2.jpg 1536w\" sizes=\"auto, (max-width: 299px) 100vw, 299px\" \/><\/a><\/strong><\/strong><\/p>\n<ul>\n<li data-start=\"209\" data-end=\"380\"><strong>El equipamiento municipal dar\u00e1 servicio tanto a las instalaciones deportivas como al casal d\u2019avis; la concesi\u00f3n ser\u00e1 por 4 a\u00f1os prorrogables y tiene un canon base de 50.936 \u20ac<\/strong><\/li>\n<\/ul>\n<p data-start=\"387\" data-end=\"785\">El Ayuntamiento de Mont-roig del Camp, a trav\u00e9s de la EPEL Nostreserveis, ha sacado a licitaci\u00f3n la concesi\u00f3n para la explotaci\u00f3n del bar de la zona deportiva y del casal d\u2019avis situado en la calle Aureli Escarr\u00e9, n\u00famero 3. Se trata de un edificio de nueva construcci\u00f3n, terminado en 2023, que acoge diferentes servicios municipales y que dispone de un espacio espec\u00edfico destinado a bar.<\/p>\n<p data-start=\"787\" data-end=\"1089\">Este nuevo servicio de restauraci\u00f3n est\u00e1 pensado para atender tanto a los usuarios del casal d\u2019avis como a los de las instalaciones deportivas municipales. El espacio incluye cocina, barra, sala para mesas y una terraza exterior. Los ba\u00f1os ser\u00e1n compartidos con el resto de usuarios del edificio.<\/p>\n<p><a href=\"https:\/\/mont-roig.cat\/wp-content\/uploads\/bar1.jpg\" target=\"_blank\" rel=\"noopener\"><img loading=\"lazy\" decoding=\"async\" class=\"alignleft wp-image-86064\" src=\"https:\/\/mont-roig.cat\/wp-content\/uploads\/bar1-500x500.jpg\" alt=\"\" width=\"301\" height=\"301\" srcset=\"https:\/\/mont-roig.cat\/wp-content\/uploads\/bar1-500x500.jpg 500w, https:\/\/mont-roig.cat\/wp-content\/uploads\/bar1-1024x1024.jpg 1024w, https:\/\/mont-roig.cat\/wp-content\/uploads\/bar1-50x50.jpg 50w, https:\/\/mont-roig.cat\/wp-content\/uploads\/bar1-768x768.jpg 768w, https:\/\/mont-roig.cat\/wp-content\/uploads\/bar1-560x560.jpg 560w, https:\/\/mont-roig.cat\/wp-content\/uploads\/bar1-367x367.jpg 367w, https:\/\/mont-roig.cat\/wp-content\/uploads\/bar1-450x450.jpg 450w, https:\/\/mont-roig.cat\/wp-content\/uploads\/bar1-85x85.jpg 85w, https:\/\/mont-roig.cat\/wp-content\/uploads\/bar1-45x45.jpg 45w, https:\/\/mont-roig.cat\/wp-content\/uploads\/bar1.jpg 1536w\" sizes=\"auto, (max-width: 301px) 100vw, 301px\" \/><\/a><\/p>\n<p data-start=\"1091\" data-end=\"1344\">La concesi\u00f3n tendr\u00e1 una duraci\u00f3n inicial de cuatro a\u00f1os, con la posibilidad de dos pr\u00f3rrogas de un a\u00f1o cada una. El concesionario deber\u00e1 poner en marcha el servicio como m\u00e1ximo dentro de los dos meses siguientes a la formalizaci\u00f3n del acuerdo.<\/p>\n<p data-start=\"1346\" data-end=\"1504\">El canon base de licitaci\u00f3n se ha fijado en 50.936,36 euros (IVA incluido) para los cuatro a\u00f1os de concesi\u00f3n, y las ofertas deber\u00e1n ser siempre al alza.<\/p>\n<p data-start=\"1506\" data-end=\"1808\">El plazo para presentar proposiciones finaliza el 3 de noviembre de 2025 y se deber\u00e1n presentar a la sede electr\u00f3nica de Nostreserveis en el siguiente enlace: <a href=\"https:\/\/contractaciopublica.cat\/ca\/detall-publicacio\/300579228\" target=\"_blank\" rel=\"noopener\">https:\/\/contractaciopublica.cat\/ca\/detall-publicacio\/300579228<\/a><\/p>\n","protected":false},"excerpt":{"rendered":"<p>El equipamiento municipal dar\u00e1 servicio tanto a las instalaciones deportivas como al casal d\u2019avis; la concesi\u00f3n ser\u00e1 por 4 a\u00f1os prorrogables y tiene un canon base de 50.936 \u20ac El Ayuntamiento de Mont-roig del Camp, a trav\u00e9s de la EPEL Nostreserveis, ha sacado a licitaci\u00f3n la concesi\u00f3n para la explotaci\u00f3n del bar de la zona [&hellip;]<\/p>\n","protected":false},"author":13,"featured_media":86067,"comment_status":"closed","ping_status":"closed","sticky":false,"template":"","format":"standard","meta":{"inline_featured_image":false,"_monsterinsights_skip_tracking":false,"_monsterinsights_sitenote_active":false,"_monsterinsights_sitenote_note":"","_monsterinsights_sitenote_category":0,"footnotes":""},"categories":[98,204],"tags":[],"class_list":["post-86070","post","type-post","status-publish","format-standard","has-post-thumbnail","hentry","category-ayuntamiento","category-nostreserveis-es"],"yoast_head":"<!-- This site is optimized with the Yoast SEO plugin v27.4 - https:\/\/yoast.com\/product\/yoast-seo-wordpress\/ -->\n<title>El Ayuntamiento saca a licitaci\u00f3n el bar de la zona deportiva y del casal d\u2019avis de Mont-roig del Camp - Ajuntament de Mont-roig del Camp<\/title>\n<meta name=\"robots\" content=\"index, follow, max-snippet:-1, max-image-preview:large, max-video-preview:-1\" \/>\n<link rel=\"canonical\" href=\"https:\/\/mont-roig.cat\/es\/actualitat\/noticies\/el-ayuntamiento-saca-a-licitacion-el-bar-de-la-zona-deportiva-y-del-casal-davis-de-mont-roig-del-camp\/\" \/>\n<meta property=\"og:locale\" content=\"es_ES\" \/>\n<meta property=\"og:type\" content=\"article\" \/>\n<meta property=\"og:title\" content=\"El Ayuntamiento saca a licitaci\u00f3n el bar de la zona deportiva y del casal d\u2019avis de Mont-roig del Camp - Ajuntament de Mont-roig del Camp\" \/>\n<meta property=\"og:description\" content=\"El equipamiento municipal dar\u00e1 servicio tanto a las instalaciones deportivas como al casal d\u2019avis; la concesi\u00f3n ser\u00e1 por 4 a\u00f1os prorrogables y tiene un canon base de 50.936 \u20ac El Ayuntamiento de Mont-roig del Camp, a trav\u00e9s de la EPEL Nostreserveis, ha sacado a licitaci\u00f3n la concesi\u00f3n para la explotaci\u00f3n del bar de la zona [&hellip;]\" \/>\n<meta property=\"og:url\" content=\"https:\/\/mont-roig.cat\/es\/actualitat\/noticies\/el-ayuntamiento-saca-a-licitacion-el-bar-de-la-zona-deportiva-y-del-casal-davis-de-mont-roig-del-camp\/\" \/>\n<meta property=\"og:site_name\" content=\"Ajuntament de Mont-roig del Camp\" \/>\n<meta property=\"article:published_time\" content=\"2025-10-09T14:39:20+00:00\" \/>\n<meta property=\"article:modified_time\" content=\"2025-10-09T15:52:32+00:00\" \/>\n<meta property=\"og:image\" content=\"https:\/\/mont-roig.cat\/wp-content\/uploads\/bar2.jpg\" \/>\n\t<meta property=\"og:image:width\" content=\"1536\" \/>\n\t<meta property=\"og:image:height\" content=\"1536\" \/>\n\t<meta property=\"og:image:type\" content=\"image\/jpeg\" \/>\n<meta name=\"author\" content=\"comunicacio\" \/>\n<meta name=\"twitter:card\" content=\"summary_large_image\" \/>\n<meta name=\"twitter:label1\" content=\"Escrito por\" \/>\n\t<meta name=\"twitter:data1\" content=\"comunicacio\" \/>\n\t<meta name=\"twitter:label2\" content=\"Tiempo de lectura\" \/>\n\t<meta name=\"twitter:data2\" content=\"2 minutos\" \/>\n<script type=\"application\/ld+json\" class=\"yoast-schema-graph\">{\"@context\":\"https:\\\/\\\/schema.org\",\"@graph\":[{\"@type\":\"Article\",\"@id\":\"https:\\\/\\\/mont-roig.cat\\\/es\\\/actualitat\\\/noticies\\\/el-ayuntamiento-saca-a-licitacion-el-bar-de-la-zona-deportiva-y-del-casal-davis-de-mont-roig-del-camp\\\/#article\",\"isPartOf\":{\"@id\":\"https:\\\/\\\/mont-roig.cat\\\/es\\\/actualitat\\\/noticies\\\/el-ayuntamiento-saca-a-licitacion-el-bar-de-la-zona-deportiva-y-del-casal-davis-de-mont-roig-del-camp\\\/\"},\"author\":{\"name\":\"comunicacio\",\"@id\":\"https:\\\/\\\/mont-roig.cat\\\/es\\\/#\\\/schema\\\/person\\\/1f73e7b5e6f9dd122e8a6f14f310ac5e\"},\"headline\":\"El Ayuntamiento saca a licitaci\u00f3n el bar de la zona deportiva y del casal d\u2019avis de Mont-roig del Camp\",\"datePublished\":\"2025-10-09T14:39:20+00:00\",\"dateModified\":\"2025-10-09T15:52:32+00:00\",\"mainEntityOfPage\":{\"@id\":\"https:\\\/\\\/mont-roig.cat\\\/es\\\/actualitat\\\/noticies\\\/el-ayuntamiento-saca-a-licitacion-el-bar-de-la-zona-deportiva-y-del-casal-davis-de-mont-roig-del-camp\\\/\"},\"wordCount\":281,\"image\":{\"@id\":\"https:\\\/\\\/mont-roig.cat\\\/es\\\/actualitat\\\/noticies\\\/el-ayuntamiento-saca-a-licitacion-el-bar-de-la-zona-deportiva-y-del-casal-davis-de-mont-roig-del-camp\\\/#primaryimage\"},\"thumbnailUrl\":\"https:\\\/\\\/mont-roig.cat\\\/wp-content\\\/uploads\\\/bar2.jpg\",\"articleSection\":[\"Ayuntamiento\",\"Nostreserveis\"],\"inLanguage\":\"es\"},{\"@type\":\"WebPage\",\"@id\":\"https:\\\/\\\/mont-roig.cat\\\/es\\\/actualitat\\\/noticies\\\/el-ayuntamiento-saca-a-licitacion-el-bar-de-la-zona-deportiva-y-del-casal-davis-de-mont-roig-del-camp\\\/\",\"url\":\"https:\\\/\\\/mont-roig.cat\\\/es\\\/actualitat\\\/noticies\\\/el-ayuntamiento-saca-a-licitacion-el-bar-de-la-zona-deportiva-y-del-casal-davis-de-mont-roig-del-camp\\\/\",\"name\":\"El Ayuntamiento saca a licitaci\u00f3n el bar de la zona deportiva y del casal d\u2019avis de Mont-roig del Camp - Ajuntament de Mont-roig del Camp\",\"isPartOf\":{\"@id\":\"https:\\\/\\\/mont-roig.cat\\\/es\\\/#website\"},\"primaryImageOfPage\":{\"@id\":\"https:\\\/\\\/mont-roig.cat\\\/es\\\/actualitat\\\/noticies\\\/el-ayuntamiento-saca-a-licitacion-el-bar-de-la-zona-deportiva-y-del-casal-davis-de-mont-roig-del-camp\\\/#primaryimage\"},\"image\":{\"@id\":\"https:\\\/\\\/mont-roig.cat\\\/es\\\/actualitat\\\/noticies\\\/el-ayuntamiento-saca-a-licitacion-el-bar-de-la-zona-deportiva-y-del-casal-davis-de-mont-roig-del-camp\\\/#primaryimage\"},\"thumbnailUrl\":\"https:\\\/\\\/mont-roig.cat\\\/wp-content\\\/uploads\\\/bar2.jpg\",\"datePublished\":\"2025-10-09T14:39:20+00:00\",\"dateModified\":\"2025-10-09T15:52:32+00:00\",\"author\":{\"@id\":\"https:\\\/\\\/mont-roig.cat\\\/es\\\/#\\\/schema\\\/person\\\/1f73e7b5e6f9dd122e8a6f14f310ac5e\"},\"breadcrumb\":{\"@id\":\"https:\\\/\\\/mont-roig.cat\\\/es\\\/actualitat\\\/noticies\\\/el-ayuntamiento-saca-a-licitacion-el-bar-de-la-zona-deportiva-y-del-casal-davis-de-mont-roig-del-camp\\\/#breadcrumb\"},\"inLanguage\":\"es\",\"potentialAction\":[{\"@type\":\"ReadAction\",\"target\":[\"https:\\\/\\\/mont-roig.cat\\\/es\\\/actualitat\\\/noticies\\\/el-ayuntamiento-saca-a-licitacion-el-bar-de-la-zona-deportiva-y-del-casal-davis-de-mont-roig-del-camp\\\/\"]}]},{\"@type\":\"ImageObject\",\"inLanguage\":\"es\",\"@id\":\"https:\\\/\\\/mont-roig.cat\\\/es\\\/actualitat\\\/noticies\\\/el-ayuntamiento-saca-a-licitacion-el-bar-de-la-zona-deportiva-y-del-casal-davis-de-mont-roig-del-camp\\\/#primaryimage\",\"url\":\"https:\\\/\\\/mont-roig.cat\\\/wp-content\\\/uploads\\\/bar2.jpg\",\"contentUrl\":\"https:\\\/\\\/mont-roig.cat\\\/wp-content\\\/uploads\\\/bar2.jpg\",\"width\":1536,\"height\":1536},{\"@type\":\"BreadcrumbList\",\"@id\":\"https:\\\/\\\/mont-roig.cat\\\/es\\\/actualitat\\\/noticies\\\/el-ayuntamiento-saca-a-licitacion-el-bar-de-la-zona-deportiva-y-del-casal-davis-de-mont-roig-del-camp\\\/#breadcrumb\",\"itemListElement\":[{\"@type\":\"ListItem\",\"position\":1,\"name\":\"Inici\",\"item\":\"https:\\\/\\\/mont-roig.cat\\\/es\\\/pagina-de-inicio\\\/\"},{\"@type\":\"ListItem\",\"position\":2,\"name\":\"El Ayuntamiento saca a licitaci\u00f3n el bar de la zona deportiva y del casal d\u2019avis de Mont-roig del Camp\"}]},{\"@type\":\"WebSite\",\"@id\":\"https:\\\/\\\/mont-roig.cat\\\/es\\\/#website\",\"url\":\"https:\\\/\\\/mont-roig.cat\\\/es\\\/\",\"name\":\"Ajuntament de Mont-roig del Camp\",\"description\":\"Tota la informaci\u00f3 sobre la instituci\u00f3, els seus \u00f2rgans de govern, actualitat, serveis i molt m\u00e9s.\",\"potentialAction\":[{\"@type\":\"SearchAction\",\"target\":{\"@type\":\"EntryPoint\",\"urlTemplate\":\"https:\\\/\\\/mont-roig.cat\\\/es\\\/?s={search_term_string}\"},\"query-input\":{\"@type\":\"PropertyValueSpecification\",\"valueRequired\":true,\"valueName\":\"search_term_string\"}}],\"inLanguage\":\"es\"},{\"@type\":\"Person\",\"@id\":\"https:\\\/\\\/mont-roig.cat\\\/es\\\/#\\\/schema\\\/person\\\/1f73e7b5e6f9dd122e8a6f14f310ac5e\",\"name\":\"comunicacio\",\"image\":{\"@type\":\"ImageObject\",\"inLanguage\":\"es\",\"@id\":\"https:\\\/\\\/secure.gravatar.com\\\/avatar\\\/98944333e7a877670a64f8d10f0cb680ab2c9ebc4efc43945ef004b52b5ad28c?s=96&d=mm&r=g\",\"url\":\"https:\\\/\\\/secure.gravatar.com\\\/avatar\\\/98944333e7a877670a64f8d10f0cb680ab2c9ebc4efc43945ef004b52b5ad28c?s=96&d=mm&r=g\",\"contentUrl\":\"https:\\\/\\\/secure.gravatar.com\\\/avatar\\\/98944333e7a877670a64f8d10f0cb680ab2c9ebc4efc43945ef004b52b5ad28c?s=96&d=mm&r=g\",\"caption\":\"comunicacio\"},\"url\":\"https:\\\/\\\/mont-roig.cat\\\/es\\\/actualitat\\\/noticies\\\/author\\\/comunicacio\\\/\"}]}<\/script>\n<!-- \/ Yoast SEO plugin. -->","yoast_head_json":{"title":"El Ayuntamiento saca a licitaci\u00f3n el bar de la zona deportiva y del casal d\u2019avis de Mont-roig del Camp - Ajuntament de Mont-roig del Camp","robots":{"index":"index","follow":"follow","max-snippet":"max-snippet:-1","max-image-preview":"max-image-preview:large","max-video-preview":"max-video-preview:-1"},"canonical":"https:\/\/mont-roig.cat\/es\/actualitat\/noticies\/el-ayuntamiento-saca-a-licitacion-el-bar-de-la-zona-deportiva-y-del-casal-davis-de-mont-roig-del-camp\/","og_locale":"es_ES","og_type":"article","og_title":"El Ayuntamiento saca a licitaci\u00f3n el bar de la zona deportiva y del casal d\u2019avis de Mont-roig del Camp - Ajuntament de Mont-roig del Camp","og_description":"El equipamiento municipal dar\u00e1 servicio tanto a las instalaciones deportivas como al casal d\u2019avis; la concesi\u00f3n ser\u00e1 por 4 a\u00f1os prorrogables y tiene un canon base de 50.936 \u20ac El Ayuntamiento de Mont-roig del Camp, a trav\u00e9s de la EPEL Nostreserveis, ha sacado a licitaci\u00f3n la concesi\u00f3n para la explotaci\u00f3n del bar de la zona [&hellip;]","og_url":"https:\/\/mont-roig.cat\/es\/actualitat\/noticies\/el-ayuntamiento-saca-a-licitacion-el-bar-de-la-zona-deportiva-y-del-casal-davis-de-mont-roig-del-camp\/","og_site_name":"Ajuntament de Mont-roig del Camp","article_published_time":"2025-10-09T14:39:20+00:00","article_modified_time":"2025-10-09T15:52:32+00:00","og_image":[{"width":1536,"height":1536,"url":"https:\/\/mont-roig.cat\/wp-content\/uploads\/bar2.jpg","type":"image\/jpeg"}],"author":"comunicacio","twitter_card":"summary_large_image","twitter_misc":{"Escrito por":"comunicacio","Tiempo de lectura":"2 minutos"},"schema":{"@context":"https:\/\/schema.org","@graph":[{"@type":"Article","@id":"https:\/\/mont-roig.cat\/es\/actualitat\/noticies\/el-ayuntamiento-saca-a-licitacion-el-bar-de-la-zona-deportiva-y-del-casal-davis-de-mont-roig-del-camp\/#article","isPartOf":{"@id":"https:\/\/mont-roig.cat\/es\/actualitat\/noticies\/el-ayuntamiento-saca-a-licitacion-el-bar-de-la-zona-deportiva-y-del-casal-davis-de-mont-roig-del-camp\/"},"author":{"name":"comunicacio","@id":"https:\/\/mont-roig.cat\/es\/#\/schema\/person\/1f73e7b5e6f9dd122e8a6f14f310ac5e"},"headline":"El Ayuntamiento saca a licitaci\u00f3n el bar de la zona deportiva y del casal d\u2019avis de Mont-roig del Camp","datePublished":"2025-10-09T14:39:20+00:00","dateModified":"2025-10-09T15:52:32+00:00","mainEntityOfPage":{"@id":"https:\/\/mont-roig.cat\/es\/actualitat\/noticies\/el-ayuntamiento-saca-a-licitacion-el-bar-de-la-zona-deportiva-y-del-casal-davis-de-mont-roig-del-camp\/"},"wordCount":281,"image":{"@id":"https:\/\/mont-roig.cat\/es\/actualitat\/noticies\/el-ayuntamiento-saca-a-licitacion-el-bar-de-la-zona-deportiva-y-del-casal-davis-de-mont-roig-del-camp\/#primaryimage"},"thumbnailUrl":"https:\/\/mont-roig.cat\/wp-content\/uploads\/bar2.jpg","articleSection":["Ayuntamiento","Nostreserveis"],"inLanguage":"es"},{"@type":"WebPage","@id":"https:\/\/mont-roig.cat\/es\/actualitat\/noticies\/el-ayuntamiento-saca-a-licitacion-el-bar-de-la-zona-deportiva-y-del-casal-davis-de-mont-roig-del-camp\/","url":"https:\/\/mont-roig.cat\/es\/actualitat\/noticies\/el-ayuntamiento-saca-a-licitacion-el-bar-de-la-zona-deportiva-y-del-casal-davis-de-mont-roig-del-camp\/","name":"El Ayuntamiento saca a licitaci\u00f3n el bar de la zona deportiva y del casal d\u2019avis de Mont-roig del Camp - Ajuntament de Mont-roig del Camp","isPartOf":{"@id":"https:\/\/mont-roig.cat\/es\/#website"},"primaryImageOfPage":{"@id":"https:\/\/mont-roig.cat\/es\/actualitat\/noticies\/el-ayuntamiento-saca-a-licitacion-el-bar-de-la-zona-deportiva-y-del-casal-davis-de-mont-roig-del-camp\/#primaryimage"},"image":{"@id":"https:\/\/mont-roig.cat\/es\/actualitat\/noticies\/el-ayuntamiento-saca-a-licitacion-el-bar-de-la-zona-deportiva-y-del-casal-davis-de-mont-roig-del-camp\/#primaryimage"},"thumbnailUrl":"https:\/\/mont-roig.cat\/wp-content\/uploads\/bar2.jpg","datePublished":"2025-10-09T14:39:20+00:00","dateModified":"2025-10-09T15:52:32+00:00","author":{"@id":"https:\/\/mont-roig.cat\/es\/#\/schema\/person\/1f73e7b5e6f9dd122e8a6f14f310ac5e"},"breadcrumb":{"@id":"https:\/\/mont-roig.cat\/es\/actualitat\/noticies\/el-ayuntamiento-saca-a-licitacion-el-bar-de-la-zona-deportiva-y-del-casal-davis-de-mont-roig-del-camp\/#breadcrumb"},"inLanguage":"es","potentialAction":[{"@type":"ReadAction","target":["https:\/\/mont-roig.cat\/es\/actualitat\/noticies\/el-ayuntamiento-saca-a-licitacion-el-bar-de-la-zona-deportiva-y-del-casal-davis-de-mont-roig-del-camp\/"]}]},{"@type":"ImageObject","inLanguage":"es","@id":"https:\/\/mont-roig.cat\/es\/actualitat\/noticies\/el-ayuntamiento-saca-a-licitacion-el-bar-de-la-zona-deportiva-y-del-casal-davis-de-mont-roig-del-camp\/#primaryimage","url":"https:\/\/mont-roig.cat\/wp-content\/uploads\/bar2.jpg","contentUrl":"https:\/\/mont-roig.cat\/wp-content\/uploads\/bar2.jpg","width":1536,"height":1536},{"@type":"BreadcrumbList","@id":"https:\/\/mont-roig.cat\/es\/actualitat\/noticies\/el-ayuntamiento-saca-a-licitacion-el-bar-de-la-zona-deportiva-y-del-casal-davis-de-mont-roig-del-camp\/#breadcrumb","itemListElement":[{"@type":"ListItem","position":1,"name":"Inici","item":"https:\/\/mont-roig.cat\/es\/pagina-de-inicio\/"},{"@type":"ListItem","position":2,"name":"El Ayuntamiento saca a licitaci\u00f3n el bar de la zona deportiva y del casal d\u2019avis de Mont-roig del Camp"}]},{"@type":"WebSite","@id":"https:\/\/mont-roig.cat\/es\/#website","url":"https:\/\/mont-roig.cat\/es\/","name":"Ajuntament de Mont-roig del Camp","description":"Tota la informaci\u00f3 sobre la instituci\u00f3, els seus \u00f2rgans de govern, actualitat, serveis i molt m\u00e9s.","potentialAction":[{"@type":"SearchAction","target":{"@type":"EntryPoint","urlTemplate":"https:\/\/mont-roig.cat\/es\/?s={search_term_string}"},"query-input":{"@type":"PropertyValueSpecification","valueRequired":true,"valueName":"search_term_string"}}],"inLanguage":"es"},{"@type":"Person","@id":"https:\/\/mont-roig.cat\/es\/#\/schema\/person\/1f73e7b5e6f9dd122e8a6f14f310ac5e","name":"comunicacio","image":{"@type":"ImageObject","inLanguage":"es","@id":"https:\/\/secure.gravatar.com\/avatar\/98944333e7a877670a64f8d10f0cb680ab2c9ebc4efc43945ef004b52b5ad28c?s=96&d=mm&r=g","url":"https:\/\/secure.gravatar.com\/avatar\/98944333e7a877670a64f8d10f0cb680ab2c9ebc4efc43945ef004b52b5ad28c?s=96&d=mm&r=g","contentUrl":"https:\/\/secure.gravatar.com\/avatar\/98944333e7a877670a64f8d10f0cb680ab2c9ebc4efc43945ef004b52b5ad28c?s=96&d=mm&r=g","caption":"comunicacio"},"url":"https:\/\/mont-roig.cat\/es\/actualitat\/noticies\/author\/comunicacio\/"}]}},"_links":{"self":[{"href":"https:\/\/mont-roig.cat\/es\/wp-json\/wp\/v2\/posts\/86070","targetHints":{"allow":["GET"]}}],"collection":[{"href":"https:\/\/mont-roig.cat\/es\/wp-json\/wp\/v2\/posts"}],"about":[{"href":"https:\/\/mont-roig.cat\/es\/wp-json\/wp\/v2\/types\/post"}],"author":[{"embeddable":true,"href":"https:\/\/mont-roig.cat\/es\/wp-json\/wp\/v2\/users\/13"}],"replies":[{"embeddable":true,"href":"https:\/\/mont-roig.cat\/es\/wp-json\/wp\/v2\/comments?post=86070"}],"version-history":[{"count":2,"href":"https:\/\/mont-roig.cat\/es\/wp-json\/wp\/v2\/posts\/86070\/revisions"}],"predecessor-version":[{"id":86072,"href":"https:\/\/mont-roig.cat\/es\/wp-json\/wp\/v2\/posts\/86070\/revisions\/86072"}],"wp:featuredmedia":[{"embeddable":true,"href":"https:\/\/mont-roig.cat\/es\/wp-json\/wp\/v2\/media\/86067"}],"wp:attachment":[{"href":"https:\/\/mont-roig.cat\/es\/wp-json\/wp\/v2\/media?parent=86070"}],"wp:term":[{"taxonomy":"category","embeddable":true,"href":"https:\/\/mont-roig.cat\/es\/wp-json\/wp\/v2\/categories?post=86070"},{"taxonomy":"post_tag","embeddable":true,"href":"https:\/\/mont-roig.cat\/es\/wp-json\/wp\/v2\/tags?post=86070"}],"curies":[{"name":"wp","href":"https:\/\/api.w.org\/{rel}","templated":true}]}}