{"id":86118,"date":"2025-10-10T15:19:02","date_gmt":"2025-10-10T13:19:02","guid":{"rendered":"https:\/\/mont-roig.cat\/actualitat\/noticies\/lajuntament-impulsa-un-video-explicatiu-per-donar-a-coneixer-la-nova-taxa-justa-de-residus\/"},"modified":"2025-10-10T15:23:11","modified_gmt":"2025-10-10T13:23:11","slug":"el-ayuntamiento-impulsa-un-video-explicativo-para-dar-a-conocer-la-nueva-tasa-justa-de-residuos","status":"publish","type":"post","link":"https:\/\/mont-roig.cat\/es\/actualitat\/noticies\/el-ayuntamiento-impulsa-un-video-explicativo-para-dar-a-conocer-la-nueva-tasa-justa-de-residuos\/","title":{"rendered":"El Ayuntamiento impulsa un v\u00eddeo explicativo para dar a conocer la nueva Tasa Justa de residuos"},"content":{"rendered":"<ul>\n<li><strong><a href=\"https:\/\/mont-roig.cat\/wp-content\/uploads\/taxa-justa.jpg\" target=\"_blank\" rel=\"noopener\"><img loading=\"lazy\" decoding=\"async\" class=\"alignright wp-image-86113\" src=\"https:\/\/mont-roig.cat\/wp-content\/uploads\/taxa-justa-500x332.jpg\" alt=\"\" width=\"303\" height=\"201\" srcset=\"https:\/\/mont-roig.cat\/wp-content\/uploads\/taxa-justa-500x332.jpg 500w, https:\/\/mont-roig.cat\/wp-content\/uploads\/taxa-justa-1024x680.jpg 1024w, https:\/\/mont-roig.cat\/wp-content\/uploads\/taxa-justa-768x510.jpg 768w, https:\/\/mont-roig.cat\/wp-content\/uploads\/taxa-justa.jpg 1056w\" sizes=\"auto, (max-width: 303px) 100vw, 303px\" \/><\/a>El nuevo sistema busca fomentar el reciclaje y garantizar que quien m\u00e1s colabora con la gesti\u00f3n sostenible de los residuos, menos paga<br \/>\n<\/strong><\/li>\n<\/ul>\n<p data-start=\"375\" data-end=\"957\">El Ayuntamiento de Mont-roig del Camp ha puesto en marcha <a href=\"https:\/\/youtu.be\/4Br_cFYig_0\" target=\"_blank\" rel=\"noopener\">un v\u00eddeo informativo<\/a> para explicar a la ciudadan\u00eda c\u00f3mo funcionar\u00e1 la Tasa Justa, el nuevo modelo de pago del servicio de recogida de residuos que entrar\u00e1 en vigor en 2026, pero que empezar\u00e1 a contabilizarse a partir de las aportaciones realizadas desde el 1 de noviembre, en las zonas con recogida puerta a puerta y contenedores con identificaci\u00f3n. Esta iniciativa se enmarca en el compromiso municipal con la sostenibilidad y la adaptaci\u00f3n a las normativas europeas y estatales en materia de gesti\u00f3n de residuos.<\/p>\n<p data-start=\"959\" data-end=\"1318\">El v\u00eddeo, de una manera clara y visual, explica que la Tasa Justa es un sistema m\u00e1s equitativo y transparente, que combina una parte fija \u2014calculada seg\u00fan la tipolog\u00eda y la superficie del inmueble\u2014 y una parte variable, que depende del nivel de reciclaje que haga cada vivienda. \u201cCuanto m\u00e1s reciclas, menos pagas\u201d, es el principio b\u00e1sico de este modelo.<\/p>\n<p data-start=\"1320\" data-end=\"1802\">Inicialmente, el sistema se aplicar\u00e1 en las zonas con recogida puerta a puerta, que son Bonmont, Costa Z\u00e9fir y Club Mont-roig, as\u00ed como en las \u00e1reas con contenedores identificados que corresponden al n\u00facleo urbano de Mont-roig del Camp y parte del barrio de la Florida de Miami Platja. El resto de vecinos continuar\u00e1 pagando una tasa \u00fanica hasta que se incorporen progresivamente a los nuevos sistemas, que paulatinamente se acabar\u00e1n aplicando a todo el municipio.<\/p>\n<p data-start=\"1804\" data-end=\"2105\">Para identificarse, los usuarios deber\u00e1n descargar la aplicaci\u00f3n CiviWaste, donde podr\u00e1n registrarse con el c\u00f3digo de usuario recibido por carta y hacer el seguimiento de sus aportaciones al reciclaje. A partir de los datos recogidos, se calcular\u00e1 la parte variable de la tasa del a\u00f1o siguiente.<\/p>\n<p data-start=\"2107\" data-end=\"2354\">Las personas que no puedan identificarse con el m\u00f3vil podr\u00e1n recoger un llavero que tambi\u00e9n les servir\u00e1 para identificarse. Para solicitarlo ser\u00e1 necesario ponerse en contacto con el departamento de Residuos y comunicar el c\u00f3digo de su vivienda.<\/p>\n<p data-start=\"2356\" data-end=\"2756\">Durante 2025, la ciudadan\u00eda solo ha pagado la parte fija, y a partir de 2026 se aplicar\u00e1 tambi\u00e9n la variable. Los vecinos que realicen un n\u00famero m\u00ednimo de aportaciones \u2014cuatro en el sistema puerta a puerta o seis en los contenedores identificados\u2014 quedar\u00e1n exentos de pagar esta parte. La cuota variable m\u00e1xima ser\u00e1 de 10 euros anuales para quienes no reciclen, que se abonar\u00e1n en la cuota de 2026.<\/p>\n<p data-start=\"2758\" data-end=\"3006\">Adem\u00e1s, el sistema incluye bonificaciones especiales para las personas que practiquen el autocompostaje o se encuentren en situaci\u00f3n de emergencia social. Las solicitudes pueden tramitarse en la OMAC o en la sede electr\u00f3nica del Ayuntamiento.<\/p>\n<p data-start=\"3008\" data-end=\"3287\">Con esta iniciativa, Mont-roig del Camp quiere mejorar los \u00edndices de reciclaje, que actualmente se sit\u00faan en el 17%, y acercarse a los objetivos legales del 55% en 2025. \u201cCon el esfuerzo de todos, podemos frenar el impacto ambiental y garantizar un futuro m\u00e1s sostenible\u201d.<\/p>\n<p><iframe loading=\"lazy\" title=\"Video Taxa Justa Mont-roig del Camp 2025\" width=\"900\" height=\"506\" src=\"https:\/\/www.youtube.com\/embed\/4Br_cFYig_0?feature=oembed\" frameborder=\"0\" allow=\"accelerometer; autoplay; clipboard-write; encrypted-media; gyroscope; picture-in-picture; web-share\" referrerpolicy=\"strict-origin-when-cross-origin\" allowfullscreen><\/iframe><\/p>\n","protected":false},"excerpt":{"rendered":"<p>El nuevo sistema busca fomentar el reciclaje y garantizar que quien m\u00e1s colabora con la gesti\u00f3n sostenible de los residuos, menos paga El Ayuntamiento de Mont-roig del Camp ha puesto en marcha un v\u00eddeo informativo para explicar a la ciudadan\u00eda c\u00f3mo funcionar\u00e1 la Tasa Justa, el nuevo modelo de pago del servicio de recogida de [&hellip;]<\/p>\n","protected":false},"author":13,"featured_media":86114,"comment_status":"closed","ping_status":"closed","sticky":false,"template":"","format":"standard","meta":{"inline_featured_image":false,"_monsterinsights_skip_tracking":false,"_monsterinsights_sitenote_active":false,"_monsterinsights_sitenote_note":"","_monsterinsights_sitenote_category":0,"footnotes":""},"categories":[98,143],"tags":[],"class_list":["post-86118","post","type-post","status-publish","format-standard","has-post-thumbnail","hentry","category-ayuntamiento","category-residuos-es"],"yoast_head":"<!-- This site is optimized with the Yoast SEO plugin v27.4 - https:\/\/yoast.com\/product\/yoast-seo-wordpress\/ -->\n<title>El Ayuntamiento impulsa un v\u00eddeo explicativo para dar a conocer la nueva Tasa Justa de residuos - Ajuntament de Mont-roig del Camp<\/title>\n<meta name=\"robots\" content=\"index, follow, max-snippet:-1, max-image-preview:large, max-video-preview:-1\" \/>\n<link rel=\"canonical\" href=\"https:\/\/mont-roig.cat\/es\/actualitat\/noticies\/el-ayuntamiento-impulsa-un-video-explicativo-para-dar-a-conocer-la-nueva-tasa-justa-de-residuos\/\" \/>\n<meta property=\"og:locale\" content=\"es_ES\" \/>\n<meta property=\"og:type\" content=\"article\" \/>\n<meta property=\"og:title\" content=\"El Ayuntamiento impulsa un v\u00eddeo explicativo para dar a conocer la nueva Tasa Justa de residuos - Ajuntament de Mont-roig del Camp\" \/>\n<meta property=\"og:description\" content=\"El nuevo sistema busca fomentar el reciclaje y garantizar que quien m\u00e1s colabora con la gesti\u00f3n sostenible de los residuos, menos paga El Ayuntamiento de Mont-roig del Camp ha puesto en marcha un v\u00eddeo informativo para explicar a la ciudadan\u00eda c\u00f3mo funcionar\u00e1 la Tasa Justa, el nuevo modelo de pago del servicio de recogida de [&hellip;]\" \/>\n<meta property=\"og:url\" content=\"https:\/\/mont-roig.cat\/es\/actualitat\/noticies\/el-ayuntamiento-impulsa-un-video-explicativo-para-dar-a-conocer-la-nueva-tasa-justa-de-residuos\/\" \/>\n<meta property=\"og:site_name\" content=\"Ajuntament de Mont-roig del Camp\" \/>\n<meta property=\"article:published_time\" content=\"2025-10-10T13:19:02+00:00\" \/>\n<meta property=\"article:modified_time\" content=\"2025-10-10T13:23:11+00:00\" \/>\n<meta property=\"og:image\" content=\"https:\/\/mont-roig.cat\/wp-content\/uploads\/taxa-justa.jpg\" \/>\n\t<meta property=\"og:image:width\" content=\"1056\" \/>\n\t<meta property=\"og:image:height\" content=\"701\" \/>\n\t<meta property=\"og:image:type\" content=\"image\/jpeg\" \/>\n<meta name=\"author\" content=\"comunicacio\" \/>\n<meta name=\"twitter:card\" content=\"summary_large_image\" \/>\n<meta name=\"twitter:label1\" content=\"Escrito por\" \/>\n\t<meta name=\"twitter:data1\" content=\"comunicacio\" \/>\n\t<meta name=\"twitter:label2\" content=\"Tiempo de lectura\" \/>\n\t<meta name=\"twitter:data2\" content=\"4 minutos\" \/>\n<script type=\"application\/ld+json\" class=\"yoast-schema-graph\">{\"@context\":\"https:\\\/\\\/schema.org\",\"@graph\":[{\"@type\":\"Article\",\"@id\":\"https:\\\/\\\/mont-roig.cat\\\/es\\\/actualitat\\\/noticies\\\/el-ayuntamiento-impulsa-un-video-explicativo-para-dar-a-conocer-la-nueva-tasa-justa-de-residuos\\\/#article\",\"isPartOf\":{\"@id\":\"https:\\\/\\\/mont-roig.cat\\\/es\\\/actualitat\\\/noticies\\\/el-ayuntamiento-impulsa-un-video-explicativo-para-dar-a-conocer-la-nueva-tasa-justa-de-residuos\\\/\"},\"author\":{\"name\":\"comunicacio\",\"@id\":\"https:\\\/\\\/mont-roig.cat\\\/es\\\/#\\\/schema\\\/person\\\/1f73e7b5e6f9dd122e8a6f14f310ac5e\"},\"headline\":\"El Ayuntamiento impulsa un v\u00eddeo explicativo para dar a conocer la nueva Tasa Justa de residuos\",\"datePublished\":\"2025-10-10T13:19:02+00:00\",\"dateModified\":\"2025-10-10T13:23:11+00:00\",\"mainEntityOfPage\":{\"@id\":\"https:\\\/\\\/mont-roig.cat\\\/es\\\/actualitat\\\/noticies\\\/el-ayuntamiento-impulsa-un-video-explicativo-para-dar-a-conocer-la-nueva-tasa-justa-de-residuos\\\/\"},\"wordCount\":535,\"image\":{\"@id\":\"https:\\\/\\\/mont-roig.cat\\\/es\\\/actualitat\\\/noticies\\\/el-ayuntamiento-impulsa-un-video-explicativo-para-dar-a-conocer-la-nueva-tasa-justa-de-residuos\\\/#primaryimage\"},\"thumbnailUrl\":\"https:\\\/\\\/mont-roig.cat\\\/wp-content\\\/uploads\\\/taxa-justa.jpg\",\"articleSection\":[\"Ayuntamiento\",\"Residuos\"],\"inLanguage\":\"es\"},{\"@type\":\"WebPage\",\"@id\":\"https:\\\/\\\/mont-roig.cat\\\/es\\\/actualitat\\\/noticies\\\/el-ayuntamiento-impulsa-un-video-explicativo-para-dar-a-conocer-la-nueva-tasa-justa-de-residuos\\\/\",\"url\":\"https:\\\/\\\/mont-roig.cat\\\/es\\\/actualitat\\\/noticies\\\/el-ayuntamiento-impulsa-un-video-explicativo-para-dar-a-conocer-la-nueva-tasa-justa-de-residuos\\\/\",\"name\":\"El Ayuntamiento impulsa un v\u00eddeo explicativo para dar a conocer la nueva Tasa Justa de residuos - Ajuntament de Mont-roig del Camp\",\"isPartOf\":{\"@id\":\"https:\\\/\\\/mont-roig.cat\\\/es\\\/#website\"},\"primaryImageOfPage\":{\"@id\":\"https:\\\/\\\/mont-roig.cat\\\/es\\\/actualitat\\\/noticies\\\/el-ayuntamiento-impulsa-un-video-explicativo-para-dar-a-conocer-la-nueva-tasa-justa-de-residuos\\\/#primaryimage\"},\"image\":{\"@id\":\"https:\\\/\\\/mont-roig.cat\\\/es\\\/actualitat\\\/noticies\\\/el-ayuntamiento-impulsa-un-video-explicativo-para-dar-a-conocer-la-nueva-tasa-justa-de-residuos\\\/#primaryimage\"},\"thumbnailUrl\":\"https:\\\/\\\/mont-roig.cat\\\/wp-content\\\/uploads\\\/taxa-justa.jpg\",\"datePublished\":\"2025-10-10T13:19:02+00:00\",\"dateModified\":\"2025-10-10T13:23:11+00:00\",\"author\":{\"@id\":\"https:\\\/\\\/mont-roig.cat\\\/es\\\/#\\\/schema\\\/person\\\/1f73e7b5e6f9dd122e8a6f14f310ac5e\"},\"breadcrumb\":{\"@id\":\"https:\\\/\\\/mont-roig.cat\\\/es\\\/actualitat\\\/noticies\\\/el-ayuntamiento-impulsa-un-video-explicativo-para-dar-a-conocer-la-nueva-tasa-justa-de-residuos\\\/#breadcrumb\"},\"inLanguage\":\"es\",\"potentialAction\":[{\"@type\":\"ReadAction\",\"target\":[\"https:\\\/\\\/mont-roig.cat\\\/es\\\/actualitat\\\/noticies\\\/el-ayuntamiento-impulsa-un-video-explicativo-para-dar-a-conocer-la-nueva-tasa-justa-de-residuos\\\/\"]}]},{\"@type\":\"ImageObject\",\"inLanguage\":\"es\",\"@id\":\"https:\\\/\\\/mont-roig.cat\\\/es\\\/actualitat\\\/noticies\\\/el-ayuntamiento-impulsa-un-video-explicativo-para-dar-a-conocer-la-nueva-tasa-justa-de-residuos\\\/#primaryimage\",\"url\":\"https:\\\/\\\/mont-roig.cat\\\/wp-content\\\/uploads\\\/taxa-justa.jpg\",\"contentUrl\":\"https:\\\/\\\/mont-roig.cat\\\/wp-content\\\/uploads\\\/taxa-justa.jpg\",\"width\":1056,\"height\":701},{\"@type\":\"BreadcrumbList\",\"@id\":\"https:\\\/\\\/mont-roig.cat\\\/es\\\/actualitat\\\/noticies\\\/el-ayuntamiento-impulsa-un-video-explicativo-para-dar-a-conocer-la-nueva-tasa-justa-de-residuos\\\/#breadcrumb\",\"itemListElement\":[{\"@type\":\"ListItem\",\"position\":1,\"name\":\"Inici\",\"item\":\"https:\\\/\\\/mont-roig.cat\\\/es\\\/pagina-de-inicio\\\/\"},{\"@type\":\"ListItem\",\"position\":2,\"name\":\"El Ayuntamiento impulsa un v\u00eddeo explicativo para dar a conocer la nueva Tasa Justa de residuos\"}]},{\"@type\":\"WebSite\",\"@id\":\"https:\\\/\\\/mont-roig.cat\\\/es\\\/#website\",\"url\":\"https:\\\/\\\/mont-roig.cat\\\/es\\\/\",\"name\":\"Ajuntament de Mont-roig del Camp\",\"description\":\"Tota la informaci\u00f3 sobre la instituci\u00f3, els seus \u00f2rgans de govern, actualitat, serveis i molt m\u00e9s.\",\"potentialAction\":[{\"@type\":\"SearchAction\",\"target\":{\"@type\":\"EntryPoint\",\"urlTemplate\":\"https:\\\/\\\/mont-roig.cat\\\/es\\\/?s={search_term_string}\"},\"query-input\":{\"@type\":\"PropertyValueSpecification\",\"valueRequired\":true,\"valueName\":\"search_term_string\"}}],\"inLanguage\":\"es\"},{\"@type\":\"Person\",\"@id\":\"https:\\\/\\\/mont-roig.cat\\\/es\\\/#\\\/schema\\\/person\\\/1f73e7b5e6f9dd122e8a6f14f310ac5e\",\"name\":\"comunicacio\",\"image\":{\"@type\":\"ImageObject\",\"inLanguage\":\"es\",\"@id\":\"https:\\\/\\\/secure.gravatar.com\\\/avatar\\\/98944333e7a877670a64f8d10f0cb680ab2c9ebc4efc43945ef004b52b5ad28c?s=96&d=mm&r=g\",\"url\":\"https:\\\/\\\/secure.gravatar.com\\\/avatar\\\/98944333e7a877670a64f8d10f0cb680ab2c9ebc4efc43945ef004b52b5ad28c?s=96&d=mm&r=g\",\"contentUrl\":\"https:\\\/\\\/secure.gravatar.com\\\/avatar\\\/98944333e7a877670a64f8d10f0cb680ab2c9ebc4efc43945ef004b52b5ad28c?s=96&d=mm&r=g\",\"caption\":\"comunicacio\"},\"url\":\"https:\\\/\\\/mont-roig.cat\\\/es\\\/actualitat\\\/noticies\\\/author\\\/comunicacio\\\/\"}]}<\/script>\n<!-- \/ Yoast SEO plugin. -->","yoast_head_json":{"title":"El Ayuntamiento impulsa un v\u00eddeo explicativo para dar a conocer la nueva Tasa Justa de residuos - Ajuntament de Mont-roig del Camp","robots":{"index":"index","follow":"follow","max-snippet":"max-snippet:-1","max-image-preview":"max-image-preview:large","max-video-preview":"max-video-preview:-1"},"canonical":"https:\/\/mont-roig.cat\/es\/actualitat\/noticies\/el-ayuntamiento-impulsa-un-video-explicativo-para-dar-a-conocer-la-nueva-tasa-justa-de-residuos\/","og_locale":"es_ES","og_type":"article","og_title":"El Ayuntamiento impulsa un v\u00eddeo explicativo para dar a conocer la nueva Tasa Justa de residuos - Ajuntament de Mont-roig del Camp","og_description":"El nuevo sistema busca fomentar el reciclaje y garantizar que quien m\u00e1s colabora con la gesti\u00f3n sostenible de los residuos, menos paga El Ayuntamiento de Mont-roig del Camp ha puesto en marcha un v\u00eddeo informativo para explicar a la ciudadan\u00eda c\u00f3mo funcionar\u00e1 la Tasa Justa, el nuevo modelo de pago del servicio de recogida de [&hellip;]","og_url":"https:\/\/mont-roig.cat\/es\/actualitat\/noticies\/el-ayuntamiento-impulsa-un-video-explicativo-para-dar-a-conocer-la-nueva-tasa-justa-de-residuos\/","og_site_name":"Ajuntament de Mont-roig del Camp","article_published_time":"2025-10-10T13:19:02+00:00","article_modified_time":"2025-10-10T13:23:11+00:00","og_image":[{"width":1056,"height":701,"url":"https:\/\/mont-roig.cat\/wp-content\/uploads\/taxa-justa.jpg","type":"image\/jpeg"}],"author":"comunicacio","twitter_card":"summary_large_image","twitter_misc":{"Escrito por":"comunicacio","Tiempo de lectura":"4 minutos"},"schema":{"@context":"https:\/\/schema.org","@graph":[{"@type":"Article","@id":"https:\/\/mont-roig.cat\/es\/actualitat\/noticies\/el-ayuntamiento-impulsa-un-video-explicativo-para-dar-a-conocer-la-nueva-tasa-justa-de-residuos\/#article","isPartOf":{"@id":"https:\/\/mont-roig.cat\/es\/actualitat\/noticies\/el-ayuntamiento-impulsa-un-video-explicativo-para-dar-a-conocer-la-nueva-tasa-justa-de-residuos\/"},"author":{"name":"comunicacio","@id":"https:\/\/mont-roig.cat\/es\/#\/schema\/person\/1f73e7b5e6f9dd122e8a6f14f310ac5e"},"headline":"El Ayuntamiento impulsa un v\u00eddeo explicativo para dar a conocer la nueva Tasa Justa de residuos","datePublished":"2025-10-10T13:19:02+00:00","dateModified":"2025-10-10T13:23:11+00:00","mainEntityOfPage":{"@id":"https:\/\/mont-roig.cat\/es\/actualitat\/noticies\/el-ayuntamiento-impulsa-un-video-explicativo-para-dar-a-conocer-la-nueva-tasa-justa-de-residuos\/"},"wordCount":535,"image":{"@id":"https:\/\/mont-roig.cat\/es\/actualitat\/noticies\/el-ayuntamiento-impulsa-un-video-explicativo-para-dar-a-conocer-la-nueva-tasa-justa-de-residuos\/#primaryimage"},"thumbnailUrl":"https:\/\/mont-roig.cat\/wp-content\/uploads\/taxa-justa.jpg","articleSection":["Ayuntamiento","Residuos"],"inLanguage":"es"},{"@type":"WebPage","@id":"https:\/\/mont-roig.cat\/es\/actualitat\/noticies\/el-ayuntamiento-impulsa-un-video-explicativo-para-dar-a-conocer-la-nueva-tasa-justa-de-residuos\/","url":"https:\/\/mont-roig.cat\/es\/actualitat\/noticies\/el-ayuntamiento-impulsa-un-video-explicativo-para-dar-a-conocer-la-nueva-tasa-justa-de-residuos\/","name":"El Ayuntamiento impulsa un v\u00eddeo explicativo para dar a conocer la nueva Tasa Justa de residuos - Ajuntament de Mont-roig del Camp","isPartOf":{"@id":"https:\/\/mont-roig.cat\/es\/#website"},"primaryImageOfPage":{"@id":"https:\/\/mont-roig.cat\/es\/actualitat\/noticies\/el-ayuntamiento-impulsa-un-video-explicativo-para-dar-a-conocer-la-nueva-tasa-justa-de-residuos\/#primaryimage"},"image":{"@id":"https:\/\/mont-roig.cat\/es\/actualitat\/noticies\/el-ayuntamiento-impulsa-un-video-explicativo-para-dar-a-conocer-la-nueva-tasa-justa-de-residuos\/#primaryimage"},"thumbnailUrl":"https:\/\/mont-roig.cat\/wp-content\/uploads\/taxa-justa.jpg","datePublished":"2025-10-10T13:19:02+00:00","dateModified":"2025-10-10T13:23:11+00:00","author":{"@id":"https:\/\/mont-roig.cat\/es\/#\/schema\/person\/1f73e7b5e6f9dd122e8a6f14f310ac5e"},"breadcrumb":{"@id":"https:\/\/mont-roig.cat\/es\/actualitat\/noticies\/el-ayuntamiento-impulsa-un-video-explicativo-para-dar-a-conocer-la-nueva-tasa-justa-de-residuos\/#breadcrumb"},"inLanguage":"es","potentialAction":[{"@type":"ReadAction","target":["https:\/\/mont-roig.cat\/es\/actualitat\/noticies\/el-ayuntamiento-impulsa-un-video-explicativo-para-dar-a-conocer-la-nueva-tasa-justa-de-residuos\/"]}]},{"@type":"ImageObject","inLanguage":"es","@id":"https:\/\/mont-roig.cat\/es\/actualitat\/noticies\/el-ayuntamiento-impulsa-un-video-explicativo-para-dar-a-conocer-la-nueva-tasa-justa-de-residuos\/#primaryimage","url":"https:\/\/mont-roig.cat\/wp-content\/uploads\/taxa-justa.jpg","contentUrl":"https:\/\/mont-roig.cat\/wp-content\/uploads\/taxa-justa.jpg","width":1056,"height":701},{"@type":"BreadcrumbList","@id":"https:\/\/mont-roig.cat\/es\/actualitat\/noticies\/el-ayuntamiento-impulsa-un-video-explicativo-para-dar-a-conocer-la-nueva-tasa-justa-de-residuos\/#breadcrumb","itemListElement":[{"@type":"ListItem","position":1,"name":"Inici","item":"https:\/\/mont-roig.cat\/es\/pagina-de-inicio\/"},{"@type":"ListItem","position":2,"name":"El Ayuntamiento impulsa un v\u00eddeo explicativo para dar a conocer la nueva Tasa Justa de residuos"}]},{"@type":"WebSite","@id":"https:\/\/mont-roig.cat\/es\/#website","url":"https:\/\/mont-roig.cat\/es\/","name":"Ajuntament de Mont-roig del Camp","description":"Tota la informaci\u00f3 sobre la instituci\u00f3, els seus \u00f2rgans de govern, actualitat, serveis i molt m\u00e9s.","potentialAction":[{"@type":"SearchAction","target":{"@type":"EntryPoint","urlTemplate":"https:\/\/mont-roig.cat\/es\/?s={search_term_string}"},"query-input":{"@type":"PropertyValueSpecification","valueRequired":true,"valueName":"search_term_string"}}],"inLanguage":"es"},{"@type":"Person","@id":"https:\/\/mont-roig.cat\/es\/#\/schema\/person\/1f73e7b5e6f9dd122e8a6f14f310ac5e","name":"comunicacio","image":{"@type":"ImageObject","inLanguage":"es","@id":"https:\/\/secure.gravatar.com\/avatar\/98944333e7a877670a64f8d10f0cb680ab2c9ebc4efc43945ef004b52b5ad28c?s=96&d=mm&r=g","url":"https:\/\/secure.gravatar.com\/avatar\/98944333e7a877670a64f8d10f0cb680ab2c9ebc4efc43945ef004b52b5ad28c?s=96&d=mm&r=g","contentUrl":"https:\/\/secure.gravatar.com\/avatar\/98944333e7a877670a64f8d10f0cb680ab2c9ebc4efc43945ef004b52b5ad28c?s=96&d=mm&r=g","caption":"comunicacio"},"url":"https:\/\/mont-roig.cat\/es\/actualitat\/noticies\/author\/comunicacio\/"}]}},"_links":{"self":[{"href":"https:\/\/mont-roig.cat\/es\/wp-json\/wp\/v2\/posts\/86118","targetHints":{"allow":["GET"]}}],"collection":[{"href":"https:\/\/mont-roig.cat\/es\/wp-json\/wp\/v2\/posts"}],"about":[{"href":"https:\/\/mont-roig.cat\/es\/wp-json\/wp\/v2\/types\/post"}],"author":[{"embeddable":true,"href":"https:\/\/mont-roig.cat\/es\/wp-json\/wp\/v2\/users\/13"}],"replies":[{"embeddable":true,"href":"https:\/\/mont-roig.cat\/es\/wp-json\/wp\/v2\/comments?post=86118"}],"version-history":[{"count":2,"href":"https:\/\/mont-roig.cat\/es\/wp-json\/wp\/v2\/posts\/86118\/revisions"}],"predecessor-version":[{"id":86120,"href":"https:\/\/mont-roig.cat\/es\/wp-json\/wp\/v2\/posts\/86118\/revisions\/86120"}],"wp:featuredmedia":[{"embeddable":true,"href":"https:\/\/mont-roig.cat\/es\/wp-json\/wp\/v2\/media\/86114"}],"wp:attachment":[{"href":"https:\/\/mont-roig.cat\/es\/wp-json\/wp\/v2\/media?parent=86118"}],"wp:term":[{"taxonomy":"category","embeddable":true,"href":"https:\/\/mont-roig.cat\/es\/wp-json\/wp\/v2\/categories?post=86118"},{"taxonomy":"post_tag","embeddable":true,"href":"https:\/\/mont-roig.cat\/es\/wp-json\/wp\/v2\/tags?post=86118"}],"curies":[{"name":"wp","href":"https:\/\/api.w.org\/{rel}","templated":true}]}}