{"id":86186,"date":"2025-10-15T14:52:02","date_gmt":"2025-10-15T12:52:02","guid":{"rendered":"https:\/\/mont-roig.cat\/actualitat\/noticies\/mont-roig-del-camp-celebra-la-festa-de-loli-nou-el-diumenge-2-de-novembre\/"},"modified":"2025-10-27T11:24:10","modified_gmt":"2025-10-27T10:24:10","slug":"mont-roig-del-camp-celebra-la-fiesta-del-aceite-nuevo-el-domingo-2-de-noviembre","status":"publish","type":"post","link":"https:\/\/mont-roig.cat\/es\/actualitat\/noticies\/mont-roig-del-camp-celebra-la-fiesta-del-aceite-nuevo-el-domingo-2-de-noviembre\/","title":{"rendered":"Mont-roig del Camp celebra la Fiesta del Aceite Nuevo el domingo 2 de noviembre"},"content":{"rendered":"<p><strong><strong><a href=\"https:\/\/mont-roig.cat\/wp-content\/uploads\/MMC_festa_oli_nou-25_logoOLISSOLE-scaled.png\" target=\"_blank\" rel=\"noopener\"><img loading=\"lazy\" decoding=\"async\" class=\"alignright wp-image-86291\" src=\"https:\/\/mont-roig.cat\/wp-content\/uploads\/MMC_festa_oli_nou-25_logoOLISSOLE-353x500.png\" alt=\"\" width=\"265\" height=\"375\" srcset=\"https:\/\/mont-roig.cat\/wp-content\/uploads\/MMC_festa_oli_nou-25_logoOLISSOLE-353x500.png 353w, https:\/\/mont-roig.cat\/wp-content\/uploads\/MMC_festa_oli_nou-25_logoOLISSOLE-724x1024.png 724w, https:\/\/mont-roig.cat\/wp-content\/uploads\/MMC_festa_oli_nou-25_logoOLISSOLE-768x1086.png 768w, https:\/\/mont-roig.cat\/wp-content\/uploads\/MMC_festa_oli_nou-25_logoOLISSOLE-1086x1536.png 1086w, https:\/\/mont-roig.cat\/wp-content\/uploads\/MMC_festa_oli_nou-25_logoOLISSOLE-scaled.png 1448w\" sizes=\"auto, (max-width: 265px) 100vw, 265px\" \/><\/a><\/strong><\/strong><\/p>\n<ul>\n<li data-start=\"138\" data-end=\"274\"><strong>Desayuno popular, venta de aceite local, concurso de allioli, m\u00fasica en directo y actividades festivas llenar\u00e1n el Parc Maria Martori.<\/strong><\/li>\n<\/ul>\n<p data-start=\"276\" data-end=\"694\">La Fiesta del Aceite Nuevo de Mont-roig del Camp se celebrar\u00e1 el domingo 2 de noviembre, de 9 a 13 h, en el Parc Maria Martori, aunque se trasladar\u00e1 al Poliesportiu Municipal en caso de mal tiempo. Durante la jornada se podr\u00e1 participar en el tradicional desayuno popular a cargo del Bar El Mosset, con un precio de 7 \u20ac, que incluye rebanada de pan, longaniza, frutos secos y bebida, y tambi\u00e9n habr\u00e1 servicio de bar.<\/p>\n<p data-start=\"696\" data-end=\"854\">Los asistentes podr\u00e1n comprar el aceite nuevo elaborado por los cuatro productores del municipio: Mol\u00ed del Baix Camp, Olis Sol\u00e9, Oli Tasta\u2019m y Oli Tambaler.<\/p>\n<p data-start=\"856\" data-end=\"1602\">Este a\u00f1o se celebrar\u00e1 la cuarta edici\u00f3n del concurso de allioli, una actividad complementaria que permitir\u00e1 a los participantes elaborar el allioli manualmente in situ con el material proporcionado por la organizaci\u00f3n. Para participar, es necesario inscribirse antes del 30 de octubre de 2025, rellenando la hoja de inscripci\u00f3n disponible en las OMAC de Mont-roig y de Miami Platja y en la oficina del Ecoespai. Los participantes deber\u00e1n llevar su propio mortero, mano de mortero y otros utensilios necesarios. El jurado, formado por miembros de diversas entidades y asociaciones del municipio y productores locales de aceite de oliva, degustar\u00e1 las elaboraciones y elegir\u00e1 el mejor allioli, que recibir\u00e1 un lote de aceite de oliva como premio.<\/p>\n<p data-start=\"1604\" data-end=\"1935\" data-is-last-node=\"\" data-is-only-node=\"\">La jornada tambi\u00e9n incluir\u00e1 la actuaci\u00f3n musical del grupo Destil\u00b7lats, un d\u00fao de versiones con esencia folk, y otras actividades festivas durante la ma\u00f1ana. Adem\u00e1s, se realizar\u00e1 el sorteo de un lote de aceite entre los asistentes, y las papeletas de participaci\u00f3n se obtendr\u00e1n al comprar aceite nuevo o con el ticket del desayuno.<\/p>\n<p>&nbsp;<\/p>\n","protected":false},"excerpt":{"rendered":"<p>Desayuno popular, venta de aceite local, concurso de allioli, m\u00fasica en directo y actividades festivas llenar\u00e1n el Parc Maria Martori. La Fiesta del Aceite Nuevo de Mont-roig del Camp se celebrar\u00e1 el domingo 2 de noviembre, de 9 a 13 h, en el Parc Maria Martori, aunque se trasladar\u00e1 al Poliesportiu Municipal en caso de [&hellip;]<\/p>\n","protected":false},"author":13,"featured_media":86181,"comment_status":"closed","ping_status":"closed","sticky":false,"template":"","format":"standard","meta":{"inline_featured_image":false,"_monsterinsights_skip_tracking":false,"_monsterinsights_sitenote_active":false,"_monsterinsights_sitenote_note":"","_monsterinsights_sitenote_category":0,"footnotes":""},"categories":[98,169],"tags":[],"class_list":["post-86186","post","type-post","status-publish","format-standard","has-post-thumbnail","hentry","category-ayuntamiento","category-impuls-economic-i-ocupacio-es"],"yoast_head":"<!-- This site is optimized with the Yoast SEO plugin v27.4 - https:\/\/yoast.com\/product\/yoast-seo-wordpress\/ -->\n<title>Mont-roig del Camp celebra la Fiesta del Aceite Nuevo el domingo 2 de noviembre - Ajuntament de Mont-roig del Camp<\/title>\n<meta name=\"robots\" content=\"index, follow, max-snippet:-1, max-image-preview:large, max-video-preview:-1\" \/>\n<link rel=\"canonical\" href=\"https:\/\/mont-roig.cat\/es\/actualitat\/noticies\/mont-roig-del-camp-celebra-la-fiesta-del-aceite-nuevo-el-domingo-2-de-noviembre\/\" \/>\n<meta property=\"og:locale\" content=\"es_ES\" \/>\n<meta property=\"og:type\" content=\"article\" \/>\n<meta property=\"og:title\" content=\"Mont-roig del Camp celebra la Fiesta del Aceite Nuevo el domingo 2 de noviembre - Ajuntament de Mont-roig del Camp\" \/>\n<meta property=\"og:description\" content=\"Desayuno popular, venta de aceite local, concurso de allioli, m\u00fasica en directo y actividades festivas llenar\u00e1n el Parc Maria Martori. La Fiesta del Aceite Nuevo de Mont-roig del Camp se celebrar\u00e1 el domingo 2 de noviembre, de 9 a 13 h, en el Parc Maria Martori, aunque se trasladar\u00e1 al Poliesportiu Municipal en caso de [&hellip;]\" \/>\n<meta property=\"og:url\" content=\"https:\/\/mont-roig.cat\/es\/actualitat\/noticies\/mont-roig-del-camp-celebra-la-fiesta-del-aceite-nuevo-el-domingo-2-de-noviembre\/\" \/>\n<meta property=\"og:site_name\" content=\"Ajuntament de Mont-roig del Camp\" \/>\n<meta property=\"article:published_time\" content=\"2025-10-15T12:52:02+00:00\" \/>\n<meta property=\"article:modified_time\" content=\"2025-10-27T10:24:10+00:00\" \/>\n<meta property=\"og:image\" content=\"https:\/\/mont-roig.cat\/wp-content\/uploads\/MMC_festa_oli2025_meta.png\" \/>\n\t<meta property=\"og:image:width\" content=\"1200\" \/>\n\t<meta property=\"og:image:height\" content=\"630\" \/>\n\t<meta property=\"og:image:type\" content=\"image\/png\" \/>\n<meta name=\"author\" content=\"comunicacio\" \/>\n<meta name=\"twitter:card\" content=\"summary_large_image\" \/>\n<meta name=\"twitter:label1\" content=\"Escrito por\" \/>\n\t<meta name=\"twitter:data1\" content=\"comunicacio\" \/>\n\t<meta name=\"twitter:label2\" content=\"Tiempo de lectura\" \/>\n\t<meta name=\"twitter:data2\" content=\"2 minutos\" \/>\n<script type=\"application\/ld+json\" class=\"yoast-schema-graph\">{\"@context\":\"https:\\\/\\\/schema.org\",\"@graph\":[{\"@type\":\"Article\",\"@id\":\"https:\\\/\\\/mont-roig.cat\\\/es\\\/actualitat\\\/noticies\\\/mont-roig-del-camp-celebra-la-fiesta-del-aceite-nuevo-el-domingo-2-de-noviembre\\\/#article\",\"isPartOf\":{\"@id\":\"https:\\\/\\\/mont-roig.cat\\\/es\\\/actualitat\\\/noticies\\\/mont-roig-del-camp-celebra-la-fiesta-del-aceite-nuevo-el-domingo-2-de-noviembre\\\/\"},\"author\":{\"name\":\"comunicacio\",\"@id\":\"https:\\\/\\\/mont-roig.cat\\\/es\\\/#\\\/schema\\\/person\\\/1f73e7b5e6f9dd122e8a6f14f310ac5e\"},\"headline\":\"Mont-roig del Camp celebra la Fiesta del Aceite Nuevo el domingo 2 de noviembre\",\"datePublished\":\"2025-10-15T12:52:02+00:00\",\"dateModified\":\"2025-10-27T10:24:10+00:00\",\"mainEntityOfPage\":{\"@id\":\"https:\\\/\\\/mont-roig.cat\\\/es\\\/actualitat\\\/noticies\\\/mont-roig-del-camp-celebra-la-fiesta-del-aceite-nuevo-el-domingo-2-de-noviembre\\\/\"},\"wordCount\":316,\"image\":{\"@id\":\"https:\\\/\\\/mont-roig.cat\\\/es\\\/actualitat\\\/noticies\\\/mont-roig-del-camp-celebra-la-fiesta-del-aceite-nuevo-el-domingo-2-de-noviembre\\\/#primaryimage\"},\"thumbnailUrl\":\"https:\\\/\\\/mont-roig.cat\\\/wp-content\\\/uploads\\\/MMC_festa_oli2025_meta.png\",\"articleSection\":[\"Ayuntamiento\",\"Impuls Econ\u00f2mic i Ocupaci\u00f3\"],\"inLanguage\":\"es\"},{\"@type\":\"WebPage\",\"@id\":\"https:\\\/\\\/mont-roig.cat\\\/es\\\/actualitat\\\/noticies\\\/mont-roig-del-camp-celebra-la-fiesta-del-aceite-nuevo-el-domingo-2-de-noviembre\\\/\",\"url\":\"https:\\\/\\\/mont-roig.cat\\\/es\\\/actualitat\\\/noticies\\\/mont-roig-del-camp-celebra-la-fiesta-del-aceite-nuevo-el-domingo-2-de-noviembre\\\/\",\"name\":\"Mont-roig del Camp celebra la Fiesta del Aceite Nuevo el domingo 2 de noviembre - Ajuntament de Mont-roig del Camp\",\"isPartOf\":{\"@id\":\"https:\\\/\\\/mont-roig.cat\\\/es\\\/#website\"},\"primaryImageOfPage\":{\"@id\":\"https:\\\/\\\/mont-roig.cat\\\/es\\\/actualitat\\\/noticies\\\/mont-roig-del-camp-celebra-la-fiesta-del-aceite-nuevo-el-domingo-2-de-noviembre\\\/#primaryimage\"},\"image\":{\"@id\":\"https:\\\/\\\/mont-roig.cat\\\/es\\\/actualitat\\\/noticies\\\/mont-roig-del-camp-celebra-la-fiesta-del-aceite-nuevo-el-domingo-2-de-noviembre\\\/#primaryimage\"},\"thumbnailUrl\":\"https:\\\/\\\/mont-roig.cat\\\/wp-content\\\/uploads\\\/MMC_festa_oli2025_meta.png\",\"datePublished\":\"2025-10-15T12:52:02+00:00\",\"dateModified\":\"2025-10-27T10:24:10+00:00\",\"author\":{\"@id\":\"https:\\\/\\\/mont-roig.cat\\\/es\\\/#\\\/schema\\\/person\\\/1f73e7b5e6f9dd122e8a6f14f310ac5e\"},\"breadcrumb\":{\"@id\":\"https:\\\/\\\/mont-roig.cat\\\/es\\\/actualitat\\\/noticies\\\/mont-roig-del-camp-celebra-la-fiesta-del-aceite-nuevo-el-domingo-2-de-noviembre\\\/#breadcrumb\"},\"inLanguage\":\"es\",\"potentialAction\":[{\"@type\":\"ReadAction\",\"target\":[\"https:\\\/\\\/mont-roig.cat\\\/es\\\/actualitat\\\/noticies\\\/mont-roig-del-camp-celebra-la-fiesta-del-aceite-nuevo-el-domingo-2-de-noviembre\\\/\"]}]},{\"@type\":\"ImageObject\",\"inLanguage\":\"es\",\"@id\":\"https:\\\/\\\/mont-roig.cat\\\/es\\\/actualitat\\\/noticies\\\/mont-roig-del-camp-celebra-la-fiesta-del-aceite-nuevo-el-domingo-2-de-noviembre\\\/#primaryimage\",\"url\":\"https:\\\/\\\/mont-roig.cat\\\/wp-content\\\/uploads\\\/MMC_festa_oli2025_meta.png\",\"contentUrl\":\"https:\\\/\\\/mont-roig.cat\\\/wp-content\\\/uploads\\\/MMC_festa_oli2025_meta.png\",\"width\":1200,\"height\":630},{\"@type\":\"BreadcrumbList\",\"@id\":\"https:\\\/\\\/mont-roig.cat\\\/es\\\/actualitat\\\/noticies\\\/mont-roig-del-camp-celebra-la-fiesta-del-aceite-nuevo-el-domingo-2-de-noviembre\\\/#breadcrumb\",\"itemListElement\":[{\"@type\":\"ListItem\",\"position\":1,\"name\":\"Inici\",\"item\":\"https:\\\/\\\/mont-roig.cat\\\/es\\\/pagina-de-inicio\\\/\"},{\"@type\":\"ListItem\",\"position\":2,\"name\":\"Mont-roig del Camp celebra la Fiesta del Aceite Nuevo el domingo 2 de noviembre\"}]},{\"@type\":\"WebSite\",\"@id\":\"https:\\\/\\\/mont-roig.cat\\\/es\\\/#website\",\"url\":\"https:\\\/\\\/mont-roig.cat\\\/es\\\/\",\"name\":\"Ajuntament de Mont-roig del Camp\",\"description\":\"Tota la informaci\u00f3 sobre la instituci\u00f3, els seus \u00f2rgans de govern, actualitat, serveis i molt m\u00e9s.\",\"potentialAction\":[{\"@type\":\"SearchAction\",\"target\":{\"@type\":\"EntryPoint\",\"urlTemplate\":\"https:\\\/\\\/mont-roig.cat\\\/es\\\/?s={search_term_string}\"},\"query-input\":{\"@type\":\"PropertyValueSpecification\",\"valueRequired\":true,\"valueName\":\"search_term_string\"}}],\"inLanguage\":\"es\"},{\"@type\":\"Person\",\"@id\":\"https:\\\/\\\/mont-roig.cat\\\/es\\\/#\\\/schema\\\/person\\\/1f73e7b5e6f9dd122e8a6f14f310ac5e\",\"name\":\"comunicacio\",\"image\":{\"@type\":\"ImageObject\",\"inLanguage\":\"es\",\"@id\":\"https:\\\/\\\/secure.gravatar.com\\\/avatar\\\/98944333e7a877670a64f8d10f0cb680ab2c9ebc4efc43945ef004b52b5ad28c?s=96&d=mm&r=g\",\"url\":\"https:\\\/\\\/secure.gravatar.com\\\/avatar\\\/98944333e7a877670a64f8d10f0cb680ab2c9ebc4efc43945ef004b52b5ad28c?s=96&d=mm&r=g\",\"contentUrl\":\"https:\\\/\\\/secure.gravatar.com\\\/avatar\\\/98944333e7a877670a64f8d10f0cb680ab2c9ebc4efc43945ef004b52b5ad28c?s=96&d=mm&r=g\",\"caption\":\"comunicacio\"},\"url\":\"https:\\\/\\\/mont-roig.cat\\\/es\\\/actualitat\\\/noticies\\\/author\\\/comunicacio\\\/\"}]}<\/script>\n<!-- \/ Yoast SEO plugin. -->","yoast_head_json":{"title":"Mont-roig del Camp celebra la Fiesta del Aceite Nuevo el domingo 2 de noviembre - Ajuntament de Mont-roig del Camp","robots":{"index":"index","follow":"follow","max-snippet":"max-snippet:-1","max-image-preview":"max-image-preview:large","max-video-preview":"max-video-preview:-1"},"canonical":"https:\/\/mont-roig.cat\/es\/actualitat\/noticies\/mont-roig-del-camp-celebra-la-fiesta-del-aceite-nuevo-el-domingo-2-de-noviembre\/","og_locale":"es_ES","og_type":"article","og_title":"Mont-roig del Camp celebra la Fiesta del Aceite Nuevo el domingo 2 de noviembre - Ajuntament de Mont-roig del Camp","og_description":"Desayuno popular, venta de aceite local, concurso de allioli, m\u00fasica en directo y actividades festivas llenar\u00e1n el Parc Maria Martori. La Fiesta del Aceite Nuevo de Mont-roig del Camp se celebrar\u00e1 el domingo 2 de noviembre, de 9 a 13 h, en el Parc Maria Martori, aunque se trasladar\u00e1 al Poliesportiu Municipal en caso de [&hellip;]","og_url":"https:\/\/mont-roig.cat\/es\/actualitat\/noticies\/mont-roig-del-camp-celebra-la-fiesta-del-aceite-nuevo-el-domingo-2-de-noviembre\/","og_site_name":"Ajuntament de Mont-roig del Camp","article_published_time":"2025-10-15T12:52:02+00:00","article_modified_time":"2025-10-27T10:24:10+00:00","og_image":[{"width":1200,"height":630,"url":"https:\/\/mont-roig.cat\/wp-content\/uploads\/MMC_festa_oli2025_meta.png","type":"image\/png"}],"author":"comunicacio","twitter_card":"summary_large_image","twitter_misc":{"Escrito por":"comunicacio","Tiempo de lectura":"2 minutos"},"schema":{"@context":"https:\/\/schema.org","@graph":[{"@type":"Article","@id":"https:\/\/mont-roig.cat\/es\/actualitat\/noticies\/mont-roig-del-camp-celebra-la-fiesta-del-aceite-nuevo-el-domingo-2-de-noviembre\/#article","isPartOf":{"@id":"https:\/\/mont-roig.cat\/es\/actualitat\/noticies\/mont-roig-del-camp-celebra-la-fiesta-del-aceite-nuevo-el-domingo-2-de-noviembre\/"},"author":{"name":"comunicacio","@id":"https:\/\/mont-roig.cat\/es\/#\/schema\/person\/1f73e7b5e6f9dd122e8a6f14f310ac5e"},"headline":"Mont-roig del Camp celebra la Fiesta del Aceite Nuevo el domingo 2 de noviembre","datePublished":"2025-10-15T12:52:02+00:00","dateModified":"2025-10-27T10:24:10+00:00","mainEntityOfPage":{"@id":"https:\/\/mont-roig.cat\/es\/actualitat\/noticies\/mont-roig-del-camp-celebra-la-fiesta-del-aceite-nuevo-el-domingo-2-de-noviembre\/"},"wordCount":316,"image":{"@id":"https:\/\/mont-roig.cat\/es\/actualitat\/noticies\/mont-roig-del-camp-celebra-la-fiesta-del-aceite-nuevo-el-domingo-2-de-noviembre\/#primaryimage"},"thumbnailUrl":"https:\/\/mont-roig.cat\/wp-content\/uploads\/MMC_festa_oli2025_meta.png","articleSection":["Ayuntamiento","Impuls Econ\u00f2mic i Ocupaci\u00f3"],"inLanguage":"es"},{"@type":"WebPage","@id":"https:\/\/mont-roig.cat\/es\/actualitat\/noticies\/mont-roig-del-camp-celebra-la-fiesta-del-aceite-nuevo-el-domingo-2-de-noviembre\/","url":"https:\/\/mont-roig.cat\/es\/actualitat\/noticies\/mont-roig-del-camp-celebra-la-fiesta-del-aceite-nuevo-el-domingo-2-de-noviembre\/","name":"Mont-roig del Camp celebra la Fiesta del Aceite Nuevo el domingo 2 de noviembre - Ajuntament de Mont-roig del Camp","isPartOf":{"@id":"https:\/\/mont-roig.cat\/es\/#website"},"primaryImageOfPage":{"@id":"https:\/\/mont-roig.cat\/es\/actualitat\/noticies\/mont-roig-del-camp-celebra-la-fiesta-del-aceite-nuevo-el-domingo-2-de-noviembre\/#primaryimage"},"image":{"@id":"https:\/\/mont-roig.cat\/es\/actualitat\/noticies\/mont-roig-del-camp-celebra-la-fiesta-del-aceite-nuevo-el-domingo-2-de-noviembre\/#primaryimage"},"thumbnailUrl":"https:\/\/mont-roig.cat\/wp-content\/uploads\/MMC_festa_oli2025_meta.png","datePublished":"2025-10-15T12:52:02+00:00","dateModified":"2025-10-27T10:24:10+00:00","author":{"@id":"https:\/\/mont-roig.cat\/es\/#\/schema\/person\/1f73e7b5e6f9dd122e8a6f14f310ac5e"},"breadcrumb":{"@id":"https:\/\/mont-roig.cat\/es\/actualitat\/noticies\/mont-roig-del-camp-celebra-la-fiesta-del-aceite-nuevo-el-domingo-2-de-noviembre\/#breadcrumb"},"inLanguage":"es","potentialAction":[{"@type":"ReadAction","target":["https:\/\/mont-roig.cat\/es\/actualitat\/noticies\/mont-roig-del-camp-celebra-la-fiesta-del-aceite-nuevo-el-domingo-2-de-noviembre\/"]}]},{"@type":"ImageObject","inLanguage":"es","@id":"https:\/\/mont-roig.cat\/es\/actualitat\/noticies\/mont-roig-del-camp-celebra-la-fiesta-del-aceite-nuevo-el-domingo-2-de-noviembre\/#primaryimage","url":"https:\/\/mont-roig.cat\/wp-content\/uploads\/MMC_festa_oli2025_meta.png","contentUrl":"https:\/\/mont-roig.cat\/wp-content\/uploads\/MMC_festa_oli2025_meta.png","width":1200,"height":630},{"@type":"BreadcrumbList","@id":"https:\/\/mont-roig.cat\/es\/actualitat\/noticies\/mont-roig-del-camp-celebra-la-fiesta-del-aceite-nuevo-el-domingo-2-de-noviembre\/#breadcrumb","itemListElement":[{"@type":"ListItem","position":1,"name":"Inici","item":"https:\/\/mont-roig.cat\/es\/pagina-de-inicio\/"},{"@type":"ListItem","position":2,"name":"Mont-roig del Camp celebra la Fiesta del Aceite Nuevo el domingo 2 de noviembre"}]},{"@type":"WebSite","@id":"https:\/\/mont-roig.cat\/es\/#website","url":"https:\/\/mont-roig.cat\/es\/","name":"Ajuntament de Mont-roig del Camp","description":"Tota la informaci\u00f3 sobre la instituci\u00f3, els seus \u00f2rgans de govern, actualitat, serveis i molt m\u00e9s.","potentialAction":[{"@type":"SearchAction","target":{"@type":"EntryPoint","urlTemplate":"https:\/\/mont-roig.cat\/es\/?s={search_term_string}"},"query-input":{"@type":"PropertyValueSpecification","valueRequired":true,"valueName":"search_term_string"}}],"inLanguage":"es"},{"@type":"Person","@id":"https:\/\/mont-roig.cat\/es\/#\/schema\/person\/1f73e7b5e6f9dd122e8a6f14f310ac5e","name":"comunicacio","image":{"@type":"ImageObject","inLanguage":"es","@id":"https:\/\/secure.gravatar.com\/avatar\/98944333e7a877670a64f8d10f0cb680ab2c9ebc4efc43945ef004b52b5ad28c?s=96&d=mm&r=g","url":"https:\/\/secure.gravatar.com\/avatar\/98944333e7a877670a64f8d10f0cb680ab2c9ebc4efc43945ef004b52b5ad28c?s=96&d=mm&r=g","contentUrl":"https:\/\/secure.gravatar.com\/avatar\/98944333e7a877670a64f8d10f0cb680ab2c9ebc4efc43945ef004b52b5ad28c?s=96&d=mm&r=g","caption":"comunicacio"},"url":"https:\/\/mont-roig.cat\/es\/actualitat\/noticies\/author\/comunicacio\/"}]}},"_links":{"self":[{"href":"https:\/\/mont-roig.cat\/es\/wp-json\/wp\/v2\/posts\/86186","targetHints":{"allow":["GET"]}}],"collection":[{"href":"https:\/\/mont-roig.cat\/es\/wp-json\/wp\/v2\/posts"}],"about":[{"href":"https:\/\/mont-roig.cat\/es\/wp-json\/wp\/v2\/types\/post"}],"author":[{"embeddable":true,"href":"https:\/\/mont-roig.cat\/es\/wp-json\/wp\/v2\/users\/13"}],"replies":[{"embeddable":true,"href":"https:\/\/mont-roig.cat\/es\/wp-json\/wp\/v2\/comments?post=86186"}],"version-history":[{"count":3,"href":"https:\/\/mont-roig.cat\/es\/wp-json\/wp\/v2\/posts\/86186\/revisions"}],"predecessor-version":[{"id":86295,"href":"https:\/\/mont-roig.cat\/es\/wp-json\/wp\/v2\/posts\/86186\/revisions\/86295"}],"wp:featuredmedia":[{"embeddable":true,"href":"https:\/\/mont-roig.cat\/es\/wp-json\/wp\/v2\/media\/86181"}],"wp:attachment":[{"href":"https:\/\/mont-roig.cat\/es\/wp-json\/wp\/v2\/media?parent=86186"}],"wp:term":[{"taxonomy":"category","embeddable":true,"href":"https:\/\/mont-roig.cat\/es\/wp-json\/wp\/v2\/categories?post=86186"},{"taxonomy":"post_tag","embeddable":true,"href":"https:\/\/mont-roig.cat\/es\/wp-json\/wp\/v2\/tags?post=86186"}],"curies":[{"name":"wp","href":"https:\/\/api.w.org\/{rel}","templated":true}]}}