{"id":86342,"date":"2025-10-28T12:23:44","date_gmt":"2025-10-28T11:23:44","guid":{"rendered":"https:\/\/mont-roig.cat\/actualitat\/noticies\/mes-de-700-persones-passen-pel-passatge-del-terror-de-lespai-jove-k1-de-mont-roig-del-camp\/"},"modified":"2025-10-28T12:30:59","modified_gmt":"2025-10-28T11:30:59","slug":"mas-de-700-personas-pasan-por-el-passatge-del-terror-del-espai-jove-k1-de-mont-roig-del-camp","status":"publish","type":"post","link":"https:\/\/mont-roig.cat\/es\/actualitat\/noticies\/mas-de-700-personas-pasan-por-el-passatge-del-terror-del-espai-jove-k1-de-mont-roig-del-camp\/","title":{"rendered":"M\u00e1s de 700 personas pasan por el Passatge del Terror del Espai Jove K1 de Mont-roig del Camp"},"content":{"rendered":"<div id=\"attachment_86337\" style=\"width: 309px\" class=\"wp-caption alignright\"><a href=\"https:\/\/mont-roig.cat\/wp-content\/uploads\/Pssatge-terror-2025.jpg\" target=\"_blank\" rel=\"noopener\"><img loading=\"lazy\" decoding=\"async\" aria-describedby=\"caption-attachment-86337\" class=\"wp-image-86337\" src=\"https:\/\/mont-roig.cat\/wp-content\/uploads\/Pssatge-terror-2025-500x281.jpg\" alt=\"\" width=\"299\" height=\"168\" srcset=\"https:\/\/mont-roig.cat\/wp-content\/uploads\/Pssatge-terror-2025-500x281.jpg 500w, https:\/\/mont-roig.cat\/wp-content\/uploads\/Pssatge-terror-2025-1024x576.jpg 1024w, https:\/\/mont-roig.cat\/wp-content\/uploads\/Pssatge-terror-2025-768x432.jpg 768w, https:\/\/mont-roig.cat\/wp-content\/uploads\/Pssatge-terror-2025-1536x864.jpg 1536w, https:\/\/mont-roig.cat\/wp-content\/uploads\/Pssatge-terror-2025.jpg 1600w\" sizes=\"auto, (max-width: 299px) 100vw, 299px\" \/><\/a><p id=\"caption-attachment-86337\" class=\"wp-caption-text\">Buena parte de los actores que han intervenido en el \u00faltimo Passatge del Terror.<\/p><\/div>\n<ul>\n<li data-start=\"297\" data-end=\"492\"><strong>Esta actividad, que forma parte del ciclo P\u00e0nic, ha celebrado su 15\u00ba aniversario recuperando la tem\u00e1tica original de una casa encantada gracias a la participaci\u00f3n de una treintena de voluntarios.<\/strong><\/li>\n<\/ul>\n<p data-start=\"494\" data-end=\"923\">Este a\u00f1o, el Departamento de Juventud del Ayuntamiento de Mont-roig del Camp est\u00e1 de celebraci\u00f3n, ya que la actividad del Passatge del Terror, incluida dentro del ciclo P\u00e0nic, ha alcanzado este fin de semana sus 15 a\u00f1os de existencia. Para conmemorarlo, se ha recuperado la tem\u00e1tica de sus inicios: una casa habitada por personajes tenebrosos que hicieron vibrar y estremecer a todas aquellas personas que se atrevieron a entrar.<\/p>\n<p data-start=\"925\" data-end=\"1313\">Con m\u00e1s de 700 visitas, esta propuesta se ha convertido en una actividad plenamente consolidada y muy esperada, tanto por j\u00f3venes como por adultos del municipio, as\u00ed como por personas que llegan desde fuera. Los m\u00e1s peque\u00f1os tambi\u00e9n tienen cabida, ya que desde hace unos a\u00f1os las primeras sesiones se realizan con las luces encendidas, para que todo el mundo pueda disfrutarla a su ritmo.<\/p>\n<p data-start=\"1315\" data-end=\"1590\">Cabe destacar que el Passatge del Terror es posible gracias a la implicaci\u00f3n del Departamento de Juventud y, sobre todo, a la colaboraci\u00f3n de m\u00e1s de 30 voluntarios que participan cada a\u00f1o en la creaci\u00f3n, la tematizaci\u00f3n, las ideas y las interpretaciones dentro del recorrido.<\/p>\n<p data-start=\"1592\" data-end=\"2030\">El ciclo P\u00e0nic contin\u00faa su programaci\u00f3n con la experiencia de realidad virtual el s\u00e1bado 8 de noviembre en Miami Platja y el viernes 14 de noviembre en Mont-roig del Camp. Adem\u00e1s, el Castaween \u2014una fiesta de disfraces en el Poliesportiu de Mont-roig del Camp\u2014 tendr\u00e1 lugar este viernes 31 de octubre, con cena de carmanyola, las actuaciones de Amics de Manel y del DJ Pau Brull, as\u00ed como algunas sorpresas para quienes vengan disfrazados.<\/p>\n","protected":false},"excerpt":{"rendered":"<p>Esta actividad, que forma parte del ciclo P\u00e0nic, ha celebrado su 15\u00ba aniversario recuperando la tem\u00e1tica original de una casa encantada gracias a la participaci\u00f3n de una treintena de voluntarios. Este a\u00f1o, el Departamento de Juventud del Ayuntamiento de Mont-roig del Camp est\u00e1 de celebraci\u00f3n, ya que la actividad del Passatge del Terror, incluida dentro [&hellip;]<\/p>\n","protected":false},"author":13,"featured_media":86338,"comment_status":"closed","ping_status":"closed","sticky":false,"template":"","format":"standard","meta":{"inline_featured_image":false,"_monsterinsights_skip_tracking":false,"_monsterinsights_sitenote_active":false,"_monsterinsights_sitenote_note":"","_monsterinsights_sitenote_category":0,"footnotes":""},"categories":[98,106],"tags":[],"class_list":["post-86342","post","type-post","status-publish","format-standard","has-post-thumbnail","hentry","category-ayuntamiento","category-juventud"],"yoast_head":"<!-- This site is optimized with the Yoast SEO plugin v27.4 - https:\/\/yoast.com\/product\/yoast-seo-wordpress\/ -->\n<title>M\u00e1s de 700 personas pasan por el Passatge del Terror del Espai Jove K1 de Mont-roig del Camp - Ajuntament de Mont-roig del Camp<\/title>\n<meta name=\"robots\" content=\"index, follow, max-snippet:-1, max-image-preview:large, max-video-preview:-1\" \/>\n<link rel=\"canonical\" href=\"https:\/\/mont-roig.cat\/es\/actualitat\/noticies\/mas-de-700-personas-pasan-por-el-passatge-del-terror-del-espai-jove-k1-de-mont-roig-del-camp\/\" \/>\n<meta property=\"og:locale\" content=\"es_ES\" \/>\n<meta property=\"og:type\" content=\"article\" \/>\n<meta property=\"og:title\" content=\"M\u00e1s de 700 personas pasan por el Passatge del Terror del Espai Jove K1 de Mont-roig del Camp - Ajuntament de Mont-roig del Camp\" \/>\n<meta property=\"og:description\" content=\"Esta actividad, que forma parte del ciclo P\u00e0nic, ha celebrado su 15\u00ba aniversario recuperando la tem\u00e1tica original de una casa encantada gracias a la participaci\u00f3n de una treintena de voluntarios. Este a\u00f1o, el Departamento de Juventud del Ayuntamiento de Mont-roig del Camp est\u00e1 de celebraci\u00f3n, ya que la actividad del Passatge del Terror, incluida dentro [&hellip;]\" \/>\n<meta property=\"og:url\" content=\"https:\/\/mont-roig.cat\/es\/actualitat\/noticies\/mas-de-700-personas-pasan-por-el-passatge-del-terror-del-espai-jove-k1-de-mont-roig-del-camp\/\" \/>\n<meta property=\"og:site_name\" content=\"Ajuntament de Mont-roig del Camp\" \/>\n<meta property=\"article:published_time\" content=\"2025-10-28T11:23:44+00:00\" \/>\n<meta property=\"article:modified_time\" content=\"2025-10-28T11:30:59+00:00\" \/>\n<meta property=\"og:image\" content=\"https:\/\/mont-roig.cat\/wp-content\/uploads\/Pssatge-terror-2025.jpg\" \/>\n\t<meta property=\"og:image:width\" content=\"1600\" \/>\n\t<meta property=\"og:image:height\" content=\"900\" \/>\n\t<meta property=\"og:image:type\" content=\"image\/jpeg\" \/>\n<meta name=\"author\" content=\"comunicacio\" \/>\n<meta name=\"twitter:card\" content=\"summary_large_image\" \/>\n<meta name=\"twitter:label1\" content=\"Escrito por\" \/>\n\t<meta name=\"twitter:data1\" content=\"comunicacio\" \/>\n\t<meta name=\"twitter:label2\" content=\"Tiempo de lectura\" \/>\n\t<meta name=\"twitter:data2\" content=\"3 minutos\" \/>\n<script type=\"application\/ld+json\" class=\"yoast-schema-graph\">{\"@context\":\"https:\\\/\\\/schema.org\",\"@graph\":[{\"@type\":\"Article\",\"@id\":\"https:\\\/\\\/mont-roig.cat\\\/es\\\/actualitat\\\/noticies\\\/mas-de-700-personas-pasan-por-el-passatge-del-terror-del-espai-jove-k1-de-mont-roig-del-camp\\\/#article\",\"isPartOf\":{\"@id\":\"https:\\\/\\\/mont-roig.cat\\\/es\\\/actualitat\\\/noticies\\\/mas-de-700-personas-pasan-por-el-passatge-del-terror-del-espai-jove-k1-de-mont-roig-del-camp\\\/\"},\"author\":{\"name\":\"comunicacio\",\"@id\":\"https:\\\/\\\/mont-roig.cat\\\/es\\\/#\\\/schema\\\/person\\\/1f73e7b5e6f9dd122e8a6f14f310ac5e\"},\"headline\":\"M\u00e1s de 700 personas pasan por el Passatge del Terror del Espai Jove K1 de Mont-roig del Camp\",\"datePublished\":\"2025-10-28T11:23:44+00:00\",\"dateModified\":\"2025-10-28T11:30:59+00:00\",\"mainEntityOfPage\":{\"@id\":\"https:\\\/\\\/mont-roig.cat\\\/es\\\/actualitat\\\/noticies\\\/mas-de-700-personas-pasan-por-el-passatge-del-terror-del-espai-jove-k1-de-mont-roig-del-camp\\\/\"},\"wordCount\":340,\"image\":{\"@id\":\"https:\\\/\\\/mont-roig.cat\\\/es\\\/actualitat\\\/noticies\\\/mas-de-700-personas-pasan-por-el-passatge-del-terror-del-espai-jove-k1-de-mont-roig-del-camp\\\/#primaryimage\"},\"thumbnailUrl\":\"https:\\\/\\\/mont-roig.cat\\\/wp-content\\\/uploads\\\/Pssatge-terror-2025.jpg\",\"articleSection\":[\"Ayuntamiento\",\"Juventud\"],\"inLanguage\":\"es\"},{\"@type\":\"WebPage\",\"@id\":\"https:\\\/\\\/mont-roig.cat\\\/es\\\/actualitat\\\/noticies\\\/mas-de-700-personas-pasan-por-el-passatge-del-terror-del-espai-jove-k1-de-mont-roig-del-camp\\\/\",\"url\":\"https:\\\/\\\/mont-roig.cat\\\/es\\\/actualitat\\\/noticies\\\/mas-de-700-personas-pasan-por-el-passatge-del-terror-del-espai-jove-k1-de-mont-roig-del-camp\\\/\",\"name\":\"M\u00e1s de 700 personas pasan por el Passatge del Terror del Espai Jove K1 de Mont-roig del Camp - Ajuntament de Mont-roig del Camp\",\"isPartOf\":{\"@id\":\"https:\\\/\\\/mont-roig.cat\\\/es\\\/#website\"},\"primaryImageOfPage\":{\"@id\":\"https:\\\/\\\/mont-roig.cat\\\/es\\\/actualitat\\\/noticies\\\/mas-de-700-personas-pasan-por-el-passatge-del-terror-del-espai-jove-k1-de-mont-roig-del-camp\\\/#primaryimage\"},\"image\":{\"@id\":\"https:\\\/\\\/mont-roig.cat\\\/es\\\/actualitat\\\/noticies\\\/mas-de-700-personas-pasan-por-el-passatge-del-terror-del-espai-jove-k1-de-mont-roig-del-camp\\\/#primaryimage\"},\"thumbnailUrl\":\"https:\\\/\\\/mont-roig.cat\\\/wp-content\\\/uploads\\\/Pssatge-terror-2025.jpg\",\"datePublished\":\"2025-10-28T11:23:44+00:00\",\"dateModified\":\"2025-10-28T11:30:59+00:00\",\"author\":{\"@id\":\"https:\\\/\\\/mont-roig.cat\\\/es\\\/#\\\/schema\\\/person\\\/1f73e7b5e6f9dd122e8a6f14f310ac5e\"},\"breadcrumb\":{\"@id\":\"https:\\\/\\\/mont-roig.cat\\\/es\\\/actualitat\\\/noticies\\\/mas-de-700-personas-pasan-por-el-passatge-del-terror-del-espai-jove-k1-de-mont-roig-del-camp\\\/#breadcrumb\"},\"inLanguage\":\"es\",\"potentialAction\":[{\"@type\":\"ReadAction\",\"target\":[\"https:\\\/\\\/mont-roig.cat\\\/es\\\/actualitat\\\/noticies\\\/mas-de-700-personas-pasan-por-el-passatge-del-terror-del-espai-jove-k1-de-mont-roig-del-camp\\\/\"]}]},{\"@type\":\"ImageObject\",\"inLanguage\":\"es\",\"@id\":\"https:\\\/\\\/mont-roig.cat\\\/es\\\/actualitat\\\/noticies\\\/mas-de-700-personas-pasan-por-el-passatge-del-terror-del-espai-jove-k1-de-mont-roig-del-camp\\\/#primaryimage\",\"url\":\"https:\\\/\\\/mont-roig.cat\\\/wp-content\\\/uploads\\\/Pssatge-terror-2025.jpg\",\"contentUrl\":\"https:\\\/\\\/mont-roig.cat\\\/wp-content\\\/uploads\\\/Pssatge-terror-2025.jpg\",\"width\":1600,\"height\":900},{\"@type\":\"BreadcrumbList\",\"@id\":\"https:\\\/\\\/mont-roig.cat\\\/es\\\/actualitat\\\/noticies\\\/mas-de-700-personas-pasan-por-el-passatge-del-terror-del-espai-jove-k1-de-mont-roig-del-camp\\\/#breadcrumb\",\"itemListElement\":[{\"@type\":\"ListItem\",\"position\":1,\"name\":\"Inici\",\"item\":\"https:\\\/\\\/mont-roig.cat\\\/es\\\/pagina-de-inicio\\\/\"},{\"@type\":\"ListItem\",\"position\":2,\"name\":\"M\u00e1s de 700 personas pasan por el Passatge del Terror del Espai Jove K1 de Mont-roig del Camp\"}]},{\"@type\":\"WebSite\",\"@id\":\"https:\\\/\\\/mont-roig.cat\\\/es\\\/#website\",\"url\":\"https:\\\/\\\/mont-roig.cat\\\/es\\\/\",\"name\":\"Ajuntament de Mont-roig del Camp\",\"description\":\"Tota la informaci\u00f3 sobre la instituci\u00f3, els seus \u00f2rgans de govern, actualitat, serveis i molt m\u00e9s.\",\"potentialAction\":[{\"@type\":\"SearchAction\",\"target\":{\"@type\":\"EntryPoint\",\"urlTemplate\":\"https:\\\/\\\/mont-roig.cat\\\/es\\\/?s={search_term_string}\"},\"query-input\":{\"@type\":\"PropertyValueSpecification\",\"valueRequired\":true,\"valueName\":\"search_term_string\"}}],\"inLanguage\":\"es\"},{\"@type\":\"Person\",\"@id\":\"https:\\\/\\\/mont-roig.cat\\\/es\\\/#\\\/schema\\\/person\\\/1f73e7b5e6f9dd122e8a6f14f310ac5e\",\"name\":\"comunicacio\",\"image\":{\"@type\":\"ImageObject\",\"inLanguage\":\"es\",\"@id\":\"https:\\\/\\\/secure.gravatar.com\\\/avatar\\\/98944333e7a877670a64f8d10f0cb680ab2c9ebc4efc43945ef004b52b5ad28c?s=96&d=mm&r=g\",\"url\":\"https:\\\/\\\/secure.gravatar.com\\\/avatar\\\/98944333e7a877670a64f8d10f0cb680ab2c9ebc4efc43945ef004b52b5ad28c?s=96&d=mm&r=g\",\"contentUrl\":\"https:\\\/\\\/secure.gravatar.com\\\/avatar\\\/98944333e7a877670a64f8d10f0cb680ab2c9ebc4efc43945ef004b52b5ad28c?s=96&d=mm&r=g\",\"caption\":\"comunicacio\"},\"url\":\"https:\\\/\\\/mont-roig.cat\\\/es\\\/actualitat\\\/noticies\\\/author\\\/comunicacio\\\/\"}]}<\/script>\n<!-- \/ Yoast SEO plugin. -->","yoast_head_json":{"title":"M\u00e1s de 700 personas pasan por el Passatge del Terror del Espai Jove K1 de Mont-roig del Camp - Ajuntament de Mont-roig del Camp","robots":{"index":"index","follow":"follow","max-snippet":"max-snippet:-1","max-image-preview":"max-image-preview:large","max-video-preview":"max-video-preview:-1"},"canonical":"https:\/\/mont-roig.cat\/es\/actualitat\/noticies\/mas-de-700-personas-pasan-por-el-passatge-del-terror-del-espai-jove-k1-de-mont-roig-del-camp\/","og_locale":"es_ES","og_type":"article","og_title":"M\u00e1s de 700 personas pasan por el Passatge del Terror del Espai Jove K1 de Mont-roig del Camp - Ajuntament de Mont-roig del Camp","og_description":"Esta actividad, que forma parte del ciclo P\u00e0nic, ha celebrado su 15\u00ba aniversario recuperando la tem\u00e1tica original de una casa encantada gracias a la participaci\u00f3n de una treintena de voluntarios. Este a\u00f1o, el Departamento de Juventud del Ayuntamiento de Mont-roig del Camp est\u00e1 de celebraci\u00f3n, ya que la actividad del Passatge del Terror, incluida dentro [&hellip;]","og_url":"https:\/\/mont-roig.cat\/es\/actualitat\/noticies\/mas-de-700-personas-pasan-por-el-passatge-del-terror-del-espai-jove-k1-de-mont-roig-del-camp\/","og_site_name":"Ajuntament de Mont-roig del Camp","article_published_time":"2025-10-28T11:23:44+00:00","article_modified_time":"2025-10-28T11:30:59+00:00","og_image":[{"width":1600,"height":900,"url":"https:\/\/mont-roig.cat\/wp-content\/uploads\/Pssatge-terror-2025.jpg","type":"image\/jpeg"}],"author":"comunicacio","twitter_card":"summary_large_image","twitter_misc":{"Escrito por":"comunicacio","Tiempo de lectura":"3 minutos"},"schema":{"@context":"https:\/\/schema.org","@graph":[{"@type":"Article","@id":"https:\/\/mont-roig.cat\/es\/actualitat\/noticies\/mas-de-700-personas-pasan-por-el-passatge-del-terror-del-espai-jove-k1-de-mont-roig-del-camp\/#article","isPartOf":{"@id":"https:\/\/mont-roig.cat\/es\/actualitat\/noticies\/mas-de-700-personas-pasan-por-el-passatge-del-terror-del-espai-jove-k1-de-mont-roig-del-camp\/"},"author":{"name":"comunicacio","@id":"https:\/\/mont-roig.cat\/es\/#\/schema\/person\/1f73e7b5e6f9dd122e8a6f14f310ac5e"},"headline":"M\u00e1s de 700 personas pasan por el Passatge del Terror del Espai Jove K1 de Mont-roig del Camp","datePublished":"2025-10-28T11:23:44+00:00","dateModified":"2025-10-28T11:30:59+00:00","mainEntityOfPage":{"@id":"https:\/\/mont-roig.cat\/es\/actualitat\/noticies\/mas-de-700-personas-pasan-por-el-passatge-del-terror-del-espai-jove-k1-de-mont-roig-del-camp\/"},"wordCount":340,"image":{"@id":"https:\/\/mont-roig.cat\/es\/actualitat\/noticies\/mas-de-700-personas-pasan-por-el-passatge-del-terror-del-espai-jove-k1-de-mont-roig-del-camp\/#primaryimage"},"thumbnailUrl":"https:\/\/mont-roig.cat\/wp-content\/uploads\/Pssatge-terror-2025.jpg","articleSection":["Ayuntamiento","Juventud"],"inLanguage":"es"},{"@type":"WebPage","@id":"https:\/\/mont-roig.cat\/es\/actualitat\/noticies\/mas-de-700-personas-pasan-por-el-passatge-del-terror-del-espai-jove-k1-de-mont-roig-del-camp\/","url":"https:\/\/mont-roig.cat\/es\/actualitat\/noticies\/mas-de-700-personas-pasan-por-el-passatge-del-terror-del-espai-jove-k1-de-mont-roig-del-camp\/","name":"M\u00e1s de 700 personas pasan por el Passatge del Terror del Espai Jove K1 de Mont-roig del Camp - Ajuntament de Mont-roig del Camp","isPartOf":{"@id":"https:\/\/mont-roig.cat\/es\/#website"},"primaryImageOfPage":{"@id":"https:\/\/mont-roig.cat\/es\/actualitat\/noticies\/mas-de-700-personas-pasan-por-el-passatge-del-terror-del-espai-jove-k1-de-mont-roig-del-camp\/#primaryimage"},"image":{"@id":"https:\/\/mont-roig.cat\/es\/actualitat\/noticies\/mas-de-700-personas-pasan-por-el-passatge-del-terror-del-espai-jove-k1-de-mont-roig-del-camp\/#primaryimage"},"thumbnailUrl":"https:\/\/mont-roig.cat\/wp-content\/uploads\/Pssatge-terror-2025.jpg","datePublished":"2025-10-28T11:23:44+00:00","dateModified":"2025-10-28T11:30:59+00:00","author":{"@id":"https:\/\/mont-roig.cat\/es\/#\/schema\/person\/1f73e7b5e6f9dd122e8a6f14f310ac5e"},"breadcrumb":{"@id":"https:\/\/mont-roig.cat\/es\/actualitat\/noticies\/mas-de-700-personas-pasan-por-el-passatge-del-terror-del-espai-jove-k1-de-mont-roig-del-camp\/#breadcrumb"},"inLanguage":"es","potentialAction":[{"@type":"ReadAction","target":["https:\/\/mont-roig.cat\/es\/actualitat\/noticies\/mas-de-700-personas-pasan-por-el-passatge-del-terror-del-espai-jove-k1-de-mont-roig-del-camp\/"]}]},{"@type":"ImageObject","inLanguage":"es","@id":"https:\/\/mont-roig.cat\/es\/actualitat\/noticies\/mas-de-700-personas-pasan-por-el-passatge-del-terror-del-espai-jove-k1-de-mont-roig-del-camp\/#primaryimage","url":"https:\/\/mont-roig.cat\/wp-content\/uploads\/Pssatge-terror-2025.jpg","contentUrl":"https:\/\/mont-roig.cat\/wp-content\/uploads\/Pssatge-terror-2025.jpg","width":1600,"height":900},{"@type":"BreadcrumbList","@id":"https:\/\/mont-roig.cat\/es\/actualitat\/noticies\/mas-de-700-personas-pasan-por-el-passatge-del-terror-del-espai-jove-k1-de-mont-roig-del-camp\/#breadcrumb","itemListElement":[{"@type":"ListItem","position":1,"name":"Inici","item":"https:\/\/mont-roig.cat\/es\/pagina-de-inicio\/"},{"@type":"ListItem","position":2,"name":"M\u00e1s de 700 personas pasan por el Passatge del Terror del Espai Jove K1 de Mont-roig del Camp"}]},{"@type":"WebSite","@id":"https:\/\/mont-roig.cat\/es\/#website","url":"https:\/\/mont-roig.cat\/es\/","name":"Ajuntament de Mont-roig del Camp","description":"Tota la informaci\u00f3 sobre la instituci\u00f3, els seus \u00f2rgans de govern, actualitat, serveis i molt m\u00e9s.","potentialAction":[{"@type":"SearchAction","target":{"@type":"EntryPoint","urlTemplate":"https:\/\/mont-roig.cat\/es\/?s={search_term_string}"},"query-input":{"@type":"PropertyValueSpecification","valueRequired":true,"valueName":"search_term_string"}}],"inLanguage":"es"},{"@type":"Person","@id":"https:\/\/mont-roig.cat\/es\/#\/schema\/person\/1f73e7b5e6f9dd122e8a6f14f310ac5e","name":"comunicacio","image":{"@type":"ImageObject","inLanguage":"es","@id":"https:\/\/secure.gravatar.com\/avatar\/98944333e7a877670a64f8d10f0cb680ab2c9ebc4efc43945ef004b52b5ad28c?s=96&d=mm&r=g","url":"https:\/\/secure.gravatar.com\/avatar\/98944333e7a877670a64f8d10f0cb680ab2c9ebc4efc43945ef004b52b5ad28c?s=96&d=mm&r=g","contentUrl":"https:\/\/secure.gravatar.com\/avatar\/98944333e7a877670a64f8d10f0cb680ab2c9ebc4efc43945ef004b52b5ad28c?s=96&d=mm&r=g","caption":"comunicacio"},"url":"https:\/\/mont-roig.cat\/es\/actualitat\/noticies\/author\/comunicacio\/"}]}},"_links":{"self":[{"href":"https:\/\/mont-roig.cat\/es\/wp-json\/wp\/v2\/posts\/86342","targetHints":{"allow":["GET"]}}],"collection":[{"href":"https:\/\/mont-roig.cat\/es\/wp-json\/wp\/v2\/posts"}],"about":[{"href":"https:\/\/mont-roig.cat\/es\/wp-json\/wp\/v2\/types\/post"}],"author":[{"embeddable":true,"href":"https:\/\/mont-roig.cat\/es\/wp-json\/wp\/v2\/users\/13"}],"replies":[{"embeddable":true,"href":"https:\/\/mont-roig.cat\/es\/wp-json\/wp\/v2\/comments?post=86342"}],"version-history":[{"count":1,"href":"https:\/\/mont-roig.cat\/es\/wp-json\/wp\/v2\/posts\/86342\/revisions"}],"predecessor-version":[{"id":86343,"href":"https:\/\/mont-roig.cat\/es\/wp-json\/wp\/v2\/posts\/86342\/revisions\/86343"}],"wp:featuredmedia":[{"embeddable":true,"href":"https:\/\/mont-roig.cat\/es\/wp-json\/wp\/v2\/media\/86338"}],"wp:attachment":[{"href":"https:\/\/mont-roig.cat\/es\/wp-json\/wp\/v2\/media?parent=86342"}],"wp:term":[{"taxonomy":"category","embeddable":true,"href":"https:\/\/mont-roig.cat\/es\/wp-json\/wp\/v2\/categories?post=86342"},{"taxonomy":"post_tag","embeddable":true,"href":"https:\/\/mont-roig.cat\/es\/wp-json\/wp\/v2\/tags?post=86342"}],"curies":[{"name":"wp","href":"https:\/\/api.w.org\/{rel}","templated":true}]}}