{"id":86352,"date":"2025-10-28T16:20:25","date_gmt":"2025-10-28T15:20:25","guid":{"rendered":"https:\/\/mont-roig.cat\/actualitat\/noticies\/lajuntament-de-mont-roig-del-camp-congela-els-principals-impostos-el-2026\/"},"modified":"2025-10-28T16:57:43","modified_gmt":"2025-10-28T15:57:43","slug":"el-ayuntamiento-de-mont-roig-del-camp-congela-los-principales-impuestos-en-2026","status":"publish","type":"post","link":"https:\/\/mont-roig.cat\/es\/actualitat\/noticies\/el-ayuntamiento-de-mont-roig-del-camp-congela-los-principales-impuestos-en-2026\/","title":{"rendered":"El Ayuntamiento de Mont-roig del Camp congela los principales impuestos en 2026"},"content":{"rendered":"<div id=\"attachment_86347\" style=\"width: 338px\" class=\"wp-caption alignright\"><a href=\"https:\/\/mont-roig.cat\/wp-content\/uploads\/Ple-Extraordinari-Octubre-Mont-roig-del-Camp.jpg\" target=\"_blank\" rel=\"noopener\"><img loading=\"lazy\" decoding=\"async\" aria-describedby=\"caption-attachment-86347\" class=\"wp-image-86347\" src=\"https:\/\/mont-roig.cat\/wp-content\/uploads\/Ple-Extraordinari-Octubre-Mont-roig-del-Camp-500x375.jpg\" alt=\"\" width=\"328\" height=\"246\" srcset=\"https:\/\/mont-roig.cat\/wp-content\/uploads\/Ple-Extraordinari-Octubre-Mont-roig-del-Camp-500x375.jpg 500w, https:\/\/mont-roig.cat\/wp-content\/uploads\/Ple-Extraordinari-Octubre-Mont-roig-del-Camp-1024x768.jpg 1024w, https:\/\/mont-roig.cat\/wp-content\/uploads\/Ple-Extraordinari-Octubre-Mont-roig-del-Camp-768x576.jpg 768w, https:\/\/mont-roig.cat\/wp-content\/uploads\/Ple-Extraordinari-Octubre-Mont-roig-del-Camp-1536x1152.jpg 1536w, https:\/\/mont-roig.cat\/wp-content\/uploads\/Ple-Extraordinari-Octubre-Mont-roig-del-Camp-463x348.jpg 463w, https:\/\/mont-roig.cat\/wp-content\/uploads\/Ple-Extraordinari-Octubre-Mont-roig-del-Camp.jpg 1600w\" sizes=\"auto, (max-width: 328px) 100vw, 328px\" \/><\/a><p id=\"caption-attachment-86347\" class=\"wp-caption-text\">Votaci\u00f3n de las ordenanzas fiscales en el pleno extraordinario del Ayuntamiento de Mont-roig del Camp.<\/p><\/div>\n<ul>\n<li data-start=\"112\" data-end=\"392\"><strong>El pleno extraordinario celebrado este lunes ha aprobado el mantenimiento del IBI, el ICIO y el IAE, al mismo tiempo que reduce la tasa de la basura seg\u00fan la gesti\u00f3n real de cada hogar y empresa<\/strong><\/li>\n<\/ul>\n<p data-start=\"394\" data-end=\"1001\">El Ayuntamiento de Mont-roig del Camp ha aprobado este lunes, en sesi\u00f3n plenaria extraordinaria, las ordenanzas fiscales para 2026. De esta forma se congelan los principales impuestos (IBI, ICIO y IAE), se redefine la tasa de residuos para ajustarla a la gesti\u00f3n real que realiza cada hogar y actividad econ\u00f3mica y se recupera la bonificaci\u00f3n del IBI para la instalaci\u00f3n de placas solares de las personas que la hab\u00edan solicitado antes del 31 de diciembre de 2024. La propuesta ha contado con los votos a favor del equipo de gobierno (PSC e IMM), los votos en contra de Junts y ERC y la abstenci\u00f3n de Vox.<\/p>\n<p data-start=\"1003\" data-end=\"1391\">El Ayuntamiento ha decidido no incrementar la presi\u00f3n fiscal sobre particulares y empresas, manteniendo estables los impuestos que tienen mayor impacto sobre la econom\u00eda cotidiana. Con esta decisi\u00f3n, se pretende aportar seguridad y previsibilidad en un contexto econ\u00f3mico donde el encarecimiento de los costos contin\u00faa afectando la econom\u00eda familiar y el tejido comercial del municipio.<\/p>\n<p data-start=\"1393\" data-end=\"1958\">Una de las novedades m\u00e1s destacadas es la recuperaci\u00f3n de la bonificaci\u00f3n del IBI para la instalaci\u00f3n de sistemas de energ\u00eda solar fotovoltaica en las viviendas, para aquellas solicitudes realizadas antes del 31 de diciembre de 2024 y que hab\u00eda quedado temporalmente suspendida. Esta medida permit\u00eda reducir el recibo del IBI durante cinco ejercicios a aquellos hogares que hayan realizado la inversi\u00f3n, fomentando el autoconsumo y la eficiencia energ\u00e9tica, y reconociendo el esfuerzo econ\u00f3mico de las familias que contribuyen a la transici\u00f3n verde del municipio.<\/p>\n<p data-start=\"1960\" data-end=\"2600\">Tambi\u00e9n se modifica la tasa de residuos, que mantiene una reducci\u00f3n media del 2 % en la parte fija, de manera que no aumenta el coste base del servicio para la ciudadan\u00eda. La parte variable, sin embargo, podr\u00e1 variar en funci\u00f3n de la gesti\u00f3n que cada hogar o establecimiento haga de sus residuos, reforzando el principio de \u201cquien m\u00e1s recicla y menos residuos genera, menos paga\u201d, en los casos donde se aplique la tasa justa. De esta manera, se favorecen las pr\u00e1cticas responsables y se promueve una mejora continua en la separaci\u00f3n y reducci\u00f3n de residuos, en l\u00ednea con las directrices europeas y los objetivos ambientales del municipio.<\/p>\n<p data-start=\"2602\" data-end=\"2968\">En conjunto, las ordenanzas fiscales para 2026 suponen una congelaci\u00f3n general de los impuestos, una reducci\u00f3n media del 2 % de la tasa de basuras y la recuperaci\u00f3n de la bonificaci\u00f3n por placas solares, lo que implicar\u00e1 una menor recaudaci\u00f3n respecto a 2025, pero que el consistorio considera una apuesta necesaria por la sostenibilidad y el apoyo a las familias.<\/p>\n<p>&nbsp;<\/p>\n","protected":false},"excerpt":{"rendered":"<p>El pleno extraordinario celebrado este lunes ha aprobado el mantenimiento del IBI, el ICIO y el IAE, al mismo tiempo que reduce la tasa de la basura seg\u00fan la gesti\u00f3n real de cada hogar y empresa El Ayuntamiento de Mont-roig del Camp ha aprobado este lunes, en sesi\u00f3n plenaria extraordinaria, las ordenanzas fiscales para 2026. [&hellip;]<\/p>\n","protected":false},"author":13,"featured_media":86348,"comment_status":"closed","ping_status":"closed","sticky":false,"template":"","format":"standard","meta":{"inline_featured_image":false,"_monsterinsights_skip_tracking":false,"_monsterinsights_sitenote_active":false,"_monsterinsights_sitenote_note":"","_monsterinsights_sitenote_category":0,"footnotes":""},"categories":[98,254],"tags":[],"class_list":["post-86352","post","type-post","status-publish","format-standard","has-post-thumbnail","hentry","category-ayuntamiento","category-hisenda-es"],"yoast_head":"<!-- This site is optimized with the Yoast SEO plugin v27.4 - https:\/\/yoast.com\/product\/yoast-seo-wordpress\/ -->\n<title>El Ayuntamiento de Mont-roig del Camp congela los principales impuestos en 2026 - Ajuntament de Mont-roig del Camp<\/title>\n<meta name=\"robots\" content=\"index, follow, max-snippet:-1, max-image-preview:large, max-video-preview:-1\" \/>\n<link rel=\"canonical\" href=\"https:\/\/mont-roig.cat\/es\/actualitat\/noticies\/el-ayuntamiento-de-mont-roig-del-camp-congela-los-principales-impuestos-en-2026\/\" \/>\n<meta property=\"og:locale\" content=\"es_ES\" \/>\n<meta property=\"og:type\" content=\"article\" \/>\n<meta property=\"og:title\" content=\"El Ayuntamiento de Mont-roig del Camp congela los principales impuestos en 2026 - Ajuntament de Mont-roig del Camp\" \/>\n<meta property=\"og:description\" content=\"El pleno extraordinario celebrado este lunes ha aprobado el mantenimiento del IBI, el ICIO y el IAE, al mismo tiempo que reduce la tasa de la basura seg\u00fan la gesti\u00f3n real de cada hogar y empresa El Ayuntamiento de Mont-roig del Camp ha aprobado este lunes, en sesi\u00f3n plenaria extraordinaria, las ordenanzas fiscales para 2026. [&hellip;]\" \/>\n<meta property=\"og:url\" content=\"https:\/\/mont-roig.cat\/es\/actualitat\/noticies\/el-ayuntamiento-de-mont-roig-del-camp-congela-los-principales-impuestos-en-2026\/\" \/>\n<meta property=\"og:site_name\" content=\"Ajuntament de Mont-roig del Camp\" \/>\n<meta property=\"article:published_time\" content=\"2025-10-28T15:20:25+00:00\" \/>\n<meta property=\"article:modified_time\" content=\"2025-10-28T15:57:43+00:00\" \/>\n<meta property=\"og:image\" content=\"https:\/\/mont-roig.cat\/wp-content\/uploads\/Ple-Extraordinari-Octubre-Mont-roig-del-Camp.jpg\" \/>\n\t<meta property=\"og:image:width\" content=\"1600\" \/>\n\t<meta property=\"og:image:height\" content=\"1200\" \/>\n\t<meta property=\"og:image:type\" content=\"image\/jpeg\" \/>\n<meta name=\"author\" content=\"comunicacio\" \/>\n<meta name=\"twitter:card\" content=\"summary_large_image\" \/>\n<meta name=\"twitter:label1\" content=\"Escrito por\" \/>\n\t<meta name=\"twitter:data1\" content=\"comunicacio\" \/>\n\t<meta name=\"twitter:label2\" content=\"Tiempo de lectura\" \/>\n\t<meta name=\"twitter:data2\" content=\"3 minutos\" \/>\n<script type=\"application\/ld+json\" class=\"yoast-schema-graph\">{\"@context\":\"https:\\\/\\\/schema.org\",\"@graph\":[{\"@type\":\"Article\",\"@id\":\"https:\\\/\\\/mont-roig.cat\\\/es\\\/actualitat\\\/noticies\\\/el-ayuntamiento-de-mont-roig-del-camp-congela-los-principales-impuestos-en-2026\\\/#article\",\"isPartOf\":{\"@id\":\"https:\\\/\\\/mont-roig.cat\\\/es\\\/actualitat\\\/noticies\\\/el-ayuntamiento-de-mont-roig-del-camp-congela-los-principales-impuestos-en-2026\\\/\"},\"author\":{\"name\":\"comunicacio\",\"@id\":\"https:\\\/\\\/mont-roig.cat\\\/es\\\/#\\\/schema\\\/person\\\/1f73e7b5e6f9dd122e8a6f14f310ac5e\"},\"headline\":\"El Ayuntamiento de Mont-roig del Camp congela los principales impuestos en 2026\",\"datePublished\":\"2025-10-28T15:20:25+00:00\",\"dateModified\":\"2025-10-28T15:57:43+00:00\",\"mainEntityOfPage\":{\"@id\":\"https:\\\/\\\/mont-roig.cat\\\/es\\\/actualitat\\\/noticies\\\/el-ayuntamiento-de-mont-roig-del-camp-congela-los-principales-impuestos-en-2026\\\/\"},\"wordCount\":515,\"image\":{\"@id\":\"https:\\\/\\\/mont-roig.cat\\\/es\\\/actualitat\\\/noticies\\\/el-ayuntamiento-de-mont-roig-del-camp-congela-los-principales-impuestos-en-2026\\\/#primaryimage\"},\"thumbnailUrl\":\"https:\\\/\\\/mont-roig.cat\\\/wp-content\\\/uploads\\\/Ple-Extraordinari-Octubre-Mont-roig-del-Camp.jpg\",\"articleSection\":[\"Ayuntamiento\",\"Hisenda\"],\"inLanguage\":\"es\"},{\"@type\":\"WebPage\",\"@id\":\"https:\\\/\\\/mont-roig.cat\\\/es\\\/actualitat\\\/noticies\\\/el-ayuntamiento-de-mont-roig-del-camp-congela-los-principales-impuestos-en-2026\\\/\",\"url\":\"https:\\\/\\\/mont-roig.cat\\\/es\\\/actualitat\\\/noticies\\\/el-ayuntamiento-de-mont-roig-del-camp-congela-los-principales-impuestos-en-2026\\\/\",\"name\":\"El Ayuntamiento de Mont-roig del Camp congela los principales impuestos en 2026 - Ajuntament de Mont-roig del Camp\",\"isPartOf\":{\"@id\":\"https:\\\/\\\/mont-roig.cat\\\/es\\\/#website\"},\"primaryImageOfPage\":{\"@id\":\"https:\\\/\\\/mont-roig.cat\\\/es\\\/actualitat\\\/noticies\\\/el-ayuntamiento-de-mont-roig-del-camp-congela-los-principales-impuestos-en-2026\\\/#primaryimage\"},\"image\":{\"@id\":\"https:\\\/\\\/mont-roig.cat\\\/es\\\/actualitat\\\/noticies\\\/el-ayuntamiento-de-mont-roig-del-camp-congela-los-principales-impuestos-en-2026\\\/#primaryimage\"},\"thumbnailUrl\":\"https:\\\/\\\/mont-roig.cat\\\/wp-content\\\/uploads\\\/Ple-Extraordinari-Octubre-Mont-roig-del-Camp.jpg\",\"datePublished\":\"2025-10-28T15:20:25+00:00\",\"dateModified\":\"2025-10-28T15:57:43+00:00\",\"author\":{\"@id\":\"https:\\\/\\\/mont-roig.cat\\\/es\\\/#\\\/schema\\\/person\\\/1f73e7b5e6f9dd122e8a6f14f310ac5e\"},\"breadcrumb\":{\"@id\":\"https:\\\/\\\/mont-roig.cat\\\/es\\\/actualitat\\\/noticies\\\/el-ayuntamiento-de-mont-roig-del-camp-congela-los-principales-impuestos-en-2026\\\/#breadcrumb\"},\"inLanguage\":\"es\",\"potentialAction\":[{\"@type\":\"ReadAction\",\"target\":[\"https:\\\/\\\/mont-roig.cat\\\/es\\\/actualitat\\\/noticies\\\/el-ayuntamiento-de-mont-roig-del-camp-congela-los-principales-impuestos-en-2026\\\/\"]}]},{\"@type\":\"ImageObject\",\"inLanguage\":\"es\",\"@id\":\"https:\\\/\\\/mont-roig.cat\\\/es\\\/actualitat\\\/noticies\\\/el-ayuntamiento-de-mont-roig-del-camp-congela-los-principales-impuestos-en-2026\\\/#primaryimage\",\"url\":\"https:\\\/\\\/mont-roig.cat\\\/wp-content\\\/uploads\\\/Ple-Extraordinari-Octubre-Mont-roig-del-Camp.jpg\",\"contentUrl\":\"https:\\\/\\\/mont-roig.cat\\\/wp-content\\\/uploads\\\/Ple-Extraordinari-Octubre-Mont-roig-del-Camp.jpg\",\"width\":1600,\"height\":1200},{\"@type\":\"BreadcrumbList\",\"@id\":\"https:\\\/\\\/mont-roig.cat\\\/es\\\/actualitat\\\/noticies\\\/el-ayuntamiento-de-mont-roig-del-camp-congela-los-principales-impuestos-en-2026\\\/#breadcrumb\",\"itemListElement\":[{\"@type\":\"ListItem\",\"position\":1,\"name\":\"Inici\",\"item\":\"https:\\\/\\\/mont-roig.cat\\\/es\\\/pagina-de-inicio\\\/\"},{\"@type\":\"ListItem\",\"position\":2,\"name\":\"El Ayuntamiento de Mont-roig del Camp congela los principales impuestos en 2026\"}]},{\"@type\":\"WebSite\",\"@id\":\"https:\\\/\\\/mont-roig.cat\\\/es\\\/#website\",\"url\":\"https:\\\/\\\/mont-roig.cat\\\/es\\\/\",\"name\":\"Ajuntament de Mont-roig del Camp\",\"description\":\"Tota la informaci\u00f3 sobre la instituci\u00f3, els seus \u00f2rgans de govern, actualitat, serveis i molt m\u00e9s.\",\"potentialAction\":[{\"@type\":\"SearchAction\",\"target\":{\"@type\":\"EntryPoint\",\"urlTemplate\":\"https:\\\/\\\/mont-roig.cat\\\/es\\\/?s={search_term_string}\"},\"query-input\":{\"@type\":\"PropertyValueSpecification\",\"valueRequired\":true,\"valueName\":\"search_term_string\"}}],\"inLanguage\":\"es\"},{\"@type\":\"Person\",\"@id\":\"https:\\\/\\\/mont-roig.cat\\\/es\\\/#\\\/schema\\\/person\\\/1f73e7b5e6f9dd122e8a6f14f310ac5e\",\"name\":\"comunicacio\",\"image\":{\"@type\":\"ImageObject\",\"inLanguage\":\"es\",\"@id\":\"https:\\\/\\\/secure.gravatar.com\\\/avatar\\\/98944333e7a877670a64f8d10f0cb680ab2c9ebc4efc43945ef004b52b5ad28c?s=96&d=mm&r=g\",\"url\":\"https:\\\/\\\/secure.gravatar.com\\\/avatar\\\/98944333e7a877670a64f8d10f0cb680ab2c9ebc4efc43945ef004b52b5ad28c?s=96&d=mm&r=g\",\"contentUrl\":\"https:\\\/\\\/secure.gravatar.com\\\/avatar\\\/98944333e7a877670a64f8d10f0cb680ab2c9ebc4efc43945ef004b52b5ad28c?s=96&d=mm&r=g\",\"caption\":\"comunicacio\"},\"url\":\"https:\\\/\\\/mont-roig.cat\\\/es\\\/actualitat\\\/noticies\\\/author\\\/comunicacio\\\/\"}]}<\/script>\n<!-- \/ Yoast SEO plugin. -->","yoast_head_json":{"title":"El Ayuntamiento de Mont-roig del Camp congela los principales impuestos en 2026 - Ajuntament de Mont-roig del Camp","robots":{"index":"index","follow":"follow","max-snippet":"max-snippet:-1","max-image-preview":"max-image-preview:large","max-video-preview":"max-video-preview:-1"},"canonical":"https:\/\/mont-roig.cat\/es\/actualitat\/noticies\/el-ayuntamiento-de-mont-roig-del-camp-congela-los-principales-impuestos-en-2026\/","og_locale":"es_ES","og_type":"article","og_title":"El Ayuntamiento de Mont-roig del Camp congela los principales impuestos en 2026 - Ajuntament de Mont-roig del Camp","og_description":"El pleno extraordinario celebrado este lunes ha aprobado el mantenimiento del IBI, el ICIO y el IAE, al mismo tiempo que reduce la tasa de la basura seg\u00fan la gesti\u00f3n real de cada hogar y empresa El Ayuntamiento de Mont-roig del Camp ha aprobado este lunes, en sesi\u00f3n plenaria extraordinaria, las ordenanzas fiscales para 2026. [&hellip;]","og_url":"https:\/\/mont-roig.cat\/es\/actualitat\/noticies\/el-ayuntamiento-de-mont-roig-del-camp-congela-los-principales-impuestos-en-2026\/","og_site_name":"Ajuntament de Mont-roig del Camp","article_published_time":"2025-10-28T15:20:25+00:00","article_modified_time":"2025-10-28T15:57:43+00:00","og_image":[{"width":1600,"height":1200,"url":"https:\/\/mont-roig.cat\/wp-content\/uploads\/Ple-Extraordinari-Octubre-Mont-roig-del-Camp.jpg","type":"image\/jpeg"}],"author":"comunicacio","twitter_card":"summary_large_image","twitter_misc":{"Escrito por":"comunicacio","Tiempo de lectura":"3 minutos"},"schema":{"@context":"https:\/\/schema.org","@graph":[{"@type":"Article","@id":"https:\/\/mont-roig.cat\/es\/actualitat\/noticies\/el-ayuntamiento-de-mont-roig-del-camp-congela-los-principales-impuestos-en-2026\/#article","isPartOf":{"@id":"https:\/\/mont-roig.cat\/es\/actualitat\/noticies\/el-ayuntamiento-de-mont-roig-del-camp-congela-los-principales-impuestos-en-2026\/"},"author":{"name":"comunicacio","@id":"https:\/\/mont-roig.cat\/es\/#\/schema\/person\/1f73e7b5e6f9dd122e8a6f14f310ac5e"},"headline":"El Ayuntamiento de Mont-roig del Camp congela los principales impuestos en 2026","datePublished":"2025-10-28T15:20:25+00:00","dateModified":"2025-10-28T15:57:43+00:00","mainEntityOfPage":{"@id":"https:\/\/mont-roig.cat\/es\/actualitat\/noticies\/el-ayuntamiento-de-mont-roig-del-camp-congela-los-principales-impuestos-en-2026\/"},"wordCount":515,"image":{"@id":"https:\/\/mont-roig.cat\/es\/actualitat\/noticies\/el-ayuntamiento-de-mont-roig-del-camp-congela-los-principales-impuestos-en-2026\/#primaryimage"},"thumbnailUrl":"https:\/\/mont-roig.cat\/wp-content\/uploads\/Ple-Extraordinari-Octubre-Mont-roig-del-Camp.jpg","articleSection":["Ayuntamiento","Hisenda"],"inLanguage":"es"},{"@type":"WebPage","@id":"https:\/\/mont-roig.cat\/es\/actualitat\/noticies\/el-ayuntamiento-de-mont-roig-del-camp-congela-los-principales-impuestos-en-2026\/","url":"https:\/\/mont-roig.cat\/es\/actualitat\/noticies\/el-ayuntamiento-de-mont-roig-del-camp-congela-los-principales-impuestos-en-2026\/","name":"El Ayuntamiento de Mont-roig del Camp congela los principales impuestos en 2026 - Ajuntament de Mont-roig del Camp","isPartOf":{"@id":"https:\/\/mont-roig.cat\/es\/#website"},"primaryImageOfPage":{"@id":"https:\/\/mont-roig.cat\/es\/actualitat\/noticies\/el-ayuntamiento-de-mont-roig-del-camp-congela-los-principales-impuestos-en-2026\/#primaryimage"},"image":{"@id":"https:\/\/mont-roig.cat\/es\/actualitat\/noticies\/el-ayuntamiento-de-mont-roig-del-camp-congela-los-principales-impuestos-en-2026\/#primaryimage"},"thumbnailUrl":"https:\/\/mont-roig.cat\/wp-content\/uploads\/Ple-Extraordinari-Octubre-Mont-roig-del-Camp.jpg","datePublished":"2025-10-28T15:20:25+00:00","dateModified":"2025-10-28T15:57:43+00:00","author":{"@id":"https:\/\/mont-roig.cat\/es\/#\/schema\/person\/1f73e7b5e6f9dd122e8a6f14f310ac5e"},"breadcrumb":{"@id":"https:\/\/mont-roig.cat\/es\/actualitat\/noticies\/el-ayuntamiento-de-mont-roig-del-camp-congela-los-principales-impuestos-en-2026\/#breadcrumb"},"inLanguage":"es","potentialAction":[{"@type":"ReadAction","target":["https:\/\/mont-roig.cat\/es\/actualitat\/noticies\/el-ayuntamiento-de-mont-roig-del-camp-congela-los-principales-impuestos-en-2026\/"]}]},{"@type":"ImageObject","inLanguage":"es","@id":"https:\/\/mont-roig.cat\/es\/actualitat\/noticies\/el-ayuntamiento-de-mont-roig-del-camp-congela-los-principales-impuestos-en-2026\/#primaryimage","url":"https:\/\/mont-roig.cat\/wp-content\/uploads\/Ple-Extraordinari-Octubre-Mont-roig-del-Camp.jpg","contentUrl":"https:\/\/mont-roig.cat\/wp-content\/uploads\/Ple-Extraordinari-Octubre-Mont-roig-del-Camp.jpg","width":1600,"height":1200},{"@type":"BreadcrumbList","@id":"https:\/\/mont-roig.cat\/es\/actualitat\/noticies\/el-ayuntamiento-de-mont-roig-del-camp-congela-los-principales-impuestos-en-2026\/#breadcrumb","itemListElement":[{"@type":"ListItem","position":1,"name":"Inici","item":"https:\/\/mont-roig.cat\/es\/pagina-de-inicio\/"},{"@type":"ListItem","position":2,"name":"El Ayuntamiento de Mont-roig del Camp congela los principales impuestos en 2026"}]},{"@type":"WebSite","@id":"https:\/\/mont-roig.cat\/es\/#website","url":"https:\/\/mont-roig.cat\/es\/","name":"Ajuntament de Mont-roig del Camp","description":"Tota la informaci\u00f3 sobre la instituci\u00f3, els seus \u00f2rgans de govern, actualitat, serveis i molt m\u00e9s.","potentialAction":[{"@type":"SearchAction","target":{"@type":"EntryPoint","urlTemplate":"https:\/\/mont-roig.cat\/es\/?s={search_term_string}"},"query-input":{"@type":"PropertyValueSpecification","valueRequired":true,"valueName":"search_term_string"}}],"inLanguage":"es"},{"@type":"Person","@id":"https:\/\/mont-roig.cat\/es\/#\/schema\/person\/1f73e7b5e6f9dd122e8a6f14f310ac5e","name":"comunicacio","image":{"@type":"ImageObject","inLanguage":"es","@id":"https:\/\/secure.gravatar.com\/avatar\/98944333e7a877670a64f8d10f0cb680ab2c9ebc4efc43945ef004b52b5ad28c?s=96&d=mm&r=g","url":"https:\/\/secure.gravatar.com\/avatar\/98944333e7a877670a64f8d10f0cb680ab2c9ebc4efc43945ef004b52b5ad28c?s=96&d=mm&r=g","contentUrl":"https:\/\/secure.gravatar.com\/avatar\/98944333e7a877670a64f8d10f0cb680ab2c9ebc4efc43945ef004b52b5ad28c?s=96&d=mm&r=g","caption":"comunicacio"},"url":"https:\/\/mont-roig.cat\/es\/actualitat\/noticies\/author\/comunicacio\/"}]}},"_links":{"self":[{"href":"https:\/\/mont-roig.cat\/es\/wp-json\/wp\/v2\/posts\/86352","targetHints":{"allow":["GET"]}}],"collection":[{"href":"https:\/\/mont-roig.cat\/es\/wp-json\/wp\/v2\/posts"}],"about":[{"href":"https:\/\/mont-roig.cat\/es\/wp-json\/wp\/v2\/types\/post"}],"author":[{"embeddable":true,"href":"https:\/\/mont-roig.cat\/es\/wp-json\/wp\/v2\/users\/13"}],"replies":[{"embeddable":true,"href":"https:\/\/mont-roig.cat\/es\/wp-json\/wp\/v2\/comments?post=86352"}],"version-history":[{"count":4,"href":"https:\/\/mont-roig.cat\/es\/wp-json\/wp\/v2\/posts\/86352\/revisions"}],"predecessor-version":[{"id":86357,"href":"https:\/\/mont-roig.cat\/es\/wp-json\/wp\/v2\/posts\/86352\/revisions\/86357"}],"wp:featuredmedia":[{"embeddable":true,"href":"https:\/\/mont-roig.cat\/es\/wp-json\/wp\/v2\/media\/86348"}],"wp:attachment":[{"href":"https:\/\/mont-roig.cat\/es\/wp-json\/wp\/v2\/media?parent=86352"}],"wp:term":[{"taxonomy":"category","embeddable":true,"href":"https:\/\/mont-roig.cat\/es\/wp-json\/wp\/v2\/categories?post=86352"},{"taxonomy":"post_tag","embeddable":true,"href":"https:\/\/mont-roig.cat\/es\/wp-json\/wp\/v2\/tags?post=86352"}],"curies":[{"name":"wp","href":"https:\/\/api.w.org\/{rel}","templated":true}]}}