{"id":86520,"date":"2025-11-04T13:24:29","date_gmt":"2025-11-04T12:24:29","guid":{"rendered":"https:\/\/mont-roig.cat\/actualitat\/noticies\/del-24-al-27-de-novembre-es-podra-passar-la-itv-agricola-i-de-ciclomotors-a-mont-roig-del-camp\/"},"modified":"2025-11-04T16:39:28","modified_gmt":"2025-11-04T15:39:28","slug":"del-24-al-27-de-noviembre-se-podra-pasar-la-itv-agricola-y-de-ciclomotores-en-mont-roig-del-camp","status":"publish","type":"post","link":"https:\/\/mont-roig.cat\/es\/actualitat\/noticies\/del-24-al-27-de-noviembre-se-podra-pasar-la-itv-agricola-y-de-ciclomotores-en-mont-roig-del-camp\/","title":{"rendered":"Del 24 al 27 de noviembre se podr\u00e1 pasar la ITV agr\u00edcola y de ciclomotores en Mont-roig del Camp"},"content":{"rendered":"<p><strong><strong><a href=\"https:\/\/mont-roig.cat\/wp-content\/uploads\/tractor-1.jpg\" target=\"_blank\" rel=\"noopener\"><img loading=\"lazy\" decoding=\"async\" class=\"alignright wp-image-86516\" src=\"https:\/\/mont-roig.cat\/wp-content\/uploads\/tractor-1-500x333.jpg\" alt=\"\" width=\"297\" height=\"198\" srcset=\"https:\/\/mont-roig.cat\/wp-content\/uploads\/tractor-1-500x333.jpg 500w, https:\/\/mont-roig.cat\/wp-content\/uploads\/tractor-1-1024x683.jpg 1024w, https:\/\/mont-roig.cat\/wp-content\/uploads\/tractor-1-768x512.jpg 768w, https:\/\/mont-roig.cat\/wp-content\/uploads\/tractor-1.jpg 1350w\" sizes=\"auto, (max-width: 297px) 100vw, 297px\" \/><\/a><\/strong><\/strong><\/p>\n<ul>\n<li data-start=\"199\" data-end=\"373\"><strong>Las personas interesadas deben solicitar obligatoriamente cita previa en el Ayuntamiento a trav\u00e9s del tel\u00e9fono 977 83 70 05 o bien del correo <a class=\"decorated-link cursor-pointer\" rel=\"noopener\" data-start=\"347\" data-end=\"371\">ajuntament@mont-roig.cat<\/a><\/strong><\/li>\n<\/ul>\n<p data-start=\"375\" data-end=\"700\">El Ayuntamiento de Mont-roig del Camp informa que los d\u00edas 24, 25 y 26 de noviembre la maquinaria agr\u00edcola y el d\u00eda 27 de noviembre los ciclomotores podr\u00e1n pasar la Inspecci\u00f3n T\u00e9cnica de Veh\u00edculos (ITV) en Mont-roig del Camp. La unidad m\u00f3vil para la ITV Agr\u00edcola se instalar\u00e1 en la calle Sorts (detr\u00e1s de Fisher).<\/p>\n<p data-start=\"702\" data-end=\"837\">El horario de apertura ser\u00e1 los d\u00edas 24, 25 y 26 de noviembre de 8.30 h a 12.30 h y el d\u00eda 27 de noviembre de 8.30 h a 10.00 h.<\/p>\n<p data-start=\"839\" data-end=\"1026\">Todas las personas interesadas deber\u00e1n solicitar obligatoriamente cita previa en el Ayuntamiento a trav\u00e9s del tel\u00e9fono 977 83 70 05 o bien del correo <a class=\"decorated-link cursor-pointer\" rel=\"noopener\" data-start=\"999\" data-end=\"1023\">ajuntament@mont-roig.cat<\/a>.<\/p>\n<p data-start=\"1028\" data-end=\"1251\"><strong>Periodicidad de las inspecciones<\/strong><br data-start=\"1064\" data-end=\"1067\" \/>Tractores de ruedas agr\u00edcolas o forestales, con una velocidad m\u00e1xima de fabricaci\u00f3n superior a 40 km\/h: hasta 4 a\u00f1os: exento, de 4 a 16 a\u00f1os: bienal, m\u00e1s de 16 a\u00f1os: anual.<\/p>\n<p data-start=\"1253\" data-end=\"1500\">Resto de tractores de ruedas agr\u00edcolas o forestales, m\u00e1quinas automotrices (excepto las de un eje), remolques especiales, m\u00e1quinas remolcadas y camiones agr\u00edcolas: hasta 8 a\u00f1os: exento, entre 8 y 16 a\u00f1os: bienal, m\u00e1s de 16 a\u00f1os: anual.<\/p>\n","protected":false},"excerpt":{"rendered":"<p>Las personas interesadas deben solicitar obligatoriamente cita previa en el Ayuntamiento a trav\u00e9s del tel\u00e9fono 977 83 70 05 o bien del correo ajuntament@mont-roig.cat El Ayuntamiento de Mont-roig del Camp informa que los d\u00edas 24, 25 y 26 de noviembre la maquinaria agr\u00edcola y el d\u00eda 27 de noviembre los ciclomotores podr\u00e1n pasar la Inspecci\u00f3n [&hellip;]<\/p>\n","protected":false},"author":13,"featured_media":86517,"comment_status":"closed","ping_status":"closed","sticky":false,"template":"","format":"standard","meta":{"inline_featured_image":false,"_monsterinsights_skip_tracking":false,"_monsterinsights_sitenote_active":false,"_monsterinsights_sitenote_note":"","_monsterinsights_sitenote_category":0,"footnotes":""},"categories":[98],"tags":[],"class_list":["post-86520","post","type-post","status-publish","format-standard","has-post-thumbnail","hentry","category-ayuntamiento"],"yoast_head":"<!-- This site is optimized with the Yoast SEO plugin v27.4 - https:\/\/yoast.com\/product\/yoast-seo-wordpress\/ -->\n<title>Del 24 al 27 de noviembre se podr\u00e1 pasar la ITV agr\u00edcola y de ciclomotores en Mont-roig del Camp - Ajuntament de Mont-roig del Camp<\/title>\n<meta name=\"robots\" content=\"index, follow, max-snippet:-1, max-image-preview:large, max-video-preview:-1\" \/>\n<link rel=\"canonical\" href=\"https:\/\/mont-roig.cat\/es\/actualitat\/noticies\/del-24-al-27-de-noviembre-se-podra-pasar-la-itv-agricola-y-de-ciclomotores-en-mont-roig-del-camp\/\" \/>\n<meta property=\"og:locale\" content=\"es_ES\" \/>\n<meta property=\"og:type\" content=\"article\" \/>\n<meta property=\"og:title\" content=\"Del 24 al 27 de noviembre se podr\u00e1 pasar la ITV agr\u00edcola y de ciclomotores en Mont-roig del Camp - Ajuntament de Mont-roig del Camp\" \/>\n<meta property=\"og:description\" content=\"Las personas interesadas deben solicitar obligatoriamente cita previa en el Ayuntamiento a trav\u00e9s del tel\u00e9fono 977 83 70 05 o bien del correo ajuntament@mont-roig.cat El Ayuntamiento de Mont-roig del Camp informa que los d\u00edas 24, 25 y 26 de noviembre la maquinaria agr\u00edcola y el d\u00eda 27 de noviembre los ciclomotores podr\u00e1n pasar la Inspecci\u00f3n [&hellip;]\" \/>\n<meta property=\"og:url\" content=\"https:\/\/mont-roig.cat\/es\/actualitat\/noticies\/del-24-al-27-de-noviembre-se-podra-pasar-la-itv-agricola-y-de-ciclomotores-en-mont-roig-del-camp\/\" \/>\n<meta property=\"og:site_name\" content=\"Ajuntament de Mont-roig del Camp\" \/>\n<meta property=\"article:published_time\" content=\"2025-11-04T12:24:29+00:00\" \/>\n<meta property=\"article:modified_time\" content=\"2025-11-04T15:39:28+00:00\" \/>\n<meta property=\"og:image\" content=\"https:\/\/mont-roig.cat\/wp-content\/uploads\/tractor-1.jpg\" \/>\n\t<meta property=\"og:image:width\" content=\"1350\" \/>\n\t<meta property=\"og:image:height\" content=\"900\" \/>\n\t<meta property=\"og:image:type\" content=\"image\/jpeg\" \/>\n<meta name=\"author\" content=\"comunicacio\" \/>\n<meta name=\"twitter:card\" content=\"summary_large_image\" \/>\n<meta name=\"twitter:label1\" content=\"Escrito por\" \/>\n\t<meta name=\"twitter:data1\" content=\"comunicacio\" \/>\n\t<meta name=\"twitter:label2\" content=\"Tiempo de lectura\" \/>\n\t<meta name=\"twitter:data2\" content=\"2 minutos\" \/>\n<script type=\"application\/ld+json\" class=\"yoast-schema-graph\">{\"@context\":\"https:\\\/\\\/schema.org\",\"@graph\":[{\"@type\":\"Article\",\"@id\":\"https:\\\/\\\/mont-roig.cat\\\/es\\\/actualitat\\\/noticies\\\/del-24-al-27-de-noviembre-se-podra-pasar-la-itv-agricola-y-de-ciclomotores-en-mont-roig-del-camp\\\/#article\",\"isPartOf\":{\"@id\":\"https:\\\/\\\/mont-roig.cat\\\/es\\\/actualitat\\\/noticies\\\/del-24-al-27-de-noviembre-se-podra-pasar-la-itv-agricola-y-de-ciclomotores-en-mont-roig-del-camp\\\/\"},\"author\":{\"name\":\"comunicacio\",\"@id\":\"https:\\\/\\\/mont-roig.cat\\\/es\\\/#\\\/schema\\\/person\\\/1f73e7b5e6f9dd122e8a6f14f310ac5e\"},\"headline\":\"Del 24 al 27 de noviembre se podr\u00e1 pasar la ITV agr\u00edcola y de ciclomotores en Mont-roig del Camp\",\"datePublished\":\"2025-11-04T12:24:29+00:00\",\"dateModified\":\"2025-11-04T15:39:28+00:00\",\"mainEntityOfPage\":{\"@id\":\"https:\\\/\\\/mont-roig.cat\\\/es\\\/actualitat\\\/noticies\\\/del-24-al-27-de-noviembre-se-podra-pasar-la-itv-agricola-y-de-ciclomotores-en-mont-roig-del-camp\\\/\"},\"wordCount\":233,\"image\":{\"@id\":\"https:\\\/\\\/mont-roig.cat\\\/es\\\/actualitat\\\/noticies\\\/del-24-al-27-de-noviembre-se-podra-pasar-la-itv-agricola-y-de-ciclomotores-en-mont-roig-del-camp\\\/#primaryimage\"},\"thumbnailUrl\":\"https:\\\/\\\/mont-roig.cat\\\/wp-content\\\/uploads\\\/tractor-1.jpg\",\"articleSection\":[\"Ayuntamiento\"],\"inLanguage\":\"es\"},{\"@type\":\"WebPage\",\"@id\":\"https:\\\/\\\/mont-roig.cat\\\/es\\\/actualitat\\\/noticies\\\/del-24-al-27-de-noviembre-se-podra-pasar-la-itv-agricola-y-de-ciclomotores-en-mont-roig-del-camp\\\/\",\"url\":\"https:\\\/\\\/mont-roig.cat\\\/es\\\/actualitat\\\/noticies\\\/del-24-al-27-de-noviembre-se-podra-pasar-la-itv-agricola-y-de-ciclomotores-en-mont-roig-del-camp\\\/\",\"name\":\"Del 24 al 27 de noviembre se podr\u00e1 pasar la ITV agr\u00edcola y de ciclomotores en Mont-roig del Camp - Ajuntament de Mont-roig del Camp\",\"isPartOf\":{\"@id\":\"https:\\\/\\\/mont-roig.cat\\\/es\\\/#website\"},\"primaryImageOfPage\":{\"@id\":\"https:\\\/\\\/mont-roig.cat\\\/es\\\/actualitat\\\/noticies\\\/del-24-al-27-de-noviembre-se-podra-pasar-la-itv-agricola-y-de-ciclomotores-en-mont-roig-del-camp\\\/#primaryimage\"},\"image\":{\"@id\":\"https:\\\/\\\/mont-roig.cat\\\/es\\\/actualitat\\\/noticies\\\/del-24-al-27-de-noviembre-se-podra-pasar-la-itv-agricola-y-de-ciclomotores-en-mont-roig-del-camp\\\/#primaryimage\"},\"thumbnailUrl\":\"https:\\\/\\\/mont-roig.cat\\\/wp-content\\\/uploads\\\/tractor-1.jpg\",\"datePublished\":\"2025-11-04T12:24:29+00:00\",\"dateModified\":\"2025-11-04T15:39:28+00:00\",\"author\":{\"@id\":\"https:\\\/\\\/mont-roig.cat\\\/es\\\/#\\\/schema\\\/person\\\/1f73e7b5e6f9dd122e8a6f14f310ac5e\"},\"breadcrumb\":{\"@id\":\"https:\\\/\\\/mont-roig.cat\\\/es\\\/actualitat\\\/noticies\\\/del-24-al-27-de-noviembre-se-podra-pasar-la-itv-agricola-y-de-ciclomotores-en-mont-roig-del-camp\\\/#breadcrumb\"},\"inLanguage\":\"es\",\"potentialAction\":[{\"@type\":\"ReadAction\",\"target\":[\"https:\\\/\\\/mont-roig.cat\\\/es\\\/actualitat\\\/noticies\\\/del-24-al-27-de-noviembre-se-podra-pasar-la-itv-agricola-y-de-ciclomotores-en-mont-roig-del-camp\\\/\"]}]},{\"@type\":\"ImageObject\",\"inLanguage\":\"es\",\"@id\":\"https:\\\/\\\/mont-roig.cat\\\/es\\\/actualitat\\\/noticies\\\/del-24-al-27-de-noviembre-se-podra-pasar-la-itv-agricola-y-de-ciclomotores-en-mont-roig-del-camp\\\/#primaryimage\",\"url\":\"https:\\\/\\\/mont-roig.cat\\\/wp-content\\\/uploads\\\/tractor-1.jpg\",\"contentUrl\":\"https:\\\/\\\/mont-roig.cat\\\/wp-content\\\/uploads\\\/tractor-1.jpg\",\"width\":1350,\"height\":900},{\"@type\":\"BreadcrumbList\",\"@id\":\"https:\\\/\\\/mont-roig.cat\\\/es\\\/actualitat\\\/noticies\\\/del-24-al-27-de-noviembre-se-podra-pasar-la-itv-agricola-y-de-ciclomotores-en-mont-roig-del-camp\\\/#breadcrumb\",\"itemListElement\":[{\"@type\":\"ListItem\",\"position\":1,\"name\":\"Inici\",\"item\":\"https:\\\/\\\/mont-roig.cat\\\/es\\\/pagina-de-inicio\\\/\"},{\"@type\":\"ListItem\",\"position\":2,\"name\":\"Del 24 al 27 de noviembre se podr\u00e1 pasar la ITV agr\u00edcola y de ciclomotores en Mont-roig del Camp\"}]},{\"@type\":\"WebSite\",\"@id\":\"https:\\\/\\\/mont-roig.cat\\\/es\\\/#website\",\"url\":\"https:\\\/\\\/mont-roig.cat\\\/es\\\/\",\"name\":\"Ajuntament de Mont-roig del Camp\",\"description\":\"Tota la informaci\u00f3 sobre la instituci\u00f3, els seus \u00f2rgans de govern, actualitat, serveis i molt m\u00e9s.\",\"potentialAction\":[{\"@type\":\"SearchAction\",\"target\":{\"@type\":\"EntryPoint\",\"urlTemplate\":\"https:\\\/\\\/mont-roig.cat\\\/es\\\/?s={search_term_string}\"},\"query-input\":{\"@type\":\"PropertyValueSpecification\",\"valueRequired\":true,\"valueName\":\"search_term_string\"}}],\"inLanguage\":\"es\"},{\"@type\":\"Person\",\"@id\":\"https:\\\/\\\/mont-roig.cat\\\/es\\\/#\\\/schema\\\/person\\\/1f73e7b5e6f9dd122e8a6f14f310ac5e\",\"name\":\"comunicacio\",\"image\":{\"@type\":\"ImageObject\",\"inLanguage\":\"es\",\"@id\":\"https:\\\/\\\/secure.gravatar.com\\\/avatar\\\/98944333e7a877670a64f8d10f0cb680ab2c9ebc4efc43945ef004b52b5ad28c?s=96&d=mm&r=g\",\"url\":\"https:\\\/\\\/secure.gravatar.com\\\/avatar\\\/98944333e7a877670a64f8d10f0cb680ab2c9ebc4efc43945ef004b52b5ad28c?s=96&d=mm&r=g\",\"contentUrl\":\"https:\\\/\\\/secure.gravatar.com\\\/avatar\\\/98944333e7a877670a64f8d10f0cb680ab2c9ebc4efc43945ef004b52b5ad28c?s=96&d=mm&r=g\",\"caption\":\"comunicacio\"},\"url\":\"https:\\\/\\\/mont-roig.cat\\\/es\\\/actualitat\\\/noticies\\\/author\\\/comunicacio\\\/\"}]}<\/script>\n<!-- \/ Yoast SEO plugin. -->","yoast_head_json":{"title":"Del 24 al 27 de noviembre se podr\u00e1 pasar la ITV agr\u00edcola y de ciclomotores en Mont-roig del Camp - Ajuntament de Mont-roig del Camp","robots":{"index":"index","follow":"follow","max-snippet":"max-snippet:-1","max-image-preview":"max-image-preview:large","max-video-preview":"max-video-preview:-1"},"canonical":"https:\/\/mont-roig.cat\/es\/actualitat\/noticies\/del-24-al-27-de-noviembre-se-podra-pasar-la-itv-agricola-y-de-ciclomotores-en-mont-roig-del-camp\/","og_locale":"es_ES","og_type":"article","og_title":"Del 24 al 27 de noviembre se podr\u00e1 pasar la ITV agr\u00edcola y de ciclomotores en Mont-roig del Camp - Ajuntament de Mont-roig del Camp","og_description":"Las personas interesadas deben solicitar obligatoriamente cita previa en el Ayuntamiento a trav\u00e9s del tel\u00e9fono 977 83 70 05 o bien del correo ajuntament@mont-roig.cat El Ayuntamiento de Mont-roig del Camp informa que los d\u00edas 24, 25 y 26 de noviembre la maquinaria agr\u00edcola y el d\u00eda 27 de noviembre los ciclomotores podr\u00e1n pasar la Inspecci\u00f3n [&hellip;]","og_url":"https:\/\/mont-roig.cat\/es\/actualitat\/noticies\/del-24-al-27-de-noviembre-se-podra-pasar-la-itv-agricola-y-de-ciclomotores-en-mont-roig-del-camp\/","og_site_name":"Ajuntament de Mont-roig del Camp","article_published_time":"2025-11-04T12:24:29+00:00","article_modified_time":"2025-11-04T15:39:28+00:00","og_image":[{"width":1350,"height":900,"url":"https:\/\/mont-roig.cat\/wp-content\/uploads\/tractor-1.jpg","type":"image\/jpeg"}],"author":"comunicacio","twitter_card":"summary_large_image","twitter_misc":{"Escrito por":"comunicacio","Tiempo de lectura":"2 minutos"},"schema":{"@context":"https:\/\/schema.org","@graph":[{"@type":"Article","@id":"https:\/\/mont-roig.cat\/es\/actualitat\/noticies\/del-24-al-27-de-noviembre-se-podra-pasar-la-itv-agricola-y-de-ciclomotores-en-mont-roig-del-camp\/#article","isPartOf":{"@id":"https:\/\/mont-roig.cat\/es\/actualitat\/noticies\/del-24-al-27-de-noviembre-se-podra-pasar-la-itv-agricola-y-de-ciclomotores-en-mont-roig-del-camp\/"},"author":{"name":"comunicacio","@id":"https:\/\/mont-roig.cat\/es\/#\/schema\/person\/1f73e7b5e6f9dd122e8a6f14f310ac5e"},"headline":"Del 24 al 27 de noviembre se podr\u00e1 pasar la ITV agr\u00edcola y de ciclomotores en Mont-roig del Camp","datePublished":"2025-11-04T12:24:29+00:00","dateModified":"2025-11-04T15:39:28+00:00","mainEntityOfPage":{"@id":"https:\/\/mont-roig.cat\/es\/actualitat\/noticies\/del-24-al-27-de-noviembre-se-podra-pasar-la-itv-agricola-y-de-ciclomotores-en-mont-roig-del-camp\/"},"wordCount":233,"image":{"@id":"https:\/\/mont-roig.cat\/es\/actualitat\/noticies\/del-24-al-27-de-noviembre-se-podra-pasar-la-itv-agricola-y-de-ciclomotores-en-mont-roig-del-camp\/#primaryimage"},"thumbnailUrl":"https:\/\/mont-roig.cat\/wp-content\/uploads\/tractor-1.jpg","articleSection":["Ayuntamiento"],"inLanguage":"es"},{"@type":"WebPage","@id":"https:\/\/mont-roig.cat\/es\/actualitat\/noticies\/del-24-al-27-de-noviembre-se-podra-pasar-la-itv-agricola-y-de-ciclomotores-en-mont-roig-del-camp\/","url":"https:\/\/mont-roig.cat\/es\/actualitat\/noticies\/del-24-al-27-de-noviembre-se-podra-pasar-la-itv-agricola-y-de-ciclomotores-en-mont-roig-del-camp\/","name":"Del 24 al 27 de noviembre se podr\u00e1 pasar la ITV agr\u00edcola y de ciclomotores en Mont-roig del Camp - Ajuntament de Mont-roig del Camp","isPartOf":{"@id":"https:\/\/mont-roig.cat\/es\/#website"},"primaryImageOfPage":{"@id":"https:\/\/mont-roig.cat\/es\/actualitat\/noticies\/del-24-al-27-de-noviembre-se-podra-pasar-la-itv-agricola-y-de-ciclomotores-en-mont-roig-del-camp\/#primaryimage"},"image":{"@id":"https:\/\/mont-roig.cat\/es\/actualitat\/noticies\/del-24-al-27-de-noviembre-se-podra-pasar-la-itv-agricola-y-de-ciclomotores-en-mont-roig-del-camp\/#primaryimage"},"thumbnailUrl":"https:\/\/mont-roig.cat\/wp-content\/uploads\/tractor-1.jpg","datePublished":"2025-11-04T12:24:29+00:00","dateModified":"2025-11-04T15:39:28+00:00","author":{"@id":"https:\/\/mont-roig.cat\/es\/#\/schema\/person\/1f73e7b5e6f9dd122e8a6f14f310ac5e"},"breadcrumb":{"@id":"https:\/\/mont-roig.cat\/es\/actualitat\/noticies\/del-24-al-27-de-noviembre-se-podra-pasar-la-itv-agricola-y-de-ciclomotores-en-mont-roig-del-camp\/#breadcrumb"},"inLanguage":"es","potentialAction":[{"@type":"ReadAction","target":["https:\/\/mont-roig.cat\/es\/actualitat\/noticies\/del-24-al-27-de-noviembre-se-podra-pasar-la-itv-agricola-y-de-ciclomotores-en-mont-roig-del-camp\/"]}]},{"@type":"ImageObject","inLanguage":"es","@id":"https:\/\/mont-roig.cat\/es\/actualitat\/noticies\/del-24-al-27-de-noviembre-se-podra-pasar-la-itv-agricola-y-de-ciclomotores-en-mont-roig-del-camp\/#primaryimage","url":"https:\/\/mont-roig.cat\/wp-content\/uploads\/tractor-1.jpg","contentUrl":"https:\/\/mont-roig.cat\/wp-content\/uploads\/tractor-1.jpg","width":1350,"height":900},{"@type":"BreadcrumbList","@id":"https:\/\/mont-roig.cat\/es\/actualitat\/noticies\/del-24-al-27-de-noviembre-se-podra-pasar-la-itv-agricola-y-de-ciclomotores-en-mont-roig-del-camp\/#breadcrumb","itemListElement":[{"@type":"ListItem","position":1,"name":"Inici","item":"https:\/\/mont-roig.cat\/es\/pagina-de-inicio\/"},{"@type":"ListItem","position":2,"name":"Del 24 al 27 de noviembre se podr\u00e1 pasar la ITV agr\u00edcola y de ciclomotores en Mont-roig del Camp"}]},{"@type":"WebSite","@id":"https:\/\/mont-roig.cat\/es\/#website","url":"https:\/\/mont-roig.cat\/es\/","name":"Ajuntament de Mont-roig del Camp","description":"Tota la informaci\u00f3 sobre la instituci\u00f3, els seus \u00f2rgans de govern, actualitat, serveis i molt m\u00e9s.","potentialAction":[{"@type":"SearchAction","target":{"@type":"EntryPoint","urlTemplate":"https:\/\/mont-roig.cat\/es\/?s={search_term_string}"},"query-input":{"@type":"PropertyValueSpecification","valueRequired":true,"valueName":"search_term_string"}}],"inLanguage":"es"},{"@type":"Person","@id":"https:\/\/mont-roig.cat\/es\/#\/schema\/person\/1f73e7b5e6f9dd122e8a6f14f310ac5e","name":"comunicacio","image":{"@type":"ImageObject","inLanguage":"es","@id":"https:\/\/secure.gravatar.com\/avatar\/98944333e7a877670a64f8d10f0cb680ab2c9ebc4efc43945ef004b52b5ad28c?s=96&d=mm&r=g","url":"https:\/\/secure.gravatar.com\/avatar\/98944333e7a877670a64f8d10f0cb680ab2c9ebc4efc43945ef004b52b5ad28c?s=96&d=mm&r=g","contentUrl":"https:\/\/secure.gravatar.com\/avatar\/98944333e7a877670a64f8d10f0cb680ab2c9ebc4efc43945ef004b52b5ad28c?s=96&d=mm&r=g","caption":"comunicacio"},"url":"https:\/\/mont-roig.cat\/es\/actualitat\/noticies\/author\/comunicacio\/"}]}},"_links":{"self":[{"href":"https:\/\/mont-roig.cat\/es\/wp-json\/wp\/v2\/posts\/86520","targetHints":{"allow":["GET"]}}],"collection":[{"href":"https:\/\/mont-roig.cat\/es\/wp-json\/wp\/v2\/posts"}],"about":[{"href":"https:\/\/mont-roig.cat\/es\/wp-json\/wp\/v2\/types\/post"}],"author":[{"embeddable":true,"href":"https:\/\/mont-roig.cat\/es\/wp-json\/wp\/v2\/users\/13"}],"replies":[{"embeddable":true,"href":"https:\/\/mont-roig.cat\/es\/wp-json\/wp\/v2\/comments?post=86520"}],"version-history":[{"count":2,"href":"https:\/\/mont-roig.cat\/es\/wp-json\/wp\/v2\/posts\/86520\/revisions"}],"predecessor-version":[{"id":86522,"href":"https:\/\/mont-roig.cat\/es\/wp-json\/wp\/v2\/posts\/86520\/revisions\/86522"}],"wp:featuredmedia":[{"embeddable":true,"href":"https:\/\/mont-roig.cat\/es\/wp-json\/wp\/v2\/media\/86517"}],"wp:attachment":[{"href":"https:\/\/mont-roig.cat\/es\/wp-json\/wp\/v2\/media?parent=86520"}],"wp:term":[{"taxonomy":"category","embeddable":true,"href":"https:\/\/mont-roig.cat\/es\/wp-json\/wp\/v2\/categories?post=86520"},{"taxonomy":"post_tag","embeddable":true,"href":"https:\/\/mont-roig.cat\/es\/wp-json\/wp\/v2\/tags?post=86520"}],"curies":[{"name":"wp","href":"https:\/\/api.w.org\/{rel}","templated":true}]}}