{"id":86544,"date":"2025-11-05T14:19:22","date_gmt":"2025-11-05T13:19:22","guid":{"rendered":"https:\/\/mont-roig.cat\/actualitat\/noticies\/nostreserveis-posa-en-valor-la-brigada-de-neteja-viaria\/"},"modified":"2025-11-05T14:22:55","modified_gmt":"2025-11-05T13:22:55","slug":"nostreserveis-pone-en-valor-la-brigada-de-limpieza-viaria","status":"publish","type":"post","link":"https:\/\/mont-roig.cat\/es\/actualitat\/noticies\/nostreserveis-pone-en-valor-la-brigada-de-limpieza-viaria\/","title":{"rendered":"Nostreserveis pone en valor la brigada de limpieza viaria"},"content":{"rendered":"<p><strong data-start=\"190\" data-end=\"275\"><strong data-start=\"190\" data-end=\"275\"><a href=\"https:\/\/mont-roig.cat\/wp-content\/uploads\/ML_Campanya-grafica_Nostreserveis_tardor_llar-neteja-via\u2560Cria_vf-scaled.jpg\" target=\"_blank\" rel=\"noopener\"><img loading=\"lazy\" decoding=\"async\" class=\"alignright wp-image-86540\" src=\"https:\/\/mont-roig.cat\/wp-content\/uploads\/ML_Campanya-grafica_Nostreserveis_tardor_llar-neteja-via\u2560Cria_vf-356x500.jpg\" alt=\"\" width=\"243\" height=\"341\" srcset=\"https:\/\/mont-roig.cat\/wp-content\/uploads\/ML_Campanya-grafica_Nostreserveis_tardor_llar-neteja-via\u2560Cria_vf-356x500.jpg 356w, https:\/\/mont-roig.cat\/wp-content\/uploads\/ML_Campanya-grafica_Nostreserveis_tardor_llar-neteja-via\u2560Cria_vf-728x1024.jpg 728w, https:\/\/mont-roig.cat\/wp-content\/uploads\/ML_Campanya-grafica_Nostreserveis_tardor_llar-neteja-via\u2560Cria_vf-768x1080.jpg 768w, https:\/\/mont-roig.cat\/wp-content\/uploads\/ML_Campanya-grafica_Nostreserveis_tardor_llar-neteja-via\u2560Cria_vf-1093x1536.jpg 1093w, https:\/\/mont-roig.cat\/wp-content\/uploads\/ML_Campanya-grafica_Nostreserveis_tardor_llar-neteja-via\u2560Cria_vf-scaled.jpg 1457w\" sizes=\"auto, (max-width: 243px) 100vw, 243px\" \/><\/a><\/strong><\/strong><\/p>\n<ul>\n<li data-start=\"190\" data-end=\"309\"><strong>Nueva acci\u00f3n de la campa\u00f1a <em data-start=\"217\" data-end=\"245\">\u2018A la tardor i tot l\u2019any!\u2019<\/em> para destacar el trabajo esencial de los servicios municipales.<\/strong><\/li>\n<\/ul>\n<p data-start=\"311\" data-end=\"659\">Nostreserveis contin\u00faa con la campa\u00f1a destinada a dar visibilidad al trabajo de las brigadas municipales y de los servicios que contribuyen cada d\u00eda al bienestar de la ciudadan\u00eda. En esta ocasi\u00f3n, el foco se pone en la brigada de limpieza viaria, un servicio imprescindible para mantener las calles limpias, seguras y agradables para todo el mundo.<\/p>\n<p data-start=\"661\" data-end=\"1027\">Se trata de la brigada m\u00e1s joven de la Entidad, con poco m\u00e1s de un a\u00f1o de trayectoria, durante el cual ha consolidado un equipo comprometido con la mejora constante del servicio. El nuevo cartel de la campa\u00f1a muestra im\u00e1genes reales de personas trabajando en la calle, reforzando la idea de esfuerzo, coordinaci\u00f3n y responsabilidad en el cuidado del espacio p\u00fablico.<\/p>\n<p data-start=\"1029\" data-end=\"1289\">Con el eslogan <em data-start=\"1044\" data-end=\"1070\">A la tardor i tot l\u2019any!<\/em>, la campa\u00f1a quiere reconocer el trabajo diario y continuo del equipo de limpieza, que trabaja para garantizar un municipio en las mejores condiciones, independientemente de la estaci\u00f3n o de las inclemencias del tiempo.<\/p>\n<p data-start=\"1291\" data-end=\"1599\">Esta acci\u00f3n forma parte del proyecto de Nostreserveis para poner en valor los servicios p\u00fablicos municipales y acercar a la ciudadan\u00eda la labor que se realiza desde la Entidad. En los pr\u00f3ximos meses, la campa\u00f1a continuar\u00e1 destacando otros servicios y brigadas que trabajan para mejorar el d\u00eda a d\u00eda de todos.<\/p>\n","protected":false},"excerpt":{"rendered":"<p>Nueva acci\u00f3n de la campa\u00f1a \u2018A la tardor i tot l\u2019any!\u2019 para destacar el trabajo esencial de los servicios municipales. Nostreserveis contin\u00faa con la campa\u00f1a destinada a dar visibilidad al trabajo de las brigadas municipales y de los servicios que contribuyen cada d\u00eda al bienestar de la ciudadan\u00eda. En esta ocasi\u00f3n, el foco se pone [&hellip;]<\/p>\n","protected":false},"author":13,"featured_media":86541,"comment_status":"closed","ping_status":"closed","sticky":false,"template":"","format":"standard","meta":{"inline_featured_image":false,"_monsterinsights_skip_tracking":false,"_monsterinsights_sitenote_active":false,"_monsterinsights_sitenote_note":"","_monsterinsights_sitenote_category":0,"footnotes":""},"categories":[98,204],"tags":[],"class_list":["post-86544","post","type-post","status-publish","format-standard","has-post-thumbnail","hentry","category-ayuntamiento","category-nostreserveis-es"],"yoast_head":"<!-- This site is optimized with the Yoast SEO plugin v27.4 - https:\/\/yoast.com\/product\/yoast-seo-wordpress\/ -->\n<title>Nostreserveis pone en valor la brigada de limpieza viaria - Ajuntament de Mont-roig del Camp<\/title>\n<meta name=\"robots\" content=\"index, follow, max-snippet:-1, max-image-preview:large, max-video-preview:-1\" \/>\n<link rel=\"canonical\" href=\"https:\/\/mont-roig.cat\/es\/actualitat\/noticies\/nostreserveis-pone-en-valor-la-brigada-de-limpieza-viaria\/\" \/>\n<meta property=\"og:locale\" content=\"es_ES\" \/>\n<meta property=\"og:type\" content=\"article\" \/>\n<meta property=\"og:title\" content=\"Nostreserveis pone en valor la brigada de limpieza viaria - Ajuntament de Mont-roig del Camp\" \/>\n<meta property=\"og:description\" content=\"Nueva acci\u00f3n de la campa\u00f1a \u2018A la tardor i tot l\u2019any!\u2019 para destacar el trabajo esencial de los servicios municipales. Nostreserveis contin\u00faa con la campa\u00f1a destinada a dar visibilidad al trabajo de las brigadas municipales y de los servicios que contribuyen cada d\u00eda al bienestar de la ciudadan\u00eda. En esta ocasi\u00f3n, el foco se pone [&hellip;]\" \/>\n<meta property=\"og:url\" content=\"https:\/\/mont-roig.cat\/es\/actualitat\/noticies\/nostreserveis-pone-en-valor-la-brigada-de-limpieza-viaria\/\" \/>\n<meta property=\"og:site_name\" content=\"Ajuntament de Mont-roig del Camp\" \/>\n<meta property=\"article:published_time\" content=\"2025-11-05T13:19:22+00:00\" \/>\n<meta property=\"article:modified_time\" content=\"2025-11-05T13:22:55+00:00\" \/>\n<meta property=\"og:image\" content=\"https:\/\/mont-roig.cat\/wp-content\/uploads\/ML_Campanya-grafica_Nostreserveis_tardor_llar-neteja-via\u2560Cria_vf-scaled.jpg\" \/>\n\t<meta property=\"og:image:width\" content=\"1457\" \/>\n\t<meta property=\"og:image:height\" content=\"2048\" \/>\n\t<meta property=\"og:image:type\" content=\"image\/jpeg\" \/>\n<meta name=\"author\" content=\"comunicacio\" \/>\n<meta name=\"twitter:card\" content=\"summary_large_image\" \/>\n<meta name=\"twitter:label1\" content=\"Escrito por\" \/>\n\t<meta name=\"twitter:data1\" content=\"comunicacio\" \/>\n\t<meta name=\"twitter:label2\" content=\"Tiempo de lectura\" \/>\n\t<meta name=\"twitter:data2\" content=\"2 minutos\" \/>\n<script type=\"application\/ld+json\" class=\"yoast-schema-graph\">{\"@context\":\"https:\\\/\\\/schema.org\",\"@graph\":[{\"@type\":\"Article\",\"@id\":\"https:\\\/\\\/mont-roig.cat\\\/es\\\/actualitat\\\/noticies\\\/nostreserveis-pone-en-valor-la-brigada-de-limpieza-viaria\\\/#article\",\"isPartOf\":{\"@id\":\"https:\\\/\\\/mont-roig.cat\\\/es\\\/actualitat\\\/noticies\\\/nostreserveis-pone-en-valor-la-brigada-de-limpieza-viaria\\\/\"},\"author\":{\"name\":\"comunicacio\",\"@id\":\"https:\\\/\\\/mont-roig.cat\\\/es\\\/#\\\/schema\\\/person\\\/1f73e7b5e6f9dd122e8a6f14f310ac5e\"},\"headline\":\"Nostreserveis pone en valor la brigada de limpieza viaria\",\"datePublished\":\"2025-11-05T13:19:22+00:00\",\"dateModified\":\"2025-11-05T13:22:55+00:00\",\"mainEntityOfPage\":{\"@id\":\"https:\\\/\\\/mont-roig.cat\\\/es\\\/actualitat\\\/noticies\\\/nostreserveis-pone-en-valor-la-brigada-de-limpieza-viaria\\\/\"},\"wordCount\":264,\"image\":{\"@id\":\"https:\\\/\\\/mont-roig.cat\\\/es\\\/actualitat\\\/noticies\\\/nostreserveis-pone-en-valor-la-brigada-de-limpieza-viaria\\\/#primaryimage\"},\"thumbnailUrl\":\"https:\\\/\\\/mont-roig.cat\\\/wp-content\\\/uploads\\\/ML_Campanya-grafica_Nostreserveis_tardor_llar-neteja-via\u2560Cria_vf-scaled.jpg\",\"articleSection\":[\"Ayuntamiento\",\"Nostreserveis\"],\"inLanguage\":\"es\"},{\"@type\":\"WebPage\",\"@id\":\"https:\\\/\\\/mont-roig.cat\\\/es\\\/actualitat\\\/noticies\\\/nostreserveis-pone-en-valor-la-brigada-de-limpieza-viaria\\\/\",\"url\":\"https:\\\/\\\/mont-roig.cat\\\/es\\\/actualitat\\\/noticies\\\/nostreserveis-pone-en-valor-la-brigada-de-limpieza-viaria\\\/\",\"name\":\"Nostreserveis pone en valor la brigada de limpieza viaria - Ajuntament de Mont-roig del Camp\",\"isPartOf\":{\"@id\":\"https:\\\/\\\/mont-roig.cat\\\/es\\\/#website\"},\"primaryImageOfPage\":{\"@id\":\"https:\\\/\\\/mont-roig.cat\\\/es\\\/actualitat\\\/noticies\\\/nostreserveis-pone-en-valor-la-brigada-de-limpieza-viaria\\\/#primaryimage\"},\"image\":{\"@id\":\"https:\\\/\\\/mont-roig.cat\\\/es\\\/actualitat\\\/noticies\\\/nostreserveis-pone-en-valor-la-brigada-de-limpieza-viaria\\\/#primaryimage\"},\"thumbnailUrl\":\"https:\\\/\\\/mont-roig.cat\\\/wp-content\\\/uploads\\\/ML_Campanya-grafica_Nostreserveis_tardor_llar-neteja-via\u2560Cria_vf-scaled.jpg\",\"datePublished\":\"2025-11-05T13:19:22+00:00\",\"dateModified\":\"2025-11-05T13:22:55+00:00\",\"author\":{\"@id\":\"https:\\\/\\\/mont-roig.cat\\\/es\\\/#\\\/schema\\\/person\\\/1f73e7b5e6f9dd122e8a6f14f310ac5e\"},\"breadcrumb\":{\"@id\":\"https:\\\/\\\/mont-roig.cat\\\/es\\\/actualitat\\\/noticies\\\/nostreserveis-pone-en-valor-la-brigada-de-limpieza-viaria\\\/#breadcrumb\"},\"inLanguage\":\"es\",\"potentialAction\":[{\"@type\":\"ReadAction\",\"target\":[\"https:\\\/\\\/mont-roig.cat\\\/es\\\/actualitat\\\/noticies\\\/nostreserveis-pone-en-valor-la-brigada-de-limpieza-viaria\\\/\"]}]},{\"@type\":\"ImageObject\",\"inLanguage\":\"es\",\"@id\":\"https:\\\/\\\/mont-roig.cat\\\/es\\\/actualitat\\\/noticies\\\/nostreserveis-pone-en-valor-la-brigada-de-limpieza-viaria\\\/#primaryimage\",\"url\":\"https:\\\/\\\/mont-roig.cat\\\/wp-content\\\/uploads\\\/ML_Campanya-grafica_Nostreserveis_tardor_llar-neteja-via\u2560Cria_vf-scaled.jpg\",\"contentUrl\":\"https:\\\/\\\/mont-roig.cat\\\/wp-content\\\/uploads\\\/ML_Campanya-grafica_Nostreserveis_tardor_llar-neteja-via\u2560Cria_vf-scaled.jpg\",\"width\":1457,\"height\":2048},{\"@type\":\"BreadcrumbList\",\"@id\":\"https:\\\/\\\/mont-roig.cat\\\/es\\\/actualitat\\\/noticies\\\/nostreserveis-pone-en-valor-la-brigada-de-limpieza-viaria\\\/#breadcrumb\",\"itemListElement\":[{\"@type\":\"ListItem\",\"position\":1,\"name\":\"Inici\",\"item\":\"https:\\\/\\\/mont-roig.cat\\\/es\\\/pagina-de-inicio\\\/\"},{\"@type\":\"ListItem\",\"position\":2,\"name\":\"Nostreserveis pone en valor la brigada de limpieza viaria\"}]},{\"@type\":\"WebSite\",\"@id\":\"https:\\\/\\\/mont-roig.cat\\\/es\\\/#website\",\"url\":\"https:\\\/\\\/mont-roig.cat\\\/es\\\/\",\"name\":\"Ajuntament de Mont-roig del Camp\",\"description\":\"Tota la informaci\u00f3 sobre la instituci\u00f3, els seus \u00f2rgans de govern, actualitat, serveis i molt m\u00e9s.\",\"potentialAction\":[{\"@type\":\"SearchAction\",\"target\":{\"@type\":\"EntryPoint\",\"urlTemplate\":\"https:\\\/\\\/mont-roig.cat\\\/es\\\/?s={search_term_string}\"},\"query-input\":{\"@type\":\"PropertyValueSpecification\",\"valueRequired\":true,\"valueName\":\"search_term_string\"}}],\"inLanguage\":\"es\"},{\"@type\":\"Person\",\"@id\":\"https:\\\/\\\/mont-roig.cat\\\/es\\\/#\\\/schema\\\/person\\\/1f73e7b5e6f9dd122e8a6f14f310ac5e\",\"name\":\"comunicacio\",\"image\":{\"@type\":\"ImageObject\",\"inLanguage\":\"es\",\"@id\":\"https:\\\/\\\/secure.gravatar.com\\\/avatar\\\/98944333e7a877670a64f8d10f0cb680ab2c9ebc4efc43945ef004b52b5ad28c?s=96&d=mm&r=g\",\"url\":\"https:\\\/\\\/secure.gravatar.com\\\/avatar\\\/98944333e7a877670a64f8d10f0cb680ab2c9ebc4efc43945ef004b52b5ad28c?s=96&d=mm&r=g\",\"contentUrl\":\"https:\\\/\\\/secure.gravatar.com\\\/avatar\\\/98944333e7a877670a64f8d10f0cb680ab2c9ebc4efc43945ef004b52b5ad28c?s=96&d=mm&r=g\",\"caption\":\"comunicacio\"},\"url\":\"https:\\\/\\\/mont-roig.cat\\\/es\\\/actualitat\\\/noticies\\\/author\\\/comunicacio\\\/\"}]}<\/script>\n<!-- \/ Yoast SEO plugin. -->","yoast_head_json":{"title":"Nostreserveis pone en valor la brigada de limpieza viaria - Ajuntament de Mont-roig del Camp","robots":{"index":"index","follow":"follow","max-snippet":"max-snippet:-1","max-image-preview":"max-image-preview:large","max-video-preview":"max-video-preview:-1"},"canonical":"https:\/\/mont-roig.cat\/es\/actualitat\/noticies\/nostreserveis-pone-en-valor-la-brigada-de-limpieza-viaria\/","og_locale":"es_ES","og_type":"article","og_title":"Nostreserveis pone en valor la brigada de limpieza viaria - Ajuntament de Mont-roig del Camp","og_description":"Nueva acci\u00f3n de la campa\u00f1a \u2018A la tardor i tot l\u2019any!\u2019 para destacar el trabajo esencial de los servicios municipales. Nostreserveis contin\u00faa con la campa\u00f1a destinada a dar visibilidad al trabajo de las brigadas municipales y de los servicios que contribuyen cada d\u00eda al bienestar de la ciudadan\u00eda. En esta ocasi\u00f3n, el foco se pone [&hellip;]","og_url":"https:\/\/mont-roig.cat\/es\/actualitat\/noticies\/nostreserveis-pone-en-valor-la-brigada-de-limpieza-viaria\/","og_site_name":"Ajuntament de Mont-roig del Camp","article_published_time":"2025-11-05T13:19:22+00:00","article_modified_time":"2025-11-05T13:22:55+00:00","og_image":[{"width":1457,"height":2048,"url":"https:\/\/mont-roig.cat\/wp-content\/uploads\/ML_Campanya-grafica_Nostreserveis_tardor_llar-neteja-via\u2560Cria_vf-scaled.jpg","type":"image\/jpeg"}],"author":"comunicacio","twitter_card":"summary_large_image","twitter_misc":{"Escrito por":"comunicacio","Tiempo de lectura":"2 minutos"},"schema":{"@context":"https:\/\/schema.org","@graph":[{"@type":"Article","@id":"https:\/\/mont-roig.cat\/es\/actualitat\/noticies\/nostreserveis-pone-en-valor-la-brigada-de-limpieza-viaria\/#article","isPartOf":{"@id":"https:\/\/mont-roig.cat\/es\/actualitat\/noticies\/nostreserveis-pone-en-valor-la-brigada-de-limpieza-viaria\/"},"author":{"name":"comunicacio","@id":"https:\/\/mont-roig.cat\/es\/#\/schema\/person\/1f73e7b5e6f9dd122e8a6f14f310ac5e"},"headline":"Nostreserveis pone en valor la brigada de limpieza viaria","datePublished":"2025-11-05T13:19:22+00:00","dateModified":"2025-11-05T13:22:55+00:00","mainEntityOfPage":{"@id":"https:\/\/mont-roig.cat\/es\/actualitat\/noticies\/nostreserveis-pone-en-valor-la-brigada-de-limpieza-viaria\/"},"wordCount":264,"image":{"@id":"https:\/\/mont-roig.cat\/es\/actualitat\/noticies\/nostreserveis-pone-en-valor-la-brigada-de-limpieza-viaria\/#primaryimage"},"thumbnailUrl":"https:\/\/mont-roig.cat\/wp-content\/uploads\/ML_Campanya-grafica_Nostreserveis_tardor_llar-neteja-via\u2560Cria_vf-scaled.jpg","articleSection":["Ayuntamiento","Nostreserveis"],"inLanguage":"es"},{"@type":"WebPage","@id":"https:\/\/mont-roig.cat\/es\/actualitat\/noticies\/nostreserveis-pone-en-valor-la-brigada-de-limpieza-viaria\/","url":"https:\/\/mont-roig.cat\/es\/actualitat\/noticies\/nostreserveis-pone-en-valor-la-brigada-de-limpieza-viaria\/","name":"Nostreserveis pone en valor la brigada de limpieza viaria - Ajuntament de Mont-roig del Camp","isPartOf":{"@id":"https:\/\/mont-roig.cat\/es\/#website"},"primaryImageOfPage":{"@id":"https:\/\/mont-roig.cat\/es\/actualitat\/noticies\/nostreserveis-pone-en-valor-la-brigada-de-limpieza-viaria\/#primaryimage"},"image":{"@id":"https:\/\/mont-roig.cat\/es\/actualitat\/noticies\/nostreserveis-pone-en-valor-la-brigada-de-limpieza-viaria\/#primaryimage"},"thumbnailUrl":"https:\/\/mont-roig.cat\/wp-content\/uploads\/ML_Campanya-grafica_Nostreserveis_tardor_llar-neteja-via\u2560Cria_vf-scaled.jpg","datePublished":"2025-11-05T13:19:22+00:00","dateModified":"2025-11-05T13:22:55+00:00","author":{"@id":"https:\/\/mont-roig.cat\/es\/#\/schema\/person\/1f73e7b5e6f9dd122e8a6f14f310ac5e"},"breadcrumb":{"@id":"https:\/\/mont-roig.cat\/es\/actualitat\/noticies\/nostreserveis-pone-en-valor-la-brigada-de-limpieza-viaria\/#breadcrumb"},"inLanguage":"es","potentialAction":[{"@type":"ReadAction","target":["https:\/\/mont-roig.cat\/es\/actualitat\/noticies\/nostreserveis-pone-en-valor-la-brigada-de-limpieza-viaria\/"]}]},{"@type":"ImageObject","inLanguage":"es","@id":"https:\/\/mont-roig.cat\/es\/actualitat\/noticies\/nostreserveis-pone-en-valor-la-brigada-de-limpieza-viaria\/#primaryimage","url":"https:\/\/mont-roig.cat\/wp-content\/uploads\/ML_Campanya-grafica_Nostreserveis_tardor_llar-neteja-via\u2560Cria_vf-scaled.jpg","contentUrl":"https:\/\/mont-roig.cat\/wp-content\/uploads\/ML_Campanya-grafica_Nostreserveis_tardor_llar-neteja-via\u2560Cria_vf-scaled.jpg","width":1457,"height":2048},{"@type":"BreadcrumbList","@id":"https:\/\/mont-roig.cat\/es\/actualitat\/noticies\/nostreserveis-pone-en-valor-la-brigada-de-limpieza-viaria\/#breadcrumb","itemListElement":[{"@type":"ListItem","position":1,"name":"Inici","item":"https:\/\/mont-roig.cat\/es\/pagina-de-inicio\/"},{"@type":"ListItem","position":2,"name":"Nostreserveis pone en valor la brigada de limpieza viaria"}]},{"@type":"WebSite","@id":"https:\/\/mont-roig.cat\/es\/#website","url":"https:\/\/mont-roig.cat\/es\/","name":"Ajuntament de Mont-roig del Camp","description":"Tota la informaci\u00f3 sobre la instituci\u00f3, els seus \u00f2rgans de govern, actualitat, serveis i molt m\u00e9s.","potentialAction":[{"@type":"SearchAction","target":{"@type":"EntryPoint","urlTemplate":"https:\/\/mont-roig.cat\/es\/?s={search_term_string}"},"query-input":{"@type":"PropertyValueSpecification","valueRequired":true,"valueName":"search_term_string"}}],"inLanguage":"es"},{"@type":"Person","@id":"https:\/\/mont-roig.cat\/es\/#\/schema\/person\/1f73e7b5e6f9dd122e8a6f14f310ac5e","name":"comunicacio","image":{"@type":"ImageObject","inLanguage":"es","@id":"https:\/\/secure.gravatar.com\/avatar\/98944333e7a877670a64f8d10f0cb680ab2c9ebc4efc43945ef004b52b5ad28c?s=96&d=mm&r=g","url":"https:\/\/secure.gravatar.com\/avatar\/98944333e7a877670a64f8d10f0cb680ab2c9ebc4efc43945ef004b52b5ad28c?s=96&d=mm&r=g","contentUrl":"https:\/\/secure.gravatar.com\/avatar\/98944333e7a877670a64f8d10f0cb680ab2c9ebc4efc43945ef004b52b5ad28c?s=96&d=mm&r=g","caption":"comunicacio"},"url":"https:\/\/mont-roig.cat\/es\/actualitat\/noticies\/author\/comunicacio\/"}]}},"_links":{"self":[{"href":"https:\/\/mont-roig.cat\/es\/wp-json\/wp\/v2\/posts\/86544","targetHints":{"allow":["GET"]}}],"collection":[{"href":"https:\/\/mont-roig.cat\/es\/wp-json\/wp\/v2\/posts"}],"about":[{"href":"https:\/\/mont-roig.cat\/es\/wp-json\/wp\/v2\/types\/post"}],"author":[{"embeddable":true,"href":"https:\/\/mont-roig.cat\/es\/wp-json\/wp\/v2\/users\/13"}],"replies":[{"embeddable":true,"href":"https:\/\/mont-roig.cat\/es\/wp-json\/wp\/v2\/comments?post=86544"}],"version-history":[{"count":1,"href":"https:\/\/mont-roig.cat\/es\/wp-json\/wp\/v2\/posts\/86544\/revisions"}],"predecessor-version":[{"id":86545,"href":"https:\/\/mont-roig.cat\/es\/wp-json\/wp\/v2\/posts\/86544\/revisions\/86545"}],"wp:featuredmedia":[{"embeddable":true,"href":"https:\/\/mont-roig.cat\/es\/wp-json\/wp\/v2\/media\/86541"}],"wp:attachment":[{"href":"https:\/\/mont-roig.cat\/es\/wp-json\/wp\/v2\/media?parent=86544"}],"wp:term":[{"taxonomy":"category","embeddable":true,"href":"https:\/\/mont-roig.cat\/es\/wp-json\/wp\/v2\/categories?post=86544"},{"taxonomy":"post_tag","embeddable":true,"href":"https:\/\/mont-roig.cat\/es\/wp-json\/wp\/v2\/tags?post=86544"}],"curies":[{"name":"wp","href":"https:\/\/api.w.org\/{rel}","templated":true}]}}