{"id":86556,"date":"2025-11-05T14:28:41","date_gmt":"2025-11-05T13:28:41","guid":{"rendered":"https:\/\/mont-roig.cat\/actualitat\/noticies\/nostreserve-realitza-el-pelat-dels-troncs-de-les-palmeres-de-lavinguda-diversitat\/"},"modified":"2025-11-05T14:36:40","modified_gmt":"2025-11-05T13:36:40","slug":"nostreserveis-realiza-el-pelado-de-los-troncos-de-las-palmeras-de-la-avenida-diversitat","status":"publish","type":"post","link":"https:\/\/mont-roig.cat\/es\/actualitat\/noticies\/nostreserveis-realiza-el-pelado-de-los-troncos-de-las-palmeras-de-la-avenida-diversitat\/","title":{"rendered":"Nostreserveis realiza el pelado de los troncos de las palmeras de la avenida Diversitat"},"content":{"rendered":"<p><strong><strong><a href=\"https:\/\/mont-roig.cat\/wp-content\/uploads\/2025-10-16-JARDINERIA-023.jpg\"><img loading=\"lazy\" decoding=\"async\" class=\"alignright size-medium wp-image-86550\" src=\"https:\/\/mont-roig.cat\/wp-content\/uploads\/2025-10-16-JARDINERIA-023.jpg\" alt=\"\" width=\"1\" height=\"1\" \/><\/a><a href=\"https:\/\/mont-roig.cat\/wp-content\/uploads\/2025-10-16-JARDINERIA-023.jpg\"><img loading=\"lazy\" decoding=\"async\" class=\"alignright size-medium wp-image-86550\" src=\"https:\/\/mont-roig.cat\/wp-content\/uploads\/2025-10-16-JARDINERIA-023.jpg\" alt=\"\" width=\"1\" height=\"1\" \/><\/a><a href=\"https:\/\/mont-roig.cat\/wp-content\/uploads\/2025-10-16-JARDINERIA-023.jpg\"><img loading=\"lazy\" decoding=\"async\" class=\"alignright size-medium wp-image-86550\" src=\"https:\/\/mont-roig.cat\/wp-content\/uploads\/2025-10-16-JARDINERIA-023.jpg\" alt=\"\" width=\"1\" height=\"1\" \/><\/a><a href=\"https:\/\/mont-roig.cat\/wp-content\/uploads\/2025-10-16-JARDINERIA-023.jpg\" target=\"_blank\" rel=\"noopener\"><img loading=\"lazy\" decoding=\"async\" class=\"alignright wp-image-86550\" src=\"https:\/\/mont-roig.cat\/wp-content\/uploads\/2025-10-16-JARDINERIA-023-500x333.jpg\" alt=\"\" width=\"306\" height=\"204\" srcset=\"https:\/\/mont-roig.cat\/wp-content\/uploads\/2025-10-16-JARDINERIA-023-500x333.jpg 500w, https:\/\/mont-roig.cat\/wp-content\/uploads\/2025-10-16-JARDINERIA-023-1024x683.jpg 1024w, https:\/\/mont-roig.cat\/wp-content\/uploads\/2025-10-16-JARDINERIA-023-768x512.jpg 768w, https:\/\/mont-roig.cat\/wp-content\/uploads\/2025-10-16-JARDINERIA-023-1536x1024.jpg 1536w, https:\/\/mont-roig.cat\/wp-content\/uploads\/2025-10-16-JARDINERIA-023-scaled.jpg 2048w\" sizes=\"auto, (max-width: 306px) 100vw, 306px\" \/><\/a><\/strong><\/strong><\/p>\n<article class=\"text-token-text-primary w-full focus:outline-none [--shadow-height:45px] has-data-writing-block:pointer-events-none has-data-writing-block:-mt-(--shadow-height) has-data-writing-block:pt-(--shadow-height) [&amp;:has([data-writing-block])&gt;*]:pointer-events-auto [content-visibility:auto] supports-[content-visibility:auto]:[contain-intrinsic-size:auto_100lvh] scroll-mt-[calc(var(--header-height)+min(200px,max(70px,20svh)))]\" dir=\"auto\" tabindex=\"-1\" data-turn-id=\"be78f93c-1571-4124-b7d5-a476387deb43\" data-testid=\"conversation-turn-6\" data-scroll-anchor=\"true\" data-turn=\"assistant\">\n<div class=\"text-base my-auto mx-auto pb-10 [--thread-content-margin:--spacing(4)] thread-sm:[--thread-content-margin:--spacing(6)] thread-lg:[--thread-content-margin:--spacing(16)] px-(--thread-content-margin)\">\n<div class=\"[--thread-content-max-width:40rem] thread-lg:[--thread-content-max-width:48rem] mx-auto max-w-(--thread-content-max-width) flex-1 group\/turn-messages focus-visible:outline-hidden relative flex w-full min-w-0 flex-col agent-turn\" tabindex=\"-1\">\n<div class=\"flex max-w-full flex-col grow\">\n<div class=\"min-h-8 text-message relative flex w-full flex-col items-end gap-2 text-start break-words whitespace-normal [.text-message+&amp;]:mt-1\" dir=\"auto\" data-message-author-role=\"assistant\" data-message-id=\"be78f93c-1571-4124-b7d5-a476387deb43\" data-message-model-slug=\"gpt-5\">\n<div class=\"flex w-full flex-col gap-1 empty:hidden first:pt-[1px]\">\n<div class=\"markdown prose dark:prose-invert w-full break-words light markdown-new-styling\">\n<ul>\n<li data-start=\"190\" data-end=\"338\"><strong>La intervenci\u00f3n mejora la est\u00e9tica de la avenida y garantiza el buen mantenimiento de estas palmeras de la variedad <em data-start=\"323\" data-end=\"337\">Washingtonia<\/em>.<\/strong><\/li>\n<\/ul>\n<p data-start=\"340\" data-end=\"695\">Nostreserveis ha llevado a cabo recientemente el pelado de los troncos de las palmeras de la variedad <em data-start=\"455\" data-end=\"469\">Washingtonia<\/em> ubicadas en la mediana de la avenida Diversitat, en Miami Platja. Esta actuaci\u00f3n, de car\u00e1cter est\u00e9tico, consiste en la retirada de las ramas secas y del tejido exterior del tronco mediante el uso de una cuchilla bien afilada.<\/p>\n<p data-start=\"697\" data-end=\"1017\">Se trata de una tarea delicada que debe ser realizada por profesionales especializados, ya que una intervenci\u00f3n incorrecta podr\u00eda da\u00f1ar el tronco y afectar a la salud de la planta. El resultado final es una palmera m\u00e1s esbelta y limpia, sin restos de ramas secas, contribuyendo a mejorar la imagen general de la avenida.<\/p>\n<p data-start=\"1019\" data-end=\"1275\">Los trabajos todav\u00eda est\u00e1n en curso y se prev\u00e9 que se prolonguen un par de semanas m\u00e1s. Estas palmeras se plantaron hace poco m\u00e1s de un a\u00f1o, y se ha esperado a que enraizaran y se adaptaran correctamente a su entorno antes de proceder al pelado del tronco.<\/p>\n<p data-start=\"1277\" data-end=\"1414\">Esta intervenci\u00f3n forma parte de las actuaciones peri\u00f3dicas de mantenimiento y mejora del espacio p\u00fablico que lleva a cabo Nostreserveis.<\/p>\n<hr data-start=\"1416\" data-end=\"1419\" data-is-last-node=\"\" data-is-only-node=\"\" \/>\n<\/div>\n<\/div>\n<\/div>\n<\/div>\n<div class=\"z-0 flex min-h-[46px] justify-start\"><\/div>\n<\/div>\n<\/div>\n<\/article>\n<div class=\"pointer-events-none h-px w-px\" aria-hidden=\"true\" data-edge=\"true\"><\/div>\n","protected":false},"excerpt":{"rendered":"<p>La intervenci\u00f3n mejora la est\u00e9tica de la avenida y garantiza el buen mantenimiento de estas palmeras de la variedad Washingtonia. Nostreserveis ha llevado a cabo recientemente el pelado de los troncos de las palmeras de la variedad Washingtonia ubicadas en la mediana de la avenida Diversitat, en Miami Platja. Esta actuaci\u00f3n, de car\u00e1cter est\u00e9tico, consiste [&hellip;]<\/p>\n","protected":false},"author":13,"featured_media":86551,"comment_status":"closed","ping_status":"closed","sticky":false,"template":"","format":"standard","meta":{"inline_featured_image":false,"_monsterinsights_skip_tracking":false,"_monsterinsights_sitenote_active":false,"_monsterinsights_sitenote_note":"","_monsterinsights_sitenote_category":0,"footnotes":""},"categories":[98,204],"tags":[],"class_list":["post-86556","post","type-post","status-publish","format-standard","has-post-thumbnail","hentry","category-ayuntamiento","category-nostreserveis-es"],"yoast_head":"<!-- This site is optimized with the Yoast SEO plugin v27.4 - https:\/\/yoast.com\/product\/yoast-seo-wordpress\/ -->\n<title>Nostreserveis realiza el pelado de los troncos de las palmeras de la avenida Diversitat - Ajuntament de Mont-roig del Camp<\/title>\n<meta name=\"robots\" content=\"index, follow, max-snippet:-1, max-image-preview:large, max-video-preview:-1\" \/>\n<link rel=\"canonical\" href=\"https:\/\/mont-roig.cat\/es\/actualitat\/noticies\/nostreserveis-realiza-el-pelado-de-los-troncos-de-las-palmeras-de-la-avenida-diversitat\/\" \/>\n<meta property=\"og:locale\" content=\"es_ES\" \/>\n<meta property=\"og:type\" content=\"article\" \/>\n<meta property=\"og:title\" content=\"Nostreserveis realiza el pelado de los troncos de las palmeras de la avenida Diversitat - Ajuntament de Mont-roig del Camp\" \/>\n<meta property=\"og:description\" content=\"La intervenci\u00f3n mejora la est\u00e9tica de la avenida y garantiza el buen mantenimiento de estas palmeras de la variedad Washingtonia. Nostreserveis ha llevado a cabo recientemente el pelado de los troncos de las palmeras de la variedad Washingtonia ubicadas en la mediana de la avenida Diversitat, en Miami Platja. Esta actuaci\u00f3n, de car\u00e1cter est\u00e9tico, consiste [&hellip;]\" \/>\n<meta property=\"og:url\" content=\"https:\/\/mont-roig.cat\/es\/actualitat\/noticies\/nostreserveis-realiza-el-pelado-de-los-troncos-de-las-palmeras-de-la-avenida-diversitat\/\" \/>\n<meta property=\"og:site_name\" content=\"Ajuntament de Mont-roig del Camp\" \/>\n<meta property=\"article:published_time\" content=\"2025-11-05T13:28:41+00:00\" \/>\n<meta property=\"article:modified_time\" content=\"2025-11-05T13:36:40+00:00\" \/>\n<meta property=\"og:image\" content=\"https:\/\/mont-roig.cat\/wp-content\/uploads\/2025-10-16-JARDINERIA-023-scaled.jpg\" \/>\n\t<meta property=\"og:image:width\" content=\"2048\" \/>\n\t<meta property=\"og:image:height\" content=\"1365\" \/>\n\t<meta property=\"og:image:type\" content=\"image\/jpeg\" \/>\n<meta name=\"author\" content=\"comunicacio\" \/>\n<meta name=\"twitter:card\" content=\"summary_large_image\" \/>\n<meta name=\"twitter:label1\" content=\"Escrito por\" \/>\n\t<meta name=\"twitter:data1\" content=\"comunicacio\" \/>\n\t<meta name=\"twitter:label2\" content=\"Tiempo de lectura\" \/>\n\t<meta name=\"twitter:data2\" content=\"3 minutos\" \/>\n<script type=\"application\/ld+json\" class=\"yoast-schema-graph\">{\"@context\":\"https:\\\/\\\/schema.org\",\"@graph\":[{\"@type\":\"Article\",\"@id\":\"https:\\\/\\\/mont-roig.cat\\\/es\\\/actualitat\\\/noticies\\\/nostreserveis-realiza-el-pelado-de-los-troncos-de-las-palmeras-de-la-avenida-diversitat\\\/#article\",\"isPartOf\":{\"@id\":\"https:\\\/\\\/mont-roig.cat\\\/es\\\/actualitat\\\/noticies\\\/nostreserveis-realiza-el-pelado-de-los-troncos-de-las-palmeras-de-la-avenida-diversitat\\\/\"},\"author\":{\"name\":\"comunicacio\",\"@id\":\"https:\\\/\\\/mont-roig.cat\\\/es\\\/#\\\/schema\\\/person\\\/1f73e7b5e6f9dd122e8a6f14f310ac5e\"},\"headline\":\"Nostreserveis realiza el pelado de los troncos de las palmeras de la avenida Diversitat\",\"datePublished\":\"2025-11-05T13:28:41+00:00\",\"dateModified\":\"2025-11-05T13:36:40+00:00\",\"mainEntityOfPage\":{\"@id\":\"https:\\\/\\\/mont-roig.cat\\\/es\\\/actualitat\\\/noticies\\\/nostreserveis-realiza-el-pelado-de-los-troncos-de-las-palmeras-de-la-avenida-diversitat\\\/\"},\"wordCount\":229,\"image\":{\"@id\":\"https:\\\/\\\/mont-roig.cat\\\/es\\\/actualitat\\\/noticies\\\/nostreserveis-realiza-el-pelado-de-los-troncos-de-las-palmeras-de-la-avenida-diversitat\\\/#primaryimage\"},\"thumbnailUrl\":\"https:\\\/\\\/mont-roig.cat\\\/wp-content\\\/uploads\\\/2025-10-16-JARDINERIA-023-scaled.jpg\",\"articleSection\":[\"Ayuntamiento\",\"Nostreserveis\"],\"inLanguage\":\"es\"},{\"@type\":\"WebPage\",\"@id\":\"https:\\\/\\\/mont-roig.cat\\\/es\\\/actualitat\\\/noticies\\\/nostreserveis-realiza-el-pelado-de-los-troncos-de-las-palmeras-de-la-avenida-diversitat\\\/\",\"url\":\"https:\\\/\\\/mont-roig.cat\\\/es\\\/actualitat\\\/noticies\\\/nostreserveis-realiza-el-pelado-de-los-troncos-de-las-palmeras-de-la-avenida-diversitat\\\/\",\"name\":\"Nostreserveis realiza el pelado de los troncos de las palmeras de la avenida Diversitat - Ajuntament de Mont-roig del Camp\",\"isPartOf\":{\"@id\":\"https:\\\/\\\/mont-roig.cat\\\/es\\\/#website\"},\"primaryImageOfPage\":{\"@id\":\"https:\\\/\\\/mont-roig.cat\\\/es\\\/actualitat\\\/noticies\\\/nostreserveis-realiza-el-pelado-de-los-troncos-de-las-palmeras-de-la-avenida-diversitat\\\/#primaryimage\"},\"image\":{\"@id\":\"https:\\\/\\\/mont-roig.cat\\\/es\\\/actualitat\\\/noticies\\\/nostreserveis-realiza-el-pelado-de-los-troncos-de-las-palmeras-de-la-avenida-diversitat\\\/#primaryimage\"},\"thumbnailUrl\":\"https:\\\/\\\/mont-roig.cat\\\/wp-content\\\/uploads\\\/2025-10-16-JARDINERIA-023-scaled.jpg\",\"datePublished\":\"2025-11-05T13:28:41+00:00\",\"dateModified\":\"2025-11-05T13:36:40+00:00\",\"author\":{\"@id\":\"https:\\\/\\\/mont-roig.cat\\\/es\\\/#\\\/schema\\\/person\\\/1f73e7b5e6f9dd122e8a6f14f310ac5e\"},\"breadcrumb\":{\"@id\":\"https:\\\/\\\/mont-roig.cat\\\/es\\\/actualitat\\\/noticies\\\/nostreserveis-realiza-el-pelado-de-los-troncos-de-las-palmeras-de-la-avenida-diversitat\\\/#breadcrumb\"},\"inLanguage\":\"es\",\"potentialAction\":[{\"@type\":\"ReadAction\",\"target\":[\"https:\\\/\\\/mont-roig.cat\\\/es\\\/actualitat\\\/noticies\\\/nostreserveis-realiza-el-pelado-de-los-troncos-de-las-palmeras-de-la-avenida-diversitat\\\/\"]}]},{\"@type\":\"ImageObject\",\"inLanguage\":\"es\",\"@id\":\"https:\\\/\\\/mont-roig.cat\\\/es\\\/actualitat\\\/noticies\\\/nostreserveis-realiza-el-pelado-de-los-troncos-de-las-palmeras-de-la-avenida-diversitat\\\/#primaryimage\",\"url\":\"https:\\\/\\\/mont-roig.cat\\\/wp-content\\\/uploads\\\/2025-10-16-JARDINERIA-023-scaled.jpg\",\"contentUrl\":\"https:\\\/\\\/mont-roig.cat\\\/wp-content\\\/uploads\\\/2025-10-16-JARDINERIA-023-scaled.jpg\",\"width\":2048,\"height\":1365},{\"@type\":\"BreadcrumbList\",\"@id\":\"https:\\\/\\\/mont-roig.cat\\\/es\\\/actualitat\\\/noticies\\\/nostreserveis-realiza-el-pelado-de-los-troncos-de-las-palmeras-de-la-avenida-diversitat\\\/#breadcrumb\",\"itemListElement\":[{\"@type\":\"ListItem\",\"position\":1,\"name\":\"Inici\",\"item\":\"https:\\\/\\\/mont-roig.cat\\\/es\\\/pagina-de-inicio\\\/\"},{\"@type\":\"ListItem\",\"position\":2,\"name\":\"Nostreserveis realiza el pelado de los troncos de las palmeras de la avenida Diversitat\"}]},{\"@type\":\"WebSite\",\"@id\":\"https:\\\/\\\/mont-roig.cat\\\/es\\\/#website\",\"url\":\"https:\\\/\\\/mont-roig.cat\\\/es\\\/\",\"name\":\"Ajuntament de Mont-roig del Camp\",\"description\":\"Tota la informaci\u00f3 sobre la instituci\u00f3, els seus \u00f2rgans de govern, actualitat, serveis i molt m\u00e9s.\",\"potentialAction\":[{\"@type\":\"SearchAction\",\"target\":{\"@type\":\"EntryPoint\",\"urlTemplate\":\"https:\\\/\\\/mont-roig.cat\\\/es\\\/?s={search_term_string}\"},\"query-input\":{\"@type\":\"PropertyValueSpecification\",\"valueRequired\":true,\"valueName\":\"search_term_string\"}}],\"inLanguage\":\"es\"},{\"@type\":\"Person\",\"@id\":\"https:\\\/\\\/mont-roig.cat\\\/es\\\/#\\\/schema\\\/person\\\/1f73e7b5e6f9dd122e8a6f14f310ac5e\",\"name\":\"comunicacio\",\"image\":{\"@type\":\"ImageObject\",\"inLanguage\":\"es\",\"@id\":\"https:\\\/\\\/secure.gravatar.com\\\/avatar\\\/98944333e7a877670a64f8d10f0cb680ab2c9ebc4efc43945ef004b52b5ad28c?s=96&d=mm&r=g\",\"url\":\"https:\\\/\\\/secure.gravatar.com\\\/avatar\\\/98944333e7a877670a64f8d10f0cb680ab2c9ebc4efc43945ef004b52b5ad28c?s=96&d=mm&r=g\",\"contentUrl\":\"https:\\\/\\\/secure.gravatar.com\\\/avatar\\\/98944333e7a877670a64f8d10f0cb680ab2c9ebc4efc43945ef004b52b5ad28c?s=96&d=mm&r=g\",\"caption\":\"comunicacio\"},\"url\":\"https:\\\/\\\/mont-roig.cat\\\/es\\\/actualitat\\\/noticies\\\/author\\\/comunicacio\\\/\"}]}<\/script>\n<!-- \/ Yoast SEO plugin. -->","yoast_head_json":{"title":"Nostreserveis realiza el pelado de los troncos de las palmeras de la avenida Diversitat - Ajuntament de Mont-roig del Camp","robots":{"index":"index","follow":"follow","max-snippet":"max-snippet:-1","max-image-preview":"max-image-preview:large","max-video-preview":"max-video-preview:-1"},"canonical":"https:\/\/mont-roig.cat\/es\/actualitat\/noticies\/nostreserveis-realiza-el-pelado-de-los-troncos-de-las-palmeras-de-la-avenida-diversitat\/","og_locale":"es_ES","og_type":"article","og_title":"Nostreserveis realiza el pelado de los troncos de las palmeras de la avenida Diversitat - Ajuntament de Mont-roig del Camp","og_description":"La intervenci\u00f3n mejora la est\u00e9tica de la avenida y garantiza el buen mantenimiento de estas palmeras de la variedad Washingtonia. Nostreserveis ha llevado a cabo recientemente el pelado de los troncos de las palmeras de la variedad Washingtonia ubicadas en la mediana de la avenida Diversitat, en Miami Platja. Esta actuaci\u00f3n, de car\u00e1cter est\u00e9tico, consiste [&hellip;]","og_url":"https:\/\/mont-roig.cat\/es\/actualitat\/noticies\/nostreserveis-realiza-el-pelado-de-los-troncos-de-las-palmeras-de-la-avenida-diversitat\/","og_site_name":"Ajuntament de Mont-roig del Camp","article_published_time":"2025-11-05T13:28:41+00:00","article_modified_time":"2025-11-05T13:36:40+00:00","og_image":[{"width":2048,"height":1365,"url":"https:\/\/mont-roig.cat\/wp-content\/uploads\/2025-10-16-JARDINERIA-023-scaled.jpg","type":"image\/jpeg"}],"author":"comunicacio","twitter_card":"summary_large_image","twitter_misc":{"Escrito por":"comunicacio","Tiempo de lectura":"3 minutos"},"schema":{"@context":"https:\/\/schema.org","@graph":[{"@type":"Article","@id":"https:\/\/mont-roig.cat\/es\/actualitat\/noticies\/nostreserveis-realiza-el-pelado-de-los-troncos-de-las-palmeras-de-la-avenida-diversitat\/#article","isPartOf":{"@id":"https:\/\/mont-roig.cat\/es\/actualitat\/noticies\/nostreserveis-realiza-el-pelado-de-los-troncos-de-las-palmeras-de-la-avenida-diversitat\/"},"author":{"name":"comunicacio","@id":"https:\/\/mont-roig.cat\/es\/#\/schema\/person\/1f73e7b5e6f9dd122e8a6f14f310ac5e"},"headline":"Nostreserveis realiza el pelado de los troncos de las palmeras de la avenida Diversitat","datePublished":"2025-11-05T13:28:41+00:00","dateModified":"2025-11-05T13:36:40+00:00","mainEntityOfPage":{"@id":"https:\/\/mont-roig.cat\/es\/actualitat\/noticies\/nostreserveis-realiza-el-pelado-de-los-troncos-de-las-palmeras-de-la-avenida-diversitat\/"},"wordCount":229,"image":{"@id":"https:\/\/mont-roig.cat\/es\/actualitat\/noticies\/nostreserveis-realiza-el-pelado-de-los-troncos-de-las-palmeras-de-la-avenida-diversitat\/#primaryimage"},"thumbnailUrl":"https:\/\/mont-roig.cat\/wp-content\/uploads\/2025-10-16-JARDINERIA-023-scaled.jpg","articleSection":["Ayuntamiento","Nostreserveis"],"inLanguage":"es"},{"@type":"WebPage","@id":"https:\/\/mont-roig.cat\/es\/actualitat\/noticies\/nostreserveis-realiza-el-pelado-de-los-troncos-de-las-palmeras-de-la-avenida-diversitat\/","url":"https:\/\/mont-roig.cat\/es\/actualitat\/noticies\/nostreserveis-realiza-el-pelado-de-los-troncos-de-las-palmeras-de-la-avenida-diversitat\/","name":"Nostreserveis realiza el pelado de los troncos de las palmeras de la avenida Diversitat - Ajuntament de Mont-roig del Camp","isPartOf":{"@id":"https:\/\/mont-roig.cat\/es\/#website"},"primaryImageOfPage":{"@id":"https:\/\/mont-roig.cat\/es\/actualitat\/noticies\/nostreserveis-realiza-el-pelado-de-los-troncos-de-las-palmeras-de-la-avenida-diversitat\/#primaryimage"},"image":{"@id":"https:\/\/mont-roig.cat\/es\/actualitat\/noticies\/nostreserveis-realiza-el-pelado-de-los-troncos-de-las-palmeras-de-la-avenida-diversitat\/#primaryimage"},"thumbnailUrl":"https:\/\/mont-roig.cat\/wp-content\/uploads\/2025-10-16-JARDINERIA-023-scaled.jpg","datePublished":"2025-11-05T13:28:41+00:00","dateModified":"2025-11-05T13:36:40+00:00","author":{"@id":"https:\/\/mont-roig.cat\/es\/#\/schema\/person\/1f73e7b5e6f9dd122e8a6f14f310ac5e"},"breadcrumb":{"@id":"https:\/\/mont-roig.cat\/es\/actualitat\/noticies\/nostreserveis-realiza-el-pelado-de-los-troncos-de-las-palmeras-de-la-avenida-diversitat\/#breadcrumb"},"inLanguage":"es","potentialAction":[{"@type":"ReadAction","target":["https:\/\/mont-roig.cat\/es\/actualitat\/noticies\/nostreserveis-realiza-el-pelado-de-los-troncos-de-las-palmeras-de-la-avenida-diversitat\/"]}]},{"@type":"ImageObject","inLanguage":"es","@id":"https:\/\/mont-roig.cat\/es\/actualitat\/noticies\/nostreserveis-realiza-el-pelado-de-los-troncos-de-las-palmeras-de-la-avenida-diversitat\/#primaryimage","url":"https:\/\/mont-roig.cat\/wp-content\/uploads\/2025-10-16-JARDINERIA-023-scaled.jpg","contentUrl":"https:\/\/mont-roig.cat\/wp-content\/uploads\/2025-10-16-JARDINERIA-023-scaled.jpg","width":2048,"height":1365},{"@type":"BreadcrumbList","@id":"https:\/\/mont-roig.cat\/es\/actualitat\/noticies\/nostreserveis-realiza-el-pelado-de-los-troncos-de-las-palmeras-de-la-avenida-diversitat\/#breadcrumb","itemListElement":[{"@type":"ListItem","position":1,"name":"Inici","item":"https:\/\/mont-roig.cat\/es\/pagina-de-inicio\/"},{"@type":"ListItem","position":2,"name":"Nostreserveis realiza el pelado de los troncos de las palmeras de la avenida Diversitat"}]},{"@type":"WebSite","@id":"https:\/\/mont-roig.cat\/es\/#website","url":"https:\/\/mont-roig.cat\/es\/","name":"Ajuntament de Mont-roig del Camp","description":"Tota la informaci\u00f3 sobre la instituci\u00f3, els seus \u00f2rgans de govern, actualitat, serveis i molt m\u00e9s.","potentialAction":[{"@type":"SearchAction","target":{"@type":"EntryPoint","urlTemplate":"https:\/\/mont-roig.cat\/es\/?s={search_term_string}"},"query-input":{"@type":"PropertyValueSpecification","valueRequired":true,"valueName":"search_term_string"}}],"inLanguage":"es"},{"@type":"Person","@id":"https:\/\/mont-roig.cat\/es\/#\/schema\/person\/1f73e7b5e6f9dd122e8a6f14f310ac5e","name":"comunicacio","image":{"@type":"ImageObject","inLanguage":"es","@id":"https:\/\/secure.gravatar.com\/avatar\/98944333e7a877670a64f8d10f0cb680ab2c9ebc4efc43945ef004b52b5ad28c?s=96&d=mm&r=g","url":"https:\/\/secure.gravatar.com\/avatar\/98944333e7a877670a64f8d10f0cb680ab2c9ebc4efc43945ef004b52b5ad28c?s=96&d=mm&r=g","contentUrl":"https:\/\/secure.gravatar.com\/avatar\/98944333e7a877670a64f8d10f0cb680ab2c9ebc4efc43945ef004b52b5ad28c?s=96&d=mm&r=g","caption":"comunicacio"},"url":"https:\/\/mont-roig.cat\/es\/actualitat\/noticies\/author\/comunicacio\/"}]}},"_links":{"self":[{"href":"https:\/\/mont-roig.cat\/es\/wp-json\/wp\/v2\/posts\/86556","targetHints":{"allow":["GET"]}}],"collection":[{"href":"https:\/\/mont-roig.cat\/es\/wp-json\/wp\/v2\/posts"}],"about":[{"href":"https:\/\/mont-roig.cat\/es\/wp-json\/wp\/v2\/types\/post"}],"author":[{"embeddable":true,"href":"https:\/\/mont-roig.cat\/es\/wp-json\/wp\/v2\/users\/13"}],"replies":[{"embeddable":true,"href":"https:\/\/mont-roig.cat\/es\/wp-json\/wp\/v2\/comments?post=86556"}],"version-history":[{"count":1,"href":"https:\/\/mont-roig.cat\/es\/wp-json\/wp\/v2\/posts\/86556\/revisions"}],"predecessor-version":[{"id":86557,"href":"https:\/\/mont-roig.cat\/es\/wp-json\/wp\/v2\/posts\/86556\/revisions\/86557"}],"wp:featuredmedia":[{"embeddable":true,"href":"https:\/\/mont-roig.cat\/es\/wp-json\/wp\/v2\/media\/86551"}],"wp:attachment":[{"href":"https:\/\/mont-roig.cat\/es\/wp-json\/wp\/v2\/media?parent=86556"}],"wp:term":[{"taxonomy":"category","embeddable":true,"href":"https:\/\/mont-roig.cat\/es\/wp-json\/wp\/v2\/categories?post=86556"},{"taxonomy":"post_tag","embeddable":true,"href":"https:\/\/mont-roig.cat\/es\/wp-json\/wp\/v2\/tags?post=86556"}],"curies":[{"name":"wp","href":"https:\/\/api.w.org\/{rel}","templated":true}]}}