{"id":86583,"date":"2025-11-06T14:18:58","date_gmt":"2025-11-06T13:18:58","guid":{"rendered":"https:\/\/mont-roig.cat\/actualitat\/noticies\/mont-roig-del-camp-sera-seu-de-la-sortida-duna-etapa-de-la-volta-ciclista-a-catalunya-2026\/"},"modified":"2025-11-06T14:47:05","modified_gmt":"2025-11-06T13:47:05","slug":"mont-roig-del-camp-sera-sede-de-la-salida-de-una-etapa-de-la-volta-ciclista-a-catalunya-2026","status":"publish","type":"post","link":"https:\/\/mont-roig.cat\/es\/actualitat\/noticies\/mont-roig-del-camp-sera-sede-de-la-salida-de-una-etapa-de-la-volta-ciclista-a-catalunya-2026\/","title":{"rendered":"Mont-roig del Camp ser\u00e1 sede de la salida de una etapa de la Volta Ciclista a Catalunya 2026"},"content":{"rendered":"<div id=\"attachment_86577\" style=\"width: 335px\" class=\"wp-caption alignright\"><a href=\"https:\/\/mont-roig.cat\/wp-content\/uploads\/Foto-Volta-Ciclista-Tarragona.jpg\" target=\"_blank\" rel=\"noopener\"><img loading=\"lazy\" decoding=\"async\" aria-describedby=\"caption-attachment-86577\" class=\"wp-image-86577\" src=\"https:\/\/mont-roig.cat\/wp-content\/uploads\/Foto-Volta-Ciclista-Tarragona-500x375.jpg\" alt=\"\" width=\"325\" height=\"244\" srcset=\"https:\/\/mont-roig.cat\/wp-content\/uploads\/Foto-Volta-Ciclista-Tarragona-500x375.jpg 500w, https:\/\/mont-roig.cat\/wp-content\/uploads\/Foto-Volta-Ciclista-Tarragona-1024x768.jpg 1024w, https:\/\/mont-roig.cat\/wp-content\/uploads\/Foto-Volta-Ciclista-Tarragona-768x576.jpg 768w, https:\/\/mont-roig.cat\/wp-content\/uploads\/Foto-Volta-Ciclista-Tarragona-1536x1152.jpg 1536w, https:\/\/mont-roig.cat\/wp-content\/uploads\/Foto-Volta-Ciclista-Tarragona-463x348.jpg 463w, https:\/\/mont-roig.cat\/wp-content\/uploads\/Foto-Volta-Ciclista-Tarragona.jpg 1600w\" sizes=\"auto, (max-width: 325px) 100vw, 325px\" \/><\/a><p id=\"caption-attachment-86577\" class=\"wp-caption-text\">De izquierda a derecha: Miguel del Viso, concejal de Deportes de Mont-roig del Camp; Rub\u00e8n Peris, director de la Volta; Fran Morancho, alcalde de Mont-roig del Camp; y Enric Adell, diputado provincial de Turismo.<\/p><\/div>\n<ul>\n<li data-start=\"471\" data-end=\"649\"><strong data-start=\"471\" data-end=\"649\">La vinculaci\u00f3n hist\u00f3rica del municipio con el ciclismo se proyectar\u00e1 al mundo en una jornada deportiva de una competici\u00f3n de primer nivel que se celebrar\u00e1 a finales de marzo.<\/strong><\/li>\n<\/ul>\n<p data-start=\"651\" data-end=\"1261\">La Volta Ciclista a Catalunya 2026, que tendr\u00e1 lugar del 23 al 29 de marzo, incluye este a\u00f1o una etapa con salida desde Mont-roig del Camp y llegada a Vila-seca. Por primera vez, el municipio formar\u00e1 parte del recorrido de esta competici\u00f3n centenaria, que sit\u00faa el territorio en el centro de la atenci\u00f3n deportiva internacional y refuerza su relaci\u00f3n con el mundo del ciclismo. La salida convertir\u00e1 Mont-roig del Camp en punto de encuentro de cientos de ciclistas, equipos, asistentes t\u00e9cnicos, medios de comunicaci\u00f3n y aficionados, que podr\u00e1n disfrutar del ambiente \u00fanico de una prueba UCI World Tour.<\/p>\n<p data-start=\"1263\" data-end=\"1301\"><strong>Un municipio con cultura ciclista<\/strong><\/p>\n<p data-start=\"1303\" data-end=\"1802\">Mont-roig del Camp cuenta con una afici\u00f3n ciclista arraigada y reconocida. El Vel\u00f2drom Municipal Josep Florencio, activo durante todo el a\u00f1o, es sede habitual de campeonatos, jornadas formativas y sesiones de entrenamiento, y simboliza el aprecio local hacia este deporte. Adem\u00e1s, las rutas que enlazan el n\u00facleo, Miami Platja y el entorno natural han convertido el municipio en un punto destacado dentro de la red de destinos certificados en cicloturismo por la Ag\u00e8ncia Catalana de Turisme.<\/p>\n<p data-start=\"1804\" data-end=\"1840\"><strong>Una salida con identidad propia<\/strong><\/p>\n<p data-start=\"1842\" data-end=\"2226\">La salida de la etapa tendr\u00e1 lugar en un espacio emblem\u00e1tico y f\u00e1cilmente reconocible del municipio, con la Mare de D\u00e9u de la Roca como referencia visual del paisaje. Este escenario, que fue fuente de inspiraci\u00f3n art\u00edstica para Joan Mir\u00f3, mostrar\u00e1 al mundo una imagen ic\u00f3nica del territorio a trav\u00e9s de la retransmisi\u00f3n televisiva internacional de la Volta (hasta 190 pa\u00edses).<\/p>\n<p data-start=\"2228\" data-end=\"2526\">Adem\u00e1s, la jornada traer\u00e1 al municipio la gran infraestructura log\u00edstica de la Volta: presentaci\u00f3n de equipos, veh\u00edculos oficiales, zona de firma y protocolos, espacios de recepci\u00f3n y \u00e1reas para aficionados y visitantes. La ciudadan\u00eda podr\u00e1 vivir muy de cerca la puesta en escena del gran ciclismo.<\/p>\n<p data-start=\"2548\" data-end=\"2615\">El alcalde de Mont-roig del Camp, Fran Morancho, destaca que &#8220;el ciclismo forma parte de nuestra identidad como municipio. El vel\u00f2drom, las rutas que recorren nuestro entorno y la afici\u00f3n que siempre ha existido aqu\u00ed lo demuestran. Acoger la salida de una etapa de la Volta es un reconocimiento a esta trayectoria y una oportunidad para compartirla con el mundo.\u201d<\/p>\n<p data-start=\"2922\" data-end=\"3005\">Por su parte, el director general de la Volta, Rub\u00e8n Peris, ha remarcado que &#8220;incorporar Mont-roig del Camp como sede es una excelente noticia. Es un territorio con historia ciclista, con pasi\u00f3n y con un entorno excepcional para la competici\u00f3n.\u201d<\/p>\n","protected":false},"excerpt":{"rendered":"<p>La vinculaci\u00f3n hist\u00f3rica del municipio con el ciclismo se proyectar\u00e1 al mundo en una jornada deportiva de una competici\u00f3n de primer nivel que se celebrar\u00e1 a finales de marzo. La Volta Ciclista a Catalunya 2026, que tendr\u00e1 lugar del 23 al 29 de marzo, incluye este a\u00f1o una etapa con salida desde Mont-roig del Camp [&hellip;]<\/p>\n","protected":false},"author":13,"featured_media":86578,"comment_status":"closed","ping_status":"closed","sticky":false,"template":"","format":"standard","meta":{"inline_featured_image":false,"_monsterinsights_skip_tracking":false,"_monsterinsights_sitenote_active":false,"_monsterinsights_sitenote_note":"","_monsterinsights_sitenote_category":0,"footnotes":""},"categories":[156,98,104],"tags":[],"class_list":["post-86583","post","type-post","status-publish","format-standard","has-post-thumbnail","hentry","category-alcalde-es","category-ayuntamiento","category-deportes"],"yoast_head":"<!-- This site is optimized with the Yoast SEO plugin v27.4 - https:\/\/yoast.com\/product\/yoast-seo-wordpress\/ -->\n<title>Mont-roig del Camp ser\u00e1 sede de la salida de una etapa de la Volta Ciclista a Catalunya 2026 - Ajuntament de Mont-roig del Camp<\/title>\n<meta name=\"robots\" content=\"index, follow, max-snippet:-1, max-image-preview:large, max-video-preview:-1\" \/>\n<link rel=\"canonical\" href=\"https:\/\/mont-roig.cat\/es\/actualitat\/noticies\/mont-roig-del-camp-sera-sede-de-la-salida-de-una-etapa-de-la-volta-ciclista-a-catalunya-2026\/\" \/>\n<meta property=\"og:locale\" content=\"es_ES\" \/>\n<meta property=\"og:type\" content=\"article\" \/>\n<meta property=\"og:title\" content=\"Mont-roig del Camp ser\u00e1 sede de la salida de una etapa de la Volta Ciclista a Catalunya 2026 - Ajuntament de Mont-roig del Camp\" \/>\n<meta property=\"og:description\" content=\"La vinculaci\u00f3n hist\u00f3rica del municipio con el ciclismo se proyectar\u00e1 al mundo en una jornada deportiva de una competici\u00f3n de primer nivel que se celebrar\u00e1 a finales de marzo. La Volta Ciclista a Catalunya 2026, que tendr\u00e1 lugar del 23 al 29 de marzo, incluye este a\u00f1o una etapa con salida desde Mont-roig del Camp [&hellip;]\" \/>\n<meta property=\"og:url\" content=\"https:\/\/mont-roig.cat\/es\/actualitat\/noticies\/mont-roig-del-camp-sera-sede-de-la-salida-de-una-etapa-de-la-volta-ciclista-a-catalunya-2026\/\" \/>\n<meta property=\"og:site_name\" content=\"Ajuntament de Mont-roig del Camp\" \/>\n<meta property=\"article:published_time\" content=\"2025-11-06T13:18:58+00:00\" \/>\n<meta property=\"article:modified_time\" content=\"2025-11-06T13:47:05+00:00\" \/>\n<meta property=\"og:image\" content=\"https:\/\/mont-roig.cat\/wp-content\/uploads\/Foto-Volta-Ciclista-Tarragona.jpg\" \/>\n\t<meta property=\"og:image:width\" content=\"1600\" \/>\n\t<meta property=\"og:image:height\" content=\"1200\" \/>\n\t<meta property=\"og:image:type\" content=\"image\/jpeg\" \/>\n<meta name=\"author\" content=\"comunicacio\" \/>\n<meta name=\"twitter:card\" content=\"summary_large_image\" \/>\n<meta name=\"twitter:label1\" content=\"Escrito por\" \/>\n\t<meta name=\"twitter:data1\" content=\"comunicacio\" \/>\n\t<meta name=\"twitter:label2\" content=\"Tiempo de lectura\" \/>\n\t<meta name=\"twitter:data2\" content=\"3 minutos\" \/>\n<script type=\"application\/ld+json\" class=\"yoast-schema-graph\">{\"@context\":\"https:\\\/\\\/schema.org\",\"@graph\":[{\"@type\":\"Article\",\"@id\":\"https:\\\/\\\/mont-roig.cat\\\/es\\\/actualitat\\\/noticies\\\/mont-roig-del-camp-sera-sede-de-la-salida-de-una-etapa-de-la-volta-ciclista-a-catalunya-2026\\\/#article\",\"isPartOf\":{\"@id\":\"https:\\\/\\\/mont-roig.cat\\\/es\\\/actualitat\\\/noticies\\\/mont-roig-del-camp-sera-sede-de-la-salida-de-una-etapa-de-la-volta-ciclista-a-catalunya-2026\\\/\"},\"author\":{\"name\":\"comunicacio\",\"@id\":\"https:\\\/\\\/mont-roig.cat\\\/es\\\/#\\\/schema\\\/person\\\/1f73e7b5e6f9dd122e8a6f14f310ac5e\"},\"headline\":\"Mont-roig del Camp ser\u00e1 sede de la salida de una etapa de la Volta Ciclista a Catalunya 2026\",\"datePublished\":\"2025-11-06T13:18:58+00:00\",\"dateModified\":\"2025-11-06T13:47:05+00:00\",\"mainEntityOfPage\":{\"@id\":\"https:\\\/\\\/mont-roig.cat\\\/es\\\/actualitat\\\/noticies\\\/mont-roig-del-camp-sera-sede-de-la-salida-de-una-etapa-de-la-volta-ciclista-a-catalunya-2026\\\/\"},\"wordCount\":512,\"image\":{\"@id\":\"https:\\\/\\\/mont-roig.cat\\\/es\\\/actualitat\\\/noticies\\\/mont-roig-del-camp-sera-sede-de-la-salida-de-una-etapa-de-la-volta-ciclista-a-catalunya-2026\\\/#primaryimage\"},\"thumbnailUrl\":\"https:\\\/\\\/mont-roig.cat\\\/wp-content\\\/uploads\\\/Foto-Volta-Ciclista-Tarragona.jpg\",\"articleSection\":[\"Alcalde\",\"Ayuntamiento\",\"Deportes\"],\"inLanguage\":\"es\"},{\"@type\":\"WebPage\",\"@id\":\"https:\\\/\\\/mont-roig.cat\\\/es\\\/actualitat\\\/noticies\\\/mont-roig-del-camp-sera-sede-de-la-salida-de-una-etapa-de-la-volta-ciclista-a-catalunya-2026\\\/\",\"url\":\"https:\\\/\\\/mont-roig.cat\\\/es\\\/actualitat\\\/noticies\\\/mont-roig-del-camp-sera-sede-de-la-salida-de-una-etapa-de-la-volta-ciclista-a-catalunya-2026\\\/\",\"name\":\"Mont-roig del Camp ser\u00e1 sede de la salida de una etapa de la Volta Ciclista a Catalunya 2026 - Ajuntament de Mont-roig del Camp\",\"isPartOf\":{\"@id\":\"https:\\\/\\\/mont-roig.cat\\\/es\\\/#website\"},\"primaryImageOfPage\":{\"@id\":\"https:\\\/\\\/mont-roig.cat\\\/es\\\/actualitat\\\/noticies\\\/mont-roig-del-camp-sera-sede-de-la-salida-de-una-etapa-de-la-volta-ciclista-a-catalunya-2026\\\/#primaryimage\"},\"image\":{\"@id\":\"https:\\\/\\\/mont-roig.cat\\\/es\\\/actualitat\\\/noticies\\\/mont-roig-del-camp-sera-sede-de-la-salida-de-una-etapa-de-la-volta-ciclista-a-catalunya-2026\\\/#primaryimage\"},\"thumbnailUrl\":\"https:\\\/\\\/mont-roig.cat\\\/wp-content\\\/uploads\\\/Foto-Volta-Ciclista-Tarragona.jpg\",\"datePublished\":\"2025-11-06T13:18:58+00:00\",\"dateModified\":\"2025-11-06T13:47:05+00:00\",\"author\":{\"@id\":\"https:\\\/\\\/mont-roig.cat\\\/es\\\/#\\\/schema\\\/person\\\/1f73e7b5e6f9dd122e8a6f14f310ac5e\"},\"breadcrumb\":{\"@id\":\"https:\\\/\\\/mont-roig.cat\\\/es\\\/actualitat\\\/noticies\\\/mont-roig-del-camp-sera-sede-de-la-salida-de-una-etapa-de-la-volta-ciclista-a-catalunya-2026\\\/#breadcrumb\"},\"inLanguage\":\"es\",\"potentialAction\":[{\"@type\":\"ReadAction\",\"target\":[\"https:\\\/\\\/mont-roig.cat\\\/es\\\/actualitat\\\/noticies\\\/mont-roig-del-camp-sera-sede-de-la-salida-de-una-etapa-de-la-volta-ciclista-a-catalunya-2026\\\/\"]}]},{\"@type\":\"ImageObject\",\"inLanguage\":\"es\",\"@id\":\"https:\\\/\\\/mont-roig.cat\\\/es\\\/actualitat\\\/noticies\\\/mont-roig-del-camp-sera-sede-de-la-salida-de-una-etapa-de-la-volta-ciclista-a-catalunya-2026\\\/#primaryimage\",\"url\":\"https:\\\/\\\/mont-roig.cat\\\/wp-content\\\/uploads\\\/Foto-Volta-Ciclista-Tarragona.jpg\",\"contentUrl\":\"https:\\\/\\\/mont-roig.cat\\\/wp-content\\\/uploads\\\/Foto-Volta-Ciclista-Tarragona.jpg\",\"width\":1600,\"height\":1200},{\"@type\":\"BreadcrumbList\",\"@id\":\"https:\\\/\\\/mont-roig.cat\\\/es\\\/actualitat\\\/noticies\\\/mont-roig-del-camp-sera-sede-de-la-salida-de-una-etapa-de-la-volta-ciclista-a-catalunya-2026\\\/#breadcrumb\",\"itemListElement\":[{\"@type\":\"ListItem\",\"position\":1,\"name\":\"Inici\",\"item\":\"https:\\\/\\\/mont-roig.cat\\\/es\\\/pagina-de-inicio\\\/\"},{\"@type\":\"ListItem\",\"position\":2,\"name\":\"Mont-roig del Camp ser\u00e1 sede de la salida de una etapa de la Volta Ciclista a Catalunya 2026\"}]},{\"@type\":\"WebSite\",\"@id\":\"https:\\\/\\\/mont-roig.cat\\\/es\\\/#website\",\"url\":\"https:\\\/\\\/mont-roig.cat\\\/es\\\/\",\"name\":\"Ajuntament de Mont-roig del Camp\",\"description\":\"Tota la informaci\u00f3 sobre la instituci\u00f3, els seus \u00f2rgans de govern, actualitat, serveis i molt m\u00e9s.\",\"potentialAction\":[{\"@type\":\"SearchAction\",\"target\":{\"@type\":\"EntryPoint\",\"urlTemplate\":\"https:\\\/\\\/mont-roig.cat\\\/es\\\/?s={search_term_string}\"},\"query-input\":{\"@type\":\"PropertyValueSpecification\",\"valueRequired\":true,\"valueName\":\"search_term_string\"}}],\"inLanguage\":\"es\"},{\"@type\":\"Person\",\"@id\":\"https:\\\/\\\/mont-roig.cat\\\/es\\\/#\\\/schema\\\/person\\\/1f73e7b5e6f9dd122e8a6f14f310ac5e\",\"name\":\"comunicacio\",\"image\":{\"@type\":\"ImageObject\",\"inLanguage\":\"es\",\"@id\":\"https:\\\/\\\/secure.gravatar.com\\\/avatar\\\/98944333e7a877670a64f8d10f0cb680ab2c9ebc4efc43945ef004b52b5ad28c?s=96&d=mm&r=g\",\"url\":\"https:\\\/\\\/secure.gravatar.com\\\/avatar\\\/98944333e7a877670a64f8d10f0cb680ab2c9ebc4efc43945ef004b52b5ad28c?s=96&d=mm&r=g\",\"contentUrl\":\"https:\\\/\\\/secure.gravatar.com\\\/avatar\\\/98944333e7a877670a64f8d10f0cb680ab2c9ebc4efc43945ef004b52b5ad28c?s=96&d=mm&r=g\",\"caption\":\"comunicacio\"},\"url\":\"https:\\\/\\\/mont-roig.cat\\\/es\\\/actualitat\\\/noticies\\\/author\\\/comunicacio\\\/\"}]}<\/script>\n<!-- \/ Yoast SEO plugin. -->","yoast_head_json":{"title":"Mont-roig del Camp ser\u00e1 sede de la salida de una etapa de la Volta Ciclista a Catalunya 2026 - Ajuntament de Mont-roig del Camp","robots":{"index":"index","follow":"follow","max-snippet":"max-snippet:-1","max-image-preview":"max-image-preview:large","max-video-preview":"max-video-preview:-1"},"canonical":"https:\/\/mont-roig.cat\/es\/actualitat\/noticies\/mont-roig-del-camp-sera-sede-de-la-salida-de-una-etapa-de-la-volta-ciclista-a-catalunya-2026\/","og_locale":"es_ES","og_type":"article","og_title":"Mont-roig del Camp ser\u00e1 sede de la salida de una etapa de la Volta Ciclista a Catalunya 2026 - Ajuntament de Mont-roig del Camp","og_description":"La vinculaci\u00f3n hist\u00f3rica del municipio con el ciclismo se proyectar\u00e1 al mundo en una jornada deportiva de una competici\u00f3n de primer nivel que se celebrar\u00e1 a finales de marzo. La Volta Ciclista a Catalunya 2026, que tendr\u00e1 lugar del 23 al 29 de marzo, incluye este a\u00f1o una etapa con salida desde Mont-roig del Camp [&hellip;]","og_url":"https:\/\/mont-roig.cat\/es\/actualitat\/noticies\/mont-roig-del-camp-sera-sede-de-la-salida-de-una-etapa-de-la-volta-ciclista-a-catalunya-2026\/","og_site_name":"Ajuntament de Mont-roig del Camp","article_published_time":"2025-11-06T13:18:58+00:00","article_modified_time":"2025-11-06T13:47:05+00:00","og_image":[{"width":1600,"height":1200,"url":"https:\/\/mont-roig.cat\/wp-content\/uploads\/Foto-Volta-Ciclista-Tarragona.jpg","type":"image\/jpeg"}],"author":"comunicacio","twitter_card":"summary_large_image","twitter_misc":{"Escrito por":"comunicacio","Tiempo de lectura":"3 minutos"},"schema":{"@context":"https:\/\/schema.org","@graph":[{"@type":"Article","@id":"https:\/\/mont-roig.cat\/es\/actualitat\/noticies\/mont-roig-del-camp-sera-sede-de-la-salida-de-una-etapa-de-la-volta-ciclista-a-catalunya-2026\/#article","isPartOf":{"@id":"https:\/\/mont-roig.cat\/es\/actualitat\/noticies\/mont-roig-del-camp-sera-sede-de-la-salida-de-una-etapa-de-la-volta-ciclista-a-catalunya-2026\/"},"author":{"name":"comunicacio","@id":"https:\/\/mont-roig.cat\/es\/#\/schema\/person\/1f73e7b5e6f9dd122e8a6f14f310ac5e"},"headline":"Mont-roig del Camp ser\u00e1 sede de la salida de una etapa de la Volta Ciclista a Catalunya 2026","datePublished":"2025-11-06T13:18:58+00:00","dateModified":"2025-11-06T13:47:05+00:00","mainEntityOfPage":{"@id":"https:\/\/mont-roig.cat\/es\/actualitat\/noticies\/mont-roig-del-camp-sera-sede-de-la-salida-de-una-etapa-de-la-volta-ciclista-a-catalunya-2026\/"},"wordCount":512,"image":{"@id":"https:\/\/mont-roig.cat\/es\/actualitat\/noticies\/mont-roig-del-camp-sera-sede-de-la-salida-de-una-etapa-de-la-volta-ciclista-a-catalunya-2026\/#primaryimage"},"thumbnailUrl":"https:\/\/mont-roig.cat\/wp-content\/uploads\/Foto-Volta-Ciclista-Tarragona.jpg","articleSection":["Alcalde","Ayuntamiento","Deportes"],"inLanguage":"es"},{"@type":"WebPage","@id":"https:\/\/mont-roig.cat\/es\/actualitat\/noticies\/mont-roig-del-camp-sera-sede-de-la-salida-de-una-etapa-de-la-volta-ciclista-a-catalunya-2026\/","url":"https:\/\/mont-roig.cat\/es\/actualitat\/noticies\/mont-roig-del-camp-sera-sede-de-la-salida-de-una-etapa-de-la-volta-ciclista-a-catalunya-2026\/","name":"Mont-roig del Camp ser\u00e1 sede de la salida de una etapa de la Volta Ciclista a Catalunya 2026 - Ajuntament de Mont-roig del Camp","isPartOf":{"@id":"https:\/\/mont-roig.cat\/es\/#website"},"primaryImageOfPage":{"@id":"https:\/\/mont-roig.cat\/es\/actualitat\/noticies\/mont-roig-del-camp-sera-sede-de-la-salida-de-una-etapa-de-la-volta-ciclista-a-catalunya-2026\/#primaryimage"},"image":{"@id":"https:\/\/mont-roig.cat\/es\/actualitat\/noticies\/mont-roig-del-camp-sera-sede-de-la-salida-de-una-etapa-de-la-volta-ciclista-a-catalunya-2026\/#primaryimage"},"thumbnailUrl":"https:\/\/mont-roig.cat\/wp-content\/uploads\/Foto-Volta-Ciclista-Tarragona.jpg","datePublished":"2025-11-06T13:18:58+00:00","dateModified":"2025-11-06T13:47:05+00:00","author":{"@id":"https:\/\/mont-roig.cat\/es\/#\/schema\/person\/1f73e7b5e6f9dd122e8a6f14f310ac5e"},"breadcrumb":{"@id":"https:\/\/mont-roig.cat\/es\/actualitat\/noticies\/mont-roig-del-camp-sera-sede-de-la-salida-de-una-etapa-de-la-volta-ciclista-a-catalunya-2026\/#breadcrumb"},"inLanguage":"es","potentialAction":[{"@type":"ReadAction","target":["https:\/\/mont-roig.cat\/es\/actualitat\/noticies\/mont-roig-del-camp-sera-sede-de-la-salida-de-una-etapa-de-la-volta-ciclista-a-catalunya-2026\/"]}]},{"@type":"ImageObject","inLanguage":"es","@id":"https:\/\/mont-roig.cat\/es\/actualitat\/noticies\/mont-roig-del-camp-sera-sede-de-la-salida-de-una-etapa-de-la-volta-ciclista-a-catalunya-2026\/#primaryimage","url":"https:\/\/mont-roig.cat\/wp-content\/uploads\/Foto-Volta-Ciclista-Tarragona.jpg","contentUrl":"https:\/\/mont-roig.cat\/wp-content\/uploads\/Foto-Volta-Ciclista-Tarragona.jpg","width":1600,"height":1200},{"@type":"BreadcrumbList","@id":"https:\/\/mont-roig.cat\/es\/actualitat\/noticies\/mont-roig-del-camp-sera-sede-de-la-salida-de-una-etapa-de-la-volta-ciclista-a-catalunya-2026\/#breadcrumb","itemListElement":[{"@type":"ListItem","position":1,"name":"Inici","item":"https:\/\/mont-roig.cat\/es\/pagina-de-inicio\/"},{"@type":"ListItem","position":2,"name":"Mont-roig del Camp ser\u00e1 sede de la salida de una etapa de la Volta Ciclista a Catalunya 2026"}]},{"@type":"WebSite","@id":"https:\/\/mont-roig.cat\/es\/#website","url":"https:\/\/mont-roig.cat\/es\/","name":"Ajuntament de Mont-roig del Camp","description":"Tota la informaci\u00f3 sobre la instituci\u00f3, els seus \u00f2rgans de govern, actualitat, serveis i molt m\u00e9s.","potentialAction":[{"@type":"SearchAction","target":{"@type":"EntryPoint","urlTemplate":"https:\/\/mont-roig.cat\/es\/?s={search_term_string}"},"query-input":{"@type":"PropertyValueSpecification","valueRequired":true,"valueName":"search_term_string"}}],"inLanguage":"es"},{"@type":"Person","@id":"https:\/\/mont-roig.cat\/es\/#\/schema\/person\/1f73e7b5e6f9dd122e8a6f14f310ac5e","name":"comunicacio","image":{"@type":"ImageObject","inLanguage":"es","@id":"https:\/\/secure.gravatar.com\/avatar\/98944333e7a877670a64f8d10f0cb680ab2c9ebc4efc43945ef004b52b5ad28c?s=96&d=mm&r=g","url":"https:\/\/secure.gravatar.com\/avatar\/98944333e7a877670a64f8d10f0cb680ab2c9ebc4efc43945ef004b52b5ad28c?s=96&d=mm&r=g","contentUrl":"https:\/\/secure.gravatar.com\/avatar\/98944333e7a877670a64f8d10f0cb680ab2c9ebc4efc43945ef004b52b5ad28c?s=96&d=mm&r=g","caption":"comunicacio"},"url":"https:\/\/mont-roig.cat\/es\/actualitat\/noticies\/author\/comunicacio\/"}]}},"_links":{"self":[{"href":"https:\/\/mont-roig.cat\/es\/wp-json\/wp\/v2\/posts\/86583","targetHints":{"allow":["GET"]}}],"collection":[{"href":"https:\/\/mont-roig.cat\/es\/wp-json\/wp\/v2\/posts"}],"about":[{"href":"https:\/\/mont-roig.cat\/es\/wp-json\/wp\/v2\/types\/post"}],"author":[{"embeddable":true,"href":"https:\/\/mont-roig.cat\/es\/wp-json\/wp\/v2\/users\/13"}],"replies":[{"embeddable":true,"href":"https:\/\/mont-roig.cat\/es\/wp-json\/wp\/v2\/comments?post=86583"}],"version-history":[{"count":3,"href":"https:\/\/mont-roig.cat\/es\/wp-json\/wp\/v2\/posts\/86583\/revisions"}],"predecessor-version":[{"id":86593,"href":"https:\/\/mont-roig.cat\/es\/wp-json\/wp\/v2\/posts\/86583\/revisions\/86593"}],"wp:featuredmedia":[{"embeddable":true,"href":"https:\/\/mont-roig.cat\/es\/wp-json\/wp\/v2\/media\/86578"}],"wp:attachment":[{"href":"https:\/\/mont-roig.cat\/es\/wp-json\/wp\/v2\/media?parent=86583"}],"wp:term":[{"taxonomy":"category","embeddable":true,"href":"https:\/\/mont-roig.cat\/es\/wp-json\/wp\/v2\/categories?post=86583"},{"taxonomy":"post_tag","embeddable":true,"href":"https:\/\/mont-roig.cat\/es\/wp-json\/wp\/v2\/tags?post=86583"}],"curies":[{"name":"wp","href":"https:\/\/api.w.org\/{rel}","templated":true}]}}