{"id":86629,"date":"2025-11-10T14:41:24","date_gmt":"2025-11-10T13:41:24","guid":{"rendered":"https:\/\/mont-roig.cat\/actualitat\/noticies\/el-pont-de-la-riera-de-vilanova-descornalbou-estrena-nova-illuminacio-nocturna\/"},"modified":"2025-11-10T14:46:20","modified_gmt":"2025-11-10T13:46:20","slug":"el-puente-de-la-riera-de-vilanova-descornalbou-estrena-nueva-iluminacion-nocturna","status":"publish","type":"post","link":"https:\/\/mont-roig.cat\/es\/actualitat\/noticies\/el-puente-de-la-riera-de-vilanova-descornalbou-estrena-nueva-iluminacion-nocturna\/","title":{"rendered":"El puente de la riera de Vilanova d\u2019Escornalbou estrena nueva iluminaci\u00f3n nocturna"},"content":{"rendered":"<div id=\"attachment_86617\" style=\"width: 312px\" class=\"wp-caption alignright\"><a href=\"https:\/\/mont-roig.cat\/wp-content\/uploads\/Pont-riera-2.png\" target=\"_blank\" rel=\"noopener\"><img loading=\"lazy\" decoding=\"async\" aria-describedby=\"caption-attachment-86617\" class=\"wp-image-86617\" src=\"https:\/\/mont-roig.cat\/wp-content\/uploads\/Pont-riera-2-500x333.png\" alt=\"\" width=\"302\" height=\"201\" srcset=\"https:\/\/mont-roig.cat\/wp-content\/uploads\/Pont-riera-2-500x333.png 500w, https:\/\/mont-roig.cat\/wp-content\/uploads\/Pont-riera-2-1024x683.png 1024w, https:\/\/mont-roig.cat\/wp-content\/uploads\/Pont-riera-2-768x512.png 768w, https:\/\/mont-roig.cat\/wp-content\/uploads\/Pont-riera-2-1536x1024.png 1536w, https:\/\/mont-roig.cat\/wp-content\/uploads\/Pont-riera-2-scaled.png 2048w\" sizes=\"auto, (max-width: 302px) 100vw, 302px\" \/><\/a><p id=\"caption-attachment-86617\" class=\"wp-caption-text\">Dos operarios de Nostreserveis ante el puente iluminado.<\/p><\/div>\n<article class=\"text-token-text-primary w-full focus:outline-none [--shadow-height:45px] has-data-writing-block:pointer-events-none has-data-writing-block:-mt-(--shadow-height) has-data-writing-block:pt-(--shadow-height) [&amp;:has([data-writing-block])&gt;*]:pointer-events-auto [content-visibility:auto] supports-[content-visibility:auto]:[contain-intrinsic-size:auto_100lvh] scroll-mt-[calc(var(--header-height)+min(200px,max(70px,20svh)))]\" dir=\"auto\" tabindex=\"-1\" data-turn-id=\"request-WEB:2e48124a-cca8-404e-b8a1-ca5f2813f8c0-3\" data-testid=\"conversation-turn-8\" data-scroll-anchor=\"true\" data-turn=\"assistant\">\n<div class=\"text-base my-auto mx-auto pb-10 [--thread-content-margin:--spacing(4)] thread-sm:[--thread-content-margin:--spacing(6)] thread-lg:[--thread-content-margin:--spacing(16)] px-(--thread-content-margin)\">\n<div class=\"[--thread-content-max-width:40rem] thread-lg:[--thread-content-max-width:48rem] mx-auto max-w-(--thread-content-max-width) flex-1 group\/turn-messages focus-visible:outline-hidden relative flex w-full min-w-0 flex-col agent-turn\" tabindex=\"-1\">\n<div class=\"flex max-w-full flex-col grow\">\n<div class=\"min-h-8 text-message relative flex w-full flex-col items-end gap-2 text-start break-words whitespace-normal [.text-message+&amp;]:mt-1\" dir=\"auto\" data-message-author-role=\"assistant\" data-message-id=\"2e0716d7-add2-4ce8-8bed-04a3ff255867\" data-message-model-slug=\"gpt-5\">\n<div class=\"flex w-full flex-col gap-1 empty:hidden first:pt-[1px]\">\n<div class=\"markdown prose dark:prose-invert w-full break-words light markdown-new-styling\">\n<ul>\n<li data-start=\"206\" data-end=\"373\"><strong>Las obras, impulsadas por la empresa municipal Nostreserveis, recuperan el aspecto original del puente dels 7 ponts y mejoran su visibilidad nocturna<\/strong><\/li>\n<\/ul>\n<p data-start=\"375\" data-end=\"799\">El puente de la riera de Vilanova d\u2019Escornalbou, conocido popularmente como el puente dels 7 ponts, luce una nueva imagen tras la reciente finalizaci\u00f3n de los trabajos de restauraci\u00f3n y mejora lum\u00ednica. Las actuaciones, impulsadas por la empresa municipal Nostreserveis, han tenido como objetivo recuperar el aspecto original de este elemento emblem\u00e1tico y reforzar su iluminaci\u00f3n durante las horas nocturnas.<\/p>\n<p data-start=\"801\" data-end=\"1129\">Los trabajos comenzaron con una limpieza profunda de la piedra mediante agua a presi\u00f3n, eliminando el musgo y el ennegrecimiento acumulado con el paso del tiempo. A continuaci\u00f3n, un especialista cantero revis\u00f3 cada tramo de la estructura, reponiendo o sustituyendo las losas y piedras que se encontraban da\u00f1adas o desaparecidas.<\/p>\n<p data-start=\"1131\" data-end=\"1358\">La mejora m\u00e1s destacada ha sido la instalaci\u00f3n de tiras de luces LED que recorren y realzan la silueta del puente, reforzando su valor arquitect\u00f3nico y mejorando la seguridad y la visibilidad para los peatones durante la noche.<\/p>\n<p data-start=\"1360\" data-end=\"1619\" data-is-last-node=\"\" data-is-only-node=\"\">Con esta actuaci\u00f3n, el puente dels 7 ponts recupera su encanto y se consolida como uno de los puntos m\u00e1s caracter\u00edsticos de la riera de Vilanova d\u2019Escornalbou, ofreciendo una imagen renovada, c\u00e1lida y acogedora tanto para los vecinos como para los visitantes.<\/p>\n<\/div>\n<\/div>\n<\/div>\n<\/div>\n<div class=\"z-0 flex min-h-[46px] justify-start\"><\/div>\n<div class=\"mt-3 w-full empty:hidden\">\n<div class=\"text-center\"><\/div>\n<\/div>\n<\/div>\n<\/div>\n<\/article>\n<div class=\"pointer-events-none h-px w-px\" aria-hidden=\"true\" data-edge=\"true\"><\/div>\n","protected":false},"excerpt":{"rendered":"<p>Las obras, impulsadas por la empresa municipal Nostreserveis, recuperan el aspecto original del puente dels 7 ponts y mejoran su visibilidad nocturna El puente de la riera de Vilanova d\u2019Escornalbou, conocido popularmente como el puente dels 7 ponts, luce una nueva imagen tras la reciente finalizaci\u00f3n de los trabajos de restauraci\u00f3n y mejora lum\u00ednica. Las [&hellip;]<\/p>\n","protected":false},"author":13,"featured_media":86618,"comment_status":"closed","ping_status":"closed","sticky":false,"template":"","format":"standard","meta":{"inline_featured_image":false,"_monsterinsights_skip_tracking":false,"_monsterinsights_sitenote_active":false,"_monsterinsights_sitenote_note":"","_monsterinsights_sitenote_category":0,"footnotes":""},"categories":[98,204],"tags":[],"class_list":["post-86629","post","type-post","status-publish","format-standard","has-post-thumbnail","hentry","category-ayuntamiento","category-nostreserveis-es"],"yoast_head":"<!-- This site is optimized with the Yoast SEO plugin v27.4 - https:\/\/yoast.com\/product\/yoast-seo-wordpress\/ -->\n<title>El puente de la riera de Vilanova d\u2019Escornalbou estrena nueva iluminaci\u00f3n nocturna - Ajuntament de Mont-roig del Camp<\/title>\n<meta name=\"robots\" content=\"index, follow, max-snippet:-1, max-image-preview:large, max-video-preview:-1\" \/>\n<link rel=\"canonical\" href=\"https:\/\/mont-roig.cat\/es\/actualitat\/noticies\/el-puente-de-la-riera-de-vilanova-descornalbou-estrena-nueva-iluminacion-nocturna\/\" \/>\n<meta property=\"og:locale\" content=\"es_ES\" \/>\n<meta property=\"og:type\" content=\"article\" \/>\n<meta property=\"og:title\" content=\"El puente de la riera de Vilanova d\u2019Escornalbou estrena nueva iluminaci\u00f3n nocturna - Ajuntament de Mont-roig del Camp\" \/>\n<meta property=\"og:description\" content=\"Las obras, impulsadas por la empresa municipal Nostreserveis, recuperan el aspecto original del puente dels 7 ponts y mejoran su visibilidad nocturna El puente de la riera de Vilanova d\u2019Escornalbou, conocido popularmente como el puente dels 7 ponts, luce una nueva imagen tras la reciente finalizaci\u00f3n de los trabajos de restauraci\u00f3n y mejora lum\u00ednica. Las [&hellip;]\" \/>\n<meta property=\"og:url\" content=\"https:\/\/mont-roig.cat\/es\/actualitat\/noticies\/el-puente-de-la-riera-de-vilanova-descornalbou-estrena-nueva-iluminacion-nocturna\/\" \/>\n<meta property=\"og:site_name\" content=\"Ajuntament de Mont-roig del Camp\" \/>\n<meta property=\"article:published_time\" content=\"2025-11-10T13:41:24+00:00\" \/>\n<meta property=\"article:modified_time\" content=\"2025-11-10T13:46:20+00:00\" \/>\n<meta property=\"og:image\" content=\"https:\/\/mont-roig.cat\/wp-content\/uploads\/Pont-riera-2-scaled.png\" \/>\n\t<meta property=\"og:image:width\" content=\"1\" \/>\n\t<meta property=\"og:image:height\" content=\"1\" \/>\n\t<meta property=\"og:image:type\" content=\"image\/png\" \/>\n<meta name=\"author\" content=\"comunicacio\" \/>\n<meta name=\"twitter:card\" content=\"summary_large_image\" \/>\n<meta name=\"twitter:label1\" content=\"Escrito por\" \/>\n\t<meta name=\"twitter:data1\" content=\"comunicacio\" \/>\n\t<meta name=\"twitter:label2\" content=\"Tiempo de lectura\" \/>\n\t<meta name=\"twitter:data2\" content=\"2 minutos\" \/>\n<script type=\"application\/ld+json\" class=\"yoast-schema-graph\">{\"@context\":\"https:\\\/\\\/schema.org\",\"@graph\":[{\"@type\":\"Article\",\"@id\":\"https:\\\/\\\/mont-roig.cat\\\/es\\\/actualitat\\\/noticies\\\/el-puente-de-la-riera-de-vilanova-descornalbou-estrena-nueva-iluminacion-nocturna\\\/#article\",\"isPartOf\":{\"@id\":\"https:\\\/\\\/mont-roig.cat\\\/es\\\/actualitat\\\/noticies\\\/el-puente-de-la-riera-de-vilanova-descornalbou-estrena-nueva-iluminacion-nocturna\\\/\"},\"author\":{\"name\":\"comunicacio\",\"@id\":\"https:\\\/\\\/mont-roig.cat\\\/es\\\/#\\\/schema\\\/person\\\/1f73e7b5e6f9dd122e8a6f14f310ac5e\"},\"headline\":\"El puente de la riera de Vilanova d\u2019Escornalbou estrena nueva iluminaci\u00f3n nocturna\",\"datePublished\":\"2025-11-10T13:41:24+00:00\",\"dateModified\":\"2025-11-10T13:46:20+00:00\",\"mainEntityOfPage\":{\"@id\":\"https:\\\/\\\/mont-roig.cat\\\/es\\\/actualitat\\\/noticies\\\/el-puente-de-la-riera-de-vilanova-descornalbou-estrena-nueva-iluminacion-nocturna\\\/\"},\"wordCount\":255,\"image\":{\"@id\":\"https:\\\/\\\/mont-roig.cat\\\/es\\\/actualitat\\\/noticies\\\/el-puente-de-la-riera-de-vilanova-descornalbou-estrena-nueva-iluminacion-nocturna\\\/#primaryimage\"},\"thumbnailUrl\":\"https:\\\/\\\/mont-roig.cat\\\/wp-content\\\/uploads\\\/Pont-riera-2-scaled.png\",\"articleSection\":[\"Ayuntamiento\",\"Nostreserveis\"],\"inLanguage\":\"es\"},{\"@type\":\"WebPage\",\"@id\":\"https:\\\/\\\/mont-roig.cat\\\/es\\\/actualitat\\\/noticies\\\/el-puente-de-la-riera-de-vilanova-descornalbou-estrena-nueva-iluminacion-nocturna\\\/\",\"url\":\"https:\\\/\\\/mont-roig.cat\\\/es\\\/actualitat\\\/noticies\\\/el-puente-de-la-riera-de-vilanova-descornalbou-estrena-nueva-iluminacion-nocturna\\\/\",\"name\":\"El puente de la riera de Vilanova d\u2019Escornalbou estrena nueva iluminaci\u00f3n nocturna - Ajuntament de Mont-roig del Camp\",\"isPartOf\":{\"@id\":\"https:\\\/\\\/mont-roig.cat\\\/es\\\/#website\"},\"primaryImageOfPage\":{\"@id\":\"https:\\\/\\\/mont-roig.cat\\\/es\\\/actualitat\\\/noticies\\\/el-puente-de-la-riera-de-vilanova-descornalbou-estrena-nueva-iluminacion-nocturna\\\/#primaryimage\"},\"image\":{\"@id\":\"https:\\\/\\\/mont-roig.cat\\\/es\\\/actualitat\\\/noticies\\\/el-puente-de-la-riera-de-vilanova-descornalbou-estrena-nueva-iluminacion-nocturna\\\/#primaryimage\"},\"thumbnailUrl\":\"https:\\\/\\\/mont-roig.cat\\\/wp-content\\\/uploads\\\/Pont-riera-2-scaled.png\",\"datePublished\":\"2025-11-10T13:41:24+00:00\",\"dateModified\":\"2025-11-10T13:46:20+00:00\",\"author\":{\"@id\":\"https:\\\/\\\/mont-roig.cat\\\/es\\\/#\\\/schema\\\/person\\\/1f73e7b5e6f9dd122e8a6f14f310ac5e\"},\"breadcrumb\":{\"@id\":\"https:\\\/\\\/mont-roig.cat\\\/es\\\/actualitat\\\/noticies\\\/el-puente-de-la-riera-de-vilanova-descornalbou-estrena-nueva-iluminacion-nocturna\\\/#breadcrumb\"},\"inLanguage\":\"es\",\"potentialAction\":[{\"@type\":\"ReadAction\",\"target\":[\"https:\\\/\\\/mont-roig.cat\\\/es\\\/actualitat\\\/noticies\\\/el-puente-de-la-riera-de-vilanova-descornalbou-estrena-nueva-iluminacion-nocturna\\\/\"]}]},{\"@type\":\"ImageObject\",\"inLanguage\":\"es\",\"@id\":\"https:\\\/\\\/mont-roig.cat\\\/es\\\/actualitat\\\/noticies\\\/el-puente-de-la-riera-de-vilanova-descornalbou-estrena-nueva-iluminacion-nocturna\\\/#primaryimage\",\"url\":\"https:\\\/\\\/mont-roig.cat\\\/wp-content\\\/uploads\\\/Pont-riera-2-scaled.png\",\"contentUrl\":\"https:\\\/\\\/mont-roig.cat\\\/wp-content\\\/uploads\\\/Pont-riera-2-scaled.png\"},{\"@type\":\"BreadcrumbList\",\"@id\":\"https:\\\/\\\/mont-roig.cat\\\/es\\\/actualitat\\\/noticies\\\/el-puente-de-la-riera-de-vilanova-descornalbou-estrena-nueva-iluminacion-nocturna\\\/#breadcrumb\",\"itemListElement\":[{\"@type\":\"ListItem\",\"position\":1,\"name\":\"Inici\",\"item\":\"https:\\\/\\\/mont-roig.cat\\\/es\\\/pagina-de-inicio\\\/\"},{\"@type\":\"ListItem\",\"position\":2,\"name\":\"El puente de la riera de Vilanova d\u2019Escornalbou estrena nueva iluminaci\u00f3n nocturna\"}]},{\"@type\":\"WebSite\",\"@id\":\"https:\\\/\\\/mont-roig.cat\\\/es\\\/#website\",\"url\":\"https:\\\/\\\/mont-roig.cat\\\/es\\\/\",\"name\":\"Ajuntament de Mont-roig del Camp\",\"description\":\"Tota la informaci\u00f3 sobre la instituci\u00f3, els seus \u00f2rgans de govern, actualitat, serveis i molt m\u00e9s.\",\"potentialAction\":[{\"@type\":\"SearchAction\",\"target\":{\"@type\":\"EntryPoint\",\"urlTemplate\":\"https:\\\/\\\/mont-roig.cat\\\/es\\\/?s={search_term_string}\"},\"query-input\":{\"@type\":\"PropertyValueSpecification\",\"valueRequired\":true,\"valueName\":\"search_term_string\"}}],\"inLanguage\":\"es\"},{\"@type\":\"Person\",\"@id\":\"https:\\\/\\\/mont-roig.cat\\\/es\\\/#\\\/schema\\\/person\\\/1f73e7b5e6f9dd122e8a6f14f310ac5e\",\"name\":\"comunicacio\",\"image\":{\"@type\":\"ImageObject\",\"inLanguage\":\"es\",\"@id\":\"https:\\\/\\\/secure.gravatar.com\\\/avatar\\\/98944333e7a877670a64f8d10f0cb680ab2c9ebc4efc43945ef004b52b5ad28c?s=96&d=mm&r=g\",\"url\":\"https:\\\/\\\/secure.gravatar.com\\\/avatar\\\/98944333e7a877670a64f8d10f0cb680ab2c9ebc4efc43945ef004b52b5ad28c?s=96&d=mm&r=g\",\"contentUrl\":\"https:\\\/\\\/secure.gravatar.com\\\/avatar\\\/98944333e7a877670a64f8d10f0cb680ab2c9ebc4efc43945ef004b52b5ad28c?s=96&d=mm&r=g\",\"caption\":\"comunicacio\"},\"url\":\"https:\\\/\\\/mont-roig.cat\\\/es\\\/actualitat\\\/noticies\\\/author\\\/comunicacio\\\/\"}]}<\/script>\n<!-- \/ Yoast SEO plugin. -->","yoast_head_json":{"title":"El puente de la riera de Vilanova d\u2019Escornalbou estrena nueva iluminaci\u00f3n nocturna - Ajuntament de Mont-roig del Camp","robots":{"index":"index","follow":"follow","max-snippet":"max-snippet:-1","max-image-preview":"max-image-preview:large","max-video-preview":"max-video-preview:-1"},"canonical":"https:\/\/mont-roig.cat\/es\/actualitat\/noticies\/el-puente-de-la-riera-de-vilanova-descornalbou-estrena-nueva-iluminacion-nocturna\/","og_locale":"es_ES","og_type":"article","og_title":"El puente de la riera de Vilanova d\u2019Escornalbou estrena nueva iluminaci\u00f3n nocturna - Ajuntament de Mont-roig del Camp","og_description":"Las obras, impulsadas por la empresa municipal Nostreserveis, recuperan el aspecto original del puente dels 7 ponts y mejoran su visibilidad nocturna El puente de la riera de Vilanova d\u2019Escornalbou, conocido popularmente como el puente dels 7 ponts, luce una nueva imagen tras la reciente finalizaci\u00f3n de los trabajos de restauraci\u00f3n y mejora lum\u00ednica. Las [&hellip;]","og_url":"https:\/\/mont-roig.cat\/es\/actualitat\/noticies\/el-puente-de-la-riera-de-vilanova-descornalbou-estrena-nueva-iluminacion-nocturna\/","og_site_name":"Ajuntament de Mont-roig del Camp","article_published_time":"2025-11-10T13:41:24+00:00","article_modified_time":"2025-11-10T13:46:20+00:00","og_image":[{"url":"https:\/\/mont-roig.cat\/wp-content\/uploads\/Pont-riera-2-scaled.png","width":1,"height":1,"type":"image\/png"}],"author":"comunicacio","twitter_card":"summary_large_image","twitter_misc":{"Escrito por":"comunicacio","Tiempo de lectura":"2 minutos"},"schema":{"@context":"https:\/\/schema.org","@graph":[{"@type":"Article","@id":"https:\/\/mont-roig.cat\/es\/actualitat\/noticies\/el-puente-de-la-riera-de-vilanova-descornalbou-estrena-nueva-iluminacion-nocturna\/#article","isPartOf":{"@id":"https:\/\/mont-roig.cat\/es\/actualitat\/noticies\/el-puente-de-la-riera-de-vilanova-descornalbou-estrena-nueva-iluminacion-nocturna\/"},"author":{"name":"comunicacio","@id":"https:\/\/mont-roig.cat\/es\/#\/schema\/person\/1f73e7b5e6f9dd122e8a6f14f310ac5e"},"headline":"El puente de la riera de Vilanova d\u2019Escornalbou estrena nueva iluminaci\u00f3n nocturna","datePublished":"2025-11-10T13:41:24+00:00","dateModified":"2025-11-10T13:46:20+00:00","mainEntityOfPage":{"@id":"https:\/\/mont-roig.cat\/es\/actualitat\/noticies\/el-puente-de-la-riera-de-vilanova-descornalbou-estrena-nueva-iluminacion-nocturna\/"},"wordCount":255,"image":{"@id":"https:\/\/mont-roig.cat\/es\/actualitat\/noticies\/el-puente-de-la-riera-de-vilanova-descornalbou-estrena-nueva-iluminacion-nocturna\/#primaryimage"},"thumbnailUrl":"https:\/\/mont-roig.cat\/wp-content\/uploads\/Pont-riera-2-scaled.png","articleSection":["Ayuntamiento","Nostreserveis"],"inLanguage":"es"},{"@type":"WebPage","@id":"https:\/\/mont-roig.cat\/es\/actualitat\/noticies\/el-puente-de-la-riera-de-vilanova-descornalbou-estrena-nueva-iluminacion-nocturna\/","url":"https:\/\/mont-roig.cat\/es\/actualitat\/noticies\/el-puente-de-la-riera-de-vilanova-descornalbou-estrena-nueva-iluminacion-nocturna\/","name":"El puente de la riera de Vilanova d\u2019Escornalbou estrena nueva iluminaci\u00f3n nocturna - Ajuntament de Mont-roig del Camp","isPartOf":{"@id":"https:\/\/mont-roig.cat\/es\/#website"},"primaryImageOfPage":{"@id":"https:\/\/mont-roig.cat\/es\/actualitat\/noticies\/el-puente-de-la-riera-de-vilanova-descornalbou-estrena-nueva-iluminacion-nocturna\/#primaryimage"},"image":{"@id":"https:\/\/mont-roig.cat\/es\/actualitat\/noticies\/el-puente-de-la-riera-de-vilanova-descornalbou-estrena-nueva-iluminacion-nocturna\/#primaryimage"},"thumbnailUrl":"https:\/\/mont-roig.cat\/wp-content\/uploads\/Pont-riera-2-scaled.png","datePublished":"2025-11-10T13:41:24+00:00","dateModified":"2025-11-10T13:46:20+00:00","author":{"@id":"https:\/\/mont-roig.cat\/es\/#\/schema\/person\/1f73e7b5e6f9dd122e8a6f14f310ac5e"},"breadcrumb":{"@id":"https:\/\/mont-roig.cat\/es\/actualitat\/noticies\/el-puente-de-la-riera-de-vilanova-descornalbou-estrena-nueva-iluminacion-nocturna\/#breadcrumb"},"inLanguage":"es","potentialAction":[{"@type":"ReadAction","target":["https:\/\/mont-roig.cat\/es\/actualitat\/noticies\/el-puente-de-la-riera-de-vilanova-descornalbou-estrena-nueva-iluminacion-nocturna\/"]}]},{"@type":"ImageObject","inLanguage":"es","@id":"https:\/\/mont-roig.cat\/es\/actualitat\/noticies\/el-puente-de-la-riera-de-vilanova-descornalbou-estrena-nueva-iluminacion-nocturna\/#primaryimage","url":"https:\/\/mont-roig.cat\/wp-content\/uploads\/Pont-riera-2-scaled.png","contentUrl":"https:\/\/mont-roig.cat\/wp-content\/uploads\/Pont-riera-2-scaled.png"},{"@type":"BreadcrumbList","@id":"https:\/\/mont-roig.cat\/es\/actualitat\/noticies\/el-puente-de-la-riera-de-vilanova-descornalbou-estrena-nueva-iluminacion-nocturna\/#breadcrumb","itemListElement":[{"@type":"ListItem","position":1,"name":"Inici","item":"https:\/\/mont-roig.cat\/es\/pagina-de-inicio\/"},{"@type":"ListItem","position":2,"name":"El puente de la riera de Vilanova d\u2019Escornalbou estrena nueva iluminaci\u00f3n nocturna"}]},{"@type":"WebSite","@id":"https:\/\/mont-roig.cat\/es\/#website","url":"https:\/\/mont-roig.cat\/es\/","name":"Ajuntament de Mont-roig del Camp","description":"Tota la informaci\u00f3 sobre la instituci\u00f3, els seus \u00f2rgans de govern, actualitat, serveis i molt m\u00e9s.","potentialAction":[{"@type":"SearchAction","target":{"@type":"EntryPoint","urlTemplate":"https:\/\/mont-roig.cat\/es\/?s={search_term_string}"},"query-input":{"@type":"PropertyValueSpecification","valueRequired":true,"valueName":"search_term_string"}}],"inLanguage":"es"},{"@type":"Person","@id":"https:\/\/mont-roig.cat\/es\/#\/schema\/person\/1f73e7b5e6f9dd122e8a6f14f310ac5e","name":"comunicacio","image":{"@type":"ImageObject","inLanguage":"es","@id":"https:\/\/secure.gravatar.com\/avatar\/98944333e7a877670a64f8d10f0cb680ab2c9ebc4efc43945ef004b52b5ad28c?s=96&d=mm&r=g","url":"https:\/\/secure.gravatar.com\/avatar\/98944333e7a877670a64f8d10f0cb680ab2c9ebc4efc43945ef004b52b5ad28c?s=96&d=mm&r=g","contentUrl":"https:\/\/secure.gravatar.com\/avatar\/98944333e7a877670a64f8d10f0cb680ab2c9ebc4efc43945ef004b52b5ad28c?s=96&d=mm&r=g","caption":"comunicacio"},"url":"https:\/\/mont-roig.cat\/es\/actualitat\/noticies\/author\/comunicacio\/"}]}},"_links":{"self":[{"href":"https:\/\/mont-roig.cat\/es\/wp-json\/wp\/v2\/posts\/86629","targetHints":{"allow":["GET"]}}],"collection":[{"href":"https:\/\/mont-roig.cat\/es\/wp-json\/wp\/v2\/posts"}],"about":[{"href":"https:\/\/mont-roig.cat\/es\/wp-json\/wp\/v2\/types\/post"}],"author":[{"embeddable":true,"href":"https:\/\/mont-roig.cat\/es\/wp-json\/wp\/v2\/users\/13"}],"replies":[{"embeddable":true,"href":"https:\/\/mont-roig.cat\/es\/wp-json\/wp\/v2\/comments?post=86629"}],"version-history":[{"count":2,"href":"https:\/\/mont-roig.cat\/es\/wp-json\/wp\/v2\/posts\/86629\/revisions"}],"predecessor-version":[{"id":86632,"href":"https:\/\/mont-roig.cat\/es\/wp-json\/wp\/v2\/posts\/86629\/revisions\/86632"}],"wp:featuredmedia":[{"embeddable":true,"href":"https:\/\/mont-roig.cat\/es\/wp-json\/wp\/v2\/media\/86618"}],"wp:attachment":[{"href":"https:\/\/mont-roig.cat\/es\/wp-json\/wp\/v2\/media?parent=86629"}],"wp:term":[{"taxonomy":"category","embeddable":true,"href":"https:\/\/mont-roig.cat\/es\/wp-json\/wp\/v2\/categories?post=86629"},{"taxonomy":"post_tag","embeddable":true,"href":"https:\/\/mont-roig.cat\/es\/wp-json\/wp\/v2\/tags?post=86629"}],"curies":[{"name":"wp","href":"https:\/\/api.w.org\/{rel}","templated":true}]}}