{"id":86669,"date":"2025-11-11T12:59:24","date_gmt":"2025-11-11T11:59:24","guid":{"rendered":"https:\/\/mont-roig.cat\/actualitat\/noticies\/mont-roig-del-camp-i-miami-platja-se-sumen-al-25n-visibilitzant-les-violencies-digitals\/"},"modified":"2026-03-25T10:58:52","modified_gmt":"2026-03-25T09:58:52","slug":"mont-roig-del-camp-y-miami-platja-se-suman-al-25n-visibilizando-las-violencias-digitales","status":"publish","type":"post","link":"https:\/\/mont-roig.cat\/es\/actualitat\/noticies\/mont-roig-del-camp-y-miami-platja-se-suman-al-25n-visibilizando-las-violencias-digitales\/","title":{"rendered":"Mont-roig del Camp y Miami Platja se suman al 25N visibilizando las violencias digitales"},"content":{"rendered":"<ul>\n<li><strong><a href=\"https:\/\/mont-roig.cat\/wp-content\/uploads\/MMJ_25N_A3_web-scaled.jpg\" target=\"_blank\" rel=\"noopener\"><img loading=\"lazy\" decoding=\"async\" class=\"alignright wp-image-86661\" src=\"https:\/\/mont-roig.cat\/wp-content\/uploads\/MMJ_25N_A3_web-353x500.jpg\" alt=\"\" width=\"286\" height=\"405\" srcset=\"https:\/\/mont-roig.cat\/wp-content\/uploads\/MMJ_25N_A3_web-353x500.jpg 353w, https:\/\/mont-roig.cat\/wp-content\/uploads\/MMJ_25N_A3_web-724x1024.jpg 724w, https:\/\/mont-roig.cat\/wp-content\/uploads\/MMJ_25N_A3_web-768x1086.jpg 768w, https:\/\/mont-roig.cat\/wp-content\/uploads\/MMJ_25N_A3_web-1086x1536.jpg 1086w, https:\/\/mont-roig.cat\/wp-content\/uploads\/MMJ_25N_A3_web-scaled.jpg 1448w\" sizes=\"auto, (max-width: 286px) 100vw, 286px\" \/><\/a>Con el lema \u201cDesconnectem la viol\u00e8ncia. Connectem per la igualtat\u201d se pone el foco en el impacto de las redes sociales como espacio de control, agresi\u00f3n y presi\u00f3n <\/strong><strong>emocional<\/strong><\/li>\n<\/ul>\n<p>El Ayuntamiento de Mont-roig del Camp presenta el programa de actividades del 25N, D\u00eda Internacional para la Eliminaci\u00f3n de la Violencia contra las Mujeres. Este a\u00f1o, la campa\u00f1a adopta el lema <em>Desconnectem la viol\u00e8ncia. Connectem per la igualtat y <\/em>se centra especialmente en las violencias machistas que se producen en el entorno digital y que afectan, de manera creciente, a las mujeres y muy especialmente a las adolescentes y j\u00f3venes.<\/p>\n<p>Estas violencias digitales pueden aparecer en relaciones de pareja, de amistad, en el \u00e1mbito escolar o en espacios virtuales abiertos, e incluyen comportamientos como: el control del m\u00f3vil, contrase\u00f1as y redes sociales; el ciberacoso y la humillaci\u00f3n en l\u00ednea; la grabaci\u00f3n y difusi\u00f3n de im\u00e1genes sin consentimiento; el stalking (vigilancia y persecuci\u00f3n digital); la creaci\u00f3n de deepfakes (im\u00e1genes falsas) con contenido \u00edntimo y la presi\u00f3n emocional para enviar fotograf\u00edas desnudas como \u201cprueba de amor\u201d.<\/p>\n<p>Hacer visibles estas pr\u00e1cticas es clave para prevenirlas y generar herramientas de acompa\u00f1amiento, apoyo y empoderamiento. Por ello, la programaci\u00f3n ha sido trabajada de manera transversal entre los departamentos de Pol\u00edticas de Igualdad, Juventud, Cultura, Educaci\u00f3n y Bibliotecas, con la implicaci\u00f3n de entidades y centros educativos del municipio. La programaci\u00f3n de actos tambi\u00e9n cuenta con la colaboraci\u00f3n de la Uni\u00f3 de Dones de Mont-roig del Camp, la Uni\u00f3 de Dones de Miami Platja \u201cTotes les graneres saben volar\u201d, la Associaci\u00f3 Deixa\u2019t Abra\u00e7ar o el Club de R\u00edtmica Miami.<\/p>\n<p>Los actos ya han comenzado en las guarder\u00edas con el taller musical <em>Toca\u2019m un conte<\/em>, organizado por la cooperativa Cuentropia, que introduce la coeducaci\u00f3n desde la primera infancia.<\/p>\n<p><strong>No solo duelen los golpes<\/strong><\/p>\n<p>Uno de los eventos destacados de esta edici\u00f3n es el espect\u00e1culo <em>No solo duelen los golpes<\/em>, de la comunicadora y activista feminista Pamela Palenciano, el domingo 23 de noviembre a las 18 h en el Centre Polivalent de Miami Platja. Un mon\u00f3logo para j\u00f3venes y personas adultas de gran impacto que aborda con humor y contundencia la violencia en las relaciones afectivas.<\/p>\n<p>El s\u00e1bado 22 de noviembre, el Parc Lil\u00ed \u00c0lvarez de Miami Platja acoger\u00e1 la jornada comunitaria <em>Ballem envers les viol\u00e8ncies<\/em>, con m\u00fasica de DJ Perla Negra, espacio de pintacaras y monitoraje, y la exhibici\u00f3n del Club de R\u00edtmica de Miami Platja, en una ma\u00f1ana que combina reivindicaci\u00f3n, convivencia y participaci\u00f3n familiar.<\/p>\n<p>Tambi\u00e9n se mantiene la tradicional lectura del Manifest institucional el martes 25 de noviembre a las 11 h en Miami Platja y a las 12 h en Mont-roig del Camp. La jornada cerrar\u00e1 con la Marcha de Antorchas, el martes 25 a las 20 h, impulsada por la Uni\u00f3 de Dones de Mont-roig del Camp, que recorrer\u00e1 las calles de la localidad.<\/p>\n<p>El programa se completa con talleres de revisi\u00f3n de la masculinidad, cuentacuentos con perspectiva feminista, actividades juveniles, cinef\u00f3rum, charlas y acciones pedag\u00f3gicas en los institutos.<\/p>\n<p>Desc\u00e1rgate el programa <a href=\"https:\/\/mont-roig.cat\/wp-content\/uploads\/25N_PROGRAMA25_WEB_2_ok.pdf\" target=\"_blank\" rel=\"noopener\">en este enlace.<\/a><\/p>\n<p>&nbsp;<\/p>\n<p><a href=\"https:\/\/mont-roig.cat\/wp-content\/uploads\/LOGO-TEMPS-X-CURES.jpg\"><img loading=\"lazy\" decoding=\"async\" class=\"size-medium wp-image-90392 alignleft\" src=\"https:\/\/mont-roig.cat\/wp-content\/uploads\/LOGO-TEMPS-X-CURES-500x63.jpg\" alt=\"\" width=\"500\" height=\"63\" \/><\/a><\/p>\n","protected":false},"excerpt":{"rendered":"<p>Con el lema \u201cDesconnectem la viol\u00e8ncia. Connectem per la igualtat\u201d se pone el foco en el impacto de las redes sociales como espacio de control, agresi\u00f3n y presi\u00f3n emocional El Ayuntamiento de Mont-roig del Camp presenta el programa de actividades del 25N, D\u00eda Internacional para la Eliminaci\u00f3n de la Violencia contra las Mujeres. Este a\u00f1o, [&hellip;]<\/p>\n","protected":false},"author":13,"featured_media":86663,"comment_status":"closed","ping_status":"closed","sticky":false,"template":"","format":"standard","meta":{"inline_featured_image":false,"_monsterinsights_skip_tracking":false,"_monsterinsights_sitenote_active":false,"_monsterinsights_sitenote_note":"","_monsterinsights_sitenote_category":0,"footnotes":""},"categories":[98,174],"tags":[],"class_list":["post-86669","post","type-post","status-publish","format-standard","has-post-thumbnail","hentry","category-ayuntamiento","category-politiques-digualtat-i-de-les-dones-es"],"yoast_head":"<!-- This site is optimized with the Yoast SEO plugin v27.4 - https:\/\/yoast.com\/product\/yoast-seo-wordpress\/ -->\n<title>Mont-roig del Camp y Miami Platja se suman al 25N visibilizando las violencias digitales - Ajuntament de Mont-roig del Camp<\/title>\n<meta name=\"robots\" content=\"index, follow, max-snippet:-1, max-image-preview:large, max-video-preview:-1\" \/>\n<link rel=\"canonical\" href=\"https:\/\/mont-roig.cat\/es\/actualitat\/noticies\/mont-roig-del-camp-y-miami-platja-se-suman-al-25n-visibilizando-las-violencias-digitales\/\" \/>\n<meta property=\"og:locale\" content=\"es_ES\" \/>\n<meta property=\"og:type\" content=\"article\" \/>\n<meta property=\"og:title\" content=\"Mont-roig del Camp y Miami Platja se suman al 25N visibilizando las violencias digitales - Ajuntament de Mont-roig del Camp\" \/>\n<meta property=\"og:description\" content=\"Con el lema \u201cDesconnectem la viol\u00e8ncia. Connectem per la igualtat\u201d se pone el foco en el impacto de las redes sociales como espacio de control, agresi\u00f3n y presi\u00f3n emocional El Ayuntamiento de Mont-roig del Camp presenta el programa de actividades del 25N, D\u00eda Internacional para la Eliminaci\u00f3n de la Violencia contra las Mujeres. Este a\u00f1o, [&hellip;]\" \/>\n<meta property=\"og:url\" content=\"https:\/\/mont-roig.cat\/es\/actualitat\/noticies\/mont-roig-del-camp-y-miami-platja-se-suman-al-25n-visibilizando-las-violencias-digitales\/\" \/>\n<meta property=\"og:site_name\" content=\"Ajuntament de Mont-roig del Camp\" \/>\n<meta property=\"article:published_time\" content=\"2025-11-11T11:59:24+00:00\" \/>\n<meta property=\"article:modified_time\" content=\"2026-03-25T09:58:52+00:00\" \/>\n<meta property=\"og:image\" content=\"https:\/\/mont-roig.cat\/wp-content\/uploads\/MMJ_25N_meta.png\" \/>\n\t<meta property=\"og:image:width\" content=\"1200\" \/>\n\t<meta property=\"og:image:height\" content=\"630\" \/>\n\t<meta property=\"og:image:type\" content=\"image\/png\" \/>\n<meta name=\"author\" content=\"comunicacio\" \/>\n<meta name=\"twitter:card\" content=\"summary_large_image\" \/>\n<meta name=\"twitter:label1\" content=\"Escrito por\" \/>\n\t<meta name=\"twitter:data1\" content=\"comunicacio\" \/>\n\t<meta name=\"twitter:label2\" content=\"Tiempo de lectura\" \/>\n\t<meta name=\"twitter:data2\" content=\"4 minutos\" \/>\n<script type=\"application\/ld+json\" class=\"yoast-schema-graph\">{\"@context\":\"https:\\\/\\\/schema.org\",\"@graph\":[{\"@type\":\"Article\",\"@id\":\"https:\\\/\\\/mont-roig.cat\\\/es\\\/actualitat\\\/noticies\\\/mont-roig-del-camp-y-miami-platja-se-suman-al-25n-visibilizando-las-violencias-digitales\\\/#article\",\"isPartOf\":{\"@id\":\"https:\\\/\\\/mont-roig.cat\\\/es\\\/actualitat\\\/noticies\\\/mont-roig-del-camp-y-miami-platja-se-suman-al-25n-visibilizando-las-violencias-digitales\\\/\"},\"author\":{\"name\":\"comunicacio\",\"@id\":\"https:\\\/\\\/mont-roig.cat\\\/es\\\/#\\\/schema\\\/person\\\/1f73e7b5e6f9dd122e8a6f14f310ac5e\"},\"headline\":\"Mont-roig del Camp y Miami Platja se suman al 25N visibilizando las violencias digitales\",\"datePublished\":\"2025-11-11T11:59:24+00:00\",\"dateModified\":\"2026-03-25T09:58:52+00:00\",\"mainEntityOfPage\":{\"@id\":\"https:\\\/\\\/mont-roig.cat\\\/es\\\/actualitat\\\/noticies\\\/mont-roig-del-camp-y-miami-platja-se-suman-al-25n-visibilizando-las-violencias-digitales\\\/\"},\"wordCount\":560,\"image\":{\"@id\":\"https:\\\/\\\/mont-roig.cat\\\/es\\\/actualitat\\\/noticies\\\/mont-roig-del-camp-y-miami-platja-se-suman-al-25n-visibilizando-las-violencias-digitales\\\/#primaryimage\"},\"thumbnailUrl\":\"https:\\\/\\\/mont-roig.cat\\\/wp-content\\\/uploads\\\/MMJ_25N_meta.png\",\"articleSection\":[\"Ayuntamiento\",\"Pol\u00edtiques d&#8217;Igualtat i de les Dones\"],\"inLanguage\":\"es\"},{\"@type\":\"WebPage\",\"@id\":\"https:\\\/\\\/mont-roig.cat\\\/es\\\/actualitat\\\/noticies\\\/mont-roig-del-camp-y-miami-platja-se-suman-al-25n-visibilizando-las-violencias-digitales\\\/\",\"url\":\"https:\\\/\\\/mont-roig.cat\\\/es\\\/actualitat\\\/noticies\\\/mont-roig-del-camp-y-miami-platja-se-suman-al-25n-visibilizando-las-violencias-digitales\\\/\",\"name\":\"Mont-roig del Camp y Miami Platja se suman al 25N visibilizando las violencias digitales - Ajuntament de Mont-roig del Camp\",\"isPartOf\":{\"@id\":\"https:\\\/\\\/mont-roig.cat\\\/es\\\/#website\"},\"primaryImageOfPage\":{\"@id\":\"https:\\\/\\\/mont-roig.cat\\\/es\\\/actualitat\\\/noticies\\\/mont-roig-del-camp-y-miami-platja-se-suman-al-25n-visibilizando-las-violencias-digitales\\\/#primaryimage\"},\"image\":{\"@id\":\"https:\\\/\\\/mont-roig.cat\\\/es\\\/actualitat\\\/noticies\\\/mont-roig-del-camp-y-miami-platja-se-suman-al-25n-visibilizando-las-violencias-digitales\\\/#primaryimage\"},\"thumbnailUrl\":\"https:\\\/\\\/mont-roig.cat\\\/wp-content\\\/uploads\\\/MMJ_25N_meta.png\",\"datePublished\":\"2025-11-11T11:59:24+00:00\",\"dateModified\":\"2026-03-25T09:58:52+00:00\",\"author\":{\"@id\":\"https:\\\/\\\/mont-roig.cat\\\/es\\\/#\\\/schema\\\/person\\\/1f73e7b5e6f9dd122e8a6f14f310ac5e\"},\"breadcrumb\":{\"@id\":\"https:\\\/\\\/mont-roig.cat\\\/es\\\/actualitat\\\/noticies\\\/mont-roig-del-camp-y-miami-platja-se-suman-al-25n-visibilizando-las-violencias-digitales\\\/#breadcrumb\"},\"inLanguage\":\"es\",\"potentialAction\":[{\"@type\":\"ReadAction\",\"target\":[\"https:\\\/\\\/mont-roig.cat\\\/es\\\/actualitat\\\/noticies\\\/mont-roig-del-camp-y-miami-platja-se-suman-al-25n-visibilizando-las-violencias-digitales\\\/\"]}]},{\"@type\":\"ImageObject\",\"inLanguage\":\"es\",\"@id\":\"https:\\\/\\\/mont-roig.cat\\\/es\\\/actualitat\\\/noticies\\\/mont-roig-del-camp-y-miami-platja-se-suman-al-25n-visibilizando-las-violencias-digitales\\\/#primaryimage\",\"url\":\"https:\\\/\\\/mont-roig.cat\\\/wp-content\\\/uploads\\\/MMJ_25N_meta.png\",\"contentUrl\":\"https:\\\/\\\/mont-roig.cat\\\/wp-content\\\/uploads\\\/MMJ_25N_meta.png\",\"width\":1200,\"height\":630},{\"@type\":\"BreadcrumbList\",\"@id\":\"https:\\\/\\\/mont-roig.cat\\\/es\\\/actualitat\\\/noticies\\\/mont-roig-del-camp-y-miami-platja-se-suman-al-25n-visibilizando-las-violencias-digitales\\\/#breadcrumb\",\"itemListElement\":[{\"@type\":\"ListItem\",\"position\":1,\"name\":\"Inici\",\"item\":\"https:\\\/\\\/mont-roig.cat\\\/es\\\/pagina-de-inicio\\\/\"},{\"@type\":\"ListItem\",\"position\":2,\"name\":\"Mont-roig del Camp y Miami Platja se suman al 25N visibilizando las violencias digitales\"}]},{\"@type\":\"WebSite\",\"@id\":\"https:\\\/\\\/mont-roig.cat\\\/es\\\/#website\",\"url\":\"https:\\\/\\\/mont-roig.cat\\\/es\\\/\",\"name\":\"Ajuntament de Mont-roig del Camp\",\"description\":\"Tota la informaci\u00f3 sobre la instituci\u00f3, els seus \u00f2rgans de govern, actualitat, serveis i molt m\u00e9s.\",\"potentialAction\":[{\"@type\":\"SearchAction\",\"target\":{\"@type\":\"EntryPoint\",\"urlTemplate\":\"https:\\\/\\\/mont-roig.cat\\\/es\\\/?s={search_term_string}\"},\"query-input\":{\"@type\":\"PropertyValueSpecification\",\"valueRequired\":true,\"valueName\":\"search_term_string\"}}],\"inLanguage\":\"es\"},{\"@type\":\"Person\",\"@id\":\"https:\\\/\\\/mont-roig.cat\\\/es\\\/#\\\/schema\\\/person\\\/1f73e7b5e6f9dd122e8a6f14f310ac5e\",\"name\":\"comunicacio\",\"image\":{\"@type\":\"ImageObject\",\"inLanguage\":\"es\",\"@id\":\"https:\\\/\\\/secure.gravatar.com\\\/avatar\\\/98944333e7a877670a64f8d10f0cb680ab2c9ebc4efc43945ef004b52b5ad28c?s=96&d=mm&r=g\",\"url\":\"https:\\\/\\\/secure.gravatar.com\\\/avatar\\\/98944333e7a877670a64f8d10f0cb680ab2c9ebc4efc43945ef004b52b5ad28c?s=96&d=mm&r=g\",\"contentUrl\":\"https:\\\/\\\/secure.gravatar.com\\\/avatar\\\/98944333e7a877670a64f8d10f0cb680ab2c9ebc4efc43945ef004b52b5ad28c?s=96&d=mm&r=g\",\"caption\":\"comunicacio\"},\"url\":\"https:\\\/\\\/mont-roig.cat\\\/es\\\/actualitat\\\/noticies\\\/author\\\/comunicacio\\\/\"}]}<\/script>\n<!-- \/ Yoast SEO plugin. -->","yoast_head_json":{"title":"Mont-roig del Camp y Miami Platja se suman al 25N visibilizando las violencias digitales - Ajuntament de Mont-roig del Camp","robots":{"index":"index","follow":"follow","max-snippet":"max-snippet:-1","max-image-preview":"max-image-preview:large","max-video-preview":"max-video-preview:-1"},"canonical":"https:\/\/mont-roig.cat\/es\/actualitat\/noticies\/mont-roig-del-camp-y-miami-platja-se-suman-al-25n-visibilizando-las-violencias-digitales\/","og_locale":"es_ES","og_type":"article","og_title":"Mont-roig del Camp y Miami Platja se suman al 25N visibilizando las violencias digitales - Ajuntament de Mont-roig del Camp","og_description":"Con el lema \u201cDesconnectem la viol\u00e8ncia. Connectem per la igualtat\u201d se pone el foco en el impacto de las redes sociales como espacio de control, agresi\u00f3n y presi\u00f3n emocional El Ayuntamiento de Mont-roig del Camp presenta el programa de actividades del 25N, D\u00eda Internacional para la Eliminaci\u00f3n de la Violencia contra las Mujeres. Este a\u00f1o, [&hellip;]","og_url":"https:\/\/mont-roig.cat\/es\/actualitat\/noticies\/mont-roig-del-camp-y-miami-platja-se-suman-al-25n-visibilizando-las-violencias-digitales\/","og_site_name":"Ajuntament de Mont-roig del Camp","article_published_time":"2025-11-11T11:59:24+00:00","article_modified_time":"2026-03-25T09:58:52+00:00","og_image":[{"width":1200,"height":630,"url":"https:\/\/mont-roig.cat\/wp-content\/uploads\/MMJ_25N_meta.png","type":"image\/png"}],"author":"comunicacio","twitter_card":"summary_large_image","twitter_misc":{"Escrito por":"comunicacio","Tiempo de lectura":"4 minutos"},"schema":{"@context":"https:\/\/schema.org","@graph":[{"@type":"Article","@id":"https:\/\/mont-roig.cat\/es\/actualitat\/noticies\/mont-roig-del-camp-y-miami-platja-se-suman-al-25n-visibilizando-las-violencias-digitales\/#article","isPartOf":{"@id":"https:\/\/mont-roig.cat\/es\/actualitat\/noticies\/mont-roig-del-camp-y-miami-platja-se-suman-al-25n-visibilizando-las-violencias-digitales\/"},"author":{"name":"comunicacio","@id":"https:\/\/mont-roig.cat\/es\/#\/schema\/person\/1f73e7b5e6f9dd122e8a6f14f310ac5e"},"headline":"Mont-roig del Camp y Miami Platja se suman al 25N visibilizando las violencias digitales","datePublished":"2025-11-11T11:59:24+00:00","dateModified":"2026-03-25T09:58:52+00:00","mainEntityOfPage":{"@id":"https:\/\/mont-roig.cat\/es\/actualitat\/noticies\/mont-roig-del-camp-y-miami-platja-se-suman-al-25n-visibilizando-las-violencias-digitales\/"},"wordCount":560,"image":{"@id":"https:\/\/mont-roig.cat\/es\/actualitat\/noticies\/mont-roig-del-camp-y-miami-platja-se-suman-al-25n-visibilizando-las-violencias-digitales\/#primaryimage"},"thumbnailUrl":"https:\/\/mont-roig.cat\/wp-content\/uploads\/MMJ_25N_meta.png","articleSection":["Ayuntamiento","Pol\u00edtiques d&#8217;Igualtat i de les Dones"],"inLanguage":"es"},{"@type":"WebPage","@id":"https:\/\/mont-roig.cat\/es\/actualitat\/noticies\/mont-roig-del-camp-y-miami-platja-se-suman-al-25n-visibilizando-las-violencias-digitales\/","url":"https:\/\/mont-roig.cat\/es\/actualitat\/noticies\/mont-roig-del-camp-y-miami-platja-se-suman-al-25n-visibilizando-las-violencias-digitales\/","name":"Mont-roig del Camp y Miami Platja se suman al 25N visibilizando las violencias digitales - Ajuntament de Mont-roig del Camp","isPartOf":{"@id":"https:\/\/mont-roig.cat\/es\/#website"},"primaryImageOfPage":{"@id":"https:\/\/mont-roig.cat\/es\/actualitat\/noticies\/mont-roig-del-camp-y-miami-platja-se-suman-al-25n-visibilizando-las-violencias-digitales\/#primaryimage"},"image":{"@id":"https:\/\/mont-roig.cat\/es\/actualitat\/noticies\/mont-roig-del-camp-y-miami-platja-se-suman-al-25n-visibilizando-las-violencias-digitales\/#primaryimage"},"thumbnailUrl":"https:\/\/mont-roig.cat\/wp-content\/uploads\/MMJ_25N_meta.png","datePublished":"2025-11-11T11:59:24+00:00","dateModified":"2026-03-25T09:58:52+00:00","author":{"@id":"https:\/\/mont-roig.cat\/es\/#\/schema\/person\/1f73e7b5e6f9dd122e8a6f14f310ac5e"},"breadcrumb":{"@id":"https:\/\/mont-roig.cat\/es\/actualitat\/noticies\/mont-roig-del-camp-y-miami-platja-se-suman-al-25n-visibilizando-las-violencias-digitales\/#breadcrumb"},"inLanguage":"es","potentialAction":[{"@type":"ReadAction","target":["https:\/\/mont-roig.cat\/es\/actualitat\/noticies\/mont-roig-del-camp-y-miami-platja-se-suman-al-25n-visibilizando-las-violencias-digitales\/"]}]},{"@type":"ImageObject","inLanguage":"es","@id":"https:\/\/mont-roig.cat\/es\/actualitat\/noticies\/mont-roig-del-camp-y-miami-platja-se-suman-al-25n-visibilizando-las-violencias-digitales\/#primaryimage","url":"https:\/\/mont-roig.cat\/wp-content\/uploads\/MMJ_25N_meta.png","contentUrl":"https:\/\/mont-roig.cat\/wp-content\/uploads\/MMJ_25N_meta.png","width":1200,"height":630},{"@type":"BreadcrumbList","@id":"https:\/\/mont-roig.cat\/es\/actualitat\/noticies\/mont-roig-del-camp-y-miami-platja-se-suman-al-25n-visibilizando-las-violencias-digitales\/#breadcrumb","itemListElement":[{"@type":"ListItem","position":1,"name":"Inici","item":"https:\/\/mont-roig.cat\/es\/pagina-de-inicio\/"},{"@type":"ListItem","position":2,"name":"Mont-roig del Camp y Miami Platja se suman al 25N visibilizando las violencias digitales"}]},{"@type":"WebSite","@id":"https:\/\/mont-roig.cat\/es\/#website","url":"https:\/\/mont-roig.cat\/es\/","name":"Ajuntament de Mont-roig del Camp","description":"Tota la informaci\u00f3 sobre la instituci\u00f3, els seus \u00f2rgans de govern, actualitat, serveis i molt m\u00e9s.","potentialAction":[{"@type":"SearchAction","target":{"@type":"EntryPoint","urlTemplate":"https:\/\/mont-roig.cat\/es\/?s={search_term_string}"},"query-input":{"@type":"PropertyValueSpecification","valueRequired":true,"valueName":"search_term_string"}}],"inLanguage":"es"},{"@type":"Person","@id":"https:\/\/mont-roig.cat\/es\/#\/schema\/person\/1f73e7b5e6f9dd122e8a6f14f310ac5e","name":"comunicacio","image":{"@type":"ImageObject","inLanguage":"es","@id":"https:\/\/secure.gravatar.com\/avatar\/98944333e7a877670a64f8d10f0cb680ab2c9ebc4efc43945ef004b52b5ad28c?s=96&d=mm&r=g","url":"https:\/\/secure.gravatar.com\/avatar\/98944333e7a877670a64f8d10f0cb680ab2c9ebc4efc43945ef004b52b5ad28c?s=96&d=mm&r=g","contentUrl":"https:\/\/secure.gravatar.com\/avatar\/98944333e7a877670a64f8d10f0cb680ab2c9ebc4efc43945ef004b52b5ad28c?s=96&d=mm&r=g","caption":"comunicacio"},"url":"https:\/\/mont-roig.cat\/es\/actualitat\/noticies\/author\/comunicacio\/"}]}},"_links":{"self":[{"href":"https:\/\/mont-roig.cat\/es\/wp-json\/wp\/v2\/posts\/86669","targetHints":{"allow":["GET"]}}],"collection":[{"href":"https:\/\/mont-roig.cat\/es\/wp-json\/wp\/v2\/posts"}],"about":[{"href":"https:\/\/mont-roig.cat\/es\/wp-json\/wp\/v2\/types\/post"}],"author":[{"embeddable":true,"href":"https:\/\/mont-roig.cat\/es\/wp-json\/wp\/v2\/users\/13"}],"replies":[{"embeddable":true,"href":"https:\/\/mont-roig.cat\/es\/wp-json\/wp\/v2\/comments?post=86669"}],"version-history":[{"count":5,"href":"https:\/\/mont-roig.cat\/es\/wp-json\/wp\/v2\/posts\/86669\/revisions"}],"predecessor-version":[{"id":90396,"href":"https:\/\/mont-roig.cat\/es\/wp-json\/wp\/v2\/posts\/86669\/revisions\/90396"}],"wp:featuredmedia":[{"embeddable":true,"href":"https:\/\/mont-roig.cat\/es\/wp-json\/wp\/v2\/media\/86663"}],"wp:attachment":[{"href":"https:\/\/mont-roig.cat\/es\/wp-json\/wp\/v2\/media?parent=86669"}],"wp:term":[{"taxonomy":"category","embeddable":true,"href":"https:\/\/mont-roig.cat\/es\/wp-json\/wp\/v2\/categories?post=86669"},{"taxonomy":"post_tag","embeddable":true,"href":"https:\/\/mont-roig.cat\/es\/wp-json\/wp\/v2\/tags?post=86669"}],"curies":[{"name":"wp","href":"https:\/\/api.w.org\/{rel}","templated":true}]}}