{"id":86881,"date":"2025-11-21T13:57:49","date_gmt":"2025-11-21T12:57:49","guid":{"rendered":"https:\/\/mont-roig.cat\/actualitat\/noticies\/mont-roig-del-camp-i-miami-platja-encendran-el-nadal-amb-un-programa-ple-dactivitats-tradicions-i-novetats\/"},"modified":"2025-11-24T11:58:54","modified_gmt":"2025-11-24T10:58:54","slug":"mont-roig-del-camp-y-miami-platja-encenderan-la-navidad-con-un-programa-lleno-de-actividades-tradiciones-y-novedades","status":"publish","type":"post","link":"https:\/\/mont-roig.cat\/es\/actualitat\/noticies\/mont-roig-del-camp-y-miami-platja-encenderan-la-navidad-con-un-programa-lleno-de-actividades-tradiciones-y-novedades\/","title":{"rendered":"Mont-roig del Camp y Miami Platja encender\u00e1n la Navidad con un programa lleno de actividades, tradiciones y novedades"},"content":{"rendered":"<p><strong><strong><a href=\"https:\/\/mont-roig.cat\/wp-content\/uploads\/MM_nadal25_CARTELL_A3.jpg\"><img loading=\"lazy\" decoding=\"async\" class=\"alignright wp-image-86851\" src=\"https:\/\/mont-roig.cat\/wp-content\/uploads\/MM_nadal25_CARTELL_A3-354x500.jpg\" alt=\"\" width=\"253\" height=\"357\" srcset=\"https:\/\/mont-roig.cat\/wp-content\/uploads\/MM_nadal25_CARTELL_A3-354x500.jpg 354w, https:\/\/mont-roig.cat\/wp-content\/uploads\/MM_nadal25_CARTELL_A3-724x1024.jpg 724w, https:\/\/mont-roig.cat\/wp-content\/uploads\/MM_nadal25_CARTELL_A3-768x1086.jpg 768w, https:\/\/mont-roig.cat\/wp-content\/uploads\/MM_nadal25_CARTELL_A3-1086x1536.jpg 1086w, https:\/\/mont-roig.cat\/wp-content\/uploads\/MM_nadal25_CARTELL_A3.jpg 1403w\" sizes=\"auto, (max-width: 253px) 100vw, 253px\" \/><\/a><\/strong><\/strong><\/p>\n<ul>\n<li data-start=\"146\" data-end=\"485\"><strong>Las encendidAs de los \u00e1rboles el 28 y 29 de noviembre marcar\u00e1n el inicio de las fiestas, que este a\u00f1o incorporan parques de Navidad en horario de ma\u00f1ana y tarde y una gran fiesta de Pre Nochevieja en Miami Platja.<\/strong><\/li>\n<\/ul>\n<p data-start=\"487\" data-end=\"1262\">Mont-roig del Camp y Miami Platja se preparan para vivir una Navidad intensa y cargada de magia con una programaci\u00f3n que combina tradiciones muy arraigadas con novedades pensadas para acercar a\u00fan m\u00e1s la celebraci\u00f3n a familias y visitantes. El pistoletazo de salida ser\u00e1 el fin de semana del 28 y 29 de noviembre, cuando se celebrar\u00e1n los encendidos de los \u00e1rboles de Navidad: el viernes en la plaza Miramar de Mont-roig, con las actuaciones del alumnado de la Escola de M\u00fasica Baptista Nogu\u00e9s y el d\u00fao de Esther Caralt, y el s\u00e1bado el Coro Rociero Arena del Camino dar\u00e1n color y ritmo al acto. En ambos casos, el chocolate caliente pondr\u00e1 el toque dulce al inicio de las fiestas. Precisamente el d\u00eda 29, coincidiendo con el encendido, habr\u00e1 el Mercado de Navidad de 11 h a 22 h en Miami Platja y, posteriormente, el d\u00eda 13, tendr\u00e1 lugar en la plaza Moss\u00e8n Gaiet\u00e0 Ivern de Mont-roig del Camp de 11 h a 20 h.<\/p>\n<article class=\"text-token-text-primary w-full focus:outline-none [--shadow-height:45px] has-data-writing-block:pointer-events-none has-data-writing-block:-mt-(--shadow-height) has-data-writing-block:pt-(--shadow-height) [&amp;:has([data-writing-block])&gt;*]:pointer-events-auto [content-visibility:auto] supports-[content-visibility:auto]:[contain-intrinsic-size:auto_100lvh] scroll-mt-[calc(var(--header-height)+min(200px,max(70px,20svh)))]\" dir=\"auto\" tabindex=\"-1\" data-turn-id=\"request-WEB:bb75223b-b8d9-4386-bfee-9e2474c35b57-0\" data-testid=\"conversation-turn-2\" data-scroll-anchor=\"true\" data-turn=\"assistant\">\n<div class=\"text-base my-auto mx-auto pb-10 [--thread-content-margin:--spacing(4)] thread-sm:[--thread-content-margin:--spacing(6)] thread-lg:[--thread-content-margin:--spacing(16)] px-(--thread-content-margin)\">\n<div class=\"[--thread-content-max-width:40rem] thread-lg:[--thread-content-max-width:48rem] mx-auto max-w-(--thread-content-max-width) flex-1 group\/turn-messages focus-visible:outline-hidden relative flex w-full min-w-0 flex-col agent-turn\" tabindex=\"-1\">\n<div class=\"z-0 flex min-h-[46px] justify-start\"><a href=\"https:\/\/mont-roig.cat\/wp-content\/uploads\/Encesa-Arbre-Nadal-Mont-roig.jpeg\"><img loading=\"lazy\" decoding=\"async\" class=\"alignleft wp-image-86909\" src=\"https:\/\/mont-roig.cat\/wp-content\/uploads\/Encesa-Arbre-Nadal-Mont-roig-353x500.jpeg\" alt=\"\" width=\"212\" height=\"300\" \/><\/a><a href=\"https:\/\/mont-roig.cat\/wp-content\/uploads\/Encesa-Arbre-Nadal-Miami.jpeg\"><img loading=\"lazy\" decoding=\"async\" class=\"alignleft wp-image-86910\" src=\"https:\/\/mont-roig.cat\/wp-content\/uploads\/Encesa-Arbre-Nadal-Miami-354x500.jpeg\" alt=\"\" width=\"212\" height=\"300\" \/><\/a>A partir de aqu\u00ed, el municipio se llenar\u00e1 de actividades que invitan a participar de manera activa. Los tradicionales Mercados de Navidad volver\u00e1n a ser un atractivo destacado, tanto el 29 de noviembre en Miami Platja como el 13 de diciembre en el n\u00facleo antiguo de Mont-roig, donde tambi\u00e9n se podr\u00e1 disfrutar de los talleres abiertos de los artistas locales, una propuesta que permite descubrir el interior de sus espacios creativos y conocer de cerca su obra. Las bibliotecas tambi\u00e9n tendr\u00e1n un papel central, con talleres como la Caseta de los Deseos, los Cuentos de Navidad y otras propuestas culturales, como el recital <em data-start=\"1889\" data-end=\"1919\">Un pianista entre dos mundos<\/em> dedicado a Ricard Vi\u00f1es. Tambi\u00e9n se mantienen actividades muy esperadas, como la Gimcana del Ti\u00f3 en Miami Platja, la Trobada de Tions en la Biblioteca Joan Mir\u00f3, el Ti\u00f3 Gigante que estar\u00e1 en el Parque de Navidad de Miami Platja, y la segunda edici\u00f3n del Ti\u00f3 Mont-rogenc, con varias rutas para hacer en familia buscando los Tions escondidos durante el recorrido. Los espect\u00e1culos familiares, como <em data-start=\"2184\" data-end=\"2202\">Nieve de Navidad<\/em>, completar\u00e1n una oferta pensada para que los m\u00e1s peque\u00f1os vivan estas fechas con toda la ilusi\u00f3n.<\/div>\n<\/div>\n<\/div>\n<\/article>\n<p data-start=\"2302\" data-end=\"2772\">Una de las novedades de la Navidad 2025 es la ampliaci\u00f3n de los horarios de los Parques de Navidad, que este a\u00f1o abrir\u00e1n tanto por la ma\u00f1ana como por la tarde para que m\u00e1s familias puedan disfrutarlos. En Miami Platja funcionar\u00e1n los d\u00edas 22 y 23 de diciembre, mientras que en Mont-roig del Camp abrir\u00e1n el 29 y 30. Ambos espacios ofrecer\u00e1n hinchables, talleres, zonas de juego y actividades especiales como el acto de Bienvenida a los Beb\u00e9s, que se celebrar\u00e1 el d\u00eda 30 en Mont-roig i el d\u00eda 22 en Miami Platja.<\/p>\n<p data-start=\"2774\" data-end=\"3163\">El municipio incorpora tambi\u00e9n una nueva celebraci\u00f3n que promete convertirse en una cita imprescindible: la Fiesta de Pre Nochevieja de Miami Platja, que tendr\u00e1 lugar el s\u00e1bado 27 de diciembre a partir de las 23.30 h en el Poliesportiu Municipal. Esta noche festiva, organizada por la Associaci\u00f3 de Joves, permitir\u00e1 despedir el a\u00f1o de manera anticipada con m\u00fasica y un ambiente distendido.<\/p>\n<p data-start=\"3165\" data-end=\"3703\">Las fiestas mantendr\u00e1n igualmente momentos muy esperados como la llegada de Pap\u00e1 Noel, que visitar\u00e1 tanto Mont-roig del Camp como Miami Platja durante la tarde del 24 de diciembre, y las Cabalgatas de Sus Majestades los Reyes de Oriente, que el 5 de enero recorrer\u00e1n las calles de ambos n\u00facleos llenas de luz, color y personajes m\u00e1gicos. La agenda tambi\u00e9n incluir\u00e1 propuestas deportivas como la Caminada per la Marat\u00f3, la Cursa del Gall d\u2019Indi, la Cursa dels Nassos y, ya el 11 de enero, la tradicional Cursa Crematorrons de Miami Platja.<\/p>\n<p data-start=\"3705\" data-end=\"4315\"><strong data-start=\"3705\" data-end=\"3752\">Muestra de belenes y decoraci\u00f3n de fachadas<\/strong><br data-start=\"3752\" data-end=\"3755\" \/>Otro de los elementos destacados de la programaci\u00f3n es la Muestra de Belenes y de Decoraci\u00f3n Navide\u00f1a de Fachadas, Balcones y Ventanas, una iniciativa que el Ayuntamiento de Mont-roig del Camp impulsa para mantener viva la tradici\u00f3n y llenar el municipio de magia durante las fiestas. En los pr\u00f3ximos d\u00edas se har\u00e1n p\u00fablicas las bases de participaci\u00f3n, pero ya se puede avanzar que la convocatoria se dirige a toda la ciudadan\u00eda, con el objetivo de fomentar la creatividad, reforzar tradiciones como el bel\u00e9n y compartir el esp\u00edritu navide\u00f1o con todo el pueblo.<\/p>\n<p data-start=\"4317\" data-end=\"4888\">Todas las personas que se inscriban recibir\u00e1n un obsequio navide\u00f1o, un detalle que quiere agradecer la implicaci\u00f3n de vecinos y vecinas en la decoraci\u00f3n del municipio. Adem\u00e1s, habr\u00e1 obsequios especiales para las propuestas m\u00e1s destacadas. En el caso de la muestra de belenes, los participantes podr\u00e1n optar a entradas para vivir una gran experiencia en un parque de aventuras o a cestas con productos selectos de gran calidad. En cuanto a la muestra de fachadas, balcones y ventanas, los premios incluir\u00e1n una noche en PortAventura o bien entradas para acceder al parque.<\/p>\n<ul>\n<li><a href=\"https:\/\/mont-roig.cat\/wp-content\/uploads\/MM_NADAL_25_PROGRAMA_MONT-ROIG_web-1.pdf\" target=\"_blank\" rel=\"noopener\">Programa Navidad Mont-roig del Camp.<\/a><\/li>\n<li><a href=\"https:\/\/mont-roig.cat\/wp-content\/uploads\/MM_NADAL_25_PROGRAMA_MIAMI_web.pdf\" target=\"_blank\" rel=\"noopener\">Programa Navidad Miami Platja.<\/a><\/li>\n<\/ul>\n","protected":false},"excerpt":{"rendered":"<p>Las encendidAs de los \u00e1rboles el 28 y 29 de noviembre marcar\u00e1n el inicio de las fiestas, que este a\u00f1o incorporan parques de Navidad en horario de ma\u00f1ana y tarde y una gran fiesta de Pre Nochevieja en Miami Platja. Mont-roig del Camp y Miami Platja se preparan para vivir una Navidad intensa y cargada [&hellip;]<\/p>\n","protected":false},"author":13,"featured_media":86870,"comment_status":"closed","ping_status":"closed","sticky":false,"template":"","format":"standard","meta":{"inline_featured_image":false,"_monsterinsights_skip_tracking":false,"_monsterinsights_sitenote_active":false,"_monsterinsights_sitenote_note":"","_monsterinsights_sitenote_category":0,"footnotes":""},"categories":[98,105],"tags":[],"class_list":["post-86881","post","type-post","status-publish","format-standard","has-post-thumbnail","hentry","category-ayuntamiento","category-fiestas"],"yoast_head":"<!-- This site is optimized with the Yoast SEO plugin v27.4 - https:\/\/yoast.com\/product\/yoast-seo-wordpress\/ -->\n<title>Mont-roig del Camp y Miami Platja encender\u00e1n la Navidad con un programa lleno de actividades, tradiciones y novedades - Ajuntament de Mont-roig del Camp<\/title>\n<meta name=\"robots\" content=\"index, follow, max-snippet:-1, max-image-preview:large, max-video-preview:-1\" \/>\n<link rel=\"canonical\" href=\"https:\/\/mont-roig.cat\/es\/actualitat\/noticies\/mont-roig-del-camp-y-miami-platja-encenderan-la-navidad-con-un-programa-lleno-de-actividades-tradiciones-y-novedades\/\" \/>\n<meta property=\"og:locale\" content=\"es_ES\" \/>\n<meta property=\"og:type\" content=\"article\" \/>\n<meta property=\"og:title\" content=\"Mont-roig del Camp y Miami Platja encender\u00e1n la Navidad con un programa lleno de actividades, tradiciones y novedades - Ajuntament de Mont-roig del Camp\" \/>\n<meta property=\"og:description\" content=\"Las encendidAs de los \u00e1rboles el 28 y 29 de noviembre marcar\u00e1n el inicio de las fiestas, que este a\u00f1o incorporan parques de Navidad en horario de ma\u00f1ana y tarde y una gran fiesta de Pre Nochevieja en Miami Platja. Mont-roig del Camp y Miami Platja se preparan para vivir una Navidad intensa y cargada [&hellip;]\" \/>\n<meta property=\"og:url\" content=\"https:\/\/mont-roig.cat\/es\/actualitat\/noticies\/mont-roig-del-camp-y-miami-platja-encenderan-la-navidad-con-un-programa-lleno-de-actividades-tradiciones-y-novedades\/\" \/>\n<meta property=\"og:site_name\" content=\"Ajuntament de Mont-roig del Camp\" \/>\n<meta property=\"article:published_time\" content=\"2025-11-21T12:57:49+00:00\" \/>\n<meta property=\"article:modified_time\" content=\"2025-11-24T10:58:54+00:00\" \/>\n<meta property=\"og:image\" content=\"https:\/\/mont-roig.cat\/wp-content\/uploads\/MM_nadal25_META-1.jpg\" \/>\n\t<meta property=\"og:image:width\" content=\"1200\" \/>\n\t<meta property=\"og:image:height\" content=\"630\" \/>\n\t<meta property=\"og:image:type\" content=\"image\/jpeg\" \/>\n<meta name=\"author\" content=\"comunicacio\" \/>\n<meta name=\"twitter:card\" content=\"summary_large_image\" \/>\n<meta name=\"twitter:label1\" content=\"Escrito por\" \/>\n\t<meta name=\"twitter:data1\" content=\"comunicacio\" \/>\n\t<meta name=\"twitter:label2\" content=\"Tiempo de lectura\" \/>\n\t<meta name=\"twitter:data2\" content=\"6 minutos\" \/>\n<script type=\"application\/ld+json\" class=\"yoast-schema-graph\">{\"@context\":\"https:\\\/\\\/schema.org\",\"@graph\":[{\"@type\":\"Article\",\"@id\":\"https:\\\/\\\/mont-roig.cat\\\/es\\\/actualitat\\\/noticies\\\/mont-roig-del-camp-y-miami-platja-encenderan-la-navidad-con-un-programa-lleno-de-actividades-tradiciones-y-novedades\\\/#article\",\"isPartOf\":{\"@id\":\"https:\\\/\\\/mont-roig.cat\\\/es\\\/actualitat\\\/noticies\\\/mont-roig-del-camp-y-miami-platja-encenderan-la-navidad-con-un-programa-lleno-de-actividades-tradiciones-y-novedades\\\/\"},\"author\":{\"name\":\"comunicacio\",\"@id\":\"https:\\\/\\\/mont-roig.cat\\\/es\\\/#\\\/schema\\\/person\\\/1f73e7b5e6f9dd122e8a6f14f310ac5e\"},\"headline\":\"Mont-roig del Camp y Miami Platja encender\u00e1n la Navidad con un programa lleno de actividades, tradiciones y novedades\",\"datePublished\":\"2025-11-21T12:57:49+00:00\",\"dateModified\":\"2025-11-24T10:58:54+00:00\",\"mainEntityOfPage\":{\"@id\":\"https:\\\/\\\/mont-roig.cat\\\/es\\\/actualitat\\\/noticies\\\/mont-roig-del-camp-y-miami-platja-encenderan-la-navidad-con-un-programa-lleno-de-actividades-tradiciones-y-novedades\\\/\"},\"wordCount\":911,\"image\":{\"@id\":\"https:\\\/\\\/mont-roig.cat\\\/es\\\/actualitat\\\/noticies\\\/mont-roig-del-camp-y-miami-platja-encenderan-la-navidad-con-un-programa-lleno-de-actividades-tradiciones-y-novedades\\\/#primaryimage\"},\"thumbnailUrl\":\"https:\\\/\\\/mont-roig.cat\\\/wp-content\\\/uploads\\\/MM_nadal25_META-1.jpg\",\"articleSection\":[\"Ayuntamiento\",\"Festes\"],\"inLanguage\":\"es\"},{\"@type\":\"WebPage\",\"@id\":\"https:\\\/\\\/mont-roig.cat\\\/es\\\/actualitat\\\/noticies\\\/mont-roig-del-camp-y-miami-platja-encenderan-la-navidad-con-un-programa-lleno-de-actividades-tradiciones-y-novedades\\\/\",\"url\":\"https:\\\/\\\/mont-roig.cat\\\/es\\\/actualitat\\\/noticies\\\/mont-roig-del-camp-y-miami-platja-encenderan-la-navidad-con-un-programa-lleno-de-actividades-tradiciones-y-novedades\\\/\",\"name\":\"Mont-roig del Camp y Miami Platja encender\u00e1n la Navidad con un programa lleno de actividades, tradiciones y novedades - Ajuntament de Mont-roig del Camp\",\"isPartOf\":{\"@id\":\"https:\\\/\\\/mont-roig.cat\\\/es\\\/#website\"},\"primaryImageOfPage\":{\"@id\":\"https:\\\/\\\/mont-roig.cat\\\/es\\\/actualitat\\\/noticies\\\/mont-roig-del-camp-y-miami-platja-encenderan-la-navidad-con-un-programa-lleno-de-actividades-tradiciones-y-novedades\\\/#primaryimage\"},\"image\":{\"@id\":\"https:\\\/\\\/mont-roig.cat\\\/es\\\/actualitat\\\/noticies\\\/mont-roig-del-camp-y-miami-platja-encenderan-la-navidad-con-un-programa-lleno-de-actividades-tradiciones-y-novedades\\\/#primaryimage\"},\"thumbnailUrl\":\"https:\\\/\\\/mont-roig.cat\\\/wp-content\\\/uploads\\\/MM_nadal25_META-1.jpg\",\"datePublished\":\"2025-11-21T12:57:49+00:00\",\"dateModified\":\"2025-11-24T10:58:54+00:00\",\"author\":{\"@id\":\"https:\\\/\\\/mont-roig.cat\\\/es\\\/#\\\/schema\\\/person\\\/1f73e7b5e6f9dd122e8a6f14f310ac5e\"},\"breadcrumb\":{\"@id\":\"https:\\\/\\\/mont-roig.cat\\\/es\\\/actualitat\\\/noticies\\\/mont-roig-del-camp-y-miami-platja-encenderan-la-navidad-con-un-programa-lleno-de-actividades-tradiciones-y-novedades\\\/#breadcrumb\"},\"inLanguage\":\"es\",\"potentialAction\":[{\"@type\":\"ReadAction\",\"target\":[\"https:\\\/\\\/mont-roig.cat\\\/es\\\/actualitat\\\/noticies\\\/mont-roig-del-camp-y-miami-platja-encenderan-la-navidad-con-un-programa-lleno-de-actividades-tradiciones-y-novedades\\\/\"]}]},{\"@type\":\"ImageObject\",\"inLanguage\":\"es\",\"@id\":\"https:\\\/\\\/mont-roig.cat\\\/es\\\/actualitat\\\/noticies\\\/mont-roig-del-camp-y-miami-platja-encenderan-la-navidad-con-un-programa-lleno-de-actividades-tradiciones-y-novedades\\\/#primaryimage\",\"url\":\"https:\\\/\\\/mont-roig.cat\\\/wp-content\\\/uploads\\\/MM_nadal25_META-1.jpg\",\"contentUrl\":\"https:\\\/\\\/mont-roig.cat\\\/wp-content\\\/uploads\\\/MM_nadal25_META-1.jpg\",\"width\":1200,\"height\":630},{\"@type\":\"BreadcrumbList\",\"@id\":\"https:\\\/\\\/mont-roig.cat\\\/es\\\/actualitat\\\/noticies\\\/mont-roig-del-camp-y-miami-platja-encenderan-la-navidad-con-un-programa-lleno-de-actividades-tradiciones-y-novedades\\\/#breadcrumb\",\"itemListElement\":[{\"@type\":\"ListItem\",\"position\":1,\"name\":\"Inici\",\"item\":\"https:\\\/\\\/mont-roig.cat\\\/es\\\/pagina-de-inicio\\\/\"},{\"@type\":\"ListItem\",\"position\":2,\"name\":\"Mont-roig del Camp y Miami Platja encender\u00e1n la Navidad con un programa lleno de actividades, tradiciones y novedades\"}]},{\"@type\":\"WebSite\",\"@id\":\"https:\\\/\\\/mont-roig.cat\\\/es\\\/#website\",\"url\":\"https:\\\/\\\/mont-roig.cat\\\/es\\\/\",\"name\":\"Ajuntament de Mont-roig del Camp\",\"description\":\"Tota la informaci\u00f3 sobre la instituci\u00f3, els seus \u00f2rgans de govern, actualitat, serveis i molt m\u00e9s.\",\"potentialAction\":[{\"@type\":\"SearchAction\",\"target\":{\"@type\":\"EntryPoint\",\"urlTemplate\":\"https:\\\/\\\/mont-roig.cat\\\/es\\\/?s={search_term_string}\"},\"query-input\":{\"@type\":\"PropertyValueSpecification\",\"valueRequired\":true,\"valueName\":\"search_term_string\"}}],\"inLanguage\":\"es\"},{\"@type\":\"Person\",\"@id\":\"https:\\\/\\\/mont-roig.cat\\\/es\\\/#\\\/schema\\\/person\\\/1f73e7b5e6f9dd122e8a6f14f310ac5e\",\"name\":\"comunicacio\",\"image\":{\"@type\":\"ImageObject\",\"inLanguage\":\"es\",\"@id\":\"https:\\\/\\\/secure.gravatar.com\\\/avatar\\\/98944333e7a877670a64f8d10f0cb680ab2c9ebc4efc43945ef004b52b5ad28c?s=96&d=mm&r=g\",\"url\":\"https:\\\/\\\/secure.gravatar.com\\\/avatar\\\/98944333e7a877670a64f8d10f0cb680ab2c9ebc4efc43945ef004b52b5ad28c?s=96&d=mm&r=g\",\"contentUrl\":\"https:\\\/\\\/secure.gravatar.com\\\/avatar\\\/98944333e7a877670a64f8d10f0cb680ab2c9ebc4efc43945ef004b52b5ad28c?s=96&d=mm&r=g\",\"caption\":\"comunicacio\"},\"url\":\"https:\\\/\\\/mont-roig.cat\\\/es\\\/actualitat\\\/noticies\\\/author\\\/comunicacio\\\/\"}]}<\/script>\n<!-- \/ Yoast SEO plugin. -->","yoast_head_json":{"title":"Mont-roig del Camp y Miami Platja encender\u00e1n la Navidad con un programa lleno de actividades, tradiciones y novedades - Ajuntament de Mont-roig del Camp","robots":{"index":"index","follow":"follow","max-snippet":"max-snippet:-1","max-image-preview":"max-image-preview:large","max-video-preview":"max-video-preview:-1"},"canonical":"https:\/\/mont-roig.cat\/es\/actualitat\/noticies\/mont-roig-del-camp-y-miami-platja-encenderan-la-navidad-con-un-programa-lleno-de-actividades-tradiciones-y-novedades\/","og_locale":"es_ES","og_type":"article","og_title":"Mont-roig del Camp y Miami Platja encender\u00e1n la Navidad con un programa lleno de actividades, tradiciones y novedades - Ajuntament de Mont-roig del Camp","og_description":"Las encendidAs de los \u00e1rboles el 28 y 29 de noviembre marcar\u00e1n el inicio de las fiestas, que este a\u00f1o incorporan parques de Navidad en horario de ma\u00f1ana y tarde y una gran fiesta de Pre Nochevieja en Miami Platja. Mont-roig del Camp y Miami Platja se preparan para vivir una Navidad intensa y cargada [&hellip;]","og_url":"https:\/\/mont-roig.cat\/es\/actualitat\/noticies\/mont-roig-del-camp-y-miami-platja-encenderan-la-navidad-con-un-programa-lleno-de-actividades-tradiciones-y-novedades\/","og_site_name":"Ajuntament de Mont-roig del Camp","article_published_time":"2025-11-21T12:57:49+00:00","article_modified_time":"2025-11-24T10:58:54+00:00","og_image":[{"width":1200,"height":630,"url":"https:\/\/mont-roig.cat\/wp-content\/uploads\/MM_nadal25_META-1.jpg","type":"image\/jpeg"}],"author":"comunicacio","twitter_card":"summary_large_image","twitter_misc":{"Escrito por":"comunicacio","Tiempo de lectura":"6 minutos"},"schema":{"@context":"https:\/\/schema.org","@graph":[{"@type":"Article","@id":"https:\/\/mont-roig.cat\/es\/actualitat\/noticies\/mont-roig-del-camp-y-miami-platja-encenderan-la-navidad-con-un-programa-lleno-de-actividades-tradiciones-y-novedades\/#article","isPartOf":{"@id":"https:\/\/mont-roig.cat\/es\/actualitat\/noticies\/mont-roig-del-camp-y-miami-platja-encenderan-la-navidad-con-un-programa-lleno-de-actividades-tradiciones-y-novedades\/"},"author":{"name":"comunicacio","@id":"https:\/\/mont-roig.cat\/es\/#\/schema\/person\/1f73e7b5e6f9dd122e8a6f14f310ac5e"},"headline":"Mont-roig del Camp y Miami Platja encender\u00e1n la Navidad con un programa lleno de actividades, tradiciones y novedades","datePublished":"2025-11-21T12:57:49+00:00","dateModified":"2025-11-24T10:58:54+00:00","mainEntityOfPage":{"@id":"https:\/\/mont-roig.cat\/es\/actualitat\/noticies\/mont-roig-del-camp-y-miami-platja-encenderan-la-navidad-con-un-programa-lleno-de-actividades-tradiciones-y-novedades\/"},"wordCount":911,"image":{"@id":"https:\/\/mont-roig.cat\/es\/actualitat\/noticies\/mont-roig-del-camp-y-miami-platja-encenderan-la-navidad-con-un-programa-lleno-de-actividades-tradiciones-y-novedades\/#primaryimage"},"thumbnailUrl":"https:\/\/mont-roig.cat\/wp-content\/uploads\/MM_nadal25_META-1.jpg","articleSection":["Ayuntamiento","Festes"],"inLanguage":"es"},{"@type":"WebPage","@id":"https:\/\/mont-roig.cat\/es\/actualitat\/noticies\/mont-roig-del-camp-y-miami-platja-encenderan-la-navidad-con-un-programa-lleno-de-actividades-tradiciones-y-novedades\/","url":"https:\/\/mont-roig.cat\/es\/actualitat\/noticies\/mont-roig-del-camp-y-miami-platja-encenderan-la-navidad-con-un-programa-lleno-de-actividades-tradiciones-y-novedades\/","name":"Mont-roig del Camp y Miami Platja encender\u00e1n la Navidad con un programa lleno de actividades, tradiciones y novedades - Ajuntament de Mont-roig del Camp","isPartOf":{"@id":"https:\/\/mont-roig.cat\/es\/#website"},"primaryImageOfPage":{"@id":"https:\/\/mont-roig.cat\/es\/actualitat\/noticies\/mont-roig-del-camp-y-miami-platja-encenderan-la-navidad-con-un-programa-lleno-de-actividades-tradiciones-y-novedades\/#primaryimage"},"image":{"@id":"https:\/\/mont-roig.cat\/es\/actualitat\/noticies\/mont-roig-del-camp-y-miami-platja-encenderan-la-navidad-con-un-programa-lleno-de-actividades-tradiciones-y-novedades\/#primaryimage"},"thumbnailUrl":"https:\/\/mont-roig.cat\/wp-content\/uploads\/MM_nadal25_META-1.jpg","datePublished":"2025-11-21T12:57:49+00:00","dateModified":"2025-11-24T10:58:54+00:00","author":{"@id":"https:\/\/mont-roig.cat\/es\/#\/schema\/person\/1f73e7b5e6f9dd122e8a6f14f310ac5e"},"breadcrumb":{"@id":"https:\/\/mont-roig.cat\/es\/actualitat\/noticies\/mont-roig-del-camp-y-miami-platja-encenderan-la-navidad-con-un-programa-lleno-de-actividades-tradiciones-y-novedades\/#breadcrumb"},"inLanguage":"es","potentialAction":[{"@type":"ReadAction","target":["https:\/\/mont-roig.cat\/es\/actualitat\/noticies\/mont-roig-del-camp-y-miami-platja-encenderan-la-navidad-con-un-programa-lleno-de-actividades-tradiciones-y-novedades\/"]}]},{"@type":"ImageObject","inLanguage":"es","@id":"https:\/\/mont-roig.cat\/es\/actualitat\/noticies\/mont-roig-del-camp-y-miami-platja-encenderan-la-navidad-con-un-programa-lleno-de-actividades-tradiciones-y-novedades\/#primaryimage","url":"https:\/\/mont-roig.cat\/wp-content\/uploads\/MM_nadal25_META-1.jpg","contentUrl":"https:\/\/mont-roig.cat\/wp-content\/uploads\/MM_nadal25_META-1.jpg","width":1200,"height":630},{"@type":"BreadcrumbList","@id":"https:\/\/mont-roig.cat\/es\/actualitat\/noticies\/mont-roig-del-camp-y-miami-platja-encenderan-la-navidad-con-un-programa-lleno-de-actividades-tradiciones-y-novedades\/#breadcrumb","itemListElement":[{"@type":"ListItem","position":1,"name":"Inici","item":"https:\/\/mont-roig.cat\/es\/pagina-de-inicio\/"},{"@type":"ListItem","position":2,"name":"Mont-roig del Camp y Miami Platja encender\u00e1n la Navidad con un programa lleno de actividades, tradiciones y novedades"}]},{"@type":"WebSite","@id":"https:\/\/mont-roig.cat\/es\/#website","url":"https:\/\/mont-roig.cat\/es\/","name":"Ajuntament de Mont-roig del Camp","description":"Tota la informaci\u00f3 sobre la instituci\u00f3, els seus \u00f2rgans de govern, actualitat, serveis i molt m\u00e9s.","potentialAction":[{"@type":"SearchAction","target":{"@type":"EntryPoint","urlTemplate":"https:\/\/mont-roig.cat\/es\/?s={search_term_string}"},"query-input":{"@type":"PropertyValueSpecification","valueRequired":true,"valueName":"search_term_string"}}],"inLanguage":"es"},{"@type":"Person","@id":"https:\/\/mont-roig.cat\/es\/#\/schema\/person\/1f73e7b5e6f9dd122e8a6f14f310ac5e","name":"comunicacio","image":{"@type":"ImageObject","inLanguage":"es","@id":"https:\/\/secure.gravatar.com\/avatar\/98944333e7a877670a64f8d10f0cb680ab2c9ebc4efc43945ef004b52b5ad28c?s=96&d=mm&r=g","url":"https:\/\/secure.gravatar.com\/avatar\/98944333e7a877670a64f8d10f0cb680ab2c9ebc4efc43945ef004b52b5ad28c?s=96&d=mm&r=g","contentUrl":"https:\/\/secure.gravatar.com\/avatar\/98944333e7a877670a64f8d10f0cb680ab2c9ebc4efc43945ef004b52b5ad28c?s=96&d=mm&r=g","caption":"comunicacio"},"url":"https:\/\/mont-roig.cat\/es\/actualitat\/noticies\/author\/comunicacio\/"}]}},"_links":{"self":[{"href":"https:\/\/mont-roig.cat\/es\/wp-json\/wp\/v2\/posts\/86881","targetHints":{"allow":["GET"]}}],"collection":[{"href":"https:\/\/mont-roig.cat\/es\/wp-json\/wp\/v2\/posts"}],"about":[{"href":"https:\/\/mont-roig.cat\/es\/wp-json\/wp\/v2\/types\/post"}],"author":[{"embeddable":true,"href":"https:\/\/mont-roig.cat\/es\/wp-json\/wp\/v2\/users\/13"}],"replies":[{"embeddable":true,"href":"https:\/\/mont-roig.cat\/es\/wp-json\/wp\/v2\/comments?post=86881"}],"version-history":[{"count":13,"href":"https:\/\/mont-roig.cat\/es\/wp-json\/wp\/v2\/posts\/86881\/revisions"}],"predecessor-version":[{"id":86920,"href":"https:\/\/mont-roig.cat\/es\/wp-json\/wp\/v2\/posts\/86881\/revisions\/86920"}],"wp:featuredmedia":[{"embeddable":true,"href":"https:\/\/mont-roig.cat\/es\/wp-json\/wp\/v2\/media\/86870"}],"wp:attachment":[{"href":"https:\/\/mont-roig.cat\/es\/wp-json\/wp\/v2\/media?parent=86881"}],"wp:term":[{"taxonomy":"category","embeddable":true,"href":"https:\/\/mont-roig.cat\/es\/wp-json\/wp\/v2\/categories?post=86881"},{"taxonomy":"post_tag","embeddable":true,"href":"https:\/\/mont-roig.cat\/es\/wp-json\/wp\/v2\/tags?post=86881"}],"curies":[{"name":"wp","href":"https:\/\/api.w.org\/{rel}","templated":true}]}}