{"id":86969,"date":"2025-11-25T14:25:37","date_gmt":"2025-11-25T13:25:37","guid":{"rendered":"https:\/\/mont-roig.cat\/actualitat\/noticies\/mont-roig-del-camp-i-miami-platja-commemoren-el-25n-amb-la-lectura-del-manifest-contra-la-violencia-masclista\/"},"modified":"2025-11-25T14:52:08","modified_gmt":"2025-11-25T13:52:08","slug":"mont-roig-del-camp-y-miami-platja-conmemoran-el-25n-con-la-lectura-del-manifiesto-contra-la-violencia-machista","status":"publish","type":"post","link":"https:\/\/mont-roig.cat\/es\/actualitat\/noticies\/mont-roig-del-camp-y-miami-platja-conmemoran-el-25n-con-la-lectura-del-manifiesto-contra-la-violencia-machista\/","title":{"rendered":"Mont-roig del Camp y Miami Platja conmemoran el 25N con la lectura del manifiesto contra la violencia machista"},"content":{"rendered":"<div id=\"attachment_86957\" style=\"width: 307px\" class=\"wp-caption alignright\"><a href=\"https:\/\/mont-roig.cat\/wp-content\/uploads\/mont-roig.jpeg\" target=\"_blank\" rel=\"noopener\"><img loading=\"lazy\" decoding=\"async\" aria-describedby=\"caption-attachment-86957\" class=\"wp-image-86957\" src=\"https:\/\/mont-roig.cat\/wp-content\/uploads\/mont-roig-500x375.jpeg\" alt=\"\" width=\"297\" height=\"223\" srcset=\"https:\/\/mont-roig.cat\/wp-content\/uploads\/mont-roig-500x375.jpeg 500w, https:\/\/mont-roig.cat\/wp-content\/uploads\/mont-roig-1024x768.jpeg 1024w, https:\/\/mont-roig.cat\/wp-content\/uploads\/mont-roig-768x576.jpeg 768w, https:\/\/mont-roig.cat\/wp-content\/uploads\/mont-roig-1536x1152.jpeg 1536w, https:\/\/mont-roig.cat\/wp-content\/uploads\/mont-roig-463x348.jpeg 463w, https:\/\/mont-roig.cat\/wp-content\/uploads\/mont-roig.jpeg 1600w\" sizes=\"auto, (max-width: 297px) 100vw, 297px\" \/><\/a><p id=\"caption-attachment-86957\" class=\"wp-caption-text\">Lectura del manifiesto ante el Ayuntamiento de Mont-roig del Camp.<\/p><\/div>\n<ul>\n<li data-start=\"288\" data-end=\"450\"><strong data-start=\"288\" data-end=\"450\">Las concejalas Yolanda P\u00e9rez, Francis Ortiz y Mar Urisel encabezan los actos institucionales del 25N, con el apoyo de todos los grupos municipales excepto Vox<\/strong><\/li>\n<\/ul>\n<p data-start=\"492\" data-end=\"1028\">Las oficinas municipales de Miami Platja y el Ayuntamiento de Mont-roig del Camp han sido esta ma\u00f1ana los escenarios de la conmemoraci\u00f3n del 25 de noviembre, D\u00eda Internacional para la Eliminaci\u00f3n de la Violencia contra las Mujeres. En dos actos institucionales paralelos, las concejalas Yolanda P\u00e9rez y Francis Ortiz han sido las encargadas de la lectura del manifiesto en Mont-roig, mientras que en Miami Platja lo ha hecho la concejala Mar Urisel, acompa\u00f1adas todas ellas por diversas trabajadoras municipales.<\/p>\n<p data-start=\"1030\" data-end=\"1661\">El manifiesto institucional de este a\u00f1o denuncia que las violencias machistas contin\u00faan siendo una de las vulneraciones de derechos humanos m\u00e1s graves, y pone el foco en la violencia digital, una realidad cada vez m\u00e1s presente y especialmente da\u00f1ina para las mujeres j\u00f3venes. El texto recuerda que esta violencia adopta m\u00faltiples formas \u2014ciberacoso, control de dispositivos, difusi\u00f3n de im\u00e1genes \u00edntimas sin consentimiento, insultos o amenazas en l\u00ednea\u2014 y que el 90% de las v\u00edctimas de distribuci\u00f3n de im\u00e1genes sexuales sin consentimiento son mujeres, mientras que el 74% de las v\u00edctimas son j\u00f3venes menores de 24 a\u00f1os.<\/p>\n<p data-start=\"1663\" data-end=\"2077\">Seg\u00fan el manifiesto, estas formas de violencia tienen un impacto profundo en la salud emocional y psicol\u00f3gica de las v\u00edctimas, generando miedo, verg\u00fcenza y aislamiento, y dificultando la petici\u00f3n de ayuda. Tambi\u00e9n alerta sobre la proliferaci\u00f3n de discursos negacionistas y antifeministas que, especialmente en las redes sociales, intentan invisibilizar la violencia machista y cuestionar los derechos conquistados.<\/p>\n<p data-start=\"2079\" data-end=\"2337\">En cuanto al posicionamiento pol\u00edtico, PSC, ERC, Junts y Plamimo se han adherido al manifiesto institucional, mostrando unanimidad en el compromiso municipal para erradicar las violencias machistas. Vox ha sido la \u00fanica formaci\u00f3n que no se ha sumado.<\/p>\n<p data-start=\"2339\" data-end=\"2629\">Con estos actos, el Ayuntamiento de Mont-roig del Camp reafirma su compromiso de impulsar pol\u00edticas p\u00fablicas de prevenci\u00f3n, sensibilizaci\u00f3n y acompa\u00f1amiento, y de seguir trabajando por una sociedad libre de violencias machistas, tal y como recoge el propio manifiesto institucional.<\/p>\n<p data-start=\"2198\" data-end=\"2448\">Descargar el manifest <a href=\"https:\/\/mont-roig.cat\/wp-content\/uploads\/Manifest-25N-Departament-Igualtat-i-Feminisme.pdf\" target=\"_blank\" rel=\"noopener\">en este enlace.<\/a><\/p>\n\n\t\t<!-- MasterSlider -->\n\t\t<div id=\"P_MS69f287e215018\" class=\"master-slider-parent master-slider-gallery   ms-parent-id-0\"  >\n\n\t\t\t\n\t\t\t<!-- MasterSlider Main -->\n\t\t\t<div id=\"MS69f287e215018\" class=\"master-slider ms-skin-default\" >\n\t\t\t\t \t\t\t\t \n\t\t\t<div  class=\"ms-slide\" data-delay=\"3\"    >\n\t\t\t\t\t<img decoding=\"async\" src=\"https:\/\/mont-roig.cat\/wp-content\/plugins\/masterslider\/public\/assets\/css\/blank.gif\" alt=\"Lectura manifesta mont-roig\" title=\"Lectura manifesta mont-roig\" data-src=\"https:\/\/mont-roig.cat\/wp-content\/uploadsArray\" \/>\n\t<a href=\"http:\/\/Array\" target=\"_self\"    >Lectura manifesta mont-roig<\/a>\n\n\t\t\t\t\t<div class=\"ms-info\">Lectura manifesta mont-roig<\/div>\n\n\n\t<img decoding=\"async\" class=\"ms-thumb\" src=\"https:\/\/mont-roig.cat\/wp-content\/uploadsArray\" alt=\"Lectura manifesta mont-roig\" \/>\n\t\t\t\t<\/div>\n\t\t\t<div  class=\"ms-slide\" data-delay=\"3\"    >\n\t\t\t\t\t<img decoding=\"async\" src=\"https:\/\/mont-roig.cat\/wp-content\/plugins\/masterslider\/public\/assets\/css\/blank.gif\" alt=\"mont-roig3\" title=\"mont-roig3\" data-src=\"https:\/\/mont-roig.cat\/wp-content\/uploadsArray\" \/>\n\t<a href=\"http:\/\/Array\" target=\"_self\"    >mont-roig3<\/a>\n\n\t\t\t\t\t<div class=\"ms-info\">mont-roig3<\/div>\n\n\n\t<img decoding=\"async\" class=\"ms-thumb\" src=\"https:\/\/mont-roig.cat\/wp-content\/uploadsArray\" alt=\"mont-roig3\" \/>\n\t\t\t\t<\/div>\n\t\t\t<div  class=\"ms-slide\" data-delay=\"3\"    >\n\t\t\t\t\t<img decoding=\"async\" src=\"https:\/\/mont-roig.cat\/wp-content\/plugins\/masterslider\/public\/assets\/css\/blank.gif\" alt=\"miami 3\" title=\"miami 3\" data-src=\"https:\/\/mont-roig.cat\/wp-content\/uploadsArray\" \/>\n\t<a href=\"http:\/\/Array\" target=\"_self\"    >miami 3<\/a>\n\n\t\t\t\t\t<div class=\"ms-info\">miami 3<\/div>\n\n\n\t<img decoding=\"async\" class=\"ms-thumb\" src=\"https:\/\/mont-roig.cat\/wp-content\/uploadsArray\" alt=\"miami 3\" \/>\n\t\t\t\t<\/div>\n\t\t\t<div  class=\"ms-slide\" data-delay=\"3\"    >\n\t\t\t\t\t<img decoding=\"async\" src=\"https:\/\/mont-roig.cat\/wp-content\/plugins\/masterslider\/public\/assets\/css\/blank.gif\" alt=\"miami platja\" title=\"miami platja\" data-src=\"https:\/\/mont-roig.cat\/wp-content\/uploadsArray\" \/>\n\t<a href=\"http:\/\/Array\" target=\"_self\"    >miami platja<\/a>\n\n\t\t\t\t\t<div class=\"ms-info\">miami platja<\/div>\n\n\n\t<img decoding=\"async\" class=\"ms-thumb\" src=\"https:\/\/mont-roig.cat\/wp-content\/uploadsArray\" alt=\"miami platja\" \/>\n\t\t\t\t<\/div>\n\n\t\t\t<\/div>\n\t\t\t<!-- END MasterSlider Main -->\n\n\t\t\t \n\t\t<\/div>\n\t\t<!-- END MasterSlider -->\n\n\t\t<script>\n\t\t( window.MSReady = window.MSReady || [] ).push( function( $ ) {\n\n\t\t\t\"use strict\";\n\t\t\tvar masterslider_5018 = new MasterSlider();\n\n\t\t\t\/\/ slider controls\n\t\t\tmasterslider_5018.control('arrows'     ,{ autohide:true, overVideo:true  });\n\t\t\tmasterslider_5018.control('thumblist'  ,{ autohide:false, overVideo:true, dir:'h', speed:17, inset:false, arrows:false, hover:false, customClass:'', align:'bottom',type:'thumbs', margin:2, width:140, height:80, space:2, fillMode:'fill'  });\n\t\t\tmasterslider_5018.control('slideinfo'  ,{ autohide:true, overVideo:true, dir:'h', align:'bottom',inset:true , margin:80  , size:30 });\n\t\t\t\/\/ slider setup\n\t\t\tmasterslider_5018.setup(\"MS69f287e215018\", {\n\t\t\t\twidth           : 960,\n\t\t\t\theight          : 540,\n\t\t\t\tminHeight       : 0,\n\t\t\t\tspace           : 0,\n\t\t\t\tstart           : 1,\n\t\t\t\tgrabCursor      : true,\n\t\t\t\tswipe           : true,\n\t\t\t\tmouse           : true,\n\t\t\t\tkeyboard        : false,\n\t\t\t\tlayout          : \"fillwidth\",\n\t\t\t\twheel           : false,\n\t\t\t\tautoplay        : false,\n                instantStartLayers:false,\n\t\t\t\tmobileBGVideo:false,\n\t\t\t\tloop            : false,\n\t\t\t\tshuffle         : false,\n\t\t\t\tpreload         : 3,\n\t\t\t\theightLimit     : false,\n\t\t\t\tautoHeight      : false,\n\t\t\t\tsmoothHeight    : true,\n\t\t\t\tendPause        : false,\n\t\t\t\toverPause       : false,\n\t\t\t\tfillMode        : \"fill\",\n\t\t\t\tcenterControls  : true,\n\t\t\t\tstartOnAppear   : false,\n\t\t\t\tlayersMode      : \"center\",\n\t\t\t\tautofillTarget  : \"\",\n\t\t\t\thideLayers      : false,\n\t\t\t\tfullscreenMargin: 0,\n\t\t\t\tspeed           : 17,\n\t\t\t\tdir             : \"h\",\n\t\t\t\tparallaxMode    : 'swipe',\n\t\t\t\tview            : \"basic\"\n\t\t\t});\n\n\t\t\t\n\t\t\twindow.masterslider_instances = window.masterslider_instances || [];\n\t\t\twindow.masterslider_instances.push( masterslider_5018 );\n\t\t});\n\t\t<\/script>\n\n\n","protected":false},"excerpt":{"rendered":"<p>Las concejalas Yolanda P\u00e9rez, Francis Ortiz y Mar Urisel encabezan los actos institucionales del 25N, con el apoyo de todos los grupos municipales excepto Vox Las oficinas municipales de Miami Platja y el Ayuntamiento de Mont-roig del Camp han sido esta ma\u00f1ana los escenarios de la conmemoraci\u00f3n del 25 de noviembre, D\u00eda Internacional para la [&hellip;]<\/p>\n","protected":false},"author":13,"featured_media":86962,"comment_status":"closed","ping_status":"closed","sticky":false,"template":"","format":"standard","meta":{"inline_featured_image":false,"_monsterinsights_skip_tracking":false,"_monsterinsights_sitenote_active":false,"_monsterinsights_sitenote_note":"","_monsterinsights_sitenote_category":0,"footnotes":""},"categories":[98,174],"tags":[],"class_list":["post-86969","post","type-post","status-publish","format-standard","has-post-thumbnail","hentry","category-ayuntamiento","category-politiques-digualtat-i-de-les-dones-es"],"yoast_head":"<!-- This site is optimized with the Yoast SEO plugin v27.4 - https:\/\/yoast.com\/product\/yoast-seo-wordpress\/ -->\n<title>Mont-roig del Camp y Miami Platja conmemoran el 25N con la lectura del manifiesto contra la violencia machista - Ajuntament de Mont-roig del Camp<\/title>\n<meta name=\"robots\" content=\"index, follow, max-snippet:-1, max-image-preview:large, max-video-preview:-1\" \/>\n<link rel=\"canonical\" href=\"https:\/\/mont-roig.cat\/es\/actualitat\/noticies\/mont-roig-del-camp-y-miami-platja-conmemoran-el-25n-con-la-lectura-del-manifiesto-contra-la-violencia-machista\/\" \/>\n<meta property=\"og:locale\" content=\"es_ES\" \/>\n<meta property=\"og:type\" content=\"article\" \/>\n<meta property=\"og:title\" content=\"Mont-roig del Camp y Miami Platja conmemoran el 25N con la lectura del manifiesto contra la violencia machista - Ajuntament de Mont-roig del Camp\" \/>\n<meta property=\"og:description\" content=\"Las concejalas Yolanda P\u00e9rez, Francis Ortiz y Mar Urisel encabezan los actos institucionales del 25N, con el apoyo de todos los grupos municipales excepto Vox Las oficinas municipales de Miami Platja y el Ayuntamiento de Mont-roig del Camp han sido esta ma\u00f1ana los escenarios de la conmemoraci\u00f3n del 25 de noviembre, D\u00eda Internacional para la [&hellip;]\" \/>\n<meta property=\"og:url\" content=\"https:\/\/mont-roig.cat\/es\/actualitat\/noticies\/mont-roig-del-camp-y-miami-platja-conmemoran-el-25n-con-la-lectura-del-manifiesto-contra-la-violencia-machista\/\" \/>\n<meta property=\"og:site_name\" content=\"Ajuntament de Mont-roig del Camp\" \/>\n<meta property=\"article:published_time\" content=\"2025-11-25T13:25:37+00:00\" \/>\n<meta property=\"article:modified_time\" content=\"2025-11-25T13:52:08+00:00\" \/>\n<meta property=\"og:image\" content=\"https:\/\/mont-roig.cat\/wp-content\/uploads\/mont-roig.jpeg\" \/>\n\t<meta property=\"og:image:width\" content=\"1600\" \/>\n\t<meta property=\"og:image:height\" content=\"1200\" \/>\n\t<meta property=\"og:image:type\" content=\"image\/jpeg\" \/>\n<meta name=\"author\" content=\"comunicacio\" \/>\n<meta name=\"twitter:card\" content=\"summary_large_image\" \/>\n<meta name=\"twitter:label1\" content=\"Escrito por\" \/>\n\t<meta name=\"twitter:data1\" content=\"comunicacio\" \/>\n\t<meta name=\"twitter:label2\" content=\"Tiempo de lectura\" \/>\n\t<meta name=\"twitter:data2\" content=\"3 minutos\" \/>\n<script type=\"application\/ld+json\" class=\"yoast-schema-graph\">{\"@context\":\"https:\\\/\\\/schema.org\",\"@graph\":[{\"@type\":\"Article\",\"@id\":\"https:\\\/\\\/mont-roig.cat\\\/es\\\/actualitat\\\/noticies\\\/mont-roig-del-camp-y-miami-platja-conmemoran-el-25n-con-la-lectura-del-manifiesto-contra-la-violencia-machista\\\/#article\",\"isPartOf\":{\"@id\":\"https:\\\/\\\/mont-roig.cat\\\/es\\\/actualitat\\\/noticies\\\/mont-roig-del-camp-y-miami-platja-conmemoran-el-25n-con-la-lectura-del-manifiesto-contra-la-violencia-machista\\\/\"},\"author\":{\"name\":\"comunicacio\",\"@id\":\"https:\\\/\\\/mont-roig.cat\\\/es\\\/#\\\/schema\\\/person\\\/1f73e7b5e6f9dd122e8a6f14f310ac5e\"},\"headline\":\"Mont-roig del Camp y Miami Platja conmemoran el 25N con la lectura del manifiesto contra la violencia machista\",\"datePublished\":\"2025-11-25T13:25:37+00:00\",\"dateModified\":\"2025-11-25T13:52:08+00:00\",\"mainEntityOfPage\":{\"@id\":\"https:\\\/\\\/mont-roig.cat\\\/es\\\/actualitat\\\/noticies\\\/mont-roig-del-camp-y-miami-platja-conmemoran-el-25n-con-la-lectura-del-manifiesto-contra-la-violencia-machista\\\/\"},\"wordCount\":417,\"image\":{\"@id\":\"https:\\\/\\\/mont-roig.cat\\\/es\\\/actualitat\\\/noticies\\\/mont-roig-del-camp-y-miami-platja-conmemoran-el-25n-con-la-lectura-del-manifiesto-contra-la-violencia-machista\\\/#primaryimage\"},\"thumbnailUrl\":\"https:\\\/\\\/mont-roig.cat\\\/wp-content\\\/uploads\\\/mont-roig.jpeg\",\"articleSection\":[\"Ayuntamiento\",\"Pol\u00edtiques d&#8217;Igualtat i de les Dones\"],\"inLanguage\":\"es\"},{\"@type\":\"WebPage\",\"@id\":\"https:\\\/\\\/mont-roig.cat\\\/es\\\/actualitat\\\/noticies\\\/mont-roig-del-camp-y-miami-platja-conmemoran-el-25n-con-la-lectura-del-manifiesto-contra-la-violencia-machista\\\/\",\"url\":\"https:\\\/\\\/mont-roig.cat\\\/es\\\/actualitat\\\/noticies\\\/mont-roig-del-camp-y-miami-platja-conmemoran-el-25n-con-la-lectura-del-manifiesto-contra-la-violencia-machista\\\/\",\"name\":\"Mont-roig del Camp y Miami Platja conmemoran el 25N con la lectura del manifiesto contra la violencia machista - Ajuntament de Mont-roig del Camp\",\"isPartOf\":{\"@id\":\"https:\\\/\\\/mont-roig.cat\\\/es\\\/#website\"},\"primaryImageOfPage\":{\"@id\":\"https:\\\/\\\/mont-roig.cat\\\/es\\\/actualitat\\\/noticies\\\/mont-roig-del-camp-y-miami-platja-conmemoran-el-25n-con-la-lectura-del-manifiesto-contra-la-violencia-machista\\\/#primaryimage\"},\"image\":{\"@id\":\"https:\\\/\\\/mont-roig.cat\\\/es\\\/actualitat\\\/noticies\\\/mont-roig-del-camp-y-miami-platja-conmemoran-el-25n-con-la-lectura-del-manifiesto-contra-la-violencia-machista\\\/#primaryimage\"},\"thumbnailUrl\":\"https:\\\/\\\/mont-roig.cat\\\/wp-content\\\/uploads\\\/mont-roig.jpeg\",\"datePublished\":\"2025-11-25T13:25:37+00:00\",\"dateModified\":\"2025-11-25T13:52:08+00:00\",\"author\":{\"@id\":\"https:\\\/\\\/mont-roig.cat\\\/es\\\/#\\\/schema\\\/person\\\/1f73e7b5e6f9dd122e8a6f14f310ac5e\"},\"breadcrumb\":{\"@id\":\"https:\\\/\\\/mont-roig.cat\\\/es\\\/actualitat\\\/noticies\\\/mont-roig-del-camp-y-miami-platja-conmemoran-el-25n-con-la-lectura-del-manifiesto-contra-la-violencia-machista\\\/#breadcrumb\"},\"inLanguage\":\"es\",\"potentialAction\":[{\"@type\":\"ReadAction\",\"target\":[\"https:\\\/\\\/mont-roig.cat\\\/es\\\/actualitat\\\/noticies\\\/mont-roig-del-camp-y-miami-platja-conmemoran-el-25n-con-la-lectura-del-manifiesto-contra-la-violencia-machista\\\/\"]}]},{\"@type\":\"ImageObject\",\"inLanguage\":\"es\",\"@id\":\"https:\\\/\\\/mont-roig.cat\\\/es\\\/actualitat\\\/noticies\\\/mont-roig-del-camp-y-miami-platja-conmemoran-el-25n-con-la-lectura-del-manifiesto-contra-la-violencia-machista\\\/#primaryimage\",\"url\":\"https:\\\/\\\/mont-roig.cat\\\/wp-content\\\/uploads\\\/mont-roig.jpeg\",\"contentUrl\":\"https:\\\/\\\/mont-roig.cat\\\/wp-content\\\/uploads\\\/mont-roig.jpeg\",\"width\":1600,\"height\":1200},{\"@type\":\"BreadcrumbList\",\"@id\":\"https:\\\/\\\/mont-roig.cat\\\/es\\\/actualitat\\\/noticies\\\/mont-roig-del-camp-y-miami-platja-conmemoran-el-25n-con-la-lectura-del-manifiesto-contra-la-violencia-machista\\\/#breadcrumb\",\"itemListElement\":[{\"@type\":\"ListItem\",\"position\":1,\"name\":\"Inici\",\"item\":\"https:\\\/\\\/mont-roig.cat\\\/es\\\/pagina-de-inicio\\\/\"},{\"@type\":\"ListItem\",\"position\":2,\"name\":\"Mont-roig del Camp y Miami Platja conmemoran el 25N con la lectura del manifiesto contra la violencia machista\"}]},{\"@type\":\"WebSite\",\"@id\":\"https:\\\/\\\/mont-roig.cat\\\/es\\\/#website\",\"url\":\"https:\\\/\\\/mont-roig.cat\\\/es\\\/\",\"name\":\"Ajuntament de Mont-roig del Camp\",\"description\":\"Tota la informaci\u00f3 sobre la instituci\u00f3, els seus \u00f2rgans de govern, actualitat, serveis i molt m\u00e9s.\",\"potentialAction\":[{\"@type\":\"SearchAction\",\"target\":{\"@type\":\"EntryPoint\",\"urlTemplate\":\"https:\\\/\\\/mont-roig.cat\\\/es\\\/?s={search_term_string}\"},\"query-input\":{\"@type\":\"PropertyValueSpecification\",\"valueRequired\":true,\"valueName\":\"search_term_string\"}}],\"inLanguage\":\"es\"},{\"@type\":\"Person\",\"@id\":\"https:\\\/\\\/mont-roig.cat\\\/es\\\/#\\\/schema\\\/person\\\/1f73e7b5e6f9dd122e8a6f14f310ac5e\",\"name\":\"comunicacio\",\"image\":{\"@type\":\"ImageObject\",\"inLanguage\":\"es\",\"@id\":\"https:\\\/\\\/secure.gravatar.com\\\/avatar\\\/98944333e7a877670a64f8d10f0cb680ab2c9ebc4efc43945ef004b52b5ad28c?s=96&d=mm&r=g\",\"url\":\"https:\\\/\\\/secure.gravatar.com\\\/avatar\\\/98944333e7a877670a64f8d10f0cb680ab2c9ebc4efc43945ef004b52b5ad28c?s=96&d=mm&r=g\",\"contentUrl\":\"https:\\\/\\\/secure.gravatar.com\\\/avatar\\\/98944333e7a877670a64f8d10f0cb680ab2c9ebc4efc43945ef004b52b5ad28c?s=96&d=mm&r=g\",\"caption\":\"comunicacio\"},\"url\":\"https:\\\/\\\/mont-roig.cat\\\/es\\\/actualitat\\\/noticies\\\/author\\\/comunicacio\\\/\"}]}<\/script>\n<!-- \/ Yoast SEO plugin. -->","yoast_head_json":{"title":"Mont-roig del Camp y Miami Platja conmemoran el 25N con la lectura del manifiesto contra la violencia machista - Ajuntament de Mont-roig del Camp","robots":{"index":"index","follow":"follow","max-snippet":"max-snippet:-1","max-image-preview":"max-image-preview:large","max-video-preview":"max-video-preview:-1"},"canonical":"https:\/\/mont-roig.cat\/es\/actualitat\/noticies\/mont-roig-del-camp-y-miami-platja-conmemoran-el-25n-con-la-lectura-del-manifiesto-contra-la-violencia-machista\/","og_locale":"es_ES","og_type":"article","og_title":"Mont-roig del Camp y Miami Platja conmemoran el 25N con la lectura del manifiesto contra la violencia machista - Ajuntament de Mont-roig del Camp","og_description":"Las concejalas Yolanda P\u00e9rez, Francis Ortiz y Mar Urisel encabezan los actos institucionales del 25N, con el apoyo de todos los grupos municipales excepto Vox Las oficinas municipales de Miami Platja y el Ayuntamiento de Mont-roig del Camp han sido esta ma\u00f1ana los escenarios de la conmemoraci\u00f3n del 25 de noviembre, D\u00eda Internacional para la [&hellip;]","og_url":"https:\/\/mont-roig.cat\/es\/actualitat\/noticies\/mont-roig-del-camp-y-miami-platja-conmemoran-el-25n-con-la-lectura-del-manifiesto-contra-la-violencia-machista\/","og_site_name":"Ajuntament de Mont-roig del Camp","article_published_time":"2025-11-25T13:25:37+00:00","article_modified_time":"2025-11-25T13:52:08+00:00","og_image":[{"width":1600,"height":1200,"url":"https:\/\/mont-roig.cat\/wp-content\/uploads\/mont-roig.jpeg","type":"image\/jpeg"}],"author":"comunicacio","twitter_card":"summary_large_image","twitter_misc":{"Escrito por":"comunicacio","Tiempo de lectura":"3 minutos"},"schema":{"@context":"https:\/\/schema.org","@graph":[{"@type":"Article","@id":"https:\/\/mont-roig.cat\/es\/actualitat\/noticies\/mont-roig-del-camp-y-miami-platja-conmemoran-el-25n-con-la-lectura-del-manifiesto-contra-la-violencia-machista\/#article","isPartOf":{"@id":"https:\/\/mont-roig.cat\/es\/actualitat\/noticies\/mont-roig-del-camp-y-miami-platja-conmemoran-el-25n-con-la-lectura-del-manifiesto-contra-la-violencia-machista\/"},"author":{"name":"comunicacio","@id":"https:\/\/mont-roig.cat\/es\/#\/schema\/person\/1f73e7b5e6f9dd122e8a6f14f310ac5e"},"headline":"Mont-roig del Camp y Miami Platja conmemoran el 25N con la lectura del manifiesto contra la violencia machista","datePublished":"2025-11-25T13:25:37+00:00","dateModified":"2025-11-25T13:52:08+00:00","mainEntityOfPage":{"@id":"https:\/\/mont-roig.cat\/es\/actualitat\/noticies\/mont-roig-del-camp-y-miami-platja-conmemoran-el-25n-con-la-lectura-del-manifiesto-contra-la-violencia-machista\/"},"wordCount":417,"image":{"@id":"https:\/\/mont-roig.cat\/es\/actualitat\/noticies\/mont-roig-del-camp-y-miami-platja-conmemoran-el-25n-con-la-lectura-del-manifiesto-contra-la-violencia-machista\/#primaryimage"},"thumbnailUrl":"https:\/\/mont-roig.cat\/wp-content\/uploads\/mont-roig.jpeg","articleSection":["Ayuntamiento","Pol\u00edtiques d&#8217;Igualtat i de les Dones"],"inLanguage":"es"},{"@type":"WebPage","@id":"https:\/\/mont-roig.cat\/es\/actualitat\/noticies\/mont-roig-del-camp-y-miami-platja-conmemoran-el-25n-con-la-lectura-del-manifiesto-contra-la-violencia-machista\/","url":"https:\/\/mont-roig.cat\/es\/actualitat\/noticies\/mont-roig-del-camp-y-miami-platja-conmemoran-el-25n-con-la-lectura-del-manifiesto-contra-la-violencia-machista\/","name":"Mont-roig del Camp y Miami Platja conmemoran el 25N con la lectura del manifiesto contra la violencia machista - Ajuntament de Mont-roig del Camp","isPartOf":{"@id":"https:\/\/mont-roig.cat\/es\/#website"},"primaryImageOfPage":{"@id":"https:\/\/mont-roig.cat\/es\/actualitat\/noticies\/mont-roig-del-camp-y-miami-platja-conmemoran-el-25n-con-la-lectura-del-manifiesto-contra-la-violencia-machista\/#primaryimage"},"image":{"@id":"https:\/\/mont-roig.cat\/es\/actualitat\/noticies\/mont-roig-del-camp-y-miami-platja-conmemoran-el-25n-con-la-lectura-del-manifiesto-contra-la-violencia-machista\/#primaryimage"},"thumbnailUrl":"https:\/\/mont-roig.cat\/wp-content\/uploads\/mont-roig.jpeg","datePublished":"2025-11-25T13:25:37+00:00","dateModified":"2025-11-25T13:52:08+00:00","author":{"@id":"https:\/\/mont-roig.cat\/es\/#\/schema\/person\/1f73e7b5e6f9dd122e8a6f14f310ac5e"},"breadcrumb":{"@id":"https:\/\/mont-roig.cat\/es\/actualitat\/noticies\/mont-roig-del-camp-y-miami-platja-conmemoran-el-25n-con-la-lectura-del-manifiesto-contra-la-violencia-machista\/#breadcrumb"},"inLanguage":"es","potentialAction":[{"@type":"ReadAction","target":["https:\/\/mont-roig.cat\/es\/actualitat\/noticies\/mont-roig-del-camp-y-miami-platja-conmemoran-el-25n-con-la-lectura-del-manifiesto-contra-la-violencia-machista\/"]}]},{"@type":"ImageObject","inLanguage":"es","@id":"https:\/\/mont-roig.cat\/es\/actualitat\/noticies\/mont-roig-del-camp-y-miami-platja-conmemoran-el-25n-con-la-lectura-del-manifiesto-contra-la-violencia-machista\/#primaryimage","url":"https:\/\/mont-roig.cat\/wp-content\/uploads\/mont-roig.jpeg","contentUrl":"https:\/\/mont-roig.cat\/wp-content\/uploads\/mont-roig.jpeg","width":1600,"height":1200},{"@type":"BreadcrumbList","@id":"https:\/\/mont-roig.cat\/es\/actualitat\/noticies\/mont-roig-del-camp-y-miami-platja-conmemoran-el-25n-con-la-lectura-del-manifiesto-contra-la-violencia-machista\/#breadcrumb","itemListElement":[{"@type":"ListItem","position":1,"name":"Inici","item":"https:\/\/mont-roig.cat\/es\/pagina-de-inicio\/"},{"@type":"ListItem","position":2,"name":"Mont-roig del Camp y Miami Platja conmemoran el 25N con la lectura del manifiesto contra la violencia machista"}]},{"@type":"WebSite","@id":"https:\/\/mont-roig.cat\/es\/#website","url":"https:\/\/mont-roig.cat\/es\/","name":"Ajuntament de Mont-roig del Camp","description":"Tota la informaci\u00f3 sobre la instituci\u00f3, els seus \u00f2rgans de govern, actualitat, serveis i molt m\u00e9s.","potentialAction":[{"@type":"SearchAction","target":{"@type":"EntryPoint","urlTemplate":"https:\/\/mont-roig.cat\/es\/?s={search_term_string}"},"query-input":{"@type":"PropertyValueSpecification","valueRequired":true,"valueName":"search_term_string"}}],"inLanguage":"es"},{"@type":"Person","@id":"https:\/\/mont-roig.cat\/es\/#\/schema\/person\/1f73e7b5e6f9dd122e8a6f14f310ac5e","name":"comunicacio","image":{"@type":"ImageObject","inLanguage":"es","@id":"https:\/\/secure.gravatar.com\/avatar\/98944333e7a877670a64f8d10f0cb680ab2c9ebc4efc43945ef004b52b5ad28c?s=96&d=mm&r=g","url":"https:\/\/secure.gravatar.com\/avatar\/98944333e7a877670a64f8d10f0cb680ab2c9ebc4efc43945ef004b52b5ad28c?s=96&d=mm&r=g","contentUrl":"https:\/\/secure.gravatar.com\/avatar\/98944333e7a877670a64f8d10f0cb680ab2c9ebc4efc43945ef004b52b5ad28c?s=96&d=mm&r=g","caption":"comunicacio"},"url":"https:\/\/mont-roig.cat\/es\/actualitat\/noticies\/author\/comunicacio\/"}]}},"_links":{"self":[{"href":"https:\/\/mont-roig.cat\/es\/wp-json\/wp\/v2\/posts\/86969","targetHints":{"allow":["GET"]}}],"collection":[{"href":"https:\/\/mont-roig.cat\/es\/wp-json\/wp\/v2\/posts"}],"about":[{"href":"https:\/\/mont-roig.cat\/es\/wp-json\/wp\/v2\/types\/post"}],"author":[{"embeddable":true,"href":"https:\/\/mont-roig.cat\/es\/wp-json\/wp\/v2\/users\/13"}],"replies":[{"embeddable":true,"href":"https:\/\/mont-roig.cat\/es\/wp-json\/wp\/v2\/comments?post=86969"}],"version-history":[{"count":4,"href":"https:\/\/mont-roig.cat\/es\/wp-json\/wp\/v2\/posts\/86969\/revisions"}],"predecessor-version":[{"id":86975,"href":"https:\/\/mont-roig.cat\/es\/wp-json\/wp\/v2\/posts\/86969\/revisions\/86975"}],"wp:featuredmedia":[{"embeddable":true,"href":"https:\/\/mont-roig.cat\/es\/wp-json\/wp\/v2\/media\/86962"}],"wp:attachment":[{"href":"https:\/\/mont-roig.cat\/es\/wp-json\/wp\/v2\/media?parent=86969"}],"wp:term":[{"taxonomy":"category","embeddable":true,"href":"https:\/\/mont-roig.cat\/es\/wp-json\/wp\/v2\/categories?post=86969"},{"taxonomy":"post_tag","embeddable":true,"href":"https:\/\/mont-roig.cat\/es\/wp-json\/wp\/v2\/tags?post=86969"}],"curies":[{"name":"wp","href":"https:\/\/api.w.org\/{rel}","templated":true}]}}