{"id":87050,"date":"2025-11-28T14:22:15","date_gmt":"2025-11-28T13:22:15","guid":{"rendered":"https:\/\/mont-roig.cat\/actualitat\/noticies\/obert-el-periode-dinscripcions-per-a-les-mostres-de-decoracio-nadalenca-i-pessebres-2025-de-mont-roig-del-camp\/"},"modified":"2025-11-28T14:42:50","modified_gmt":"2025-11-28T13:42:50","slug":"abierto-el-periodo-de-inscripciones-para-las-muestras-de-decoracion-navidena-y-belenes-2025-de-mont-roig-del-camp","status":"publish","type":"post","link":"https:\/\/mont-roig.cat\/es\/actualitat\/noticies\/abierto-el-periodo-de-inscripciones-para-las-muestras-de-decoracion-navidena-y-belenes-2025-de-mont-roig-del-camp\/","title":{"rendered":"Abierto el per\u00edodo de inscripciones para las muestras de decoraci\u00f3n navide\u00f1a y belenes 2025 de Mont-roig del Camp"},"content":{"rendered":"<p><strong><strong><a href=\"https:\/\/mont-roig.cat\/wp-content\/uploads\/Pessebres.jpeg\" target=\"_blank\" rel=\"noopener\"><img loading=\"lazy\" decoding=\"async\" class=\"alignright wp-image-87035\" src=\"https:\/\/mont-roig.cat\/wp-content\/uploads\/Pessebres-500x283.jpeg\" alt=\"\" width=\"295\" height=\"167\" srcset=\"https:\/\/mont-roig.cat\/wp-content\/uploads\/Pessebres-500x283.jpeg 500w, https:\/\/mont-roig.cat\/wp-content\/uploads\/Pessebres.jpeg 768w\" sizes=\"auto, (max-width: 295px) 100vw, 295px\" \/><\/a><\/strong><\/strong><\/p>\n<ul>\n<li data-start=\"236\" data-end=\"360\"><strong data-start=\"236\" data-end=\"358\">La ciudadan\u00eda ya puede inscribirse hasta el 5 de diciembre a trav\u00e9s de la sede electr\u00f3nica o las oficinas municipales.<\/strong><\/li>\n<\/ul>\n<p data-start=\"362\" data-end=\"718\">El Ayuntamiento de Mont-roig del Camp ha abierto el per\u00edodo de inscripciones para la Muestra de Decoraci\u00f3n Navide\u00f1a y la Muestra de Belenes 2025, dos iniciativas que tienen como objetivo llenar el municipio de luz, tradici\u00f3n y creatividad. Las inscripciones se pueden realizar hasta el 5 de diciembre de 2025 a trav\u00e9s de los siguientes enlaces:<\/p>\n<ul data-start=\"720\" data-end=\"998\">\n<li data-start=\"720\" data-end=\"852\">\n<p data-start=\"722\" data-end=\"852\"><strong data-start=\"722\" data-end=\"762\">Inscripci\u00f3n Muestra de Belenes 2025:<\/strong><br data-start=\"762\" data-end=\"765\" \/><a class=\"decorated-link\" href=\"https:\/\/mont-roig.eadministracio.cat\/catalog\/t\/29b6d023-f8b8-49d2-bd58-05dce3065c85\" target=\"_blank\" rel=\"noopener\" data-start=\"767\" data-end=\"850\">https:\/\/mont-roig.eadministracio.cat\/catalog\/t\/29b6d023-f8b8-49d2-bd58-05dce3065c85<\/a><\/p>\n<\/li>\n<li data-start=\"854\" data-end=\"998\">\n<p data-start=\"856\" data-end=\"998\"><strong data-start=\"856\" data-end=\"908\">Inscripci\u00f3n Muestra de Decoraci\u00f3n Navide\u00f1a 2025:<\/strong><br data-start=\"908\" data-end=\"911\" \/><a class=\"decorated-link\" href=\"https:\/\/mont-roig.eadministracio.cat\/?x=aJ9fNloHtyKHeESiOSMBbA\" target=\"_blank\" rel=\"noopener\" data-start=\"913\" data-end=\"996\">https:\/\/mont-roig.eadministracio.cat\/catalog\/t\/c3180bab-ac08-4bb8-9c45-49882ad86c81<\/a><\/p>\n<\/li>\n<\/ul>\n<p data-start=\"1000\" data-end=\"1126\">Tambi\u00e9n se pueden realizar las inscripciones en las Oficinas Municipales o enviando un correo a <em data-start=\"1100\" data-end=\"1123\"><a class=\"decorated-link cursor-pointer\" rel=\"noopener\" data-start=\"1101\" data-end=\"1122\">cultura@mont-roig.cat<\/a><\/em>.<\/p>\n<p data-start=\"1128\" data-end=\"1505\">Esta muestra invita a la ciudadan\u00eda a engalanar fachadas, balcones y ventanas para llenar las calles del esp\u00edritu propio de estas fechas. Las decoraciones deber\u00e1n ser visibles desde la v\u00eda p\u00fablica y permanecer\u00e1n expuestas del 8 de diciembre de 2025 al 6 de enero de 2026. El Ayuntamiento realizar\u00e1 la visita y valoraci\u00f3n de las propuestas a partir del 9 de diciembre.<\/p>\n<p data-start=\"1507\" data-end=\"1822\">Todas las personas participantes recibir\u00e1n un obsequio navide\u00f1o, y las decoraciones m\u00e1s destacadas recibir\u00e1n premios especiales como fines de semana en PortAventura o entradas al parque.<br data-start=\"1697\" data-end=\"1700\" \/>El acto de reconocimiento se celebrar\u00e1 el 30 de diciembre a las 18:00 h en el Centre Polivalent de Miami Platja.<\/p>\n<p data-start=\"1824\" data-end=\"2093\">La muestra de belenes mantiene viva una de las tradiciones m\u00e1s emblem\u00e1ticas de la Navidad. Incluye tres categor\u00edas: Infantil, Juvenil y Familiar. Los belenes deber\u00e1n estar expuestos en los domicilios y ser visitables por el jurado a partir del 9 de diciembre.<\/p>\n<p data-start=\"2095\" data-end=\"2319\">Los participantes recibir\u00e1n un detalle navide\u00f1o, y los belenes m\u00e1s destacados de cada categor\u00eda optar\u00e1n a premios como entradas a PortAventura, productos selectos, relojes inteligentes o entradas para espacios de ocio.<\/p>\n<p data-start=\"2321\" data-end=\"2440\">El acto de reconocimiento tendr\u00e1 lugar el 28 de diciembre a las 13:00 h en el Centre Cultural Esgl\u00e9sia Vella.<\/p>\n","protected":false},"excerpt":{"rendered":"<p>La ciudadan\u00eda ya puede inscribirse hasta el 5 de diciembre a trav\u00e9s de la sede electr\u00f3nica o las oficinas municipales. El Ayuntamiento de Mont-roig del Camp ha abierto el per\u00edodo de inscripciones para la Muestra de Decoraci\u00f3n Navide\u00f1a y la Muestra de Belenes 2025, dos iniciativas que tienen como objetivo llenar el municipio de luz, [&hellip;]<\/p>\n","protected":false},"author":13,"featured_media":87045,"comment_status":"closed","ping_status":"closed","sticky":false,"template":"","format":"standard","meta":{"inline_featured_image":false,"_monsterinsights_skip_tracking":false,"_monsterinsights_sitenote_active":false,"_monsterinsights_sitenote_note":"","_monsterinsights_sitenote_category":0,"footnotes":""},"categories":[98,105],"tags":[],"class_list":["post-87050","post","type-post","status-publish","format-standard","has-post-thumbnail","hentry","category-ayuntamiento","category-fiestas"],"yoast_head":"<!-- This site is optimized with the Yoast SEO plugin v27.4 - https:\/\/yoast.com\/product\/yoast-seo-wordpress\/ -->\n<title>Abierto el per\u00edodo de inscripciones para las muestras de decoraci\u00f3n navide\u00f1a y belenes 2025 de Mont-roig del Camp - Ajuntament de Mont-roig del Camp<\/title>\n<meta name=\"robots\" content=\"index, follow, max-snippet:-1, max-image-preview:large, max-video-preview:-1\" \/>\n<link rel=\"canonical\" href=\"https:\/\/mont-roig.cat\/es\/actualitat\/noticies\/abierto-el-periodo-de-inscripciones-para-las-muestras-de-decoracion-navidena-y-belenes-2025-de-mont-roig-del-camp\/\" \/>\n<meta property=\"og:locale\" content=\"es_ES\" \/>\n<meta property=\"og:type\" content=\"article\" \/>\n<meta property=\"og:title\" content=\"Abierto el per\u00edodo de inscripciones para las muestras de decoraci\u00f3n navide\u00f1a y belenes 2025 de Mont-roig del Camp - Ajuntament de Mont-roig del Camp\" \/>\n<meta property=\"og:description\" content=\"La ciudadan\u00eda ya puede inscribirse hasta el 5 de diciembre a trav\u00e9s de la sede electr\u00f3nica o las oficinas municipales. El Ayuntamiento de Mont-roig del Camp ha abierto el per\u00edodo de inscripciones para la Muestra de Decoraci\u00f3n Navide\u00f1a y la Muestra de Belenes 2025, dos iniciativas que tienen como objetivo llenar el municipio de luz, [&hellip;]\" \/>\n<meta property=\"og:url\" content=\"https:\/\/mont-roig.cat\/es\/actualitat\/noticies\/abierto-el-periodo-de-inscripciones-para-las-muestras-de-decoracion-navidena-y-belenes-2025-de-mont-roig-del-camp\/\" \/>\n<meta property=\"og:site_name\" content=\"Ajuntament de Mont-roig del Camp\" \/>\n<meta property=\"article:published_time\" content=\"2025-11-28T13:22:15+00:00\" \/>\n<meta property=\"article:modified_time\" content=\"2025-11-28T13:42:50+00:00\" \/>\n<meta property=\"og:image\" content=\"https:\/\/mont-roig.cat\/wp-content\/uploads\/Pessebres.jpeg\" \/>\n\t<meta property=\"og:image:width\" content=\"768\" \/>\n\t<meta property=\"og:image:height\" content=\"435\" \/>\n\t<meta property=\"og:image:type\" content=\"image\/jpeg\" \/>\n<meta name=\"author\" content=\"comunicacio\" \/>\n<meta name=\"twitter:card\" content=\"summary_large_image\" \/>\n<meta name=\"twitter:label1\" content=\"Escrito por\" \/>\n\t<meta name=\"twitter:data1\" content=\"comunicacio\" \/>\n\t<meta name=\"twitter:label2\" content=\"Tiempo de lectura\" \/>\n\t<meta name=\"twitter:data2\" content=\"3 minutos\" \/>\n<script type=\"application\/ld+json\" class=\"yoast-schema-graph\">{\"@context\":\"https:\\\/\\\/schema.org\",\"@graph\":[{\"@type\":\"Article\",\"@id\":\"https:\\\/\\\/mont-roig.cat\\\/es\\\/actualitat\\\/noticies\\\/abierto-el-periodo-de-inscripciones-para-las-muestras-de-decoracion-navidena-y-belenes-2025-de-mont-roig-del-camp\\\/#article\",\"isPartOf\":{\"@id\":\"https:\\\/\\\/mont-roig.cat\\\/es\\\/actualitat\\\/noticies\\\/abierto-el-periodo-de-inscripciones-para-las-muestras-de-decoracion-navidena-y-belenes-2025-de-mont-roig-del-camp\\\/\"},\"author\":{\"name\":\"comunicacio\",\"@id\":\"https:\\\/\\\/mont-roig.cat\\\/es\\\/#\\\/schema\\\/person\\\/1f73e7b5e6f9dd122e8a6f14f310ac5e\"},\"headline\":\"Abierto el per\u00edodo de inscripciones para las muestras de decoraci\u00f3n navide\u00f1a y belenes 2025 de Mont-roig del Camp\",\"datePublished\":\"2025-11-28T13:22:15+00:00\",\"dateModified\":\"2025-11-28T13:42:50+00:00\",\"mainEntityOfPage\":{\"@id\":\"https:\\\/\\\/mont-roig.cat\\\/es\\\/actualitat\\\/noticies\\\/abierto-el-periodo-de-inscripciones-para-las-muestras-de-decoracion-navidena-y-belenes-2025-de-mont-roig-del-camp\\\/\"},\"wordCount\":376,\"image\":{\"@id\":\"https:\\\/\\\/mont-roig.cat\\\/es\\\/actualitat\\\/noticies\\\/abierto-el-periodo-de-inscripciones-para-las-muestras-de-decoracion-navidena-y-belenes-2025-de-mont-roig-del-camp\\\/#primaryimage\"},\"thumbnailUrl\":\"https:\\\/\\\/mont-roig.cat\\\/wp-content\\\/uploads\\\/Pessebres.jpeg\",\"articleSection\":[\"Ayuntamiento\",\"Festes\"],\"inLanguage\":\"es\"},{\"@type\":\"WebPage\",\"@id\":\"https:\\\/\\\/mont-roig.cat\\\/es\\\/actualitat\\\/noticies\\\/abierto-el-periodo-de-inscripciones-para-las-muestras-de-decoracion-navidena-y-belenes-2025-de-mont-roig-del-camp\\\/\",\"url\":\"https:\\\/\\\/mont-roig.cat\\\/es\\\/actualitat\\\/noticies\\\/abierto-el-periodo-de-inscripciones-para-las-muestras-de-decoracion-navidena-y-belenes-2025-de-mont-roig-del-camp\\\/\",\"name\":\"Abierto el per\u00edodo de inscripciones para las muestras de decoraci\u00f3n navide\u00f1a y belenes 2025 de Mont-roig del Camp - Ajuntament de Mont-roig del Camp\",\"isPartOf\":{\"@id\":\"https:\\\/\\\/mont-roig.cat\\\/es\\\/#website\"},\"primaryImageOfPage\":{\"@id\":\"https:\\\/\\\/mont-roig.cat\\\/es\\\/actualitat\\\/noticies\\\/abierto-el-periodo-de-inscripciones-para-las-muestras-de-decoracion-navidena-y-belenes-2025-de-mont-roig-del-camp\\\/#primaryimage\"},\"image\":{\"@id\":\"https:\\\/\\\/mont-roig.cat\\\/es\\\/actualitat\\\/noticies\\\/abierto-el-periodo-de-inscripciones-para-las-muestras-de-decoracion-navidena-y-belenes-2025-de-mont-roig-del-camp\\\/#primaryimage\"},\"thumbnailUrl\":\"https:\\\/\\\/mont-roig.cat\\\/wp-content\\\/uploads\\\/Pessebres.jpeg\",\"datePublished\":\"2025-11-28T13:22:15+00:00\",\"dateModified\":\"2025-11-28T13:42:50+00:00\",\"author\":{\"@id\":\"https:\\\/\\\/mont-roig.cat\\\/es\\\/#\\\/schema\\\/person\\\/1f73e7b5e6f9dd122e8a6f14f310ac5e\"},\"breadcrumb\":{\"@id\":\"https:\\\/\\\/mont-roig.cat\\\/es\\\/actualitat\\\/noticies\\\/abierto-el-periodo-de-inscripciones-para-las-muestras-de-decoracion-navidena-y-belenes-2025-de-mont-roig-del-camp\\\/#breadcrumb\"},\"inLanguage\":\"es\",\"potentialAction\":[{\"@type\":\"ReadAction\",\"target\":[\"https:\\\/\\\/mont-roig.cat\\\/es\\\/actualitat\\\/noticies\\\/abierto-el-periodo-de-inscripciones-para-las-muestras-de-decoracion-navidena-y-belenes-2025-de-mont-roig-del-camp\\\/\"]}]},{\"@type\":\"ImageObject\",\"inLanguage\":\"es\",\"@id\":\"https:\\\/\\\/mont-roig.cat\\\/es\\\/actualitat\\\/noticies\\\/abierto-el-periodo-de-inscripciones-para-las-muestras-de-decoracion-navidena-y-belenes-2025-de-mont-roig-del-camp\\\/#primaryimage\",\"url\":\"https:\\\/\\\/mont-roig.cat\\\/wp-content\\\/uploads\\\/Pessebres.jpeg\",\"contentUrl\":\"https:\\\/\\\/mont-roig.cat\\\/wp-content\\\/uploads\\\/Pessebres.jpeg\",\"width\":768,\"height\":435},{\"@type\":\"BreadcrumbList\",\"@id\":\"https:\\\/\\\/mont-roig.cat\\\/es\\\/actualitat\\\/noticies\\\/abierto-el-periodo-de-inscripciones-para-las-muestras-de-decoracion-navidena-y-belenes-2025-de-mont-roig-del-camp\\\/#breadcrumb\",\"itemListElement\":[{\"@type\":\"ListItem\",\"position\":1,\"name\":\"Inici\",\"item\":\"https:\\\/\\\/mont-roig.cat\\\/es\\\/pagina-de-inicio\\\/\"},{\"@type\":\"ListItem\",\"position\":2,\"name\":\"Abierto el per\u00edodo de inscripciones para las muestras de decoraci\u00f3n navide\u00f1a y belenes 2025 de Mont-roig del Camp\"}]},{\"@type\":\"WebSite\",\"@id\":\"https:\\\/\\\/mont-roig.cat\\\/es\\\/#website\",\"url\":\"https:\\\/\\\/mont-roig.cat\\\/es\\\/\",\"name\":\"Ajuntament de Mont-roig del Camp\",\"description\":\"Tota la informaci\u00f3 sobre la instituci\u00f3, els seus \u00f2rgans de govern, actualitat, serveis i molt m\u00e9s.\",\"potentialAction\":[{\"@type\":\"SearchAction\",\"target\":{\"@type\":\"EntryPoint\",\"urlTemplate\":\"https:\\\/\\\/mont-roig.cat\\\/es\\\/?s={search_term_string}\"},\"query-input\":{\"@type\":\"PropertyValueSpecification\",\"valueRequired\":true,\"valueName\":\"search_term_string\"}}],\"inLanguage\":\"es\"},{\"@type\":\"Person\",\"@id\":\"https:\\\/\\\/mont-roig.cat\\\/es\\\/#\\\/schema\\\/person\\\/1f73e7b5e6f9dd122e8a6f14f310ac5e\",\"name\":\"comunicacio\",\"image\":{\"@type\":\"ImageObject\",\"inLanguage\":\"es\",\"@id\":\"https:\\\/\\\/secure.gravatar.com\\\/avatar\\\/98944333e7a877670a64f8d10f0cb680ab2c9ebc4efc43945ef004b52b5ad28c?s=96&d=mm&r=g\",\"url\":\"https:\\\/\\\/secure.gravatar.com\\\/avatar\\\/98944333e7a877670a64f8d10f0cb680ab2c9ebc4efc43945ef004b52b5ad28c?s=96&d=mm&r=g\",\"contentUrl\":\"https:\\\/\\\/secure.gravatar.com\\\/avatar\\\/98944333e7a877670a64f8d10f0cb680ab2c9ebc4efc43945ef004b52b5ad28c?s=96&d=mm&r=g\",\"caption\":\"comunicacio\"},\"url\":\"https:\\\/\\\/mont-roig.cat\\\/es\\\/actualitat\\\/noticies\\\/author\\\/comunicacio\\\/\"}]}<\/script>\n<!-- \/ Yoast SEO plugin. -->","yoast_head_json":{"title":"Abierto el per\u00edodo de inscripciones para las muestras de decoraci\u00f3n navide\u00f1a y belenes 2025 de Mont-roig del Camp - Ajuntament de Mont-roig del Camp","robots":{"index":"index","follow":"follow","max-snippet":"max-snippet:-1","max-image-preview":"max-image-preview:large","max-video-preview":"max-video-preview:-1"},"canonical":"https:\/\/mont-roig.cat\/es\/actualitat\/noticies\/abierto-el-periodo-de-inscripciones-para-las-muestras-de-decoracion-navidena-y-belenes-2025-de-mont-roig-del-camp\/","og_locale":"es_ES","og_type":"article","og_title":"Abierto el per\u00edodo de inscripciones para las muestras de decoraci\u00f3n navide\u00f1a y belenes 2025 de Mont-roig del Camp - Ajuntament de Mont-roig del Camp","og_description":"La ciudadan\u00eda ya puede inscribirse hasta el 5 de diciembre a trav\u00e9s de la sede electr\u00f3nica o las oficinas municipales. El Ayuntamiento de Mont-roig del Camp ha abierto el per\u00edodo de inscripciones para la Muestra de Decoraci\u00f3n Navide\u00f1a y la Muestra de Belenes 2025, dos iniciativas que tienen como objetivo llenar el municipio de luz, [&hellip;]","og_url":"https:\/\/mont-roig.cat\/es\/actualitat\/noticies\/abierto-el-periodo-de-inscripciones-para-las-muestras-de-decoracion-navidena-y-belenes-2025-de-mont-roig-del-camp\/","og_site_name":"Ajuntament de Mont-roig del Camp","article_published_time":"2025-11-28T13:22:15+00:00","article_modified_time":"2025-11-28T13:42:50+00:00","og_image":[{"width":768,"height":435,"url":"https:\/\/mont-roig.cat\/wp-content\/uploads\/Pessebres.jpeg","type":"image\/jpeg"}],"author":"comunicacio","twitter_card":"summary_large_image","twitter_misc":{"Escrito por":"comunicacio","Tiempo de lectura":"3 minutos"},"schema":{"@context":"https:\/\/schema.org","@graph":[{"@type":"Article","@id":"https:\/\/mont-roig.cat\/es\/actualitat\/noticies\/abierto-el-periodo-de-inscripciones-para-las-muestras-de-decoracion-navidena-y-belenes-2025-de-mont-roig-del-camp\/#article","isPartOf":{"@id":"https:\/\/mont-roig.cat\/es\/actualitat\/noticies\/abierto-el-periodo-de-inscripciones-para-las-muestras-de-decoracion-navidena-y-belenes-2025-de-mont-roig-del-camp\/"},"author":{"name":"comunicacio","@id":"https:\/\/mont-roig.cat\/es\/#\/schema\/person\/1f73e7b5e6f9dd122e8a6f14f310ac5e"},"headline":"Abierto el per\u00edodo de inscripciones para las muestras de decoraci\u00f3n navide\u00f1a y belenes 2025 de Mont-roig del Camp","datePublished":"2025-11-28T13:22:15+00:00","dateModified":"2025-11-28T13:42:50+00:00","mainEntityOfPage":{"@id":"https:\/\/mont-roig.cat\/es\/actualitat\/noticies\/abierto-el-periodo-de-inscripciones-para-las-muestras-de-decoracion-navidena-y-belenes-2025-de-mont-roig-del-camp\/"},"wordCount":376,"image":{"@id":"https:\/\/mont-roig.cat\/es\/actualitat\/noticies\/abierto-el-periodo-de-inscripciones-para-las-muestras-de-decoracion-navidena-y-belenes-2025-de-mont-roig-del-camp\/#primaryimage"},"thumbnailUrl":"https:\/\/mont-roig.cat\/wp-content\/uploads\/Pessebres.jpeg","articleSection":["Ayuntamiento","Festes"],"inLanguage":"es"},{"@type":"WebPage","@id":"https:\/\/mont-roig.cat\/es\/actualitat\/noticies\/abierto-el-periodo-de-inscripciones-para-las-muestras-de-decoracion-navidena-y-belenes-2025-de-mont-roig-del-camp\/","url":"https:\/\/mont-roig.cat\/es\/actualitat\/noticies\/abierto-el-periodo-de-inscripciones-para-las-muestras-de-decoracion-navidena-y-belenes-2025-de-mont-roig-del-camp\/","name":"Abierto el per\u00edodo de inscripciones para las muestras de decoraci\u00f3n navide\u00f1a y belenes 2025 de Mont-roig del Camp - Ajuntament de Mont-roig del Camp","isPartOf":{"@id":"https:\/\/mont-roig.cat\/es\/#website"},"primaryImageOfPage":{"@id":"https:\/\/mont-roig.cat\/es\/actualitat\/noticies\/abierto-el-periodo-de-inscripciones-para-las-muestras-de-decoracion-navidena-y-belenes-2025-de-mont-roig-del-camp\/#primaryimage"},"image":{"@id":"https:\/\/mont-roig.cat\/es\/actualitat\/noticies\/abierto-el-periodo-de-inscripciones-para-las-muestras-de-decoracion-navidena-y-belenes-2025-de-mont-roig-del-camp\/#primaryimage"},"thumbnailUrl":"https:\/\/mont-roig.cat\/wp-content\/uploads\/Pessebres.jpeg","datePublished":"2025-11-28T13:22:15+00:00","dateModified":"2025-11-28T13:42:50+00:00","author":{"@id":"https:\/\/mont-roig.cat\/es\/#\/schema\/person\/1f73e7b5e6f9dd122e8a6f14f310ac5e"},"breadcrumb":{"@id":"https:\/\/mont-roig.cat\/es\/actualitat\/noticies\/abierto-el-periodo-de-inscripciones-para-las-muestras-de-decoracion-navidena-y-belenes-2025-de-mont-roig-del-camp\/#breadcrumb"},"inLanguage":"es","potentialAction":[{"@type":"ReadAction","target":["https:\/\/mont-roig.cat\/es\/actualitat\/noticies\/abierto-el-periodo-de-inscripciones-para-las-muestras-de-decoracion-navidena-y-belenes-2025-de-mont-roig-del-camp\/"]}]},{"@type":"ImageObject","inLanguage":"es","@id":"https:\/\/mont-roig.cat\/es\/actualitat\/noticies\/abierto-el-periodo-de-inscripciones-para-las-muestras-de-decoracion-navidena-y-belenes-2025-de-mont-roig-del-camp\/#primaryimage","url":"https:\/\/mont-roig.cat\/wp-content\/uploads\/Pessebres.jpeg","contentUrl":"https:\/\/mont-roig.cat\/wp-content\/uploads\/Pessebres.jpeg","width":768,"height":435},{"@type":"BreadcrumbList","@id":"https:\/\/mont-roig.cat\/es\/actualitat\/noticies\/abierto-el-periodo-de-inscripciones-para-las-muestras-de-decoracion-navidena-y-belenes-2025-de-mont-roig-del-camp\/#breadcrumb","itemListElement":[{"@type":"ListItem","position":1,"name":"Inici","item":"https:\/\/mont-roig.cat\/es\/pagina-de-inicio\/"},{"@type":"ListItem","position":2,"name":"Abierto el per\u00edodo de inscripciones para las muestras de decoraci\u00f3n navide\u00f1a y belenes 2025 de Mont-roig del Camp"}]},{"@type":"WebSite","@id":"https:\/\/mont-roig.cat\/es\/#website","url":"https:\/\/mont-roig.cat\/es\/","name":"Ajuntament de Mont-roig del Camp","description":"Tota la informaci\u00f3 sobre la instituci\u00f3, els seus \u00f2rgans de govern, actualitat, serveis i molt m\u00e9s.","potentialAction":[{"@type":"SearchAction","target":{"@type":"EntryPoint","urlTemplate":"https:\/\/mont-roig.cat\/es\/?s={search_term_string}"},"query-input":{"@type":"PropertyValueSpecification","valueRequired":true,"valueName":"search_term_string"}}],"inLanguage":"es"},{"@type":"Person","@id":"https:\/\/mont-roig.cat\/es\/#\/schema\/person\/1f73e7b5e6f9dd122e8a6f14f310ac5e","name":"comunicacio","image":{"@type":"ImageObject","inLanguage":"es","@id":"https:\/\/secure.gravatar.com\/avatar\/98944333e7a877670a64f8d10f0cb680ab2c9ebc4efc43945ef004b52b5ad28c?s=96&d=mm&r=g","url":"https:\/\/secure.gravatar.com\/avatar\/98944333e7a877670a64f8d10f0cb680ab2c9ebc4efc43945ef004b52b5ad28c?s=96&d=mm&r=g","contentUrl":"https:\/\/secure.gravatar.com\/avatar\/98944333e7a877670a64f8d10f0cb680ab2c9ebc4efc43945ef004b52b5ad28c?s=96&d=mm&r=g","caption":"comunicacio"},"url":"https:\/\/mont-roig.cat\/es\/actualitat\/noticies\/author\/comunicacio\/"}]}},"_links":{"self":[{"href":"https:\/\/mont-roig.cat\/es\/wp-json\/wp\/v2\/posts\/87050","targetHints":{"allow":["GET"]}}],"collection":[{"href":"https:\/\/mont-roig.cat\/es\/wp-json\/wp\/v2\/posts"}],"about":[{"href":"https:\/\/mont-roig.cat\/es\/wp-json\/wp\/v2\/types\/post"}],"author":[{"embeddable":true,"href":"https:\/\/mont-roig.cat\/es\/wp-json\/wp\/v2\/users\/13"}],"replies":[{"embeddable":true,"href":"https:\/\/mont-roig.cat\/es\/wp-json\/wp\/v2\/comments?post=87050"}],"version-history":[{"count":4,"href":"https:\/\/mont-roig.cat\/es\/wp-json\/wp\/v2\/posts\/87050\/revisions"}],"predecessor-version":[{"id":87055,"href":"https:\/\/mont-roig.cat\/es\/wp-json\/wp\/v2\/posts\/87050\/revisions\/87055"}],"wp:featuredmedia":[{"embeddable":true,"href":"https:\/\/mont-roig.cat\/es\/wp-json\/wp\/v2\/media\/87045"}],"wp:attachment":[{"href":"https:\/\/mont-roig.cat\/es\/wp-json\/wp\/v2\/media?parent=87050"}],"wp:term":[{"taxonomy":"category","embeddable":true,"href":"https:\/\/mont-roig.cat\/es\/wp-json\/wp\/v2\/categories?post=87050"},{"taxonomy":"post_tag","embeddable":true,"href":"https:\/\/mont-roig.cat\/es\/wp-json\/wp\/v2\/tags?post=87050"}],"curies":[{"name":"wp","href":"https:\/\/api.w.org\/{rel}","templated":true}]}}