{"id":87187,"date":"2025-12-04T12:11:42","date_gmt":"2025-12-04T11:11:42","guid":{"rendered":"https:\/\/mont-roig.cat\/actualitat\/noticies\/a-lhivern-i-tot-lany-la-campanya-destaca-la-feina-invisible-de-la-brigada-denllumenat-en-la-seva-tercera-accio\/"},"modified":"2025-12-04T12:34:31","modified_gmt":"2025-12-04T11:34:31","slug":"a-lhivern-i-tot-lany-la-campana-destaca-el-trabajo-invisible-de-la-brigada-de-alumbrado-en-su-tercera-accion","status":"publish","type":"post","link":"https:\/\/mont-roig.cat\/es\/actualitat\/noticies\/a-lhivern-i-tot-lany-la-campana-destaca-el-trabajo-invisible-de-la-brigada-de-alumbrado-en-su-tercera-accion\/","title":{"rendered":"&#8216;A l\u2019hivern i tot l\u2019any!&#8217; la campa\u00f1a destaca el trabajo invisible de la brigada de alumbrado en su tercera acci\u00f3n"},"content":{"rendered":"<p><strong><strong><a href=\"https:\/\/mont-roig.cat\/wp-content\/uploads\/Nostreserveis_HIVERN_enllumenat_vf-scaled.jpg\" target=\"_blank\" rel=\"noopener\"><img loading=\"lazy\" decoding=\"async\" class=\"alignright wp-image-87180\" src=\"https:\/\/mont-roig.cat\/wp-content\/uploads\/Nostreserveis_HIVERN_enllumenat_vf-354x500.jpg\" alt=\"\" width=\"249\" height=\"352\" srcset=\"https:\/\/mont-roig.cat\/wp-content\/uploads\/Nostreserveis_HIVERN_enllumenat_vf-354x500.jpg 354w, https:\/\/mont-roig.cat\/wp-content\/uploads\/Nostreserveis_HIVERN_enllumenat_vf-724x1024.jpg 724w, https:\/\/mont-roig.cat\/wp-content\/uploads\/Nostreserveis_HIVERN_enllumenat_vf-768x1086.jpg 768w, https:\/\/mont-roig.cat\/wp-content\/uploads\/Nostreserveis_HIVERN_enllumenat_vf-1086x1536.jpg 1086w, https:\/\/mont-roig.cat\/wp-content\/uploads\/Nostreserveis_HIVERN_enllumenat_vf-scaled.jpg 1449w\" sizes=\"auto, (max-width: 249px) 100vw, 249px\" \/><\/a><\/strong><\/strong><\/p>\n<ul>\n<li data-start=\"316\" data-end=\"561\"><strong>El nuevo cartel y el nuevo <em data-start=\"343\" data-end=\"349\">reel<\/em> muestran el trabajo esencial de este servicio, responsable tanto de la instalaci\u00f3n de las luces de Navidad como de garantizar el alumbrado del municipio durante todo el a\u00f1o, tambi\u00e9n en situaciones de emergencia.<\/strong><\/li>\n<\/ul>\n<p data-start=\"563\" data-end=\"921\"><em data-start=\"563\" data-end=\"578\">Nostreserveis<\/em> contin\u00faa desplegando la campa\u00f1a \u201cA l\u2019hivern i tot l\u2019any!\u201d, destinada a dar visibilidad a la labor diaria de las brigadas y servicios municipales. En esta tercera acci\u00f3n, el foco se centra en la brigada de alumbrado, un equipo imprescindible que vela para que las calles del municipio est\u00e9n siempre iluminadas y en las mejores condiciones.<\/p>\n<p data-start=\"923\" data-end=\"1581\">La pieza audiovisual publicada muestra un trabajo que a menudo queda fuera de la mirada p\u00fablica. La brigada de alumbrado se encarga de las tareas preventivas de mantenimiento, as\u00ed como de las intervenciones de emergencia para resolver aver\u00edas con rapidez, muchas veces activadas cuando la mayor parte de la ciudadan\u00eda duerme. Tambi\u00e9n asumen los trabajos de mantenimiento y reparaci\u00f3n el\u00e9ctricos y de fontaner\u00eda en los edificios municipales. Pero destaca especialmente la preparaci\u00f3n e instalaci\u00f3n de la iluminaci\u00f3n navide\u00f1a, un proceso que empieza semanas antes del encendido oficial y que requiere precisi\u00f3n, coordinaci\u00f3n y un trabajo t\u00e9cnico especializado.<\/p>\n<p data-start=\"1583\" data-end=\"1851\">Con el eslogan \u201cA l\u2019hivern i tot l\u2019any!\u201d, <em data-start=\"1629\" data-end=\"1644\">Nostreserveis<\/em> quiere recordar que el trabajo de este equipo es constante, una dedicaci\u00f3n que garantiza la seguridad, la movilidad y el confort en el espacio p\u00fablico, sea cual sea la estaci\u00f3n del a\u00f1o o las circunstancias.<\/p>\n<p data-start=\"1853\" data-end=\"2222\">Esta nueva acci\u00f3n forma parte del proyecto comunicativo iniciado este oto\u00f1o para poner en valor los servicios p\u00fablicos municipales y acercar a la ciudadan\u00eda la labor que realizan los equipos de la Entidad. Durante los pr\u00f3ximos meses, la campa\u00f1a continuar\u00e1 destacando otras brigadas y servicios que contribuyen diariamente al funcionamiento y al bienestar del municipio.<\/p>\n<p data-start=\"1685\" data-end=\"2044\"><a href=\"https:\/\/mont-roig.cat\/wp-content\/uploads\/REEL_brigada-denllumenat.mov\" target=\"_blank\" rel=\"noopener\">Enlace reel de la bridaga de alumbrado.<\/a><\/p>\n","protected":false},"excerpt":{"rendered":"<p>El nuevo cartel y el nuevo reel muestran el trabajo esencial de este servicio, responsable tanto de la instalaci\u00f3n de las luces de Navidad como de garantizar el alumbrado del municipio durante todo el a\u00f1o, tambi\u00e9n en situaciones de emergencia. Nostreserveis contin\u00faa desplegando la campa\u00f1a \u201cA l\u2019hivern i tot l\u2019any!\u201d, destinada a dar visibilidad a [&hellip;]<\/p>\n","protected":false},"author":13,"featured_media":87185,"comment_status":"closed","ping_status":"closed","sticky":false,"template":"","format":"standard","meta":{"inline_featured_image":false,"_monsterinsights_skip_tracking":false,"_monsterinsights_sitenote_active":false,"_monsterinsights_sitenote_note":"","_monsterinsights_sitenote_category":0,"footnotes":""},"categories":[98,71,204],"tags":[],"class_list":["post-87187","post","type-post","status-publish","format-standard","has-post-thumbnail","hentry","category-ayuntamiento","category-general-es","category-nostreserveis-es"],"yoast_head":"<!-- This site is optimized with the Yoast SEO plugin v27.4 - https:\/\/yoast.com\/product\/yoast-seo-wordpress\/ -->\n<title>&#039;A l\u2019hivern i tot l\u2019any!&#039; la campa\u00f1a destaca el trabajo invisible de la brigada de alumbrado en su tercera acci\u00f3n - Ajuntament de Mont-roig del Camp<\/title>\n<meta name=\"robots\" content=\"index, follow, max-snippet:-1, max-image-preview:large, max-video-preview:-1\" \/>\n<link rel=\"canonical\" href=\"https:\/\/mont-roig.cat\/es\/actualitat\/noticies\/a-lhivern-i-tot-lany-la-campana-destaca-el-trabajo-invisible-de-la-brigada-de-alumbrado-en-su-tercera-accion\/\" \/>\n<meta property=\"og:locale\" content=\"es_ES\" \/>\n<meta property=\"og:type\" content=\"article\" \/>\n<meta property=\"og:title\" content=\"&#039;A l\u2019hivern i tot l\u2019any!&#039; la campa\u00f1a destaca el trabajo invisible de la brigada de alumbrado en su tercera acci\u00f3n - Ajuntament de Mont-roig del Camp\" \/>\n<meta property=\"og:description\" content=\"El nuevo cartel y el nuevo reel muestran el trabajo esencial de este servicio, responsable tanto de la instalaci\u00f3n de las luces de Navidad como de garantizar el alumbrado del municipio durante todo el a\u00f1o, tambi\u00e9n en situaciones de emergencia. Nostreserveis contin\u00faa desplegando la campa\u00f1a \u201cA l\u2019hivern i tot l\u2019any!\u201d, destinada a dar visibilidad a [&hellip;]\" \/>\n<meta property=\"og:url\" content=\"https:\/\/mont-roig.cat\/es\/actualitat\/noticies\/a-lhivern-i-tot-lany-la-campana-destaca-el-trabajo-invisible-de-la-brigada-de-alumbrado-en-su-tercera-accion\/\" \/>\n<meta property=\"og:site_name\" content=\"Ajuntament de Mont-roig del Camp\" \/>\n<meta property=\"article:published_time\" content=\"2025-12-04T11:11:42+00:00\" \/>\n<meta property=\"article:modified_time\" content=\"2025-12-04T11:34:31+00:00\" \/>\n<meta property=\"og:image\" content=\"https:\/\/mont-roig.cat\/wp-content\/uploads\/Nostreserveis_HIVERN_enllumenat_vf-scaled.jpg\" \/>\n\t<meta property=\"og:image:width\" content=\"1449\" \/>\n\t<meta property=\"og:image:height\" content=\"2048\" \/>\n\t<meta property=\"og:image:type\" content=\"image\/jpeg\" \/>\n<meta name=\"author\" content=\"comunicacio\" \/>\n<meta name=\"twitter:card\" content=\"summary_large_image\" \/>\n<meta name=\"twitter:label1\" content=\"Escrito por\" \/>\n\t<meta name=\"twitter:data1\" content=\"comunicacio\" \/>\n\t<meta name=\"twitter:label2\" content=\"Tiempo de lectura\" \/>\n\t<meta name=\"twitter:data2\" content=\"3 minutos\" \/>\n<script type=\"application\/ld+json\" class=\"yoast-schema-graph\">{\"@context\":\"https:\\\/\\\/schema.org\",\"@graph\":[{\"@type\":\"Article\",\"@id\":\"https:\\\/\\\/mont-roig.cat\\\/es\\\/actualitat\\\/noticies\\\/a-lhivern-i-tot-lany-la-campana-destaca-el-trabajo-invisible-de-la-brigada-de-alumbrado-en-su-tercera-accion\\\/#article\",\"isPartOf\":{\"@id\":\"https:\\\/\\\/mont-roig.cat\\\/es\\\/actualitat\\\/noticies\\\/a-lhivern-i-tot-lany-la-campana-destaca-el-trabajo-invisible-de-la-brigada-de-alumbrado-en-su-tercera-accion\\\/\"},\"author\":{\"name\":\"comunicacio\",\"@id\":\"https:\\\/\\\/mont-roig.cat\\\/es\\\/#\\\/schema\\\/person\\\/1f73e7b5e6f9dd122e8a6f14f310ac5e\"},\"headline\":\"&#8216;A l\u2019hivern i tot l\u2019any!&#8217; la campa\u00f1a destaca el trabajo invisible de la brigada de alumbrado en su tercera acci\u00f3n\",\"datePublished\":\"2025-12-04T11:11:42+00:00\",\"dateModified\":\"2025-12-04T11:34:31+00:00\",\"mainEntityOfPage\":{\"@id\":\"https:\\\/\\\/mont-roig.cat\\\/es\\\/actualitat\\\/noticies\\\/a-lhivern-i-tot-lany-la-campana-destaca-el-trabajo-invisible-de-la-brigada-de-alumbrado-en-su-tercera-accion\\\/\"},\"wordCount\":359,\"image\":{\"@id\":\"https:\\\/\\\/mont-roig.cat\\\/es\\\/actualitat\\\/noticies\\\/a-lhivern-i-tot-lany-la-campana-destaca-el-trabajo-invisible-de-la-brigada-de-alumbrado-en-su-tercera-accion\\\/#primaryimage\"},\"thumbnailUrl\":\"https:\\\/\\\/mont-roig.cat\\\/wp-content\\\/uploads\\\/Nostreserveis_HIVERN_enllumenat_vf-scaled.jpg\",\"articleSection\":[\"Ayuntamiento\",\"General\",\"Nostreserveis\"],\"inLanguage\":\"es\"},{\"@type\":\"WebPage\",\"@id\":\"https:\\\/\\\/mont-roig.cat\\\/es\\\/actualitat\\\/noticies\\\/a-lhivern-i-tot-lany-la-campana-destaca-el-trabajo-invisible-de-la-brigada-de-alumbrado-en-su-tercera-accion\\\/\",\"url\":\"https:\\\/\\\/mont-roig.cat\\\/es\\\/actualitat\\\/noticies\\\/a-lhivern-i-tot-lany-la-campana-destaca-el-trabajo-invisible-de-la-brigada-de-alumbrado-en-su-tercera-accion\\\/\",\"name\":\"'A l\u2019hivern i tot l\u2019any!' la campa\u00f1a destaca el trabajo invisible de la brigada de alumbrado en su tercera acci\u00f3n - Ajuntament de Mont-roig del Camp\",\"isPartOf\":{\"@id\":\"https:\\\/\\\/mont-roig.cat\\\/es\\\/#website\"},\"primaryImageOfPage\":{\"@id\":\"https:\\\/\\\/mont-roig.cat\\\/es\\\/actualitat\\\/noticies\\\/a-lhivern-i-tot-lany-la-campana-destaca-el-trabajo-invisible-de-la-brigada-de-alumbrado-en-su-tercera-accion\\\/#primaryimage\"},\"image\":{\"@id\":\"https:\\\/\\\/mont-roig.cat\\\/es\\\/actualitat\\\/noticies\\\/a-lhivern-i-tot-lany-la-campana-destaca-el-trabajo-invisible-de-la-brigada-de-alumbrado-en-su-tercera-accion\\\/#primaryimage\"},\"thumbnailUrl\":\"https:\\\/\\\/mont-roig.cat\\\/wp-content\\\/uploads\\\/Nostreserveis_HIVERN_enllumenat_vf-scaled.jpg\",\"datePublished\":\"2025-12-04T11:11:42+00:00\",\"dateModified\":\"2025-12-04T11:34:31+00:00\",\"author\":{\"@id\":\"https:\\\/\\\/mont-roig.cat\\\/es\\\/#\\\/schema\\\/person\\\/1f73e7b5e6f9dd122e8a6f14f310ac5e\"},\"breadcrumb\":{\"@id\":\"https:\\\/\\\/mont-roig.cat\\\/es\\\/actualitat\\\/noticies\\\/a-lhivern-i-tot-lany-la-campana-destaca-el-trabajo-invisible-de-la-brigada-de-alumbrado-en-su-tercera-accion\\\/#breadcrumb\"},\"inLanguage\":\"es\",\"potentialAction\":[{\"@type\":\"ReadAction\",\"target\":[\"https:\\\/\\\/mont-roig.cat\\\/es\\\/actualitat\\\/noticies\\\/a-lhivern-i-tot-lany-la-campana-destaca-el-trabajo-invisible-de-la-brigada-de-alumbrado-en-su-tercera-accion\\\/\"]}]},{\"@type\":\"ImageObject\",\"inLanguage\":\"es\",\"@id\":\"https:\\\/\\\/mont-roig.cat\\\/es\\\/actualitat\\\/noticies\\\/a-lhivern-i-tot-lany-la-campana-destaca-el-trabajo-invisible-de-la-brigada-de-alumbrado-en-su-tercera-accion\\\/#primaryimage\",\"url\":\"https:\\\/\\\/mont-roig.cat\\\/wp-content\\\/uploads\\\/Nostreserveis_HIVERN_enllumenat_vf-scaled.jpg\",\"contentUrl\":\"https:\\\/\\\/mont-roig.cat\\\/wp-content\\\/uploads\\\/Nostreserveis_HIVERN_enllumenat_vf-scaled.jpg\",\"width\":1449,\"height\":2048},{\"@type\":\"BreadcrumbList\",\"@id\":\"https:\\\/\\\/mont-roig.cat\\\/es\\\/actualitat\\\/noticies\\\/a-lhivern-i-tot-lany-la-campana-destaca-el-trabajo-invisible-de-la-brigada-de-alumbrado-en-su-tercera-accion\\\/#breadcrumb\",\"itemListElement\":[{\"@type\":\"ListItem\",\"position\":1,\"name\":\"Inici\",\"item\":\"https:\\\/\\\/mont-roig.cat\\\/es\\\/pagina-de-inicio\\\/\"},{\"@type\":\"ListItem\",\"position\":2,\"name\":\"&#8216;A l\u2019hivern i tot l\u2019any!&#8217; la campa\u00f1a destaca el trabajo invisible de la brigada de alumbrado en su tercera acci\u00f3n\"}]},{\"@type\":\"WebSite\",\"@id\":\"https:\\\/\\\/mont-roig.cat\\\/es\\\/#website\",\"url\":\"https:\\\/\\\/mont-roig.cat\\\/es\\\/\",\"name\":\"Ajuntament de Mont-roig del Camp\",\"description\":\"Tota la informaci\u00f3 sobre la instituci\u00f3, els seus \u00f2rgans de govern, actualitat, serveis i molt m\u00e9s.\",\"potentialAction\":[{\"@type\":\"SearchAction\",\"target\":{\"@type\":\"EntryPoint\",\"urlTemplate\":\"https:\\\/\\\/mont-roig.cat\\\/es\\\/?s={search_term_string}\"},\"query-input\":{\"@type\":\"PropertyValueSpecification\",\"valueRequired\":true,\"valueName\":\"search_term_string\"}}],\"inLanguage\":\"es\"},{\"@type\":\"Person\",\"@id\":\"https:\\\/\\\/mont-roig.cat\\\/es\\\/#\\\/schema\\\/person\\\/1f73e7b5e6f9dd122e8a6f14f310ac5e\",\"name\":\"comunicacio\",\"image\":{\"@type\":\"ImageObject\",\"inLanguage\":\"es\",\"@id\":\"https:\\\/\\\/secure.gravatar.com\\\/avatar\\\/98944333e7a877670a64f8d10f0cb680ab2c9ebc4efc43945ef004b52b5ad28c?s=96&d=mm&r=g\",\"url\":\"https:\\\/\\\/secure.gravatar.com\\\/avatar\\\/98944333e7a877670a64f8d10f0cb680ab2c9ebc4efc43945ef004b52b5ad28c?s=96&d=mm&r=g\",\"contentUrl\":\"https:\\\/\\\/secure.gravatar.com\\\/avatar\\\/98944333e7a877670a64f8d10f0cb680ab2c9ebc4efc43945ef004b52b5ad28c?s=96&d=mm&r=g\",\"caption\":\"comunicacio\"},\"url\":\"https:\\\/\\\/mont-roig.cat\\\/es\\\/actualitat\\\/noticies\\\/author\\\/comunicacio\\\/\"}]}<\/script>\n<!-- \/ Yoast SEO plugin. -->","yoast_head_json":{"title":"'A l\u2019hivern i tot l\u2019any!' la campa\u00f1a destaca el trabajo invisible de la brigada de alumbrado en su tercera acci\u00f3n - Ajuntament de Mont-roig del Camp","robots":{"index":"index","follow":"follow","max-snippet":"max-snippet:-1","max-image-preview":"max-image-preview:large","max-video-preview":"max-video-preview:-1"},"canonical":"https:\/\/mont-roig.cat\/es\/actualitat\/noticies\/a-lhivern-i-tot-lany-la-campana-destaca-el-trabajo-invisible-de-la-brigada-de-alumbrado-en-su-tercera-accion\/","og_locale":"es_ES","og_type":"article","og_title":"'A l\u2019hivern i tot l\u2019any!' la campa\u00f1a destaca el trabajo invisible de la brigada de alumbrado en su tercera acci\u00f3n - Ajuntament de Mont-roig del Camp","og_description":"El nuevo cartel y el nuevo reel muestran el trabajo esencial de este servicio, responsable tanto de la instalaci\u00f3n de las luces de Navidad como de garantizar el alumbrado del municipio durante todo el a\u00f1o, tambi\u00e9n en situaciones de emergencia. Nostreserveis contin\u00faa desplegando la campa\u00f1a \u201cA l\u2019hivern i tot l\u2019any!\u201d, destinada a dar visibilidad a [&hellip;]","og_url":"https:\/\/mont-roig.cat\/es\/actualitat\/noticies\/a-lhivern-i-tot-lany-la-campana-destaca-el-trabajo-invisible-de-la-brigada-de-alumbrado-en-su-tercera-accion\/","og_site_name":"Ajuntament de Mont-roig del Camp","article_published_time":"2025-12-04T11:11:42+00:00","article_modified_time":"2025-12-04T11:34:31+00:00","og_image":[{"width":1449,"height":2048,"url":"https:\/\/mont-roig.cat\/wp-content\/uploads\/Nostreserveis_HIVERN_enllumenat_vf-scaled.jpg","type":"image\/jpeg"}],"author":"comunicacio","twitter_card":"summary_large_image","twitter_misc":{"Escrito por":"comunicacio","Tiempo de lectura":"3 minutos"},"schema":{"@context":"https:\/\/schema.org","@graph":[{"@type":"Article","@id":"https:\/\/mont-roig.cat\/es\/actualitat\/noticies\/a-lhivern-i-tot-lany-la-campana-destaca-el-trabajo-invisible-de-la-brigada-de-alumbrado-en-su-tercera-accion\/#article","isPartOf":{"@id":"https:\/\/mont-roig.cat\/es\/actualitat\/noticies\/a-lhivern-i-tot-lany-la-campana-destaca-el-trabajo-invisible-de-la-brigada-de-alumbrado-en-su-tercera-accion\/"},"author":{"name":"comunicacio","@id":"https:\/\/mont-roig.cat\/es\/#\/schema\/person\/1f73e7b5e6f9dd122e8a6f14f310ac5e"},"headline":"&#8216;A l\u2019hivern i tot l\u2019any!&#8217; la campa\u00f1a destaca el trabajo invisible de la brigada de alumbrado en su tercera acci\u00f3n","datePublished":"2025-12-04T11:11:42+00:00","dateModified":"2025-12-04T11:34:31+00:00","mainEntityOfPage":{"@id":"https:\/\/mont-roig.cat\/es\/actualitat\/noticies\/a-lhivern-i-tot-lany-la-campana-destaca-el-trabajo-invisible-de-la-brigada-de-alumbrado-en-su-tercera-accion\/"},"wordCount":359,"image":{"@id":"https:\/\/mont-roig.cat\/es\/actualitat\/noticies\/a-lhivern-i-tot-lany-la-campana-destaca-el-trabajo-invisible-de-la-brigada-de-alumbrado-en-su-tercera-accion\/#primaryimage"},"thumbnailUrl":"https:\/\/mont-roig.cat\/wp-content\/uploads\/Nostreserveis_HIVERN_enllumenat_vf-scaled.jpg","articleSection":["Ayuntamiento","General","Nostreserveis"],"inLanguage":"es"},{"@type":"WebPage","@id":"https:\/\/mont-roig.cat\/es\/actualitat\/noticies\/a-lhivern-i-tot-lany-la-campana-destaca-el-trabajo-invisible-de-la-brigada-de-alumbrado-en-su-tercera-accion\/","url":"https:\/\/mont-roig.cat\/es\/actualitat\/noticies\/a-lhivern-i-tot-lany-la-campana-destaca-el-trabajo-invisible-de-la-brigada-de-alumbrado-en-su-tercera-accion\/","name":"'A l\u2019hivern i tot l\u2019any!' la campa\u00f1a destaca el trabajo invisible de la brigada de alumbrado en su tercera acci\u00f3n - Ajuntament de Mont-roig del Camp","isPartOf":{"@id":"https:\/\/mont-roig.cat\/es\/#website"},"primaryImageOfPage":{"@id":"https:\/\/mont-roig.cat\/es\/actualitat\/noticies\/a-lhivern-i-tot-lany-la-campana-destaca-el-trabajo-invisible-de-la-brigada-de-alumbrado-en-su-tercera-accion\/#primaryimage"},"image":{"@id":"https:\/\/mont-roig.cat\/es\/actualitat\/noticies\/a-lhivern-i-tot-lany-la-campana-destaca-el-trabajo-invisible-de-la-brigada-de-alumbrado-en-su-tercera-accion\/#primaryimage"},"thumbnailUrl":"https:\/\/mont-roig.cat\/wp-content\/uploads\/Nostreserveis_HIVERN_enllumenat_vf-scaled.jpg","datePublished":"2025-12-04T11:11:42+00:00","dateModified":"2025-12-04T11:34:31+00:00","author":{"@id":"https:\/\/mont-roig.cat\/es\/#\/schema\/person\/1f73e7b5e6f9dd122e8a6f14f310ac5e"},"breadcrumb":{"@id":"https:\/\/mont-roig.cat\/es\/actualitat\/noticies\/a-lhivern-i-tot-lany-la-campana-destaca-el-trabajo-invisible-de-la-brigada-de-alumbrado-en-su-tercera-accion\/#breadcrumb"},"inLanguage":"es","potentialAction":[{"@type":"ReadAction","target":["https:\/\/mont-roig.cat\/es\/actualitat\/noticies\/a-lhivern-i-tot-lany-la-campana-destaca-el-trabajo-invisible-de-la-brigada-de-alumbrado-en-su-tercera-accion\/"]}]},{"@type":"ImageObject","inLanguage":"es","@id":"https:\/\/mont-roig.cat\/es\/actualitat\/noticies\/a-lhivern-i-tot-lany-la-campana-destaca-el-trabajo-invisible-de-la-brigada-de-alumbrado-en-su-tercera-accion\/#primaryimage","url":"https:\/\/mont-roig.cat\/wp-content\/uploads\/Nostreserveis_HIVERN_enllumenat_vf-scaled.jpg","contentUrl":"https:\/\/mont-roig.cat\/wp-content\/uploads\/Nostreserveis_HIVERN_enllumenat_vf-scaled.jpg","width":1449,"height":2048},{"@type":"BreadcrumbList","@id":"https:\/\/mont-roig.cat\/es\/actualitat\/noticies\/a-lhivern-i-tot-lany-la-campana-destaca-el-trabajo-invisible-de-la-brigada-de-alumbrado-en-su-tercera-accion\/#breadcrumb","itemListElement":[{"@type":"ListItem","position":1,"name":"Inici","item":"https:\/\/mont-roig.cat\/es\/pagina-de-inicio\/"},{"@type":"ListItem","position":2,"name":"&#8216;A l\u2019hivern i tot l\u2019any!&#8217; la campa\u00f1a destaca el trabajo invisible de la brigada de alumbrado en su tercera acci\u00f3n"}]},{"@type":"WebSite","@id":"https:\/\/mont-roig.cat\/es\/#website","url":"https:\/\/mont-roig.cat\/es\/","name":"Ajuntament de Mont-roig del Camp","description":"Tota la informaci\u00f3 sobre la instituci\u00f3, els seus \u00f2rgans de govern, actualitat, serveis i molt m\u00e9s.","potentialAction":[{"@type":"SearchAction","target":{"@type":"EntryPoint","urlTemplate":"https:\/\/mont-roig.cat\/es\/?s={search_term_string}"},"query-input":{"@type":"PropertyValueSpecification","valueRequired":true,"valueName":"search_term_string"}}],"inLanguage":"es"},{"@type":"Person","@id":"https:\/\/mont-roig.cat\/es\/#\/schema\/person\/1f73e7b5e6f9dd122e8a6f14f310ac5e","name":"comunicacio","image":{"@type":"ImageObject","inLanguage":"es","@id":"https:\/\/secure.gravatar.com\/avatar\/98944333e7a877670a64f8d10f0cb680ab2c9ebc4efc43945ef004b52b5ad28c?s=96&d=mm&r=g","url":"https:\/\/secure.gravatar.com\/avatar\/98944333e7a877670a64f8d10f0cb680ab2c9ebc4efc43945ef004b52b5ad28c?s=96&d=mm&r=g","contentUrl":"https:\/\/secure.gravatar.com\/avatar\/98944333e7a877670a64f8d10f0cb680ab2c9ebc4efc43945ef004b52b5ad28c?s=96&d=mm&r=g","caption":"comunicacio"},"url":"https:\/\/mont-roig.cat\/es\/actualitat\/noticies\/author\/comunicacio\/"}]}},"_links":{"self":[{"href":"https:\/\/mont-roig.cat\/es\/wp-json\/wp\/v2\/posts\/87187","targetHints":{"allow":["GET"]}}],"collection":[{"href":"https:\/\/mont-roig.cat\/es\/wp-json\/wp\/v2\/posts"}],"about":[{"href":"https:\/\/mont-roig.cat\/es\/wp-json\/wp\/v2\/types\/post"}],"author":[{"embeddable":true,"href":"https:\/\/mont-roig.cat\/es\/wp-json\/wp\/v2\/users\/13"}],"replies":[{"embeddable":true,"href":"https:\/\/mont-roig.cat\/es\/wp-json\/wp\/v2\/comments?post=87187"}],"version-history":[{"count":2,"href":"https:\/\/mont-roig.cat\/es\/wp-json\/wp\/v2\/posts\/87187\/revisions"}],"predecessor-version":[{"id":87191,"href":"https:\/\/mont-roig.cat\/es\/wp-json\/wp\/v2\/posts\/87187\/revisions\/87191"}],"wp:featuredmedia":[{"embeddable":true,"href":"https:\/\/mont-roig.cat\/es\/wp-json\/wp\/v2\/media\/87185"}],"wp:attachment":[{"href":"https:\/\/mont-roig.cat\/es\/wp-json\/wp\/v2\/media?parent=87187"}],"wp:term":[{"taxonomy":"category","embeddable":true,"href":"https:\/\/mont-roig.cat\/es\/wp-json\/wp\/v2\/categories?post=87187"},{"taxonomy":"post_tag","embeddable":true,"href":"https:\/\/mont-roig.cat\/es\/wp-json\/wp\/v2\/tags?post=87187"}],"curies":[{"name":"wp","href":"https:\/\/api.w.org\/{rel}","templated":true}]}}