{"id":87210,"date":"2025-12-05T12:53:20","date_gmt":"2025-12-05T11:53:20","guid":{"rendered":"https:\/\/mont-roig.cat\/actualitat\/noticies\/lajuntament-organitza-una-sessio-informativa-sobre-els-fons-de-transicio-nuclear-per-impulsar-projectes-empresarials\/"},"modified":"2025-12-05T13:00:04","modified_gmt":"2025-12-05T12:00:04","slug":"el-ayuntamiento-organiza-una-sesion-informativa-sobre-los-fondos-de-transicion-nuclear-para-impulsar-proyectos-empresariales-organitza-una-sessio-informativa-sobre-els-fons-de-transicio-nuclear-per-im","status":"publish","type":"post","link":"https:\/\/mont-roig.cat\/es\/actualitat\/noticies\/el-ayuntamiento-organiza-una-sesion-informativa-sobre-los-fondos-de-transicion-nuclear-para-impulsar-proyectos-empresariales-organitza-una-sessio-informativa-sobre-els-fons-de-transicio-nuclear-per-im\/","title":{"rendered":"El Ayuntamiento organiza una sesi\u00f3n informativa sobre los Fondos de Transici\u00f3n Nuclear para impulsar proyectos empresariales"},"content":{"rendered":"<p><strong><strong><a href=\"https:\/\/mont-roig.cat\/wp-content\/uploads\/MMC_xerrada_FTN_web1-scaled.jpg\" target=\"_blank\" rel=\"noopener\"><img loading=\"lazy\" decoding=\"async\" class=\"alignright wp-image-87205\" src=\"https:\/\/mont-roig.cat\/wp-content\/uploads\/MMC_xerrada_FTN_web1-353x500.jpg\" alt=\"\" width=\"257\" height=\"364\" srcset=\"https:\/\/mont-roig.cat\/wp-content\/uploads\/MMC_xerrada_FTN_web1-353x500.jpg 353w, https:\/\/mont-roig.cat\/wp-content\/uploads\/MMC_xerrada_FTN_web1-724x1024.jpg 724w, https:\/\/mont-roig.cat\/wp-content\/uploads\/MMC_xerrada_FTN_web1-768x1086.jpg 768w, https:\/\/mont-roig.cat\/wp-content\/uploads\/MMC_xerrada_FTN_web1-1086x1536.jpg 1086w, https:\/\/mont-roig.cat\/wp-content\/uploads\/MMC_xerrada_FTN_web1-scaled.jpg 1448w\" sizes=\"auto, (max-width: 257px) 100vw, 257px\" \/><\/a><\/strong><\/strong><\/p>\n<ul>\n<li data-start=\"347\" data-end=\"603\"><strong>El Ecoespai de Miami Platja acoger\u00e1 el martes 16 de diciembre, a las 19 h, una sesi\u00f3n con representantes de ACCI\u00d3 y de Empresa i Treball de la Generalitat para explicar las oportunidades de financiaci\u00f3n derivadas del cierre nuclear.<\/strong><\/li>\n<\/ul>\n<p data-start=\"605\" data-end=\"868\">El Ayuntamiento de Mont-roig del Camp organiza una charla informativa para dar a conocer las oportunidades que ofrecen los Fondos de Transici\u00f3n Nuclear, destinados a impulsar proyectos de inversi\u00f3n y diversificaci\u00f3n econ\u00f3mica en los municipios del territorio.<\/p>\n<p data-start=\"870\" data-end=\"1178\">La sesi\u00f3n tendr\u00e1 lugar en el Ecoespai de Miami Platja (Pla\u00e7a Girona, s\/n) el martes 16 de diciembre, a las 19 h. Este equipamiento municipal se convertir\u00e1 en un punto de encuentro para empresas, emprendedores y personas interesadas en desarrollar iniciativas vinculadas a este programa de ayudas.<\/p>\n<p data-start=\"1180\" data-end=\"1703\">El acto contar\u00e1 con la participaci\u00f3n de la regidora de Impuls Econ\u00f2mic i Ocupaci\u00f3 del Ayuntamiento de Mont-roig del Camp, Yolanda P\u00e9rez; Mar Gin\u00e9, directora dels Serveis Territorials d\u2019Empresa i Treball de la Generalitat; y M\u00f2nica Boquera, directora de ACCI\u00d3 a Tarragona, quienes expondr\u00e1n los requisitos, los criterios y el procedimiento para acceder a estos fondos, as\u00ed como los tipos de proyectos que pueden beneficiarse de ellos. La clausura del acto correr\u00e1 a cargo del alcalde de Mont-roig del Camp, Fran Morancho.<\/p>\n<p data-start=\"1705\" data-end=\"1948\">Esta iniciativa se enmarca en el compromiso del Ayuntamiento de Mont-roig del Camp de facilitar el acceso a nuevas oportunidades de financiaci\u00f3n y reforzar el tejido empresarial del municipio en un momento de transici\u00f3n energ\u00e9tica y econ\u00f3mica.<\/p>\n","protected":false},"excerpt":{"rendered":"<p>El Ecoespai de Miami Platja acoger\u00e1 el martes 16 de diciembre, a las 19 h, una sesi\u00f3n con representantes de ACCI\u00d3 y de Empresa i Treball de la Generalitat para explicar las oportunidades de financiaci\u00f3n derivadas del cierre nuclear. El Ayuntamiento de Mont-roig del Camp organiza una charla informativa para dar a conocer las oportunidades [&hellip;]<\/p>\n","protected":false},"author":13,"featured_media":87208,"comment_status":"closed","ping_status":"closed","sticky":false,"template":"","format":"standard","meta":{"inline_featured_image":false,"_monsterinsights_skip_tracking":false,"_monsterinsights_sitenote_active":false,"_monsterinsights_sitenote_note":"","_monsterinsights_sitenote_category":0,"footnotes":""},"categories":[98,169],"tags":[],"class_list":["post-87210","post","type-post","status-publish","format-standard","has-post-thumbnail","hentry","category-ayuntamiento","category-impuls-economic-i-ocupacio-es"],"yoast_head":"<!-- This site is optimized with the Yoast SEO plugin v27.4 - https:\/\/yoast.com\/product\/yoast-seo-wordpress\/ -->\n<title>El Ayuntamiento organiza una sesi\u00f3n informativa sobre los Fondos de Transici\u00f3n Nuclear para impulsar proyectos empresariales - Ajuntament de Mont-roig del Camp<\/title>\n<meta name=\"robots\" content=\"index, follow, max-snippet:-1, max-image-preview:large, max-video-preview:-1\" \/>\n<link rel=\"canonical\" href=\"https:\/\/mont-roig.cat\/es\/actualitat\/noticies\/el-ayuntamiento-organiza-una-sesion-informativa-sobre-los-fondos-de-transicion-nuclear-para-impulsar-proyectos-empresariales-organitza-una-sessio-informativa-sobre-els-fons-de-transicio-nuclear-per-im\/\" \/>\n<meta property=\"og:locale\" content=\"es_ES\" \/>\n<meta property=\"og:type\" content=\"article\" \/>\n<meta property=\"og:title\" content=\"El Ayuntamiento organiza una sesi\u00f3n informativa sobre los Fondos de Transici\u00f3n Nuclear para impulsar proyectos empresariales - Ajuntament de Mont-roig del Camp\" \/>\n<meta property=\"og:description\" content=\"El Ecoespai de Miami Platja acoger\u00e1 el martes 16 de diciembre, a las 19 h, una sesi\u00f3n con representantes de ACCI\u00d3 y de Empresa i Treball de la Generalitat para explicar las oportunidades de financiaci\u00f3n derivadas del cierre nuclear. El Ayuntamiento de Mont-roig del Camp organiza una charla informativa para dar a conocer las oportunidades [&hellip;]\" \/>\n<meta property=\"og:url\" content=\"https:\/\/mont-roig.cat\/es\/actualitat\/noticies\/el-ayuntamiento-organiza-una-sesion-informativa-sobre-los-fondos-de-transicion-nuclear-para-impulsar-proyectos-empresariales-organitza-una-sessio-informativa-sobre-els-fons-de-transicio-nuclear-per-im\/\" \/>\n<meta property=\"og:site_name\" content=\"Ajuntament de Mont-roig del Camp\" \/>\n<meta property=\"article:published_time\" content=\"2025-12-05T11:53:20+00:00\" \/>\n<meta property=\"article:modified_time\" content=\"2025-12-05T12:00:04+00:00\" \/>\n<meta property=\"og:image\" content=\"https:\/\/mont-roig.cat\/wp-content\/uploads\/MMC_xerrada_FTN_META.png\" \/>\n\t<meta property=\"og:image:width\" content=\"1200\" \/>\n\t<meta property=\"og:image:height\" content=\"630\" \/>\n\t<meta property=\"og:image:type\" content=\"image\/png\" \/>\n<meta name=\"author\" content=\"comunicacio\" \/>\n<meta name=\"twitter:card\" content=\"summary_large_image\" \/>\n<meta name=\"twitter:label1\" content=\"Escrito por\" \/>\n\t<meta name=\"twitter:data1\" content=\"comunicacio\" \/>\n\t<meta name=\"twitter:label2\" content=\"Tiempo de lectura\" \/>\n\t<meta name=\"twitter:data2\" content=\"2 minutos\" \/>\n<script type=\"application\/ld+json\" class=\"yoast-schema-graph\">{\"@context\":\"https:\\\/\\\/schema.org\",\"@graph\":[{\"@type\":\"Article\",\"@id\":\"https:\\\/\\\/mont-roig.cat\\\/es\\\/actualitat\\\/noticies\\\/el-ayuntamiento-organiza-una-sesion-informativa-sobre-los-fondos-de-transicion-nuclear-para-impulsar-proyectos-empresariales-organitza-una-sessio-informativa-sobre-els-fons-de-transicio-nuclear-per-im\\\/#article\",\"isPartOf\":{\"@id\":\"https:\\\/\\\/mont-roig.cat\\\/es\\\/actualitat\\\/noticies\\\/el-ayuntamiento-organiza-una-sesion-informativa-sobre-los-fondos-de-transicion-nuclear-para-impulsar-proyectos-empresariales-organitza-una-sessio-informativa-sobre-els-fons-de-transicio-nuclear-per-im\\\/\"},\"author\":{\"name\":\"comunicacio\",\"@id\":\"https:\\\/\\\/mont-roig.cat\\\/es\\\/#\\\/schema\\\/person\\\/1f73e7b5e6f9dd122e8a6f14f310ac5e\"},\"headline\":\"El Ayuntamiento organiza una sesi\u00f3n informativa sobre los Fondos de Transici\u00f3n Nuclear para impulsar proyectos empresariales\",\"datePublished\":\"2025-12-05T11:53:20+00:00\",\"dateModified\":\"2025-12-05T12:00:04+00:00\",\"mainEntityOfPage\":{\"@id\":\"https:\\\/\\\/mont-roig.cat\\\/es\\\/actualitat\\\/noticies\\\/el-ayuntamiento-organiza-una-sesion-informativa-sobre-los-fondos-de-transicion-nuclear-para-impulsar-proyectos-empresariales-organitza-una-sessio-informativa-sobre-els-fons-de-transicio-nuclear-per-im\\\/\"},\"wordCount\":275,\"image\":{\"@id\":\"https:\\\/\\\/mont-roig.cat\\\/es\\\/actualitat\\\/noticies\\\/el-ayuntamiento-organiza-una-sesion-informativa-sobre-los-fondos-de-transicion-nuclear-para-impulsar-proyectos-empresariales-organitza-una-sessio-informativa-sobre-els-fons-de-transicio-nuclear-per-im\\\/#primaryimage\"},\"thumbnailUrl\":\"https:\\\/\\\/mont-roig.cat\\\/wp-content\\\/uploads\\\/MMC_xerrada_FTN_META.png\",\"articleSection\":[\"Ayuntamiento\",\"Impuls Econ\u00f2mic i Ocupaci\u00f3\"],\"inLanguage\":\"es\"},{\"@type\":\"WebPage\",\"@id\":\"https:\\\/\\\/mont-roig.cat\\\/es\\\/actualitat\\\/noticies\\\/el-ayuntamiento-organiza-una-sesion-informativa-sobre-los-fondos-de-transicion-nuclear-para-impulsar-proyectos-empresariales-organitza-una-sessio-informativa-sobre-els-fons-de-transicio-nuclear-per-im\\\/\",\"url\":\"https:\\\/\\\/mont-roig.cat\\\/es\\\/actualitat\\\/noticies\\\/el-ayuntamiento-organiza-una-sesion-informativa-sobre-los-fondos-de-transicion-nuclear-para-impulsar-proyectos-empresariales-organitza-una-sessio-informativa-sobre-els-fons-de-transicio-nuclear-per-im\\\/\",\"name\":\"El Ayuntamiento organiza una sesi\u00f3n informativa sobre los Fondos de Transici\u00f3n Nuclear para impulsar proyectos empresariales - Ajuntament de Mont-roig del Camp\",\"isPartOf\":{\"@id\":\"https:\\\/\\\/mont-roig.cat\\\/es\\\/#website\"},\"primaryImageOfPage\":{\"@id\":\"https:\\\/\\\/mont-roig.cat\\\/es\\\/actualitat\\\/noticies\\\/el-ayuntamiento-organiza-una-sesion-informativa-sobre-los-fondos-de-transicion-nuclear-para-impulsar-proyectos-empresariales-organitza-una-sessio-informativa-sobre-els-fons-de-transicio-nuclear-per-im\\\/#primaryimage\"},\"image\":{\"@id\":\"https:\\\/\\\/mont-roig.cat\\\/es\\\/actualitat\\\/noticies\\\/el-ayuntamiento-organiza-una-sesion-informativa-sobre-los-fondos-de-transicion-nuclear-para-impulsar-proyectos-empresariales-organitza-una-sessio-informativa-sobre-els-fons-de-transicio-nuclear-per-im\\\/#primaryimage\"},\"thumbnailUrl\":\"https:\\\/\\\/mont-roig.cat\\\/wp-content\\\/uploads\\\/MMC_xerrada_FTN_META.png\",\"datePublished\":\"2025-12-05T11:53:20+00:00\",\"dateModified\":\"2025-12-05T12:00:04+00:00\",\"author\":{\"@id\":\"https:\\\/\\\/mont-roig.cat\\\/es\\\/#\\\/schema\\\/person\\\/1f73e7b5e6f9dd122e8a6f14f310ac5e\"},\"breadcrumb\":{\"@id\":\"https:\\\/\\\/mont-roig.cat\\\/es\\\/actualitat\\\/noticies\\\/el-ayuntamiento-organiza-una-sesion-informativa-sobre-los-fondos-de-transicion-nuclear-para-impulsar-proyectos-empresariales-organitza-una-sessio-informativa-sobre-els-fons-de-transicio-nuclear-per-im\\\/#breadcrumb\"},\"inLanguage\":\"es\",\"potentialAction\":[{\"@type\":\"ReadAction\",\"target\":[\"https:\\\/\\\/mont-roig.cat\\\/es\\\/actualitat\\\/noticies\\\/el-ayuntamiento-organiza-una-sesion-informativa-sobre-los-fondos-de-transicion-nuclear-para-impulsar-proyectos-empresariales-organitza-una-sessio-informativa-sobre-els-fons-de-transicio-nuclear-per-im\\\/\"]}]},{\"@type\":\"ImageObject\",\"inLanguage\":\"es\",\"@id\":\"https:\\\/\\\/mont-roig.cat\\\/es\\\/actualitat\\\/noticies\\\/el-ayuntamiento-organiza-una-sesion-informativa-sobre-los-fondos-de-transicion-nuclear-para-impulsar-proyectos-empresariales-organitza-una-sessio-informativa-sobre-els-fons-de-transicio-nuclear-per-im\\\/#primaryimage\",\"url\":\"https:\\\/\\\/mont-roig.cat\\\/wp-content\\\/uploads\\\/MMC_xerrada_FTN_META.png\",\"contentUrl\":\"https:\\\/\\\/mont-roig.cat\\\/wp-content\\\/uploads\\\/MMC_xerrada_FTN_META.png\",\"width\":1200,\"height\":630},{\"@type\":\"BreadcrumbList\",\"@id\":\"https:\\\/\\\/mont-roig.cat\\\/es\\\/actualitat\\\/noticies\\\/el-ayuntamiento-organiza-una-sesion-informativa-sobre-los-fondos-de-transicion-nuclear-para-impulsar-proyectos-empresariales-organitza-una-sessio-informativa-sobre-els-fons-de-transicio-nuclear-per-im\\\/#breadcrumb\",\"itemListElement\":[{\"@type\":\"ListItem\",\"position\":1,\"name\":\"Inici\",\"item\":\"https:\\\/\\\/mont-roig.cat\\\/es\\\/pagina-de-inicio\\\/\"},{\"@type\":\"ListItem\",\"position\":2,\"name\":\"El Ayuntamiento organiza una sesi\u00f3n informativa sobre los Fondos de Transici\u00f3n Nuclear para impulsar proyectos empresariales\"}]},{\"@type\":\"WebSite\",\"@id\":\"https:\\\/\\\/mont-roig.cat\\\/es\\\/#website\",\"url\":\"https:\\\/\\\/mont-roig.cat\\\/es\\\/\",\"name\":\"Ajuntament de Mont-roig del Camp\",\"description\":\"Tota la informaci\u00f3 sobre la instituci\u00f3, els seus \u00f2rgans de govern, actualitat, serveis i molt m\u00e9s.\",\"potentialAction\":[{\"@type\":\"SearchAction\",\"target\":{\"@type\":\"EntryPoint\",\"urlTemplate\":\"https:\\\/\\\/mont-roig.cat\\\/es\\\/?s={search_term_string}\"},\"query-input\":{\"@type\":\"PropertyValueSpecification\",\"valueRequired\":true,\"valueName\":\"search_term_string\"}}],\"inLanguage\":\"es\"},{\"@type\":\"Person\",\"@id\":\"https:\\\/\\\/mont-roig.cat\\\/es\\\/#\\\/schema\\\/person\\\/1f73e7b5e6f9dd122e8a6f14f310ac5e\",\"name\":\"comunicacio\",\"image\":{\"@type\":\"ImageObject\",\"inLanguage\":\"es\",\"@id\":\"https:\\\/\\\/secure.gravatar.com\\\/avatar\\\/98944333e7a877670a64f8d10f0cb680ab2c9ebc4efc43945ef004b52b5ad28c?s=96&d=mm&r=g\",\"url\":\"https:\\\/\\\/secure.gravatar.com\\\/avatar\\\/98944333e7a877670a64f8d10f0cb680ab2c9ebc4efc43945ef004b52b5ad28c?s=96&d=mm&r=g\",\"contentUrl\":\"https:\\\/\\\/secure.gravatar.com\\\/avatar\\\/98944333e7a877670a64f8d10f0cb680ab2c9ebc4efc43945ef004b52b5ad28c?s=96&d=mm&r=g\",\"caption\":\"comunicacio\"},\"url\":\"https:\\\/\\\/mont-roig.cat\\\/es\\\/actualitat\\\/noticies\\\/author\\\/comunicacio\\\/\"}]}<\/script>\n<!-- \/ Yoast SEO plugin. -->","yoast_head_json":{"title":"El Ayuntamiento organiza una sesi\u00f3n informativa sobre los Fondos de Transici\u00f3n Nuclear para impulsar proyectos empresariales - Ajuntament de Mont-roig del Camp","robots":{"index":"index","follow":"follow","max-snippet":"max-snippet:-1","max-image-preview":"max-image-preview:large","max-video-preview":"max-video-preview:-1"},"canonical":"https:\/\/mont-roig.cat\/es\/actualitat\/noticies\/el-ayuntamiento-organiza-una-sesion-informativa-sobre-los-fondos-de-transicion-nuclear-para-impulsar-proyectos-empresariales-organitza-una-sessio-informativa-sobre-els-fons-de-transicio-nuclear-per-im\/","og_locale":"es_ES","og_type":"article","og_title":"El Ayuntamiento organiza una sesi\u00f3n informativa sobre los Fondos de Transici\u00f3n Nuclear para impulsar proyectos empresariales - Ajuntament de Mont-roig del Camp","og_description":"El Ecoespai de Miami Platja acoger\u00e1 el martes 16 de diciembre, a las 19 h, una sesi\u00f3n con representantes de ACCI\u00d3 y de Empresa i Treball de la Generalitat para explicar las oportunidades de financiaci\u00f3n derivadas del cierre nuclear. El Ayuntamiento de Mont-roig del Camp organiza una charla informativa para dar a conocer las oportunidades [&hellip;]","og_url":"https:\/\/mont-roig.cat\/es\/actualitat\/noticies\/el-ayuntamiento-organiza-una-sesion-informativa-sobre-los-fondos-de-transicion-nuclear-para-impulsar-proyectos-empresariales-organitza-una-sessio-informativa-sobre-els-fons-de-transicio-nuclear-per-im\/","og_site_name":"Ajuntament de Mont-roig del Camp","article_published_time":"2025-12-05T11:53:20+00:00","article_modified_time":"2025-12-05T12:00:04+00:00","og_image":[{"width":1200,"height":630,"url":"https:\/\/mont-roig.cat\/wp-content\/uploads\/MMC_xerrada_FTN_META.png","type":"image\/png"}],"author":"comunicacio","twitter_card":"summary_large_image","twitter_misc":{"Escrito por":"comunicacio","Tiempo de lectura":"2 minutos"},"schema":{"@context":"https:\/\/schema.org","@graph":[{"@type":"Article","@id":"https:\/\/mont-roig.cat\/es\/actualitat\/noticies\/el-ayuntamiento-organiza-una-sesion-informativa-sobre-los-fondos-de-transicion-nuclear-para-impulsar-proyectos-empresariales-organitza-una-sessio-informativa-sobre-els-fons-de-transicio-nuclear-per-im\/#article","isPartOf":{"@id":"https:\/\/mont-roig.cat\/es\/actualitat\/noticies\/el-ayuntamiento-organiza-una-sesion-informativa-sobre-los-fondos-de-transicion-nuclear-para-impulsar-proyectos-empresariales-organitza-una-sessio-informativa-sobre-els-fons-de-transicio-nuclear-per-im\/"},"author":{"name":"comunicacio","@id":"https:\/\/mont-roig.cat\/es\/#\/schema\/person\/1f73e7b5e6f9dd122e8a6f14f310ac5e"},"headline":"El Ayuntamiento organiza una sesi\u00f3n informativa sobre los Fondos de Transici\u00f3n Nuclear para impulsar proyectos empresariales","datePublished":"2025-12-05T11:53:20+00:00","dateModified":"2025-12-05T12:00:04+00:00","mainEntityOfPage":{"@id":"https:\/\/mont-roig.cat\/es\/actualitat\/noticies\/el-ayuntamiento-organiza-una-sesion-informativa-sobre-los-fondos-de-transicion-nuclear-para-impulsar-proyectos-empresariales-organitza-una-sessio-informativa-sobre-els-fons-de-transicio-nuclear-per-im\/"},"wordCount":275,"image":{"@id":"https:\/\/mont-roig.cat\/es\/actualitat\/noticies\/el-ayuntamiento-organiza-una-sesion-informativa-sobre-los-fondos-de-transicion-nuclear-para-impulsar-proyectos-empresariales-organitza-una-sessio-informativa-sobre-els-fons-de-transicio-nuclear-per-im\/#primaryimage"},"thumbnailUrl":"https:\/\/mont-roig.cat\/wp-content\/uploads\/MMC_xerrada_FTN_META.png","articleSection":["Ayuntamiento","Impuls Econ\u00f2mic i Ocupaci\u00f3"],"inLanguage":"es"},{"@type":"WebPage","@id":"https:\/\/mont-roig.cat\/es\/actualitat\/noticies\/el-ayuntamiento-organiza-una-sesion-informativa-sobre-los-fondos-de-transicion-nuclear-para-impulsar-proyectos-empresariales-organitza-una-sessio-informativa-sobre-els-fons-de-transicio-nuclear-per-im\/","url":"https:\/\/mont-roig.cat\/es\/actualitat\/noticies\/el-ayuntamiento-organiza-una-sesion-informativa-sobre-los-fondos-de-transicion-nuclear-para-impulsar-proyectos-empresariales-organitza-una-sessio-informativa-sobre-els-fons-de-transicio-nuclear-per-im\/","name":"El Ayuntamiento organiza una sesi\u00f3n informativa sobre los Fondos de Transici\u00f3n Nuclear para impulsar proyectos empresariales - Ajuntament de Mont-roig del Camp","isPartOf":{"@id":"https:\/\/mont-roig.cat\/es\/#website"},"primaryImageOfPage":{"@id":"https:\/\/mont-roig.cat\/es\/actualitat\/noticies\/el-ayuntamiento-organiza-una-sesion-informativa-sobre-los-fondos-de-transicion-nuclear-para-impulsar-proyectos-empresariales-organitza-una-sessio-informativa-sobre-els-fons-de-transicio-nuclear-per-im\/#primaryimage"},"image":{"@id":"https:\/\/mont-roig.cat\/es\/actualitat\/noticies\/el-ayuntamiento-organiza-una-sesion-informativa-sobre-los-fondos-de-transicion-nuclear-para-impulsar-proyectos-empresariales-organitza-una-sessio-informativa-sobre-els-fons-de-transicio-nuclear-per-im\/#primaryimage"},"thumbnailUrl":"https:\/\/mont-roig.cat\/wp-content\/uploads\/MMC_xerrada_FTN_META.png","datePublished":"2025-12-05T11:53:20+00:00","dateModified":"2025-12-05T12:00:04+00:00","author":{"@id":"https:\/\/mont-roig.cat\/es\/#\/schema\/person\/1f73e7b5e6f9dd122e8a6f14f310ac5e"},"breadcrumb":{"@id":"https:\/\/mont-roig.cat\/es\/actualitat\/noticies\/el-ayuntamiento-organiza-una-sesion-informativa-sobre-los-fondos-de-transicion-nuclear-para-impulsar-proyectos-empresariales-organitza-una-sessio-informativa-sobre-els-fons-de-transicio-nuclear-per-im\/#breadcrumb"},"inLanguage":"es","potentialAction":[{"@type":"ReadAction","target":["https:\/\/mont-roig.cat\/es\/actualitat\/noticies\/el-ayuntamiento-organiza-una-sesion-informativa-sobre-los-fondos-de-transicion-nuclear-para-impulsar-proyectos-empresariales-organitza-una-sessio-informativa-sobre-els-fons-de-transicio-nuclear-per-im\/"]}]},{"@type":"ImageObject","inLanguage":"es","@id":"https:\/\/mont-roig.cat\/es\/actualitat\/noticies\/el-ayuntamiento-organiza-una-sesion-informativa-sobre-los-fondos-de-transicion-nuclear-para-impulsar-proyectos-empresariales-organitza-una-sessio-informativa-sobre-els-fons-de-transicio-nuclear-per-im\/#primaryimage","url":"https:\/\/mont-roig.cat\/wp-content\/uploads\/MMC_xerrada_FTN_META.png","contentUrl":"https:\/\/mont-roig.cat\/wp-content\/uploads\/MMC_xerrada_FTN_META.png","width":1200,"height":630},{"@type":"BreadcrumbList","@id":"https:\/\/mont-roig.cat\/es\/actualitat\/noticies\/el-ayuntamiento-organiza-una-sesion-informativa-sobre-los-fondos-de-transicion-nuclear-para-impulsar-proyectos-empresariales-organitza-una-sessio-informativa-sobre-els-fons-de-transicio-nuclear-per-im\/#breadcrumb","itemListElement":[{"@type":"ListItem","position":1,"name":"Inici","item":"https:\/\/mont-roig.cat\/es\/pagina-de-inicio\/"},{"@type":"ListItem","position":2,"name":"El Ayuntamiento organiza una sesi\u00f3n informativa sobre los Fondos de Transici\u00f3n Nuclear para impulsar proyectos empresariales"}]},{"@type":"WebSite","@id":"https:\/\/mont-roig.cat\/es\/#website","url":"https:\/\/mont-roig.cat\/es\/","name":"Ajuntament de Mont-roig del Camp","description":"Tota la informaci\u00f3 sobre la instituci\u00f3, els seus \u00f2rgans de govern, actualitat, serveis i molt m\u00e9s.","potentialAction":[{"@type":"SearchAction","target":{"@type":"EntryPoint","urlTemplate":"https:\/\/mont-roig.cat\/es\/?s={search_term_string}"},"query-input":{"@type":"PropertyValueSpecification","valueRequired":true,"valueName":"search_term_string"}}],"inLanguage":"es"},{"@type":"Person","@id":"https:\/\/mont-roig.cat\/es\/#\/schema\/person\/1f73e7b5e6f9dd122e8a6f14f310ac5e","name":"comunicacio","image":{"@type":"ImageObject","inLanguage":"es","@id":"https:\/\/secure.gravatar.com\/avatar\/98944333e7a877670a64f8d10f0cb680ab2c9ebc4efc43945ef004b52b5ad28c?s=96&d=mm&r=g","url":"https:\/\/secure.gravatar.com\/avatar\/98944333e7a877670a64f8d10f0cb680ab2c9ebc4efc43945ef004b52b5ad28c?s=96&d=mm&r=g","contentUrl":"https:\/\/secure.gravatar.com\/avatar\/98944333e7a877670a64f8d10f0cb680ab2c9ebc4efc43945ef004b52b5ad28c?s=96&d=mm&r=g","caption":"comunicacio"},"url":"https:\/\/mont-roig.cat\/es\/actualitat\/noticies\/author\/comunicacio\/"}]}},"_links":{"self":[{"href":"https:\/\/mont-roig.cat\/es\/wp-json\/wp\/v2\/posts\/87210","targetHints":{"allow":["GET"]}}],"collection":[{"href":"https:\/\/mont-roig.cat\/es\/wp-json\/wp\/v2\/posts"}],"about":[{"href":"https:\/\/mont-roig.cat\/es\/wp-json\/wp\/v2\/types\/post"}],"author":[{"embeddable":true,"href":"https:\/\/mont-roig.cat\/es\/wp-json\/wp\/v2\/users\/13"}],"replies":[{"embeddable":true,"href":"https:\/\/mont-roig.cat\/es\/wp-json\/wp\/v2\/comments?post=87210"}],"version-history":[{"count":2,"href":"https:\/\/mont-roig.cat\/es\/wp-json\/wp\/v2\/posts\/87210\/revisions"}],"predecessor-version":[{"id":87216,"href":"https:\/\/mont-roig.cat\/es\/wp-json\/wp\/v2\/posts\/87210\/revisions\/87216"}],"wp:featuredmedia":[{"embeddable":true,"href":"https:\/\/mont-roig.cat\/es\/wp-json\/wp\/v2\/media\/87208"}],"wp:attachment":[{"href":"https:\/\/mont-roig.cat\/es\/wp-json\/wp\/v2\/media?parent=87210"}],"wp:term":[{"taxonomy":"category","embeddable":true,"href":"https:\/\/mont-roig.cat\/es\/wp-json\/wp\/v2\/categories?post=87210"},{"taxonomy":"post_tag","embeddable":true,"href":"https:\/\/mont-roig.cat\/es\/wp-json\/wp\/v2\/tags?post=87210"}],"curies":[{"name":"wp","href":"https:\/\/api.w.org\/{rel}","templated":true}]}}