{"id":87226,"date":"2025-12-10T12:45:54","date_gmt":"2025-12-10T11:45:54","guid":{"rendered":"https:\/\/mont-roig.cat\/actualitat\/noticies\/millora-paisatgistica-a-les-entrades-de-les-urbanitzacions-del-municipi\/"},"modified":"2025-12-10T13:52:54","modified_gmt":"2025-12-10T12:52:54","slug":"mejora-paisajistica-en-las-entradas-de-las-urbanizaciones-del-municipio","status":"publish","type":"post","link":"https:\/\/mont-roig.cat\/es\/actualitat\/noticies\/mejora-paisajistica-en-las-entradas-de-las-urbanizaciones-del-municipio\/","title":{"rendered":"Mejora paisaj\u00edstica en las entradas de las urbanizaciones del municipio"},"content":{"rendered":"<p><strong><strong><a href=\"https:\/\/mont-roig.cat\/wp-content\/uploads\/WhatsApp-Image-2025-12-09-at-07.47.50.jpeg\" target=\"_blank\" rel=\"noopener\"><img loading=\"lazy\" decoding=\"async\" class=\"alignright wp-image-87218\" src=\"https:\/\/mont-roig.cat\/wp-content\/uploads\/WhatsApp-Image-2025-12-09-at-07.47.50-500x375.jpeg\" alt=\"\" width=\"296\" height=\"222\" srcset=\"https:\/\/mont-roig.cat\/wp-content\/uploads\/WhatsApp-Image-2025-12-09-at-07.47.50-500x375.jpeg 500w, https:\/\/mont-roig.cat\/wp-content\/uploads\/WhatsApp-Image-2025-12-09-at-07.47.50-1024x768.jpeg 1024w, https:\/\/mont-roig.cat\/wp-content\/uploads\/WhatsApp-Image-2025-12-09-at-07.47.50-768x576.jpeg 768w, https:\/\/mont-roig.cat\/wp-content\/uploads\/WhatsApp-Image-2025-12-09-at-07.47.50-1536x1152.jpeg 1536w, https:\/\/mont-roig.cat\/wp-content\/uploads\/WhatsApp-Image-2025-12-09-at-07.47.50-463x348.jpeg 463w, https:\/\/mont-roig.cat\/wp-content\/uploads\/WhatsApp-Image-2025-12-09-at-07.47.50.jpeg 2048w\" sizes=\"auto, (max-width: 296px) 100vw, 296px\" \/><\/a><\/strong><\/strong><\/p>\n<ul>\n<li data-start=\"89\" data-end=\"200\"><strong>Nostreserveis impulsa trabajos de jardiner\u00eda m\u00e1s sostenibles y adaptados al clima mediterr\u00e1neo<\/strong><\/li>\n<\/ul>\n<p data-start=\"202\" data-end=\"624\">Nostreserveis ha iniciado los trabajos de jardiner\u00eda en las entradas de distintas urbanizaciones del municipio con el objetivo de mejorar su imagen y garantizar una gesti\u00f3n m\u00e1s sostenible del mantenimiento. Las actuaciones se est\u00e1n llevando a cabo en Club Mont-roig, Rustical Balneari, Masos d\u2019en Blade y Pins de Miramar, y est\u00e1 previsto que finalicen a lo largo de esta semana.<\/p>\n<p data-start=\"626\" data-end=\"967\"><a href=\"https:\/\/mont-roig.cat\/wp-content\/uploads\/WhatsApp-Image-2025-12-09-at-07.47.50-1.jpeg\" target=\"_blank\" rel=\"noopener\"><img loading=\"lazy\" decoding=\"async\" class=\"alignleft wp-image-87223\" src=\"https:\/\/mont-roig.cat\/wp-content\/uploads\/WhatsApp-Image-2025-12-09-at-07.47.50-1-500x375.jpeg\" alt=\"\" width=\"299\" height=\"224\" \/><\/a>Las tareas han incluido el rebaje y adecuaci\u00f3n del terreno, la eliminaci\u00f3n de vegetaci\u00f3n en mal estado y la instalaci\u00f3n de una malla anti-germinaci\u00f3n para evitar la aparici\u00f3n de malas hierbas. Sobre esta base se han distribuido restos de baldosas trituradas, dando una segunda vida a un material que, de otro modo, se convertir\u00eda en residuo.<\/p>\n<p data-start=\"969\" data-end=\"1166\" data-is-last-node=\"\" data-is-only-node=\"\">Para completar la mejora, se han plantado especies vegetales de bajo consumo h\u00eddrico y de reducido mantenimiento, favoreciendo espacios m\u00e1s sostenibles y plenamente adaptados al clima mediterr\u00e1neo.<\/p>\n","protected":false},"excerpt":{"rendered":"<p>Nostreserveis impulsa trabajos de jardiner\u00eda m\u00e1s sostenibles y adaptados al clima mediterr\u00e1neo Nostreserveis ha iniciado los trabajos de jardiner\u00eda en las entradas de distintas urbanizaciones del municipio con el objetivo de mejorar su imagen y garantizar una gesti\u00f3n m\u00e1s sostenible del mantenimiento. Las actuaciones se est\u00e1n llevando a cabo en Club Mont-roig, Rustical Balneari, Masos [&hellip;]<\/p>\n","protected":false},"author":13,"featured_media":87224,"comment_status":"closed","ping_status":"closed","sticky":false,"template":"","format":"standard","meta":{"inline_featured_image":false,"_monsterinsights_skip_tracking":false,"_monsterinsights_sitenote_active":false,"_monsterinsights_sitenote_note":"","_monsterinsights_sitenote_category":0,"footnotes":""},"categories":[98,204],"tags":[],"class_list":["post-87226","post","type-post","status-publish","format-standard","has-post-thumbnail","hentry","category-ayuntamiento","category-nostreserveis-es"],"yoast_head":"<!-- This site is optimized with the Yoast SEO plugin v27.4 - https:\/\/yoast.com\/product\/yoast-seo-wordpress\/ -->\n<title>Mejora paisaj\u00edstica en las entradas de las urbanizaciones del municipio - Ajuntament de Mont-roig del Camp<\/title>\n<meta name=\"robots\" content=\"index, follow, max-snippet:-1, max-image-preview:large, max-video-preview:-1\" \/>\n<link rel=\"canonical\" href=\"https:\/\/mont-roig.cat\/es\/actualitat\/noticies\/mejora-paisajistica-en-las-entradas-de-las-urbanizaciones-del-municipio\/\" \/>\n<meta property=\"og:locale\" content=\"es_ES\" \/>\n<meta property=\"og:type\" content=\"article\" \/>\n<meta property=\"og:title\" content=\"Mejora paisaj\u00edstica en las entradas de las urbanizaciones del municipio - Ajuntament de Mont-roig del Camp\" \/>\n<meta property=\"og:description\" content=\"Nostreserveis impulsa trabajos de jardiner\u00eda m\u00e1s sostenibles y adaptados al clima mediterr\u00e1neo Nostreserveis ha iniciado los trabajos de jardiner\u00eda en las entradas de distintas urbanizaciones del municipio con el objetivo de mejorar su imagen y garantizar una gesti\u00f3n m\u00e1s sostenible del mantenimiento. Las actuaciones se est\u00e1n llevando a cabo en Club Mont-roig, Rustical Balneari, Masos [&hellip;]\" \/>\n<meta property=\"og:url\" content=\"https:\/\/mont-roig.cat\/es\/actualitat\/noticies\/mejora-paisajistica-en-las-entradas-de-las-urbanizaciones-del-municipio\/\" \/>\n<meta property=\"og:site_name\" content=\"Ajuntament de Mont-roig del Camp\" \/>\n<meta property=\"article:published_time\" content=\"2025-12-10T11:45:54+00:00\" \/>\n<meta property=\"article:modified_time\" content=\"2025-12-10T12:52:54+00:00\" \/>\n<meta property=\"og:image\" content=\"https:\/\/mont-roig.cat\/wp-content\/uploads\/WhatsApp-Image-2025-12-09-at-07.47.50-2.jpeg\" \/>\n\t<meta property=\"og:image:width\" content=\"2048\" \/>\n\t<meta property=\"og:image:height\" content=\"1536\" \/>\n\t<meta property=\"og:image:type\" content=\"image\/jpeg\" \/>\n<meta name=\"author\" content=\"comunicacio\" \/>\n<meta name=\"twitter:card\" content=\"summary_large_image\" \/>\n<meta name=\"twitter:label1\" content=\"Escrito por\" \/>\n\t<meta name=\"twitter:data1\" content=\"comunicacio\" \/>\n\t<meta name=\"twitter:label2\" content=\"Tiempo de lectura\" \/>\n\t<meta name=\"twitter:data2\" content=\"2 minutos\" \/>\n<script type=\"application\/ld+json\" class=\"yoast-schema-graph\">{\"@context\":\"https:\\\/\\\/schema.org\",\"@graph\":[{\"@type\":\"Article\",\"@id\":\"https:\\\/\\\/mont-roig.cat\\\/es\\\/actualitat\\\/noticies\\\/mejora-paisajistica-en-las-entradas-de-las-urbanizaciones-del-municipio\\\/#article\",\"isPartOf\":{\"@id\":\"https:\\\/\\\/mont-roig.cat\\\/es\\\/actualitat\\\/noticies\\\/mejora-paisajistica-en-las-entradas-de-las-urbanizaciones-del-municipio\\\/\"},\"author\":{\"name\":\"comunicacio\",\"@id\":\"https:\\\/\\\/mont-roig.cat\\\/es\\\/#\\\/schema\\\/person\\\/1f73e7b5e6f9dd122e8a6f14f310ac5e\"},\"headline\":\"Mejora paisaj\u00edstica en las entradas de las urbanizaciones del municipio\",\"datePublished\":\"2025-12-10T11:45:54+00:00\",\"dateModified\":\"2025-12-10T12:52:54+00:00\",\"mainEntityOfPage\":{\"@id\":\"https:\\\/\\\/mont-roig.cat\\\/es\\\/actualitat\\\/noticies\\\/mejora-paisajistica-en-las-entradas-de-las-urbanizaciones-del-municipio\\\/\"},\"wordCount\":184,\"image\":{\"@id\":\"https:\\\/\\\/mont-roig.cat\\\/es\\\/actualitat\\\/noticies\\\/mejora-paisajistica-en-las-entradas-de-las-urbanizaciones-del-municipio\\\/#primaryimage\"},\"thumbnailUrl\":\"https:\\\/\\\/mont-roig.cat\\\/wp-content\\\/uploads\\\/WhatsApp-Image-2025-12-09-at-07.47.50-2.jpeg\",\"articleSection\":[\"Ayuntamiento\",\"Nostreserveis\"],\"inLanguage\":\"es\"},{\"@type\":\"WebPage\",\"@id\":\"https:\\\/\\\/mont-roig.cat\\\/es\\\/actualitat\\\/noticies\\\/mejora-paisajistica-en-las-entradas-de-las-urbanizaciones-del-municipio\\\/\",\"url\":\"https:\\\/\\\/mont-roig.cat\\\/es\\\/actualitat\\\/noticies\\\/mejora-paisajistica-en-las-entradas-de-las-urbanizaciones-del-municipio\\\/\",\"name\":\"Mejora paisaj\u00edstica en las entradas de las urbanizaciones del municipio - Ajuntament de Mont-roig del Camp\",\"isPartOf\":{\"@id\":\"https:\\\/\\\/mont-roig.cat\\\/es\\\/#website\"},\"primaryImageOfPage\":{\"@id\":\"https:\\\/\\\/mont-roig.cat\\\/es\\\/actualitat\\\/noticies\\\/mejora-paisajistica-en-las-entradas-de-las-urbanizaciones-del-municipio\\\/#primaryimage\"},\"image\":{\"@id\":\"https:\\\/\\\/mont-roig.cat\\\/es\\\/actualitat\\\/noticies\\\/mejora-paisajistica-en-las-entradas-de-las-urbanizaciones-del-municipio\\\/#primaryimage\"},\"thumbnailUrl\":\"https:\\\/\\\/mont-roig.cat\\\/wp-content\\\/uploads\\\/WhatsApp-Image-2025-12-09-at-07.47.50-2.jpeg\",\"datePublished\":\"2025-12-10T11:45:54+00:00\",\"dateModified\":\"2025-12-10T12:52:54+00:00\",\"author\":{\"@id\":\"https:\\\/\\\/mont-roig.cat\\\/es\\\/#\\\/schema\\\/person\\\/1f73e7b5e6f9dd122e8a6f14f310ac5e\"},\"breadcrumb\":{\"@id\":\"https:\\\/\\\/mont-roig.cat\\\/es\\\/actualitat\\\/noticies\\\/mejora-paisajistica-en-las-entradas-de-las-urbanizaciones-del-municipio\\\/#breadcrumb\"},\"inLanguage\":\"es\",\"potentialAction\":[{\"@type\":\"ReadAction\",\"target\":[\"https:\\\/\\\/mont-roig.cat\\\/es\\\/actualitat\\\/noticies\\\/mejora-paisajistica-en-las-entradas-de-las-urbanizaciones-del-municipio\\\/\"]}]},{\"@type\":\"ImageObject\",\"inLanguage\":\"es\",\"@id\":\"https:\\\/\\\/mont-roig.cat\\\/es\\\/actualitat\\\/noticies\\\/mejora-paisajistica-en-las-entradas-de-las-urbanizaciones-del-municipio\\\/#primaryimage\",\"url\":\"https:\\\/\\\/mont-roig.cat\\\/wp-content\\\/uploads\\\/WhatsApp-Image-2025-12-09-at-07.47.50-2.jpeg\",\"contentUrl\":\"https:\\\/\\\/mont-roig.cat\\\/wp-content\\\/uploads\\\/WhatsApp-Image-2025-12-09-at-07.47.50-2.jpeg\",\"width\":2048,\"height\":1536},{\"@type\":\"BreadcrumbList\",\"@id\":\"https:\\\/\\\/mont-roig.cat\\\/es\\\/actualitat\\\/noticies\\\/mejora-paisajistica-en-las-entradas-de-las-urbanizaciones-del-municipio\\\/#breadcrumb\",\"itemListElement\":[{\"@type\":\"ListItem\",\"position\":1,\"name\":\"Inici\",\"item\":\"https:\\\/\\\/mont-roig.cat\\\/es\\\/pagina-de-inicio\\\/\"},{\"@type\":\"ListItem\",\"position\":2,\"name\":\"Mejora paisaj\u00edstica en las entradas de las urbanizaciones del municipio\"}]},{\"@type\":\"WebSite\",\"@id\":\"https:\\\/\\\/mont-roig.cat\\\/es\\\/#website\",\"url\":\"https:\\\/\\\/mont-roig.cat\\\/es\\\/\",\"name\":\"Ajuntament de Mont-roig del Camp\",\"description\":\"Tota la informaci\u00f3 sobre la instituci\u00f3, els seus \u00f2rgans de govern, actualitat, serveis i molt m\u00e9s.\",\"potentialAction\":[{\"@type\":\"SearchAction\",\"target\":{\"@type\":\"EntryPoint\",\"urlTemplate\":\"https:\\\/\\\/mont-roig.cat\\\/es\\\/?s={search_term_string}\"},\"query-input\":{\"@type\":\"PropertyValueSpecification\",\"valueRequired\":true,\"valueName\":\"search_term_string\"}}],\"inLanguage\":\"es\"},{\"@type\":\"Person\",\"@id\":\"https:\\\/\\\/mont-roig.cat\\\/es\\\/#\\\/schema\\\/person\\\/1f73e7b5e6f9dd122e8a6f14f310ac5e\",\"name\":\"comunicacio\",\"image\":{\"@type\":\"ImageObject\",\"inLanguage\":\"es\",\"@id\":\"https:\\\/\\\/secure.gravatar.com\\\/avatar\\\/98944333e7a877670a64f8d10f0cb680ab2c9ebc4efc43945ef004b52b5ad28c?s=96&d=mm&r=g\",\"url\":\"https:\\\/\\\/secure.gravatar.com\\\/avatar\\\/98944333e7a877670a64f8d10f0cb680ab2c9ebc4efc43945ef004b52b5ad28c?s=96&d=mm&r=g\",\"contentUrl\":\"https:\\\/\\\/secure.gravatar.com\\\/avatar\\\/98944333e7a877670a64f8d10f0cb680ab2c9ebc4efc43945ef004b52b5ad28c?s=96&d=mm&r=g\",\"caption\":\"comunicacio\"},\"url\":\"https:\\\/\\\/mont-roig.cat\\\/es\\\/actualitat\\\/noticies\\\/author\\\/comunicacio\\\/\"}]}<\/script>\n<!-- \/ Yoast SEO plugin. -->","yoast_head_json":{"title":"Mejora paisaj\u00edstica en las entradas de las urbanizaciones del municipio - Ajuntament de Mont-roig del Camp","robots":{"index":"index","follow":"follow","max-snippet":"max-snippet:-1","max-image-preview":"max-image-preview:large","max-video-preview":"max-video-preview:-1"},"canonical":"https:\/\/mont-roig.cat\/es\/actualitat\/noticies\/mejora-paisajistica-en-las-entradas-de-las-urbanizaciones-del-municipio\/","og_locale":"es_ES","og_type":"article","og_title":"Mejora paisaj\u00edstica en las entradas de las urbanizaciones del municipio - Ajuntament de Mont-roig del Camp","og_description":"Nostreserveis impulsa trabajos de jardiner\u00eda m\u00e1s sostenibles y adaptados al clima mediterr\u00e1neo Nostreserveis ha iniciado los trabajos de jardiner\u00eda en las entradas de distintas urbanizaciones del municipio con el objetivo de mejorar su imagen y garantizar una gesti\u00f3n m\u00e1s sostenible del mantenimiento. Las actuaciones se est\u00e1n llevando a cabo en Club Mont-roig, Rustical Balneari, Masos [&hellip;]","og_url":"https:\/\/mont-roig.cat\/es\/actualitat\/noticies\/mejora-paisajistica-en-las-entradas-de-las-urbanizaciones-del-municipio\/","og_site_name":"Ajuntament de Mont-roig del Camp","article_published_time":"2025-12-10T11:45:54+00:00","article_modified_time":"2025-12-10T12:52:54+00:00","og_image":[{"width":2048,"height":1536,"url":"https:\/\/mont-roig.cat\/wp-content\/uploads\/WhatsApp-Image-2025-12-09-at-07.47.50-2.jpeg","type":"image\/jpeg"}],"author":"comunicacio","twitter_card":"summary_large_image","twitter_misc":{"Escrito por":"comunicacio","Tiempo de lectura":"2 minutos"},"schema":{"@context":"https:\/\/schema.org","@graph":[{"@type":"Article","@id":"https:\/\/mont-roig.cat\/es\/actualitat\/noticies\/mejora-paisajistica-en-las-entradas-de-las-urbanizaciones-del-municipio\/#article","isPartOf":{"@id":"https:\/\/mont-roig.cat\/es\/actualitat\/noticies\/mejora-paisajistica-en-las-entradas-de-las-urbanizaciones-del-municipio\/"},"author":{"name":"comunicacio","@id":"https:\/\/mont-roig.cat\/es\/#\/schema\/person\/1f73e7b5e6f9dd122e8a6f14f310ac5e"},"headline":"Mejora paisaj\u00edstica en las entradas de las urbanizaciones del municipio","datePublished":"2025-12-10T11:45:54+00:00","dateModified":"2025-12-10T12:52:54+00:00","mainEntityOfPage":{"@id":"https:\/\/mont-roig.cat\/es\/actualitat\/noticies\/mejora-paisajistica-en-las-entradas-de-las-urbanizaciones-del-municipio\/"},"wordCount":184,"image":{"@id":"https:\/\/mont-roig.cat\/es\/actualitat\/noticies\/mejora-paisajistica-en-las-entradas-de-las-urbanizaciones-del-municipio\/#primaryimage"},"thumbnailUrl":"https:\/\/mont-roig.cat\/wp-content\/uploads\/WhatsApp-Image-2025-12-09-at-07.47.50-2.jpeg","articleSection":["Ayuntamiento","Nostreserveis"],"inLanguage":"es"},{"@type":"WebPage","@id":"https:\/\/mont-roig.cat\/es\/actualitat\/noticies\/mejora-paisajistica-en-las-entradas-de-las-urbanizaciones-del-municipio\/","url":"https:\/\/mont-roig.cat\/es\/actualitat\/noticies\/mejora-paisajistica-en-las-entradas-de-las-urbanizaciones-del-municipio\/","name":"Mejora paisaj\u00edstica en las entradas de las urbanizaciones del municipio - Ajuntament de Mont-roig del Camp","isPartOf":{"@id":"https:\/\/mont-roig.cat\/es\/#website"},"primaryImageOfPage":{"@id":"https:\/\/mont-roig.cat\/es\/actualitat\/noticies\/mejora-paisajistica-en-las-entradas-de-las-urbanizaciones-del-municipio\/#primaryimage"},"image":{"@id":"https:\/\/mont-roig.cat\/es\/actualitat\/noticies\/mejora-paisajistica-en-las-entradas-de-las-urbanizaciones-del-municipio\/#primaryimage"},"thumbnailUrl":"https:\/\/mont-roig.cat\/wp-content\/uploads\/WhatsApp-Image-2025-12-09-at-07.47.50-2.jpeg","datePublished":"2025-12-10T11:45:54+00:00","dateModified":"2025-12-10T12:52:54+00:00","author":{"@id":"https:\/\/mont-roig.cat\/es\/#\/schema\/person\/1f73e7b5e6f9dd122e8a6f14f310ac5e"},"breadcrumb":{"@id":"https:\/\/mont-roig.cat\/es\/actualitat\/noticies\/mejora-paisajistica-en-las-entradas-de-las-urbanizaciones-del-municipio\/#breadcrumb"},"inLanguage":"es","potentialAction":[{"@type":"ReadAction","target":["https:\/\/mont-roig.cat\/es\/actualitat\/noticies\/mejora-paisajistica-en-las-entradas-de-las-urbanizaciones-del-municipio\/"]}]},{"@type":"ImageObject","inLanguage":"es","@id":"https:\/\/mont-roig.cat\/es\/actualitat\/noticies\/mejora-paisajistica-en-las-entradas-de-las-urbanizaciones-del-municipio\/#primaryimage","url":"https:\/\/mont-roig.cat\/wp-content\/uploads\/WhatsApp-Image-2025-12-09-at-07.47.50-2.jpeg","contentUrl":"https:\/\/mont-roig.cat\/wp-content\/uploads\/WhatsApp-Image-2025-12-09-at-07.47.50-2.jpeg","width":2048,"height":1536},{"@type":"BreadcrumbList","@id":"https:\/\/mont-roig.cat\/es\/actualitat\/noticies\/mejora-paisajistica-en-las-entradas-de-las-urbanizaciones-del-municipio\/#breadcrumb","itemListElement":[{"@type":"ListItem","position":1,"name":"Inici","item":"https:\/\/mont-roig.cat\/es\/pagina-de-inicio\/"},{"@type":"ListItem","position":2,"name":"Mejora paisaj\u00edstica en las entradas de las urbanizaciones del municipio"}]},{"@type":"WebSite","@id":"https:\/\/mont-roig.cat\/es\/#website","url":"https:\/\/mont-roig.cat\/es\/","name":"Ajuntament de Mont-roig del Camp","description":"Tota la informaci\u00f3 sobre la instituci\u00f3, els seus \u00f2rgans de govern, actualitat, serveis i molt m\u00e9s.","potentialAction":[{"@type":"SearchAction","target":{"@type":"EntryPoint","urlTemplate":"https:\/\/mont-roig.cat\/es\/?s={search_term_string}"},"query-input":{"@type":"PropertyValueSpecification","valueRequired":true,"valueName":"search_term_string"}}],"inLanguage":"es"},{"@type":"Person","@id":"https:\/\/mont-roig.cat\/es\/#\/schema\/person\/1f73e7b5e6f9dd122e8a6f14f310ac5e","name":"comunicacio","image":{"@type":"ImageObject","inLanguage":"es","@id":"https:\/\/secure.gravatar.com\/avatar\/98944333e7a877670a64f8d10f0cb680ab2c9ebc4efc43945ef004b52b5ad28c?s=96&d=mm&r=g","url":"https:\/\/secure.gravatar.com\/avatar\/98944333e7a877670a64f8d10f0cb680ab2c9ebc4efc43945ef004b52b5ad28c?s=96&d=mm&r=g","contentUrl":"https:\/\/secure.gravatar.com\/avatar\/98944333e7a877670a64f8d10f0cb680ab2c9ebc4efc43945ef004b52b5ad28c?s=96&d=mm&r=g","caption":"comunicacio"},"url":"https:\/\/mont-roig.cat\/es\/actualitat\/noticies\/author\/comunicacio\/"}]}},"_links":{"self":[{"href":"https:\/\/mont-roig.cat\/es\/wp-json\/wp\/v2\/posts\/87226","targetHints":{"allow":["GET"]}}],"collection":[{"href":"https:\/\/mont-roig.cat\/es\/wp-json\/wp\/v2\/posts"}],"about":[{"href":"https:\/\/mont-roig.cat\/es\/wp-json\/wp\/v2\/types\/post"}],"author":[{"embeddable":true,"href":"https:\/\/mont-roig.cat\/es\/wp-json\/wp\/v2\/users\/13"}],"replies":[{"embeddable":true,"href":"https:\/\/mont-roig.cat\/es\/wp-json\/wp\/v2\/comments?post=87226"}],"version-history":[{"count":3,"href":"https:\/\/mont-roig.cat\/es\/wp-json\/wp\/v2\/posts\/87226\/revisions"}],"predecessor-version":[{"id":87229,"href":"https:\/\/mont-roig.cat\/es\/wp-json\/wp\/v2\/posts\/87226\/revisions\/87229"}],"wp:featuredmedia":[{"embeddable":true,"href":"https:\/\/mont-roig.cat\/es\/wp-json\/wp\/v2\/media\/87224"}],"wp:attachment":[{"href":"https:\/\/mont-roig.cat\/es\/wp-json\/wp\/v2\/media?parent=87226"}],"wp:term":[{"taxonomy":"category","embeddable":true,"href":"https:\/\/mont-roig.cat\/es\/wp-json\/wp\/v2\/categories?post=87226"},{"taxonomy":"post_tag","embeddable":true,"href":"https:\/\/mont-roig.cat\/es\/wp-json\/wp\/v2\/tags?post=87226"}],"curies":[{"name":"wp","href":"https:\/\/api.w.org\/{rel}","templated":true}]}}