{"id":87300,"date":"2025-12-15T13:38:21","date_gmt":"2025-12-15T12:38:21","guid":{"rendered":"https:\/\/mont-roig.cat\/actualitat\/noticies\/lajuntament-convoca-al-veinat-a-una-reunio-informativa-sobre-la-tercera-fase-de-les-obres-de-lavinguda-de-barcelona\/"},"modified":"2025-12-15T14:10:08","modified_gmt":"2025-12-15T13:10:08","slug":"el-ayuntamiento-convoca-al-vecindario-a-una-reunion-informativa-sobre-la-tercera-fase-de-las-obras-de-la-avinguda-de-barcelona","status":"publish","type":"post","link":"https:\/\/mont-roig.cat\/es\/actualitat\/noticies\/el-ayuntamiento-convoca-al-vecindario-a-una-reunion-informativa-sobre-la-tercera-fase-de-las-obras-de-la-avinguda-de-barcelona\/","title":{"rendered":"El Ayuntamiento convoca al vecindario a una reuni\u00f3n informativa sobre la tercera fase de las obras de la Avinguda de Barcelona"},"content":{"rendered":"<div id=\"attachment_87292\" style=\"width: 298px\" class=\"wp-caption alignright\"><a href=\"https:\/\/mont-roig.cat\/wp-content\/uploads\/Placa-Tarragona.png\" target=\"_blank\" rel=\"noopener\"><img loading=\"lazy\" decoding=\"async\" aria-describedby=\"caption-attachment-87292\" class=\"wp-image-87292\" src=\"https:\/\/mont-roig.cat\/wp-content\/uploads\/Placa-Tarragona-500x333.png\" alt=\"\" width=\"288\" height=\"192\" srcset=\"https:\/\/mont-roig.cat\/wp-content\/uploads\/Placa-Tarragona-500x333.png 500w, https:\/\/mont-roig.cat\/wp-content\/uploads\/Placa-Tarragona-1024x683.png 1024w, https:\/\/mont-roig.cat\/wp-content\/uploads\/Placa-Tarragona-768x512.png 768w, https:\/\/mont-roig.cat\/wp-content\/uploads\/Placa-Tarragona.png 1200w\" sizes=\"auto, (max-width: 288px) 100vw, 288px\" \/><\/a><p id=\"caption-attachment-87292\" class=\"wp-caption-text\">Imagen virtual de la Pla\u00e7a de Tarragona y el inicio de la reurbanizaci\u00f3n de la tercera fase de la Avinguda Barcelona.<\/p><\/div>\n<ul>\n<li data-start=\"407\" data-end=\"600\"><strong>La sesi\u00f3n tendr\u00e1 lugar el lunes 22 de diciembre en el Centre Polivalent de Miami Platja y servir\u00e1 para explicar los detalles del proyecto y los posibles afectados, especialmente en movilidad.<\/strong><\/li>\n<li data-start=\"602\" data-end=\"1091\"><strong>Con un presupuesto de cerca de 6,9 millones de euros, las obras se iniciar\u00e1n despu\u00e9s de las fiestas de Navidad y tienen una duraci\u00f3n prevista de 16 meses.<\/strong><\/li>\n<\/ul>\n<p>El Ayuntamiento de Mont-roig del Camp ha convocado una reuni\u00f3n informativa dirigida a los vecinos y vecinas de Miami Platja para explicar los detalles de la nueva fase de las obras de reurbanizaci\u00f3n de la Avinguda de Barcelona. El encuentro tendr\u00e1 lugar el lunes 22 de diciembre, a las 19:00 h, en el Teatre del Centre Polivalent.<\/p>\n<p data-start=\"1093\" data-end=\"1365\">Durante la sesi\u00f3n se presentar\u00e1n las principales caracter\u00edsticas de una actuaci\u00f3n de gran envergadura, con un presupuesto total de 6.853.924 euros (IVA incluido), que dar\u00e1 continuidad a la transformaci\u00f3n urbana iniciada con las fases anteriores de la Avinguda Barcelona.<\/p>\n<div id=\"attachment_87297\" style=\"width: 307px\" class=\"wp-caption alignleft\"><a href=\"https:\/\/mont-roig.cat\/wp-content\/uploads\/Imatge-fase-III_page-0001.jpg\" target=\"_blank\" rel=\"noopener\"><img loading=\"lazy\" decoding=\"async\" aria-describedby=\"caption-attachment-87297\" class=\"wp-image-87297\" src=\"https:\/\/mont-roig.cat\/wp-content\/uploads\/Imatge-fase-III_page-0001-500x353.jpg\" alt=\"\" width=\"297\" height=\"210\" \/><\/a><p id=\"caption-attachment-87297\" class=\"wp-caption-text\">Plano del proyecto de reurbanizaci\u00f3n de la Pla\u00e7a Tarragona y Avinguda Barcelona.<\/p><\/div>\n<p data-start=\"1367\" data-end=\"1449\">El proyecto incluye la reurbanizaci\u00f3n completa de la Pla\u00e7a de Tarragona, as\u00ed como el tramo de la Avinguda de Barcelona comprendido entre la Pla\u00e7a de Tarragona y la Avinguda de Maria Cristina, incluyendo todo el cruce, y tambi\u00e9n el tramo de la Avinguda del Mar que conecta la Pla\u00e7a de Tarragona con el Passeig Mediterrani, hasta el puente de hierro.<\/p>\n<p data-start=\"1803\" data-end=\"2333\">Las obras prev\u00e9n una renovaci\u00f3n integral del subsuelo, con la actualizaci\u00f3n de las redes de alcantarillado y servicios, as\u00ed como la sustituci\u00f3n del pavimento y de las aceras, la instalaci\u00f3n de nueva iluminaci\u00f3n, mobiliario urbano y la incorporaci\u00f3n de zonas verdes, nuevos \u00e1rboles y espacios de estancia. El proyecto mantiene la apuesta por un modelo urbano m\u00e1s sostenible, con prioridad para los peatones, la continuidad del carril bici y una mejor conexi\u00f3n entre los principales espacios c\u00edvicos y comerciales de Miami Platja.<\/p>\n<div id=\"attachment_87298\" style=\"width: 319px\" class=\"wp-caption alignright\"><a href=\"https:\/\/mont-roig.cat\/wp-content\/uploads\/tercera-fase-1024x541-1.jpg\" target=\"_blank\" rel=\"noopener\"><img loading=\"lazy\" decoding=\"async\" aria-describedby=\"caption-attachment-87298\" class=\"wp-image-87298\" src=\"https:\/\/mont-roig.cat\/wp-content\/uploads\/tercera-fase-1024x541-1-500x264.jpg\" alt=\"\" width=\"309\" height=\"163\" \/><\/a><p id=\"caption-attachment-87298\" class=\"wp-caption-text\">Imagen virtual de la futura Pla\u00e7a Tarragona.<\/p><\/div>\n<p data-start=\"2383\" data-end=\"2412\"><strong>La nueva Pla\u00e7a de Tarragona<\/strong><\/p>\n<p data-start=\"2414\" data-end=\"2815\">Uno de los puntos destacados de la actuaci\u00f3n ser\u00e1 la transformaci\u00f3n de la Pla\u00e7a de Tarragona, que se redefinir\u00e1 como un gran espacio de convivencia ciudadana, m\u00e1s accesible y amable, concebido como nuevo centro de encuentro y dinamizaci\u00f3n social. Al mismo tiempo, la urbanizaci\u00f3n de la Avinguda del Mar permitir\u00e1 reforzar la conexi\u00f3n del bulevar con el Passeig Mediterrani y el Passeig de les Cales.<\/p>\n<p data-start=\"2817\" data-end=\"3366\">Los trabajos tendr\u00e1n una duraci\u00f3n prevista de 16 meses y comportar\u00e1n, en diferentes fases, cortes de circulaci\u00f3n y desv\u00edos de tr\u00e1fico, que se comunicar\u00e1n con antelaci\u00f3n y se gestionar\u00e1n de manera coordinada entre la empresa Tecnofirmes, adjudicataria de la obra, el servicio municipal de movilidad y la empresa Josep Rovira, responsable de los trabajos de jardiner\u00eda. En la reuni\u00f3n informativa tambi\u00e9n se explicar\u00e1n las afectaciones a la movilidad y los itinerarios alternativos previstos para reducir las molestias a vecinos, vecinas y comercios.<\/p>\n<p data-start=\"3368\" data-end=\"3777\">Con esta convocatoria, el Ayuntamiento de Mont-roig del Camp quiere ofrecer un espacio de informaci\u00f3n y di\u00e1logo directo con la ciudadan\u00eda antes del inicio de las obras, resolver dudas y compartir los objetivos de una actuaci\u00f3n estrat\u00e9gica para la mejora urbana y la calidad de vida en Miami Platja. La previsi\u00f3n del inicio de las obras es la segunda quincena de 2026, una vez pasadas las fiestas de Navidad.<\/p>\n<p>&nbsp;<\/p>\n","protected":false},"excerpt":{"rendered":"<p>La sesi\u00f3n tendr\u00e1 lugar el lunes 22 de diciembre en el Centre Polivalent de Miami Platja y servir\u00e1 para explicar los detalles del proyecto y los posibles afectados, especialmente en movilidad. Con un presupuesto de cerca de 6,9 millones de euros, las obras se iniciar\u00e1n despu\u00e9s de las fiestas de Navidad y tienen una duraci\u00f3n [&hellip;]<\/p>\n","protected":false},"author":13,"featured_media":0,"comment_status":"closed","ping_status":"closed","sticky":false,"template":"","format":"standard","meta":{"inline_featured_image":false,"_monsterinsights_skip_tracking":false,"_monsterinsights_sitenote_active":false,"_monsterinsights_sitenote_note":"","_monsterinsights_sitenote_category":0,"footnotes":""},"categories":[156,98,116],"tags":[],"class_list":["post-87300","post","type-post","status-publish","format-standard","hentry","category-alcalde-es","category-ayuntamiento","category-urbanismo-y-obras"],"yoast_head":"<!-- This site is optimized with the Yoast SEO plugin v27.4 - https:\/\/yoast.com\/product\/yoast-seo-wordpress\/ -->\n<title>El Ayuntamiento convoca al vecindario a una reuni\u00f3n informativa sobre la tercera fase de las obras de la Avinguda de Barcelona - Ajuntament de Mont-roig del Camp<\/title>\n<meta name=\"robots\" content=\"index, follow, max-snippet:-1, max-image-preview:large, max-video-preview:-1\" \/>\n<link rel=\"canonical\" href=\"https:\/\/mont-roig.cat\/es\/actualitat\/noticies\/el-ayuntamiento-convoca-al-vecindario-a-una-reunion-informativa-sobre-la-tercera-fase-de-las-obras-de-la-avinguda-de-barcelona\/\" \/>\n<meta property=\"og:locale\" content=\"es_ES\" \/>\n<meta property=\"og:type\" content=\"article\" \/>\n<meta property=\"og:title\" content=\"El Ayuntamiento convoca al vecindario a una reuni\u00f3n informativa sobre la tercera fase de las obras de la Avinguda de Barcelona - Ajuntament de Mont-roig del Camp\" \/>\n<meta property=\"og:description\" content=\"La sesi\u00f3n tendr\u00e1 lugar el lunes 22 de diciembre en el Centre Polivalent de Miami Platja y servir\u00e1 para explicar los detalles del proyecto y los posibles afectados, especialmente en movilidad. Con un presupuesto de cerca de 6,9 millones de euros, las obras se iniciar\u00e1n despu\u00e9s de las fiestas de Navidad y tienen una duraci\u00f3n [&hellip;]\" \/>\n<meta property=\"og:url\" content=\"https:\/\/mont-roig.cat\/es\/actualitat\/noticies\/el-ayuntamiento-convoca-al-vecindario-a-una-reunion-informativa-sobre-la-tercera-fase-de-las-obras-de-la-avinguda-de-barcelona\/\" \/>\n<meta property=\"og:site_name\" content=\"Ajuntament de Mont-roig del Camp\" \/>\n<meta property=\"article:published_time\" content=\"2025-12-15T12:38:21+00:00\" \/>\n<meta property=\"article:modified_time\" content=\"2025-12-15T13:10:08+00:00\" \/>\n<meta property=\"og:image\" content=\"https:\/\/mont-roig.cat\/wp-content\/uploads\/Placa-Tarragona-1024x683.png\" \/>\n\t<meta property=\"og:image:width\" content=\"1024\" \/>\n\t<meta property=\"og:image:height\" content=\"683\" \/>\n\t<meta property=\"og:image:type\" content=\"image\/png\" \/>\n<meta name=\"author\" content=\"comunicacio\" \/>\n<meta name=\"twitter:card\" content=\"summary_large_image\" \/>\n<meta name=\"twitter:label1\" content=\"Escrito por\" \/>\n\t<meta name=\"twitter:data1\" content=\"comunicacio\" \/>\n\t<meta name=\"twitter:label2\" content=\"Tiempo de lectura\" \/>\n\t<meta name=\"twitter:data2\" content=\"4 minutos\" \/>\n<script type=\"application\/ld+json\" class=\"yoast-schema-graph\">{\"@context\":\"https:\\\/\\\/schema.org\",\"@graph\":[{\"@type\":\"Article\",\"@id\":\"https:\\\/\\\/mont-roig.cat\\\/es\\\/actualitat\\\/noticies\\\/el-ayuntamiento-convoca-al-vecindario-a-una-reunion-informativa-sobre-la-tercera-fase-de-las-obras-de-la-avinguda-de-barcelona\\\/#article\",\"isPartOf\":{\"@id\":\"https:\\\/\\\/mont-roig.cat\\\/es\\\/actualitat\\\/noticies\\\/el-ayuntamiento-convoca-al-vecindario-a-una-reunion-informativa-sobre-la-tercera-fase-de-las-obras-de-la-avinguda-de-barcelona\\\/\"},\"author\":{\"name\":\"comunicacio\",\"@id\":\"https:\\\/\\\/mont-roig.cat\\\/es\\\/#\\\/schema\\\/person\\\/1f73e7b5e6f9dd122e8a6f14f310ac5e\"},\"headline\":\"El Ayuntamiento convoca al vecindario a una reuni\u00f3n informativa sobre la tercera fase de las obras de la Avinguda de Barcelona\",\"datePublished\":\"2025-12-15T12:38:21+00:00\",\"dateModified\":\"2025-12-15T13:10:08+00:00\",\"mainEntityOfPage\":{\"@id\":\"https:\\\/\\\/mont-roig.cat\\\/es\\\/actualitat\\\/noticies\\\/el-ayuntamiento-convoca-al-vecindario-a-una-reunion-informativa-sobre-la-tercera-fase-de-las-obras-de-la-avinguda-de-barcelona\\\/\"},\"wordCount\":652,\"image\":{\"@id\":\"https:\\\/\\\/mont-roig.cat\\\/es\\\/actualitat\\\/noticies\\\/el-ayuntamiento-convoca-al-vecindario-a-una-reunion-informativa-sobre-la-tercera-fase-de-las-obras-de-la-avinguda-de-barcelona\\\/#primaryimage\"},\"thumbnailUrl\":\"https:\\\/\\\/mont-roig.cat\\\/wp-content\\\/uploads\\\/Placa-Tarragona-500x333.png\",\"articleSection\":[\"Alcalde\",\"Ayuntamiento\",\"Urbanismo y obras\"],\"inLanguage\":\"es\"},{\"@type\":\"WebPage\",\"@id\":\"https:\\\/\\\/mont-roig.cat\\\/es\\\/actualitat\\\/noticies\\\/el-ayuntamiento-convoca-al-vecindario-a-una-reunion-informativa-sobre-la-tercera-fase-de-las-obras-de-la-avinguda-de-barcelona\\\/\",\"url\":\"https:\\\/\\\/mont-roig.cat\\\/es\\\/actualitat\\\/noticies\\\/el-ayuntamiento-convoca-al-vecindario-a-una-reunion-informativa-sobre-la-tercera-fase-de-las-obras-de-la-avinguda-de-barcelona\\\/\",\"name\":\"El Ayuntamiento convoca al vecindario a una reuni\u00f3n informativa sobre la tercera fase de las obras de la Avinguda de Barcelona - Ajuntament de Mont-roig del Camp\",\"isPartOf\":{\"@id\":\"https:\\\/\\\/mont-roig.cat\\\/es\\\/#website\"},\"primaryImageOfPage\":{\"@id\":\"https:\\\/\\\/mont-roig.cat\\\/es\\\/actualitat\\\/noticies\\\/el-ayuntamiento-convoca-al-vecindario-a-una-reunion-informativa-sobre-la-tercera-fase-de-las-obras-de-la-avinguda-de-barcelona\\\/#primaryimage\"},\"image\":{\"@id\":\"https:\\\/\\\/mont-roig.cat\\\/es\\\/actualitat\\\/noticies\\\/el-ayuntamiento-convoca-al-vecindario-a-una-reunion-informativa-sobre-la-tercera-fase-de-las-obras-de-la-avinguda-de-barcelona\\\/#primaryimage\"},\"thumbnailUrl\":\"https:\\\/\\\/mont-roig.cat\\\/wp-content\\\/uploads\\\/Placa-Tarragona-500x333.png\",\"datePublished\":\"2025-12-15T12:38:21+00:00\",\"dateModified\":\"2025-12-15T13:10:08+00:00\",\"author\":{\"@id\":\"https:\\\/\\\/mont-roig.cat\\\/es\\\/#\\\/schema\\\/person\\\/1f73e7b5e6f9dd122e8a6f14f310ac5e\"},\"breadcrumb\":{\"@id\":\"https:\\\/\\\/mont-roig.cat\\\/es\\\/actualitat\\\/noticies\\\/el-ayuntamiento-convoca-al-vecindario-a-una-reunion-informativa-sobre-la-tercera-fase-de-las-obras-de-la-avinguda-de-barcelona\\\/#breadcrumb\"},\"inLanguage\":\"es\",\"potentialAction\":[{\"@type\":\"ReadAction\",\"target\":[\"https:\\\/\\\/mont-roig.cat\\\/es\\\/actualitat\\\/noticies\\\/el-ayuntamiento-convoca-al-vecindario-a-una-reunion-informativa-sobre-la-tercera-fase-de-las-obras-de-la-avinguda-de-barcelona\\\/\"]}]},{\"@type\":\"ImageObject\",\"inLanguage\":\"es\",\"@id\":\"https:\\\/\\\/mont-roig.cat\\\/es\\\/actualitat\\\/noticies\\\/el-ayuntamiento-convoca-al-vecindario-a-una-reunion-informativa-sobre-la-tercera-fase-de-las-obras-de-la-avinguda-de-barcelona\\\/#primaryimage\",\"url\":\"https:\\\/\\\/mont-roig.cat\\\/wp-content\\\/uploads\\\/Placa-Tarragona-500x333.png\",\"contentUrl\":\"https:\\\/\\\/mont-roig.cat\\\/wp-content\\\/uploads\\\/Placa-Tarragona-500x333.png\"},{\"@type\":\"BreadcrumbList\",\"@id\":\"https:\\\/\\\/mont-roig.cat\\\/es\\\/actualitat\\\/noticies\\\/el-ayuntamiento-convoca-al-vecindario-a-una-reunion-informativa-sobre-la-tercera-fase-de-las-obras-de-la-avinguda-de-barcelona\\\/#breadcrumb\",\"itemListElement\":[{\"@type\":\"ListItem\",\"position\":1,\"name\":\"Inici\",\"item\":\"https:\\\/\\\/mont-roig.cat\\\/es\\\/pagina-de-inicio\\\/\"},{\"@type\":\"ListItem\",\"position\":2,\"name\":\"El Ayuntamiento convoca al vecindario a una reuni\u00f3n informativa sobre la tercera fase de las obras de la Avinguda de Barcelona\"}]},{\"@type\":\"WebSite\",\"@id\":\"https:\\\/\\\/mont-roig.cat\\\/es\\\/#website\",\"url\":\"https:\\\/\\\/mont-roig.cat\\\/es\\\/\",\"name\":\"Ajuntament de Mont-roig del Camp\",\"description\":\"Tota la informaci\u00f3 sobre la instituci\u00f3, els seus \u00f2rgans de govern, actualitat, serveis i molt m\u00e9s.\",\"potentialAction\":[{\"@type\":\"SearchAction\",\"target\":{\"@type\":\"EntryPoint\",\"urlTemplate\":\"https:\\\/\\\/mont-roig.cat\\\/es\\\/?s={search_term_string}\"},\"query-input\":{\"@type\":\"PropertyValueSpecification\",\"valueRequired\":true,\"valueName\":\"search_term_string\"}}],\"inLanguage\":\"es\"},{\"@type\":\"Person\",\"@id\":\"https:\\\/\\\/mont-roig.cat\\\/es\\\/#\\\/schema\\\/person\\\/1f73e7b5e6f9dd122e8a6f14f310ac5e\",\"name\":\"comunicacio\",\"image\":{\"@type\":\"ImageObject\",\"inLanguage\":\"es\",\"@id\":\"https:\\\/\\\/secure.gravatar.com\\\/avatar\\\/98944333e7a877670a64f8d10f0cb680ab2c9ebc4efc43945ef004b52b5ad28c?s=96&d=mm&r=g\",\"url\":\"https:\\\/\\\/secure.gravatar.com\\\/avatar\\\/98944333e7a877670a64f8d10f0cb680ab2c9ebc4efc43945ef004b52b5ad28c?s=96&d=mm&r=g\",\"contentUrl\":\"https:\\\/\\\/secure.gravatar.com\\\/avatar\\\/98944333e7a877670a64f8d10f0cb680ab2c9ebc4efc43945ef004b52b5ad28c?s=96&d=mm&r=g\",\"caption\":\"comunicacio\"},\"url\":\"https:\\\/\\\/mont-roig.cat\\\/es\\\/actualitat\\\/noticies\\\/author\\\/comunicacio\\\/\"}]}<\/script>\n<!-- \/ Yoast SEO plugin. -->","yoast_head_json":{"title":"El Ayuntamiento convoca al vecindario a una reuni\u00f3n informativa sobre la tercera fase de las obras de la Avinguda de Barcelona - Ajuntament de Mont-roig del Camp","robots":{"index":"index","follow":"follow","max-snippet":"max-snippet:-1","max-image-preview":"max-image-preview:large","max-video-preview":"max-video-preview:-1"},"canonical":"https:\/\/mont-roig.cat\/es\/actualitat\/noticies\/el-ayuntamiento-convoca-al-vecindario-a-una-reunion-informativa-sobre-la-tercera-fase-de-las-obras-de-la-avinguda-de-barcelona\/","og_locale":"es_ES","og_type":"article","og_title":"El Ayuntamiento convoca al vecindario a una reuni\u00f3n informativa sobre la tercera fase de las obras de la Avinguda de Barcelona - Ajuntament de Mont-roig del Camp","og_description":"La sesi\u00f3n tendr\u00e1 lugar el lunes 22 de diciembre en el Centre Polivalent de Miami Platja y servir\u00e1 para explicar los detalles del proyecto y los posibles afectados, especialmente en movilidad. Con un presupuesto de cerca de 6,9 millones de euros, las obras se iniciar\u00e1n despu\u00e9s de las fiestas de Navidad y tienen una duraci\u00f3n [&hellip;]","og_url":"https:\/\/mont-roig.cat\/es\/actualitat\/noticies\/el-ayuntamiento-convoca-al-vecindario-a-una-reunion-informativa-sobre-la-tercera-fase-de-las-obras-de-la-avinguda-de-barcelona\/","og_site_name":"Ajuntament de Mont-roig del Camp","article_published_time":"2025-12-15T12:38:21+00:00","article_modified_time":"2025-12-15T13:10:08+00:00","og_image":[{"width":1024,"height":683,"url":"https:\/\/mont-roig.cat\/wp-content\/uploads\/Placa-Tarragona-1024x683.png","type":"image\/png"}],"author":"comunicacio","twitter_card":"summary_large_image","twitter_misc":{"Escrito por":"comunicacio","Tiempo de lectura":"4 minutos"},"schema":{"@context":"https:\/\/schema.org","@graph":[{"@type":"Article","@id":"https:\/\/mont-roig.cat\/es\/actualitat\/noticies\/el-ayuntamiento-convoca-al-vecindario-a-una-reunion-informativa-sobre-la-tercera-fase-de-las-obras-de-la-avinguda-de-barcelona\/#article","isPartOf":{"@id":"https:\/\/mont-roig.cat\/es\/actualitat\/noticies\/el-ayuntamiento-convoca-al-vecindario-a-una-reunion-informativa-sobre-la-tercera-fase-de-las-obras-de-la-avinguda-de-barcelona\/"},"author":{"name":"comunicacio","@id":"https:\/\/mont-roig.cat\/es\/#\/schema\/person\/1f73e7b5e6f9dd122e8a6f14f310ac5e"},"headline":"El Ayuntamiento convoca al vecindario a una reuni\u00f3n informativa sobre la tercera fase de las obras de la Avinguda de Barcelona","datePublished":"2025-12-15T12:38:21+00:00","dateModified":"2025-12-15T13:10:08+00:00","mainEntityOfPage":{"@id":"https:\/\/mont-roig.cat\/es\/actualitat\/noticies\/el-ayuntamiento-convoca-al-vecindario-a-una-reunion-informativa-sobre-la-tercera-fase-de-las-obras-de-la-avinguda-de-barcelona\/"},"wordCount":652,"image":{"@id":"https:\/\/mont-roig.cat\/es\/actualitat\/noticies\/el-ayuntamiento-convoca-al-vecindario-a-una-reunion-informativa-sobre-la-tercera-fase-de-las-obras-de-la-avinguda-de-barcelona\/#primaryimage"},"thumbnailUrl":"https:\/\/mont-roig.cat\/wp-content\/uploads\/Placa-Tarragona-500x333.png","articleSection":["Alcalde","Ayuntamiento","Urbanismo y obras"],"inLanguage":"es"},{"@type":"WebPage","@id":"https:\/\/mont-roig.cat\/es\/actualitat\/noticies\/el-ayuntamiento-convoca-al-vecindario-a-una-reunion-informativa-sobre-la-tercera-fase-de-las-obras-de-la-avinguda-de-barcelona\/","url":"https:\/\/mont-roig.cat\/es\/actualitat\/noticies\/el-ayuntamiento-convoca-al-vecindario-a-una-reunion-informativa-sobre-la-tercera-fase-de-las-obras-de-la-avinguda-de-barcelona\/","name":"El Ayuntamiento convoca al vecindario a una reuni\u00f3n informativa sobre la tercera fase de las obras de la Avinguda de Barcelona - Ajuntament de Mont-roig del Camp","isPartOf":{"@id":"https:\/\/mont-roig.cat\/es\/#website"},"primaryImageOfPage":{"@id":"https:\/\/mont-roig.cat\/es\/actualitat\/noticies\/el-ayuntamiento-convoca-al-vecindario-a-una-reunion-informativa-sobre-la-tercera-fase-de-las-obras-de-la-avinguda-de-barcelona\/#primaryimage"},"image":{"@id":"https:\/\/mont-roig.cat\/es\/actualitat\/noticies\/el-ayuntamiento-convoca-al-vecindario-a-una-reunion-informativa-sobre-la-tercera-fase-de-las-obras-de-la-avinguda-de-barcelona\/#primaryimage"},"thumbnailUrl":"https:\/\/mont-roig.cat\/wp-content\/uploads\/Placa-Tarragona-500x333.png","datePublished":"2025-12-15T12:38:21+00:00","dateModified":"2025-12-15T13:10:08+00:00","author":{"@id":"https:\/\/mont-roig.cat\/es\/#\/schema\/person\/1f73e7b5e6f9dd122e8a6f14f310ac5e"},"breadcrumb":{"@id":"https:\/\/mont-roig.cat\/es\/actualitat\/noticies\/el-ayuntamiento-convoca-al-vecindario-a-una-reunion-informativa-sobre-la-tercera-fase-de-las-obras-de-la-avinguda-de-barcelona\/#breadcrumb"},"inLanguage":"es","potentialAction":[{"@type":"ReadAction","target":["https:\/\/mont-roig.cat\/es\/actualitat\/noticies\/el-ayuntamiento-convoca-al-vecindario-a-una-reunion-informativa-sobre-la-tercera-fase-de-las-obras-de-la-avinguda-de-barcelona\/"]}]},{"@type":"ImageObject","inLanguage":"es","@id":"https:\/\/mont-roig.cat\/es\/actualitat\/noticies\/el-ayuntamiento-convoca-al-vecindario-a-una-reunion-informativa-sobre-la-tercera-fase-de-las-obras-de-la-avinguda-de-barcelona\/#primaryimage","url":"https:\/\/mont-roig.cat\/wp-content\/uploads\/Placa-Tarragona-500x333.png","contentUrl":"https:\/\/mont-roig.cat\/wp-content\/uploads\/Placa-Tarragona-500x333.png"},{"@type":"BreadcrumbList","@id":"https:\/\/mont-roig.cat\/es\/actualitat\/noticies\/el-ayuntamiento-convoca-al-vecindario-a-una-reunion-informativa-sobre-la-tercera-fase-de-las-obras-de-la-avinguda-de-barcelona\/#breadcrumb","itemListElement":[{"@type":"ListItem","position":1,"name":"Inici","item":"https:\/\/mont-roig.cat\/es\/pagina-de-inicio\/"},{"@type":"ListItem","position":2,"name":"El Ayuntamiento convoca al vecindario a una reuni\u00f3n informativa sobre la tercera fase de las obras de la Avinguda de Barcelona"}]},{"@type":"WebSite","@id":"https:\/\/mont-roig.cat\/es\/#website","url":"https:\/\/mont-roig.cat\/es\/","name":"Ajuntament de Mont-roig del Camp","description":"Tota la informaci\u00f3 sobre la instituci\u00f3, els seus \u00f2rgans de govern, actualitat, serveis i molt m\u00e9s.","potentialAction":[{"@type":"SearchAction","target":{"@type":"EntryPoint","urlTemplate":"https:\/\/mont-roig.cat\/es\/?s={search_term_string}"},"query-input":{"@type":"PropertyValueSpecification","valueRequired":true,"valueName":"search_term_string"}}],"inLanguage":"es"},{"@type":"Person","@id":"https:\/\/mont-roig.cat\/es\/#\/schema\/person\/1f73e7b5e6f9dd122e8a6f14f310ac5e","name":"comunicacio","image":{"@type":"ImageObject","inLanguage":"es","@id":"https:\/\/secure.gravatar.com\/avatar\/98944333e7a877670a64f8d10f0cb680ab2c9ebc4efc43945ef004b52b5ad28c?s=96&d=mm&r=g","url":"https:\/\/secure.gravatar.com\/avatar\/98944333e7a877670a64f8d10f0cb680ab2c9ebc4efc43945ef004b52b5ad28c?s=96&d=mm&r=g","contentUrl":"https:\/\/secure.gravatar.com\/avatar\/98944333e7a877670a64f8d10f0cb680ab2c9ebc4efc43945ef004b52b5ad28c?s=96&d=mm&r=g","caption":"comunicacio"},"url":"https:\/\/mont-roig.cat\/es\/actualitat\/noticies\/author\/comunicacio\/"}]}},"_links":{"self":[{"href":"https:\/\/mont-roig.cat\/es\/wp-json\/wp\/v2\/posts\/87300","targetHints":{"allow":["GET"]}}],"collection":[{"href":"https:\/\/mont-roig.cat\/es\/wp-json\/wp\/v2\/posts"}],"about":[{"href":"https:\/\/mont-roig.cat\/es\/wp-json\/wp\/v2\/types\/post"}],"author":[{"embeddable":true,"href":"https:\/\/mont-roig.cat\/es\/wp-json\/wp\/v2\/users\/13"}],"replies":[{"embeddable":true,"href":"https:\/\/mont-roig.cat\/es\/wp-json\/wp\/v2\/comments?post=87300"}],"version-history":[{"count":2,"href":"https:\/\/mont-roig.cat\/es\/wp-json\/wp\/v2\/posts\/87300\/revisions"}],"predecessor-version":[{"id":87302,"href":"https:\/\/mont-roig.cat\/es\/wp-json\/wp\/v2\/posts\/87300\/revisions\/87302"}],"wp:attachment":[{"href":"https:\/\/mont-roig.cat\/es\/wp-json\/wp\/v2\/media?parent=87300"}],"wp:term":[{"taxonomy":"category","embeddable":true,"href":"https:\/\/mont-roig.cat\/es\/wp-json\/wp\/v2\/categories?post=87300"},{"taxonomy":"post_tag","embeddable":true,"href":"https:\/\/mont-roig.cat\/es\/wp-json\/wp\/v2\/tags?post=87300"}],"curies":[{"name":"wp","href":"https:\/\/api.w.org\/{rel}","templated":true}]}}