{"id":87364,"date":"2025-12-16T20:53:49","date_gmt":"2025-12-16T19:53:49","guid":{"rendered":"https:\/\/mont-roig.cat\/actualitat\/noticies\/nostreserveis-executa-mes-duna-dotzena-dactuacions-de-millora-de-lasfalt-a-la-via-publica\/"},"modified":"2025-12-16T21:02:17","modified_gmt":"2025-12-16T20:02:17","slug":"nostreserveis-ejecuta-mas-de-una-docena-de-actuaciones-de-mejora-del-asfaltado-en-la-via-publica","status":"publish","type":"post","link":"https:\/\/mont-roig.cat\/es\/actualitat\/noticies\/nostreserveis-ejecuta-mas-de-una-docena-de-actuaciones-de-mejora-del-asfaltado-en-la-via-publica\/","title":{"rendered":"Nostreserveis ejecuta m\u00e1s de una docena de actuaciones de mejora del asfaltado en la v\u00eda p\u00fablica"},"content":{"rendered":"<div id=\"attachment_87354\" style=\"width: 312px\" class=\"wp-caption alignright\"><a href=\"https:\/\/mont-roig.cat\/wp-content\/uploads\/carrers4.png\" target=\"_blank\" rel=\"noopener\"><img loading=\"lazy\" decoding=\"async\" aria-describedby=\"caption-attachment-87354\" class=\"wp-image-87354\" src=\"https:\/\/mont-roig.cat\/wp-content\/uploads\/carrers4-500x376.png\" alt=\"\" width=\"302\" height=\"227\" srcset=\"https:\/\/mont-roig.cat\/wp-content\/uploads\/carrers4-500x376.png 500w, https:\/\/mont-roig.cat\/wp-content\/uploads\/carrers4-768x578.png 768w, https:\/\/mont-roig.cat\/wp-content\/uploads\/carrers4-463x348.png 463w, https:\/\/mont-roig.cat\/wp-content\/uploads\/carrers4.png 816w\" sizes=\"auto, (max-width: 302px) 100vw, 302px\" \/><\/a><p id=\"caption-attachment-87354\" class=\"wp-caption-text\">Mejoras en el asfaltado de la calle Ecuador.<\/p><\/div>\n<ul>\n<li data-start=\"112\" data-end=\"263\"><strong>Las obras, realizadas a finales de a\u00f1o, han permitido reparar tramos en mal estado y mejorar la seguridad y la circulaci\u00f3n de veh\u00edculos<\/strong><\/li>\n<\/ul>\n<p data-start=\"265\" data-end=\"547\">Durante este final de a\u00f1o, la empresa municipal Nostreserveis ha llevado a cabo m\u00e1s de una docena de actuaciones de reparaci\u00f3n y mejora del asfaltado en distintos puntos de la v\u00eda p\u00fablica que presentaban un estado deficiente y dificultaban la circulaci\u00f3n de veh\u00edculos.<\/p>\n<p data-start=\"549\" data-end=\"788\">Las principales incidencias detectadas han sido elevaciones del pavimento causadas por el crecimiento de las ra\u00edces de \u00e1rboles cercanos, as\u00ed como hundimientos producidos por zonas blandas o por filtraciones de agua bajo el firme asf\u00e1ltico.<\/p>\n<p data-start=\"790\" data-end=\"1054\">Los trabajos realizados han consistido en el fresado del asfalto deteriorado mediante maquinaria pesada y la posterior aplicaci\u00f3n de asfalto en caliente, con compactaci\u00f3n inmediata, con el objetivo de garantizar una superficie de rodadura plana, segura y duradera.<\/p>\n<p data-start=\"1056\" data-end=\"1337\" data-is-last-node=\"\" data-is-only-node=\"\">Una vez finalizadas las actuaciones, tambi\u00e9n se ha procedido al repintado de los pasos de peatones y de la se\u00f1alizaci\u00f3n horizontal afectada, que hab\u00eda quedado borrada como consecuencia de las obras, asegurando as\u00ed una correcta se\u00f1alizaci\u00f3n y una mejora global de la seguridad vial.<\/p>\n\n\t\t<!-- MasterSlider -->\n\t\t<div id=\"P_MS69f4fa591ce26\" class=\"master-slider-parent master-slider-gallery   ms-parent-id-0\"  >\n\n\t\t\t\n\t\t\t<!-- MasterSlider Main -->\n\t\t\t<div id=\"MS69f4fa591ce26\" class=\"master-slider ms-skin-default\" >\n\t\t\t\t \t\t\t\t \n\t\t\t<div  class=\"ms-slide\" data-delay=\"3\"    >\n\t\t\t\t\t<img decoding=\"async\" src=\"https:\/\/mont-roig.cat\/wp-content\/plugins\/masterslider\/public\/assets\/css\/blank.gif\" alt=\"carrers2\" title=\"carrers2\" data-src=\"https:\/\/mont-roig.cat\/wp-content\/uploadsArray\" \/>\n\t<a href=\"https:\/\/mont-roig.cat\/es\/actualitat\/noticies\/nostreserveis-ejecuta-mas-de-una-docena-de-actuaciones-de-mejora-del-asfaltado-en-la-via-publica\/carrers2-2-2\/\" target=\"_self\"    >carrers2<\/a>\n\n\t\t\t\t\t<div class=\"ms-info\">carrers2<\/div>\n\n\n\t<img decoding=\"async\" class=\"ms-thumb\" src=\"https:\/\/mont-roig.cat\/wp-content\/uploadsArray\" alt=\"carrers2\" \/>\n\t\t\t\t<\/div>\n\t\t\t<div  class=\"ms-slide\" data-delay=\"3\"    >\n\t\t\t\t\t<img decoding=\"async\" src=\"https:\/\/mont-roig.cat\/wp-content\/plugins\/masterslider\/public\/assets\/css\/blank.gif\" alt=\"carrers\" title=\"carrers\" data-src=\"https:\/\/mont-roig.cat\/wp-content\/uploadsArray\" \/>\n\t<a href=\"https:\/\/mont-roig.cat\/es\/actualitat\/noticies\/nostreserveis-ejecuta-mas-de-una-docena-de-actuaciones-de-mejora-del-asfaltado-en-la-via-publica\/carrers-2-2\/\" target=\"_self\"    >carrers<\/a>\n\n\t\t\t\t\t<div class=\"ms-info\">carrers<\/div>\n\n\n\t<img decoding=\"async\" class=\"ms-thumb\" src=\"https:\/\/mont-roig.cat\/wp-content\/uploadsArray\" alt=\"carrers\" \/>\n\t\t\t\t<\/div>\n\t\t\t<div  class=\"ms-slide\" data-delay=\"3\"    >\n\t\t\t\t\t<img decoding=\"async\" src=\"https:\/\/mont-roig.cat\/wp-content\/plugins\/masterslider\/public\/assets\/css\/blank.gif\" alt=\"carrers1\" title=\"carrers1\" data-src=\"https:\/\/mont-roig.cat\/wp-content\/uploadsArray\" \/>\n\t<a href=\"https:\/\/mont-roig.cat\/es\/actualitat\/noticies\/nostreserveis-ejecuta-mas-de-una-docena-de-actuaciones-de-mejora-del-asfaltado-en-la-via-publica\/carrers1\/\" target=\"_self\"    >carrers1<\/a>\n\n\t\t\t\t\t<div class=\"ms-info\">carrers1<\/div>\n\n\n\t<img decoding=\"async\" class=\"ms-thumb\" src=\"https:\/\/mont-roig.cat\/wp-content\/uploadsArray\" alt=\"carrers1\" \/>\n\t\t\t\t<\/div>\n\t\t\t<div  class=\"ms-slide\" data-delay=\"3\"    >\n\t\t\t\t\t<img decoding=\"async\" src=\"https:\/\/mont-roig.cat\/wp-content\/plugins\/masterslider\/public\/assets\/css\/blank.gif\" alt=\"carrer 2 abans\" title=\"carrer 2 abans\" data-src=\"https:\/\/mont-roig.cat\/wp-content\/uploadsArray\" \/>\n\t<a href=\"https:\/\/mont-roig.cat\/es\/actualitat\/noticies\/nostreserveis-ejecuta-mas-de-una-docena-de-actuaciones-de-mejora-del-asfaltado-en-la-via-publica\/carrer-2-abans\/\" target=\"_self\"    >carrer 2 abans<\/a>\n\n\t\t\t\t\t<div class=\"ms-info\">carrer 2 abans<\/div>\n\n\n\t<img decoding=\"async\" class=\"ms-thumb\" src=\"https:\/\/mont-roig.cat\/wp-content\/uploadsArray\" alt=\"carrer 2 abans\" \/>\n\t\t\t\t<\/div>\n\n\t\t\t<\/div>\n\t\t\t<!-- END MasterSlider Main -->\n\n\t\t\t \n\t\t<\/div>\n\t\t<!-- END MasterSlider -->\n\n\t\t<script>\n\t\t( window.MSReady = window.MSReady || [] ).push( function( $ ) {\n\n\t\t\t\"use strict\";\n\t\t\tvar masterslider_ce26 = new MasterSlider();\n\n\t\t\t\/\/ slider controls\n\t\t\tmasterslider_ce26.control('arrows'     ,{ autohide:true, overVideo:true  });\n\t\t\tmasterslider_ce26.control('thumblist'  ,{ autohide:false, overVideo:true, dir:'h', speed:17, inset:false, arrows:false, hover:false, customClass:'', align:'bottom',type:'thumbs', margin:2, width:140, height:80, space:2, fillMode:'fill'  });\n\t\t\tmasterslider_ce26.control('slideinfo'  ,{ autohide:true, overVideo:true, dir:'h', align:'bottom',inset:true , margin:80  , size:30 });\n\t\t\t\/\/ slider setup\n\t\t\tmasterslider_ce26.setup(\"MS69f4fa591ce26\", {\n\t\t\t\twidth           : 960,\n\t\t\t\theight          : 540,\n\t\t\t\tminHeight       : 0,\n\t\t\t\tspace           : 0,\n\t\t\t\tstart           : 1,\n\t\t\t\tgrabCursor      : true,\n\t\t\t\tswipe           : true,\n\t\t\t\tmouse           : true,\n\t\t\t\tkeyboard        : false,\n\t\t\t\tlayout          : \"fillwidth\",\n\t\t\t\twheel           : false,\n\t\t\t\tautoplay        : false,\n                instantStartLayers:false,\n\t\t\t\tmobileBGVideo:false,\n\t\t\t\tloop            : false,\n\t\t\t\tshuffle         : false,\n\t\t\t\tpreload         : 3,\n\t\t\t\theightLimit     : false,\n\t\t\t\tautoHeight      : false,\n\t\t\t\tsmoothHeight    : true,\n\t\t\t\tendPause        : false,\n\t\t\t\toverPause       : false,\n\t\t\t\tfillMode        : \"fill\",\n\t\t\t\tcenterControls  : true,\n\t\t\t\tstartOnAppear   : false,\n\t\t\t\tlayersMode      : \"center\",\n\t\t\t\tautofillTarget  : \"\",\n\t\t\t\thideLayers      : false,\n\t\t\t\tfullscreenMargin: 0,\n\t\t\t\tspeed           : 17,\n\t\t\t\tdir             : \"h\",\n\t\t\t\tparallaxMode    : 'swipe',\n\t\t\t\tview            : \"basic\"\n\t\t\t});\n\n\t\t\t\n\t\t\twindow.masterslider_instances = window.masterslider_instances || [];\n\t\t\twindow.masterslider_instances.push( masterslider_ce26 );\n\t\t});\n\t\t<\/script>\n\n\n","protected":false},"excerpt":{"rendered":"<p>Las obras, realizadas a finales de a\u00f1o, han permitido reparar tramos en mal estado y mejorar la seguridad y la circulaci\u00f3n de veh\u00edculos Durante este final de a\u00f1o, la empresa municipal Nostreserveis ha llevado a cabo m\u00e1s de una docena de actuaciones de reparaci\u00f3n y mejora del asfaltado en distintos puntos de la v\u00eda p\u00fablica [&hellip;]<\/p>\n","protected":false},"author":13,"featured_media":87358,"comment_status":"closed","ping_status":"closed","sticky":false,"template":"","format":"standard","meta":{"inline_featured_image":false,"_monsterinsights_skip_tracking":false,"_monsterinsights_sitenote_active":false,"_monsterinsights_sitenote_note":"","_monsterinsights_sitenote_category":0,"footnotes":""},"categories":[98,204],"tags":[],"class_list":["post-87364","post","type-post","status-publish","format-standard","has-post-thumbnail","hentry","category-ayuntamiento","category-nostreserveis-es"],"yoast_head":"<!-- This site is optimized with the Yoast SEO plugin v27.4 - https:\/\/yoast.com\/product\/yoast-seo-wordpress\/ -->\n<title>Nostreserveis ejecuta m\u00e1s de una docena de actuaciones de mejora del asfaltado en la v\u00eda p\u00fablica - Ajuntament de Mont-roig del Camp<\/title>\n<meta name=\"robots\" content=\"index, follow, max-snippet:-1, max-image-preview:large, max-video-preview:-1\" \/>\n<link rel=\"canonical\" href=\"https:\/\/mont-roig.cat\/es\/actualitat\/noticies\/nostreserveis-ejecuta-mas-de-una-docena-de-actuaciones-de-mejora-del-asfaltado-en-la-via-publica\/\" \/>\n<meta property=\"og:locale\" content=\"es_ES\" \/>\n<meta property=\"og:type\" content=\"article\" \/>\n<meta property=\"og:title\" content=\"Nostreserveis ejecuta m\u00e1s de una docena de actuaciones de mejora del asfaltado en la v\u00eda p\u00fablica - Ajuntament de Mont-roig del Camp\" \/>\n<meta property=\"og:description\" content=\"Las obras, realizadas a finales de a\u00f1o, han permitido reparar tramos en mal estado y mejorar la seguridad y la circulaci\u00f3n de veh\u00edculos Durante este final de a\u00f1o, la empresa municipal Nostreserveis ha llevado a cabo m\u00e1s de una docena de actuaciones de reparaci\u00f3n y mejora del asfaltado en distintos puntos de la v\u00eda p\u00fablica [&hellip;]\" \/>\n<meta property=\"og:url\" content=\"https:\/\/mont-roig.cat\/es\/actualitat\/noticies\/nostreserveis-ejecuta-mas-de-una-docena-de-actuaciones-de-mejora-del-asfaltado-en-la-via-publica\/\" \/>\n<meta property=\"og:site_name\" content=\"Ajuntament de Mont-roig del Camp\" \/>\n<meta property=\"article:published_time\" content=\"2025-12-16T19:53:49+00:00\" \/>\n<meta property=\"article:modified_time\" content=\"2025-12-16T20:02:17+00:00\" \/>\n<meta property=\"og:image\" content=\"https:\/\/mont-roig.cat\/wp-content\/uploads\/carrers4.png\" \/>\n\t<meta property=\"og:image:width\" content=\"816\" \/>\n\t<meta property=\"og:image:height\" content=\"614\" \/>\n\t<meta property=\"og:image:type\" content=\"image\/png\" \/>\n<meta name=\"author\" content=\"comunicacio\" \/>\n<meta name=\"twitter:card\" content=\"summary_large_image\" \/>\n<meta name=\"twitter:label1\" content=\"Escrito por\" \/>\n\t<meta name=\"twitter:data1\" content=\"comunicacio\" \/>\n\t<meta name=\"twitter:label2\" content=\"Tiempo de lectura\" \/>\n\t<meta name=\"twitter:data2\" content=\"2 minutos\" \/>\n<script type=\"application\/ld+json\" class=\"yoast-schema-graph\">{\"@context\":\"https:\\\/\\\/schema.org\",\"@graph\":[{\"@type\":\"Article\",\"@id\":\"https:\\\/\\\/mont-roig.cat\\\/es\\\/actualitat\\\/noticies\\\/nostreserveis-ejecuta-mas-de-una-docena-de-actuaciones-de-mejora-del-asfaltado-en-la-via-publica\\\/#article\",\"isPartOf\":{\"@id\":\"https:\\\/\\\/mont-roig.cat\\\/es\\\/actualitat\\\/noticies\\\/nostreserveis-ejecuta-mas-de-una-docena-de-actuaciones-de-mejora-del-asfaltado-en-la-via-publica\\\/\"},\"author\":{\"name\":\"comunicacio\",\"@id\":\"https:\\\/\\\/mont-roig.cat\\\/es\\\/#\\\/schema\\\/person\\\/1f73e7b5e6f9dd122e8a6f14f310ac5e\"},\"headline\":\"Nostreserveis ejecuta m\u00e1s de una docena de actuaciones de mejora del asfaltado en la v\u00eda p\u00fablica\",\"datePublished\":\"2025-12-16T19:53:49+00:00\",\"dateModified\":\"2025-12-16T20:02:17+00:00\",\"mainEntityOfPage\":{\"@id\":\"https:\\\/\\\/mont-roig.cat\\\/es\\\/actualitat\\\/noticies\\\/nostreserveis-ejecuta-mas-de-una-docena-de-actuaciones-de-mejora-del-asfaltado-en-la-via-publica\\\/\"},\"wordCount\":245,\"image\":{\"@id\":\"https:\\\/\\\/mont-roig.cat\\\/es\\\/actualitat\\\/noticies\\\/nostreserveis-ejecuta-mas-de-una-docena-de-actuaciones-de-mejora-del-asfaltado-en-la-via-publica\\\/#primaryimage\"},\"thumbnailUrl\":\"https:\\\/\\\/mont-roig.cat\\\/wp-content\\\/uploads\\\/carrers4.png\",\"articleSection\":[\"Ayuntamiento\",\"Nostreserveis\"],\"inLanguage\":\"es\"},{\"@type\":\"WebPage\",\"@id\":\"https:\\\/\\\/mont-roig.cat\\\/es\\\/actualitat\\\/noticies\\\/nostreserveis-ejecuta-mas-de-una-docena-de-actuaciones-de-mejora-del-asfaltado-en-la-via-publica\\\/\",\"url\":\"https:\\\/\\\/mont-roig.cat\\\/es\\\/actualitat\\\/noticies\\\/nostreserveis-ejecuta-mas-de-una-docena-de-actuaciones-de-mejora-del-asfaltado-en-la-via-publica\\\/\",\"name\":\"Nostreserveis ejecuta m\u00e1s de una docena de actuaciones de mejora del asfaltado en la v\u00eda p\u00fablica - Ajuntament de Mont-roig del Camp\",\"isPartOf\":{\"@id\":\"https:\\\/\\\/mont-roig.cat\\\/es\\\/#website\"},\"primaryImageOfPage\":{\"@id\":\"https:\\\/\\\/mont-roig.cat\\\/es\\\/actualitat\\\/noticies\\\/nostreserveis-ejecuta-mas-de-una-docena-de-actuaciones-de-mejora-del-asfaltado-en-la-via-publica\\\/#primaryimage\"},\"image\":{\"@id\":\"https:\\\/\\\/mont-roig.cat\\\/es\\\/actualitat\\\/noticies\\\/nostreserveis-ejecuta-mas-de-una-docena-de-actuaciones-de-mejora-del-asfaltado-en-la-via-publica\\\/#primaryimage\"},\"thumbnailUrl\":\"https:\\\/\\\/mont-roig.cat\\\/wp-content\\\/uploads\\\/carrers4.png\",\"datePublished\":\"2025-12-16T19:53:49+00:00\",\"dateModified\":\"2025-12-16T20:02:17+00:00\",\"author\":{\"@id\":\"https:\\\/\\\/mont-roig.cat\\\/es\\\/#\\\/schema\\\/person\\\/1f73e7b5e6f9dd122e8a6f14f310ac5e\"},\"breadcrumb\":{\"@id\":\"https:\\\/\\\/mont-roig.cat\\\/es\\\/actualitat\\\/noticies\\\/nostreserveis-ejecuta-mas-de-una-docena-de-actuaciones-de-mejora-del-asfaltado-en-la-via-publica\\\/#breadcrumb\"},\"inLanguage\":\"es\",\"potentialAction\":[{\"@type\":\"ReadAction\",\"target\":[\"https:\\\/\\\/mont-roig.cat\\\/es\\\/actualitat\\\/noticies\\\/nostreserveis-ejecuta-mas-de-una-docena-de-actuaciones-de-mejora-del-asfaltado-en-la-via-publica\\\/\"]}]},{\"@type\":\"ImageObject\",\"inLanguage\":\"es\",\"@id\":\"https:\\\/\\\/mont-roig.cat\\\/es\\\/actualitat\\\/noticies\\\/nostreserveis-ejecuta-mas-de-una-docena-de-actuaciones-de-mejora-del-asfaltado-en-la-via-publica\\\/#primaryimage\",\"url\":\"https:\\\/\\\/mont-roig.cat\\\/wp-content\\\/uploads\\\/carrers4.png\",\"contentUrl\":\"https:\\\/\\\/mont-roig.cat\\\/wp-content\\\/uploads\\\/carrers4.png\",\"width\":816,\"height\":614},{\"@type\":\"BreadcrumbList\",\"@id\":\"https:\\\/\\\/mont-roig.cat\\\/es\\\/actualitat\\\/noticies\\\/nostreserveis-ejecuta-mas-de-una-docena-de-actuaciones-de-mejora-del-asfaltado-en-la-via-publica\\\/#breadcrumb\",\"itemListElement\":[{\"@type\":\"ListItem\",\"position\":1,\"name\":\"Inici\",\"item\":\"https:\\\/\\\/mont-roig.cat\\\/es\\\/pagina-de-inicio\\\/\"},{\"@type\":\"ListItem\",\"position\":2,\"name\":\"Nostreserveis ejecuta m\u00e1s de una docena de actuaciones de mejora del asfaltado en la v\u00eda p\u00fablica\"}]},{\"@type\":\"WebSite\",\"@id\":\"https:\\\/\\\/mont-roig.cat\\\/es\\\/#website\",\"url\":\"https:\\\/\\\/mont-roig.cat\\\/es\\\/\",\"name\":\"Ajuntament de Mont-roig del Camp\",\"description\":\"Tota la informaci\u00f3 sobre la instituci\u00f3, els seus \u00f2rgans de govern, actualitat, serveis i molt m\u00e9s.\",\"potentialAction\":[{\"@type\":\"SearchAction\",\"target\":{\"@type\":\"EntryPoint\",\"urlTemplate\":\"https:\\\/\\\/mont-roig.cat\\\/es\\\/?s={search_term_string}\"},\"query-input\":{\"@type\":\"PropertyValueSpecification\",\"valueRequired\":true,\"valueName\":\"search_term_string\"}}],\"inLanguage\":\"es\"},{\"@type\":\"Person\",\"@id\":\"https:\\\/\\\/mont-roig.cat\\\/es\\\/#\\\/schema\\\/person\\\/1f73e7b5e6f9dd122e8a6f14f310ac5e\",\"name\":\"comunicacio\",\"image\":{\"@type\":\"ImageObject\",\"inLanguage\":\"es\",\"@id\":\"https:\\\/\\\/secure.gravatar.com\\\/avatar\\\/98944333e7a877670a64f8d10f0cb680ab2c9ebc4efc43945ef004b52b5ad28c?s=96&d=mm&r=g\",\"url\":\"https:\\\/\\\/secure.gravatar.com\\\/avatar\\\/98944333e7a877670a64f8d10f0cb680ab2c9ebc4efc43945ef004b52b5ad28c?s=96&d=mm&r=g\",\"contentUrl\":\"https:\\\/\\\/secure.gravatar.com\\\/avatar\\\/98944333e7a877670a64f8d10f0cb680ab2c9ebc4efc43945ef004b52b5ad28c?s=96&d=mm&r=g\",\"caption\":\"comunicacio\"},\"url\":\"https:\\\/\\\/mont-roig.cat\\\/es\\\/actualitat\\\/noticies\\\/author\\\/comunicacio\\\/\"}]}<\/script>\n<!-- \/ Yoast SEO plugin. -->","yoast_head_json":{"title":"Nostreserveis ejecuta m\u00e1s de una docena de actuaciones de mejora del asfaltado en la v\u00eda p\u00fablica - Ajuntament de Mont-roig del Camp","robots":{"index":"index","follow":"follow","max-snippet":"max-snippet:-1","max-image-preview":"max-image-preview:large","max-video-preview":"max-video-preview:-1"},"canonical":"https:\/\/mont-roig.cat\/es\/actualitat\/noticies\/nostreserveis-ejecuta-mas-de-una-docena-de-actuaciones-de-mejora-del-asfaltado-en-la-via-publica\/","og_locale":"es_ES","og_type":"article","og_title":"Nostreserveis ejecuta m\u00e1s de una docena de actuaciones de mejora del asfaltado en la v\u00eda p\u00fablica - Ajuntament de Mont-roig del Camp","og_description":"Las obras, realizadas a finales de a\u00f1o, han permitido reparar tramos en mal estado y mejorar la seguridad y la circulaci\u00f3n de veh\u00edculos Durante este final de a\u00f1o, la empresa municipal Nostreserveis ha llevado a cabo m\u00e1s de una docena de actuaciones de reparaci\u00f3n y mejora del asfaltado en distintos puntos de la v\u00eda p\u00fablica [&hellip;]","og_url":"https:\/\/mont-roig.cat\/es\/actualitat\/noticies\/nostreserveis-ejecuta-mas-de-una-docena-de-actuaciones-de-mejora-del-asfaltado-en-la-via-publica\/","og_site_name":"Ajuntament de Mont-roig del Camp","article_published_time":"2025-12-16T19:53:49+00:00","article_modified_time":"2025-12-16T20:02:17+00:00","og_image":[{"width":816,"height":614,"url":"https:\/\/mont-roig.cat\/wp-content\/uploads\/carrers4.png","type":"image\/png"}],"author":"comunicacio","twitter_card":"summary_large_image","twitter_misc":{"Escrito por":"comunicacio","Tiempo de lectura":"2 minutos"},"schema":{"@context":"https:\/\/schema.org","@graph":[{"@type":"Article","@id":"https:\/\/mont-roig.cat\/es\/actualitat\/noticies\/nostreserveis-ejecuta-mas-de-una-docena-de-actuaciones-de-mejora-del-asfaltado-en-la-via-publica\/#article","isPartOf":{"@id":"https:\/\/mont-roig.cat\/es\/actualitat\/noticies\/nostreserveis-ejecuta-mas-de-una-docena-de-actuaciones-de-mejora-del-asfaltado-en-la-via-publica\/"},"author":{"name":"comunicacio","@id":"https:\/\/mont-roig.cat\/es\/#\/schema\/person\/1f73e7b5e6f9dd122e8a6f14f310ac5e"},"headline":"Nostreserveis ejecuta m\u00e1s de una docena de actuaciones de mejora del asfaltado en la v\u00eda p\u00fablica","datePublished":"2025-12-16T19:53:49+00:00","dateModified":"2025-12-16T20:02:17+00:00","mainEntityOfPage":{"@id":"https:\/\/mont-roig.cat\/es\/actualitat\/noticies\/nostreserveis-ejecuta-mas-de-una-docena-de-actuaciones-de-mejora-del-asfaltado-en-la-via-publica\/"},"wordCount":245,"image":{"@id":"https:\/\/mont-roig.cat\/es\/actualitat\/noticies\/nostreserveis-ejecuta-mas-de-una-docena-de-actuaciones-de-mejora-del-asfaltado-en-la-via-publica\/#primaryimage"},"thumbnailUrl":"https:\/\/mont-roig.cat\/wp-content\/uploads\/carrers4.png","articleSection":["Ayuntamiento","Nostreserveis"],"inLanguage":"es"},{"@type":"WebPage","@id":"https:\/\/mont-roig.cat\/es\/actualitat\/noticies\/nostreserveis-ejecuta-mas-de-una-docena-de-actuaciones-de-mejora-del-asfaltado-en-la-via-publica\/","url":"https:\/\/mont-roig.cat\/es\/actualitat\/noticies\/nostreserveis-ejecuta-mas-de-una-docena-de-actuaciones-de-mejora-del-asfaltado-en-la-via-publica\/","name":"Nostreserveis ejecuta m\u00e1s de una docena de actuaciones de mejora del asfaltado en la v\u00eda p\u00fablica - Ajuntament de Mont-roig del Camp","isPartOf":{"@id":"https:\/\/mont-roig.cat\/es\/#website"},"primaryImageOfPage":{"@id":"https:\/\/mont-roig.cat\/es\/actualitat\/noticies\/nostreserveis-ejecuta-mas-de-una-docena-de-actuaciones-de-mejora-del-asfaltado-en-la-via-publica\/#primaryimage"},"image":{"@id":"https:\/\/mont-roig.cat\/es\/actualitat\/noticies\/nostreserveis-ejecuta-mas-de-una-docena-de-actuaciones-de-mejora-del-asfaltado-en-la-via-publica\/#primaryimage"},"thumbnailUrl":"https:\/\/mont-roig.cat\/wp-content\/uploads\/carrers4.png","datePublished":"2025-12-16T19:53:49+00:00","dateModified":"2025-12-16T20:02:17+00:00","author":{"@id":"https:\/\/mont-roig.cat\/es\/#\/schema\/person\/1f73e7b5e6f9dd122e8a6f14f310ac5e"},"breadcrumb":{"@id":"https:\/\/mont-roig.cat\/es\/actualitat\/noticies\/nostreserveis-ejecuta-mas-de-una-docena-de-actuaciones-de-mejora-del-asfaltado-en-la-via-publica\/#breadcrumb"},"inLanguage":"es","potentialAction":[{"@type":"ReadAction","target":["https:\/\/mont-roig.cat\/es\/actualitat\/noticies\/nostreserveis-ejecuta-mas-de-una-docena-de-actuaciones-de-mejora-del-asfaltado-en-la-via-publica\/"]}]},{"@type":"ImageObject","inLanguage":"es","@id":"https:\/\/mont-roig.cat\/es\/actualitat\/noticies\/nostreserveis-ejecuta-mas-de-una-docena-de-actuaciones-de-mejora-del-asfaltado-en-la-via-publica\/#primaryimage","url":"https:\/\/mont-roig.cat\/wp-content\/uploads\/carrers4.png","contentUrl":"https:\/\/mont-roig.cat\/wp-content\/uploads\/carrers4.png","width":816,"height":614},{"@type":"BreadcrumbList","@id":"https:\/\/mont-roig.cat\/es\/actualitat\/noticies\/nostreserveis-ejecuta-mas-de-una-docena-de-actuaciones-de-mejora-del-asfaltado-en-la-via-publica\/#breadcrumb","itemListElement":[{"@type":"ListItem","position":1,"name":"Inici","item":"https:\/\/mont-roig.cat\/es\/pagina-de-inicio\/"},{"@type":"ListItem","position":2,"name":"Nostreserveis ejecuta m\u00e1s de una docena de actuaciones de mejora del asfaltado en la v\u00eda p\u00fablica"}]},{"@type":"WebSite","@id":"https:\/\/mont-roig.cat\/es\/#website","url":"https:\/\/mont-roig.cat\/es\/","name":"Ajuntament de Mont-roig del Camp","description":"Tota la informaci\u00f3 sobre la instituci\u00f3, els seus \u00f2rgans de govern, actualitat, serveis i molt m\u00e9s.","potentialAction":[{"@type":"SearchAction","target":{"@type":"EntryPoint","urlTemplate":"https:\/\/mont-roig.cat\/es\/?s={search_term_string}"},"query-input":{"@type":"PropertyValueSpecification","valueRequired":true,"valueName":"search_term_string"}}],"inLanguage":"es"},{"@type":"Person","@id":"https:\/\/mont-roig.cat\/es\/#\/schema\/person\/1f73e7b5e6f9dd122e8a6f14f310ac5e","name":"comunicacio","image":{"@type":"ImageObject","inLanguage":"es","@id":"https:\/\/secure.gravatar.com\/avatar\/98944333e7a877670a64f8d10f0cb680ab2c9ebc4efc43945ef004b52b5ad28c?s=96&d=mm&r=g","url":"https:\/\/secure.gravatar.com\/avatar\/98944333e7a877670a64f8d10f0cb680ab2c9ebc4efc43945ef004b52b5ad28c?s=96&d=mm&r=g","contentUrl":"https:\/\/secure.gravatar.com\/avatar\/98944333e7a877670a64f8d10f0cb680ab2c9ebc4efc43945ef004b52b5ad28c?s=96&d=mm&r=g","caption":"comunicacio"},"url":"https:\/\/mont-roig.cat\/es\/actualitat\/noticies\/author\/comunicacio\/"}]}},"_links":{"self":[{"href":"https:\/\/mont-roig.cat\/es\/wp-json\/wp\/v2\/posts\/87364","targetHints":{"allow":["GET"]}}],"collection":[{"href":"https:\/\/mont-roig.cat\/es\/wp-json\/wp\/v2\/posts"}],"about":[{"href":"https:\/\/mont-roig.cat\/es\/wp-json\/wp\/v2\/types\/post"}],"author":[{"embeddable":true,"href":"https:\/\/mont-roig.cat\/es\/wp-json\/wp\/v2\/users\/13"}],"replies":[{"embeddable":true,"href":"https:\/\/mont-roig.cat\/es\/wp-json\/wp\/v2\/comments?post=87364"}],"version-history":[{"count":2,"href":"https:\/\/mont-roig.cat\/es\/wp-json\/wp\/v2\/posts\/87364\/revisions"}],"predecessor-version":[{"id":87366,"href":"https:\/\/mont-roig.cat\/es\/wp-json\/wp\/v2\/posts\/87364\/revisions\/87366"}],"wp:featuredmedia":[{"embeddable":true,"href":"https:\/\/mont-roig.cat\/es\/wp-json\/wp\/v2\/media\/87358"}],"wp:attachment":[{"href":"https:\/\/mont-roig.cat\/es\/wp-json\/wp\/v2\/media?parent=87364"}],"wp:term":[{"taxonomy":"category","embeddable":true,"href":"https:\/\/mont-roig.cat\/es\/wp-json\/wp\/v2\/categories?post=87364"},{"taxonomy":"post_tag","embeddable":true,"href":"https:\/\/mont-roig.cat\/es\/wp-json\/wp\/v2\/tags?post=87364"}],"curies":[{"name":"wp","href":"https:\/\/api.w.org\/{rel}","templated":true}]}}