{"id":87503,"date":"2025-12-18T12:55:52","date_gmt":"2025-12-18T11:55:52","guid":{"rendered":"https:\/\/mont-roig.cat\/actualitat\/noticies\/mont-roig-del-camp-convoca-una-nova-edicio-dels-premis-literaris-vila-de-mont-roig\/"},"modified":"2025-12-18T13:46:38","modified_gmt":"2025-12-18T12:46:38","slug":"mont-roig-del-camp-convoca-una-nova-edicio-dels-premis-literaris-vila-de-mont-roig","status":"publish","type":"post","link":"https:\/\/mont-roig.cat\/es\/actualitat\/noticies\/mont-roig-del-camp-convoca-una-nova-edicio-dels-premis-literaris-vila-de-mont-roig\/","title":{"rendered":"Mont-roig del Camp convoca una nueva edici\u00f3n de los Premios Literarios Vila de Mont-roig"},"content":{"rendered":"<ul>\n<li><strong><a href=\"https:\/\/mont-roig.cat\/wp-content\/uploads\/MM_CULTURA_Premis_literaris_2025_web-scaled.png\" target=\"_blank\" rel=\"noopener\"><img loading=\"lazy\" decoding=\"async\" class=\"alignright wp-image-87481\" src=\"https:\/\/mont-roig.cat\/wp-content\/uploads\/MM_CULTURA_Premis_literaris_2025_web-353x500.png\" alt=\"\" width=\"252\" height=\"357\" srcset=\"https:\/\/mont-roig.cat\/wp-content\/uploads\/MM_CULTURA_Premis_literaris_2025_web-353x500.png 353w, https:\/\/mont-roig.cat\/wp-content\/uploads\/MM_CULTURA_Premis_literaris_2025_web-724x1024.png 724w, https:\/\/mont-roig.cat\/wp-content\/uploads\/MM_CULTURA_Premis_literaris_2025_web-768x1086.png 768w, https:\/\/mont-roig.cat\/wp-content\/uploads\/MM_CULTURA_Premis_literaris_2025_web-1086x1536.png 1086w, https:\/\/mont-roig.cat\/wp-content\/uploads\/MM_CULTURA_Premis_literaris_2025_web-scaled.png 1448w\" sizes=\"auto, (max-width: 252px) 100vw, 252px\" \/><\/a><\/strong><strong>El concurso abre inscripciones antes de Navidad, traslada la entrega a Sant Jordi y homenajea a Maria Moliner con la palabra clave de los microrrelatos.<\/strong><\/li>\n<\/ul>\n<p data-start=\"366\" data-end=\"727\">La principal novedad de esta edici\u00f3n es la apertura anticipada del plazo de presentaci\u00f3n de originales, que este a\u00f1o comenzar\u00e1 antes de las fiestas navide\u00f1as. El objetivo es animar especialmente a los m\u00e1s j\u00f3venes a participar aprovechando el tiempo libre de las vacaciones de Navidad e incentivar as\u00ed la creaci\u00f3n literaria entre el p\u00fablico infantil y juvenil.<\/p>\n<p data-start=\"729\" data-end=\"946\">Otra novedad destacada es que la entrega de premios se prev\u00e9 que tenga lugar en torno a la diada de Sant Jordi, reforzando el v\u00ednculo del concurso con una fecha emblem\u00e1tica para la cultura y la literatura catalanas.<\/p>\n<p data-start=\"948\" data-end=\"1319\">En el apartado del concurso de microrrelatos, que sigue siendo una de las categor\u00edas con mayor participaci\u00f3n, la palabra clave de este a\u00f1o ser\u00e1 \u201cdiccionario\u201d. Esta elecci\u00f3n pretende conmemorar los 125 a\u00f1os del nacimiento de Maria Moliner, destacada fil\u00f3loga y lexic\u00f3grafa, que verane\u00f3 en Mont-roig del Camp y que es una figura de referencia en la historia de la lengua.<\/p>\n<p data-start=\"1321\" data-end=\"1781\">En cuanto a las categor\u00edas, el concurso mantiene las mismas modalidades de las \u00faltimas ediciones. Las categor\u00edas cl\u00e1sicas incluyen la narrativa para adultos con el Premio Magdalena Guerrero, el Premio Miquel Ferr\u00e9 de poes\u00eda y el Premio de Investigaci\u00f3n Vila de Mont-roig, que abarca tanto trabajos de investigaci\u00f3n de bachillerato como estudios sobre el municipio desde cualquier \u00e1mbito: social, cultural, hist\u00f3rico, ambiental, econ\u00f3mico o de sostenibilidad.<\/p>\n<p data-start=\"1783\" data-end=\"2136\">Los premios infantiles y juveniles contin\u00faan dirigidos a alumnos de 3.\u00ba de primaria hasta 2.\u00ba de Bachillerato y Ciclos Formativos, con modalidades de narrativa breve y poes\u00eda. Tambi\u00e9n se mantiene la categor\u00eda de microrrelatos, tanto para adultos como para j\u00f3venes, que ha experimentado un notable crecimiento de participaci\u00f3n en las \u00faltimas ediciones.<\/p>\n<p data-start=\"2138\" data-end=\"2500\">Las bases completas del concurso, as\u00ed como los plazos y los requisitos de participaci\u00f3n, ya se pueden consultar en la misma web del Ayuntamiento en un d\u00edptico con toda la informaci\u00f3n. Para m\u00e1s informaci\u00f3n o aclaraciones, las personas interesadas pueden dirigirse al Departamento de Cultura del Ayuntamiento de Mont-roig del Camp al correo <a class=\"decorated-link cursor-pointer\" rel=\"noopener\" data-start=\"2477\" data-end=\"2498\">cultura@mont-roig.cat<\/a><\/p>\n<p data-start=\"2502\" data-end=\"2522\">Descarga las bases <a href=\"https:\/\/mont-roig.cat\/wp-content\/uploads\/MMC_diptic_Premis_literaris_25_web.pdf\" target=\"_blank\" rel=\"noopener\">en este enlace.<\/a><\/p>\n","protected":false},"excerpt":{"rendered":"<p>El concurso abre inscripciones antes de Navidad, traslada la entrega a Sant Jordi y homenajea a Maria Moliner con la palabra clave de los microrrelatos. La principal novedad de esta edici\u00f3n es la apertura anticipada del plazo de presentaci\u00f3n de originales, que este a\u00f1o comenzar\u00e1 antes de las fiestas navide\u00f1as. El objetivo es animar especialmente [&hellip;]<\/p>\n","protected":false},"author":13,"featured_media":87501,"comment_status":"closed","ping_status":"closed","sticky":false,"template":"","format":"standard","meta":{"inline_featured_image":false,"_monsterinsights_skip_tracking":false,"_monsterinsights_sitenote_active":false,"_monsterinsights_sitenote_note":"","_monsterinsights_sitenote_category":0,"footnotes":""},"categories":[98,101],"tags":[],"class_list":["post-87503","post","type-post","status-publish","format-standard","has-post-thumbnail","hentry","category-ayuntamiento","category-cultura-es"],"yoast_head":"<!-- This site is optimized with the Yoast SEO plugin v27.4 - https:\/\/yoast.com\/product\/yoast-seo-wordpress\/ -->\n<title>Mont-roig del Camp convoca una nueva edici\u00f3n de los Premios Literarios Vila de Mont-roig - Ajuntament de Mont-roig del Camp<\/title>\n<meta name=\"robots\" content=\"index, follow, max-snippet:-1, max-image-preview:large, max-video-preview:-1\" \/>\n<link rel=\"canonical\" href=\"https:\/\/mont-roig.cat\/es\/actualitat\/noticies\/mont-roig-del-camp-convoca-una-nova-edicio-dels-premis-literaris-vila-de-mont-roig\/\" \/>\n<meta property=\"og:locale\" content=\"es_ES\" \/>\n<meta property=\"og:type\" content=\"article\" \/>\n<meta property=\"og:title\" content=\"Mont-roig del Camp convoca una nueva edici\u00f3n de los Premios Literarios Vila de Mont-roig - Ajuntament de Mont-roig del Camp\" \/>\n<meta property=\"og:description\" content=\"El concurso abre inscripciones antes de Navidad, traslada la entrega a Sant Jordi y homenajea a Maria Moliner con la palabra clave de los microrrelatos. La principal novedad de esta edici\u00f3n es la apertura anticipada del plazo de presentaci\u00f3n de originales, que este a\u00f1o comenzar\u00e1 antes de las fiestas navide\u00f1as. El objetivo es animar especialmente [&hellip;]\" \/>\n<meta property=\"og:url\" content=\"https:\/\/mont-roig.cat\/es\/actualitat\/noticies\/mont-roig-del-camp-convoca-una-nova-edicio-dels-premis-literaris-vila-de-mont-roig\/\" \/>\n<meta property=\"og:site_name\" content=\"Ajuntament de Mont-roig del Camp\" \/>\n<meta property=\"article:published_time\" content=\"2025-12-18T11:55:52+00:00\" \/>\n<meta property=\"article:modified_time\" content=\"2025-12-18T12:46:38+00:00\" \/>\n<meta property=\"og:image\" content=\"https:\/\/mont-roig.cat\/wp-content\/uploads\/MM_CULTURA_Premis_literaris25_META.png\" \/>\n\t<meta property=\"og:image:width\" content=\"1200\" \/>\n\t<meta property=\"og:image:height\" content=\"630\" \/>\n\t<meta property=\"og:image:type\" content=\"image\/png\" \/>\n<meta name=\"author\" content=\"comunicacio\" \/>\n<meta name=\"twitter:card\" content=\"summary_large_image\" \/>\n<meta name=\"twitter:label1\" content=\"Escrito por\" \/>\n\t<meta name=\"twitter:data1\" content=\"comunicacio\" \/>\n\t<meta name=\"twitter:label2\" content=\"Tiempo de lectura\" \/>\n\t<meta name=\"twitter:data2\" content=\"3 minutos\" \/>\n<script type=\"application\/ld+json\" class=\"yoast-schema-graph\">{\"@context\":\"https:\\\/\\\/schema.org\",\"@graph\":[{\"@type\":\"Article\",\"@id\":\"https:\\\/\\\/mont-roig.cat\\\/es\\\/actualitat\\\/noticies\\\/mont-roig-del-camp-convoca-una-nova-edicio-dels-premis-literaris-vila-de-mont-roig\\\/#article\",\"isPartOf\":{\"@id\":\"https:\\\/\\\/mont-roig.cat\\\/es\\\/actualitat\\\/noticies\\\/mont-roig-del-camp-convoca-una-nova-edicio-dels-premis-literaris-vila-de-mont-roig\\\/\"},\"author\":{\"name\":\"comunicacio\",\"@id\":\"https:\\\/\\\/mont-roig.cat\\\/es\\\/#\\\/schema\\\/person\\\/1f73e7b5e6f9dd122e8a6f14f310ac5e\"},\"headline\":\"Mont-roig del Camp convoca una nueva edici\u00f3n de los Premios Literarios Vila de Mont-roig\",\"datePublished\":\"2025-12-18T11:55:52+00:00\",\"dateModified\":\"2025-12-18T12:46:38+00:00\",\"mainEntityOfPage\":{\"@id\":\"https:\\\/\\\/mont-roig.cat\\\/es\\\/actualitat\\\/noticies\\\/mont-roig-del-camp-convoca-una-nova-edicio-dels-premis-literaris-vila-de-mont-roig\\\/\"},\"wordCount\":408,\"image\":{\"@id\":\"https:\\\/\\\/mont-roig.cat\\\/es\\\/actualitat\\\/noticies\\\/mont-roig-del-camp-convoca-una-nova-edicio-dels-premis-literaris-vila-de-mont-roig\\\/#primaryimage\"},\"thumbnailUrl\":\"https:\\\/\\\/mont-roig.cat\\\/wp-content\\\/uploads\\\/MM_CULTURA_Premis_literaris25_META.png\",\"articleSection\":[\"Ayuntamiento\",\"Cultura\"],\"inLanguage\":\"es\"},{\"@type\":\"WebPage\",\"@id\":\"https:\\\/\\\/mont-roig.cat\\\/es\\\/actualitat\\\/noticies\\\/mont-roig-del-camp-convoca-una-nova-edicio-dels-premis-literaris-vila-de-mont-roig\\\/\",\"url\":\"https:\\\/\\\/mont-roig.cat\\\/es\\\/actualitat\\\/noticies\\\/mont-roig-del-camp-convoca-una-nova-edicio-dels-premis-literaris-vila-de-mont-roig\\\/\",\"name\":\"Mont-roig del Camp convoca una nueva edici\u00f3n de los Premios Literarios Vila de Mont-roig - Ajuntament de Mont-roig del Camp\",\"isPartOf\":{\"@id\":\"https:\\\/\\\/mont-roig.cat\\\/es\\\/#website\"},\"primaryImageOfPage\":{\"@id\":\"https:\\\/\\\/mont-roig.cat\\\/es\\\/actualitat\\\/noticies\\\/mont-roig-del-camp-convoca-una-nova-edicio-dels-premis-literaris-vila-de-mont-roig\\\/#primaryimage\"},\"image\":{\"@id\":\"https:\\\/\\\/mont-roig.cat\\\/es\\\/actualitat\\\/noticies\\\/mont-roig-del-camp-convoca-una-nova-edicio-dels-premis-literaris-vila-de-mont-roig\\\/#primaryimage\"},\"thumbnailUrl\":\"https:\\\/\\\/mont-roig.cat\\\/wp-content\\\/uploads\\\/MM_CULTURA_Premis_literaris25_META.png\",\"datePublished\":\"2025-12-18T11:55:52+00:00\",\"dateModified\":\"2025-12-18T12:46:38+00:00\",\"author\":{\"@id\":\"https:\\\/\\\/mont-roig.cat\\\/es\\\/#\\\/schema\\\/person\\\/1f73e7b5e6f9dd122e8a6f14f310ac5e\"},\"breadcrumb\":{\"@id\":\"https:\\\/\\\/mont-roig.cat\\\/es\\\/actualitat\\\/noticies\\\/mont-roig-del-camp-convoca-una-nova-edicio-dels-premis-literaris-vila-de-mont-roig\\\/#breadcrumb\"},\"inLanguage\":\"es\",\"potentialAction\":[{\"@type\":\"ReadAction\",\"target\":[\"https:\\\/\\\/mont-roig.cat\\\/es\\\/actualitat\\\/noticies\\\/mont-roig-del-camp-convoca-una-nova-edicio-dels-premis-literaris-vila-de-mont-roig\\\/\"]}]},{\"@type\":\"ImageObject\",\"inLanguage\":\"es\",\"@id\":\"https:\\\/\\\/mont-roig.cat\\\/es\\\/actualitat\\\/noticies\\\/mont-roig-del-camp-convoca-una-nova-edicio-dels-premis-literaris-vila-de-mont-roig\\\/#primaryimage\",\"url\":\"https:\\\/\\\/mont-roig.cat\\\/wp-content\\\/uploads\\\/MM_CULTURA_Premis_literaris25_META.png\",\"contentUrl\":\"https:\\\/\\\/mont-roig.cat\\\/wp-content\\\/uploads\\\/MM_CULTURA_Premis_literaris25_META.png\",\"width\":1200,\"height\":630},{\"@type\":\"BreadcrumbList\",\"@id\":\"https:\\\/\\\/mont-roig.cat\\\/es\\\/actualitat\\\/noticies\\\/mont-roig-del-camp-convoca-una-nova-edicio-dels-premis-literaris-vila-de-mont-roig\\\/#breadcrumb\",\"itemListElement\":[{\"@type\":\"ListItem\",\"position\":1,\"name\":\"Inici\",\"item\":\"https:\\\/\\\/mont-roig.cat\\\/es\\\/pagina-de-inicio\\\/\"},{\"@type\":\"ListItem\",\"position\":2,\"name\":\"Mont-roig del Camp convoca una nueva edici\u00f3n de los Premios Literarios Vila de Mont-roig\"}]},{\"@type\":\"WebSite\",\"@id\":\"https:\\\/\\\/mont-roig.cat\\\/es\\\/#website\",\"url\":\"https:\\\/\\\/mont-roig.cat\\\/es\\\/\",\"name\":\"Ajuntament de Mont-roig del Camp\",\"description\":\"Tota la informaci\u00f3 sobre la instituci\u00f3, els seus \u00f2rgans de govern, actualitat, serveis i molt m\u00e9s.\",\"potentialAction\":[{\"@type\":\"SearchAction\",\"target\":{\"@type\":\"EntryPoint\",\"urlTemplate\":\"https:\\\/\\\/mont-roig.cat\\\/es\\\/?s={search_term_string}\"},\"query-input\":{\"@type\":\"PropertyValueSpecification\",\"valueRequired\":true,\"valueName\":\"search_term_string\"}}],\"inLanguage\":\"es\"},{\"@type\":\"Person\",\"@id\":\"https:\\\/\\\/mont-roig.cat\\\/es\\\/#\\\/schema\\\/person\\\/1f73e7b5e6f9dd122e8a6f14f310ac5e\",\"name\":\"comunicacio\",\"image\":{\"@type\":\"ImageObject\",\"inLanguage\":\"es\",\"@id\":\"https:\\\/\\\/secure.gravatar.com\\\/avatar\\\/98944333e7a877670a64f8d10f0cb680ab2c9ebc4efc43945ef004b52b5ad28c?s=96&d=mm&r=g\",\"url\":\"https:\\\/\\\/secure.gravatar.com\\\/avatar\\\/98944333e7a877670a64f8d10f0cb680ab2c9ebc4efc43945ef004b52b5ad28c?s=96&d=mm&r=g\",\"contentUrl\":\"https:\\\/\\\/secure.gravatar.com\\\/avatar\\\/98944333e7a877670a64f8d10f0cb680ab2c9ebc4efc43945ef004b52b5ad28c?s=96&d=mm&r=g\",\"caption\":\"comunicacio\"},\"url\":\"https:\\\/\\\/mont-roig.cat\\\/es\\\/actualitat\\\/noticies\\\/author\\\/comunicacio\\\/\"}]}<\/script>\n<!-- \/ Yoast SEO plugin. -->","yoast_head_json":{"title":"Mont-roig del Camp convoca una nueva edici\u00f3n de los Premios Literarios Vila de Mont-roig - Ajuntament de Mont-roig del Camp","robots":{"index":"index","follow":"follow","max-snippet":"max-snippet:-1","max-image-preview":"max-image-preview:large","max-video-preview":"max-video-preview:-1"},"canonical":"https:\/\/mont-roig.cat\/es\/actualitat\/noticies\/mont-roig-del-camp-convoca-una-nova-edicio-dels-premis-literaris-vila-de-mont-roig\/","og_locale":"es_ES","og_type":"article","og_title":"Mont-roig del Camp convoca una nueva edici\u00f3n de los Premios Literarios Vila de Mont-roig - Ajuntament de Mont-roig del Camp","og_description":"El concurso abre inscripciones antes de Navidad, traslada la entrega a Sant Jordi y homenajea a Maria Moliner con la palabra clave de los microrrelatos. La principal novedad de esta edici\u00f3n es la apertura anticipada del plazo de presentaci\u00f3n de originales, que este a\u00f1o comenzar\u00e1 antes de las fiestas navide\u00f1as. El objetivo es animar especialmente [&hellip;]","og_url":"https:\/\/mont-roig.cat\/es\/actualitat\/noticies\/mont-roig-del-camp-convoca-una-nova-edicio-dels-premis-literaris-vila-de-mont-roig\/","og_site_name":"Ajuntament de Mont-roig del Camp","article_published_time":"2025-12-18T11:55:52+00:00","article_modified_time":"2025-12-18T12:46:38+00:00","og_image":[{"width":1200,"height":630,"url":"https:\/\/mont-roig.cat\/wp-content\/uploads\/MM_CULTURA_Premis_literaris25_META.png","type":"image\/png"}],"author":"comunicacio","twitter_card":"summary_large_image","twitter_misc":{"Escrito por":"comunicacio","Tiempo de lectura":"3 minutos"},"schema":{"@context":"https:\/\/schema.org","@graph":[{"@type":"Article","@id":"https:\/\/mont-roig.cat\/es\/actualitat\/noticies\/mont-roig-del-camp-convoca-una-nova-edicio-dels-premis-literaris-vila-de-mont-roig\/#article","isPartOf":{"@id":"https:\/\/mont-roig.cat\/es\/actualitat\/noticies\/mont-roig-del-camp-convoca-una-nova-edicio-dels-premis-literaris-vila-de-mont-roig\/"},"author":{"name":"comunicacio","@id":"https:\/\/mont-roig.cat\/es\/#\/schema\/person\/1f73e7b5e6f9dd122e8a6f14f310ac5e"},"headline":"Mont-roig del Camp convoca una nueva edici\u00f3n de los Premios Literarios Vila de Mont-roig","datePublished":"2025-12-18T11:55:52+00:00","dateModified":"2025-12-18T12:46:38+00:00","mainEntityOfPage":{"@id":"https:\/\/mont-roig.cat\/es\/actualitat\/noticies\/mont-roig-del-camp-convoca-una-nova-edicio-dels-premis-literaris-vila-de-mont-roig\/"},"wordCount":408,"image":{"@id":"https:\/\/mont-roig.cat\/es\/actualitat\/noticies\/mont-roig-del-camp-convoca-una-nova-edicio-dels-premis-literaris-vila-de-mont-roig\/#primaryimage"},"thumbnailUrl":"https:\/\/mont-roig.cat\/wp-content\/uploads\/MM_CULTURA_Premis_literaris25_META.png","articleSection":["Ayuntamiento","Cultura"],"inLanguage":"es"},{"@type":"WebPage","@id":"https:\/\/mont-roig.cat\/es\/actualitat\/noticies\/mont-roig-del-camp-convoca-una-nova-edicio-dels-premis-literaris-vila-de-mont-roig\/","url":"https:\/\/mont-roig.cat\/es\/actualitat\/noticies\/mont-roig-del-camp-convoca-una-nova-edicio-dels-premis-literaris-vila-de-mont-roig\/","name":"Mont-roig del Camp convoca una nueva edici\u00f3n de los Premios Literarios Vila de Mont-roig - Ajuntament de Mont-roig del Camp","isPartOf":{"@id":"https:\/\/mont-roig.cat\/es\/#website"},"primaryImageOfPage":{"@id":"https:\/\/mont-roig.cat\/es\/actualitat\/noticies\/mont-roig-del-camp-convoca-una-nova-edicio-dels-premis-literaris-vila-de-mont-roig\/#primaryimage"},"image":{"@id":"https:\/\/mont-roig.cat\/es\/actualitat\/noticies\/mont-roig-del-camp-convoca-una-nova-edicio-dels-premis-literaris-vila-de-mont-roig\/#primaryimage"},"thumbnailUrl":"https:\/\/mont-roig.cat\/wp-content\/uploads\/MM_CULTURA_Premis_literaris25_META.png","datePublished":"2025-12-18T11:55:52+00:00","dateModified":"2025-12-18T12:46:38+00:00","author":{"@id":"https:\/\/mont-roig.cat\/es\/#\/schema\/person\/1f73e7b5e6f9dd122e8a6f14f310ac5e"},"breadcrumb":{"@id":"https:\/\/mont-roig.cat\/es\/actualitat\/noticies\/mont-roig-del-camp-convoca-una-nova-edicio-dels-premis-literaris-vila-de-mont-roig\/#breadcrumb"},"inLanguage":"es","potentialAction":[{"@type":"ReadAction","target":["https:\/\/mont-roig.cat\/es\/actualitat\/noticies\/mont-roig-del-camp-convoca-una-nova-edicio-dels-premis-literaris-vila-de-mont-roig\/"]}]},{"@type":"ImageObject","inLanguage":"es","@id":"https:\/\/mont-roig.cat\/es\/actualitat\/noticies\/mont-roig-del-camp-convoca-una-nova-edicio-dels-premis-literaris-vila-de-mont-roig\/#primaryimage","url":"https:\/\/mont-roig.cat\/wp-content\/uploads\/MM_CULTURA_Premis_literaris25_META.png","contentUrl":"https:\/\/mont-roig.cat\/wp-content\/uploads\/MM_CULTURA_Premis_literaris25_META.png","width":1200,"height":630},{"@type":"BreadcrumbList","@id":"https:\/\/mont-roig.cat\/es\/actualitat\/noticies\/mont-roig-del-camp-convoca-una-nova-edicio-dels-premis-literaris-vila-de-mont-roig\/#breadcrumb","itemListElement":[{"@type":"ListItem","position":1,"name":"Inici","item":"https:\/\/mont-roig.cat\/es\/pagina-de-inicio\/"},{"@type":"ListItem","position":2,"name":"Mont-roig del Camp convoca una nueva edici\u00f3n de los Premios Literarios Vila de Mont-roig"}]},{"@type":"WebSite","@id":"https:\/\/mont-roig.cat\/es\/#website","url":"https:\/\/mont-roig.cat\/es\/","name":"Ajuntament de Mont-roig del Camp","description":"Tota la informaci\u00f3 sobre la instituci\u00f3, els seus \u00f2rgans de govern, actualitat, serveis i molt m\u00e9s.","potentialAction":[{"@type":"SearchAction","target":{"@type":"EntryPoint","urlTemplate":"https:\/\/mont-roig.cat\/es\/?s={search_term_string}"},"query-input":{"@type":"PropertyValueSpecification","valueRequired":true,"valueName":"search_term_string"}}],"inLanguage":"es"},{"@type":"Person","@id":"https:\/\/mont-roig.cat\/es\/#\/schema\/person\/1f73e7b5e6f9dd122e8a6f14f310ac5e","name":"comunicacio","image":{"@type":"ImageObject","inLanguage":"es","@id":"https:\/\/secure.gravatar.com\/avatar\/98944333e7a877670a64f8d10f0cb680ab2c9ebc4efc43945ef004b52b5ad28c?s=96&d=mm&r=g","url":"https:\/\/secure.gravatar.com\/avatar\/98944333e7a877670a64f8d10f0cb680ab2c9ebc4efc43945ef004b52b5ad28c?s=96&d=mm&r=g","contentUrl":"https:\/\/secure.gravatar.com\/avatar\/98944333e7a877670a64f8d10f0cb680ab2c9ebc4efc43945ef004b52b5ad28c?s=96&d=mm&r=g","caption":"comunicacio"},"url":"https:\/\/mont-roig.cat\/es\/actualitat\/noticies\/author\/comunicacio\/"}]}},"_links":{"self":[{"href":"https:\/\/mont-roig.cat\/es\/wp-json\/wp\/v2\/posts\/87503","targetHints":{"allow":["GET"]}}],"collection":[{"href":"https:\/\/mont-roig.cat\/es\/wp-json\/wp\/v2\/posts"}],"about":[{"href":"https:\/\/mont-roig.cat\/es\/wp-json\/wp\/v2\/types\/post"}],"author":[{"embeddable":true,"href":"https:\/\/mont-roig.cat\/es\/wp-json\/wp\/v2\/users\/13"}],"replies":[{"embeddable":true,"href":"https:\/\/mont-roig.cat\/es\/wp-json\/wp\/v2\/comments?post=87503"}],"version-history":[{"count":2,"href":"https:\/\/mont-roig.cat\/es\/wp-json\/wp\/v2\/posts\/87503\/revisions"}],"predecessor-version":[{"id":87513,"href":"https:\/\/mont-roig.cat\/es\/wp-json\/wp\/v2\/posts\/87503\/revisions\/87513"}],"wp:featuredmedia":[{"embeddable":true,"href":"https:\/\/mont-roig.cat\/es\/wp-json\/wp\/v2\/media\/87501"}],"wp:attachment":[{"href":"https:\/\/mont-roig.cat\/es\/wp-json\/wp\/v2\/media?parent=87503"}],"wp:term":[{"taxonomy":"category","embeddable":true,"href":"https:\/\/mont-roig.cat\/es\/wp-json\/wp\/v2\/categories?post=87503"},{"taxonomy":"post_tag","embeddable":true,"href":"https:\/\/mont-roig.cat\/es\/wp-json\/wp\/v2\/tags?post=87503"}],"curies":[{"name":"wp","href":"https:\/\/api.w.org\/{rel}","templated":true}]}}