{"id":87594,"date":"2025-12-19T15:00:38","date_gmt":"2025-12-19T14:00:38","guid":{"rendered":"https:\/\/mont-roig.cat\/actualitat\/noticies\/el-ple-de-lajuntament-de-mont-roig-del-camp-aprova-un-pressupost-municipal-de-2986-milions-deuros-per-al-2026\/"},"modified":"2025-12-19T15:28:05","modified_gmt":"2025-12-19T14:28:05","slug":"el-pleno-del-ajuntament-de-mont-roig-del-camp-aprueba-un-presupuesto-municipal-de-2986-millones-de-euros-para-2026","status":"publish","type":"post","link":"https:\/\/mont-roig.cat\/es\/actualitat\/noticies\/el-pleno-del-ajuntament-de-mont-roig-del-camp-aprueba-un-presupuesto-municipal-de-2986-millones-de-euros-para-2026\/","title":{"rendered":"El Pleno del Ajuntament de Mont-roig del Camp aprueba un presupuesto municipal de 29,86 millones de euros para 2026"},"content":{"rendered":"<div id=\"attachment_87587\" style=\"width: 315px\" class=\"wp-caption alignright\"><a href=\"https:\/\/mont-roig.cat\/wp-content\/uploads\/Votacio-pressupostos-2026.jpeg\" target=\"_blank\" rel=\"noopener\"><img loading=\"lazy\" decoding=\"async\" aria-describedby=\"caption-attachment-87587\" class=\"wp-image-87587\" src=\"https:\/\/mont-roig.cat\/wp-content\/uploads\/Votacio-pressupostos-2026-500x354.jpeg\" alt=\"\" width=\"305\" height=\"216\" srcset=\"https:\/\/mont-roig.cat\/wp-content\/uploads\/Votacio-pressupostos-2026-500x354.jpeg 500w, https:\/\/mont-roig.cat\/wp-content\/uploads\/Votacio-pressupostos-2026-1024x725.jpeg 1024w, https:\/\/mont-roig.cat\/wp-content\/uploads\/Votacio-pressupostos-2026-768x544.jpeg 768w, https:\/\/mont-roig.cat\/wp-content\/uploads\/Votacio-pressupostos-2026-1536x1088.jpeg 1536w, https:\/\/mont-roig.cat\/wp-content\/uploads\/Votacio-pressupostos-2026.jpeg 1826w\" sizes=\"auto, (max-width: 305px) 100vw, 305px\" \/><\/a><p id=\"caption-attachment-87587\" class=\"wp-caption-text\">Momento de la votaci\u00f3n de los presupuestos 2026.<\/p><\/div>\n<ul>\n<li data-start=\"428\" data-end=\"620\"><strong>Aprobado con el voto favorable del gobierno y el voto contrario de la oposici\u00f3n, prioriza la mejora de los servicios municipales y el apoyo a las pol\u00edticas sociales y econ\u00f3micas del municipio.<\/strong><\/li>\n<\/ul>\n<p data-start=\"622\" data-end=\"990\">El Pleno del Ajuntament de Mont-roig del Camp, celebrado este viernes 19 de diciembre, ha aprobado el presupuesto municipal para el a\u00f1o 2026, que asciende a 29.859.917,29 euros. La aprobaci\u00f3n se ha producido con el voto favorable del equip de govern (PSC-CP e IMM) y el voto contrario de los grupos de la oposici\u00f3n (Junts per Mont-roig del Camp, ERC-AM y Vox).<\/p>\n<p data-start=\"992\" data-end=\"1250\">Las cuentas municipales incluyen la actividad de Nostreserveis, que cuenta con un presupuesto de 8.436.092,86 euros. En cuanto al de Nostraigua, ser\u00e1 de 7.868.751,80 euros, reforzando su papel en la prestaci\u00f3n de servicios esenciales en el municipio.<\/p>\n<p data-start=\"1252\" data-end=\"1883\">El presupuesto 2026 prioriza la finalizaci\u00f3n y ejecuci\u00f3n de los proyectos ya iniciados, especialmente aquellos vinculados a la mejora del espacio p\u00fablico y de los equipamientos municipales. En materia de inversiones, el presupuesto prev\u00e9 una dotaci\u00f3n de 98.000 euros, destinada principalmente a actuaciones de mantenimiento, mejora de equipamientos municipales, renovaci\u00f3n de material e inversiones tecnol\u00f3gicas, seg\u00fan ha explicado el regidor d\u2019Hisenda, Jordi Alemany. El regidor ha a\u00f1adido que \u201cel presupuesto nace de una mirada realista, arraigada al territorio y teniendo en cuenta las necesidades actuales de la poblaci\u00f3n\u201d.<\/p>\n<p data-start=\"1885\" data-end=\"1917\"><strong>Las intervenciones del Pleno<\/strong><\/p>\n<p data-start=\"1919\" data-end=\"2342\">En su intervenci\u00f3n, el alcalde Fran Morancho ha recordado que el presupuesto ordinario de 2016 era de 18 millones de euros y que ahora estamos ante un presupuesto de 28 millones de euros, destacando este incremento de la \u00faltima d\u00e9cada, y ha subrayado que \u201clas inversiones que no contempla este presupuesto son las que se deben ejecutar y que ya formaban parte de los presupuestos de los a\u00f1os anteriores de 2024 y 2025\u201d.<\/p>\n<p data-start=\"2344\" data-end=\"2643\">En la explicaci\u00f3n del voto contrario, el grupo municipal de Junts, a trav\u00e9s de la regidora Anabel Garcia, ha argumentado que \u201ceste presupuesto se utiliza solo como un tr\u00e1mite que ya ma\u00f1ana mismo empezar\u00e1 a modificarse como ha pasado en a\u00f1os anteriores y por este motivo no le daremos apoyo\u201d.<\/p>\n<p data-start=\"2645\" data-end=\"2982\">Por su parte, el regidor del grupo municipal de ERC-AM, Manel Vilajosana, ha dicho que \u201ctenemos la sensaci\u00f3n de que cada a\u00f1o se aprueba una especie de carcasa decorativa y muy bien vestida, pero que despu\u00e9s visten durante el ejercicio seg\u00fan sus intereses y preferencias mediante m\u00faltiples y reiteradas modificaciones de cr\u00e9dito\u201d.<\/p>\n<p data-start=\"2984\" data-end=\"3335\">Por \u00faltimo, el regidor del grupo municipal de Vox, Miguel Jare\u00f1o, tambi\u00e9n ha votado en contra del proyecto de presupuestos porque considera que \u201cestamos ante un exceso estructural de recaudaci\u00f3n, que tiene dos soluciones: o se invierte mejor en el municipio, o se devuelve el dinero a los vecinos a trav\u00e9s de una reducci\u00f3n de la carga fiscal\u201d.<\/p>\n<p data-start=\"3337\" data-end=\"3377\"><strong>Los ejes principales del presupuesto<\/strong><\/p>\n<p data-start=\"3379\" data-end=\"3848\">En lo que respecta al gasto, el presupuesto destina 9.399.529,38 euros a gastos de personal, con el objetivo de garantizar el correcto funcionamiento de los servicios municipales e incorporar la financiaci\u00f3n de las plazas creadas durante el ejercicio anterior, as\u00ed como la actualizaci\u00f3n salarial prevista por la normativa estatal. Los gastos corrientes en bienes y servicios ascienden a 9.972.488,52 euros, asegurando la continuidad y calidad de los servicios p\u00fablicos.<\/p>\n<p data-start=\"3850\" data-end=\"4182\">El presupuesto tambi\u00e9n garantiza recursos para las pol\u00edticas sociales y de atenci\u00f3n a las personas, con dotaciones para servicios sociales, gent gran, joventut, educaci\u00f3n, salud p\u00fablica e igualdad, as\u00ed como para la seguridad ciudadana, la limpieza viaria, la recogida de residuos y el mantenimiento de los espacios p\u00fablicos.<\/p>\n<p data-start=\"4184\" data-end=\"4465\">En el \u00e1mbito de la sostenibilidad, el presupuesto incorpora actuaciones orientadas a la mejora del sistema de recogida y tratamiento de residuos, as\u00ed como el refuerzo de los servicios de recogida de voluminosos y restos vegetales a trav\u00e9s de la empresa municipal Nostreserveis.<\/p>\n<p data-start=\"4467\" data-end=\"4796\">Finalmente, el presupuesto 2026 mantiene el compromiso municipal con el desarrollo econ\u00f3mico y la diversificaci\u00f3n, el apoyo a la actividad tur\u00edstica y la consolidaci\u00f3n de los servicios p\u00fablicos, con el objetivo de dar respuesta a las necesidades actuales del municipio y garantizar una gesti\u00f3n eficiente de los recursos p\u00fablicos.<\/p>\n<p data-start=\"4798\" data-end=\"4906\"><a href=\"https:\/\/mont-roig.cat\/wp-content\/uploads\/MM_pressupostos2026_OK.pdf\" target=\"_blank\" rel=\"noopener\">Desc\u00e1rgate en este PDF las principales cifras del Presupuesto 2026 del Ajuntament de Mont-roig del Camp.<\/a><\/p>\n<p><iframe loading=\"lazy\" title=\"Ple extraordinari Ajuntament de Mont-roig del Camp_19_12_2025\" width=\"900\" height=\"506\" src=\"https:\/\/www.youtube.com\/embed\/PaGiNpijsks?feature=oembed\" frameborder=\"0\" allow=\"accelerometer; autoplay; clipboard-write; encrypted-media; gyroscope; picture-in-picture; web-share\" referrerpolicy=\"strict-origin-when-cross-origin\" allowfullscreen><\/iframe><\/p>\n<p>&nbsp;<\/p>\n","protected":false},"excerpt":{"rendered":"<p>Aprobado con el voto favorable del gobierno y el voto contrario de la oposici\u00f3n, prioriza la mejora de los servicios municipales y el apoyo a las pol\u00edticas sociales y econ\u00f3micas del municipio. El Pleno del Ajuntament de Mont-roig del Camp, celebrado este viernes 19 de diciembre, ha aprobado el presupuesto municipal para el a\u00f1o 2026, [&hellip;]<\/p>\n","protected":false},"author":13,"featured_media":0,"comment_status":"closed","ping_status":"closed","sticky":false,"template":"","format":"standard","meta":{"inline_featured_image":false,"_monsterinsights_skip_tracking":false,"_monsterinsights_sitenote_active":false,"_monsterinsights_sitenote_note":"","_monsterinsights_sitenote_category":0,"footnotes":""},"categories":[156,98,254],"tags":[],"class_list":["post-87594","post","type-post","status-publish","format-standard","hentry","category-alcalde-es","category-ayuntamiento","category-hisenda-es"],"yoast_head":"<!-- This site is optimized with the Yoast SEO plugin v27.4 - https:\/\/yoast.com\/product\/yoast-seo-wordpress\/ -->\n<title>El Pleno del Ajuntament de Mont-roig del Camp aprueba un presupuesto municipal de 29,86 millones de euros para 2026 - Ajuntament de Mont-roig del Camp<\/title>\n<meta name=\"robots\" content=\"index, follow, max-snippet:-1, max-image-preview:large, max-video-preview:-1\" \/>\n<link rel=\"canonical\" href=\"https:\/\/mont-roig.cat\/es\/actualitat\/noticies\/el-pleno-del-ajuntament-de-mont-roig-del-camp-aprueba-un-presupuesto-municipal-de-2986-millones-de-euros-para-2026\/\" \/>\n<meta property=\"og:locale\" content=\"es_ES\" \/>\n<meta property=\"og:type\" content=\"article\" \/>\n<meta property=\"og:title\" content=\"El Pleno del Ajuntament de Mont-roig del Camp aprueba un presupuesto municipal de 29,86 millones de euros para 2026 - Ajuntament de Mont-roig del Camp\" \/>\n<meta property=\"og:description\" content=\"Aprobado con el voto favorable del gobierno y el voto contrario de la oposici\u00f3n, prioriza la mejora de los servicios municipales y el apoyo a las pol\u00edticas sociales y econ\u00f3micas del municipio. El Pleno del Ajuntament de Mont-roig del Camp, celebrado este viernes 19 de diciembre, ha aprobado el presupuesto municipal para el a\u00f1o 2026, [&hellip;]\" \/>\n<meta property=\"og:url\" content=\"https:\/\/mont-roig.cat\/es\/actualitat\/noticies\/el-pleno-del-ajuntament-de-mont-roig-del-camp-aprueba-un-presupuesto-municipal-de-2986-millones-de-euros-para-2026\/\" \/>\n<meta property=\"og:site_name\" content=\"Ajuntament de Mont-roig del Camp\" \/>\n<meta property=\"article:published_time\" content=\"2025-12-19T14:00:38+00:00\" \/>\n<meta property=\"article:modified_time\" content=\"2025-12-19T14:28:05+00:00\" \/>\n<meta property=\"og:image\" content=\"https:\/\/mont-roig.cat\/wp-content\/uploads\/Votacio-pressupostos-2026.jpeg\" \/>\n\t<meta property=\"og:image:width\" content=\"1826\" \/>\n\t<meta property=\"og:image:height\" content=\"1293\" \/>\n\t<meta property=\"og:image:type\" content=\"image\/jpeg\" \/>\n<meta name=\"author\" content=\"comunicacio\" \/>\n<meta name=\"twitter:card\" content=\"summary_large_image\" \/>\n<meta name=\"twitter:label1\" content=\"Escrito por\" \/>\n\t<meta name=\"twitter:data1\" content=\"comunicacio\" \/>\n\t<meta name=\"twitter:label2\" content=\"Tiempo de lectura\" \/>\n\t<meta name=\"twitter:data2\" content=\"5 minutos\" \/>\n<script type=\"application\/ld+json\" class=\"yoast-schema-graph\">{\"@context\":\"https:\\\/\\\/schema.org\",\"@graph\":[{\"@type\":\"Article\",\"@id\":\"https:\\\/\\\/mont-roig.cat\\\/es\\\/actualitat\\\/noticies\\\/el-pleno-del-ajuntament-de-mont-roig-del-camp-aprueba-un-presupuesto-municipal-de-2986-millones-de-euros-para-2026\\\/#article\",\"isPartOf\":{\"@id\":\"https:\\\/\\\/mont-roig.cat\\\/es\\\/actualitat\\\/noticies\\\/el-pleno-del-ajuntament-de-mont-roig-del-camp-aprueba-un-presupuesto-municipal-de-2986-millones-de-euros-para-2026\\\/\"},\"author\":{\"name\":\"comunicacio\",\"@id\":\"https:\\\/\\\/mont-roig.cat\\\/es\\\/#\\\/schema\\\/person\\\/1f73e7b5e6f9dd122e8a6f14f310ac5e\"},\"headline\":\"El Pleno del Ajuntament de Mont-roig del Camp aprueba un presupuesto municipal de 29,86 millones de euros para 2026\",\"datePublished\":\"2025-12-19T14:00:38+00:00\",\"dateModified\":\"2025-12-19T14:28:05+00:00\",\"mainEntityOfPage\":{\"@id\":\"https:\\\/\\\/mont-roig.cat\\\/es\\\/actualitat\\\/noticies\\\/el-pleno-del-ajuntament-de-mont-roig-del-camp-aprueba-un-presupuesto-municipal-de-2986-millones-de-euros-para-2026\\\/\"},\"wordCount\":764,\"image\":{\"@id\":\"https:\\\/\\\/mont-roig.cat\\\/es\\\/actualitat\\\/noticies\\\/el-pleno-del-ajuntament-de-mont-roig-del-camp-aprueba-un-presupuesto-municipal-de-2986-millones-de-euros-para-2026\\\/#primaryimage\"},\"thumbnailUrl\":\"https:\\\/\\\/mont-roig.cat\\\/wp-content\\\/uploads\\\/Votacio-pressupostos-2026-500x354.jpeg\",\"articleSection\":[\"Alcalde\",\"Ayuntamiento\",\"Hisenda\"],\"inLanguage\":\"es\"},{\"@type\":\"WebPage\",\"@id\":\"https:\\\/\\\/mont-roig.cat\\\/es\\\/actualitat\\\/noticies\\\/el-pleno-del-ajuntament-de-mont-roig-del-camp-aprueba-un-presupuesto-municipal-de-2986-millones-de-euros-para-2026\\\/\",\"url\":\"https:\\\/\\\/mont-roig.cat\\\/es\\\/actualitat\\\/noticies\\\/el-pleno-del-ajuntament-de-mont-roig-del-camp-aprueba-un-presupuesto-municipal-de-2986-millones-de-euros-para-2026\\\/\",\"name\":\"El Pleno del Ajuntament de Mont-roig del Camp aprueba un presupuesto municipal de 29,86 millones de euros para 2026 - Ajuntament de Mont-roig del Camp\",\"isPartOf\":{\"@id\":\"https:\\\/\\\/mont-roig.cat\\\/es\\\/#website\"},\"primaryImageOfPage\":{\"@id\":\"https:\\\/\\\/mont-roig.cat\\\/es\\\/actualitat\\\/noticies\\\/el-pleno-del-ajuntament-de-mont-roig-del-camp-aprueba-un-presupuesto-municipal-de-2986-millones-de-euros-para-2026\\\/#primaryimage\"},\"image\":{\"@id\":\"https:\\\/\\\/mont-roig.cat\\\/es\\\/actualitat\\\/noticies\\\/el-pleno-del-ajuntament-de-mont-roig-del-camp-aprueba-un-presupuesto-municipal-de-2986-millones-de-euros-para-2026\\\/#primaryimage\"},\"thumbnailUrl\":\"https:\\\/\\\/mont-roig.cat\\\/wp-content\\\/uploads\\\/Votacio-pressupostos-2026-500x354.jpeg\",\"datePublished\":\"2025-12-19T14:00:38+00:00\",\"dateModified\":\"2025-12-19T14:28:05+00:00\",\"author\":{\"@id\":\"https:\\\/\\\/mont-roig.cat\\\/es\\\/#\\\/schema\\\/person\\\/1f73e7b5e6f9dd122e8a6f14f310ac5e\"},\"breadcrumb\":{\"@id\":\"https:\\\/\\\/mont-roig.cat\\\/es\\\/actualitat\\\/noticies\\\/el-pleno-del-ajuntament-de-mont-roig-del-camp-aprueba-un-presupuesto-municipal-de-2986-millones-de-euros-para-2026\\\/#breadcrumb\"},\"inLanguage\":\"es\",\"potentialAction\":[{\"@type\":\"ReadAction\",\"target\":[\"https:\\\/\\\/mont-roig.cat\\\/es\\\/actualitat\\\/noticies\\\/el-pleno-del-ajuntament-de-mont-roig-del-camp-aprueba-un-presupuesto-municipal-de-2986-millones-de-euros-para-2026\\\/\"]}]},{\"@type\":\"ImageObject\",\"inLanguage\":\"es\",\"@id\":\"https:\\\/\\\/mont-roig.cat\\\/es\\\/actualitat\\\/noticies\\\/el-pleno-del-ajuntament-de-mont-roig-del-camp-aprueba-un-presupuesto-municipal-de-2986-millones-de-euros-para-2026\\\/#primaryimage\",\"url\":\"https:\\\/\\\/mont-roig.cat\\\/wp-content\\\/uploads\\\/Votacio-pressupostos-2026-500x354.jpeg\",\"contentUrl\":\"https:\\\/\\\/mont-roig.cat\\\/wp-content\\\/uploads\\\/Votacio-pressupostos-2026-500x354.jpeg\"},{\"@type\":\"BreadcrumbList\",\"@id\":\"https:\\\/\\\/mont-roig.cat\\\/es\\\/actualitat\\\/noticies\\\/el-pleno-del-ajuntament-de-mont-roig-del-camp-aprueba-un-presupuesto-municipal-de-2986-millones-de-euros-para-2026\\\/#breadcrumb\",\"itemListElement\":[{\"@type\":\"ListItem\",\"position\":1,\"name\":\"Inici\",\"item\":\"https:\\\/\\\/mont-roig.cat\\\/es\\\/pagina-de-inicio\\\/\"},{\"@type\":\"ListItem\",\"position\":2,\"name\":\"El Pleno del Ajuntament de Mont-roig del Camp aprueba un presupuesto municipal de 29,86 millones de euros para 2026\"}]},{\"@type\":\"WebSite\",\"@id\":\"https:\\\/\\\/mont-roig.cat\\\/es\\\/#website\",\"url\":\"https:\\\/\\\/mont-roig.cat\\\/es\\\/\",\"name\":\"Ajuntament de Mont-roig del Camp\",\"description\":\"Tota la informaci\u00f3 sobre la instituci\u00f3, els seus \u00f2rgans de govern, actualitat, serveis i molt m\u00e9s.\",\"potentialAction\":[{\"@type\":\"SearchAction\",\"target\":{\"@type\":\"EntryPoint\",\"urlTemplate\":\"https:\\\/\\\/mont-roig.cat\\\/es\\\/?s={search_term_string}\"},\"query-input\":{\"@type\":\"PropertyValueSpecification\",\"valueRequired\":true,\"valueName\":\"search_term_string\"}}],\"inLanguage\":\"es\"},{\"@type\":\"Person\",\"@id\":\"https:\\\/\\\/mont-roig.cat\\\/es\\\/#\\\/schema\\\/person\\\/1f73e7b5e6f9dd122e8a6f14f310ac5e\",\"name\":\"comunicacio\",\"image\":{\"@type\":\"ImageObject\",\"inLanguage\":\"es\",\"@id\":\"https:\\\/\\\/secure.gravatar.com\\\/avatar\\\/98944333e7a877670a64f8d10f0cb680ab2c9ebc4efc43945ef004b52b5ad28c?s=96&d=mm&r=g\",\"url\":\"https:\\\/\\\/secure.gravatar.com\\\/avatar\\\/98944333e7a877670a64f8d10f0cb680ab2c9ebc4efc43945ef004b52b5ad28c?s=96&d=mm&r=g\",\"contentUrl\":\"https:\\\/\\\/secure.gravatar.com\\\/avatar\\\/98944333e7a877670a64f8d10f0cb680ab2c9ebc4efc43945ef004b52b5ad28c?s=96&d=mm&r=g\",\"caption\":\"comunicacio\"},\"url\":\"https:\\\/\\\/mont-roig.cat\\\/es\\\/actualitat\\\/noticies\\\/author\\\/comunicacio\\\/\"}]}<\/script>\n<!-- \/ Yoast SEO plugin. -->","yoast_head_json":{"title":"El Pleno del Ajuntament de Mont-roig del Camp aprueba un presupuesto municipal de 29,86 millones de euros para 2026 - Ajuntament de Mont-roig del Camp","robots":{"index":"index","follow":"follow","max-snippet":"max-snippet:-1","max-image-preview":"max-image-preview:large","max-video-preview":"max-video-preview:-1"},"canonical":"https:\/\/mont-roig.cat\/es\/actualitat\/noticies\/el-pleno-del-ajuntament-de-mont-roig-del-camp-aprueba-un-presupuesto-municipal-de-2986-millones-de-euros-para-2026\/","og_locale":"es_ES","og_type":"article","og_title":"El Pleno del Ajuntament de Mont-roig del Camp aprueba un presupuesto municipal de 29,86 millones de euros para 2026 - Ajuntament de Mont-roig del Camp","og_description":"Aprobado con el voto favorable del gobierno y el voto contrario de la oposici\u00f3n, prioriza la mejora de los servicios municipales y el apoyo a las pol\u00edticas sociales y econ\u00f3micas del municipio. El Pleno del Ajuntament de Mont-roig del Camp, celebrado este viernes 19 de diciembre, ha aprobado el presupuesto municipal para el a\u00f1o 2026, [&hellip;]","og_url":"https:\/\/mont-roig.cat\/es\/actualitat\/noticies\/el-pleno-del-ajuntament-de-mont-roig-del-camp-aprueba-un-presupuesto-municipal-de-2986-millones-de-euros-para-2026\/","og_site_name":"Ajuntament de Mont-roig del Camp","article_published_time":"2025-12-19T14:00:38+00:00","article_modified_time":"2025-12-19T14:28:05+00:00","og_image":[{"width":1826,"height":1293,"url":"https:\/\/mont-roig.cat\/wp-content\/uploads\/Votacio-pressupostos-2026.jpeg","type":"image\/jpeg"}],"author":"comunicacio","twitter_card":"summary_large_image","twitter_misc":{"Escrito por":"comunicacio","Tiempo de lectura":"5 minutos"},"schema":{"@context":"https:\/\/schema.org","@graph":[{"@type":"Article","@id":"https:\/\/mont-roig.cat\/es\/actualitat\/noticies\/el-pleno-del-ajuntament-de-mont-roig-del-camp-aprueba-un-presupuesto-municipal-de-2986-millones-de-euros-para-2026\/#article","isPartOf":{"@id":"https:\/\/mont-roig.cat\/es\/actualitat\/noticies\/el-pleno-del-ajuntament-de-mont-roig-del-camp-aprueba-un-presupuesto-municipal-de-2986-millones-de-euros-para-2026\/"},"author":{"name":"comunicacio","@id":"https:\/\/mont-roig.cat\/es\/#\/schema\/person\/1f73e7b5e6f9dd122e8a6f14f310ac5e"},"headline":"El Pleno del Ajuntament de Mont-roig del Camp aprueba un presupuesto municipal de 29,86 millones de euros para 2026","datePublished":"2025-12-19T14:00:38+00:00","dateModified":"2025-12-19T14:28:05+00:00","mainEntityOfPage":{"@id":"https:\/\/mont-roig.cat\/es\/actualitat\/noticies\/el-pleno-del-ajuntament-de-mont-roig-del-camp-aprueba-un-presupuesto-municipal-de-2986-millones-de-euros-para-2026\/"},"wordCount":764,"image":{"@id":"https:\/\/mont-roig.cat\/es\/actualitat\/noticies\/el-pleno-del-ajuntament-de-mont-roig-del-camp-aprueba-un-presupuesto-municipal-de-2986-millones-de-euros-para-2026\/#primaryimage"},"thumbnailUrl":"https:\/\/mont-roig.cat\/wp-content\/uploads\/Votacio-pressupostos-2026-500x354.jpeg","articleSection":["Alcalde","Ayuntamiento","Hisenda"],"inLanguage":"es"},{"@type":"WebPage","@id":"https:\/\/mont-roig.cat\/es\/actualitat\/noticies\/el-pleno-del-ajuntament-de-mont-roig-del-camp-aprueba-un-presupuesto-municipal-de-2986-millones-de-euros-para-2026\/","url":"https:\/\/mont-roig.cat\/es\/actualitat\/noticies\/el-pleno-del-ajuntament-de-mont-roig-del-camp-aprueba-un-presupuesto-municipal-de-2986-millones-de-euros-para-2026\/","name":"El Pleno del Ajuntament de Mont-roig del Camp aprueba un presupuesto municipal de 29,86 millones de euros para 2026 - Ajuntament de Mont-roig del Camp","isPartOf":{"@id":"https:\/\/mont-roig.cat\/es\/#website"},"primaryImageOfPage":{"@id":"https:\/\/mont-roig.cat\/es\/actualitat\/noticies\/el-pleno-del-ajuntament-de-mont-roig-del-camp-aprueba-un-presupuesto-municipal-de-2986-millones-de-euros-para-2026\/#primaryimage"},"image":{"@id":"https:\/\/mont-roig.cat\/es\/actualitat\/noticies\/el-pleno-del-ajuntament-de-mont-roig-del-camp-aprueba-un-presupuesto-municipal-de-2986-millones-de-euros-para-2026\/#primaryimage"},"thumbnailUrl":"https:\/\/mont-roig.cat\/wp-content\/uploads\/Votacio-pressupostos-2026-500x354.jpeg","datePublished":"2025-12-19T14:00:38+00:00","dateModified":"2025-12-19T14:28:05+00:00","author":{"@id":"https:\/\/mont-roig.cat\/es\/#\/schema\/person\/1f73e7b5e6f9dd122e8a6f14f310ac5e"},"breadcrumb":{"@id":"https:\/\/mont-roig.cat\/es\/actualitat\/noticies\/el-pleno-del-ajuntament-de-mont-roig-del-camp-aprueba-un-presupuesto-municipal-de-2986-millones-de-euros-para-2026\/#breadcrumb"},"inLanguage":"es","potentialAction":[{"@type":"ReadAction","target":["https:\/\/mont-roig.cat\/es\/actualitat\/noticies\/el-pleno-del-ajuntament-de-mont-roig-del-camp-aprueba-un-presupuesto-municipal-de-2986-millones-de-euros-para-2026\/"]}]},{"@type":"ImageObject","inLanguage":"es","@id":"https:\/\/mont-roig.cat\/es\/actualitat\/noticies\/el-pleno-del-ajuntament-de-mont-roig-del-camp-aprueba-un-presupuesto-municipal-de-2986-millones-de-euros-para-2026\/#primaryimage","url":"https:\/\/mont-roig.cat\/wp-content\/uploads\/Votacio-pressupostos-2026-500x354.jpeg","contentUrl":"https:\/\/mont-roig.cat\/wp-content\/uploads\/Votacio-pressupostos-2026-500x354.jpeg"},{"@type":"BreadcrumbList","@id":"https:\/\/mont-roig.cat\/es\/actualitat\/noticies\/el-pleno-del-ajuntament-de-mont-roig-del-camp-aprueba-un-presupuesto-municipal-de-2986-millones-de-euros-para-2026\/#breadcrumb","itemListElement":[{"@type":"ListItem","position":1,"name":"Inici","item":"https:\/\/mont-roig.cat\/es\/pagina-de-inicio\/"},{"@type":"ListItem","position":2,"name":"El Pleno del Ajuntament de Mont-roig del Camp aprueba un presupuesto municipal de 29,86 millones de euros para 2026"}]},{"@type":"WebSite","@id":"https:\/\/mont-roig.cat\/es\/#website","url":"https:\/\/mont-roig.cat\/es\/","name":"Ajuntament de Mont-roig del Camp","description":"Tota la informaci\u00f3 sobre la instituci\u00f3, els seus \u00f2rgans de govern, actualitat, serveis i molt m\u00e9s.","potentialAction":[{"@type":"SearchAction","target":{"@type":"EntryPoint","urlTemplate":"https:\/\/mont-roig.cat\/es\/?s={search_term_string}"},"query-input":{"@type":"PropertyValueSpecification","valueRequired":true,"valueName":"search_term_string"}}],"inLanguage":"es"},{"@type":"Person","@id":"https:\/\/mont-roig.cat\/es\/#\/schema\/person\/1f73e7b5e6f9dd122e8a6f14f310ac5e","name":"comunicacio","image":{"@type":"ImageObject","inLanguage":"es","@id":"https:\/\/secure.gravatar.com\/avatar\/98944333e7a877670a64f8d10f0cb680ab2c9ebc4efc43945ef004b52b5ad28c?s=96&d=mm&r=g","url":"https:\/\/secure.gravatar.com\/avatar\/98944333e7a877670a64f8d10f0cb680ab2c9ebc4efc43945ef004b52b5ad28c?s=96&d=mm&r=g","contentUrl":"https:\/\/secure.gravatar.com\/avatar\/98944333e7a877670a64f8d10f0cb680ab2c9ebc4efc43945ef004b52b5ad28c?s=96&d=mm&r=g","caption":"comunicacio"},"url":"https:\/\/mont-roig.cat\/es\/actualitat\/noticies\/author\/comunicacio\/"}]}},"_links":{"self":[{"href":"https:\/\/mont-roig.cat\/es\/wp-json\/wp\/v2\/posts\/87594","targetHints":{"allow":["GET"]}}],"collection":[{"href":"https:\/\/mont-roig.cat\/es\/wp-json\/wp\/v2\/posts"}],"about":[{"href":"https:\/\/mont-roig.cat\/es\/wp-json\/wp\/v2\/types\/post"}],"author":[{"embeddable":true,"href":"https:\/\/mont-roig.cat\/es\/wp-json\/wp\/v2\/users\/13"}],"replies":[{"embeddable":true,"href":"https:\/\/mont-roig.cat\/es\/wp-json\/wp\/v2\/comments?post=87594"}],"version-history":[{"count":3,"href":"https:\/\/mont-roig.cat\/es\/wp-json\/wp\/v2\/posts\/87594\/revisions"}],"predecessor-version":[{"id":87599,"href":"https:\/\/mont-roig.cat\/es\/wp-json\/wp\/v2\/posts\/87594\/revisions\/87599"}],"wp:attachment":[{"href":"https:\/\/mont-roig.cat\/es\/wp-json\/wp\/v2\/media?parent=87594"}],"wp:term":[{"taxonomy":"category","embeddable":true,"href":"https:\/\/mont-roig.cat\/es\/wp-json\/wp\/v2\/categories?post=87594"},{"taxonomy":"post_tag","embeddable":true,"href":"https:\/\/mont-roig.cat\/es\/wp-json\/wp\/v2\/tags?post=87594"}],"curies":[{"name":"wp","href":"https:\/\/api.w.org\/{rel}","templated":true}]}}