{"id":87622,"date":"2025-12-22T14:17:55","date_gmt":"2025-12-22T13:17:55","guid":{"rendered":"https:\/\/mont-roig.cat\/?p=87622"},"modified":"2025-12-22T14:24:49","modified_gmt":"2025-12-22T13:24:49","slug":"un-mural-con-los-pies-en-el-suelo-y-la-memoria-bien-viva","status":"publish","type":"post","link":"https:\/\/mont-roig.cat\/es\/actualitat\/noticies\/un-mural-con-los-pies-en-el-suelo-y-la-memoria-bien-viva\/","title":{"rendered":"Un mural con los pies en el suelo y la memoria bien viva"},"content":{"rendered":"<div class=\"flex max-w-full flex-col grow\">\n<div class=\"min-h-8 text-message relative flex w-full flex-col items-end gap-2 text-start break-words whitespace-normal [.text-message+&amp;]:mt-1\" dir=\"auto\" data-message-author-role=\"assistant\" data-message-id=\"eecebe6c-7f65-4ecd-a20a-532583c1fc4d\" data-message-model-slug=\"gpt-5-2\">\n<div class=\"flex w-full flex-col gap-1 empty:hidden first:pt-[1px]\">\n<div class=\"markdown prose dark:prose-invert w-full break-words light markdown-new-styling\">\n<p><strong><strong><a href=\"https:\/\/mont-roig.cat\/wp-content\/uploads\/mural-5.jpeg\" target=\"_blank\" rel=\"noopener\"><img loading=\"lazy\" decoding=\"async\" class=\"alignright wp-image-87623\" src=\"https:\/\/mont-roig.cat\/wp-content\/uploads\/mural-5-500x375.jpeg\" alt=\"\" width=\"299\" height=\"224\" srcset=\"https:\/\/mont-roig.cat\/wp-content\/uploads\/mural-5-500x375.jpeg 500w, https:\/\/mont-roig.cat\/wp-content\/uploads\/mural-5-1024x768.jpeg 1024w, https:\/\/mont-roig.cat\/wp-content\/uploads\/mural-5-768x576.jpeg 768w, https:\/\/mont-roig.cat\/wp-content\/uploads\/mural-5-1536x1152.jpeg 1536w, https:\/\/mont-roig.cat\/wp-content\/uploads\/mural-5-463x348.jpeg 463w, https:\/\/mont-roig.cat\/wp-content\/uploads\/mural-5.jpeg 2000w\" sizes=\"auto, (max-width: 299px) 100vw, 299px\" \/><\/a><\/strong><\/strong><\/p>\n<ul>\n<li data-start=\"153\" data-end=\"307\"><strong>Un homenaje a la mujer campesina toma forma en la fachada del aparcamiento del Marquesito.<\/strong><\/li>\n<\/ul>\n<p data-start=\"309\" data-end=\"725\">Hoy se ha dado por finalizado el nuevo mural que ya luce en la fachada del aparcamiento del Marquesito, justo al lado de la Casa de Cultura de Mont-roig del Camp. El espacio no se ha escogido al azar: una gran pared sin aberturas, situada en un punto neur\u00e1lgico del municipio, junto a la Casa de Cultura y el antiguo Ayuntamiento de Mont-roig, la convert\u00edan en un escaparate ideal para una obra de estas dimensiones.<\/p>\n<p data-start=\"727\" data-end=\"1012\">La iniciativa, impulsada por el Ayuntamiento de Mont-roig del Camp y Nostreserveis, quiere rendir homenaje a la mujer trabajadora y, muy especialmente, a la mujer campesina, a menudo invisibilizada pese a haber sido un pilar fundamental de la econom\u00eda familiar y de la vida del pueblo.<\/p>\n<p data-start=\"1014\" data-end=\"1313\">El mural lleva por lema <em data-start=\"1038\" data-end=\"1065\">Amb els peus a la terra<\/em>, una expresi\u00f3n que juega con un doble significado: por un lado, el trabajo f\u00edsico en el campo y, por otro, el sentido com\u00fan y la constancia que tantas mujeres han aportado a lo largo de generaciones. Un mensaje sencillo pero cargado de simbolismo.<\/p>\n<p data-start=\"1315\" data-end=\"1836\">La imagen representa un paisaje agr\u00edcola de hace algunas generaciones, extra\u00eddo de una fotograf\u00eda tomada entre el barranc del Ratol\u00ed y la riera de Riudecanyes. Al fondo, se reconocen claramente la Mola de Colldejou, el castell d\u2019Escornalbou y la ermita de la Mare de D\u00e9u de la Roca, con el pueblo de Mont-roig del Camp a sus pies. En primer plano, una mujer mayor concentra todas las miradas, con unas arrugas que explican toda una vida de trabajo bajo el sol y el fr\u00edo. Detr\u00e1s, dos mujeres m\u00e1s contin\u00faan con las tareas del campo.<\/p>\n<p data-start=\"1838\" data-end=\"2007\">La pintura ha ido a cargo del artista Uri KTHR, natural de l\u2019Ametlla de Mar, que con su estilo realista ha sabido dotar a la obra de fuerza, sensibilidad y autenticidad.<\/p>\n<p data-start=\"2009\" data-end=\"2232\">Este mural no es solo una intervenci\u00f3n art\u00edstica; es un recordatorio visual de qui\u00e9nes somos, de d\u00f3nde venimos y del papel imprescindible que han tenido \u2014y tienen\u2014 las mujeres del campo en la historia de Mont-roig del Camp.<\/p>\n\n\t\t<!-- MasterSlider -->\n\t\t<div id=\"P_MS69f2e9f0d95e1\" class=\"master-slider-parent master-slider-gallery   ms-parent-id-0\"  >\n\n\t\t\t\n\t\t\t<!-- MasterSlider Main -->\n\t\t\t<div id=\"MS69f2e9f0d95e1\" class=\"master-slider ms-skin-default\" >\n\t\t\t\t \t\t\t\t \n\t\t\t<div  class=\"ms-slide\" data-delay=\"3\"    >\n\t\t\t\t\t<img decoding=\"async\" src=\"https:\/\/mont-roig.cat\/wp-content\/plugins\/masterslider\/public\/assets\/css\/blank.gif\" alt=\"mural 6\" title=\"mural 6\" data-src=\"https:\/\/mont-roig.cat\/wp-content\/uploadsArray\" \/>\n\t<a href=\"http:\/\/Array\" target=\"_self\"    >mural 6<\/a>\n\n\t\t\t\t\t<div class=\"ms-info\">mural 6<\/div>\n\n\n\t<img decoding=\"async\" class=\"ms-thumb\" src=\"https:\/\/mont-roig.cat\/wp-content\/uploadsArray\" alt=\"mural 6\" \/>\n\t\t\t\t<\/div>\n\t\t\t<div  class=\"ms-slide\" data-delay=\"3\"    >\n\t\t\t\t\t<img decoding=\"async\" src=\"https:\/\/mont-roig.cat\/wp-content\/plugins\/masterslider\/public\/assets\/css\/blank.gif\" alt=\"mural\" title=\"mural\" data-src=\"https:\/\/mont-roig.cat\/wp-content\/uploadsArray\" \/>\n\t<a href=\"http:\/\/Array\" target=\"_self\"    >mural<\/a>\n\n\t\t\t\t\t<div class=\"ms-info\">mural<\/div>\n\n\n\t<img decoding=\"async\" class=\"ms-thumb\" src=\"https:\/\/mont-roig.cat\/wp-content\/uploadsArray\" alt=\"mural\" \/>\n\t\t\t\t<\/div>\n\t\t\t<div  class=\"ms-slide\" data-delay=\"3\"    >\n\t\t\t\t\t<img decoding=\"async\" src=\"https:\/\/mont-roig.cat\/wp-content\/plugins\/masterslider\/public\/assets\/css\/blank.gif\" alt=\"mural4\" title=\"mural4\" data-src=\"https:\/\/mont-roig.cat\/wp-content\/uploadsArray\" \/>\n\t<a href=\"http:\/\/Array\" target=\"_self\"    >mural4<\/a>\n\n\t\t\t\t\t<div class=\"ms-info\">mural4<\/div>\n\n\n\t<img decoding=\"async\" class=\"ms-thumb\" src=\"https:\/\/mont-roig.cat\/wp-content\/uploadsArray\" alt=\"mural4\" \/>\n\t\t\t\t<\/div>\n\t\t\t<div  class=\"ms-slide\" data-delay=\"3\"    >\n\t\t\t\t\t<img decoding=\"async\" src=\"https:\/\/mont-roig.cat\/wp-content\/plugins\/masterslider\/public\/assets\/css\/blank.gif\" alt=\"mural2\" title=\"mural2\" data-src=\"https:\/\/mont-roig.cat\/wp-content\/uploadsArray\" \/>\n\t<a href=\"http:\/\/Array\" target=\"_self\"    >mural2<\/a>\n\n\t\t\t\t\t<div class=\"ms-info\">mural2<\/div>\n\n\n\t<img decoding=\"async\" class=\"ms-thumb\" src=\"https:\/\/mont-roig.cat\/wp-content\/uploadsArray\" alt=\"mural2\" \/>\n\t\t\t\t<\/div>\n\t\t\t<div  class=\"ms-slide\" data-delay=\"3\"    >\n\t\t\t\t\t<img decoding=\"async\" src=\"https:\/\/mont-roig.cat\/wp-content\/plugins\/masterslider\/public\/assets\/css\/blank.gif\" alt=\"mural3\" title=\"mural3\" data-src=\"https:\/\/mont-roig.cat\/wp-content\/uploadsArray\" \/>\n\t<a href=\"http:\/\/Array\" target=\"_self\"    >mural3<\/a>\n\n\t\t\t\t\t<div class=\"ms-info\">mural3<\/div>\n\n\n\t<img decoding=\"async\" class=\"ms-thumb\" src=\"https:\/\/mont-roig.cat\/wp-content\/uploadsArray\" alt=\"mural3\" \/>\n\t\t\t\t<\/div>\n\n\t\t\t<\/div>\n\t\t\t<!-- END MasterSlider Main -->\n\n\t\t\t \n\t\t<\/div>\n\t\t<!-- END MasterSlider -->\n\n\t\t<script>\n\t\t( window.MSReady = window.MSReady || [] ).push( function( $ ) {\n\n\t\t\t\"use strict\";\n\t\t\tvar masterslider_95e1 = new MasterSlider();\n\n\t\t\t\/\/ slider controls\n\t\t\tmasterslider_95e1.control('arrows'     ,{ autohide:true, overVideo:true  });\n\t\t\tmasterslider_95e1.control('thumblist'  ,{ autohide:false, overVideo:true, dir:'h', speed:17, inset:false, arrows:false, hover:false, customClass:'', align:'bottom',type:'thumbs', margin:2, width:140, height:80, space:2, fillMode:'fill'  });\n\t\t\tmasterslider_95e1.control('slideinfo'  ,{ autohide:true, overVideo:true, dir:'h', align:'bottom',inset:true , margin:80  , size:30 });\n\t\t\t\/\/ slider setup\n\t\t\tmasterslider_95e1.setup(\"MS69f2e9f0d95e1\", {\n\t\t\t\twidth           : 960,\n\t\t\t\theight          : 540,\n\t\t\t\tminHeight       : 0,\n\t\t\t\tspace           : 0,\n\t\t\t\tstart           : 1,\n\t\t\t\tgrabCursor      : true,\n\t\t\t\tswipe           : true,\n\t\t\t\tmouse           : true,\n\t\t\t\tkeyboard        : false,\n\t\t\t\tlayout          : \"fillwidth\",\n\t\t\t\twheel           : false,\n\t\t\t\tautoplay        : false,\n                instantStartLayers:false,\n\t\t\t\tmobileBGVideo:false,\n\t\t\t\tloop            : false,\n\t\t\t\tshuffle         : false,\n\t\t\t\tpreload         : 3,\n\t\t\t\theightLimit     : false,\n\t\t\t\tautoHeight      : false,\n\t\t\t\tsmoothHeight    : true,\n\t\t\t\tendPause        : false,\n\t\t\t\toverPause       : false,\n\t\t\t\tfillMode        : \"fill\",\n\t\t\t\tcenterControls  : true,\n\t\t\t\tstartOnAppear   : false,\n\t\t\t\tlayersMode      : \"center\",\n\t\t\t\tautofillTarget  : \"\",\n\t\t\t\thideLayers      : false,\n\t\t\t\tfullscreenMargin: 0,\n\t\t\t\tspeed           : 17,\n\t\t\t\tdir             : \"h\",\n\t\t\t\tparallaxMode    : 'swipe',\n\t\t\t\tview            : \"basic\"\n\t\t\t});\n\n\t\t\t\n\t\t\twindow.masterslider_instances = window.masterslider_instances || [];\n\t\t\twindow.masterslider_instances.push( masterslider_95e1 );\n\t\t});\n\t\t<\/script>\n\n\n<\/div>\n<\/div>\n<\/div>\n<\/div>\n<div class=\"z-0 flex min-h-[46px] justify-start\"><\/div>\n<div class=\"mt-3 w-full empty:hidden\">\n<div class=\"text-center\">\n<div>\n<div class=\"inline-flex border border-gray-100 dark:border-gray-700 rounded-xl\">\n<div class=\"text-token-text-secondary flex items-center justify-center gap-4 px-4 py-2.5 text-sm whitespace-nowrap\"><\/div>\n<\/div>\n<\/div>\n<\/div>\n<\/div>\n","protected":false},"excerpt":{"rendered":"<p>Un homenaje a la mujer campesina toma forma en la fachada del aparcamiento del Marquesito. Hoy se ha dado por finalizado el nuevo mural que ya luce en la fachada del aparcamiento del Marquesito, justo al lado de la Casa de Cultura de Mont-roig del Camp. El espacio no se ha escogido al azar: una [&hellip;]<\/p>\n","protected":false},"author":13,"featured_media":87623,"comment_status":"closed","ping_status":"closed","sticky":false,"template":"","format":"standard","meta":{"inline_featured_image":false,"_monsterinsights_skip_tracking":false,"_monsterinsights_sitenote_active":false,"_monsterinsights_sitenote_note":"","_monsterinsights_sitenote_category":0,"footnotes":""},"categories":[156,203],"tags":[],"class_list":["post-87622","post","type-post","status-publish","format-standard","has-post-thumbnail","hentry","category-alcalde-es","category-nostraigua-es"],"yoast_head":"<!-- This site is optimized with the Yoast SEO plugin v27.4 - https:\/\/yoast.com\/product\/yoast-seo-wordpress\/ -->\n<title>Un mural con los pies en el suelo y la memoria bien viva - Ajuntament de Mont-roig del Camp<\/title>\n<meta name=\"robots\" content=\"index, follow, max-snippet:-1, max-image-preview:large, max-video-preview:-1\" \/>\n<link rel=\"canonical\" href=\"https:\/\/mont-roig.cat\/es\/actualitat\/noticies\/un-mural-con-los-pies-en-el-suelo-y-la-memoria-bien-viva\/\" \/>\n<meta property=\"og:locale\" content=\"es_ES\" \/>\n<meta property=\"og:type\" content=\"article\" \/>\n<meta property=\"og:title\" content=\"Un mural con los pies en el suelo y la memoria bien viva - Ajuntament de Mont-roig del Camp\" \/>\n<meta property=\"og:description\" content=\"Un homenaje a la mujer campesina toma forma en la fachada del aparcamiento del Marquesito. Hoy se ha dado por finalizado el nuevo mural que ya luce en la fachada del aparcamiento del Marquesito, justo al lado de la Casa de Cultura de Mont-roig del Camp. El espacio no se ha escogido al azar: una [&hellip;]\" \/>\n<meta property=\"og:url\" content=\"https:\/\/mont-roig.cat\/es\/actualitat\/noticies\/un-mural-con-los-pies-en-el-suelo-y-la-memoria-bien-viva\/\" \/>\n<meta property=\"og:site_name\" content=\"Ajuntament de Mont-roig del Camp\" \/>\n<meta property=\"article:published_time\" content=\"2025-12-22T13:17:55+00:00\" \/>\n<meta property=\"article:modified_time\" content=\"2025-12-22T13:24:49+00:00\" \/>\n<meta property=\"og:image\" content=\"https:\/\/mont-roig.cat\/wp-content\/uploads\/mural-5.jpeg\" \/>\n\t<meta property=\"og:image:width\" content=\"2000\" \/>\n\t<meta property=\"og:image:height\" content=\"1500\" \/>\n\t<meta property=\"og:image:type\" content=\"image\/jpeg\" \/>\n<meta name=\"author\" content=\"comunicacio\" \/>\n<meta name=\"twitter:card\" content=\"summary_large_image\" \/>\n<meta name=\"twitter:label1\" content=\"Escrito por\" \/>\n\t<meta name=\"twitter:data1\" content=\"comunicacio\" \/>\n\t<meta name=\"twitter:label2\" content=\"Tiempo de lectura\" \/>\n\t<meta name=\"twitter:data2\" content=\"3 minutos\" \/>\n<script type=\"application\/ld+json\" class=\"yoast-schema-graph\">{\"@context\":\"https:\\\/\\\/schema.org\",\"@graph\":[{\"@type\":\"Article\",\"@id\":\"https:\\\/\\\/mont-roig.cat\\\/es\\\/actualitat\\\/noticies\\\/un-mural-con-los-pies-en-el-suelo-y-la-memoria-bien-viva\\\/#article\",\"isPartOf\":{\"@id\":\"https:\\\/\\\/mont-roig.cat\\\/es\\\/actualitat\\\/noticies\\\/un-mural-con-los-pies-en-el-suelo-y-la-memoria-bien-viva\\\/\"},\"author\":{\"name\":\"comunicacio\",\"@id\":\"https:\\\/\\\/mont-roig.cat\\\/es\\\/#\\\/schema\\\/person\\\/1f73e7b5e6f9dd122e8a6f14f310ac5e\"},\"headline\":\"Un mural con los pies en el suelo y la memoria bien viva\",\"datePublished\":\"2025-12-22T13:17:55+00:00\",\"dateModified\":\"2025-12-22T13:24:49+00:00\",\"mainEntityOfPage\":{\"@id\":\"https:\\\/\\\/mont-roig.cat\\\/es\\\/actualitat\\\/noticies\\\/un-mural-con-los-pies-en-el-suelo-y-la-memoria-bien-viva\\\/\"},\"wordCount\":396,\"image\":{\"@id\":\"https:\\\/\\\/mont-roig.cat\\\/es\\\/actualitat\\\/noticies\\\/un-mural-con-los-pies-en-el-suelo-y-la-memoria-bien-viva\\\/#primaryimage\"},\"thumbnailUrl\":\"https:\\\/\\\/mont-roig.cat\\\/wp-content\\\/uploads\\\/mural-5.jpeg\",\"articleSection\":[\"Alcalde\",\"Nostraigua\"],\"inLanguage\":\"es\"},{\"@type\":\"WebPage\",\"@id\":\"https:\\\/\\\/mont-roig.cat\\\/es\\\/actualitat\\\/noticies\\\/un-mural-con-los-pies-en-el-suelo-y-la-memoria-bien-viva\\\/\",\"url\":\"https:\\\/\\\/mont-roig.cat\\\/es\\\/actualitat\\\/noticies\\\/un-mural-con-los-pies-en-el-suelo-y-la-memoria-bien-viva\\\/\",\"name\":\"Un mural con los pies en el suelo y la memoria bien viva - Ajuntament de Mont-roig del Camp\",\"isPartOf\":{\"@id\":\"https:\\\/\\\/mont-roig.cat\\\/es\\\/#website\"},\"primaryImageOfPage\":{\"@id\":\"https:\\\/\\\/mont-roig.cat\\\/es\\\/actualitat\\\/noticies\\\/un-mural-con-los-pies-en-el-suelo-y-la-memoria-bien-viva\\\/#primaryimage\"},\"image\":{\"@id\":\"https:\\\/\\\/mont-roig.cat\\\/es\\\/actualitat\\\/noticies\\\/un-mural-con-los-pies-en-el-suelo-y-la-memoria-bien-viva\\\/#primaryimage\"},\"thumbnailUrl\":\"https:\\\/\\\/mont-roig.cat\\\/wp-content\\\/uploads\\\/mural-5.jpeg\",\"datePublished\":\"2025-12-22T13:17:55+00:00\",\"dateModified\":\"2025-12-22T13:24:49+00:00\",\"author\":{\"@id\":\"https:\\\/\\\/mont-roig.cat\\\/es\\\/#\\\/schema\\\/person\\\/1f73e7b5e6f9dd122e8a6f14f310ac5e\"},\"breadcrumb\":{\"@id\":\"https:\\\/\\\/mont-roig.cat\\\/es\\\/actualitat\\\/noticies\\\/un-mural-con-los-pies-en-el-suelo-y-la-memoria-bien-viva\\\/#breadcrumb\"},\"inLanguage\":\"es\",\"potentialAction\":[{\"@type\":\"ReadAction\",\"target\":[\"https:\\\/\\\/mont-roig.cat\\\/es\\\/actualitat\\\/noticies\\\/un-mural-con-los-pies-en-el-suelo-y-la-memoria-bien-viva\\\/\"]}]},{\"@type\":\"ImageObject\",\"inLanguage\":\"es\",\"@id\":\"https:\\\/\\\/mont-roig.cat\\\/es\\\/actualitat\\\/noticies\\\/un-mural-con-los-pies-en-el-suelo-y-la-memoria-bien-viva\\\/#primaryimage\",\"url\":\"https:\\\/\\\/mont-roig.cat\\\/wp-content\\\/uploads\\\/mural-5.jpeg\",\"contentUrl\":\"https:\\\/\\\/mont-roig.cat\\\/wp-content\\\/uploads\\\/mural-5.jpeg\",\"width\":2000,\"height\":1500},{\"@type\":\"BreadcrumbList\",\"@id\":\"https:\\\/\\\/mont-roig.cat\\\/es\\\/actualitat\\\/noticies\\\/un-mural-con-los-pies-en-el-suelo-y-la-memoria-bien-viva\\\/#breadcrumb\",\"itemListElement\":[{\"@type\":\"ListItem\",\"position\":1,\"name\":\"Inici\",\"item\":\"https:\\\/\\\/mont-roig.cat\\\/es\\\/pagina-de-inicio\\\/\"},{\"@type\":\"ListItem\",\"position\":2,\"name\":\"Un mural con los pies en el suelo y la memoria bien viva\"}]},{\"@type\":\"WebSite\",\"@id\":\"https:\\\/\\\/mont-roig.cat\\\/es\\\/#website\",\"url\":\"https:\\\/\\\/mont-roig.cat\\\/es\\\/\",\"name\":\"Ajuntament de Mont-roig del Camp\",\"description\":\"Tota la informaci\u00f3 sobre la instituci\u00f3, els seus \u00f2rgans de govern, actualitat, serveis i molt m\u00e9s.\",\"potentialAction\":[{\"@type\":\"SearchAction\",\"target\":{\"@type\":\"EntryPoint\",\"urlTemplate\":\"https:\\\/\\\/mont-roig.cat\\\/es\\\/?s={search_term_string}\"},\"query-input\":{\"@type\":\"PropertyValueSpecification\",\"valueRequired\":true,\"valueName\":\"search_term_string\"}}],\"inLanguage\":\"es\"},{\"@type\":\"Person\",\"@id\":\"https:\\\/\\\/mont-roig.cat\\\/es\\\/#\\\/schema\\\/person\\\/1f73e7b5e6f9dd122e8a6f14f310ac5e\",\"name\":\"comunicacio\",\"image\":{\"@type\":\"ImageObject\",\"inLanguage\":\"es\",\"@id\":\"https:\\\/\\\/secure.gravatar.com\\\/avatar\\\/98944333e7a877670a64f8d10f0cb680ab2c9ebc4efc43945ef004b52b5ad28c?s=96&d=mm&r=g\",\"url\":\"https:\\\/\\\/secure.gravatar.com\\\/avatar\\\/98944333e7a877670a64f8d10f0cb680ab2c9ebc4efc43945ef004b52b5ad28c?s=96&d=mm&r=g\",\"contentUrl\":\"https:\\\/\\\/secure.gravatar.com\\\/avatar\\\/98944333e7a877670a64f8d10f0cb680ab2c9ebc4efc43945ef004b52b5ad28c?s=96&d=mm&r=g\",\"caption\":\"comunicacio\"},\"url\":\"https:\\\/\\\/mont-roig.cat\\\/es\\\/actualitat\\\/noticies\\\/author\\\/comunicacio\\\/\"}]}<\/script>\n<!-- \/ Yoast SEO plugin. -->","yoast_head_json":{"title":"Un mural con los pies en el suelo y la memoria bien viva - Ajuntament de Mont-roig del Camp","robots":{"index":"index","follow":"follow","max-snippet":"max-snippet:-1","max-image-preview":"max-image-preview:large","max-video-preview":"max-video-preview:-1"},"canonical":"https:\/\/mont-roig.cat\/es\/actualitat\/noticies\/un-mural-con-los-pies-en-el-suelo-y-la-memoria-bien-viva\/","og_locale":"es_ES","og_type":"article","og_title":"Un mural con los pies en el suelo y la memoria bien viva - Ajuntament de Mont-roig del Camp","og_description":"Un homenaje a la mujer campesina toma forma en la fachada del aparcamiento del Marquesito. Hoy se ha dado por finalizado el nuevo mural que ya luce en la fachada del aparcamiento del Marquesito, justo al lado de la Casa de Cultura de Mont-roig del Camp. El espacio no se ha escogido al azar: una [&hellip;]","og_url":"https:\/\/mont-roig.cat\/es\/actualitat\/noticies\/un-mural-con-los-pies-en-el-suelo-y-la-memoria-bien-viva\/","og_site_name":"Ajuntament de Mont-roig del Camp","article_published_time":"2025-12-22T13:17:55+00:00","article_modified_time":"2025-12-22T13:24:49+00:00","og_image":[{"width":2000,"height":1500,"url":"https:\/\/mont-roig.cat\/wp-content\/uploads\/mural-5.jpeg","type":"image\/jpeg"}],"author":"comunicacio","twitter_card":"summary_large_image","twitter_misc":{"Escrito por":"comunicacio","Tiempo de lectura":"3 minutos"},"schema":{"@context":"https:\/\/schema.org","@graph":[{"@type":"Article","@id":"https:\/\/mont-roig.cat\/es\/actualitat\/noticies\/un-mural-con-los-pies-en-el-suelo-y-la-memoria-bien-viva\/#article","isPartOf":{"@id":"https:\/\/mont-roig.cat\/es\/actualitat\/noticies\/un-mural-con-los-pies-en-el-suelo-y-la-memoria-bien-viva\/"},"author":{"name":"comunicacio","@id":"https:\/\/mont-roig.cat\/es\/#\/schema\/person\/1f73e7b5e6f9dd122e8a6f14f310ac5e"},"headline":"Un mural con los pies en el suelo y la memoria bien viva","datePublished":"2025-12-22T13:17:55+00:00","dateModified":"2025-12-22T13:24:49+00:00","mainEntityOfPage":{"@id":"https:\/\/mont-roig.cat\/es\/actualitat\/noticies\/un-mural-con-los-pies-en-el-suelo-y-la-memoria-bien-viva\/"},"wordCount":396,"image":{"@id":"https:\/\/mont-roig.cat\/es\/actualitat\/noticies\/un-mural-con-los-pies-en-el-suelo-y-la-memoria-bien-viva\/#primaryimage"},"thumbnailUrl":"https:\/\/mont-roig.cat\/wp-content\/uploads\/mural-5.jpeg","articleSection":["Alcalde","Nostraigua"],"inLanguage":"es"},{"@type":"WebPage","@id":"https:\/\/mont-roig.cat\/es\/actualitat\/noticies\/un-mural-con-los-pies-en-el-suelo-y-la-memoria-bien-viva\/","url":"https:\/\/mont-roig.cat\/es\/actualitat\/noticies\/un-mural-con-los-pies-en-el-suelo-y-la-memoria-bien-viva\/","name":"Un mural con los pies en el suelo y la memoria bien viva - Ajuntament de Mont-roig del Camp","isPartOf":{"@id":"https:\/\/mont-roig.cat\/es\/#website"},"primaryImageOfPage":{"@id":"https:\/\/mont-roig.cat\/es\/actualitat\/noticies\/un-mural-con-los-pies-en-el-suelo-y-la-memoria-bien-viva\/#primaryimage"},"image":{"@id":"https:\/\/mont-roig.cat\/es\/actualitat\/noticies\/un-mural-con-los-pies-en-el-suelo-y-la-memoria-bien-viva\/#primaryimage"},"thumbnailUrl":"https:\/\/mont-roig.cat\/wp-content\/uploads\/mural-5.jpeg","datePublished":"2025-12-22T13:17:55+00:00","dateModified":"2025-12-22T13:24:49+00:00","author":{"@id":"https:\/\/mont-roig.cat\/es\/#\/schema\/person\/1f73e7b5e6f9dd122e8a6f14f310ac5e"},"breadcrumb":{"@id":"https:\/\/mont-roig.cat\/es\/actualitat\/noticies\/un-mural-con-los-pies-en-el-suelo-y-la-memoria-bien-viva\/#breadcrumb"},"inLanguage":"es","potentialAction":[{"@type":"ReadAction","target":["https:\/\/mont-roig.cat\/es\/actualitat\/noticies\/un-mural-con-los-pies-en-el-suelo-y-la-memoria-bien-viva\/"]}]},{"@type":"ImageObject","inLanguage":"es","@id":"https:\/\/mont-roig.cat\/es\/actualitat\/noticies\/un-mural-con-los-pies-en-el-suelo-y-la-memoria-bien-viva\/#primaryimage","url":"https:\/\/mont-roig.cat\/wp-content\/uploads\/mural-5.jpeg","contentUrl":"https:\/\/mont-roig.cat\/wp-content\/uploads\/mural-5.jpeg","width":2000,"height":1500},{"@type":"BreadcrumbList","@id":"https:\/\/mont-roig.cat\/es\/actualitat\/noticies\/un-mural-con-los-pies-en-el-suelo-y-la-memoria-bien-viva\/#breadcrumb","itemListElement":[{"@type":"ListItem","position":1,"name":"Inici","item":"https:\/\/mont-roig.cat\/es\/pagina-de-inicio\/"},{"@type":"ListItem","position":2,"name":"Un mural con los pies en el suelo y la memoria bien viva"}]},{"@type":"WebSite","@id":"https:\/\/mont-roig.cat\/es\/#website","url":"https:\/\/mont-roig.cat\/es\/","name":"Ajuntament de Mont-roig del Camp","description":"Tota la informaci\u00f3 sobre la instituci\u00f3, els seus \u00f2rgans de govern, actualitat, serveis i molt m\u00e9s.","potentialAction":[{"@type":"SearchAction","target":{"@type":"EntryPoint","urlTemplate":"https:\/\/mont-roig.cat\/es\/?s={search_term_string}"},"query-input":{"@type":"PropertyValueSpecification","valueRequired":true,"valueName":"search_term_string"}}],"inLanguage":"es"},{"@type":"Person","@id":"https:\/\/mont-roig.cat\/es\/#\/schema\/person\/1f73e7b5e6f9dd122e8a6f14f310ac5e","name":"comunicacio","image":{"@type":"ImageObject","inLanguage":"es","@id":"https:\/\/secure.gravatar.com\/avatar\/98944333e7a877670a64f8d10f0cb680ab2c9ebc4efc43945ef004b52b5ad28c?s=96&d=mm&r=g","url":"https:\/\/secure.gravatar.com\/avatar\/98944333e7a877670a64f8d10f0cb680ab2c9ebc4efc43945ef004b52b5ad28c?s=96&d=mm&r=g","contentUrl":"https:\/\/secure.gravatar.com\/avatar\/98944333e7a877670a64f8d10f0cb680ab2c9ebc4efc43945ef004b52b5ad28c?s=96&d=mm&r=g","caption":"comunicacio"},"url":"https:\/\/mont-roig.cat\/es\/actualitat\/noticies\/author\/comunicacio\/"}]}},"_links":{"self":[{"href":"https:\/\/mont-roig.cat\/es\/wp-json\/wp\/v2\/posts\/87622","targetHints":{"allow":["GET"]}}],"collection":[{"href":"https:\/\/mont-roig.cat\/es\/wp-json\/wp\/v2\/posts"}],"about":[{"href":"https:\/\/mont-roig.cat\/es\/wp-json\/wp\/v2\/types\/post"}],"author":[{"embeddable":true,"href":"https:\/\/mont-roig.cat\/es\/wp-json\/wp\/v2\/users\/13"}],"replies":[{"embeddable":true,"href":"https:\/\/mont-roig.cat\/es\/wp-json\/wp\/v2\/comments?post=87622"}],"version-history":[{"count":4,"href":"https:\/\/mont-roig.cat\/es\/wp-json\/wp\/v2\/posts\/87622\/revisions"}],"predecessor-version":[{"id":87641,"href":"https:\/\/mont-roig.cat\/es\/wp-json\/wp\/v2\/posts\/87622\/revisions\/87641"}],"wp:featuredmedia":[{"embeddable":true,"href":"https:\/\/mont-roig.cat\/es\/wp-json\/wp\/v2\/media\/87623"}],"wp:attachment":[{"href":"https:\/\/mont-roig.cat\/es\/wp-json\/wp\/v2\/media?parent=87622"}],"wp:term":[{"taxonomy":"category","embeddable":true,"href":"https:\/\/mont-roig.cat\/es\/wp-json\/wp\/v2\/categories?post=87622"},{"taxonomy":"post_tag","embeddable":true,"href":"https:\/\/mont-roig.cat\/es\/wp-json\/wp\/v2\/tags?post=87622"}],"curies":[{"name":"wp","href":"https:\/\/api.w.org\/{rel}","templated":true}]}}